
{"id":100126,"date":"2022-10-27T17:09:42","date_gmt":"2022-10-27T15:09:42","guid":{"rendered":"https:\/\/ibecbarcelona.eu\/on-international-open-access-week-ibec-is-launching-its-virtual-open-science-space\/"},"modified":"2022-12-15T16:09:45","modified_gmt":"2022-12-15T15:09:45","slug":"on-international-open-access-week-ibec-is-launching-its-virtual-open-science-space","status":"publish","type":"post","link":"https:\/\/ibecbarcelona.eu\/ca\/l%E2%80%99ibec-estrena-el-seu-espai-virtual-de-ciencia-oberta","title":{"rendered":"Amb motiu de la International Open Access Week, l\u2019IBEC estrena el seu espai virtual de Ci\u00e8ncia Oberta"},"content":{"rendered":"\n<p><\/p>\n\n\n\n<h4 class=\"wp-block-heading\">Aprofitant la renovaci\u00f3 del seu lloc web, l\u2019IBEC ha creat un nou espai virtual dedicat a la <a href=\"https:\/\/ibecbarcelona.eu\/ca\/ciencia-oberta\/\">Ci\u00e8ncia Oberta<\/a>. Aquesta espai \u00e9s una demostraci\u00f3 p\u00fablica del comprom\u00eds de l\u2019IBEC amb la Ci\u00e8ncia Oberta, d\u2019acord amb els seus propis valors i missi\u00f3, que s\u2019ha anat fent realitat amb diverses iniciatives i posicionaments que el nou espai virtual aplega i visibilitza.\u00a0\u00a0<\/h4>\n\n\n\n<p>Tant per convicci\u00f3 pr\u00f2pia com pel creixement dels requeriments en pr\u00e0ctiques de Ci\u00e8ncia Oberta en l\u2019entorn de recerca europeu, espanyol i catal\u00e0, l\u2019IBEC est\u00e0 articulant en els darrers anys la seva alineaci\u00f3 amb aquest moviment mitjan\u00e7ant la inclusi\u00f3 dels seus principis als plans estrat\u00e8gics propis, l\u2019aprovaci\u00f3 el setembre de 2021 de la <a rel=\"noreferrer noopener\" href=\"https:\/\/ibecbarcelona.eu\/wp-content\/uploads\/2021\/11\/IBEC-Data-Management-Policy.pdf\" target=\"_blank\">pol\u00edtica de gesti\u00f3 de dades de recerca<\/a>, la creaci\u00f3 d\u2019un pilar de Ci\u00e8ncia Oberta amb els departaments d\u2019Iniciatives Estrat\u00e8giques i el de Comunicaci\u00f3, i la incorporaci\u00f3 d\u2019un nou perfil de Gestor del Coneixement com a personal de suport als investigadors.&nbsp;<\/p>\n\n\n\n<p>Aquestes mesures han perm\u00e8s portar a terme un pla de formaci\u00f3 intern en aspectes de la Ci\u00e8ncia Oberta; la millora en el suport i promoci\u00f3 de la publicaci\u00f3 en acc\u00e9s obert; la revisi\u00f3 dels processos d\u2019avaluaci\u00f3 de la recerca propis seguint els principis establerts a la <a rel=\"noreferrer noopener\" href=\"https:\/\/sfdora.org\/read\/\" target=\"_blank\">declaraci\u00f3 DORA<\/a>; iniciar el proc\u00e9s de millora interna de la gesti\u00f3 de les dades de recerca i facilitar la seva publicaci\u00f3 en obert, adoptant el <a rel=\"noreferrer noopener\" href=\"https:\/\/dataverse.csuc.cat\/\" target=\"_blank\">Repositori de Dades de Recerca (CORA)<\/a> del CSUC, com a repositori institucional; organitzar els materials did\u00e0ctics generats en els programes de col\u00b7laboraci\u00f3 amb el m\u00f3n educatiu, per tal que siguin Recursos Educatius Oberts; desenvolupament de projectes de ci\u00e8ncia ciutadana i jornades per a pacients, o la reformulaci\u00f3 de la Comissi\u00f3 per la Integritat en la Recerca que afegeix expl\u00edcitament entre les seves atribucions fer el seguiment del desplegament de l\u2019estrat\u00e8gia en Ci\u00e8ncia Oberta a l\u2019IBEC; etc.&nbsp;<\/p>\n\n\n\n<p>El nou espai virtual de Ci\u00e8ncia Oberta al lloc web de l\u2019IBEC permet agrupar en un sol lloc les diferents iniciatives que es duen a terme a l\u2019IBEC en aquest \u00e0mbit&nbsp; i anir\u00e0 incorporant totes les novetats que es vagin realitzant, amb l\u2019\u00e0nim de compartir els materials que puguin ser \u00fatils a la comunitat, difondre els aven\u00e7os i dificultats que es vagin trobant, i participar de la promoci\u00f3 i creixement de la Ci\u00e8ncia Oberta.&nbsp;&nbsp;<\/p>\n","protected":false},"excerpt":{"rendered":"<p>Aprofitant la renovaci\u00f3 del seu lloc web, l\u2019IBEC ha creat un nou espai virtual dedicat a la Ci\u00e8ncia Oberta. Aquesta espai \u00e9s una demostraci\u00f3 p\u00fablica del comprom\u00eds de l\u2019IBEC amb &#8230; <a title=\"Amb motiu de la International Open Access Week, l\u2019IBEC estrena el seu espai virtual de Ci\u00e8ncia Oberta\" class=\"read-more\" href=\"https:\/\/ibecbarcelona.eu\/ca\/l%E2%80%99ibec-estrena-el-seu-espai-virtual-de-ciencia-oberta\" aria-label=\"More on Amb motiu de la International Open Access Week, l\u2019IBEC estrena el seu espai virtual de Ci\u00e8ncia Oberta\">Read more<\/a><\/p>\n","protected":false},"author":4,"featured_media":100127,"comment_status":"closed","ping_status":"closed","sticky":false,"template":"","format":"standard","meta":{"footnotes":""},"categories":[98],"tags":[653],"post_formats":[],"class_list":["post-100126","post","type-post","status-publish","format-standard","has-post-thumbnail","hentry","category-noticies-institucionals","tag-acces-obert"],"yoast_head":"<!-- This site is optimized with the Yoast SEO plugin v27.5 - https:\/\/yoast.com\/product\/yoast-seo-wordpress\/ -->\n<title>Amb motiu de la International Open Access Week, l\u2019IBEC estrena el seu espai virtual de Ci\u00e8ncia Oberta - Institute for Bioengineering of Catalonia<\/title>\n<meta name=\"robots\" content=\"index, follow, max-snippet:-1, max-image-preview:large, max-video-preview:-1\" \/>\n<link rel=\"canonical\" href=\"https:\/\/ibecbarcelona.eu\/ca\/l\u2019ibec-estrena-el-seu-espai-virtual-de-ciencia-oberta\/\" \/>\n<meta property=\"og:locale\" content=\"ca_ES\" \/>\n<meta property=\"og:type\" content=\"article\" \/>\n<meta property=\"og:title\" content=\"Amb motiu de la International Open Access Week, l\u2019IBEC estrena el seu espai virtual de Ci\u00e8ncia Oberta - Institute for Bioengineering of Catalonia\" \/>\n<meta property=\"og:description\" content=\"Aprofitant la renovaci\u00f3 del seu lloc web, l\u2019IBEC ha creat un nou espai virtual dedicat a la Ci\u00e8ncia Oberta. Aquesta espai \u00e9s una demostraci\u00f3 p\u00fablica del comprom\u00eds de l\u2019IBEC amb ... Read more\" \/>\n<meta property=\"og:url\" content=\"https:\/\/ibecbarcelona.eu\/ca\/l\u2019ibec-estrena-el-seu-espai-virtual-de-ciencia-oberta\/\" \/>\n<meta property=\"og:site_name\" content=\"Institute for Bioengineering of Catalonia\" \/>\n<meta property=\"article:published_time\" content=\"2022-10-27T15:09:42+00:00\" \/>\n<meta property=\"article:modified_time\" content=\"2022-12-15T15:09:45+00:00\" \/>\n<meta property=\"og:image\" content=\"https:\/\/ibecbarcelona.eu\/wp-content\/uploads\/2022\/07\/open-science_image-1.jpg\" \/>\n\t<meta property=\"og:image:width\" content=\"500\" \/>\n\t<meta property=\"og:image:height\" content=\"500\" \/>\n\t<meta property=\"og:image:type\" content=\"image\/jpeg\" \/>\n<meta name=\"author\" content=\"\u00c0ngels L\u00f3pez\" \/>\n<meta name=\"twitter:card\" content=\"summary_large_image\" \/>\n<meta name=\"twitter:label1\" content=\"Escrit per\" \/>\n\t<meta name=\"twitter:data1\" content=\"\u00c0ngels L\u00f3pez\" \/>\n\t<meta name=\"twitter:label2\" content=\"Temps estimat de lectura\" \/>\n\t<meta name=\"twitter:data2\" content=\"2 minuts\" \/>\n<script type=\"application\/ld+json\" class=\"yoast-schema-graph\">{\"@context\":\"https:\\\/\\\/schema.org\",\"@graph\":[{\"@type\":\"Article\",\"@id\":\"https:\\\/\\\/ibecbarcelona.eu\\\/ca\\\/l%E2%80%99ibec-estrena-el-seu-espai-virtual-de-ciencia-oberta\\\/#article\",\"isPartOf\":{\"@id\":\"https:\\\/\\\/ibecbarcelona.eu\\\/ca\\\/l%E2%80%99ibec-estrena-el-seu-espai-virtual-de-ciencia-oberta\\\/\"},\"author\":{\"name\":\"\u00c0ngels L\u00f3pez\",\"@id\":\"https:\\\/\\\/ibecbarcelona.eu\\\/#\\\/schema\\\/person\\\/c212c6b589546130be67986b9290e2b8\"},\"headline\":\"Amb motiu de la International Open Access Week, l\u2019IBEC estrena el seu espai virtual de Ci\u00e8ncia Oberta\",\"datePublished\":\"2022-10-27T15:09:42+00:00\",\"dateModified\":\"2022-12-15T15:09:45+00:00\",\"mainEntityOfPage\":{\"@id\":\"https:\\\/\\\/ibecbarcelona.eu\\\/ca\\\/l%E2%80%99ibec-estrena-el-seu-espai-virtual-de-ciencia-oberta\\\/\"},\"wordCount\":437,\"publisher\":{\"@id\":\"https:\\\/\\\/ibecbarcelona.eu\\\/#organization\"},\"image\":{\"@id\":\"https:\\\/\\\/ibecbarcelona.eu\\\/ca\\\/l%E2%80%99ibec-estrena-el-seu-espai-virtual-de-ciencia-oberta\\\/#primaryimage\"},\"thumbnailUrl\":\"https:\\\/\\\/ibecbarcelona.eu\\\/wp-content\\\/uploads\\\/2022\\\/07\\\/open-science_image-1.jpg\",\"keywords\":[\"Acc\u00e9s obert\"],\"articleSection\":[\"Not\u00edcies institucionals\"],\"inLanguage\":\"ca\"},{\"@type\":\"WebPage\",\"@id\":\"https:\\\/\\\/ibecbarcelona.eu\\\/ca\\\/l%E2%80%99ibec-estrena-el-seu-espai-virtual-de-ciencia-oberta\\\/\",\"url\":\"https:\\\/\\\/ibecbarcelona.eu\\\/ca\\\/l%E2%80%99ibec-estrena-el-seu-espai-virtual-de-ciencia-oberta\\\/\",\"name\":\"Amb motiu de la International Open Access Week, l\u2019IBEC estrena el seu espai virtual de Ci\u00e8ncia Oberta - Institute for Bioengineering of Catalonia\",\"isPartOf\":{\"@id\":\"https:\\\/\\\/ibecbarcelona.eu\\\/#website\"},\"primaryImageOfPage\":{\"@id\":\"https:\\\/\\\/ibecbarcelona.eu\\\/ca\\\/l%E2%80%99ibec-estrena-el-seu-espai-virtual-de-ciencia-oberta\\\/#primaryimage\"},\"image\":{\"@id\":\"https:\\\/\\\/ibecbarcelona.eu\\\/ca\\\/l%E2%80%99ibec-estrena-el-seu-espai-virtual-de-ciencia-oberta\\\/#primaryimage\"},\"thumbnailUrl\":\"https:\\\/\\\/ibecbarcelona.eu\\\/wp-content\\\/uploads\\\/2022\\\/07\\\/open-science_image-1.jpg\",\"datePublished\":\"2022-10-27T15:09:42+00:00\",\"dateModified\":\"2022-12-15T15:09:45+00:00\",\"breadcrumb\":{\"@id\":\"https:\\\/\\\/ibecbarcelona.eu\\\/ca\\\/l%E2%80%99ibec-estrena-el-seu-espai-virtual-de-ciencia-oberta\\\/#breadcrumb\"},\"inLanguage\":\"ca\",\"potentialAction\":[{\"@type\":\"ReadAction\",\"target\":[\"https:\\\/\\\/ibecbarcelona.eu\\\/ca\\\/l%E2%80%99ibec-estrena-el-seu-espai-virtual-de-ciencia-oberta\\\/\"]}]},{\"@type\":\"ImageObject\",\"inLanguage\":\"ca\",\"@id\":\"https:\\\/\\\/ibecbarcelona.eu\\\/ca\\\/l%E2%80%99ibec-estrena-el-seu-espai-virtual-de-ciencia-oberta\\\/#primaryimage\",\"url\":\"https:\\\/\\\/ibecbarcelona.eu\\\/wp-content\\\/uploads\\\/2022\\\/07\\\/open-science_image-1.jpg\",\"contentUrl\":\"https:\\\/\\\/ibecbarcelona.eu\\\/wp-content\\\/uploads\\\/2022\\\/07\\\/open-science_image-1.jpg\",\"width\":500,\"height\":500},{\"@type\":\"BreadcrumbList\",\"@id\":\"https:\\\/\\\/ibecbarcelona.eu\\\/ca\\\/l%E2%80%99ibec-estrena-el-seu-espai-virtual-de-ciencia-oberta\\\/#breadcrumb\",\"itemListElement\":[{\"@type\":\"ListItem\",\"position\":1,\"name\":\"Home\",\"item\":\"https:\\\/\\\/ibecbarcelona.eu\\\/ca\\\/\"},{\"@type\":\"ListItem\",\"position\":2,\"name\":\"Amb motiu de la International Open Access Week, l\u2019IBEC estrena el seu espai virtual de Ci\u00e8ncia Oberta\"}]},{\"@type\":\"WebSite\",\"@id\":\"https:\\\/\\\/ibecbarcelona.eu\\\/#website\",\"url\":\"https:\\\/\\\/ibecbarcelona.eu\\\/\",\"name\":\"Institute for Bioengineering of Catalonia\",\"description\":\"Bioengineering Solutions for Health\",\"publisher\":{\"@id\":\"https:\\\/\\\/ibecbarcelona.eu\\\/#organization\"},\"potentialAction\":[{\"@type\":\"SearchAction\",\"target\":{\"@type\":\"EntryPoint\",\"urlTemplate\":\"https:\\\/\\\/ibecbarcelona.eu\\\/?s={search_term_string}\"},\"query-input\":{\"@type\":\"PropertyValueSpecification\",\"valueRequired\":true,\"valueName\":\"search_term_string\"}}],\"inLanguage\":\"ca\"},{\"@type\":\"Organization\",\"@id\":\"https:\\\/\\\/ibecbarcelona.eu\\\/#organization\",\"name\":\"Institute for Bioengineering of Catalonia\",\"url\":\"https:\\\/\\\/ibecbarcelona.eu\\\/\",\"logo\":{\"@type\":\"ImageObject\",\"inLanguage\":\"ca\",\"@id\":\"https:\\\/\\\/ibecbarcelona.eu\\\/#\\\/schema\\\/logo\\\/image\\\/\",\"url\":\"https:\\\/\\\/ibecbarcelona.eu\\\/wp-content\\\/uploads\\\/2026\\\/01\\\/cropped-IBEC_20ANYS_GRIS.png\",\"contentUrl\":\"https:\\\/\\\/ibecbarcelona.eu\\\/wp-content\\\/uploads\\\/2026\\\/01\\\/cropped-IBEC_20ANYS_GRIS.png\",\"width\":696,\"height\":257,\"caption\":\"Institute for Bioengineering of Catalonia\"},\"image\":{\"@id\":\"https:\\\/\\\/ibecbarcelona.eu\\\/#\\\/schema\\\/logo\\\/image\\\/\"}},{\"@type\":\"Person\",\"@id\":\"https:\\\/\\\/ibecbarcelona.eu\\\/#\\\/schema\\\/person\\\/c212c6b589546130be67986b9290e2b8\",\"name\":\"\u00c0ngels L\u00f3pez\",\"image\":{\"@type\":\"ImageObject\",\"inLanguage\":\"ca\",\"@id\":\"https:\\\/\\\/secure.gravatar.com\\\/avatar\\\/09ad6ba116bea0b15c5511860f83b302579fd7404c1180e9dae55c3f11d988c6?s=96&d=mm&r=g\",\"url\":\"https:\\\/\\\/secure.gravatar.com\\\/avatar\\\/09ad6ba116bea0b15c5511860f83b302579fd7404c1180e9dae55c3f11d988c6?s=96&d=mm&r=g\",\"contentUrl\":\"https:\\\/\\\/secure.gravatar.com\\\/avatar\\\/09ad6ba116bea0b15c5511860f83b302579fd7404c1180e9dae55c3f11d988c6?s=96&d=mm&r=g\",\"caption\":\"\u00c0ngels L\u00f3pez\"},\"url\":\"https:\\\/\\\/ibecbarcelona.eu\\\/ca\\\/author\\\/alopez\\\/\"}]}<\/script>\n<!-- \/ Yoast SEO plugin. -->","yoast_head_json":{"title":"Amb motiu de la International Open Access Week, l\u2019IBEC estrena el seu espai virtual de Ci\u00e8ncia Oberta - Institute for Bioengineering of Catalonia","robots":{"index":"index","follow":"follow","max-snippet":"max-snippet:-1","max-image-preview":"max-image-preview:large","max-video-preview":"max-video-preview:-1"},"canonical":"https:\/\/ibecbarcelona.eu\/ca\/l\u2019ibec-estrena-el-seu-espai-virtual-de-ciencia-oberta\/","og_locale":"ca_ES","og_type":"article","og_title":"Amb motiu de la International Open Access Week, l\u2019IBEC estrena el seu espai virtual de Ci\u00e8ncia Oberta - Institute for Bioengineering of Catalonia","og_description":"Aprofitant la renovaci\u00f3 del seu lloc web, l\u2019IBEC ha creat un nou espai virtual dedicat a la Ci\u00e8ncia Oberta. Aquesta espai \u00e9s una demostraci\u00f3 p\u00fablica del comprom\u00eds de l\u2019IBEC amb ... Read more","og_url":"https:\/\/ibecbarcelona.eu\/ca\/l\u2019ibec-estrena-el-seu-espai-virtual-de-ciencia-oberta\/","og_site_name":"Institute for Bioengineering of Catalonia","article_published_time":"2022-10-27T15:09:42+00:00","article_modified_time":"2022-12-15T15:09:45+00:00","og_image":[{"width":500,"height":500,"url":"https:\/\/ibecbarcelona.eu\/wp-content\/uploads\/2022\/07\/open-science_image-1.jpg","type":"image\/jpeg"}],"author":"\u00c0ngels L\u00f3pez","twitter_card":"summary_large_image","twitter_misc":{"Escrit per":"\u00c0ngels L\u00f3pez","Temps estimat de lectura":"2 minuts"},"schema":{"@context":"https:\/\/schema.org","@graph":[{"@type":"Article","@id":"https:\/\/ibecbarcelona.eu\/ca\/l%E2%80%99ibec-estrena-el-seu-espai-virtual-de-ciencia-oberta\/#article","isPartOf":{"@id":"https:\/\/ibecbarcelona.eu\/ca\/l%E2%80%99ibec-estrena-el-seu-espai-virtual-de-ciencia-oberta\/"},"author":{"name":"\u00c0ngels L\u00f3pez","@id":"https:\/\/ibecbarcelona.eu\/#\/schema\/person\/c212c6b589546130be67986b9290e2b8"},"headline":"Amb motiu de la International Open Access Week, l\u2019IBEC estrena el seu espai virtual de Ci\u00e8ncia Oberta","datePublished":"2022-10-27T15:09:42+00:00","dateModified":"2022-12-15T15:09:45+00:00","mainEntityOfPage":{"@id":"https:\/\/ibecbarcelona.eu\/ca\/l%E2%80%99ibec-estrena-el-seu-espai-virtual-de-ciencia-oberta\/"},"wordCount":437,"publisher":{"@id":"https:\/\/ibecbarcelona.eu\/#organization"},"image":{"@id":"https:\/\/ibecbarcelona.eu\/ca\/l%E2%80%99ibec-estrena-el-seu-espai-virtual-de-ciencia-oberta\/#primaryimage"},"thumbnailUrl":"https:\/\/ibecbarcelona.eu\/wp-content\/uploads\/2022\/07\/open-science_image-1.jpg","keywords":["Acc\u00e9s obert"],"articleSection":["Not\u00edcies institucionals"],"inLanguage":"ca"},{"@type":"WebPage","@id":"https:\/\/ibecbarcelona.eu\/ca\/l%E2%80%99ibec-estrena-el-seu-espai-virtual-de-ciencia-oberta\/","url":"https:\/\/ibecbarcelona.eu\/ca\/l%E2%80%99ibec-estrena-el-seu-espai-virtual-de-ciencia-oberta\/","name":"Amb motiu de la International Open Access Week, l\u2019IBEC estrena el seu espai virtual de Ci\u00e8ncia Oberta - Institute for Bioengineering of Catalonia","isPartOf":{"@id":"https:\/\/ibecbarcelona.eu\/#website"},"primaryImageOfPage":{"@id":"https:\/\/ibecbarcelona.eu\/ca\/l%E2%80%99ibec-estrena-el-seu-espai-virtual-de-ciencia-oberta\/#primaryimage"},"image":{"@id":"https:\/\/ibecbarcelona.eu\/ca\/l%E2%80%99ibec-estrena-el-seu-espai-virtual-de-ciencia-oberta\/#primaryimage"},"thumbnailUrl":"https:\/\/ibecbarcelona.eu\/wp-content\/uploads\/2022\/07\/open-science_image-1.jpg","datePublished":"2022-10-27T15:09:42+00:00","dateModified":"2022-12-15T15:09:45+00:00","breadcrumb":{"@id":"https:\/\/ibecbarcelona.eu\/ca\/l%E2%80%99ibec-estrena-el-seu-espai-virtual-de-ciencia-oberta\/#breadcrumb"},"inLanguage":"ca","potentialAction":[{"@type":"ReadAction","target":["https:\/\/ibecbarcelona.eu\/ca\/l%E2%80%99ibec-estrena-el-seu-espai-virtual-de-ciencia-oberta\/"]}]},{"@type":"ImageObject","inLanguage":"ca","@id":"https:\/\/ibecbarcelona.eu\/ca\/l%E2%80%99ibec-estrena-el-seu-espai-virtual-de-ciencia-oberta\/#primaryimage","url":"https:\/\/ibecbarcelona.eu\/wp-content\/uploads\/2022\/07\/open-science_image-1.jpg","contentUrl":"https:\/\/ibecbarcelona.eu\/wp-content\/uploads\/2022\/07\/open-science_image-1.jpg","width":500,"height":500},{"@type":"BreadcrumbList","@id":"https:\/\/ibecbarcelona.eu\/ca\/l%E2%80%99ibec-estrena-el-seu-espai-virtual-de-ciencia-oberta\/#breadcrumb","itemListElement":[{"@type":"ListItem","position":1,"name":"Home","item":"https:\/\/ibecbarcelona.eu\/ca\/"},{"@type":"ListItem","position":2,"name":"Amb motiu de la International Open Access Week, l\u2019IBEC estrena el seu espai virtual de Ci\u00e8ncia Oberta"}]},{"@type":"WebSite","@id":"https:\/\/ibecbarcelona.eu\/#website","url":"https:\/\/ibecbarcelona.eu\/","name":"Institute for Bioengineering of Catalonia","description":"Bioengineering Solutions for Health","publisher":{"@id":"https:\/\/ibecbarcelona.eu\/#organization"},"potentialAction":[{"@type":"SearchAction","target":{"@type":"EntryPoint","urlTemplate":"https:\/\/ibecbarcelona.eu\/?s={search_term_string}"},"query-input":{"@type":"PropertyValueSpecification","valueRequired":true,"valueName":"search_term_string"}}],"inLanguage":"ca"},{"@type":"Organization","@id":"https:\/\/ibecbarcelona.eu\/#organization","name":"Institute for Bioengineering of Catalonia","url":"https:\/\/ibecbarcelona.eu\/","logo":{"@type":"ImageObject","inLanguage":"ca","@id":"https:\/\/ibecbarcelona.eu\/#\/schema\/logo\/image\/","url":"https:\/\/ibecbarcelona.eu\/wp-content\/uploads\/2026\/01\/cropped-IBEC_20ANYS_GRIS.png","contentUrl":"https:\/\/ibecbarcelona.eu\/wp-content\/uploads\/2026\/01\/cropped-IBEC_20ANYS_GRIS.png","width":696,"height":257,"caption":"Institute for Bioengineering of Catalonia"},"image":{"@id":"https:\/\/ibecbarcelona.eu\/#\/schema\/logo\/image\/"}},{"@type":"Person","@id":"https:\/\/ibecbarcelona.eu\/#\/schema\/person\/c212c6b589546130be67986b9290e2b8","name":"\u00c0ngels L\u00f3pez","image":{"@type":"ImageObject","inLanguage":"ca","@id":"https:\/\/secure.gravatar.com\/avatar\/09ad6ba116bea0b15c5511860f83b302579fd7404c1180e9dae55c3f11d988c6?s=96&d=mm&r=g","url":"https:\/\/secure.gravatar.com\/avatar\/09ad6ba116bea0b15c5511860f83b302579fd7404c1180e9dae55c3f11d988c6?s=96&d=mm&r=g","contentUrl":"https:\/\/secure.gravatar.com\/avatar\/09ad6ba116bea0b15c5511860f83b302579fd7404c1180e9dae55c3f11d988c6?s=96&d=mm&r=g","caption":"\u00c0ngels L\u00f3pez"},"url":"https:\/\/ibecbarcelona.eu\/ca\/author\/alopez\/"}]}},"AFP_featured_media_urls":{"full":["https:\/\/ibecbarcelona.eu\/wp-content\/uploads\/2022\/07\/open-science_image-1.jpg",500,500,false],"thumbnail":["https:\/\/ibecbarcelona.eu\/wp-content\/uploads\/2022\/07\/open-science_image-1-150x150.jpg",150,150,true],"medium":["https:\/\/ibecbarcelona.eu\/wp-content\/uploads\/2022\/07\/open-science_image-1-300x300.jpg",300,300,true],"medium_large":["https:\/\/ibecbarcelona.eu\/wp-content\/uploads\/2022\/07\/open-science_image-1.jpg",500,500,false],"large":["https:\/\/ibecbarcelona.eu\/wp-content\/uploads\/2022\/07\/open-science_image-1.jpg",500,500,false]},"AFP_attachments":{"full":["https:\/\/ibecbarcelona.eu\/wp-content\/uploads\/2022\/07\/open-science_image-1.jpg",500,500,false],"thumbnail":["https:\/\/ibecbarcelona.eu\/wp-content\/uploads\/2022\/07\/open-science_image-1-150x150.jpg",150,150,true],"medium":["https:\/\/ibecbarcelona.eu\/wp-content\/uploads\/2022\/07\/open-science_image-1-300x300.jpg",300,300,true],"medium_large":["https:\/\/ibecbarcelona.eu\/wp-content\/uploads\/2022\/07\/open-science_image-1.jpg",500,500,false],"large":["https:\/\/ibecbarcelona.eu\/wp-content\/uploads\/2022\/07\/open-science_image-1.jpg",500,500,false]},"AFP_videos":[],"AFP_video_blocks":"","AFP_category_names":["Not\u00edcies institucionals"],"_links":{"self":[{"href":"https:\/\/ibecbarcelona.eu\/ca\/wp-json\/wp\/v2\/posts\/100126","targetHints":{"allow":["GET"]}}],"collection":[{"href":"https:\/\/ibecbarcelona.eu\/ca\/wp-json\/wp\/v2\/posts"}],"about":[{"href":"https:\/\/ibecbarcelona.eu\/ca\/wp-json\/wp\/v2\/types\/post"}],"author":[{"embeddable":true,"href":"https:\/\/ibecbarcelona.eu\/ca\/wp-json\/wp\/v2\/users\/4"}],"replies":[{"embeddable":true,"href":"https:\/\/ibecbarcelona.eu\/ca\/wp-json\/wp\/v2\/comments?post=100126"}],"version-history":[{"count":2,"href":"https:\/\/ibecbarcelona.eu\/ca\/wp-json\/wp\/v2\/posts\/100126\/revisions"}],"predecessor-version":[{"id":102689,"href":"https:\/\/ibecbarcelona.eu\/ca\/wp-json\/wp\/v2\/posts\/100126\/revisions\/102689"}],"wp:featuredmedia":[{"embeddable":true,"href":"https:\/\/ibecbarcelona.eu\/ca\/wp-json\/wp\/v2\/media\/100127"}],"wp:attachment":[{"href":"https:\/\/ibecbarcelona.eu\/ca\/wp-json\/wp\/v2\/media?parent=100126"}],"wp:term":[{"taxonomy":"category","embeddable":true,"href":"https:\/\/ibecbarcelona.eu\/ca\/wp-json\/wp\/v2\/categories?post=100126"},{"taxonomy":"post_tag","embeddable":true,"href":"https:\/\/ibecbarcelona.eu\/ca\/wp-json\/wp\/v2\/tags?post=100126"},{"taxonomy":"post_format","embeddable":true,"href":"https:\/\/ibecbarcelona.eu\/ca\/wp-json\/wp\/v2\/post_formats?post=100126"}],"curies":[{"name":"wp","href":"https:\/\/api.w.org\/{rel}","templated":true}]}}