
{"id":100241,"date":"2022-11-03T12:53:03","date_gmt":"2022-11-03T11:53:03","guid":{"rendered":"https:\/\/ibecbarcelona.eu\/?p=100241"},"modified":"2022-11-03T13:53:40","modified_gmt":"2022-11-03T12:53:40","slug":"el-ibec-estrena-su-programa-de-periodistas-en-residencia-con-astrid-viciano","status":"publish","type":"post","link":"https:\/\/ibecbarcelona.eu\/ca\/ibec-estrena-el-seu-programa-de-periodistes-en-residencia-amb-astrid-viciano","title":{"rendered":"L&#8217;IBEC estrena el seu programa de Periodistes en Resid\u00e8ncia amb Astrid Viciano\u00a0"},"content":{"rendered":"\n<h4 class=\"wp-block-heading\">L&#8217;IBEC estrena el seu programa de \u201cPeriodistes en Resid\u00e8ncia\u201d amb Astrid Viciano, metge i periodista de nacionalitat hisp\u00e0-alemanya especialitzada en periodisme cient\u00edfic. Es tracta del primer programa d&#8217;aquestes caracter\u00edstiques que es promou des d&#8217;un institut de recerca a Espanya.&nbsp;&nbsp;<\/h4>\n\n\n\n<p>Amb l&#8217;objectiu de donar suport al periodisme cient\u00edfic de qualitat en l&#8217;\u00e0mbit de la ci\u00e8ncia i la salut, promoure la divulgaci\u00f3 p\u00fablica de la bioingenier\u00eda, i enfortir el di\u00e0leg entre periodistes i cient\u00edfics, l&#8217;IBEC va llan\u00e7ar en 2021 el primer programa de periodista en resid\u00e8ncia a trav\u00e9s del Programa d&#8217;Excel\u00b7l\u00e8ncia Severo Ochoa.&nbsp;&nbsp;<\/p>\n\n\n\n<p>El programa, que busca la immersi\u00f3 temporal d&#8217;un\/a periodista en l&#8217;activitat d&#8217;un institut de recerca d&#8217;excel\u00b7l\u00e8ncia, li permetr\u00e0 adquirir nous coneixements que li capacitaran per a abordar nous temes, a m\u00e9s de preparar el seu propi treball de recerca. D&#8217;altra banda, tamb\u00e9 ofereix als investigadors\/res de l&#8217;IBEC l&#8217;oportunitat de con\u00e8ixer el treball del periodista cient\u00edfic<\/p>\n\n\n<div class=\"wp-block-image\">\n<figure class=\"alignleft size-full is-resized\"><img decoding=\"async\" data-src=\"https:\/\/ibecbarcelona.eu\/wp-content\/uploads\/2022\/11\/Astrid-Viciano.jpg\" alt=\"\" class=\"wp-image-100232 lazyload\" width=\"375\" height=\"563\" data-srcset=\"https:\/\/ibecbarcelona.eu\/wp-content\/uploads\/2022\/11\/Astrid-Viciano.jpg 500w, https:\/\/ibecbarcelona.eu\/wp-content\/uploads\/2022\/11\/Astrid-Viciano-200x300.jpg 200w\" data-sizes=\"(max-width: 375px) 100vw, 375px\" src=\"data:image\/svg+xml;base64,PHN2ZyB3aWR0aD0iMSIgaGVpZ2h0PSIxIiB4bWxucz0iaHR0cDovL3d3dy53My5vcmcvMjAwMC9zdmciPjwvc3ZnPg==\" style=\"--smush-placeholder-width: 375px; --smush-placeholder-aspect-ratio: 375\/563;\" \/><\/figure><\/div>\n\n\n<p>Astrid Viciano, la primera periodista en resid\u00e8ncia de l&#8217;IBEC, durant la seva estada de 10 setmanes tindr\u00e0 l&#8217;oportunitat d&#8217;aprofundir en diferents \u00e0rees en el camp de la bioingenier\u00eda, i de realitzar el seu propi projecte de recerca period\u00edstica en aquest \u00e0mbit, a m\u00e9s d&#8217;assistir als esdeveniments interns i p\u00fablics que es desenvolupin durant la seva estada.<\/p>\n\n\n\n<blockquote class=\"wp-block-quote is-layout-flow wp-block-quote-is-layout-flow\"><p><em>&#8220;Em sento molt honrada de ser la primera periodista en resid\u00e8ncia de l&#8217;IBEC. \u00c9s meravell\u00f3s poder con\u00e8ixer les diferents \u00e0rees de recerca d&#8217;un centre d&#8217;excel\u00b7l\u00e8ncia a Espanya\u201d<\/em>. Astrid Viciano<\/p><\/blockquote>\n\n\n\n<div style=\"height:20px\" aria-hidden=\"true\" class=\"wp-block-spacer\"><\/div>\n\n\n\n<p>Astrid Viciano va fer la carrera de medicina entre Alemanya, Espanya i Fran\u00e7a, llicenciant-se en 1999, i en 2001 es va doctorar amb <em>Magna cum laude<\/em> en virologia i immunologia per la universitat de W\u00fcrzburg a Alemanya.&nbsp;&nbsp;<\/p>\n\n\n\n<p>En 2011 va realitzar el M\u00e0ster en Periodisme especialitzat en la Annenberg School of Journalism de Los Angeles, on va rebre el premi a l&#8217;Excel\u00b7l\u00e8ncia Acad\u00e8mica. En aquell moment, ja comptava amb 10 anys d&#8217;experi\u00e8ncia com a editora en les seccions de salut i ci\u00e8ncia de diversos peri\u00f2dics i revistes, principalment alemanys.&nbsp;&nbsp;<\/p>\n\n\n\n<p>En l&#8217;actualitat, amb m\u00e9s de 20 anys d&#8217;experi\u00e8ncia com a reportera i editora m\u00e8dica, desenvolupa la seva labor com a editora s\u00e8nior en el projecte de recerca sobre la qualitat del periodisme de salut a Alemanya \u201cHealth News Review\u201d <a href=\"https:\/\/medien-doktor.de\/\" target=\"_blank\" rel=\"noreferrer noopener\">(medien-doktor.de<\/a>) i \u00e9s periodista independent per a diversos peri\u00f2dics; com el S\u00fcddeutsche Zeitung, Die Zeit, PM Magazin, GEO, a Alemanya, i El Peri\u00f3dico, a Espanya.\u00a0\u00a0<\/p>\n\n\n\n<p>El seu gran coneixement en medicina li permet aprofundir en temes de l&#8217;\u00e0mbit de la biomedicina, la qual cosa li ha portat a rebre nombrosos premis al llarg de la seva dilatada carrera, entre els quals cal destacar el premi de periodisme de l&#8217;associaci\u00f3 alemanya de neurologia en 2021, o el Premi Georg von Holtzbrinck, considerat un dels m\u00e9s prestigiosos de periodisme a Alemanya.&nbsp;&nbsp;<\/p>\n\n\n\n<p>La seva carrera l&#8217;ha portat a viure en diferents pa\u00efsos com USA, Espanya, M\u00e8xic i Fran\u00e7a, la qual cosa li ha perm\u00e8s adquirir fortes habilitats interculturals, a m\u00e9s de parlar cinc idiomes de manera fluida.&nbsp;&nbsp;<\/p>\n\n\n\n<p>Esperem que la seva estada amb nosaltres li proporcioni nou coneixement que li serveixi per a continuar collint \u00e8xits.&nbsp;<\/p>\n","protected":false},"excerpt":{"rendered":"<p>L&#8217;IBEC estrena el seu programa de \u201cPeriodistes en Resid\u00e8ncia\u201d amb Astrid Viciano, metge i periodista de nacionalitat hisp\u00e0-alemanya especialitzada en periodisme cient\u00edfic. Es tracta del primer programa d&#8217;aquestes caracter\u00edstiques que &#8230; <a title=\"L&#8217;IBEC estrena el seu programa de Periodistes en Resid\u00e8ncia amb Astrid Viciano\u00a0\" class=\"read-more\" href=\"https:\/\/ibecbarcelona.eu\/ca\/ibec-estrena-el-seu-programa-de-periodistes-en-residencia-amb-astrid-viciano\" aria-label=\"More on L&#8217;IBEC estrena el seu programa de Periodistes en Resid\u00e8ncia amb Astrid Viciano\u00a0\">Read more<\/a><\/p>\n","protected":false},"author":4,"featured_media":100277,"comment_status":"closed","ping_status":"closed","sticky":false,"template":"","format":"standard","meta":{"footnotes":""},"categories":[98],"tags":[1815],"post_formats":[],"class_list":["post-100241","post","type-post","status-publish","format-standard","has-post-thumbnail","hentry","category-noticies-institucionals","tag-programa-periodista-en-residencia"],"yoast_head":"<!-- This site is optimized with the Yoast SEO plugin v27.5 - https:\/\/yoast.com\/product\/yoast-seo-wordpress\/ -->\n<title>L&#039;IBEC estrena el seu programa de Periodistes en Resid\u00e8ncia amb Astrid Viciano\u00a0 - Institute for Bioengineering of Catalonia<\/title>\n<meta name=\"robots\" content=\"index, follow, max-snippet:-1, max-image-preview:large, max-video-preview:-1\" \/>\n<link rel=\"canonical\" href=\"https:\/\/ibecbarcelona.eu\/ca\/ibec-estrena-el-seu-programa-de-periodistes-en-residencia-amb-astrid-viciano\/\" \/>\n<meta property=\"og:locale\" content=\"ca_ES\" \/>\n<meta property=\"og:type\" content=\"article\" \/>\n<meta property=\"og:title\" content=\"L&#039;IBEC estrena el seu programa de Periodistes en Resid\u00e8ncia amb Astrid Viciano\u00a0 - Institute for Bioengineering of Catalonia\" \/>\n<meta property=\"og:description\" content=\"L&#8217;IBEC estrena el seu programa de \u201cPeriodistes en Resid\u00e8ncia\u201d amb Astrid Viciano, metge i periodista de nacionalitat hisp\u00e0-alemanya especialitzada en periodisme cient\u00edfic. Es tracta del primer programa d&#8217;aquestes caracter\u00edstiques que ... Read more\" \/>\n<meta property=\"og:url\" content=\"https:\/\/ibecbarcelona.eu\/ca\/ibec-estrena-el-seu-programa-de-periodistes-en-residencia-amb-astrid-viciano\/\" \/>\n<meta property=\"og:site_name\" content=\"Institute for Bioengineering of Catalonia\" \/>\n<meta property=\"article:published_time\" content=\"2022-11-03T11:53:03+00:00\" \/>\n<meta property=\"article:modified_time\" content=\"2022-11-03T12:53:40+00:00\" \/>\n<meta property=\"og:image\" content=\"https:\/\/ibecbarcelona.eu\/wp-content\/uploads\/2022\/11\/Astrid-Viciano_TW.jpg\" \/>\n\t<meta property=\"og:image:width\" content=\"968\" \/>\n\t<meta property=\"og:image:height\" content=\"484\" \/>\n\t<meta property=\"og:image:type\" content=\"image\/jpeg\" \/>\n<meta name=\"author\" content=\"\u00c0ngels L\u00f3pez\" \/>\n<meta name=\"twitter:card\" content=\"summary_large_image\" \/>\n<meta name=\"twitter:label1\" content=\"Escrit per\" \/>\n\t<meta name=\"twitter:data1\" content=\"\u00c0ngels L\u00f3pez\" \/>\n\t<meta name=\"twitter:label2\" content=\"Temps estimat de lectura\" \/>\n\t<meta name=\"twitter:data2\" content=\"3 minuts\" \/>\n<script type=\"application\/ld+json\" class=\"yoast-schema-graph\">{\"@context\":\"https:\\\/\\\/schema.org\",\"@graph\":[{\"@type\":\"Article\",\"@id\":\"https:\\\/\\\/ibecbarcelona.eu\\\/ca\\\/ibec-estrena-el-seu-programa-de-periodistes-en-residencia-amb-astrid-viciano\\\/#article\",\"isPartOf\":{\"@id\":\"https:\\\/\\\/ibecbarcelona.eu\\\/ca\\\/ibec-estrena-el-seu-programa-de-periodistes-en-residencia-amb-astrid-viciano\\\/\"},\"author\":{\"name\":\"\u00c0ngels L\u00f3pez\",\"@id\":\"https:\\\/\\\/ibecbarcelona.eu\\\/#\\\/schema\\\/person\\\/c212c6b589546130be67986b9290e2b8\"},\"headline\":\"L&#8217;IBEC estrena el seu programa de Periodistes en Resid\u00e8ncia amb Astrid Viciano\u00a0\",\"datePublished\":\"2022-11-03T11:53:03+00:00\",\"dateModified\":\"2022-11-03T12:53:40+00:00\",\"mainEntityOfPage\":{\"@id\":\"https:\\\/\\\/ibecbarcelona.eu\\\/ca\\\/ibec-estrena-el-seu-programa-de-periodistes-en-residencia-amb-astrid-viciano\\\/\"},\"wordCount\":577,\"publisher\":{\"@id\":\"https:\\\/\\\/ibecbarcelona.eu\\\/#organization\"},\"image\":{\"@id\":\"https:\\\/\\\/ibecbarcelona.eu\\\/ca\\\/ibec-estrena-el-seu-programa-de-periodistes-en-residencia-amb-astrid-viciano\\\/#primaryimage\"},\"thumbnailUrl\":\"https:\\\/\\\/ibecbarcelona.eu\\\/wp-content\\\/uploads\\\/2022\\\/11\\\/Astrid-Viciano_TW.jpg\",\"keywords\":[\"Programa Periodista en resid\u00e8ncia\"],\"articleSection\":[\"Not\u00edcies institucionals\"],\"inLanguage\":\"ca\"},{\"@type\":\"WebPage\",\"@id\":\"https:\\\/\\\/ibecbarcelona.eu\\\/ca\\\/ibec-estrena-el-seu-programa-de-periodistes-en-residencia-amb-astrid-viciano\\\/\",\"url\":\"https:\\\/\\\/ibecbarcelona.eu\\\/ca\\\/ibec-estrena-el-seu-programa-de-periodistes-en-residencia-amb-astrid-viciano\\\/\",\"name\":\"L'IBEC estrena el seu programa de Periodistes en Resid\u00e8ncia amb Astrid Viciano\u00a0 - Institute for Bioengineering of Catalonia\",\"isPartOf\":{\"@id\":\"https:\\\/\\\/ibecbarcelona.eu\\\/#website\"},\"primaryImageOfPage\":{\"@id\":\"https:\\\/\\\/ibecbarcelona.eu\\\/ca\\\/ibec-estrena-el-seu-programa-de-periodistes-en-residencia-amb-astrid-viciano\\\/#primaryimage\"},\"image\":{\"@id\":\"https:\\\/\\\/ibecbarcelona.eu\\\/ca\\\/ibec-estrena-el-seu-programa-de-periodistes-en-residencia-amb-astrid-viciano\\\/#primaryimage\"},\"thumbnailUrl\":\"https:\\\/\\\/ibecbarcelona.eu\\\/wp-content\\\/uploads\\\/2022\\\/11\\\/Astrid-Viciano_TW.jpg\",\"datePublished\":\"2022-11-03T11:53:03+00:00\",\"dateModified\":\"2022-11-03T12:53:40+00:00\",\"breadcrumb\":{\"@id\":\"https:\\\/\\\/ibecbarcelona.eu\\\/ca\\\/ibec-estrena-el-seu-programa-de-periodistes-en-residencia-amb-astrid-viciano\\\/#breadcrumb\"},\"inLanguage\":\"ca\",\"potentialAction\":[{\"@type\":\"ReadAction\",\"target\":[\"https:\\\/\\\/ibecbarcelona.eu\\\/ca\\\/ibec-estrena-el-seu-programa-de-periodistes-en-residencia-amb-astrid-viciano\\\/\"]}]},{\"@type\":\"ImageObject\",\"inLanguage\":\"ca\",\"@id\":\"https:\\\/\\\/ibecbarcelona.eu\\\/ca\\\/ibec-estrena-el-seu-programa-de-periodistes-en-residencia-amb-astrid-viciano\\\/#primaryimage\",\"url\":\"https:\\\/\\\/ibecbarcelona.eu\\\/wp-content\\\/uploads\\\/2022\\\/11\\\/Astrid-Viciano_TW.jpg\",\"contentUrl\":\"https:\\\/\\\/ibecbarcelona.eu\\\/wp-content\\\/uploads\\\/2022\\\/11\\\/Astrid-Viciano_TW.jpg\",\"width\":968,\"height\":484},{\"@type\":\"BreadcrumbList\",\"@id\":\"https:\\\/\\\/ibecbarcelona.eu\\\/ca\\\/ibec-estrena-el-seu-programa-de-periodistes-en-residencia-amb-astrid-viciano\\\/#breadcrumb\",\"itemListElement\":[{\"@type\":\"ListItem\",\"position\":1,\"name\":\"Home\",\"item\":\"https:\\\/\\\/ibecbarcelona.eu\\\/ca\\\/\"},{\"@type\":\"ListItem\",\"position\":2,\"name\":\"L&#8217;IBEC estrena el seu programa de Periodistes en Resid\u00e8ncia amb Astrid Viciano\u00a0\"}]},{\"@type\":\"WebSite\",\"@id\":\"https:\\\/\\\/ibecbarcelona.eu\\\/#website\",\"url\":\"https:\\\/\\\/ibecbarcelona.eu\\\/\",\"name\":\"Institute for Bioengineering of Catalonia\",\"description\":\"Bioengineering Solutions for Health\",\"publisher\":{\"@id\":\"https:\\\/\\\/ibecbarcelona.eu\\\/#organization\"},\"potentialAction\":[{\"@type\":\"SearchAction\",\"target\":{\"@type\":\"EntryPoint\",\"urlTemplate\":\"https:\\\/\\\/ibecbarcelona.eu\\\/?s={search_term_string}\"},\"query-input\":{\"@type\":\"PropertyValueSpecification\",\"valueRequired\":true,\"valueName\":\"search_term_string\"}}],\"inLanguage\":\"ca\"},{\"@type\":\"Organization\",\"@id\":\"https:\\\/\\\/ibecbarcelona.eu\\\/#organization\",\"name\":\"Institute for Bioengineering of Catalonia\",\"url\":\"https:\\\/\\\/ibecbarcelona.eu\\\/\",\"logo\":{\"@type\":\"ImageObject\",\"inLanguage\":\"ca\",\"@id\":\"https:\\\/\\\/ibecbarcelona.eu\\\/#\\\/schema\\\/logo\\\/image\\\/\",\"url\":\"https:\\\/\\\/ibecbarcelona.eu\\\/wp-content\\\/uploads\\\/2026\\\/01\\\/cropped-IBEC_20ANYS_GRIS.png\",\"contentUrl\":\"https:\\\/\\\/ibecbarcelona.eu\\\/wp-content\\\/uploads\\\/2026\\\/01\\\/cropped-IBEC_20ANYS_GRIS.png\",\"width\":696,\"height\":257,\"caption\":\"Institute for Bioengineering of Catalonia\"},\"image\":{\"@id\":\"https:\\\/\\\/ibecbarcelona.eu\\\/#\\\/schema\\\/logo\\\/image\\\/\"}},{\"@type\":\"Person\",\"@id\":\"https:\\\/\\\/ibecbarcelona.eu\\\/#\\\/schema\\\/person\\\/c212c6b589546130be67986b9290e2b8\",\"name\":\"\u00c0ngels L\u00f3pez\",\"image\":{\"@type\":\"ImageObject\",\"inLanguage\":\"ca\",\"@id\":\"https:\\\/\\\/secure.gravatar.com\\\/avatar\\\/09ad6ba116bea0b15c5511860f83b302579fd7404c1180e9dae55c3f11d988c6?s=96&d=mm&r=g\",\"url\":\"https:\\\/\\\/secure.gravatar.com\\\/avatar\\\/09ad6ba116bea0b15c5511860f83b302579fd7404c1180e9dae55c3f11d988c6?s=96&d=mm&r=g\",\"contentUrl\":\"https:\\\/\\\/secure.gravatar.com\\\/avatar\\\/09ad6ba116bea0b15c5511860f83b302579fd7404c1180e9dae55c3f11d988c6?s=96&d=mm&r=g\",\"caption\":\"\u00c0ngels L\u00f3pez\"},\"url\":\"https:\\\/\\\/ibecbarcelona.eu\\\/ca\\\/author\\\/alopez\\\/\"}]}<\/script>\n<!-- \/ Yoast SEO plugin. -->","yoast_head_json":{"title":"L'IBEC estrena el seu programa de Periodistes en Resid\u00e8ncia amb Astrid Viciano\u00a0 - Institute for Bioengineering of Catalonia","robots":{"index":"index","follow":"follow","max-snippet":"max-snippet:-1","max-image-preview":"max-image-preview:large","max-video-preview":"max-video-preview:-1"},"canonical":"https:\/\/ibecbarcelona.eu\/ca\/ibec-estrena-el-seu-programa-de-periodistes-en-residencia-amb-astrid-viciano\/","og_locale":"ca_ES","og_type":"article","og_title":"L'IBEC estrena el seu programa de Periodistes en Resid\u00e8ncia amb Astrid Viciano\u00a0 - Institute for Bioengineering of Catalonia","og_description":"L&#8217;IBEC estrena el seu programa de \u201cPeriodistes en Resid\u00e8ncia\u201d amb Astrid Viciano, metge i periodista de nacionalitat hisp\u00e0-alemanya especialitzada en periodisme cient\u00edfic. Es tracta del primer programa d&#8217;aquestes caracter\u00edstiques que ... Read more","og_url":"https:\/\/ibecbarcelona.eu\/ca\/ibec-estrena-el-seu-programa-de-periodistes-en-residencia-amb-astrid-viciano\/","og_site_name":"Institute for Bioengineering of Catalonia","article_published_time":"2022-11-03T11:53:03+00:00","article_modified_time":"2022-11-03T12:53:40+00:00","og_image":[{"width":968,"height":484,"url":"https:\/\/ibecbarcelona.eu\/wp-content\/uploads\/2022\/11\/Astrid-Viciano_TW.jpg","type":"image\/jpeg"}],"author":"\u00c0ngels L\u00f3pez","twitter_card":"summary_large_image","twitter_misc":{"Escrit per":"\u00c0ngels L\u00f3pez","Temps estimat de lectura":"3 minuts"},"schema":{"@context":"https:\/\/schema.org","@graph":[{"@type":"Article","@id":"https:\/\/ibecbarcelona.eu\/ca\/ibec-estrena-el-seu-programa-de-periodistes-en-residencia-amb-astrid-viciano\/#article","isPartOf":{"@id":"https:\/\/ibecbarcelona.eu\/ca\/ibec-estrena-el-seu-programa-de-periodistes-en-residencia-amb-astrid-viciano\/"},"author":{"name":"\u00c0ngels L\u00f3pez","@id":"https:\/\/ibecbarcelona.eu\/#\/schema\/person\/c212c6b589546130be67986b9290e2b8"},"headline":"L&#8217;IBEC estrena el seu programa de Periodistes en Resid\u00e8ncia amb Astrid Viciano\u00a0","datePublished":"2022-11-03T11:53:03+00:00","dateModified":"2022-11-03T12:53:40+00:00","mainEntityOfPage":{"@id":"https:\/\/ibecbarcelona.eu\/ca\/ibec-estrena-el-seu-programa-de-periodistes-en-residencia-amb-astrid-viciano\/"},"wordCount":577,"publisher":{"@id":"https:\/\/ibecbarcelona.eu\/#organization"},"image":{"@id":"https:\/\/ibecbarcelona.eu\/ca\/ibec-estrena-el-seu-programa-de-periodistes-en-residencia-amb-astrid-viciano\/#primaryimage"},"thumbnailUrl":"https:\/\/ibecbarcelona.eu\/wp-content\/uploads\/2022\/11\/Astrid-Viciano_TW.jpg","keywords":["Programa Periodista en resid\u00e8ncia"],"articleSection":["Not\u00edcies institucionals"],"inLanguage":"ca"},{"@type":"WebPage","@id":"https:\/\/ibecbarcelona.eu\/ca\/ibec-estrena-el-seu-programa-de-periodistes-en-residencia-amb-astrid-viciano\/","url":"https:\/\/ibecbarcelona.eu\/ca\/ibec-estrena-el-seu-programa-de-periodistes-en-residencia-amb-astrid-viciano\/","name":"L'IBEC estrena el seu programa de Periodistes en Resid\u00e8ncia amb Astrid Viciano\u00a0 - Institute for Bioengineering of Catalonia","isPartOf":{"@id":"https:\/\/ibecbarcelona.eu\/#website"},"primaryImageOfPage":{"@id":"https:\/\/ibecbarcelona.eu\/ca\/ibec-estrena-el-seu-programa-de-periodistes-en-residencia-amb-astrid-viciano\/#primaryimage"},"image":{"@id":"https:\/\/ibecbarcelona.eu\/ca\/ibec-estrena-el-seu-programa-de-periodistes-en-residencia-amb-astrid-viciano\/#primaryimage"},"thumbnailUrl":"https:\/\/ibecbarcelona.eu\/wp-content\/uploads\/2022\/11\/Astrid-Viciano_TW.jpg","datePublished":"2022-11-03T11:53:03+00:00","dateModified":"2022-11-03T12:53:40+00:00","breadcrumb":{"@id":"https:\/\/ibecbarcelona.eu\/ca\/ibec-estrena-el-seu-programa-de-periodistes-en-residencia-amb-astrid-viciano\/#breadcrumb"},"inLanguage":"ca","potentialAction":[{"@type":"ReadAction","target":["https:\/\/ibecbarcelona.eu\/ca\/ibec-estrena-el-seu-programa-de-periodistes-en-residencia-amb-astrid-viciano\/"]}]},{"@type":"ImageObject","inLanguage":"ca","@id":"https:\/\/ibecbarcelona.eu\/ca\/ibec-estrena-el-seu-programa-de-periodistes-en-residencia-amb-astrid-viciano\/#primaryimage","url":"https:\/\/ibecbarcelona.eu\/wp-content\/uploads\/2022\/11\/Astrid-Viciano_TW.jpg","contentUrl":"https:\/\/ibecbarcelona.eu\/wp-content\/uploads\/2022\/11\/Astrid-Viciano_TW.jpg","width":968,"height":484},{"@type":"BreadcrumbList","@id":"https:\/\/ibecbarcelona.eu\/ca\/ibec-estrena-el-seu-programa-de-periodistes-en-residencia-amb-astrid-viciano\/#breadcrumb","itemListElement":[{"@type":"ListItem","position":1,"name":"Home","item":"https:\/\/ibecbarcelona.eu\/ca\/"},{"@type":"ListItem","position":2,"name":"L&#8217;IBEC estrena el seu programa de Periodistes en Resid\u00e8ncia amb Astrid Viciano\u00a0"}]},{"@type":"WebSite","@id":"https:\/\/ibecbarcelona.eu\/#website","url":"https:\/\/ibecbarcelona.eu\/","name":"Institute for Bioengineering of Catalonia","description":"Bioengineering Solutions for Health","publisher":{"@id":"https:\/\/ibecbarcelona.eu\/#organization"},"potentialAction":[{"@type":"SearchAction","target":{"@type":"EntryPoint","urlTemplate":"https:\/\/ibecbarcelona.eu\/?s={search_term_string}"},"query-input":{"@type":"PropertyValueSpecification","valueRequired":true,"valueName":"search_term_string"}}],"inLanguage":"ca"},{"@type":"Organization","@id":"https:\/\/ibecbarcelona.eu\/#organization","name":"Institute for Bioengineering of Catalonia","url":"https:\/\/ibecbarcelona.eu\/","logo":{"@type":"ImageObject","inLanguage":"ca","@id":"https:\/\/ibecbarcelona.eu\/#\/schema\/logo\/image\/","url":"https:\/\/ibecbarcelona.eu\/wp-content\/uploads\/2026\/01\/cropped-IBEC_20ANYS_GRIS.png","contentUrl":"https:\/\/ibecbarcelona.eu\/wp-content\/uploads\/2026\/01\/cropped-IBEC_20ANYS_GRIS.png","width":696,"height":257,"caption":"Institute for Bioengineering of Catalonia"},"image":{"@id":"https:\/\/ibecbarcelona.eu\/#\/schema\/logo\/image\/"}},{"@type":"Person","@id":"https:\/\/ibecbarcelona.eu\/#\/schema\/person\/c212c6b589546130be67986b9290e2b8","name":"\u00c0ngels L\u00f3pez","image":{"@type":"ImageObject","inLanguage":"ca","@id":"https:\/\/secure.gravatar.com\/avatar\/09ad6ba116bea0b15c5511860f83b302579fd7404c1180e9dae55c3f11d988c6?s=96&d=mm&r=g","url":"https:\/\/secure.gravatar.com\/avatar\/09ad6ba116bea0b15c5511860f83b302579fd7404c1180e9dae55c3f11d988c6?s=96&d=mm&r=g","contentUrl":"https:\/\/secure.gravatar.com\/avatar\/09ad6ba116bea0b15c5511860f83b302579fd7404c1180e9dae55c3f11d988c6?s=96&d=mm&r=g","caption":"\u00c0ngels L\u00f3pez"},"url":"https:\/\/ibecbarcelona.eu\/ca\/author\/alopez\/"}]}},"AFP_featured_media_urls":{"full":["https:\/\/ibecbarcelona.eu\/wp-content\/uploads\/2022\/11\/Astrid-Viciano_TW.jpg",968,484,false],"thumbnail":["https:\/\/ibecbarcelona.eu\/wp-content\/uploads\/2022\/11\/Astrid-Viciano_TW-150x150.jpg",150,150,true],"medium":["https:\/\/ibecbarcelona.eu\/wp-content\/uploads\/2022\/11\/Astrid-Viciano_TW-300x150.jpg",300,150,true],"medium_large":["https:\/\/ibecbarcelona.eu\/wp-content\/uploads\/2022\/11\/Astrid-Viciano_TW-768x384.jpg",768,384,true],"large":["https:\/\/ibecbarcelona.eu\/wp-content\/uploads\/2022\/11\/Astrid-Viciano_TW.jpg",968,484,false]},"AFP_attachments":{"full":["https:\/\/ibecbarcelona.eu\/wp-content\/uploads\/2022\/11\/Astrid-Viciano.jpg",500,750,false],"thumbnail":["https:\/\/ibecbarcelona.eu\/wp-content\/uploads\/2022\/11\/Astrid-Viciano-150x150.jpg",150,150,true],"medium":["https:\/\/ibecbarcelona.eu\/wp-content\/uploads\/2022\/11\/Astrid-Viciano-200x300.jpg",200,300,true],"medium_large":["https:\/\/ibecbarcelona.eu\/wp-content\/uploads\/2022\/11\/Astrid-Viciano.jpg",500,750,false],"large":["https:\/\/ibecbarcelona.eu\/wp-content\/uploads\/2022\/11\/Astrid-Viciano.jpg",500,750,false]},"AFP_videos":[],"AFP_video_blocks":"","AFP_category_names":["Not\u00edcies institucionals"],"_links":{"self":[{"href":"https:\/\/ibecbarcelona.eu\/ca\/wp-json\/wp\/v2\/posts\/100241","targetHints":{"allow":["GET"]}}],"collection":[{"href":"https:\/\/ibecbarcelona.eu\/ca\/wp-json\/wp\/v2\/posts"}],"about":[{"href":"https:\/\/ibecbarcelona.eu\/ca\/wp-json\/wp\/v2\/types\/post"}],"author":[{"embeddable":true,"href":"https:\/\/ibecbarcelona.eu\/ca\/wp-json\/wp\/v2\/users\/4"}],"replies":[{"embeddable":true,"href":"https:\/\/ibecbarcelona.eu\/ca\/wp-json\/wp\/v2\/comments?post=100241"}],"version-history":[{"count":4,"href":"https:\/\/ibecbarcelona.eu\/ca\/wp-json\/wp\/v2\/posts\/100241\/revisions"}],"predecessor-version":[{"id":100268,"href":"https:\/\/ibecbarcelona.eu\/ca\/wp-json\/wp\/v2\/posts\/100241\/revisions\/100268"}],"wp:featuredmedia":[{"embeddable":true,"href":"https:\/\/ibecbarcelona.eu\/ca\/wp-json\/wp\/v2\/media\/100277"}],"wp:attachment":[{"href":"https:\/\/ibecbarcelona.eu\/ca\/wp-json\/wp\/v2\/media?parent=100241"}],"wp:term":[{"taxonomy":"category","embeddable":true,"href":"https:\/\/ibecbarcelona.eu\/ca\/wp-json\/wp\/v2\/categories?post=100241"},{"taxonomy":"post_tag","embeddable":true,"href":"https:\/\/ibecbarcelona.eu\/ca\/wp-json\/wp\/v2\/tags?post=100241"},{"taxonomy":"post_format","embeddable":true,"href":"https:\/\/ibecbarcelona.eu\/ca\/wp-json\/wp\/v2\/post_formats?post=100241"}],"curies":[{"name":"wp","href":"https:\/\/api.w.org\/{rel}","templated":true}]}}