
{"id":103388,"date":"2022-12-13T15:26:10","date_gmt":"2022-12-13T14:26:10","guid":{"rendered":"https:\/\/ibecbarcelona.eu\/mummy-when-i-grow-up-i-want-to-wear-a-white-lab-coat-the-bojos-i-boges-per-la-bioenginyeria-celebrates-five-years-of-program-with-an-emotional-event\/"},"modified":"2023-01-03T15:39:38","modified_gmt":"2023-01-03T14:39:38","slug":"mummy-when-i-grow-up-i-want-to-wear-a-white-lab-coat-the-bojos-i-boges-per-la-bioenginyeria-celebrates-five-years-of-program-with-an-emotional-event","status":"publish","type":"post","link":"https:\/\/ibecbarcelona.eu\/ca\/mummy-when-i-grow-up-i-want-to-wear-a-white-lab-coat-the-bojos-i-boges-per-la-bioenginyeria-celebrates-five-years-of-program-with-an-emotional-event\/","title":{"rendered":"\u201cMami, quan sigui gran vull portar una bata blanca\u201d. El Bojos i Boges per la Bioenginyeria celebra els cinc anys de programa amb un emotiu esdeveniment"},"content":{"rendered":"\n<p>Fa cinc anys que vam comen\u00e7ar a participar en el programa Bojos per la Ci\u00e8ncia, una iniciativa orientada a estudiants de primer de batxillerat amb vocaci\u00f3 cient\u00edfica interessats en carreres STEM. Organitzat per la Fundaci\u00f3 Catalunya La Pedrera amb l&#8217;objectiu de promoure les vocacions cient\u00edfiques i l&#8217;excel\u00b7l\u00e8ncia educativa entre els joves de Catalunya, el programa de l&#8217;IBEC \u201cBojos i Boges per la Bioenginyeria\u201d ofereix a estudiants la oportunitat de descobrir l&#8217;entorn multidisciplinari de la bioenginyeria, on diferents disciplines convergeixen per resoldre problemes relacionats amb la salut.&nbsp;<\/p>\n\n\n\n<p>A lo llarg de les cinc edicions, aquest programa ha perm\u00e8s a m\u00e9s de 120 alumnes accedir als laboratoris de l&#8217;IBEC per participar en un programa multidisciplinari focalitzat en la recerca en bioenginyeria. Cada any, durant 15 dissabtes, els estudiants han pogut con\u00e8ixer les principals \u00e0rees de la bioenginyeria aplicada a la salut, aprofundint en la recerca sobre malalties relacionades amb l&#8217;envelliment de la poblaci\u00f3, l&#8217;estudi del c\u00e0ncer i les malalties minorit\u00e0ries.&nbsp;<\/p>\n\n\n\n<p>El 25 de novembre vam celebrar els cinc anys del programa Bojos i Boges per la Bioenginyeria amb un emotiu esdeveniment que va reunir a m\u00e9s de 90 persones, entre elles, tots els estudiants de la promoci\u00f3 del 2022, estudiants de promocions anteriors, familiars i investigadors participants en el programa.&nbsp;<\/p>\n\n\n\n<figure class=\"wp-block-image size-large\"><img decoding=\"async\" width=\"1024\" height=\"768\" data-src=\"https:\/\/ibecbarcelona.eu\/wp-content\/uploads\/2023\/01\/IMG_6319-1-1024x768.jpg\" alt=\"\" class=\"wp-image-103365 lazyload\" data-srcset=\"https:\/\/ibecbarcelona.eu\/wp-content\/uploads\/2023\/01\/IMG_6319-1-1024x768.jpg 1024w, https:\/\/ibecbarcelona.eu\/wp-content\/uploads\/2023\/01\/IMG_6319-1-300x225.jpg 300w, https:\/\/ibecbarcelona.eu\/wp-content\/uploads\/2023\/01\/IMG_6319-1-768x576.jpg 768w, https:\/\/ibecbarcelona.eu\/wp-content\/uploads\/2023\/01\/IMG_6319-1-1536x1152.jpg 1536w, https:\/\/ibecbarcelona.eu\/wp-content\/uploads\/2023\/01\/IMG_6319-1-2048x1536.jpg 2048w\" data-sizes=\"(max-width: 1024px) 100vw, 1024px\" src=\"data:image\/svg+xml;base64,PHN2ZyB3aWR0aD0iMSIgaGVpZ2h0PSIxIiB4bWxucz0iaHR0cDovL3d3dy53My5vcmcvMjAwMC9zdmciPjwvc3ZnPg==\" style=\"--smush-placeholder-width: 1024px; --smush-placeholder-aspect-ratio: 1024\/768;\" \/><figcaption class=\"wp-element-caption\">Prof. Josep Samitier durante la clausura<\/figcaption><\/figure>\n\n\n\n<p>L&#8217;acte d&#8217;obertura de la trobada va anar a c\u00e0rrec del Prof. Josep Samitier, director de l&#8217;IBEC, que va agrair l&#8217;entusiasme mostrat pels estudiants any rere any i tamb\u00e9 a les fam\u00edlies, que han estat claus perqu\u00e8 els seus fills i filles participessin en el programa.&nbsp;<\/p>\n\n\n\n<p>A la jornada tamb\u00e9 van participar alumnes de diferents promocions, com la Carla Nicolau, de la primera promoci\u00f3 del Bojos i Boges per la Bioenginyeria. Ella va comen\u00e7ar el seu discurs amb un &#8220;Mami, quan sigui gran vull portar una bata blanca&#8221; i va explicar com el somni d&#8217;una nena petita est\u00e0 a punt de convertir-se en realitat, en part, gr\u00e0cies al programa.&nbsp;&nbsp;<\/p>\n\n\n\n<figure class=\"wp-block-image size-large\"><img decoding=\"async\" width=\"1024\" height=\"768\" data-src=\"https:\/\/ibecbarcelona.eu\/wp-content\/uploads\/2023\/01\/IMG_6323-1024x768.jpg\" alt=\"\" class=\"wp-image-103368 lazyload\" data-srcset=\"https:\/\/ibecbarcelona.eu\/wp-content\/uploads\/2023\/01\/IMG_6323-1024x768.jpg 1024w, https:\/\/ibecbarcelona.eu\/wp-content\/uploads\/2023\/01\/IMG_6323-300x225.jpg 300w, https:\/\/ibecbarcelona.eu\/wp-content\/uploads\/2023\/01\/IMG_6323-768x576.jpg 768w, https:\/\/ibecbarcelona.eu\/wp-content\/uploads\/2023\/01\/IMG_6323-1536x1152.jpg 1536w, https:\/\/ibecbarcelona.eu\/wp-content\/uploads\/2023\/01\/IMG_6323-2048x1536.jpg 2048w\" data-sizes=\"(max-width: 1024px) 100vw, 1024px\" src=\"data:image\/svg+xml;base64,PHN2ZyB3aWR0aD0iMSIgaGVpZ2h0PSIxIiB4bWxucz0iaHR0cDovL3d3dy53My5vcmcvMjAwMC9zdmciPjwvc3ZnPg==\" style=\"--smush-placeholder-width: 1024px; --smush-placeholder-aspect-ratio: 1024\/768;\" \/><figcaption class=\"wp-element-caption\">Carla Nicolau<\/figcaption><\/figure>\n\n\n\n<p>La Carla va destacar com la omplia de felicitat, esperan\u00e7a i orgull haver descobert que &#8220;aqu\u00ed, a casa nostra, es duen a terme projectes de recerca pioners en el m\u00f3n&#8221; i com va adonar-se de &#8220;la fortuna que tenim de viure en un territori amb centres de recerca, hospitals i altres institucions punteres en recerca, amb investigadors tan preparats i competents com els que vaig con\u00e8ixer durant el programa&#8221;. Actualment estudiant Enginyeria Biom\u00e8dica a la Universitat de Barcelona, la Carla va ressaltar la import\u00e0ncia de figures com el Dr. Xavier Trepat, amb qui va tenir l&#8217;oportunitat de realitzar el Treball de Recerca, el Dr. Pere Roca-Cusachs, professor durant la carrera, i el Prof. Daniel Navajas, ex-cap d&#8217;estudis del seu grau. Segons ella, &#8220;poder gaudir de tan a prop d&#8217;emin\u00e8ncies i referents internacionals enc\u00e9n la guspira de creure que tot \u00e9s possible i impulsa a voler seguir el cam\u00ed d&#8217;aquests models exemplars&#8221;&nbsp;<\/p>\n\n\n\n<p>Tamb\u00e9 va participar a l&#8217;esdeveniment la Filotea Crasovan, estudiant de la promoci\u00f3 de 2019. Ella va explicar com, mentre estudia la carrera de Medicina, ha tornat a l&#8217;IBEC amb una beca de recerca al laboratori del Prof. Samuel S\u00e1nchez, un laboratori on ja havia realitzat una estada de recerca amb Rafael Mestre, llavors estudiant de doctorat del grup i actualment investigador postdoctoral a la Universitat Southampton. Segons la Filotea, &#8220;tenir a l&#8217;abast un investigador de confian\u00e7a, que no nom\u00e9s sigui el teu mentor, sin\u00f3 que esdevingui el teu amic, pot convertir-se en un punt d&#8217;inflexi\u00f3 en la teva carrera i pot marcar la difer\u00e8ncia a l&#8217;hora de fer-te decidir si vols o no seguir una carrera cient\u00edfica. En el meu cas, aquesta persona va ser en Rafael Mestre.&#8221;&nbsp;<\/p>\n\n\n\n<figure class=\"wp-block-image size-large\"><img decoding=\"async\" width=\"1024\" height=\"768\" data-src=\"https:\/\/ibecbarcelona.eu\/wp-content\/uploads\/2023\/01\/IMG_6331-1024x768.jpg\" alt=\"\" class=\"wp-image-103371 lazyload\" data-srcset=\"https:\/\/ibecbarcelona.eu\/wp-content\/uploads\/2023\/01\/IMG_6331-1024x768.jpg 1024w, https:\/\/ibecbarcelona.eu\/wp-content\/uploads\/2023\/01\/IMG_6331-300x225.jpg 300w, https:\/\/ibecbarcelona.eu\/wp-content\/uploads\/2023\/01\/IMG_6331-768x576.jpg 768w, https:\/\/ibecbarcelona.eu\/wp-content\/uploads\/2023\/01\/IMG_6331-1536x1152.jpg 1536w, https:\/\/ibecbarcelona.eu\/wp-content\/uploads\/2023\/01\/IMG_6331-2048x1536.jpg 2048w\" data-sizes=\"(max-width: 1024px) 100vw, 1024px\" src=\"data:image\/svg+xml;base64,PHN2ZyB3aWR0aD0iMSIgaGVpZ2h0PSIxIiB4bWxucz0iaHR0cDovL3d3dy53My5vcmcvMjAwMC9zdmciPjwvc3ZnPg==\" style=\"--smush-placeholder-width: 1024px; --smush-placeholder-aspect-ratio: 1024\/768;\" \/><figcaption class=\"wp-element-caption\">La promoci\u00f3 2022 de Bojos i Boges per la Bioenginyeria <\/figcaption><\/figure>\n\n\n\n<p><em>&#8220;Qui, a la nostra edat, triaria volunt\u00e0riament aixecar-se un dissabte pel mat\u00ed per &#8220;fer ci\u00e8ncia&#8221;? Doncs b\u00e9, &#8220;fer ci\u00e8ncia&#8221; amb tots vosaltres ha estat una experi\u00e8ncia brutal, apassionant, molt enriquidora i, personalment, reveladora. No canviar\u00edem aquests dissabtes per res i de fet seguir\u00edem venint si fos possible.&#8221; Aix\u00ed ho han expressat els estudiants d&#8217;aquesta edici\u00f3, <\/em><em>Sofia Acarregui i Shiyao Chen<\/em><em>.&nbsp;<\/em>&nbsp;<\/p>\n\n\n\n<p>L&#8217;acte va finalitzar amb el lliurament de diplomes als estudiants de l\u2019edici\u00f3 actual i amb una sessi\u00f3 de p\u00f2sters amb un recull d&#8217;idees de recerca en bioenginyeria dels estudiants de la promoci\u00f3 2022.&#8221;\u00a0<\/p>\n\n\n\n<p>Volem agrair a tots els que heu fet possible aquest programa; als alumnes pel vostre entusiasme i als cient\u00edfics dels laboratoris pel vostre comprom\u00eds en cada edici\u00f3. Moltes gr\u00e0cies a tots!<\/p>\n","protected":false},"excerpt":{"rendered":"<p>Fa cinc anys que vam comen\u00e7ar a participar en el programa Bojos per la Ci\u00e8ncia, una iniciativa orientada a estudiants de primer de batxillerat amb vocaci\u00f3 cient\u00edfica interessats en carreres &#8230; <a title=\"\u201cMami, quan sigui gran vull portar una bata blanca\u201d. El Bojos i Boges per la Bioenginyeria celebra els cinc anys de programa amb un emotiu esdeveniment\" class=\"read-more\" href=\"https:\/\/ibecbarcelona.eu\/ca\/mummy-when-i-grow-up-i-want-to-wear-a-white-lab-coat-the-bojos-i-boges-per-la-bioenginyeria-celebrates-five-years-of-program-with-an-emotional-event\/\" aria-label=\"More on \u201cMami, quan sigui gran vull portar una bata blanca\u201d. El Bojos i Boges per la Bioenginyeria celebra els cinc anys de programa amb un emotiu esdeveniment\">Read more<\/a><\/p>\n","protected":false},"author":28,"featured_media":103375,"comment_status":"closed","ping_status":"closed","sticky":false,"template":"","format":"standard","meta":{"footnotes":""},"categories":[98],"tags":[1893,1894,1895],"post_formats":[],"class_list":["post-103388","post","type-post","status-publish","format-standard","has-post-thumbnail","hentry","category-noticies-institucionals","tag-boges-ca","tag-bojos-ca","tag-bojos-i-boges-per-la-bioenginyeria-ca"],"yoast_head":"<!-- This site is optimized with the Yoast SEO plugin v27.5 - https:\/\/yoast.com\/product\/yoast-seo-wordpress\/ -->\n<title>\u201cMami, quan sigui gran vull portar una bata blanca\u201d. El Bojos i Boges per la Bioenginyeria celebra els cinc anys de programa amb un emotiu esdeveniment - Institute for Bioengineering of Catalonia<\/title>\n<meta name=\"robots\" content=\"index, follow, max-snippet:-1, max-image-preview:large, max-video-preview:-1\" \/>\n<link rel=\"canonical\" href=\"https:\/\/ibecbarcelona.eu\/ca\/mummy-when-i-grow-up-i-want-to-wear-a-white-lab-coat-the-bojos-i-boges-per-la-bioenginyeria-celebrates-five-years-of-program-with-an-emotional-event\/\" \/>\n<meta property=\"og:locale\" content=\"ca_ES\" \/>\n<meta property=\"og:type\" content=\"article\" \/>\n<meta property=\"og:title\" content=\"\u201cMami, quan sigui gran vull portar una bata blanca\u201d. El Bojos i Boges per la Bioenginyeria celebra els cinc anys de programa amb un emotiu esdeveniment - Institute for Bioengineering of Catalonia\" \/>\n<meta property=\"og:description\" content=\"Fa cinc anys que vam comen\u00e7ar a participar en el programa Bojos per la Ci\u00e8ncia, una iniciativa orientada a estudiants de primer de batxillerat amb vocaci\u00f3 cient\u00edfica interessats en carreres ... Read more\" \/>\n<meta property=\"og:url\" content=\"https:\/\/ibecbarcelona.eu\/ca\/mummy-when-i-grow-up-i-want-to-wear-a-white-lab-coat-the-bojos-i-boges-per-la-bioenginyeria-celebrates-five-years-of-program-with-an-emotional-event\/\" \/>\n<meta property=\"og:site_name\" content=\"Institute for Bioengineering of Catalonia\" \/>\n<meta property=\"article:published_time\" content=\"2022-12-13T14:26:10+00:00\" \/>\n<meta property=\"article:modified_time\" content=\"2023-01-03T14:39:38+00:00\" \/>\n<meta property=\"og:image\" content=\"https:\/\/ibecbarcelona.eu\/wp-content\/uploads\/2023\/01\/IMG20221125181033-scaled.jpg\" \/>\n\t<meta property=\"og:image:width\" content=\"1920\" \/>\n\t<meta property=\"og:image:height\" content=\"2560\" \/>\n\t<meta property=\"og:image:type\" content=\"image\/jpeg\" \/>\n<meta name=\"author\" content=\"Maria Arista\" \/>\n<meta name=\"twitter:card\" content=\"summary_large_image\" \/>\n<meta name=\"twitter:label1\" content=\"Escrit per\" \/>\n\t<meta name=\"twitter:data1\" content=\"Maria Arista\" \/>\n\t<meta name=\"twitter:label2\" content=\"Temps estimat de lectura\" \/>\n\t<meta name=\"twitter:data2\" content=\"4 minuts\" \/>\n<script type=\"application\/ld+json\" class=\"yoast-schema-graph\">{\"@context\":\"https:\\\/\\\/schema.org\",\"@graph\":[{\"@type\":\"Article\",\"@id\":\"https:\\\/\\\/ibecbarcelona.eu\\\/ca\\\/mummy-when-i-grow-up-i-want-to-wear-a-white-lab-coat-the-bojos-i-boges-per-la-bioenginyeria-celebrates-five-years-of-program-with-an-emotional-event\\\/#article\",\"isPartOf\":{\"@id\":\"https:\\\/\\\/ibecbarcelona.eu\\\/ca\\\/mummy-when-i-grow-up-i-want-to-wear-a-white-lab-coat-the-bojos-i-boges-per-la-bioenginyeria-celebrates-five-years-of-program-with-an-emotional-event\\\/\"},\"author\":{\"name\":\"Maria Arista\",\"@id\":\"https:\\\/\\\/ibecbarcelona.eu\\\/#\\\/schema\\\/person\\\/383294652bff8c84c0cf56981c870c50\"},\"headline\":\"\u201cMami, quan sigui gran vull portar una bata blanca\u201d. El Bojos i Boges per la Bioenginyeria celebra els cinc anys de programa amb un emotiu esdeveniment\",\"datePublished\":\"2022-12-13T14:26:10+00:00\",\"dateModified\":\"2023-01-03T14:39:38+00:00\",\"mainEntityOfPage\":{\"@id\":\"https:\\\/\\\/ibecbarcelona.eu\\\/ca\\\/mummy-when-i-grow-up-i-want-to-wear-a-white-lab-coat-the-bojos-i-boges-per-la-bioenginyeria-celebrates-five-years-of-program-with-an-emotional-event\\\/\"},\"wordCount\":804,\"publisher\":{\"@id\":\"https:\\\/\\\/ibecbarcelona.eu\\\/#organization\"},\"image\":{\"@id\":\"https:\\\/\\\/ibecbarcelona.eu\\\/ca\\\/mummy-when-i-grow-up-i-want-to-wear-a-white-lab-coat-the-bojos-i-boges-per-la-bioenginyeria-celebrates-five-years-of-program-with-an-emotional-event\\\/#primaryimage\"},\"thumbnailUrl\":\"https:\\\/\\\/ibecbarcelona.eu\\\/wp-content\\\/uploads\\\/2023\\\/01\\\/IMG20221125181033-scaled.jpg\",\"keywords\":[\"boges\",\"bojos\",\"Bojos i Boges per la Bioenginyeria\"],\"articleSection\":[\"Not\u00edcies institucionals\"],\"inLanguage\":\"ca\"},{\"@type\":\"WebPage\",\"@id\":\"https:\\\/\\\/ibecbarcelona.eu\\\/ca\\\/mummy-when-i-grow-up-i-want-to-wear-a-white-lab-coat-the-bojos-i-boges-per-la-bioenginyeria-celebrates-five-years-of-program-with-an-emotional-event\\\/\",\"url\":\"https:\\\/\\\/ibecbarcelona.eu\\\/ca\\\/mummy-when-i-grow-up-i-want-to-wear-a-white-lab-coat-the-bojos-i-boges-per-la-bioenginyeria-celebrates-five-years-of-program-with-an-emotional-event\\\/\",\"name\":\"\u201cMami, quan sigui gran vull portar una bata blanca\u201d. El Bojos i Boges per la Bioenginyeria celebra els cinc anys de programa amb un emotiu esdeveniment - Institute for Bioengineering of Catalonia\",\"isPartOf\":{\"@id\":\"https:\\\/\\\/ibecbarcelona.eu\\\/#website\"},\"primaryImageOfPage\":{\"@id\":\"https:\\\/\\\/ibecbarcelona.eu\\\/ca\\\/mummy-when-i-grow-up-i-want-to-wear-a-white-lab-coat-the-bojos-i-boges-per-la-bioenginyeria-celebrates-five-years-of-program-with-an-emotional-event\\\/#primaryimage\"},\"image\":{\"@id\":\"https:\\\/\\\/ibecbarcelona.eu\\\/ca\\\/mummy-when-i-grow-up-i-want-to-wear-a-white-lab-coat-the-bojos-i-boges-per-la-bioenginyeria-celebrates-five-years-of-program-with-an-emotional-event\\\/#primaryimage\"},\"thumbnailUrl\":\"https:\\\/\\\/ibecbarcelona.eu\\\/wp-content\\\/uploads\\\/2023\\\/01\\\/IMG20221125181033-scaled.jpg\",\"datePublished\":\"2022-12-13T14:26:10+00:00\",\"dateModified\":\"2023-01-03T14:39:38+00:00\",\"breadcrumb\":{\"@id\":\"https:\\\/\\\/ibecbarcelona.eu\\\/ca\\\/mummy-when-i-grow-up-i-want-to-wear-a-white-lab-coat-the-bojos-i-boges-per-la-bioenginyeria-celebrates-five-years-of-program-with-an-emotional-event\\\/#breadcrumb\"},\"inLanguage\":\"ca\",\"potentialAction\":[{\"@type\":\"ReadAction\",\"target\":[\"https:\\\/\\\/ibecbarcelona.eu\\\/ca\\\/mummy-when-i-grow-up-i-want-to-wear-a-white-lab-coat-the-bojos-i-boges-per-la-bioenginyeria-celebrates-five-years-of-program-with-an-emotional-event\\\/\"]}]},{\"@type\":\"ImageObject\",\"inLanguage\":\"ca\",\"@id\":\"https:\\\/\\\/ibecbarcelona.eu\\\/ca\\\/mummy-when-i-grow-up-i-want-to-wear-a-white-lab-coat-the-bojos-i-boges-per-la-bioenginyeria-celebrates-five-years-of-program-with-an-emotional-event\\\/#primaryimage\",\"url\":\"https:\\\/\\\/ibecbarcelona.eu\\\/wp-content\\\/uploads\\\/2023\\\/01\\\/IMG20221125181033-scaled.jpg\",\"contentUrl\":\"https:\\\/\\\/ibecbarcelona.eu\\\/wp-content\\\/uploads\\\/2023\\\/01\\\/IMG20221125181033-scaled.jpg\",\"width\":1920,\"height\":2560},{\"@type\":\"BreadcrumbList\",\"@id\":\"https:\\\/\\\/ibecbarcelona.eu\\\/ca\\\/mummy-when-i-grow-up-i-want-to-wear-a-white-lab-coat-the-bojos-i-boges-per-la-bioenginyeria-celebrates-five-years-of-program-with-an-emotional-event\\\/#breadcrumb\",\"itemListElement\":[{\"@type\":\"ListItem\",\"position\":1,\"name\":\"Home\",\"item\":\"https:\\\/\\\/ibecbarcelona.eu\\\/ca\\\/\"},{\"@type\":\"ListItem\",\"position\":2,\"name\":\"\u201cMami, quan sigui gran vull portar una bata blanca\u201d. El Bojos i Boges per la Bioenginyeria celebra els cinc anys de programa amb un emotiu esdeveniment\"}]},{\"@type\":\"WebSite\",\"@id\":\"https:\\\/\\\/ibecbarcelona.eu\\\/#website\",\"url\":\"https:\\\/\\\/ibecbarcelona.eu\\\/\",\"name\":\"Institute for Bioengineering of Catalonia\",\"description\":\"Bioengineering Solutions for Health\",\"publisher\":{\"@id\":\"https:\\\/\\\/ibecbarcelona.eu\\\/#organization\"},\"potentialAction\":[{\"@type\":\"SearchAction\",\"target\":{\"@type\":\"EntryPoint\",\"urlTemplate\":\"https:\\\/\\\/ibecbarcelona.eu\\\/?s={search_term_string}\"},\"query-input\":{\"@type\":\"PropertyValueSpecification\",\"valueRequired\":true,\"valueName\":\"search_term_string\"}}],\"inLanguage\":\"ca\"},{\"@type\":\"Organization\",\"@id\":\"https:\\\/\\\/ibecbarcelona.eu\\\/#organization\",\"name\":\"Institute for Bioengineering of Catalonia\",\"url\":\"https:\\\/\\\/ibecbarcelona.eu\\\/\",\"logo\":{\"@type\":\"ImageObject\",\"inLanguage\":\"ca\",\"@id\":\"https:\\\/\\\/ibecbarcelona.eu\\\/#\\\/schema\\\/logo\\\/image\\\/\",\"url\":\"https:\\\/\\\/ibecbarcelona.eu\\\/wp-content\\\/uploads\\\/2026\\\/01\\\/cropped-IBEC_20ANYS_GRIS.png\",\"contentUrl\":\"https:\\\/\\\/ibecbarcelona.eu\\\/wp-content\\\/uploads\\\/2026\\\/01\\\/cropped-IBEC_20ANYS_GRIS.png\",\"width\":696,\"height\":257,\"caption\":\"Institute for Bioengineering of Catalonia\"},\"image\":{\"@id\":\"https:\\\/\\\/ibecbarcelona.eu\\\/#\\\/schema\\\/logo\\\/image\\\/\"}},{\"@type\":\"Person\",\"@id\":\"https:\\\/\\\/ibecbarcelona.eu\\\/#\\\/schema\\\/person\\\/383294652bff8c84c0cf56981c870c50\",\"name\":\"Maria Arista\",\"image\":{\"@type\":\"ImageObject\",\"inLanguage\":\"ca\",\"@id\":\"https:\\\/\\\/secure.gravatar.com\\\/avatar\\\/0ab1c0c6ed03e1f4143a535e75abe29ef53787a77c321aa82c81be48eb090e7b?s=96&d=mm&r=g\",\"url\":\"https:\\\/\\\/secure.gravatar.com\\\/avatar\\\/0ab1c0c6ed03e1f4143a535e75abe29ef53787a77c321aa82c81be48eb090e7b?s=96&d=mm&r=g\",\"contentUrl\":\"https:\\\/\\\/secure.gravatar.com\\\/avatar\\\/0ab1c0c6ed03e1f4143a535e75abe29ef53787a77c321aa82c81be48eb090e7b?s=96&d=mm&r=g\",\"caption\":\"Maria Arista\"},\"url\":\"https:\\\/\\\/ibecbarcelona.eu\\\/ca\\\/author\\\/marista\\\/\"}]}<\/script>\n<!-- \/ Yoast SEO plugin. -->","yoast_head_json":{"title":"\u201cMami, quan sigui gran vull portar una bata blanca\u201d. El Bojos i Boges per la Bioenginyeria celebra els cinc anys de programa amb un emotiu esdeveniment - Institute for Bioengineering of Catalonia","robots":{"index":"index","follow":"follow","max-snippet":"max-snippet:-1","max-image-preview":"max-image-preview:large","max-video-preview":"max-video-preview:-1"},"canonical":"https:\/\/ibecbarcelona.eu\/ca\/mummy-when-i-grow-up-i-want-to-wear-a-white-lab-coat-the-bojos-i-boges-per-la-bioenginyeria-celebrates-five-years-of-program-with-an-emotional-event\/","og_locale":"ca_ES","og_type":"article","og_title":"\u201cMami, quan sigui gran vull portar una bata blanca\u201d. El Bojos i Boges per la Bioenginyeria celebra els cinc anys de programa amb un emotiu esdeveniment - Institute for Bioengineering of Catalonia","og_description":"Fa cinc anys que vam comen\u00e7ar a participar en el programa Bojos per la Ci\u00e8ncia, una iniciativa orientada a estudiants de primer de batxillerat amb vocaci\u00f3 cient\u00edfica interessats en carreres ... Read more","og_url":"https:\/\/ibecbarcelona.eu\/ca\/mummy-when-i-grow-up-i-want-to-wear-a-white-lab-coat-the-bojos-i-boges-per-la-bioenginyeria-celebrates-five-years-of-program-with-an-emotional-event\/","og_site_name":"Institute for Bioengineering of Catalonia","article_published_time":"2022-12-13T14:26:10+00:00","article_modified_time":"2023-01-03T14:39:38+00:00","og_image":[{"width":1920,"height":2560,"url":"https:\/\/ibecbarcelona.eu\/wp-content\/uploads\/2023\/01\/IMG20221125181033-scaled.jpg","type":"image\/jpeg"}],"author":"Maria Arista","twitter_card":"summary_large_image","twitter_misc":{"Escrit per":"Maria Arista","Temps estimat de lectura":"4 minuts"},"schema":{"@context":"https:\/\/schema.org","@graph":[{"@type":"Article","@id":"https:\/\/ibecbarcelona.eu\/ca\/mummy-when-i-grow-up-i-want-to-wear-a-white-lab-coat-the-bojos-i-boges-per-la-bioenginyeria-celebrates-five-years-of-program-with-an-emotional-event\/#article","isPartOf":{"@id":"https:\/\/ibecbarcelona.eu\/ca\/mummy-when-i-grow-up-i-want-to-wear-a-white-lab-coat-the-bojos-i-boges-per-la-bioenginyeria-celebrates-five-years-of-program-with-an-emotional-event\/"},"author":{"name":"Maria Arista","@id":"https:\/\/ibecbarcelona.eu\/#\/schema\/person\/383294652bff8c84c0cf56981c870c50"},"headline":"\u201cMami, quan sigui gran vull portar una bata blanca\u201d. El Bojos i Boges per la Bioenginyeria celebra els cinc anys de programa amb un emotiu esdeveniment","datePublished":"2022-12-13T14:26:10+00:00","dateModified":"2023-01-03T14:39:38+00:00","mainEntityOfPage":{"@id":"https:\/\/ibecbarcelona.eu\/ca\/mummy-when-i-grow-up-i-want-to-wear-a-white-lab-coat-the-bojos-i-boges-per-la-bioenginyeria-celebrates-five-years-of-program-with-an-emotional-event\/"},"wordCount":804,"publisher":{"@id":"https:\/\/ibecbarcelona.eu\/#organization"},"image":{"@id":"https:\/\/ibecbarcelona.eu\/ca\/mummy-when-i-grow-up-i-want-to-wear-a-white-lab-coat-the-bojos-i-boges-per-la-bioenginyeria-celebrates-five-years-of-program-with-an-emotional-event\/#primaryimage"},"thumbnailUrl":"https:\/\/ibecbarcelona.eu\/wp-content\/uploads\/2023\/01\/IMG20221125181033-scaled.jpg","keywords":["boges","bojos","Bojos i Boges per la Bioenginyeria"],"articleSection":["Not\u00edcies institucionals"],"inLanguage":"ca"},{"@type":"WebPage","@id":"https:\/\/ibecbarcelona.eu\/ca\/mummy-when-i-grow-up-i-want-to-wear-a-white-lab-coat-the-bojos-i-boges-per-la-bioenginyeria-celebrates-five-years-of-program-with-an-emotional-event\/","url":"https:\/\/ibecbarcelona.eu\/ca\/mummy-when-i-grow-up-i-want-to-wear-a-white-lab-coat-the-bojos-i-boges-per-la-bioenginyeria-celebrates-five-years-of-program-with-an-emotional-event\/","name":"\u201cMami, quan sigui gran vull portar una bata blanca\u201d. El Bojos i Boges per la Bioenginyeria celebra els cinc anys de programa amb un emotiu esdeveniment - Institute for Bioengineering of Catalonia","isPartOf":{"@id":"https:\/\/ibecbarcelona.eu\/#website"},"primaryImageOfPage":{"@id":"https:\/\/ibecbarcelona.eu\/ca\/mummy-when-i-grow-up-i-want-to-wear-a-white-lab-coat-the-bojos-i-boges-per-la-bioenginyeria-celebrates-five-years-of-program-with-an-emotional-event\/#primaryimage"},"image":{"@id":"https:\/\/ibecbarcelona.eu\/ca\/mummy-when-i-grow-up-i-want-to-wear-a-white-lab-coat-the-bojos-i-boges-per-la-bioenginyeria-celebrates-five-years-of-program-with-an-emotional-event\/#primaryimage"},"thumbnailUrl":"https:\/\/ibecbarcelona.eu\/wp-content\/uploads\/2023\/01\/IMG20221125181033-scaled.jpg","datePublished":"2022-12-13T14:26:10+00:00","dateModified":"2023-01-03T14:39:38+00:00","breadcrumb":{"@id":"https:\/\/ibecbarcelona.eu\/ca\/mummy-when-i-grow-up-i-want-to-wear-a-white-lab-coat-the-bojos-i-boges-per-la-bioenginyeria-celebrates-five-years-of-program-with-an-emotional-event\/#breadcrumb"},"inLanguage":"ca","potentialAction":[{"@type":"ReadAction","target":["https:\/\/ibecbarcelona.eu\/ca\/mummy-when-i-grow-up-i-want-to-wear-a-white-lab-coat-the-bojos-i-boges-per-la-bioenginyeria-celebrates-five-years-of-program-with-an-emotional-event\/"]}]},{"@type":"ImageObject","inLanguage":"ca","@id":"https:\/\/ibecbarcelona.eu\/ca\/mummy-when-i-grow-up-i-want-to-wear-a-white-lab-coat-the-bojos-i-boges-per-la-bioenginyeria-celebrates-five-years-of-program-with-an-emotional-event\/#primaryimage","url":"https:\/\/ibecbarcelona.eu\/wp-content\/uploads\/2023\/01\/IMG20221125181033-scaled.jpg","contentUrl":"https:\/\/ibecbarcelona.eu\/wp-content\/uploads\/2023\/01\/IMG20221125181033-scaled.jpg","width":1920,"height":2560},{"@type":"BreadcrumbList","@id":"https:\/\/ibecbarcelona.eu\/ca\/mummy-when-i-grow-up-i-want-to-wear-a-white-lab-coat-the-bojos-i-boges-per-la-bioenginyeria-celebrates-five-years-of-program-with-an-emotional-event\/#breadcrumb","itemListElement":[{"@type":"ListItem","position":1,"name":"Home","item":"https:\/\/ibecbarcelona.eu\/ca\/"},{"@type":"ListItem","position":2,"name":"\u201cMami, quan sigui gran vull portar una bata blanca\u201d. El Bojos i Boges per la Bioenginyeria celebra els cinc anys de programa amb un emotiu esdeveniment"}]},{"@type":"WebSite","@id":"https:\/\/ibecbarcelona.eu\/#website","url":"https:\/\/ibecbarcelona.eu\/","name":"Institute for Bioengineering of Catalonia","description":"Bioengineering Solutions for Health","publisher":{"@id":"https:\/\/ibecbarcelona.eu\/#organization"},"potentialAction":[{"@type":"SearchAction","target":{"@type":"EntryPoint","urlTemplate":"https:\/\/ibecbarcelona.eu\/?s={search_term_string}"},"query-input":{"@type":"PropertyValueSpecification","valueRequired":true,"valueName":"search_term_string"}}],"inLanguage":"ca"},{"@type":"Organization","@id":"https:\/\/ibecbarcelona.eu\/#organization","name":"Institute for Bioengineering of Catalonia","url":"https:\/\/ibecbarcelona.eu\/","logo":{"@type":"ImageObject","inLanguage":"ca","@id":"https:\/\/ibecbarcelona.eu\/#\/schema\/logo\/image\/","url":"https:\/\/ibecbarcelona.eu\/wp-content\/uploads\/2026\/01\/cropped-IBEC_20ANYS_GRIS.png","contentUrl":"https:\/\/ibecbarcelona.eu\/wp-content\/uploads\/2026\/01\/cropped-IBEC_20ANYS_GRIS.png","width":696,"height":257,"caption":"Institute for Bioengineering of Catalonia"},"image":{"@id":"https:\/\/ibecbarcelona.eu\/#\/schema\/logo\/image\/"}},{"@type":"Person","@id":"https:\/\/ibecbarcelona.eu\/#\/schema\/person\/383294652bff8c84c0cf56981c870c50","name":"Maria Arista","image":{"@type":"ImageObject","inLanguage":"ca","@id":"https:\/\/secure.gravatar.com\/avatar\/0ab1c0c6ed03e1f4143a535e75abe29ef53787a77c321aa82c81be48eb090e7b?s=96&d=mm&r=g","url":"https:\/\/secure.gravatar.com\/avatar\/0ab1c0c6ed03e1f4143a535e75abe29ef53787a77c321aa82c81be48eb090e7b?s=96&d=mm&r=g","contentUrl":"https:\/\/secure.gravatar.com\/avatar\/0ab1c0c6ed03e1f4143a535e75abe29ef53787a77c321aa82c81be48eb090e7b?s=96&d=mm&r=g","caption":"Maria Arista"},"url":"https:\/\/ibecbarcelona.eu\/ca\/author\/marista\/"}]}},"AFP_featured_media_urls":{"full":["https:\/\/ibecbarcelona.eu\/wp-content\/uploads\/2023\/01\/IMG20221125181033-scaled.jpg",1920,2560,false],"thumbnail":["https:\/\/ibecbarcelona.eu\/wp-content\/uploads\/2023\/01\/IMG20221125181033-150x150.jpg",150,150,true],"medium":["https:\/\/ibecbarcelona.eu\/wp-content\/uploads\/2023\/01\/IMG20221125181033-225x300.jpg",225,300,true],"medium_large":["https:\/\/ibecbarcelona.eu\/wp-content\/uploads\/2023\/01\/IMG20221125181033-768x1024.jpg",768,1024,true],"large":["https:\/\/ibecbarcelona.eu\/wp-content\/uploads\/2023\/01\/IMG20221125181033-768x1024.jpg",768,1024,true]},"AFP_attachments":{"full":["https:\/\/ibecbarcelona.eu\/wp-content\/uploads\/2023\/01\/IMG_6319-scaled.jpg",2560,1920,false],"thumbnail":["https:\/\/ibecbarcelona.eu\/wp-content\/uploads\/2023\/01\/IMG_6319-150x150.jpg",150,150,true],"medium":["https:\/\/ibecbarcelona.eu\/wp-content\/uploads\/2023\/01\/IMG_6319-300x225.jpg",300,225,true],"medium_large":["https:\/\/ibecbarcelona.eu\/wp-content\/uploads\/2023\/01\/IMG_6319-768x576.jpg",768,576,true],"large":["https:\/\/ibecbarcelona.eu\/wp-content\/uploads\/2023\/01\/IMG_6319-1024x768.jpg",1024,768,true]},"AFP_videos":[],"AFP_video_blocks":"","AFP_category_names":["Not\u00edcies institucionals"],"_links":{"self":[{"href":"https:\/\/ibecbarcelona.eu\/ca\/wp-json\/wp\/v2\/posts\/103388","targetHints":{"allow":["GET"]}}],"collection":[{"href":"https:\/\/ibecbarcelona.eu\/ca\/wp-json\/wp\/v2\/posts"}],"about":[{"href":"https:\/\/ibecbarcelona.eu\/ca\/wp-json\/wp\/v2\/types\/post"}],"author":[{"embeddable":true,"href":"https:\/\/ibecbarcelona.eu\/ca\/wp-json\/wp\/v2\/users\/28"}],"replies":[{"embeddable":true,"href":"https:\/\/ibecbarcelona.eu\/ca\/wp-json\/wp\/v2\/comments?post=103388"}],"version-history":[{"count":2,"href":"https:\/\/ibecbarcelona.eu\/ca\/wp-json\/wp\/v2\/posts\/103388\/revisions"}],"predecessor-version":[{"id":103391,"href":"https:\/\/ibecbarcelona.eu\/ca\/wp-json\/wp\/v2\/posts\/103388\/revisions\/103391"}],"wp:featuredmedia":[{"embeddable":true,"href":"https:\/\/ibecbarcelona.eu\/ca\/wp-json\/wp\/v2\/media\/103375"}],"wp:attachment":[{"href":"https:\/\/ibecbarcelona.eu\/ca\/wp-json\/wp\/v2\/media?parent=103388"}],"wp:term":[{"taxonomy":"category","embeddable":true,"href":"https:\/\/ibecbarcelona.eu\/ca\/wp-json\/wp\/v2\/categories?post=103388"},{"taxonomy":"post_tag","embeddable":true,"href":"https:\/\/ibecbarcelona.eu\/ca\/wp-json\/wp\/v2\/tags?post=103388"},{"taxonomy":"post_format","embeddable":true,"href":"https:\/\/ibecbarcelona.eu\/ca\/wp-json\/wp\/v2\/post_formats?post=103388"}],"curies":[{"name":"wp","href":"https:\/\/api.w.org\/{rel}","templated":true}]}}