
{"id":104269,"date":"2023-02-15T13:14:09","date_gmt":"2023-02-15T12:14:09","guid":{"rendered":"https:\/\/ibecbarcelona.eu\/ibec-holds-the-first-international-symposium-on-neuroblastoma-therapies\/"},"modified":"2023-02-15T13:43:07","modified_gmt":"2023-02-15T12:43:07","slug":"ibec-holds-the-first-international-symposium-on-neuroblastoma-therapies","status":"publish","type":"post","link":"https:\/\/ibecbarcelona.eu\/ca\/ibec-celebra-el-primer-simposi-internacional-sobre-terapies-contra-el-neuroblastoma","title":{"rendered":"L&#8217;IBEC celebra el primer Simposi Internacional sobre ter\u00e0pies contra el Neuroblastoma"},"content":{"rendered":"\n<h4 class=\"wp-block-heading\">El passat 6-7 de febrer l&#8217;Institut de Bioenginyeria de Catalunya (IBEC) va organitzar el primer Simposi Internacional sobre enfocaments transdisciplinaris per a la ter\u00e0pia del Neuroblastoma, un esdeveniment que va congregar m\u00e9s d&#8217;un centenar d&#8217;experts en la mat\u00e8ria i que es va celebrar a l&#8217;Hospital Sant Joan de D\u00e9u de Barcelona. En el Dia Internacional del C\u00e0ncer Infantil, aquest esdeveniment cobra especial rellev\u00e0ncia a causa del seu innovador enfocament en la recerca de noves ter\u00e0pies per a aquest tipus de c\u00e0ncer.<\/h4>\n\n\n\n<p>L&#8217;objectiu principal del simposi era fomentar l&#8217;intercanvi d&#8217;idees i coneixements entre experts de diversos camps, incloent investigadors, cl\u00ednics i associacions de pacients. El prop\u00f2sit era explorar solucions innovadores per abordar el tractament del neuroblastoma. Durant el dia i mig que va durar l&#8217;esdeveniment, els assistents van tenir l&#8217;oportunitat de participar en pon\u00e8ncies, presentacions de p\u00f2sters i taules rodones, per tal de promoure la discussi\u00f3 i el di\u00e0leg.<\/p>\n\n\n\n<p>El neuroblastoma \u00e9s un tipus de c\u00e0ncer que afecta les c\u00e8l\u00b7lules nervioses i \u00e9s m\u00e9s com\u00fa en nadons i nens petits. En general, s&#8217;origina en les gl\u00e0ndules suprarenals (petites gl\u00e0ndules ubicades a la part superior dels ronyons), tot i que tamb\u00e9 es pot presentar en altres \u00e0rees del cos, com l&#8217;abdomen, el coll o el t\u00f2rax. Si b\u00e9 es considera un tipus de c\u00e0ncer poc com\u00fa, \u00e9s el c\u00e0ncer m\u00e9s freq\u00fcent en la inf\u00e0ncia.<\/p>\n\n\n\n<p>El Primer Simposi Internacional sobre enfocaments transdisciplinaris per a la ter\u00e0pia del Neuroblastoma, que va comptar amb l&#8217;assist\u00e8ncia de m\u00e9s de 100 participants, va representar un pas crucial cap a la creaci\u00f3 d&#8217;un consorci de recerca que pugui contribuir activament al Pla Europeu de Lluita contra el C\u00e0ncer.<\/p>\n\n\n\n<figure class=\"wp-block-image size-large\"><img decoding=\"async\" width=\"1024\" height=\"512\" data-src=\"https:\/\/ibecbarcelona.eu\/wp-content\/uploads\/2023\/02\/neuroblastoma_event-1024x512.jpg\" alt=\"\" class=\"wp-image-104260 lazyload\" data-srcset=\"https:\/\/ibecbarcelona.eu\/wp-content\/uploads\/2023\/02\/neuroblastoma_event-1024x512.jpg 1024w, https:\/\/ibecbarcelona.eu\/wp-content\/uploads\/2023\/02\/neuroblastoma_event-300x150.jpg 300w, https:\/\/ibecbarcelona.eu\/wp-content\/uploads\/2023\/02\/neuroblastoma_event-768x384.jpg 768w, https:\/\/ibecbarcelona.eu\/wp-content\/uploads\/2023\/02\/neuroblastoma_event.jpg 1200w\" data-sizes=\"(max-width: 1024px) 100vw, 1024px\" src=\"data:image\/svg+xml;base64,PHN2ZyB3aWR0aD0iMSIgaGVpZ2h0PSIxIiB4bWxucz0iaHR0cDovL3d3dy53My5vcmcvMjAwMC9zdmciPjwvc3ZnPg==\" style=\"--smush-placeholder-width: 1024px; --smush-placeholder-aspect-ratio: 1024\/512;\" \/><\/figure>\n\n\n\n<p>La inauguraci\u00f3 de l&#8217;esdeveniment va anar a c\u00e0rrec de Jaume Mora, director cient\u00edfic del Pediatric Cancer Center Barcelona (PCCB), Josep Samitier, director de l&#8217;Institut de Bioenginyeria de Catalunya (IBEC), i Joaqu\u00edn Mol\u00ed, president de l&#8217;Associaci\u00f3 de familiars i amics de nens amb neuroblastoma (NEN). Els dissertants van emfatitzar la import\u00e0ncia de crear espais de discussi\u00f3 i col\u00b7laboraci\u00f3 per abordar de manera efectiva els desafiaments que planteja el neuroblastoma.<\/p>\n\n\n\n<p>Amb la participaci\u00f3 d&#8217;un grup divers d&#8217;experts i associacions de pacients, el simposi va proporcionar una plataforma per a la futura col\u00b7laboraci\u00f3 i el progr\u00e9s en la lluita contra el neuroblastoma.<\/p>\n\n\n\n<p>En la jornada dedicada a la biologia i modelat del neuroblastoma, l&#8217;esdeveniment va comptar amb la participaci\u00f3 de <strong>Jan Skoda, <\/strong>Masaryk University, Rep\u00fablica Txeca; &nbsp;<strong>Francisco M. Vega, <\/strong>Universidad de Sevilla i Instituto de Biomedicina de Sevilla, Espanya; &nbsp;<strong>Olga Piskareva, <\/strong>RCSI University of Health and Medical Sciences, Irlanda; &nbsp;<strong>Melinda Halasz, <\/strong>University College Dublin, Irlanda; &nbsp;<strong>Oscar Bedoya-Reina, <\/strong>Karolinska Institutet, Su\u00e8cia; &nbsp;<strong>Aranzazu Villasante, <\/strong>Institut de Bioenginyeria de Catalunya (IBEC), Espanya; <strong>Isaac Vieco-Mart\u00ed, <\/strong>Universitat de Val\u00e8ncia-INCLIVA, Espanya; <strong>Daniel Bexell, <\/strong>Universitat de Lund, Su\u00e8cia; &nbsp;<strong>Teodora Randelovic, <\/strong>Instituto de Investigaciones Sanitarias Arag\u00f3 (IISA), Espanya i<strong> Walter Kolch, <\/strong>University College Dublin (UCD), Irlanda.<\/p>\n\n\n\n<p>En la secci\u00f3 dedicada a les ter\u00e0pies de vanguardia van intervenir: <strong>Juan Gallo, <\/strong>International Iberian Nanotechnology Laboratory (INL), Portugal; &nbsp;<strong>Fabio Pastorino, <\/strong>IRCCS Istituto Giannina Gaslini, It\u00e0lia; &nbsp;<strong>Lena Witzdam, <\/strong>Institut de Bioenginyeria de Catalunya (IBEC), Espanya; &nbsp;<strong>Alena Gros, <\/strong>Vall d&#8217;Hebron Institut d&#8217;Oncologia (VHIO), Espanya; &nbsp;<strong>Souhaila H. El Moukhtari, <\/strong>Universidad de Navarra, Espanya; &nbsp;<strong>Ariadna Boloix, <\/strong>Vall d&#8217;Hebron Institut de Recerca (VHIR), Espanya i<strong> Oscar Mart\u00ednez Tirado, <\/strong>Institut d&#8217;Investigaci\u00f3 Biom\u00e8dica de Bellvitge (IDIBELL), Espanya.<\/p>\n\n\n\n<p>En la jornada dedicada als assajos cl\u00ednics l&#8217;esdeveniment va comptar amb les pon\u00e8ncies de<strong> Frank Westermann, <\/strong>German Cancer Research Center (DKFZ), Alemanya; &nbsp;<strong>Ellen King, <\/strong>Royal College of Surgeons in Ireland; &nbsp;<strong>Gudrun Schleiermacher<\/strong>, Institut Curie, Fran\u00e7a; &nbsp;<strong>Ronja Struck, <\/strong>Royal College of Surgeons in Ireland; &nbsp;<strong>Max van Noesel, <\/strong>c Princess Maxima center for pediatric oncology, Pa\u00efsos Baixos i<strong> Lucas Moreno, <\/strong>cap de divisi\u00f3 d&#8217;Oncologia Pedi\u00e0trica i Hematologia del Vall d&#8217;Hebron Barcelona Hospital Campus, Espanya.<\/p>\n\n\n\n<p>La clausura va anar a c\u00e0rrec de Lucas Moreno, cap de la Divisi\u00f3 d&#8217;Oncologia i Hematologia Pedi\u00e0trica del Campus de l&#8217;Hospital Vall d&#8217;Hebron, qui va destacar la import\u00e0ncia de traslladar les troballes de la investigaci\u00f3 en beneficis tangibles per als pacients.<\/p>\n\n\n\n<p>Aquest simposi ha estat finan\u00e7at pel <a href=\"https:\/\/www.ejprarediseases.org\/\">Programa Conjunt Europeu de Malalties Rares<\/a> i organitzat per l&#8217;IBEC en col\u00b7laboraci\u00f3 amb l&#8217;Hospital Sant Joan de D\u00e9u i <a href=\"https:\/\/asociacion-nen.org\/\">l&#8217;Associaci\u00f3 NEN<\/a>.<\/p>\n","protected":false},"excerpt":{"rendered":"<p>El passat 6-7 de febrer l&#8217;Institut de Bioenginyeria de Catalunya (IBEC) va organitzar el primer Simposi Internacional sobre enfocaments transdisciplinaris per a la ter\u00e0pia del Neuroblastoma, un esdeveniment que va &#8230; <a title=\"L&#8217;IBEC celebra el primer Simposi Internacional sobre ter\u00e0pies contra el Neuroblastoma\" class=\"read-more\" href=\"https:\/\/ibecbarcelona.eu\/ca\/ibec-celebra-el-primer-simposi-internacional-sobre-terapies-contra-el-neuroblastoma\" aria-label=\"More on L&#8217;IBEC celebra el primer Simposi Internacional sobre ter\u00e0pies contra el Neuroblastoma\">Read more<\/a><\/p>\n","protected":false},"author":4,"featured_media":102287,"comment_status":"closed","ping_status":"closed","sticky":false,"template":"","format":"standard","meta":{"footnotes":""},"categories":[98],"tags":[1731,1878,1932],"post_formats":[],"class_list":["post-104269","post","type-post","status-publish","format-standard","has-post-thumbnail","hentry","category-noticies-institucionals","tag-esdeveniment","tag-nanobioengineering-ca","tag-neuroblastoma-ca"],"yoast_head":"<!-- This site is optimized with the Yoast SEO plugin v27.5 - https:\/\/yoast.com\/product\/yoast-seo-wordpress\/ -->\n<title>L&#039;IBEC celebra el primer Simposi Internacional sobre ter\u00e0pies contra el Neuroblastoma - Institute for Bioengineering of Catalonia<\/title>\n<meta name=\"robots\" content=\"index, follow, max-snippet:-1, max-image-preview:large, max-video-preview:-1\" \/>\n<link rel=\"canonical\" href=\"https:\/\/ibecbarcelona.eu\/ca\/ibec-celebra-el-primer-simposi-internacional-sobre-terapies-contra-el-neuroblastoma\/\" \/>\n<meta property=\"og:locale\" content=\"ca_ES\" \/>\n<meta property=\"og:type\" content=\"article\" \/>\n<meta property=\"og:title\" content=\"L&#039;IBEC celebra el primer Simposi Internacional sobre ter\u00e0pies contra el Neuroblastoma - Institute for Bioengineering of Catalonia\" \/>\n<meta property=\"og:description\" content=\"El passat 6-7 de febrer l&#8217;Institut de Bioenginyeria de Catalunya (IBEC) va organitzar el primer Simposi Internacional sobre enfocaments transdisciplinaris per a la ter\u00e0pia del Neuroblastoma, un esdeveniment que va ... Read more\" \/>\n<meta property=\"og:url\" content=\"https:\/\/ibecbarcelona.eu\/ca\/ibec-celebra-el-primer-simposi-internacional-sobre-terapies-contra-el-neuroblastoma\/\" \/>\n<meta property=\"og:site_name\" content=\"Institute for Bioengineering of Catalonia\" \/>\n<meta property=\"article:published_time\" content=\"2023-02-15T12:14:09+00:00\" \/>\n<meta property=\"article:modified_time\" content=\"2023-02-15T12:43:07+00:00\" \/>\n<meta property=\"og:image\" content=\"https:\/\/ibecbarcelona.eu\/wp-content\/uploads\/2022\/11\/neuroblastoma_REDES.jpg\" \/>\n\t<meta property=\"og:image:width\" content=\"1387\" \/>\n\t<meta property=\"og:image:height\" content=\"703\" \/>\n\t<meta property=\"og:image:type\" content=\"image\/jpeg\" \/>\n<meta name=\"author\" content=\"\u00c0ngels L\u00f3pez\" \/>\n<meta name=\"twitter:card\" content=\"summary_large_image\" \/>\n<meta name=\"twitter:label1\" content=\"Escrit per\" \/>\n\t<meta name=\"twitter:data1\" content=\"\u00c0ngels L\u00f3pez\" \/>\n\t<meta name=\"twitter:label2\" content=\"Temps estimat de lectura\" \/>\n\t<meta name=\"twitter:data2\" content=\"4 minuts\" \/>\n<script type=\"application\/ld+json\" class=\"yoast-schema-graph\">{\"@context\":\"https:\\\/\\\/schema.org\",\"@graph\":[{\"@type\":\"Article\",\"@id\":\"https:\\\/\\\/ibecbarcelona.eu\\\/ca\\\/ibec-celebra-el-primer-simposi-internacional-sobre-terapies-contra-el-neuroblastoma\\\/#article\",\"isPartOf\":{\"@id\":\"https:\\\/\\\/ibecbarcelona.eu\\\/ca\\\/ibec-celebra-el-primer-simposi-internacional-sobre-terapies-contra-el-neuroblastoma\\\/\"},\"author\":{\"name\":\"\u00c0ngels L\u00f3pez\",\"@id\":\"https:\\\/\\\/ibecbarcelona.eu\\\/#\\\/schema\\\/person\\\/c212c6b589546130be67986b9290e2b8\"},\"headline\":\"L&#8217;IBEC celebra el primer Simposi Internacional sobre ter\u00e0pies contra el Neuroblastoma\",\"datePublished\":\"2023-02-15T12:14:09+00:00\",\"dateModified\":\"2023-02-15T12:43:07+00:00\",\"mainEntityOfPage\":{\"@id\":\"https:\\\/\\\/ibecbarcelona.eu\\\/ca\\\/ibec-celebra-el-primer-simposi-internacional-sobre-terapies-contra-el-neuroblastoma\\\/\"},\"wordCount\":757,\"publisher\":{\"@id\":\"https:\\\/\\\/ibecbarcelona.eu\\\/#organization\"},\"image\":{\"@id\":\"https:\\\/\\\/ibecbarcelona.eu\\\/ca\\\/ibec-celebra-el-primer-simposi-internacional-sobre-terapies-contra-el-neuroblastoma\\\/#primaryimage\"},\"thumbnailUrl\":\"https:\\\/\\\/ibecbarcelona.eu\\\/wp-content\\\/uploads\\\/2022\\\/11\\\/neuroblastoma_REDES.jpg\",\"keywords\":[\"Esdeveniment\",\"Nanobioengineering\",\"Neuroblastoma\"],\"articleSection\":[\"Not\u00edcies institucionals\"],\"inLanguage\":\"ca\"},{\"@type\":\"WebPage\",\"@id\":\"https:\\\/\\\/ibecbarcelona.eu\\\/ca\\\/ibec-celebra-el-primer-simposi-internacional-sobre-terapies-contra-el-neuroblastoma\\\/\",\"url\":\"https:\\\/\\\/ibecbarcelona.eu\\\/ca\\\/ibec-celebra-el-primer-simposi-internacional-sobre-terapies-contra-el-neuroblastoma\\\/\",\"name\":\"L'IBEC celebra el primer Simposi Internacional sobre ter\u00e0pies contra el Neuroblastoma - Institute for Bioengineering of Catalonia\",\"isPartOf\":{\"@id\":\"https:\\\/\\\/ibecbarcelona.eu\\\/#website\"},\"primaryImageOfPage\":{\"@id\":\"https:\\\/\\\/ibecbarcelona.eu\\\/ca\\\/ibec-celebra-el-primer-simposi-internacional-sobre-terapies-contra-el-neuroblastoma\\\/#primaryimage\"},\"image\":{\"@id\":\"https:\\\/\\\/ibecbarcelona.eu\\\/ca\\\/ibec-celebra-el-primer-simposi-internacional-sobre-terapies-contra-el-neuroblastoma\\\/#primaryimage\"},\"thumbnailUrl\":\"https:\\\/\\\/ibecbarcelona.eu\\\/wp-content\\\/uploads\\\/2022\\\/11\\\/neuroblastoma_REDES.jpg\",\"datePublished\":\"2023-02-15T12:14:09+00:00\",\"dateModified\":\"2023-02-15T12:43:07+00:00\",\"breadcrumb\":{\"@id\":\"https:\\\/\\\/ibecbarcelona.eu\\\/ca\\\/ibec-celebra-el-primer-simposi-internacional-sobre-terapies-contra-el-neuroblastoma\\\/#breadcrumb\"},\"inLanguage\":\"ca\",\"potentialAction\":[{\"@type\":\"ReadAction\",\"target\":[\"https:\\\/\\\/ibecbarcelona.eu\\\/ca\\\/ibec-celebra-el-primer-simposi-internacional-sobre-terapies-contra-el-neuroblastoma\\\/\"]}]},{\"@type\":\"ImageObject\",\"inLanguage\":\"ca\",\"@id\":\"https:\\\/\\\/ibecbarcelona.eu\\\/ca\\\/ibec-celebra-el-primer-simposi-internacional-sobre-terapies-contra-el-neuroblastoma\\\/#primaryimage\",\"url\":\"https:\\\/\\\/ibecbarcelona.eu\\\/wp-content\\\/uploads\\\/2022\\\/11\\\/neuroblastoma_REDES.jpg\",\"contentUrl\":\"https:\\\/\\\/ibecbarcelona.eu\\\/wp-content\\\/uploads\\\/2022\\\/11\\\/neuroblastoma_REDES.jpg\",\"width\":1387,\"height\":703},{\"@type\":\"BreadcrumbList\",\"@id\":\"https:\\\/\\\/ibecbarcelona.eu\\\/ca\\\/ibec-celebra-el-primer-simposi-internacional-sobre-terapies-contra-el-neuroblastoma\\\/#breadcrumb\",\"itemListElement\":[{\"@type\":\"ListItem\",\"position\":1,\"name\":\"Home\",\"item\":\"https:\\\/\\\/ibecbarcelona.eu\\\/ca\\\/\"},{\"@type\":\"ListItem\",\"position\":2,\"name\":\"L&#8217;IBEC celebra el primer Simposi Internacional sobre ter\u00e0pies contra el Neuroblastoma\"}]},{\"@type\":\"WebSite\",\"@id\":\"https:\\\/\\\/ibecbarcelona.eu\\\/#website\",\"url\":\"https:\\\/\\\/ibecbarcelona.eu\\\/\",\"name\":\"Institute for Bioengineering of Catalonia\",\"description\":\"Bioengineering Solutions for Health\",\"publisher\":{\"@id\":\"https:\\\/\\\/ibecbarcelona.eu\\\/#organization\"},\"potentialAction\":[{\"@type\":\"SearchAction\",\"target\":{\"@type\":\"EntryPoint\",\"urlTemplate\":\"https:\\\/\\\/ibecbarcelona.eu\\\/?s={search_term_string}\"},\"query-input\":{\"@type\":\"PropertyValueSpecification\",\"valueRequired\":true,\"valueName\":\"search_term_string\"}}],\"inLanguage\":\"ca\"},{\"@type\":\"Organization\",\"@id\":\"https:\\\/\\\/ibecbarcelona.eu\\\/#organization\",\"name\":\"Institute for Bioengineering of Catalonia\",\"url\":\"https:\\\/\\\/ibecbarcelona.eu\\\/\",\"logo\":{\"@type\":\"ImageObject\",\"inLanguage\":\"ca\",\"@id\":\"https:\\\/\\\/ibecbarcelona.eu\\\/#\\\/schema\\\/logo\\\/image\\\/\",\"url\":\"https:\\\/\\\/ibecbarcelona.eu\\\/wp-content\\\/uploads\\\/2026\\\/01\\\/cropped-IBEC_20ANYS_GRIS.png\",\"contentUrl\":\"https:\\\/\\\/ibecbarcelona.eu\\\/wp-content\\\/uploads\\\/2026\\\/01\\\/cropped-IBEC_20ANYS_GRIS.png\",\"width\":696,\"height\":257,\"caption\":\"Institute for Bioengineering of Catalonia\"},\"image\":{\"@id\":\"https:\\\/\\\/ibecbarcelona.eu\\\/#\\\/schema\\\/logo\\\/image\\\/\"}},{\"@type\":\"Person\",\"@id\":\"https:\\\/\\\/ibecbarcelona.eu\\\/#\\\/schema\\\/person\\\/c212c6b589546130be67986b9290e2b8\",\"name\":\"\u00c0ngels L\u00f3pez\",\"image\":{\"@type\":\"ImageObject\",\"inLanguage\":\"ca\",\"@id\":\"https:\\\/\\\/secure.gravatar.com\\\/avatar\\\/09ad6ba116bea0b15c5511860f83b302579fd7404c1180e9dae55c3f11d988c6?s=96&d=mm&r=g\",\"url\":\"https:\\\/\\\/secure.gravatar.com\\\/avatar\\\/09ad6ba116bea0b15c5511860f83b302579fd7404c1180e9dae55c3f11d988c6?s=96&d=mm&r=g\",\"contentUrl\":\"https:\\\/\\\/secure.gravatar.com\\\/avatar\\\/09ad6ba116bea0b15c5511860f83b302579fd7404c1180e9dae55c3f11d988c6?s=96&d=mm&r=g\",\"caption\":\"\u00c0ngels L\u00f3pez\"},\"url\":\"https:\\\/\\\/ibecbarcelona.eu\\\/ca\\\/author\\\/alopez\\\/\"}]}<\/script>\n<!-- \/ Yoast SEO plugin. -->","yoast_head_json":{"title":"L'IBEC celebra el primer Simposi Internacional sobre ter\u00e0pies contra el Neuroblastoma - Institute for Bioengineering of Catalonia","robots":{"index":"index","follow":"follow","max-snippet":"max-snippet:-1","max-image-preview":"max-image-preview:large","max-video-preview":"max-video-preview:-1"},"canonical":"https:\/\/ibecbarcelona.eu\/ca\/ibec-celebra-el-primer-simposi-internacional-sobre-terapies-contra-el-neuroblastoma\/","og_locale":"ca_ES","og_type":"article","og_title":"L'IBEC celebra el primer Simposi Internacional sobre ter\u00e0pies contra el Neuroblastoma - Institute for Bioengineering of Catalonia","og_description":"El passat 6-7 de febrer l&#8217;Institut de Bioenginyeria de Catalunya (IBEC) va organitzar el primer Simposi Internacional sobre enfocaments transdisciplinaris per a la ter\u00e0pia del Neuroblastoma, un esdeveniment que va ... Read more","og_url":"https:\/\/ibecbarcelona.eu\/ca\/ibec-celebra-el-primer-simposi-internacional-sobre-terapies-contra-el-neuroblastoma\/","og_site_name":"Institute for Bioengineering of Catalonia","article_published_time":"2023-02-15T12:14:09+00:00","article_modified_time":"2023-02-15T12:43:07+00:00","og_image":[{"width":1387,"height":703,"url":"https:\/\/ibecbarcelona.eu\/wp-content\/uploads\/2022\/11\/neuroblastoma_REDES.jpg","type":"image\/jpeg"}],"author":"\u00c0ngels L\u00f3pez","twitter_card":"summary_large_image","twitter_misc":{"Escrit per":"\u00c0ngels L\u00f3pez","Temps estimat de lectura":"4 minuts"},"schema":{"@context":"https:\/\/schema.org","@graph":[{"@type":"Article","@id":"https:\/\/ibecbarcelona.eu\/ca\/ibec-celebra-el-primer-simposi-internacional-sobre-terapies-contra-el-neuroblastoma\/#article","isPartOf":{"@id":"https:\/\/ibecbarcelona.eu\/ca\/ibec-celebra-el-primer-simposi-internacional-sobre-terapies-contra-el-neuroblastoma\/"},"author":{"name":"\u00c0ngels L\u00f3pez","@id":"https:\/\/ibecbarcelona.eu\/#\/schema\/person\/c212c6b589546130be67986b9290e2b8"},"headline":"L&#8217;IBEC celebra el primer Simposi Internacional sobre ter\u00e0pies contra el Neuroblastoma","datePublished":"2023-02-15T12:14:09+00:00","dateModified":"2023-02-15T12:43:07+00:00","mainEntityOfPage":{"@id":"https:\/\/ibecbarcelona.eu\/ca\/ibec-celebra-el-primer-simposi-internacional-sobre-terapies-contra-el-neuroblastoma\/"},"wordCount":757,"publisher":{"@id":"https:\/\/ibecbarcelona.eu\/#organization"},"image":{"@id":"https:\/\/ibecbarcelona.eu\/ca\/ibec-celebra-el-primer-simposi-internacional-sobre-terapies-contra-el-neuroblastoma\/#primaryimage"},"thumbnailUrl":"https:\/\/ibecbarcelona.eu\/wp-content\/uploads\/2022\/11\/neuroblastoma_REDES.jpg","keywords":["Esdeveniment","Nanobioengineering","Neuroblastoma"],"articleSection":["Not\u00edcies institucionals"],"inLanguage":"ca"},{"@type":"WebPage","@id":"https:\/\/ibecbarcelona.eu\/ca\/ibec-celebra-el-primer-simposi-internacional-sobre-terapies-contra-el-neuroblastoma\/","url":"https:\/\/ibecbarcelona.eu\/ca\/ibec-celebra-el-primer-simposi-internacional-sobre-terapies-contra-el-neuroblastoma\/","name":"L'IBEC celebra el primer Simposi Internacional sobre ter\u00e0pies contra el Neuroblastoma - Institute for Bioengineering of Catalonia","isPartOf":{"@id":"https:\/\/ibecbarcelona.eu\/#website"},"primaryImageOfPage":{"@id":"https:\/\/ibecbarcelona.eu\/ca\/ibec-celebra-el-primer-simposi-internacional-sobre-terapies-contra-el-neuroblastoma\/#primaryimage"},"image":{"@id":"https:\/\/ibecbarcelona.eu\/ca\/ibec-celebra-el-primer-simposi-internacional-sobre-terapies-contra-el-neuroblastoma\/#primaryimage"},"thumbnailUrl":"https:\/\/ibecbarcelona.eu\/wp-content\/uploads\/2022\/11\/neuroblastoma_REDES.jpg","datePublished":"2023-02-15T12:14:09+00:00","dateModified":"2023-02-15T12:43:07+00:00","breadcrumb":{"@id":"https:\/\/ibecbarcelona.eu\/ca\/ibec-celebra-el-primer-simposi-internacional-sobre-terapies-contra-el-neuroblastoma\/#breadcrumb"},"inLanguage":"ca","potentialAction":[{"@type":"ReadAction","target":["https:\/\/ibecbarcelona.eu\/ca\/ibec-celebra-el-primer-simposi-internacional-sobre-terapies-contra-el-neuroblastoma\/"]}]},{"@type":"ImageObject","inLanguage":"ca","@id":"https:\/\/ibecbarcelona.eu\/ca\/ibec-celebra-el-primer-simposi-internacional-sobre-terapies-contra-el-neuroblastoma\/#primaryimage","url":"https:\/\/ibecbarcelona.eu\/wp-content\/uploads\/2022\/11\/neuroblastoma_REDES.jpg","contentUrl":"https:\/\/ibecbarcelona.eu\/wp-content\/uploads\/2022\/11\/neuroblastoma_REDES.jpg","width":1387,"height":703},{"@type":"BreadcrumbList","@id":"https:\/\/ibecbarcelona.eu\/ca\/ibec-celebra-el-primer-simposi-internacional-sobre-terapies-contra-el-neuroblastoma\/#breadcrumb","itemListElement":[{"@type":"ListItem","position":1,"name":"Home","item":"https:\/\/ibecbarcelona.eu\/ca\/"},{"@type":"ListItem","position":2,"name":"L&#8217;IBEC celebra el primer Simposi Internacional sobre ter\u00e0pies contra el Neuroblastoma"}]},{"@type":"WebSite","@id":"https:\/\/ibecbarcelona.eu\/#website","url":"https:\/\/ibecbarcelona.eu\/","name":"Institute for Bioengineering of Catalonia","description":"Bioengineering Solutions for Health","publisher":{"@id":"https:\/\/ibecbarcelona.eu\/#organization"},"potentialAction":[{"@type":"SearchAction","target":{"@type":"EntryPoint","urlTemplate":"https:\/\/ibecbarcelona.eu\/?s={search_term_string}"},"query-input":{"@type":"PropertyValueSpecification","valueRequired":true,"valueName":"search_term_string"}}],"inLanguage":"ca"},{"@type":"Organization","@id":"https:\/\/ibecbarcelona.eu\/#organization","name":"Institute for Bioengineering of Catalonia","url":"https:\/\/ibecbarcelona.eu\/","logo":{"@type":"ImageObject","inLanguage":"ca","@id":"https:\/\/ibecbarcelona.eu\/#\/schema\/logo\/image\/","url":"https:\/\/ibecbarcelona.eu\/wp-content\/uploads\/2026\/01\/cropped-IBEC_20ANYS_GRIS.png","contentUrl":"https:\/\/ibecbarcelona.eu\/wp-content\/uploads\/2026\/01\/cropped-IBEC_20ANYS_GRIS.png","width":696,"height":257,"caption":"Institute for Bioengineering of Catalonia"},"image":{"@id":"https:\/\/ibecbarcelona.eu\/#\/schema\/logo\/image\/"}},{"@type":"Person","@id":"https:\/\/ibecbarcelona.eu\/#\/schema\/person\/c212c6b589546130be67986b9290e2b8","name":"\u00c0ngels L\u00f3pez","image":{"@type":"ImageObject","inLanguage":"ca","@id":"https:\/\/secure.gravatar.com\/avatar\/09ad6ba116bea0b15c5511860f83b302579fd7404c1180e9dae55c3f11d988c6?s=96&d=mm&r=g","url":"https:\/\/secure.gravatar.com\/avatar\/09ad6ba116bea0b15c5511860f83b302579fd7404c1180e9dae55c3f11d988c6?s=96&d=mm&r=g","contentUrl":"https:\/\/secure.gravatar.com\/avatar\/09ad6ba116bea0b15c5511860f83b302579fd7404c1180e9dae55c3f11d988c6?s=96&d=mm&r=g","caption":"\u00c0ngels L\u00f3pez"},"url":"https:\/\/ibecbarcelona.eu\/ca\/author\/alopez\/"}]}},"AFP_featured_media_urls":{"full":["https:\/\/ibecbarcelona.eu\/wp-content\/uploads\/2022\/11\/neuroblastoma_REDES.jpg",1387,703,false],"thumbnail":["https:\/\/ibecbarcelona.eu\/wp-content\/uploads\/2022\/11\/neuroblastoma_REDES-150x150.jpg",150,150,true],"medium":["https:\/\/ibecbarcelona.eu\/wp-content\/uploads\/2022\/11\/neuroblastoma_REDES-300x152.jpg",300,152,true],"medium_large":["https:\/\/ibecbarcelona.eu\/wp-content\/uploads\/2022\/11\/neuroblastoma_REDES-768x389.jpg",768,389,true],"large":["https:\/\/ibecbarcelona.eu\/wp-content\/uploads\/2022\/11\/neuroblastoma_REDES-1024x519.jpg",1024,519,true]},"AFP_attachments":{"full":["https:\/\/ibecbarcelona.eu\/wp-content\/uploads\/2023\/02\/neuroblastoma_event.jpg",1200,600,false],"thumbnail":["https:\/\/ibecbarcelona.eu\/wp-content\/uploads\/2023\/02\/neuroblastoma_event-150x150.jpg",150,150,true],"medium":["https:\/\/ibecbarcelona.eu\/wp-content\/uploads\/2023\/02\/neuroblastoma_event-300x150.jpg",300,150,true],"medium_large":["https:\/\/ibecbarcelona.eu\/wp-content\/uploads\/2023\/02\/neuroblastoma_event-768x384.jpg",768,384,true],"large":["https:\/\/ibecbarcelona.eu\/wp-content\/uploads\/2023\/02\/neuroblastoma_event-1024x512.jpg",1024,512,true]},"AFP_videos":[],"AFP_video_blocks":"","AFP_category_names":["Not\u00edcies institucionals"],"_links":{"self":[{"href":"https:\/\/ibecbarcelona.eu\/ca\/wp-json\/wp\/v2\/posts\/104269","targetHints":{"allow":["GET"]}}],"collection":[{"href":"https:\/\/ibecbarcelona.eu\/ca\/wp-json\/wp\/v2\/posts"}],"about":[{"href":"https:\/\/ibecbarcelona.eu\/ca\/wp-json\/wp\/v2\/types\/post"}],"author":[{"embeddable":true,"href":"https:\/\/ibecbarcelona.eu\/ca\/wp-json\/wp\/v2\/users\/4"}],"replies":[{"embeddable":true,"href":"https:\/\/ibecbarcelona.eu\/ca\/wp-json\/wp\/v2\/comments?post=104269"}],"version-history":[{"count":1,"href":"https:\/\/ibecbarcelona.eu\/ca\/wp-json\/wp\/v2\/posts\/104269\/revisions"}],"predecessor-version":[{"id":104272,"href":"https:\/\/ibecbarcelona.eu\/ca\/wp-json\/wp\/v2\/posts\/104269\/revisions\/104272"}],"wp:featuredmedia":[{"embeddable":true,"href":"https:\/\/ibecbarcelona.eu\/ca\/wp-json\/wp\/v2\/media\/102287"}],"wp:attachment":[{"href":"https:\/\/ibecbarcelona.eu\/ca\/wp-json\/wp\/v2\/media?parent=104269"}],"wp:term":[{"taxonomy":"category","embeddable":true,"href":"https:\/\/ibecbarcelona.eu\/ca\/wp-json\/wp\/v2\/categories?post=104269"},{"taxonomy":"post_tag","embeddable":true,"href":"https:\/\/ibecbarcelona.eu\/ca\/wp-json\/wp\/v2\/tags?post=104269"},{"taxonomy":"post_format","embeddable":true,"href":"https:\/\/ibecbarcelona.eu\/ca\/wp-json\/wp\/v2\/post_formats?post=104269"}],"curies":[{"name":"wp","href":"https:\/\/api.w.org\/{rel}","templated":true}]}}