
{"id":109333,"date":"2023-06-29T12:25:03","date_gmt":"2023-06-29T10:25:03","guid":{"rendered":"https:\/\/ibecbarcelona.eu\/?p=109333"},"modified":"2023-06-29T18:11:44","modified_gmt":"2023-06-29T16:11:44","slug":"the-internal-clock-of-our-cells-is-influenced-by-mechanical-forces","status":"publish","type":"post","link":"https:\/\/ibecbarcelona.eu\/ca\/el-rellotge-intern-de-les-nostres-cellules-es-veu-afectat-per-les-forces-mecaniques","title":{"rendered":"El rellotge intern de les nostres c\u00e8l\u00b7lules es veu afectat per les forces mec\u00e0niques"},"content":{"rendered":"\n<p><strong>Investigadors de l&#8217;IBEC demostren com les forces f\u00edsiques desregulen el rellotge circadiari de les c\u00e8l\u00b7lules, el mecanisme que controla els canvis fisiol\u00f2gics cada 24h.<\/strong> <strong>La troballa pot ajudar a entendre millor l&#8217;envelliment i certes malalties, com alguns tipus de c\u00e0ncer, en qu\u00e8 el rellotge circadiari deixa de funcionar correctament.&nbsp;<\/strong><\/p>\n\n\n\n<figure class=\"wp-block-image size-large\"><img decoding=\"async\" width=\"1024\" height=\"576\" data-src=\"https:\/\/ibecbarcelona.eu\/wp-content\/uploads\/2023\/06\/Low_medico-guantes-medicos-blancos-sostiene-reloj-arena-simbolo-tiempo-curar-curar-1024x576.jpg\" alt=\"A doctor in medical gloves holds an hourglass.\" class=\"wp-image-109327 lazyload\" data-srcset=\"https:\/\/ibecbarcelona.eu\/wp-content\/uploads\/2023\/06\/Low_medico-guantes-medicos-blancos-sostiene-reloj-arena-simbolo-tiempo-curar-curar-1024x576.jpg 1024w, https:\/\/ibecbarcelona.eu\/wp-content\/uploads\/2023\/06\/Low_medico-guantes-medicos-blancos-sostiene-reloj-arena-simbolo-tiempo-curar-curar-300x169.jpg 300w, https:\/\/ibecbarcelona.eu\/wp-content\/uploads\/2023\/06\/Low_medico-guantes-medicos-blancos-sostiene-reloj-arena-simbolo-tiempo-curar-curar-768x432.jpg 768w, https:\/\/ibecbarcelona.eu\/wp-content\/uploads\/2023\/06\/Low_medico-guantes-medicos-blancos-sostiene-reloj-arena-simbolo-tiempo-curar-curar.jpg 1200w\" data-sizes=\"(max-width: 1024px) 100vw, 1024px\" src=\"data:image\/svg+xml;base64,PHN2ZyB3aWR0aD0iMSIgaGVpZ2h0PSIxIiB4bWxucz0iaHR0cDovL3d3dy53My5vcmcvMjAwMC9zdmciPjwvc3ZnPg==\" style=\"--smush-placeholder-width: 1024px; --smush-placeholder-aspect-ratio: 1024\/576;\" \/><\/figure>\n\n\n\n<div style=\"height:20px\" aria-hidden=\"true\" class=\"wp-block-spacer\"><\/div>\n\n\n\n<p>Els \u00e9ssers vius posseeixen un cicle biol\u00f2gic intern, conegut com a rellotge circadiari, que els permet adaptar-se a les modificacions ambientals derivades de la rotaci\u00f3 de la Terra. Activitats fisiol\u00f2giques crucials com el son, el metabolisme, les variacions hormonals, de temperatura corporal i de tensi\u00f3 arterial estan regulades per aquest rellotge intern. El 2017 el <a href=\"https:\/\/www.nobelprize.org\/prizes\/medicine\/2017\/press-release\/\" target=\"_blank\" rel=\"noreferrer noopener\">Premi Nobel de Medicina<\/a> es va concedir als investigadors que van realitzar importants troballes sobre els mecanismes que el controlen.<\/p>\n\n\n\n<p>El correcte funcionament del rellotge \u00e9s fonamental perqu\u00e8 els \u00e9ssers vius es puguin anticipar als canvis entre el dia i la nit, i adaptar la seva fisiologia per fer-hi front. Un exemple del desajust entre el rellotge circadiari i l&#8217;ambient extern \u00e9s el trastorn conegut com a &#8220;jet lag&#8221;, que es tradueix en canvis fisiol\u00f2gics en les persones que viatgen per diferents fusos horaris en poques hores.<\/p>\n\n\n\n<p>Ara, un grup d&#8217;investigadors liderats pel professor de recerca ICREA i l\u00edder del grup <a href=\"https:\/\/ibecbarcelona.eu\/integrative\" target=\"_blank\" rel=\"noreferrer noopener\">Din\u00e0mica Integrativa de c\u00e8l\u00b7lules i teixits<\/a> de l&#8217;IBEC, Xavier Trepat, han fet un pas m\u00e9s per desxifrar el seu funcionament i <strong>han descrit el mecanisme pel qual el rellotge circadiari de les c\u00e8l\u00b7lules es desregula en resposta a forces f\u00edsiques externes. <\/strong>El treball, fruit d&#8217;una col\u00b7laboraci\u00f3 entre l&#8217;IBEC i la Universitat Pompeu Fabra a Barcelona, es va publicar ahir a la revista <em>Journal of Cell Biology<\/em>.<\/p>\n\n\n\n<h4 class=\"wp-block-heading\"><strong>Prote\u00efna YAP: clau en la desregulaci\u00f3 del rellotge intern en resposta a forces f\u00edsiques<\/strong><\/h4>\n\n\n\n<p>En els mam\u00edfers, el rellotge circadiari central es localitza al cervell i es regula principalment per la llum. No obstant aix\u00f2, cada c\u00e8l\u00b7lula t\u00e9 el seu petit rellotge intern que percep i s&#8217;adapta al microambient que l&#8217;envolta.<\/p>\n\n\n\n<blockquote class=\"wp-block-quote is-layout-flow wp-block-quote-is-layout-flow\">\n<p><em>&#8220;Recentment s&#8217;ha descrit que les forces mec\u00e0niques s\u00f3n capaces de desregular el rellotge circadiari. El que mostrem ara \u00e9s el mecanisme molecular pel qual aix\u00f2 succeeix&#8221;.<\/em><\/p>\n<cite><em>Juan F. Abenza, investigador de l&#8217; IBEC i co-primer autor de<\/em> l&#8217;estudi.<\/cite><\/blockquote>\n\n\n\n<p>A trav\u00e9s d&#8217;experiments <em>in vitro <\/em>utilitzant fibroblasts de ratol\u00ed, c\u00e8l\u00b7lules del teixit connectiu encarregades entre altres coses de mantenir la seva estructura, han vist que la prote\u00efna YAP (de l&#8217;angl\u00e8s <em>Yes-Associated Protein<\/em>), \u00e9s la clau en la desregulaci\u00f3 del rellotge circadiari. Aquesta mateixa prote\u00efna tamb\u00e9 controla la proliferaci\u00f3 cel\u00b7lular i est\u00e0 relacionada amb el desenvolupament de met\u00e0stasi en diferents tipus de c\u00e0ncer.<\/p>\n\n\n\n<p>La prote\u00efna YAP \u00e9s el punt cap a on conflueixen els senyals mec\u00e0nics externs i que fa que les c\u00e8l\u00b7lules siguin capaces de percebre la rigidesa del seu entorn. YAP es troba en una forma inactiva en el citoplasma de les c\u00e8l\u00b7lules, i en resposta a est\u00edmuls mec\u00e0nics, s&#8217;activa i entra en el nucli, on actua concretament sobre alguns gens &#8220;diana&#8221; iniciant una resposta a l&#8217;est\u00edmul inicial.<\/p>\n\n\n\n<p>Els investigadors han utilitzat t\u00e8cniques avan\u00e7ades de microsc\u00f2pia confocal, microfabricaci\u00f3 i an\u00e0lisis customitzades per ordinador per estudiar el funcionament del rellotge circadiari en c\u00e8l\u00b7lules individuals. Han aplicat pertorbacions mec\u00e0niques, bioqu\u00edmiques i gen\u00e8tiques de manera controlada sobre les c\u00e8l\u00b7lules i han vist que un d&#8217;aquests gens &#8220;diana&#8221; de YAP \u00e9s <em>Rev- erb\u03b1<\/em>, un gen clau en el control del rellotge circadiari.<\/p>\n\n\n\n<blockquote class=\"wp-block-quote is-layout-flow wp-block-quote-is-layout-flow\">\n<p><em><em>&#8220;Quan una for\u00e7a f\u00edsica afecta la c\u00e8l\u00b7lula, la prote\u00efna YAP se&#8217;n va del citoplasma al nucli i afecta el gen Rev-erb\u03b1, pertorbant les oscil\u00b7lacions circadi\u00e0ries&#8221;.<\/em><\/em><\/p>\n<cite><em>Leone Rossetti, investigador de l&#8217;IBEC i co-primer autor de l&#8217;estudi.<\/em><\/cite><\/blockquote>\n\n\n\n<p>L&#8217;observaci\u00f3 que YAP altera el ritme de les c\u00e8l\u00b7lules afegeix una nova dimensi\u00f3 a la regulaci\u00f3 del rellotge circadiari i aporta elements que poden contribuir a explicar perqu\u00e8 deixa de funcionar correctament en c\u00e8l\u00b7lules canceroses i en proc\u00e9s d&#8217;envelliment.<\/p>\n\n\n\n<p>Xavier Trepat, l\u00edder de l&#8217;estudi, \u00e9s tamb\u00e9 professor a la Universitat de Barcelona (UB) i membre del Centro de Investigaci\u00f3n Biom\u00e9dica en Red en Bioingenier\u00eda, Biomateriales y Nanomedicina (CIBER-BBN).<\/p>\n\n\n\n<hr class=\"wp-block-separator has-alpha-channel-opacity\"\/>\n\n\n\n<p><strong>Article referenciat:<\/strong><\/p>\n\n\n\n<p>Juan F. Abenza, Leone Rossetti, Mal\u00e8ke Mouelhi, Javier Burgu\u00e9s, Ion Andreu, Keith Kennedy, Pere Roca-Cusachs, Santiago Marco, Jordi Garc\u00eda-Ojalvo, Xavier Trepat. <a href=\"https:\/\/doi.org\/10.1083\/jcb.202209120\">Mechanical control of the mammalian circadian clock via YAP\/TAZ and TEAD<\/a>. <em>J Cell Biol<\/em>&nbsp;(2023). DOI: 10.1083\/jcb.202209120<\/p>\n\n\n\n<hr class=\"wp-block-separator has-alpha-channel-opacity\"\/>\n","protected":false},"excerpt":{"rendered":"<p>Investigadors de l&#8217;IBEC demostren com les forces f\u00edsiques desregulen el rellotge circadiari de les c\u00e8l\u00b7lules, el mecanisme que controla els canvis fisiol\u00f2gics cada 24h. La troballa pot ajudar a entendre &#8230; <a title=\"El rellotge intern de les nostres c\u00e8l\u00b7lules es veu afectat per les forces mec\u00e0niques\" class=\"read-more\" href=\"https:\/\/ibecbarcelona.eu\/ca\/el-rellotge-intern-de-les-nostres-cellules-es-veu-afectat-per-les-forces-mecaniques\" aria-label=\"More on El rellotge intern de les nostres c\u00e8l\u00b7lules es veu afectat per les forces mec\u00e0niques\">Read more<\/a><\/p>\n","protected":false},"author":37,"featured_media":109328,"comment_status":"closed","ping_status":"closed","sticky":false,"template":"","format":"standard","meta":{"footnotes":""},"categories":[96],"tags":[1774,1842,1143],"post_formats":[],"class_list":["post-109333","post","type-post","status-publish","format-standard","has-post-thumbnail","hentry","category-noticies-de-recerca","tag-cancer-ca","tag-integrative-cell-and-tissue-dynamics-ca","tag-xavier-trepat-ca"],"yoast_head":"<!-- This site is optimized with the Yoast SEO plugin v27.5 - https:\/\/yoast.com\/product\/yoast-seo-wordpress\/ -->\n<title>Les forces mec\u00e0niques afecten el rellotge intern de les c\u00e8l\u00b7lules<\/title>\n<meta name=\"description\" content=\"La prote\u00efna YAP \u00e9s clau en la desregulaci\u00f3 del rellotge intern de les c\u00e8l\u00b7lules. La troballa podria explicar els efectes sobre el c\u00e0ncer i l&#039;envelliment.\" \/>\n<meta name=\"robots\" content=\"index, follow, max-snippet:-1, max-image-preview:large, max-video-preview:-1\" \/>\n<link rel=\"canonical\" href=\"https:\/\/ibecbarcelona.eu\/ca\/el-rellotge-intern-de-les-nostres-cellules-es-veu-afectat-per-les-forces-mecaniques\/\" \/>\n<meta property=\"og:locale\" content=\"ca_ES\" \/>\n<meta property=\"og:type\" content=\"article\" \/>\n<meta property=\"og:title\" content=\"Les forces mec\u00e0niques afecten el rellotge intern de les c\u00e8l\u00b7lules\" \/>\n<meta property=\"og:description\" content=\"La prote\u00efna YAP \u00e9s clau en la desregulaci\u00f3 del rellotge intern de les c\u00e8l\u00b7lules. La troballa podria explicar els efectes sobre el c\u00e0ncer i l&#039;envelliment.\" \/>\n<meta property=\"og:url\" content=\"https:\/\/ibecbarcelona.eu\/ca\/el-rellotge-intern-de-les-nostres-cellules-es-veu-afectat-per-les-forces-mecaniques\/\" \/>\n<meta property=\"og:site_name\" content=\"Institute for Bioengineering of Catalonia\" \/>\n<meta property=\"article:published_time\" content=\"2023-06-29T10:25:03+00:00\" \/>\n<meta property=\"article:modified_time\" content=\"2023-06-29T16:11:44+00:00\" \/>\n<meta property=\"og:image\" content=\"https:\/\/ibecbarcelona.eu\/wp-content\/uploads\/2023\/06\/Low_medico-guantes-medicos-blancos-sostiene-reloj-arena-simbolo-tiempo-curar-curar.jpg\" \/>\n\t<meta property=\"og:image:width\" content=\"1200\" \/>\n\t<meta property=\"og:image:height\" content=\"675\" \/>\n\t<meta property=\"og:image:type\" content=\"image\/jpeg\" \/>\n<meta name=\"author\" content=\"Sarah Moreira\" \/>\n<meta name=\"twitter:card\" content=\"summary_large_image\" \/>\n<meta name=\"twitter:label1\" content=\"Escrit per\" \/>\n\t<meta name=\"twitter:data1\" content=\"Sarah Moreira\" \/>\n\t<meta name=\"twitter:label2\" content=\"Temps estimat de lectura\" \/>\n\t<meta name=\"twitter:data2\" content=\"3 minuts\" \/>\n<script type=\"application\/ld+json\" class=\"yoast-schema-graph\">{\"@context\":\"https:\\\/\\\/schema.org\",\"@graph\":[{\"@type\":\"Article\",\"@id\":\"https:\\\/\\\/ibecbarcelona.eu\\\/ca\\\/el-rellotge-intern-de-les-nostres-cellules-es-veu-afectat-per-les-forces-mecaniques\\\/#article\",\"isPartOf\":{\"@id\":\"https:\\\/\\\/ibecbarcelona.eu\\\/ca\\\/el-rellotge-intern-de-les-nostres-cellules-es-veu-afectat-per-les-forces-mecaniques\\\/\"},\"author\":{\"name\":\"Sarah Moreira\",\"@id\":\"https:\\\/\\\/ibecbarcelona.eu\\\/#\\\/schema\\\/person\\\/d3a158b8d448000777023ca1e3d71d34\"},\"headline\":\"El rellotge intern de les nostres c\u00e8l\u00b7lules es veu afectat per les forces mec\u00e0niques\",\"datePublished\":\"2023-06-29T10:25:03+00:00\",\"dateModified\":\"2023-06-29T16:11:44+00:00\",\"mainEntityOfPage\":{\"@id\":\"https:\\\/\\\/ibecbarcelona.eu\\\/ca\\\/el-rellotge-intern-de-les-nostres-cellules-es-veu-afectat-per-les-forces-mecaniques\\\/\"},\"wordCount\":782,\"publisher\":{\"@id\":\"https:\\\/\\\/ibecbarcelona.eu\\\/#organization\"},\"image\":{\"@id\":\"https:\\\/\\\/ibecbarcelona.eu\\\/ca\\\/el-rellotge-intern-de-les-nostres-cellules-es-veu-afectat-per-les-forces-mecaniques\\\/#primaryimage\"},\"thumbnailUrl\":\"https:\\\/\\\/ibecbarcelona.eu\\\/wp-content\\\/uploads\\\/2023\\\/06\\\/Low_medico-guantes-medicos-blancos-sostiene-reloj-arena-simbolo-tiempo-curar-curar.jpg\",\"keywords\":[\"C\u00e0ncer\",\"Integrative cell and tissue dynamics\",\"Xavier Trepat\"],\"articleSection\":[\"Not\u00edcies de recerca\"],\"inLanguage\":\"ca\"},{\"@type\":\"WebPage\",\"@id\":\"https:\\\/\\\/ibecbarcelona.eu\\\/ca\\\/el-rellotge-intern-de-les-nostres-cellules-es-veu-afectat-per-les-forces-mecaniques\\\/\",\"url\":\"https:\\\/\\\/ibecbarcelona.eu\\\/ca\\\/el-rellotge-intern-de-les-nostres-cellules-es-veu-afectat-per-les-forces-mecaniques\\\/\",\"name\":\"Les forces mec\u00e0niques afecten el rellotge intern de les c\u00e8l\u00b7lules\",\"isPartOf\":{\"@id\":\"https:\\\/\\\/ibecbarcelona.eu\\\/#website\"},\"primaryImageOfPage\":{\"@id\":\"https:\\\/\\\/ibecbarcelona.eu\\\/ca\\\/el-rellotge-intern-de-les-nostres-cellules-es-veu-afectat-per-les-forces-mecaniques\\\/#primaryimage\"},\"image\":{\"@id\":\"https:\\\/\\\/ibecbarcelona.eu\\\/ca\\\/el-rellotge-intern-de-les-nostres-cellules-es-veu-afectat-per-les-forces-mecaniques\\\/#primaryimage\"},\"thumbnailUrl\":\"https:\\\/\\\/ibecbarcelona.eu\\\/wp-content\\\/uploads\\\/2023\\\/06\\\/Low_medico-guantes-medicos-blancos-sostiene-reloj-arena-simbolo-tiempo-curar-curar.jpg\",\"datePublished\":\"2023-06-29T10:25:03+00:00\",\"dateModified\":\"2023-06-29T16:11:44+00:00\",\"description\":\"La prote\u00efna YAP \u00e9s clau en la desregulaci\u00f3 del rellotge intern de les c\u00e8l\u00b7lules. La troballa podria explicar els efectes sobre el c\u00e0ncer i l'envelliment.\",\"breadcrumb\":{\"@id\":\"https:\\\/\\\/ibecbarcelona.eu\\\/ca\\\/el-rellotge-intern-de-les-nostres-cellules-es-veu-afectat-per-les-forces-mecaniques\\\/#breadcrumb\"},\"inLanguage\":\"ca\",\"potentialAction\":[{\"@type\":\"ReadAction\",\"target\":[\"https:\\\/\\\/ibecbarcelona.eu\\\/ca\\\/el-rellotge-intern-de-les-nostres-cellules-es-veu-afectat-per-les-forces-mecaniques\\\/\"]}]},{\"@type\":\"ImageObject\",\"inLanguage\":\"ca\",\"@id\":\"https:\\\/\\\/ibecbarcelona.eu\\\/ca\\\/el-rellotge-intern-de-les-nostres-cellules-es-veu-afectat-per-les-forces-mecaniques\\\/#primaryimage\",\"url\":\"https:\\\/\\\/ibecbarcelona.eu\\\/wp-content\\\/uploads\\\/2023\\\/06\\\/Low_medico-guantes-medicos-blancos-sostiene-reloj-arena-simbolo-tiempo-curar-curar.jpg\",\"contentUrl\":\"https:\\\/\\\/ibecbarcelona.eu\\\/wp-content\\\/uploads\\\/2023\\\/06\\\/Low_medico-guantes-medicos-blancos-sostiene-reloj-arena-simbolo-tiempo-curar-curar.jpg\",\"width\":1200,\"height\":675,\"caption\":\"A doctor in white medical gloves holds an hourglass - a symbol of time to heal and cure. Medical concept.\"},{\"@type\":\"BreadcrumbList\",\"@id\":\"https:\\\/\\\/ibecbarcelona.eu\\\/ca\\\/el-rellotge-intern-de-les-nostres-cellules-es-veu-afectat-per-les-forces-mecaniques\\\/#breadcrumb\",\"itemListElement\":[{\"@type\":\"ListItem\",\"position\":1,\"name\":\"Home\",\"item\":\"https:\\\/\\\/ibecbarcelona.eu\\\/ca\\\/\"},{\"@type\":\"ListItem\",\"position\":2,\"name\":\"El rellotge intern de les nostres c\u00e8l\u00b7lules es veu afectat per les forces mec\u00e0niques\"}]},{\"@type\":\"WebSite\",\"@id\":\"https:\\\/\\\/ibecbarcelona.eu\\\/#website\",\"url\":\"https:\\\/\\\/ibecbarcelona.eu\\\/\",\"name\":\"Institute for Bioengineering of Catalonia\",\"description\":\"Bioengineering Solutions for Health\",\"publisher\":{\"@id\":\"https:\\\/\\\/ibecbarcelona.eu\\\/#organization\"},\"potentialAction\":[{\"@type\":\"SearchAction\",\"target\":{\"@type\":\"EntryPoint\",\"urlTemplate\":\"https:\\\/\\\/ibecbarcelona.eu\\\/?s={search_term_string}\"},\"query-input\":{\"@type\":\"PropertyValueSpecification\",\"valueRequired\":true,\"valueName\":\"search_term_string\"}}],\"inLanguage\":\"ca\"},{\"@type\":\"Organization\",\"@id\":\"https:\\\/\\\/ibecbarcelona.eu\\\/#organization\",\"name\":\"Institute for Bioengineering of Catalonia\",\"url\":\"https:\\\/\\\/ibecbarcelona.eu\\\/\",\"logo\":{\"@type\":\"ImageObject\",\"inLanguage\":\"ca\",\"@id\":\"https:\\\/\\\/ibecbarcelona.eu\\\/#\\\/schema\\\/logo\\\/image\\\/\",\"url\":\"https:\\\/\\\/ibecbarcelona.eu\\\/wp-content\\\/uploads\\\/2026\\\/01\\\/cropped-IBEC_20ANYS_GRIS.png\",\"contentUrl\":\"https:\\\/\\\/ibecbarcelona.eu\\\/wp-content\\\/uploads\\\/2026\\\/01\\\/cropped-IBEC_20ANYS_GRIS.png\",\"width\":696,\"height\":257,\"caption\":\"Institute for Bioengineering of Catalonia\"},\"image\":{\"@id\":\"https:\\\/\\\/ibecbarcelona.eu\\\/#\\\/schema\\\/logo\\\/image\\\/\"}},{\"@type\":\"Person\",\"@id\":\"https:\\\/\\\/ibecbarcelona.eu\\\/#\\\/schema\\\/person\\\/d3a158b8d448000777023ca1e3d71d34\",\"name\":\"Sarah Moreira\",\"image\":{\"@type\":\"ImageObject\",\"inLanguage\":\"ca\",\"@id\":\"https:\\\/\\\/secure.gravatar.com\\\/avatar\\\/37385a1f83bdef106d1b89522da4c620ee48ba2eb0662dbc73ba05b7f3fbdf89?s=96&d=mm&r=g\",\"url\":\"https:\\\/\\\/secure.gravatar.com\\\/avatar\\\/37385a1f83bdef106d1b89522da4c620ee48ba2eb0662dbc73ba05b7f3fbdf89?s=96&d=mm&r=g\",\"contentUrl\":\"https:\\\/\\\/secure.gravatar.com\\\/avatar\\\/37385a1f83bdef106d1b89522da4c620ee48ba2eb0662dbc73ba05b7f3fbdf89?s=96&d=mm&r=g\",\"caption\":\"Sarah Moreira\"},\"url\":\"https:\\\/\\\/ibecbarcelona.eu\\\/ca\\\/author\\\/smoreira\\\/\"}]}<\/script>\n<!-- \/ Yoast SEO plugin. -->","yoast_head_json":{"title":"Les forces mec\u00e0niques afecten el rellotge intern de les c\u00e8l\u00b7lules","description":"La prote\u00efna YAP \u00e9s clau en la desregulaci\u00f3 del rellotge intern de les c\u00e8l\u00b7lules. La troballa podria explicar els efectes sobre el c\u00e0ncer i l'envelliment.","robots":{"index":"index","follow":"follow","max-snippet":"max-snippet:-1","max-image-preview":"max-image-preview:large","max-video-preview":"max-video-preview:-1"},"canonical":"https:\/\/ibecbarcelona.eu\/ca\/el-rellotge-intern-de-les-nostres-cellules-es-veu-afectat-per-les-forces-mecaniques\/","og_locale":"ca_ES","og_type":"article","og_title":"Les forces mec\u00e0niques afecten el rellotge intern de les c\u00e8l\u00b7lules","og_description":"La prote\u00efna YAP \u00e9s clau en la desregulaci\u00f3 del rellotge intern de les c\u00e8l\u00b7lules. La troballa podria explicar els efectes sobre el c\u00e0ncer i l'envelliment.","og_url":"https:\/\/ibecbarcelona.eu\/ca\/el-rellotge-intern-de-les-nostres-cellules-es-veu-afectat-per-les-forces-mecaniques\/","og_site_name":"Institute for Bioengineering of Catalonia","article_published_time":"2023-06-29T10:25:03+00:00","article_modified_time":"2023-06-29T16:11:44+00:00","og_image":[{"width":1200,"height":675,"url":"https:\/\/ibecbarcelona.eu\/wp-content\/uploads\/2023\/06\/Low_medico-guantes-medicos-blancos-sostiene-reloj-arena-simbolo-tiempo-curar-curar.jpg","type":"image\/jpeg"}],"author":"Sarah Moreira","twitter_card":"summary_large_image","twitter_misc":{"Escrit per":"Sarah Moreira","Temps estimat de lectura":"3 minuts"},"schema":{"@context":"https:\/\/schema.org","@graph":[{"@type":"Article","@id":"https:\/\/ibecbarcelona.eu\/ca\/el-rellotge-intern-de-les-nostres-cellules-es-veu-afectat-per-les-forces-mecaniques\/#article","isPartOf":{"@id":"https:\/\/ibecbarcelona.eu\/ca\/el-rellotge-intern-de-les-nostres-cellules-es-veu-afectat-per-les-forces-mecaniques\/"},"author":{"name":"Sarah Moreira","@id":"https:\/\/ibecbarcelona.eu\/#\/schema\/person\/d3a158b8d448000777023ca1e3d71d34"},"headline":"El rellotge intern de les nostres c\u00e8l\u00b7lules es veu afectat per les forces mec\u00e0niques","datePublished":"2023-06-29T10:25:03+00:00","dateModified":"2023-06-29T16:11:44+00:00","mainEntityOfPage":{"@id":"https:\/\/ibecbarcelona.eu\/ca\/el-rellotge-intern-de-les-nostres-cellules-es-veu-afectat-per-les-forces-mecaniques\/"},"wordCount":782,"publisher":{"@id":"https:\/\/ibecbarcelona.eu\/#organization"},"image":{"@id":"https:\/\/ibecbarcelona.eu\/ca\/el-rellotge-intern-de-les-nostres-cellules-es-veu-afectat-per-les-forces-mecaniques\/#primaryimage"},"thumbnailUrl":"https:\/\/ibecbarcelona.eu\/wp-content\/uploads\/2023\/06\/Low_medico-guantes-medicos-blancos-sostiene-reloj-arena-simbolo-tiempo-curar-curar.jpg","keywords":["C\u00e0ncer","Integrative cell and tissue dynamics","Xavier Trepat"],"articleSection":["Not\u00edcies de recerca"],"inLanguage":"ca"},{"@type":"WebPage","@id":"https:\/\/ibecbarcelona.eu\/ca\/el-rellotge-intern-de-les-nostres-cellules-es-veu-afectat-per-les-forces-mecaniques\/","url":"https:\/\/ibecbarcelona.eu\/ca\/el-rellotge-intern-de-les-nostres-cellules-es-veu-afectat-per-les-forces-mecaniques\/","name":"Les forces mec\u00e0niques afecten el rellotge intern de les c\u00e8l\u00b7lules","isPartOf":{"@id":"https:\/\/ibecbarcelona.eu\/#website"},"primaryImageOfPage":{"@id":"https:\/\/ibecbarcelona.eu\/ca\/el-rellotge-intern-de-les-nostres-cellules-es-veu-afectat-per-les-forces-mecaniques\/#primaryimage"},"image":{"@id":"https:\/\/ibecbarcelona.eu\/ca\/el-rellotge-intern-de-les-nostres-cellules-es-veu-afectat-per-les-forces-mecaniques\/#primaryimage"},"thumbnailUrl":"https:\/\/ibecbarcelona.eu\/wp-content\/uploads\/2023\/06\/Low_medico-guantes-medicos-blancos-sostiene-reloj-arena-simbolo-tiempo-curar-curar.jpg","datePublished":"2023-06-29T10:25:03+00:00","dateModified":"2023-06-29T16:11:44+00:00","description":"La prote\u00efna YAP \u00e9s clau en la desregulaci\u00f3 del rellotge intern de les c\u00e8l\u00b7lules. La troballa podria explicar els efectes sobre el c\u00e0ncer i l'envelliment.","breadcrumb":{"@id":"https:\/\/ibecbarcelona.eu\/ca\/el-rellotge-intern-de-les-nostres-cellules-es-veu-afectat-per-les-forces-mecaniques\/#breadcrumb"},"inLanguage":"ca","potentialAction":[{"@type":"ReadAction","target":["https:\/\/ibecbarcelona.eu\/ca\/el-rellotge-intern-de-les-nostres-cellules-es-veu-afectat-per-les-forces-mecaniques\/"]}]},{"@type":"ImageObject","inLanguage":"ca","@id":"https:\/\/ibecbarcelona.eu\/ca\/el-rellotge-intern-de-les-nostres-cellules-es-veu-afectat-per-les-forces-mecaniques\/#primaryimage","url":"https:\/\/ibecbarcelona.eu\/wp-content\/uploads\/2023\/06\/Low_medico-guantes-medicos-blancos-sostiene-reloj-arena-simbolo-tiempo-curar-curar.jpg","contentUrl":"https:\/\/ibecbarcelona.eu\/wp-content\/uploads\/2023\/06\/Low_medico-guantes-medicos-blancos-sostiene-reloj-arena-simbolo-tiempo-curar-curar.jpg","width":1200,"height":675,"caption":"A doctor in white medical gloves holds an hourglass - a symbol of time to heal and cure. Medical concept."},{"@type":"BreadcrumbList","@id":"https:\/\/ibecbarcelona.eu\/ca\/el-rellotge-intern-de-les-nostres-cellules-es-veu-afectat-per-les-forces-mecaniques\/#breadcrumb","itemListElement":[{"@type":"ListItem","position":1,"name":"Home","item":"https:\/\/ibecbarcelona.eu\/ca\/"},{"@type":"ListItem","position":2,"name":"El rellotge intern de les nostres c\u00e8l\u00b7lules es veu afectat per les forces mec\u00e0niques"}]},{"@type":"WebSite","@id":"https:\/\/ibecbarcelona.eu\/#website","url":"https:\/\/ibecbarcelona.eu\/","name":"Institute for Bioengineering of Catalonia","description":"Bioengineering Solutions for Health","publisher":{"@id":"https:\/\/ibecbarcelona.eu\/#organization"},"potentialAction":[{"@type":"SearchAction","target":{"@type":"EntryPoint","urlTemplate":"https:\/\/ibecbarcelona.eu\/?s={search_term_string}"},"query-input":{"@type":"PropertyValueSpecification","valueRequired":true,"valueName":"search_term_string"}}],"inLanguage":"ca"},{"@type":"Organization","@id":"https:\/\/ibecbarcelona.eu\/#organization","name":"Institute for Bioengineering of Catalonia","url":"https:\/\/ibecbarcelona.eu\/","logo":{"@type":"ImageObject","inLanguage":"ca","@id":"https:\/\/ibecbarcelona.eu\/#\/schema\/logo\/image\/","url":"https:\/\/ibecbarcelona.eu\/wp-content\/uploads\/2026\/01\/cropped-IBEC_20ANYS_GRIS.png","contentUrl":"https:\/\/ibecbarcelona.eu\/wp-content\/uploads\/2026\/01\/cropped-IBEC_20ANYS_GRIS.png","width":696,"height":257,"caption":"Institute for Bioengineering of Catalonia"},"image":{"@id":"https:\/\/ibecbarcelona.eu\/#\/schema\/logo\/image\/"}},{"@type":"Person","@id":"https:\/\/ibecbarcelona.eu\/#\/schema\/person\/d3a158b8d448000777023ca1e3d71d34","name":"Sarah Moreira","image":{"@type":"ImageObject","inLanguage":"ca","@id":"https:\/\/secure.gravatar.com\/avatar\/37385a1f83bdef106d1b89522da4c620ee48ba2eb0662dbc73ba05b7f3fbdf89?s=96&d=mm&r=g","url":"https:\/\/secure.gravatar.com\/avatar\/37385a1f83bdef106d1b89522da4c620ee48ba2eb0662dbc73ba05b7f3fbdf89?s=96&d=mm&r=g","contentUrl":"https:\/\/secure.gravatar.com\/avatar\/37385a1f83bdef106d1b89522da4c620ee48ba2eb0662dbc73ba05b7f3fbdf89?s=96&d=mm&r=g","caption":"Sarah Moreira"},"url":"https:\/\/ibecbarcelona.eu\/ca\/author\/smoreira\/"}]}},"AFP_featured_media_urls":{"full":["https:\/\/ibecbarcelona.eu\/wp-content\/uploads\/2023\/06\/Low_medico-guantes-medicos-blancos-sostiene-reloj-arena-simbolo-tiempo-curar-curar.jpg",1200,675,false],"thumbnail":["https:\/\/ibecbarcelona.eu\/wp-content\/uploads\/2023\/06\/Low_medico-guantes-medicos-blancos-sostiene-reloj-arena-simbolo-tiempo-curar-curar-150x150.jpg",150,150,true],"medium":["https:\/\/ibecbarcelona.eu\/wp-content\/uploads\/2023\/06\/Low_medico-guantes-medicos-blancos-sostiene-reloj-arena-simbolo-tiempo-curar-curar-300x169.jpg",300,169,true],"medium_large":["https:\/\/ibecbarcelona.eu\/wp-content\/uploads\/2023\/06\/Low_medico-guantes-medicos-blancos-sostiene-reloj-arena-simbolo-tiempo-curar-curar-768x432.jpg",768,432,true],"large":["https:\/\/ibecbarcelona.eu\/wp-content\/uploads\/2023\/06\/Low_medico-guantes-medicos-blancos-sostiene-reloj-arena-simbolo-tiempo-curar-curar-1024x576.jpg",1024,576,true]},"AFP_attachments":{"full":["https:\/\/ibecbarcelona.eu\/wp-content\/uploads\/2023\/06\/Low_medico-guantes-medicos-blancos-sostiene-reloj-arena-simbolo-tiempo-curar-curar.jpg",1200,675,false],"thumbnail":["https:\/\/ibecbarcelona.eu\/wp-content\/uploads\/2023\/06\/Low_medico-guantes-medicos-blancos-sostiene-reloj-arena-simbolo-tiempo-curar-curar-150x150.jpg",150,150,true],"medium":["https:\/\/ibecbarcelona.eu\/wp-content\/uploads\/2023\/06\/Low_medico-guantes-medicos-blancos-sostiene-reloj-arena-simbolo-tiempo-curar-curar-300x169.jpg",300,169,true],"medium_large":["https:\/\/ibecbarcelona.eu\/wp-content\/uploads\/2023\/06\/Low_medico-guantes-medicos-blancos-sostiene-reloj-arena-simbolo-tiempo-curar-curar-768x432.jpg",768,432,true],"large":["https:\/\/ibecbarcelona.eu\/wp-content\/uploads\/2023\/06\/Low_medico-guantes-medicos-blancos-sostiene-reloj-arena-simbolo-tiempo-curar-curar-1024x576.jpg",1024,576,true]},"AFP_videos":[],"AFP_video_blocks":"","AFP_category_names":["Not\u00edcies de recerca"],"_links":{"self":[{"href":"https:\/\/ibecbarcelona.eu\/ca\/wp-json\/wp\/v2\/posts\/109333","targetHints":{"allow":["GET"]}}],"collection":[{"href":"https:\/\/ibecbarcelona.eu\/ca\/wp-json\/wp\/v2\/posts"}],"about":[{"href":"https:\/\/ibecbarcelona.eu\/ca\/wp-json\/wp\/v2\/types\/post"}],"author":[{"embeddable":true,"href":"https:\/\/ibecbarcelona.eu\/ca\/wp-json\/wp\/v2\/users\/37"}],"replies":[{"embeddable":true,"href":"https:\/\/ibecbarcelona.eu\/ca\/wp-json\/wp\/v2\/comments?post=109333"}],"version-history":[{"count":4,"href":"https:\/\/ibecbarcelona.eu\/ca\/wp-json\/wp\/v2\/posts\/109333\/revisions"}],"predecessor-version":[{"id":109349,"href":"https:\/\/ibecbarcelona.eu\/ca\/wp-json\/wp\/v2\/posts\/109333\/revisions\/109349"}],"wp:featuredmedia":[{"embeddable":true,"href":"https:\/\/ibecbarcelona.eu\/ca\/wp-json\/wp\/v2\/media\/109328"}],"wp:attachment":[{"href":"https:\/\/ibecbarcelona.eu\/ca\/wp-json\/wp\/v2\/media?parent=109333"}],"wp:term":[{"taxonomy":"category","embeddable":true,"href":"https:\/\/ibecbarcelona.eu\/ca\/wp-json\/wp\/v2\/categories?post=109333"},{"taxonomy":"post_tag","embeddable":true,"href":"https:\/\/ibecbarcelona.eu\/ca\/wp-json\/wp\/v2\/tags?post=109333"},{"taxonomy":"post_format","embeddable":true,"href":"https:\/\/ibecbarcelona.eu\/ca\/wp-json\/wp\/v2\/post_formats?post=109333"}],"curies":[{"name":"wp","href":"https:\/\/api.w.org\/{rel}","templated":true}]}}