
{"id":109371,"date":"2023-06-30T09:55:06","date_gmt":"2023-06-30T07:55:06","guid":{"rendered":"https:\/\/ibecbarcelona.eu\/?p=109371"},"modified":"2023-07-03T12:37:52","modified_gmt":"2023-07-03T10:37:52","slug":"ibec-launches-the-inclusive-science-project-in-collaboration-with-fecyt","status":"publish","type":"post","link":"https:\/\/ibecbarcelona.eu\/ca\/ibec-en-collaboracio-amb-fecyt-llanca-el-projecte-ciencia-inclusiva","title":{"rendered":"L&#8217;IBEC en col\u00b7laboraci\u00f3 amb FECYT llan\u00e7a el projecte Ci\u00e8ncia Inclusiva"},"content":{"rendered":"\n<p><strong>Es tracta d&#8217;una iniciativa que pret\u00e9n ajudar a incorporar una mirada inclusiva en les activitats d&#8217;educaci\u00f3 cient\u00edfica. Per al projecte, s&#8217;ha col\u00b7laborat amb diversos professionals de l&#8217;\u00e0mbit de la diversitat i la inclusi\u00f3 dissenyant m\u00faltiples maneres d&#8217;acc\u00e9s a la informaci\u00f3 (visual, escrita, sensorial, etc.). Ara, es posen a disposici\u00f3 de la comunitat cient\u00edfica i educativa els materials i eines desenvolupats.<\/strong><\/p>\n\n\n\n<figure class=\"wp-block-image size-large\"><img decoding=\"async\" width=\"1200\" height=\"675\" data-src=\"https:\/\/ibecbarcelona.eu\/wp-content\/uploads\/2023\/06\/Low_nino-sosteniendo-guirnaldas-caseras-papel-personas-diferentes-razas-edited.jpg\" alt=\"Ni\u00f1o sosteniendo guirnalda casera de papel de personas de diferentes etnias.\" class=\"wp-image-109354 lazyload\" data-srcset=\"https:\/\/ibecbarcelona.eu\/wp-content\/uploads\/2023\/06\/Low_nino-sosteniendo-guirnaldas-caseras-papel-personas-diferentes-razas-edited.jpg 1200w, https:\/\/ibecbarcelona.eu\/wp-content\/uploads\/2023\/06\/Low_nino-sosteniendo-guirnaldas-caseras-papel-personas-diferentes-razas-edited-300x169.jpg 300w, https:\/\/ibecbarcelona.eu\/wp-content\/uploads\/2023\/06\/Low_nino-sosteniendo-guirnaldas-caseras-papel-personas-diferentes-razas-edited-1024x576.jpg 1024w, https:\/\/ibecbarcelona.eu\/wp-content\/uploads\/2023\/06\/Low_nino-sosteniendo-guirnaldas-caseras-papel-personas-diferentes-razas-edited-768x432.jpg 768w\" data-sizes=\"(max-width: 1200px) 100vw, 1200px\" src=\"data:image\/svg+xml;base64,PHN2ZyB3aWR0aD0iMSIgaGVpZ2h0PSIxIiB4bWxucz0iaHR0cDovL3d3dy53My5vcmcvMjAwMC9zdmciPjwvc3ZnPg==\" style=\"--smush-placeholder-width: 1200px; --smush-placeholder-aspect-ratio: 1200\/675;\" \/><\/figure>\n\n\n\n<div style=\"height:20px\" aria-hidden=\"true\" class=\"wp-block-spacer\"><\/div>\n\n\n\n<p>Des de fa m\u00e9s de 10 anys, l&#8217;IBEC desenvolupa un programa d&#8217;educaci\u00f3 i divulgaci\u00f3 cient\u00edfica en la qual han participat m\u00e9s de 10.000 estudiants. Durant aquests anys, en algunes ocasions s&#8217;ha detectat la necessitat d&#8217;adaptar els continguts i missatges per poder atendre la diversitat de les aules. A m\u00e9s, la llei LOMLOE que regeix el sistema educatiu espanyol, dona un termini de 10 anys perqu\u00e8 els centres ordinaris comptin amb els recursos necessaris per dur a terme una educaci\u00f3 inclusiva normalitzada.<\/p>\n\n\n\n<p>\u00c9s per aix\u00f2 que l&#8217;IBEC ha decidit contribuir a aquest repte desenvolupat el projecte &#8220;Ci\u00e8ncia inclusiva: atenci\u00f3 a la diversitat en els projectes d&#8217;educaci\u00f3 cient\u00edfica&#8221;, una iniciativa que pret\u00e9n ajudar a transformar les activitats i convertir-les en inclusives. La iniciativa parteix de la ferma creen\u00e7a en la necessitat d&#8217; elaborar propostes d&#8217; educaci\u00f3 cient\u00edfica on tot l&#8217;alumnat se senti integrat i on pugui trobar diversitat de materials adaptats a les seves necessitats, garantint el seu acc\u00e9s a la ci\u00e8ncia i la tecnologia.<\/p>\n\n\n\n<p>El projecte s&#8217;ha estat desenvolupant al llarg d&#8217;aquest \u00faltim any gr\u00e0cies al finan\u00e7ament de la Fundaci\u00f3 Espanyola per a la Ci\u00e8ncia i la Tecnologia (FECYT).&nbsp; Ara, per contribuir a la democratitzaci\u00f3 del coneixement cient\u00edfic, es posen a disposici\u00f3 de la comunitat cient\u00edfica i educativa les eines, materials i exemples desenvolupats.<\/p>\n\n\n\n<p>Per a aquesta iniciativa, s&#8217;han buscat f\u00f3rmules que permetin apropar-se al coneixement cient\u00edfic des de diferents angles, dissenyant m\u00faltiples maneres d&#8217;acc\u00e9s a la informaci\u00f3 (visual, escrita, sensorial, etc.), proporcionant espais per a la reflexi\u00f3 i garantint l&#8217;aprenentatge a diferents ritmes de comprensi\u00f3.<\/p>\n\n\n\n<p>Durant el desenvolupament del projecte s&#8217;han fet proves pilot i col\u00b7laborat amb professionals d&#8217;OBBIA, consultoria especialitzada en diversitat i inclusi\u00f3, i de l&#8217;ONCE, organitzaci\u00f3 que brinda serveis a persones amb discapacitat. M\u00e9s concretament, amb l&#8217;ONCE es va organitzar un taller i visita guiada a les instal\u00b7lacions de l&#8217;IBEC per a nens i nenes amb discapacitat visual, a m\u00e9s d&#8217;un curs adre\u00e7at a professionals de l&#8217;educaci\u00f3 cient\u00edfica per adaptar les activitats educatives STEAM (ci\u00e8ncia, tecnologia, enginyeria, art i matem\u00e0tiques; per les seves sigles en angl\u00e8s) tamb\u00e9 a estudiants amb discapacitat visual.<\/p>\n\n\n\n<p>El passat 28 de juny, es van presentar els resultats del projecte durant la jornada ESCOLAB sobre la inclusi\u00f3 en les activitats educatives als centres de recerca. Una oportunitat per intercanviar punts de vista i aprendre de diferents professionals.<\/p>\n\n\n\n<p><a href=\"https:\/\/ibecbarcelona.eu\/es\/sociedad-y-ciencia\/ciencia-inclusiva\/\">M\u00e9s informaci\u00f3 sobre el projecte i acc\u00e9s als recursos gratu\u00efts.<\/a><\/p>\n\n\n\n<figure class=\"wp-block-gallery has-nested-images columns-default is-cropped wp-block-gallery-1 is-layout-flex wp-block-gallery-is-layout-flex\">\n<figure class=\"wp-block-image size-large\"><img decoding=\"async\" width=\"768\" height=\"1024\" data-id=\"105774\" data-src=\"https:\/\/ibecbarcelona.eu\/wp-content\/uploads\/2023\/03\/IMG20230310111412-768x1024.jpg\" alt=\"\" class=\"wp-image-105774 lazyload\" data-srcset=\"https:\/\/ibecbarcelona.eu\/wp-content\/uploads\/2023\/03\/IMG20230310111412-768x1024.jpg 768w, https:\/\/ibecbarcelona.eu\/wp-content\/uploads\/2023\/03\/IMG20230310111412-225x300.jpg 225w, https:\/\/ibecbarcelona.eu\/wp-content\/uploads\/2023\/03\/IMG20230310111412-1152x1536.jpg 1152w, https:\/\/ibecbarcelona.eu\/wp-content\/uploads\/2023\/03\/IMG20230310111412-1536x2048.jpg 1536w, https:\/\/ibecbarcelona.eu\/wp-content\/uploads\/2023\/03\/IMG20230310111412-scaled.jpg 1920w\" data-sizes=\"(max-width: 768px) 100vw, 768px\" src=\"data:image\/svg+xml;base64,PHN2ZyB3aWR0aD0iMSIgaGVpZ2h0PSIxIiB4bWxucz0iaHR0cDovL3d3dy53My5vcmcvMjAwMC9zdmciPjwvc3ZnPg==\" style=\"--smush-placeholder-width: 768px; --smush-placeholder-aspect-ratio: 768\/1024;\" \/><\/figure>\n\n\n\n<figure class=\"wp-block-image size-large\"><img decoding=\"async\" width=\"768\" height=\"1024\" data-id=\"109418\" data-src=\"https:\/\/ibecbarcelona.eu\/wp-content\/uploads\/2023\/06\/20230630_115546290_iOS-768x1024.jpg\" alt=\"\" class=\"wp-image-109418 lazyload\" data-srcset=\"https:\/\/ibecbarcelona.eu\/wp-content\/uploads\/2023\/06\/20230630_115546290_iOS-768x1024.jpg 768w, https:\/\/ibecbarcelona.eu\/wp-content\/uploads\/2023\/06\/20230630_115546290_iOS-225x300.jpg 225w, https:\/\/ibecbarcelona.eu\/wp-content\/uploads\/2023\/06\/20230630_115546290_iOS-1152x1536.jpg 1152w, https:\/\/ibecbarcelona.eu\/wp-content\/uploads\/2023\/06\/20230630_115546290_iOS-1536x2048.jpg 1536w, https:\/\/ibecbarcelona.eu\/wp-content\/uploads\/2023\/06\/20230630_115546290_iOS-scaled.jpg 1920w\" data-sizes=\"(max-width: 768px) 100vw, 768px\" src=\"data:image\/svg+xml;base64,PHN2ZyB3aWR0aD0iMSIgaGVpZ2h0PSIxIiB4bWxucz0iaHR0cDovL3d3dy53My5vcmcvMjAwMC9zdmciPjwvc3ZnPg==\" style=\"--smush-placeholder-width: 768px; --smush-placeholder-aspect-ratio: 768\/1024;\" \/><\/figure>\n\n\n\n<figure class=\"wp-block-image size-large\"><img decoding=\"async\" width=\"1024\" height=\"576\" data-id=\"105757\" data-src=\"https:\/\/ibecbarcelona.eu\/wp-content\/uploads\/2023\/03\/IMG20230310120442-Editada-1024x576.png\" alt=\"\" class=\"wp-image-105757 lazyload\" data-srcset=\"https:\/\/ibecbarcelona.eu\/wp-content\/uploads\/2023\/03\/IMG20230310120442-Editada-1024x576.png 1024w, https:\/\/ibecbarcelona.eu\/wp-content\/uploads\/2023\/03\/IMG20230310120442-Editada-300x169.png 300w, https:\/\/ibecbarcelona.eu\/wp-content\/uploads\/2023\/03\/IMG20230310120442-Editada-768x432.png 768w, https:\/\/ibecbarcelona.eu\/wp-content\/uploads\/2023\/03\/IMG20230310120442-Editada-1536x864.png 1536w, https:\/\/ibecbarcelona.eu\/wp-content\/uploads\/2023\/03\/IMG20230310120442-Editada.png 1600w\" data-sizes=\"(max-width: 1024px) 100vw, 1024px\" src=\"data:image\/svg+xml;base64,PHN2ZyB3aWR0aD0iMSIgaGVpZ2h0PSIxIiB4bWxucz0iaHR0cDovL3d3dy53My5vcmcvMjAwMC9zdmciPjwvc3ZnPg==\" style=\"--smush-placeholder-width: 1024px; --smush-placeholder-aspect-ratio: 1024\/576;\" \/><\/figure>\n\n\n\n<figure class=\"wp-block-image size-large\"><img decoding=\"async\" width=\"1024\" height=\"768\" data-id=\"109363\" data-src=\"https:\/\/ibecbarcelona.eu\/wp-content\/uploads\/2023\/06\/20230628_150758783_iOS-1024x768.jpg\" alt=\"\" class=\"wp-image-109363 lazyload\" data-srcset=\"https:\/\/ibecbarcelona.eu\/wp-content\/uploads\/2023\/06\/20230628_150758783_iOS-1024x768.jpg 1024w, https:\/\/ibecbarcelona.eu\/wp-content\/uploads\/2023\/06\/20230628_150758783_iOS-300x225.jpg 300w, https:\/\/ibecbarcelona.eu\/wp-content\/uploads\/2023\/06\/20230628_150758783_iOS-768x576.jpg 768w, https:\/\/ibecbarcelona.eu\/wp-content\/uploads\/2023\/06\/20230628_150758783_iOS-1536x1152.jpg 1536w, https:\/\/ibecbarcelona.eu\/wp-content\/uploads\/2023\/06\/20230628_150758783_iOS-2048x1536.jpg 2048w\" data-sizes=\"(max-width: 1024px) 100vw, 1024px\" src=\"data:image\/svg+xml;base64,PHN2ZyB3aWR0aD0iMSIgaGVpZ2h0PSIxIiB4bWxucz0iaHR0cDovL3d3dy53My5vcmcvMjAwMC9zdmciPjwvc3ZnPg==\" style=\"--smush-placeholder-width: 1024px; --smush-placeholder-aspect-ratio: 1024\/768;\" \/><\/figure>\n\n\n\n<figure class=\"wp-block-image size-large\"><img decoding=\"async\" width=\"1024\" height=\"768\" data-id=\"109360\" data-src=\"https:\/\/ibecbarcelona.eu\/wp-content\/uploads\/2023\/06\/MicrosoftTeams-image-11.jpg\" alt=\"\" class=\"wp-image-109360 lazyload\" data-srcset=\"https:\/\/ibecbarcelona.eu\/wp-content\/uploads\/2023\/06\/MicrosoftTeams-image-11.jpg 1024w, https:\/\/ibecbarcelona.eu\/wp-content\/uploads\/2023\/06\/MicrosoftTeams-image-11-300x225.jpg 300w, https:\/\/ibecbarcelona.eu\/wp-content\/uploads\/2023\/06\/MicrosoftTeams-image-11-768x576.jpg 768w\" data-sizes=\"(max-width: 1024px) 100vw, 1024px\" src=\"data:image\/svg+xml;base64,PHN2ZyB3aWR0aD0iMSIgaGVpZ2h0PSIxIiB4bWxucz0iaHR0cDovL3d3dy53My5vcmcvMjAwMC9zdmciPjwvc3ZnPg==\" style=\"--smush-placeholder-width: 1024px; --smush-placeholder-aspect-ratio: 1024\/768;\" \/><\/figure>\n\n\n\n<figure class=\"wp-block-image size-large\"><img decoding=\"async\" width=\"1024\" height=\"768\" data-id=\"109412\" data-src=\"https:\/\/ibecbarcelona.eu\/wp-content\/uploads\/2023\/06\/IMG_20230630_112149-1024x768.jpg\" alt=\"\" class=\"wp-image-109412 lazyload\" data-srcset=\"https:\/\/ibecbarcelona.eu\/wp-content\/uploads\/2023\/06\/IMG_20230630_112149-1024x768.jpg 1024w, https:\/\/ibecbarcelona.eu\/wp-content\/uploads\/2023\/06\/IMG_20230630_112149-300x225.jpg 300w, https:\/\/ibecbarcelona.eu\/wp-content\/uploads\/2023\/06\/IMG_20230630_112149-768x576.jpg 768w, https:\/\/ibecbarcelona.eu\/wp-content\/uploads\/2023\/06\/IMG_20230630_112149-1536x1152.jpg 1536w, https:\/\/ibecbarcelona.eu\/wp-content\/uploads\/2023\/06\/IMG_20230630_112149-2048x1536.jpg 2048w\" data-sizes=\"(max-width: 1024px) 100vw, 1024px\" src=\"data:image\/svg+xml;base64,PHN2ZyB3aWR0aD0iMSIgaGVpZ2h0PSIxIiB4bWxucz0iaHR0cDovL3d3dy53My5vcmcvMjAwMC9zdmciPjwvc3ZnPg==\" style=\"--smush-placeholder-width: 1024px; --smush-placeholder-aspect-ratio: 1024\/768;\" \/><\/figure>\n\n\n\n<figure class=\"wp-block-image size-large\"><img decoding=\"async\" width=\"1024\" height=\"768\" data-id=\"109408\" data-src=\"https:\/\/ibecbarcelona.eu\/wp-content\/uploads\/2023\/06\/20230630_090133119_iOS-1024x768.jpg\" alt=\"\" class=\"wp-image-109408 lazyload\" data-srcset=\"https:\/\/ibecbarcelona.eu\/wp-content\/uploads\/2023\/06\/20230630_090133119_iOS-1024x768.jpg 1024w, https:\/\/ibecbarcelona.eu\/wp-content\/uploads\/2023\/06\/20230630_090133119_iOS-300x225.jpg 300w, https:\/\/ibecbarcelona.eu\/wp-content\/uploads\/2023\/06\/20230630_090133119_iOS-768x576.jpg 768w, https:\/\/ibecbarcelona.eu\/wp-content\/uploads\/2023\/06\/20230630_090133119_iOS-1536x1152.jpg 1536w, https:\/\/ibecbarcelona.eu\/wp-content\/uploads\/2023\/06\/20230630_090133119_iOS-2048x1536.jpg 2048w\" data-sizes=\"(max-width: 1024px) 100vw, 1024px\" src=\"data:image\/svg+xml;base64,PHN2ZyB3aWR0aD0iMSIgaGVpZ2h0PSIxIiB4bWxucz0iaHR0cDovL3d3dy53My5vcmcvMjAwMC9zdmciPjwvc3ZnPg==\" style=\"--smush-placeholder-width: 1024px; --smush-placeholder-aspect-ratio: 1024\/768;\" \/><\/figure>\n<\/figure>\n\n\n\n<div style=\"height:20px\" aria-hidden=\"true\" class=\"wp-block-spacer\"><\/div>\n\n\n\n<pre class=\"wp-block-verse\">Amb la col\u00b7laboraci\u00f3 de la Fundaci\u00f3n Espa\u00f1ola para la Ciencia y la Tecnolog\u00eda \u2013 Ministerio de Ciencia e Innovaci\u00f3n.<\/pre>\n\n\n\n<figure class=\"wp-block-image size-large is-resized\"><img decoding=\"async\" data-src=\"https:\/\/ibecbarcelona.eu\/wp-content\/uploads\/2023\/06\/ministerio-fecyt-impreso_JPG-1-1024x207.jpg\" alt=\"Logo Fundaci\u00f3n Espa\u00f1ola para la Ciencia y la Tecnolog\u00eda \u2013 Ministerio de Ciencia e Innovaci\u00f3n.\" class=\"wp-image-108999 lazyload\" width=\"512\" height=\"104\" data-srcset=\"https:\/\/ibecbarcelona.eu\/wp-content\/uploads\/2023\/06\/ministerio-fecyt-impreso_JPG-1-1024x207.jpg 1024w, https:\/\/ibecbarcelona.eu\/wp-content\/uploads\/2023\/06\/ministerio-fecyt-impreso_JPG-1-300x61.jpg 300w, https:\/\/ibecbarcelona.eu\/wp-content\/uploads\/2023\/06\/ministerio-fecyt-impreso_JPG-1-768x155.jpg 768w, https:\/\/ibecbarcelona.eu\/wp-content\/uploads\/2023\/06\/ministerio-fecyt-impreso_JPG-1-1536x311.jpg 1536w, https:\/\/ibecbarcelona.eu\/wp-content\/uploads\/2023\/06\/ministerio-fecyt-impreso_JPG-1-2048x414.jpg 2048w\" data-sizes=\"(max-width: 512px) 100vw, 512px\" src=\"data:image\/svg+xml;base64,PHN2ZyB3aWR0aD0iMSIgaGVpZ2h0PSIxIiB4bWxucz0iaHR0cDovL3d3dy53My5vcmcvMjAwMC9zdmciPjwvc3ZnPg==\" style=\"--smush-placeholder-width: 512px; --smush-placeholder-aspect-ratio: 512\/104;\" \/><\/figure>\n","protected":false},"excerpt":{"rendered":"<p>Es tracta d&#8217;una iniciativa que pret\u00e9n ajudar a incorporar una mirada inclusiva en les activitats d&#8217;educaci\u00f3 cient\u00edfica. Per al projecte, s&#8217;ha col\u00b7laborat amb diversos professionals de l&#8217;\u00e0mbit de la diversitat i la inclusi\u00f3 dissenyant m\u00faltiples maneres d&#8217;acc\u00e9s a la informaci\u00f3 (visual, escrita, sensorial, etc.). Ara, es posen a disposici\u00f3 de la comunitat cient\u00edfica i educativa els materials i eines desenvolupats.<\/p>\n","protected":false},"author":37,"featured_media":109355,"comment_status":"closed","ping_status":"closed","sticky":false,"template":"","format":"standard","meta":{"footnotes":""},"categories":[98],"tags":[],"post_formats":[],"class_list":["post-109371","post","type-post","status-publish","format-standard","has-post-thumbnail","hentry","category-noticies-institucionals"],"yoast_head":"<!-- This site is optimized with the Yoast SEO plugin v27.5 - https:\/\/yoast.com\/product\/yoast-seo-wordpress\/ -->\n<title>IBEC i FECYT llan\u00e7en el projecte Ci\u00e8ncia Inclusiva<\/title>\n<meta name=\"description\" content=\"&quot;Ci\u00e8ncia inclusiva: atenci\u00f3 a la diversitat en els projectes d&#039;educaci\u00f3 cient\u00edfica&quot; vol transformar les activitats en inclusives.\" \/>\n<meta name=\"robots\" content=\"index, follow, max-snippet:-1, max-image-preview:large, max-video-preview:-1\" \/>\n<link rel=\"canonical\" href=\"https:\/\/ibecbarcelona.eu\/ca\/ibec-en-collaboracio-amb-fecyt-llanca-el-projecte-ciencia-inclusiva\/\" \/>\n<meta property=\"og:locale\" content=\"ca_ES\" \/>\n<meta property=\"og:type\" content=\"article\" \/>\n<meta property=\"og:title\" content=\"IBEC i FECYT llan\u00e7en el projecte Ci\u00e8ncia Inclusiva\" \/>\n<meta property=\"og:description\" content=\"&quot;Ci\u00e8ncia inclusiva: atenci\u00f3 a la diversitat en els projectes d&#039;educaci\u00f3 cient\u00edfica&quot; vol transformar les activitats en inclusives.\" \/>\n<meta property=\"og:url\" content=\"https:\/\/ibecbarcelona.eu\/ca\/ibec-en-collaboracio-amb-fecyt-llanca-el-projecte-ciencia-inclusiva\/\" \/>\n<meta property=\"og:site_name\" content=\"Institute for Bioengineering of Catalonia\" \/>\n<meta property=\"article:published_time\" content=\"2023-06-30T07:55:06+00:00\" \/>\n<meta property=\"article:modified_time\" content=\"2023-07-03T10:37:52+00:00\" \/>\n<meta property=\"og:image\" content=\"https:\/\/ibecbarcelona.eu\/wp-content\/uploads\/2023\/06\/Low_nino-sosteniendo-guirnaldas-caseras-papel-personas-diferentes-razas-edited.jpg\" \/>\n\t<meta property=\"og:image:width\" content=\"1200\" \/>\n\t<meta property=\"og:image:height\" content=\"675\" \/>\n\t<meta property=\"og:image:type\" content=\"image\/jpeg\" \/>\n<meta name=\"author\" content=\"Sarah Moreira\" \/>\n<meta name=\"twitter:card\" content=\"summary_large_image\" \/>\n<meta name=\"twitter:label1\" content=\"Escrit per\" \/>\n\t<meta name=\"twitter:data1\" content=\"Sarah Moreira\" \/>\n\t<meta name=\"twitter:label2\" content=\"Temps estimat de lectura\" \/>\n\t<meta name=\"twitter:data2\" content=\"4 minuts\" \/>\n<script type=\"application\/ld+json\" class=\"yoast-schema-graph\">{\"@context\":\"https:\\\/\\\/schema.org\",\"@graph\":[{\"@type\":\"Article\",\"@id\":\"https:\\\/\\\/ibecbarcelona.eu\\\/ca\\\/ibec-en-collaboracio-amb-fecyt-llanca-el-projecte-ciencia-inclusiva\\\/#article\",\"isPartOf\":{\"@id\":\"https:\\\/\\\/ibecbarcelona.eu\\\/ca\\\/ibec-en-collaboracio-amb-fecyt-llanca-el-projecte-ciencia-inclusiva\\\/\"},\"author\":{\"name\":\"Sarah Moreira\",\"@id\":\"https:\\\/\\\/ibecbarcelona.eu\\\/#\\\/schema\\\/person\\\/d3a158b8d448000777023ca1e3d71d34\"},\"headline\":\"L&#8217;IBEC en col\u00b7laboraci\u00f3 amb FECYT llan\u00e7a el projecte Ci\u00e8ncia Inclusiva\",\"datePublished\":\"2023-06-30T07:55:06+00:00\",\"dateModified\":\"2023-07-03T10:37:52+00:00\",\"mainEntityOfPage\":{\"@id\":\"https:\\\/\\\/ibecbarcelona.eu\\\/ca\\\/ibec-en-collaboracio-amb-fecyt-llanca-el-projecte-ciencia-inclusiva\\\/\"},\"wordCount\":503,\"publisher\":{\"@id\":\"https:\\\/\\\/ibecbarcelona.eu\\\/#organization\"},\"image\":{\"@id\":\"https:\\\/\\\/ibecbarcelona.eu\\\/ca\\\/ibec-en-collaboracio-amb-fecyt-llanca-el-projecte-ciencia-inclusiva\\\/#primaryimage\"},\"thumbnailUrl\":\"https:\\\/\\\/ibecbarcelona.eu\\\/wp-content\\\/uploads\\\/2023\\\/06\\\/Low_nino-sosteniendo-guirnaldas-caseras-papel-personas-diferentes-razas-edited.jpg\",\"articleSection\":[\"Not\u00edcies institucionals\"],\"inLanguage\":\"ca\"},{\"@type\":\"WebPage\",\"@id\":\"https:\\\/\\\/ibecbarcelona.eu\\\/ca\\\/ibec-en-collaboracio-amb-fecyt-llanca-el-projecte-ciencia-inclusiva\\\/\",\"url\":\"https:\\\/\\\/ibecbarcelona.eu\\\/ca\\\/ibec-en-collaboracio-amb-fecyt-llanca-el-projecte-ciencia-inclusiva\\\/\",\"name\":\"IBEC i FECYT llan\u00e7en el projecte Ci\u00e8ncia Inclusiva\",\"isPartOf\":{\"@id\":\"https:\\\/\\\/ibecbarcelona.eu\\\/#website\"},\"primaryImageOfPage\":{\"@id\":\"https:\\\/\\\/ibecbarcelona.eu\\\/ca\\\/ibec-en-collaboracio-amb-fecyt-llanca-el-projecte-ciencia-inclusiva\\\/#primaryimage\"},\"image\":{\"@id\":\"https:\\\/\\\/ibecbarcelona.eu\\\/ca\\\/ibec-en-collaboracio-amb-fecyt-llanca-el-projecte-ciencia-inclusiva\\\/#primaryimage\"},\"thumbnailUrl\":\"https:\\\/\\\/ibecbarcelona.eu\\\/wp-content\\\/uploads\\\/2023\\\/06\\\/Low_nino-sosteniendo-guirnaldas-caseras-papel-personas-diferentes-razas-edited.jpg\",\"datePublished\":\"2023-06-30T07:55:06+00:00\",\"dateModified\":\"2023-07-03T10:37:52+00:00\",\"description\":\"\\\"Ci\u00e8ncia inclusiva: atenci\u00f3 a la diversitat en els projectes d'educaci\u00f3 cient\u00edfica\\\" vol transformar les activitats en inclusives.\",\"breadcrumb\":{\"@id\":\"https:\\\/\\\/ibecbarcelona.eu\\\/ca\\\/ibec-en-collaboracio-amb-fecyt-llanca-el-projecte-ciencia-inclusiva\\\/#breadcrumb\"},\"inLanguage\":\"ca\",\"potentialAction\":[{\"@type\":\"ReadAction\",\"target\":[\"https:\\\/\\\/ibecbarcelona.eu\\\/ca\\\/ibec-en-collaboracio-amb-fecyt-llanca-el-projecte-ciencia-inclusiva\\\/\"]}]},{\"@type\":\"ImageObject\",\"inLanguage\":\"ca\",\"@id\":\"https:\\\/\\\/ibecbarcelona.eu\\\/ca\\\/ibec-en-collaboracio-amb-fecyt-llanca-el-projecte-ciencia-inclusiva\\\/#primaryimage\",\"url\":\"https:\\\/\\\/ibecbarcelona.eu\\\/wp-content\\\/uploads\\\/2023\\\/06\\\/Low_nino-sosteniendo-guirnaldas-caseras-papel-personas-diferentes-razas-edited.jpg\",\"contentUrl\":\"https:\\\/\\\/ibecbarcelona.eu\\\/wp-content\\\/uploads\\\/2023\\\/06\\\/Low_nino-sosteniendo-guirnaldas-caseras-papel-personas-diferentes-razas-edited.jpg\",\"width\":1200,\"height\":675},{\"@type\":\"BreadcrumbList\",\"@id\":\"https:\\\/\\\/ibecbarcelona.eu\\\/ca\\\/ibec-en-collaboracio-amb-fecyt-llanca-el-projecte-ciencia-inclusiva\\\/#breadcrumb\",\"itemListElement\":[{\"@type\":\"ListItem\",\"position\":1,\"name\":\"Home\",\"item\":\"https:\\\/\\\/ibecbarcelona.eu\\\/ca\\\/\"},{\"@type\":\"ListItem\",\"position\":2,\"name\":\"L&#8217;IBEC en col\u00b7laboraci\u00f3 amb FECYT llan\u00e7a el projecte Ci\u00e8ncia Inclusiva\"}]},{\"@type\":\"WebSite\",\"@id\":\"https:\\\/\\\/ibecbarcelona.eu\\\/#website\",\"url\":\"https:\\\/\\\/ibecbarcelona.eu\\\/\",\"name\":\"Institute for Bioengineering of Catalonia\",\"description\":\"Bioengineering Solutions for Health\",\"publisher\":{\"@id\":\"https:\\\/\\\/ibecbarcelona.eu\\\/#organization\"},\"potentialAction\":[{\"@type\":\"SearchAction\",\"target\":{\"@type\":\"EntryPoint\",\"urlTemplate\":\"https:\\\/\\\/ibecbarcelona.eu\\\/?s={search_term_string}\"},\"query-input\":{\"@type\":\"PropertyValueSpecification\",\"valueRequired\":true,\"valueName\":\"search_term_string\"}}],\"inLanguage\":\"ca\"},{\"@type\":\"Organization\",\"@id\":\"https:\\\/\\\/ibecbarcelona.eu\\\/#organization\",\"name\":\"Institute for Bioengineering of Catalonia\",\"url\":\"https:\\\/\\\/ibecbarcelona.eu\\\/\",\"logo\":{\"@type\":\"ImageObject\",\"inLanguage\":\"ca\",\"@id\":\"https:\\\/\\\/ibecbarcelona.eu\\\/#\\\/schema\\\/logo\\\/image\\\/\",\"url\":\"https:\\\/\\\/ibecbarcelona.eu\\\/wp-content\\\/uploads\\\/2026\\\/01\\\/cropped-IBEC_20ANYS_GRIS.png\",\"contentUrl\":\"https:\\\/\\\/ibecbarcelona.eu\\\/wp-content\\\/uploads\\\/2026\\\/01\\\/cropped-IBEC_20ANYS_GRIS.png\",\"width\":696,\"height\":257,\"caption\":\"Institute for Bioengineering of Catalonia\"},\"image\":{\"@id\":\"https:\\\/\\\/ibecbarcelona.eu\\\/#\\\/schema\\\/logo\\\/image\\\/\"}},{\"@type\":\"Person\",\"@id\":\"https:\\\/\\\/ibecbarcelona.eu\\\/#\\\/schema\\\/person\\\/d3a158b8d448000777023ca1e3d71d34\",\"name\":\"Sarah Moreira\",\"image\":{\"@type\":\"ImageObject\",\"inLanguage\":\"ca\",\"@id\":\"https:\\\/\\\/secure.gravatar.com\\\/avatar\\\/37385a1f83bdef106d1b89522da4c620ee48ba2eb0662dbc73ba05b7f3fbdf89?s=96&d=mm&r=g\",\"url\":\"https:\\\/\\\/secure.gravatar.com\\\/avatar\\\/37385a1f83bdef106d1b89522da4c620ee48ba2eb0662dbc73ba05b7f3fbdf89?s=96&d=mm&r=g\",\"contentUrl\":\"https:\\\/\\\/secure.gravatar.com\\\/avatar\\\/37385a1f83bdef106d1b89522da4c620ee48ba2eb0662dbc73ba05b7f3fbdf89?s=96&d=mm&r=g\",\"caption\":\"Sarah Moreira\"},\"url\":\"https:\\\/\\\/ibecbarcelona.eu\\\/ca\\\/author\\\/smoreira\\\/\"}]}<\/script>\n<!-- \/ Yoast SEO plugin. -->","yoast_head_json":{"title":"IBEC i FECYT llan\u00e7en el projecte Ci\u00e8ncia Inclusiva","description":"\"Ci\u00e8ncia inclusiva: atenci\u00f3 a la diversitat en els projectes d'educaci\u00f3 cient\u00edfica\" vol transformar les activitats en inclusives.","robots":{"index":"index","follow":"follow","max-snippet":"max-snippet:-1","max-image-preview":"max-image-preview:large","max-video-preview":"max-video-preview:-1"},"canonical":"https:\/\/ibecbarcelona.eu\/ca\/ibec-en-collaboracio-amb-fecyt-llanca-el-projecte-ciencia-inclusiva\/","og_locale":"ca_ES","og_type":"article","og_title":"IBEC i FECYT llan\u00e7en el projecte Ci\u00e8ncia Inclusiva","og_description":"\"Ci\u00e8ncia inclusiva: atenci\u00f3 a la diversitat en els projectes d'educaci\u00f3 cient\u00edfica\" vol transformar les activitats en inclusives.","og_url":"https:\/\/ibecbarcelona.eu\/ca\/ibec-en-collaboracio-amb-fecyt-llanca-el-projecte-ciencia-inclusiva\/","og_site_name":"Institute for Bioengineering of Catalonia","article_published_time":"2023-06-30T07:55:06+00:00","article_modified_time":"2023-07-03T10:37:52+00:00","og_image":[{"width":1200,"height":675,"url":"https:\/\/ibecbarcelona.eu\/wp-content\/uploads\/2023\/06\/Low_nino-sosteniendo-guirnaldas-caseras-papel-personas-diferentes-razas-edited.jpg","type":"image\/jpeg"}],"author":"Sarah Moreira","twitter_card":"summary_large_image","twitter_misc":{"Escrit per":"Sarah Moreira","Temps estimat de lectura":"4 minuts"},"schema":{"@context":"https:\/\/schema.org","@graph":[{"@type":"Article","@id":"https:\/\/ibecbarcelona.eu\/ca\/ibec-en-collaboracio-amb-fecyt-llanca-el-projecte-ciencia-inclusiva\/#article","isPartOf":{"@id":"https:\/\/ibecbarcelona.eu\/ca\/ibec-en-collaboracio-amb-fecyt-llanca-el-projecte-ciencia-inclusiva\/"},"author":{"name":"Sarah Moreira","@id":"https:\/\/ibecbarcelona.eu\/#\/schema\/person\/d3a158b8d448000777023ca1e3d71d34"},"headline":"L&#8217;IBEC en col\u00b7laboraci\u00f3 amb FECYT llan\u00e7a el projecte Ci\u00e8ncia Inclusiva","datePublished":"2023-06-30T07:55:06+00:00","dateModified":"2023-07-03T10:37:52+00:00","mainEntityOfPage":{"@id":"https:\/\/ibecbarcelona.eu\/ca\/ibec-en-collaboracio-amb-fecyt-llanca-el-projecte-ciencia-inclusiva\/"},"wordCount":503,"publisher":{"@id":"https:\/\/ibecbarcelona.eu\/#organization"},"image":{"@id":"https:\/\/ibecbarcelona.eu\/ca\/ibec-en-collaboracio-amb-fecyt-llanca-el-projecte-ciencia-inclusiva\/#primaryimage"},"thumbnailUrl":"https:\/\/ibecbarcelona.eu\/wp-content\/uploads\/2023\/06\/Low_nino-sosteniendo-guirnaldas-caseras-papel-personas-diferentes-razas-edited.jpg","articleSection":["Not\u00edcies institucionals"],"inLanguage":"ca"},{"@type":"WebPage","@id":"https:\/\/ibecbarcelona.eu\/ca\/ibec-en-collaboracio-amb-fecyt-llanca-el-projecte-ciencia-inclusiva\/","url":"https:\/\/ibecbarcelona.eu\/ca\/ibec-en-collaboracio-amb-fecyt-llanca-el-projecte-ciencia-inclusiva\/","name":"IBEC i FECYT llan\u00e7en el projecte Ci\u00e8ncia Inclusiva","isPartOf":{"@id":"https:\/\/ibecbarcelona.eu\/#website"},"primaryImageOfPage":{"@id":"https:\/\/ibecbarcelona.eu\/ca\/ibec-en-collaboracio-amb-fecyt-llanca-el-projecte-ciencia-inclusiva\/#primaryimage"},"image":{"@id":"https:\/\/ibecbarcelona.eu\/ca\/ibec-en-collaboracio-amb-fecyt-llanca-el-projecte-ciencia-inclusiva\/#primaryimage"},"thumbnailUrl":"https:\/\/ibecbarcelona.eu\/wp-content\/uploads\/2023\/06\/Low_nino-sosteniendo-guirnaldas-caseras-papel-personas-diferentes-razas-edited.jpg","datePublished":"2023-06-30T07:55:06+00:00","dateModified":"2023-07-03T10:37:52+00:00","description":"\"Ci\u00e8ncia inclusiva: atenci\u00f3 a la diversitat en els projectes d'educaci\u00f3 cient\u00edfica\" vol transformar les activitats en inclusives.","breadcrumb":{"@id":"https:\/\/ibecbarcelona.eu\/ca\/ibec-en-collaboracio-amb-fecyt-llanca-el-projecte-ciencia-inclusiva\/#breadcrumb"},"inLanguage":"ca","potentialAction":[{"@type":"ReadAction","target":["https:\/\/ibecbarcelona.eu\/ca\/ibec-en-collaboracio-amb-fecyt-llanca-el-projecte-ciencia-inclusiva\/"]}]},{"@type":"ImageObject","inLanguage":"ca","@id":"https:\/\/ibecbarcelona.eu\/ca\/ibec-en-collaboracio-amb-fecyt-llanca-el-projecte-ciencia-inclusiva\/#primaryimage","url":"https:\/\/ibecbarcelona.eu\/wp-content\/uploads\/2023\/06\/Low_nino-sosteniendo-guirnaldas-caseras-papel-personas-diferentes-razas-edited.jpg","contentUrl":"https:\/\/ibecbarcelona.eu\/wp-content\/uploads\/2023\/06\/Low_nino-sosteniendo-guirnaldas-caseras-papel-personas-diferentes-razas-edited.jpg","width":1200,"height":675},{"@type":"BreadcrumbList","@id":"https:\/\/ibecbarcelona.eu\/ca\/ibec-en-collaboracio-amb-fecyt-llanca-el-projecte-ciencia-inclusiva\/#breadcrumb","itemListElement":[{"@type":"ListItem","position":1,"name":"Home","item":"https:\/\/ibecbarcelona.eu\/ca\/"},{"@type":"ListItem","position":2,"name":"L&#8217;IBEC en col\u00b7laboraci\u00f3 amb FECYT llan\u00e7a el projecte Ci\u00e8ncia Inclusiva"}]},{"@type":"WebSite","@id":"https:\/\/ibecbarcelona.eu\/#website","url":"https:\/\/ibecbarcelona.eu\/","name":"Institute for Bioengineering of Catalonia","description":"Bioengineering Solutions for Health","publisher":{"@id":"https:\/\/ibecbarcelona.eu\/#organization"},"potentialAction":[{"@type":"SearchAction","target":{"@type":"EntryPoint","urlTemplate":"https:\/\/ibecbarcelona.eu\/?s={search_term_string}"},"query-input":{"@type":"PropertyValueSpecification","valueRequired":true,"valueName":"search_term_string"}}],"inLanguage":"ca"},{"@type":"Organization","@id":"https:\/\/ibecbarcelona.eu\/#organization","name":"Institute for Bioengineering of Catalonia","url":"https:\/\/ibecbarcelona.eu\/","logo":{"@type":"ImageObject","inLanguage":"ca","@id":"https:\/\/ibecbarcelona.eu\/#\/schema\/logo\/image\/","url":"https:\/\/ibecbarcelona.eu\/wp-content\/uploads\/2026\/01\/cropped-IBEC_20ANYS_GRIS.png","contentUrl":"https:\/\/ibecbarcelona.eu\/wp-content\/uploads\/2026\/01\/cropped-IBEC_20ANYS_GRIS.png","width":696,"height":257,"caption":"Institute for Bioengineering of Catalonia"},"image":{"@id":"https:\/\/ibecbarcelona.eu\/#\/schema\/logo\/image\/"}},{"@type":"Person","@id":"https:\/\/ibecbarcelona.eu\/#\/schema\/person\/d3a158b8d448000777023ca1e3d71d34","name":"Sarah Moreira","image":{"@type":"ImageObject","inLanguage":"ca","@id":"https:\/\/secure.gravatar.com\/avatar\/37385a1f83bdef106d1b89522da4c620ee48ba2eb0662dbc73ba05b7f3fbdf89?s=96&d=mm&r=g","url":"https:\/\/secure.gravatar.com\/avatar\/37385a1f83bdef106d1b89522da4c620ee48ba2eb0662dbc73ba05b7f3fbdf89?s=96&d=mm&r=g","contentUrl":"https:\/\/secure.gravatar.com\/avatar\/37385a1f83bdef106d1b89522da4c620ee48ba2eb0662dbc73ba05b7f3fbdf89?s=96&d=mm&r=g","caption":"Sarah Moreira"},"url":"https:\/\/ibecbarcelona.eu\/ca\/author\/smoreira\/"}]}},"AFP_featured_media_urls":{"full":["https:\/\/ibecbarcelona.eu\/wp-content\/uploads\/2023\/06\/Low_nino-sosteniendo-guirnaldas-caseras-papel-personas-diferentes-razas-edited.jpg",1200,675,false],"thumbnail":["https:\/\/ibecbarcelona.eu\/wp-content\/uploads\/2023\/06\/Low_nino-sosteniendo-guirnaldas-caseras-papel-personas-diferentes-razas-edited-150x150.jpg",150,150,true],"medium":["https:\/\/ibecbarcelona.eu\/wp-content\/uploads\/2023\/06\/Low_nino-sosteniendo-guirnaldas-caseras-papel-personas-diferentes-razas-edited-300x169.jpg",300,169,true],"medium_large":["https:\/\/ibecbarcelona.eu\/wp-content\/uploads\/2023\/06\/Low_nino-sosteniendo-guirnaldas-caseras-papel-personas-diferentes-razas-edited-768x432.jpg",768,432,true],"large":["https:\/\/ibecbarcelona.eu\/wp-content\/uploads\/2023\/06\/Low_nino-sosteniendo-guirnaldas-caseras-papel-personas-diferentes-razas-edited-1024x576.jpg",1024,576,true]},"AFP_attachments":{"full":["https:\/\/ibecbarcelona.eu\/wp-content\/uploads\/2023\/06\/Low_nino-sosteniendo-guirnaldas-caseras-papel-personas-diferentes-razas.jpg",1200,800,false],"thumbnail":["https:\/\/ibecbarcelona.eu\/wp-content\/uploads\/2023\/06\/Low_nino-sosteniendo-guirnaldas-caseras-papel-personas-diferentes-razas-150x150.jpg",150,150,true],"medium":["https:\/\/ibecbarcelona.eu\/wp-content\/uploads\/2023\/06\/Low_nino-sosteniendo-guirnaldas-caseras-papel-personas-diferentes-razas-300x200.jpg",300,200,true],"medium_large":["https:\/\/ibecbarcelona.eu\/wp-content\/uploads\/2023\/06\/Low_nino-sosteniendo-guirnaldas-caseras-papel-personas-diferentes-razas-768x512.jpg",768,512,true],"large":["https:\/\/ibecbarcelona.eu\/wp-content\/uploads\/2023\/06\/Low_nino-sosteniendo-guirnaldas-caseras-papel-personas-diferentes-razas-1024x683.jpg",1024,683,true]},"AFP_videos":[],"AFP_video_blocks":"","AFP_category_names":["Not\u00edcies institucionals"],"_links":{"self":[{"href":"https:\/\/ibecbarcelona.eu\/ca\/wp-json\/wp\/v2\/posts\/109371","targetHints":{"allow":["GET"]}}],"collection":[{"href":"https:\/\/ibecbarcelona.eu\/ca\/wp-json\/wp\/v2\/posts"}],"about":[{"href":"https:\/\/ibecbarcelona.eu\/ca\/wp-json\/wp\/v2\/types\/post"}],"author":[{"embeddable":true,"href":"https:\/\/ibecbarcelona.eu\/ca\/wp-json\/wp\/v2\/users\/37"}],"replies":[{"embeddable":true,"href":"https:\/\/ibecbarcelona.eu\/ca\/wp-json\/wp\/v2\/comments?post=109371"}],"version-history":[{"count":7,"href":"https:\/\/ibecbarcelona.eu\/ca\/wp-json\/wp\/v2\/posts\/109371\/revisions"}],"predecessor-version":[{"id":109438,"href":"https:\/\/ibecbarcelona.eu\/ca\/wp-json\/wp\/v2\/posts\/109371\/revisions\/109438"}],"wp:featuredmedia":[{"embeddable":true,"href":"https:\/\/ibecbarcelona.eu\/ca\/wp-json\/wp\/v2\/media\/109355"}],"wp:attachment":[{"href":"https:\/\/ibecbarcelona.eu\/ca\/wp-json\/wp\/v2\/media?parent=109371"}],"wp:term":[{"taxonomy":"category","embeddable":true,"href":"https:\/\/ibecbarcelona.eu\/ca\/wp-json\/wp\/v2\/categories?post=109371"},{"taxonomy":"post_tag","embeddable":true,"href":"https:\/\/ibecbarcelona.eu\/ca\/wp-json\/wp\/v2\/tags?post=109371"},{"taxonomy":"post_format","embeddable":true,"href":"https:\/\/ibecbarcelona.eu\/ca\/wp-json\/wp\/v2\/post_formats?post=109371"}],"curies":[{"name":"wp","href":"https:\/\/api.w.org\/{rel}","templated":true}]}}