
{"id":110699,"date":"2023-09-06T15:02:50","date_gmt":"2023-09-06T13:02:50","guid":{"rendered":"https:\/\/ibecbarcelona.eu\/the-erc-supports-the-spaceclones-project-to-understand-the-clonal-evolution-of-tumors\/"},"modified":"2024-01-08T16:42:07","modified_gmt":"2024-01-08T15:42:07","slug":"the-erc-supports-the-spaceclones-project-to-understand-the-clonal-evolution-of-tumors","status":"publish","type":"post","link":"https:\/\/ibecbarcelona.eu\/ca\/erc-aposta-pel-projecte-spaceclones-per-comprendre-levolucio-dels-tumors","title":{"rendered":"L&#8217;ERC aposta pel projecte &#8220;SpaceClones&#8221; per comprendre l&#8217;evoluci\u00f3 dels tumors\u00a0"},"content":{"rendered":"\n<p><\/p>\n\n\n\n<h4 class=\"wp-block-heading\">Xavier Rovira Clav\u00e9, actualment investigador a la Facultat de Medicina de Stanford, ha estat seleccionat en la convocat\u00f2ria &#8220;Starting Grant&#8221; del Consell Europeu de Recerca (ERC) per dur a terme el seu projecte &#8220;SpaceClones&#8221; a l&#8217;Institut de Bioenginyeria de Catalunya (IBEC). Aquest projecte t\u00e9 com a objectiu aprofundir en la comprensi\u00f3 de l&#8217;evoluci\u00f3 clonal dels tumors i la seva influ\u00e8ncia en el desenvolupament del c\u00e0ncer, aix\u00ed com en la resposta a les ter\u00e0pies.&nbsp;<\/h4>\n\n\n\n<p>L&#8217;evoluci\u00f3 clonal dels tumors \u00e9s un proc\u00e9s biol\u00f2gic d&#8217;alta complexitat que es refereix a com les c\u00e8l\u00b7lules canceroses progressen i es transformen a l&#8217;interior d&#8217;un tumor al llarg del temps. Aquests tumors cancerosos tenen el seu origen principalment en mutacions gen\u00e8tiques que transformen c\u00e8l\u00b7lules normals en c\u00e8l\u00b7lules canceroses. A mesura que aquestes c\u00e8l\u00b7lules canceroses es repliquen i proliferen, tenen la capacitat d&#8217;acumular noves mutacions gen\u00e8tiques amb el pas del temps, cosa que comporta la diversificaci\u00f3 de les c\u00e8l\u00b7lules presents al tumor. Comprendre aquesta evoluci\u00f3 clonal \u00e9s fonamental per al disseny de ter\u00e0pies m\u00e9s eficaces contra el c\u00e0ncer i eines predictives per avaluar els resultats cl\u00ednics.&nbsp;<\/p>\n\n\n\n<figure class=\"wp-block-image size-full is-resized\"><img decoding=\"async\" data-src=\"https:\/\/ibecbarcelona.eu\/wp-content\/uploads\/2023\/09\/xavier_rovira_w.jpg\" alt=\"Dr. Xavier Rovira Clav\u00e9\" class=\"wp-image-110694 lazyload\" width=\"865\" height=\"612\" data-srcset=\"https:\/\/ibecbarcelona.eu\/wp-content\/uploads\/2023\/09\/xavier_rovira_w.jpg 865w, https:\/\/ibecbarcelona.eu\/wp-content\/uploads\/2023\/09\/xavier_rovira_w-300x212.jpg 300w, https:\/\/ibecbarcelona.eu\/wp-content\/uploads\/2023\/09\/xavier_rovira_w-768x543.jpg 768w\" data-sizes=\"(max-width: 865px) 100vw, 865px\" src=\"data:image\/svg+xml;base64,PHN2ZyB3aWR0aD0iMSIgaGVpZ2h0PSIxIiB4bWxucz0iaHR0cDovL3d3dy53My5vcmcvMjAwMC9zdmciPjwvc3ZnPg==\" style=\"--smush-placeholder-width: 865px; --smush-placeholder-aspect-ratio: 865\/612;\" \/><figcaption class=\"wp-element-caption\"><em>Dr. Xavier Rovira Clav\u00e9<\/em><\/figcaption><\/figure>\n\n\n\n<p>El projecte &#8220;SpaceClones&#8221;, presentat pel Dr. Xavier Rovira Clav\u00e9 per a ser desenvolupat a l&#8217;IBEC, ha obtingut una assignaci\u00f3 extraordin\u00e0ria de 2,5 milions d&#8217;euros durant 5 anys, i t\u00e9 per objectiu desenvolupar assajos de pertorbaci\u00f3 espacial i d&#8217;alt rendiment per obtenir comprensi\u00f3 causal de com les c\u00e8l\u00b7lules canceroses s&#8217;organitzen espacialment i contribueixen al desenvolupament de tumors s\u00f2lids.\u00a0<\/p>\n\n\n\n<p>Per abordar els desafiaments en la comprensi\u00f3 dels mecanismes moleculars i cel\u00b7lulars darrere dels comportaments clonals en els tumors, el projecte &#8220;SpaceClones&#8221; empra un enfocament innovador que combina l&#8217;adquisici\u00f3 d&#8217;imatges altament multiplexades, models tumorals <em>in vitro<\/em> i <em>in vivo<\/em>, enginyeria cel\u00b7lular, microsc\u00f2pia de superresoluci\u00f3, manipulaci\u00f3 de petits volums de l\u00edquids i algoritmes per analitzar patrons espacials.&nbsp;<\/p>\n\n\n\n<p>L&#8217;originalitat i novetat del projecte li ha perm\u00e8s obtenir un finan\u00e7ament extraordinari d&#8217;1 M\u20ac addicional al finan\u00e7ament est\u00e0ndard de 1,5M\u20ac de la convocat\u00f2ria, per a adquirir un equip de microsc\u00f2pia d&#8217;imatge multiplexada per feix d&#8217;ions (Multiplexed Ion Beam Imaging) capdavanter a nivell internacional i que permetr\u00e0 a l&#8217;IBEC desenvolupar, conjuntament amb altres incorporacions previstes, una nova plataforma singular d&#8217;alta resoluci\u00f3 per a l&#8217;an\u00e0lisi i la caracteritzaci\u00f3 de metab\u00f2lits a nivell de c\u00e8l\u00b7lula individual.&nbsp;<\/p>\n\n\n\n<p>El Dr. Xavier Rovira Clav\u00e9, amb \u00e0mplia experi\u00e8ncia en el desenvolupament i l&#8217;aplicaci\u00f3 d&#8217;assajos d&#8217;imatge d&#8217;alt rendiment, de c\u00e8l\u00b7lula \u00fanica i multiplexaci\u00f3, aix\u00ed com en eines d&#8217;an\u00e0lisi de dades per dilucidar les vies moleculars que contribueixen al c\u00e0ncer i les malalties infeccioses, lidera aquest ambici\u00f3s projecte que promet tindre llum sobre la complexitat de l&#8217;evoluci\u00f3 dels tumors.&nbsp;<\/p>\n\n\n\n<p>La &#8220;Starting Grant&#8221; de l&#8217;ERC (Consell Europeu de Recerca) \u00e9s una prestigiosa subvenci\u00f3 destinada a investigadors joves i talentosos en les primeres etapes de les seves carreres cient\u00edfiques independents. Est\u00e0 dissenyada per finan\u00e7ar projectes de recerca innovadors i ambiciosos que abordin preguntes cient\u00edfiques d&#8217;avantguarda. Els beneficiaris reben fons significatius per establir els seus propis grups de recerca i dur a terme investigacions d&#8217; alt nivell durant un per\u00edode de fins a cinc anys. Aquesta subvenci\u00f3 s&#8217;atorga en funci\u00f3 de l&#8217;excel\u00b7l\u00e8ncia cient\u00edfica i l&#8217;originalitat del projecte proposat i \u00e9s altament competitiva en l&#8217;\u00e0mbit europeu.&nbsp;<\/p>\n","protected":false},"excerpt":{"rendered":"<p>Xavier Rovira Clav\u00e9, actualment investigador a la Facultat de Medicina de Stanford, ha estat seleccionat en la convocat\u00f2ria &#8220;Starting Grant&#8221; del Consell Europeu de Recerca (ERC) per dur a terme &#8230; <a title=\"L&#8217;ERC aposta pel projecte &#8220;SpaceClones&#8221; per comprendre l&#8217;evoluci\u00f3 dels tumors\u00a0\" class=\"read-more\" href=\"https:\/\/ibecbarcelona.eu\/ca\/erc-aposta-pel-projecte-spaceclones-per-comprendre-levolucio-dels-tumors\" aria-label=\"More on L&#8217;ERC aposta pel projecte &#8220;SpaceClones&#8221; per comprendre l&#8217;evoluci\u00f3 dels tumors\u00a0\">Read more<\/a><\/p>\n","protected":false},"author":4,"featured_media":110695,"comment_status":"closed","ping_status":"closed","sticky":false,"template":"","format":"standard","meta":{"footnotes":""},"categories":[98],"tags":[1412,2095,2055,2056,2082],"post_formats":[],"class_list":["post-110699","post","type-post","status-publish","format-standard","has-post-thumbnail","hentry","category-noticies-institucionals","tag-erc-grant-ca","tag-spatial-biotechnology-ca","tag-starting-grant","tag-starting-grant-ca","tag-xavier-rovira-ca"],"yoast_head":"<!-- This site is optimized with the Yoast SEO plugin v27.4 - https:\/\/yoast.com\/product\/yoast-seo-wordpress\/ -->\n<title>L&#039;ERC aposta pel projecte &quot;SpaceClones&quot; per comprendre l&#039;evoluci\u00f3 dels tumors\u00a0 - Institute for Bioengineering of Catalonia<\/title>\n<meta name=\"robots\" content=\"index, follow, max-snippet:-1, max-image-preview:large, max-video-preview:-1\" \/>\n<link rel=\"canonical\" href=\"https:\/\/ibecbarcelona.eu\/ca\/erc-aposta-pel-projecte-spaceclones-per-comprendre-levolucio-dels-tumors\/\" \/>\n<meta property=\"og:locale\" content=\"ca_ES\" \/>\n<meta property=\"og:type\" content=\"article\" \/>\n<meta property=\"og:title\" content=\"L&#039;ERC aposta pel projecte &quot;SpaceClones&quot; per comprendre l&#039;evoluci\u00f3 dels tumors\u00a0 - Institute for Bioengineering of Catalonia\" \/>\n<meta property=\"og:description\" content=\"Xavier Rovira Clav\u00e9, actualment investigador a la Facultat de Medicina de Stanford, ha estat seleccionat en la convocat\u00f2ria &#8220;Starting Grant&#8221; del Consell Europeu de Recerca (ERC) per dur a terme ... Read more\" \/>\n<meta property=\"og:url\" content=\"https:\/\/ibecbarcelona.eu\/ca\/erc-aposta-pel-projecte-spaceclones-per-comprendre-levolucio-dels-tumors\/\" \/>\n<meta property=\"og:site_name\" content=\"Institute for Bioengineering of Catalonia\" \/>\n<meta property=\"article:published_time\" content=\"2023-09-06T13:02:50+00:00\" \/>\n<meta property=\"article:modified_time\" content=\"2024-01-08T15:42:07+00:00\" \/>\n<meta property=\"og:image\" content=\"https:\/\/ibecbarcelona.eu\/wp-content\/uploads\/2023\/09\/xavier_rovira_w.jpg\" \/>\n\t<meta property=\"og:image:width\" content=\"865\" \/>\n\t<meta property=\"og:image:height\" content=\"612\" \/>\n\t<meta property=\"og:image:type\" content=\"image\/jpeg\" \/>\n<meta name=\"author\" content=\"\u00c0ngels L\u00f3pez\" \/>\n<meta name=\"twitter:card\" content=\"summary_large_image\" \/>\n<meta name=\"twitter:label1\" content=\"Escrit per\" \/>\n\t<meta name=\"twitter:data1\" content=\"\u00c0ngels L\u00f3pez\" \/>\n\t<meta name=\"twitter:label2\" content=\"Temps estimat de lectura\" \/>\n\t<meta name=\"twitter:data2\" content=\"4 minuts\" \/>\n<script type=\"application\/ld+json\" class=\"yoast-schema-graph\">{\"@context\":\"https:\\\/\\\/schema.org\",\"@graph\":[{\"@type\":\"Article\",\"@id\":\"https:\\\/\\\/ibecbarcelona.eu\\\/ca\\\/erc-aposta-pel-projecte-spaceclones-per-comprendre-levolucio-dels-tumors\\\/#article\",\"isPartOf\":{\"@id\":\"https:\\\/\\\/ibecbarcelona.eu\\\/ca\\\/erc-aposta-pel-projecte-spaceclones-per-comprendre-levolucio-dels-tumors\\\/\"},\"author\":{\"name\":\"\u00c0ngels L\u00f3pez\",\"@id\":\"https:\\\/\\\/ibecbarcelona.eu\\\/#\\\/schema\\\/person\\\/c212c6b589546130be67986b9290e2b8\"},\"headline\":\"L&#8217;ERC aposta pel projecte &#8220;SpaceClones&#8221; per comprendre l&#8217;evoluci\u00f3 dels tumors\u00a0\",\"datePublished\":\"2023-09-06T13:02:50+00:00\",\"dateModified\":\"2024-01-08T15:42:07+00:00\",\"mainEntityOfPage\":{\"@id\":\"https:\\\/\\\/ibecbarcelona.eu\\\/ca\\\/erc-aposta-pel-projecte-spaceclones-per-comprendre-levolucio-dels-tumors\\\/\"},\"wordCount\":586,\"publisher\":{\"@id\":\"https:\\\/\\\/ibecbarcelona.eu\\\/#organization\"},\"image\":{\"@id\":\"https:\\\/\\\/ibecbarcelona.eu\\\/ca\\\/erc-aposta-pel-projecte-spaceclones-per-comprendre-levolucio-dels-tumors\\\/#primaryimage\"},\"thumbnailUrl\":\"https:\\\/\\\/ibecbarcelona.eu\\\/wp-content\\\/uploads\\\/2023\\\/09\\\/xavier_rovira_w.jpg\",\"keywords\":[\"ERC Grant\",\"Spatial Biotechnology\",\"Starting Grant\",\"Starting Grant\",\"Xavier Rovira\"],\"articleSection\":[\"Not\u00edcies institucionals\"],\"inLanguage\":\"ca\"},{\"@type\":\"WebPage\",\"@id\":\"https:\\\/\\\/ibecbarcelona.eu\\\/ca\\\/erc-aposta-pel-projecte-spaceclones-per-comprendre-levolucio-dels-tumors\\\/\",\"url\":\"https:\\\/\\\/ibecbarcelona.eu\\\/ca\\\/erc-aposta-pel-projecte-spaceclones-per-comprendre-levolucio-dels-tumors\\\/\",\"name\":\"L'ERC aposta pel projecte \\\"SpaceClones\\\" per comprendre l'evoluci\u00f3 dels tumors\u00a0 - Institute for Bioengineering of Catalonia\",\"isPartOf\":{\"@id\":\"https:\\\/\\\/ibecbarcelona.eu\\\/#website\"},\"primaryImageOfPage\":{\"@id\":\"https:\\\/\\\/ibecbarcelona.eu\\\/ca\\\/erc-aposta-pel-projecte-spaceclones-per-comprendre-levolucio-dels-tumors\\\/#primaryimage\"},\"image\":{\"@id\":\"https:\\\/\\\/ibecbarcelona.eu\\\/ca\\\/erc-aposta-pel-projecte-spaceclones-per-comprendre-levolucio-dels-tumors\\\/#primaryimage\"},\"thumbnailUrl\":\"https:\\\/\\\/ibecbarcelona.eu\\\/wp-content\\\/uploads\\\/2023\\\/09\\\/xavier_rovira_w.jpg\",\"datePublished\":\"2023-09-06T13:02:50+00:00\",\"dateModified\":\"2024-01-08T15:42:07+00:00\",\"breadcrumb\":{\"@id\":\"https:\\\/\\\/ibecbarcelona.eu\\\/ca\\\/erc-aposta-pel-projecte-spaceclones-per-comprendre-levolucio-dels-tumors\\\/#breadcrumb\"},\"inLanguage\":\"ca\",\"potentialAction\":[{\"@type\":\"ReadAction\",\"target\":[\"https:\\\/\\\/ibecbarcelona.eu\\\/ca\\\/erc-aposta-pel-projecte-spaceclones-per-comprendre-levolucio-dels-tumors\\\/\"]}]},{\"@type\":\"ImageObject\",\"inLanguage\":\"ca\",\"@id\":\"https:\\\/\\\/ibecbarcelona.eu\\\/ca\\\/erc-aposta-pel-projecte-spaceclones-per-comprendre-levolucio-dels-tumors\\\/#primaryimage\",\"url\":\"https:\\\/\\\/ibecbarcelona.eu\\\/wp-content\\\/uploads\\\/2023\\\/09\\\/xavier_rovira_w.jpg\",\"contentUrl\":\"https:\\\/\\\/ibecbarcelona.eu\\\/wp-content\\\/uploads\\\/2023\\\/09\\\/xavier_rovira_w.jpg\",\"width\":865,\"height\":612},{\"@type\":\"BreadcrumbList\",\"@id\":\"https:\\\/\\\/ibecbarcelona.eu\\\/ca\\\/erc-aposta-pel-projecte-spaceclones-per-comprendre-levolucio-dels-tumors\\\/#breadcrumb\",\"itemListElement\":[{\"@type\":\"ListItem\",\"position\":1,\"name\":\"Home\",\"item\":\"https:\\\/\\\/ibecbarcelona.eu\\\/ca\\\/\"},{\"@type\":\"ListItem\",\"position\":2,\"name\":\"L&#8217;ERC aposta pel projecte &#8220;SpaceClones&#8221; per comprendre l&#8217;evoluci\u00f3 dels tumors\u00a0\"}]},{\"@type\":\"WebSite\",\"@id\":\"https:\\\/\\\/ibecbarcelona.eu\\\/#website\",\"url\":\"https:\\\/\\\/ibecbarcelona.eu\\\/\",\"name\":\"Institute for Bioengineering of Catalonia\",\"description\":\"Bioengineering Solutions for Health\",\"publisher\":{\"@id\":\"https:\\\/\\\/ibecbarcelona.eu\\\/#organization\"},\"potentialAction\":[{\"@type\":\"SearchAction\",\"target\":{\"@type\":\"EntryPoint\",\"urlTemplate\":\"https:\\\/\\\/ibecbarcelona.eu\\\/?s={search_term_string}\"},\"query-input\":{\"@type\":\"PropertyValueSpecification\",\"valueRequired\":true,\"valueName\":\"search_term_string\"}}],\"inLanguage\":\"ca\"},{\"@type\":\"Organization\",\"@id\":\"https:\\\/\\\/ibecbarcelona.eu\\\/#organization\",\"name\":\"Institute for Bioengineering of Catalonia\",\"url\":\"https:\\\/\\\/ibecbarcelona.eu\\\/\",\"logo\":{\"@type\":\"ImageObject\",\"inLanguage\":\"ca\",\"@id\":\"https:\\\/\\\/ibecbarcelona.eu\\\/#\\\/schema\\\/logo\\\/image\\\/\",\"url\":\"https:\\\/\\\/ibecbarcelona.eu\\\/wp-content\\\/uploads\\\/2026\\\/01\\\/cropped-IBEC_20ANYS_GRIS.png\",\"contentUrl\":\"https:\\\/\\\/ibecbarcelona.eu\\\/wp-content\\\/uploads\\\/2026\\\/01\\\/cropped-IBEC_20ANYS_GRIS.png\",\"width\":696,\"height\":257,\"caption\":\"Institute for Bioengineering of Catalonia\"},\"image\":{\"@id\":\"https:\\\/\\\/ibecbarcelona.eu\\\/#\\\/schema\\\/logo\\\/image\\\/\"}},{\"@type\":\"Person\",\"@id\":\"https:\\\/\\\/ibecbarcelona.eu\\\/#\\\/schema\\\/person\\\/c212c6b589546130be67986b9290e2b8\",\"name\":\"\u00c0ngels L\u00f3pez\",\"image\":{\"@type\":\"ImageObject\",\"inLanguage\":\"ca\",\"@id\":\"https:\\\/\\\/secure.gravatar.com\\\/avatar\\\/09ad6ba116bea0b15c5511860f83b302579fd7404c1180e9dae55c3f11d988c6?s=96&d=mm&r=g\",\"url\":\"https:\\\/\\\/secure.gravatar.com\\\/avatar\\\/09ad6ba116bea0b15c5511860f83b302579fd7404c1180e9dae55c3f11d988c6?s=96&d=mm&r=g\",\"contentUrl\":\"https:\\\/\\\/secure.gravatar.com\\\/avatar\\\/09ad6ba116bea0b15c5511860f83b302579fd7404c1180e9dae55c3f11d988c6?s=96&d=mm&r=g\",\"caption\":\"\u00c0ngels L\u00f3pez\"},\"url\":\"https:\\\/\\\/ibecbarcelona.eu\\\/ca\\\/author\\\/alopez\\\/\"}]}<\/script>\n<!-- \/ Yoast SEO plugin. -->","yoast_head_json":{"title":"L'ERC aposta pel projecte \"SpaceClones\" per comprendre l'evoluci\u00f3 dels tumors\u00a0 - Institute for Bioengineering of Catalonia","robots":{"index":"index","follow":"follow","max-snippet":"max-snippet:-1","max-image-preview":"max-image-preview:large","max-video-preview":"max-video-preview:-1"},"canonical":"https:\/\/ibecbarcelona.eu\/ca\/erc-aposta-pel-projecte-spaceclones-per-comprendre-levolucio-dels-tumors\/","og_locale":"ca_ES","og_type":"article","og_title":"L'ERC aposta pel projecte \"SpaceClones\" per comprendre l'evoluci\u00f3 dels tumors\u00a0 - Institute for Bioengineering of Catalonia","og_description":"Xavier Rovira Clav\u00e9, actualment investigador a la Facultat de Medicina de Stanford, ha estat seleccionat en la convocat\u00f2ria &#8220;Starting Grant&#8221; del Consell Europeu de Recerca (ERC) per dur a terme ... Read more","og_url":"https:\/\/ibecbarcelona.eu\/ca\/erc-aposta-pel-projecte-spaceclones-per-comprendre-levolucio-dels-tumors\/","og_site_name":"Institute for Bioengineering of Catalonia","article_published_time":"2023-09-06T13:02:50+00:00","article_modified_time":"2024-01-08T15:42:07+00:00","og_image":[{"width":865,"height":612,"url":"https:\/\/ibecbarcelona.eu\/wp-content\/uploads\/2023\/09\/xavier_rovira_w.jpg","type":"image\/jpeg"}],"author":"\u00c0ngels L\u00f3pez","twitter_card":"summary_large_image","twitter_misc":{"Escrit per":"\u00c0ngels L\u00f3pez","Temps estimat de lectura":"4 minuts"},"schema":{"@context":"https:\/\/schema.org","@graph":[{"@type":"Article","@id":"https:\/\/ibecbarcelona.eu\/ca\/erc-aposta-pel-projecte-spaceclones-per-comprendre-levolucio-dels-tumors\/#article","isPartOf":{"@id":"https:\/\/ibecbarcelona.eu\/ca\/erc-aposta-pel-projecte-spaceclones-per-comprendre-levolucio-dels-tumors\/"},"author":{"name":"\u00c0ngels L\u00f3pez","@id":"https:\/\/ibecbarcelona.eu\/#\/schema\/person\/c212c6b589546130be67986b9290e2b8"},"headline":"L&#8217;ERC aposta pel projecte &#8220;SpaceClones&#8221; per comprendre l&#8217;evoluci\u00f3 dels tumors\u00a0","datePublished":"2023-09-06T13:02:50+00:00","dateModified":"2024-01-08T15:42:07+00:00","mainEntityOfPage":{"@id":"https:\/\/ibecbarcelona.eu\/ca\/erc-aposta-pel-projecte-spaceclones-per-comprendre-levolucio-dels-tumors\/"},"wordCount":586,"publisher":{"@id":"https:\/\/ibecbarcelona.eu\/#organization"},"image":{"@id":"https:\/\/ibecbarcelona.eu\/ca\/erc-aposta-pel-projecte-spaceclones-per-comprendre-levolucio-dels-tumors\/#primaryimage"},"thumbnailUrl":"https:\/\/ibecbarcelona.eu\/wp-content\/uploads\/2023\/09\/xavier_rovira_w.jpg","keywords":["ERC Grant","Spatial Biotechnology","Starting Grant","Starting Grant","Xavier Rovira"],"articleSection":["Not\u00edcies institucionals"],"inLanguage":"ca"},{"@type":"WebPage","@id":"https:\/\/ibecbarcelona.eu\/ca\/erc-aposta-pel-projecte-spaceclones-per-comprendre-levolucio-dels-tumors\/","url":"https:\/\/ibecbarcelona.eu\/ca\/erc-aposta-pel-projecte-spaceclones-per-comprendre-levolucio-dels-tumors\/","name":"L'ERC aposta pel projecte \"SpaceClones\" per comprendre l'evoluci\u00f3 dels tumors\u00a0 - Institute for Bioengineering of Catalonia","isPartOf":{"@id":"https:\/\/ibecbarcelona.eu\/#website"},"primaryImageOfPage":{"@id":"https:\/\/ibecbarcelona.eu\/ca\/erc-aposta-pel-projecte-spaceclones-per-comprendre-levolucio-dels-tumors\/#primaryimage"},"image":{"@id":"https:\/\/ibecbarcelona.eu\/ca\/erc-aposta-pel-projecte-spaceclones-per-comprendre-levolucio-dels-tumors\/#primaryimage"},"thumbnailUrl":"https:\/\/ibecbarcelona.eu\/wp-content\/uploads\/2023\/09\/xavier_rovira_w.jpg","datePublished":"2023-09-06T13:02:50+00:00","dateModified":"2024-01-08T15:42:07+00:00","breadcrumb":{"@id":"https:\/\/ibecbarcelona.eu\/ca\/erc-aposta-pel-projecte-spaceclones-per-comprendre-levolucio-dels-tumors\/#breadcrumb"},"inLanguage":"ca","potentialAction":[{"@type":"ReadAction","target":["https:\/\/ibecbarcelona.eu\/ca\/erc-aposta-pel-projecte-spaceclones-per-comprendre-levolucio-dels-tumors\/"]}]},{"@type":"ImageObject","inLanguage":"ca","@id":"https:\/\/ibecbarcelona.eu\/ca\/erc-aposta-pel-projecte-spaceclones-per-comprendre-levolucio-dels-tumors\/#primaryimage","url":"https:\/\/ibecbarcelona.eu\/wp-content\/uploads\/2023\/09\/xavier_rovira_w.jpg","contentUrl":"https:\/\/ibecbarcelona.eu\/wp-content\/uploads\/2023\/09\/xavier_rovira_w.jpg","width":865,"height":612},{"@type":"BreadcrumbList","@id":"https:\/\/ibecbarcelona.eu\/ca\/erc-aposta-pel-projecte-spaceclones-per-comprendre-levolucio-dels-tumors\/#breadcrumb","itemListElement":[{"@type":"ListItem","position":1,"name":"Home","item":"https:\/\/ibecbarcelona.eu\/ca\/"},{"@type":"ListItem","position":2,"name":"L&#8217;ERC aposta pel projecte &#8220;SpaceClones&#8221; per comprendre l&#8217;evoluci\u00f3 dels tumors\u00a0"}]},{"@type":"WebSite","@id":"https:\/\/ibecbarcelona.eu\/#website","url":"https:\/\/ibecbarcelona.eu\/","name":"Institute for Bioengineering of Catalonia","description":"Bioengineering Solutions for Health","publisher":{"@id":"https:\/\/ibecbarcelona.eu\/#organization"},"potentialAction":[{"@type":"SearchAction","target":{"@type":"EntryPoint","urlTemplate":"https:\/\/ibecbarcelona.eu\/?s={search_term_string}"},"query-input":{"@type":"PropertyValueSpecification","valueRequired":true,"valueName":"search_term_string"}}],"inLanguage":"ca"},{"@type":"Organization","@id":"https:\/\/ibecbarcelona.eu\/#organization","name":"Institute for Bioengineering of Catalonia","url":"https:\/\/ibecbarcelona.eu\/","logo":{"@type":"ImageObject","inLanguage":"ca","@id":"https:\/\/ibecbarcelona.eu\/#\/schema\/logo\/image\/","url":"https:\/\/ibecbarcelona.eu\/wp-content\/uploads\/2026\/01\/cropped-IBEC_20ANYS_GRIS.png","contentUrl":"https:\/\/ibecbarcelona.eu\/wp-content\/uploads\/2026\/01\/cropped-IBEC_20ANYS_GRIS.png","width":696,"height":257,"caption":"Institute for Bioengineering of Catalonia"},"image":{"@id":"https:\/\/ibecbarcelona.eu\/#\/schema\/logo\/image\/"}},{"@type":"Person","@id":"https:\/\/ibecbarcelona.eu\/#\/schema\/person\/c212c6b589546130be67986b9290e2b8","name":"\u00c0ngels L\u00f3pez","image":{"@type":"ImageObject","inLanguage":"ca","@id":"https:\/\/secure.gravatar.com\/avatar\/09ad6ba116bea0b15c5511860f83b302579fd7404c1180e9dae55c3f11d988c6?s=96&d=mm&r=g","url":"https:\/\/secure.gravatar.com\/avatar\/09ad6ba116bea0b15c5511860f83b302579fd7404c1180e9dae55c3f11d988c6?s=96&d=mm&r=g","contentUrl":"https:\/\/secure.gravatar.com\/avatar\/09ad6ba116bea0b15c5511860f83b302579fd7404c1180e9dae55c3f11d988c6?s=96&d=mm&r=g","caption":"\u00c0ngels L\u00f3pez"},"url":"https:\/\/ibecbarcelona.eu\/ca\/author\/alopez\/"}]}},"AFP_featured_media_urls":{"full":["https:\/\/ibecbarcelona.eu\/wp-content\/uploads\/2023\/09\/xavier_rovira_w.jpg",865,612,false],"thumbnail":["https:\/\/ibecbarcelona.eu\/wp-content\/uploads\/2023\/09\/xavier_rovira_w-150x150.jpg",150,150,true],"medium":["https:\/\/ibecbarcelona.eu\/wp-content\/uploads\/2023\/09\/xavier_rovira_w-300x212.jpg",300,212,true],"medium_large":["https:\/\/ibecbarcelona.eu\/wp-content\/uploads\/2023\/09\/xavier_rovira_w-768x543.jpg",768,543,true],"large":["https:\/\/ibecbarcelona.eu\/wp-content\/uploads\/2023\/09\/xavier_rovira_w.jpg",865,612,false]},"AFP_attachments":{"full":["https:\/\/ibecbarcelona.eu\/wp-content\/uploads\/2023\/09\/xavier_rovira_w.jpg",865,612,false],"thumbnail":["https:\/\/ibecbarcelona.eu\/wp-content\/uploads\/2023\/09\/xavier_rovira_w-150x150.jpg",150,150,true],"medium":["https:\/\/ibecbarcelona.eu\/wp-content\/uploads\/2023\/09\/xavier_rovira_w-300x212.jpg",300,212,true],"medium_large":["https:\/\/ibecbarcelona.eu\/wp-content\/uploads\/2023\/09\/xavier_rovira_w-768x543.jpg",768,543,true],"large":["https:\/\/ibecbarcelona.eu\/wp-content\/uploads\/2023\/09\/xavier_rovira_w.jpg",865,612,false]},"AFP_videos":[],"AFP_video_blocks":"","AFP_category_names":["Not\u00edcies institucionals"],"_links":{"self":[{"href":"https:\/\/ibecbarcelona.eu\/ca\/wp-json\/wp\/v2\/posts\/110699","targetHints":{"allow":["GET"]}}],"collection":[{"href":"https:\/\/ibecbarcelona.eu\/ca\/wp-json\/wp\/v2\/posts"}],"about":[{"href":"https:\/\/ibecbarcelona.eu\/ca\/wp-json\/wp\/v2\/types\/post"}],"author":[{"embeddable":true,"href":"https:\/\/ibecbarcelona.eu\/ca\/wp-json\/wp\/v2\/users\/4"}],"replies":[{"embeddable":true,"href":"https:\/\/ibecbarcelona.eu\/ca\/wp-json\/wp\/v2\/comments?post=110699"}],"version-history":[{"count":2,"href":"https:\/\/ibecbarcelona.eu\/ca\/wp-json\/wp\/v2\/posts\/110699\/revisions"}],"predecessor-version":[{"id":110761,"href":"https:\/\/ibecbarcelona.eu\/ca\/wp-json\/wp\/v2\/posts\/110699\/revisions\/110761"}],"wp:featuredmedia":[{"embeddable":true,"href":"https:\/\/ibecbarcelona.eu\/ca\/wp-json\/wp\/v2\/media\/110695"}],"wp:attachment":[{"href":"https:\/\/ibecbarcelona.eu\/ca\/wp-json\/wp\/v2\/media?parent=110699"}],"wp:term":[{"taxonomy":"category","embeddable":true,"href":"https:\/\/ibecbarcelona.eu\/ca\/wp-json\/wp\/v2\/categories?post=110699"},{"taxonomy":"post_tag","embeddable":true,"href":"https:\/\/ibecbarcelona.eu\/ca\/wp-json\/wp\/v2\/tags?post=110699"},{"taxonomy":"post_format","embeddable":true,"href":"https:\/\/ibecbarcelona.eu\/ca\/wp-json\/wp\/v2\/post_formats?post=110699"}],"curies":[{"name":"wp","href":"https:\/\/api.w.org\/{rel}","templated":true}]}}