
{"id":111187,"date":"2023-09-21T09:00:00","date_gmt":"2023-09-21T07:00:00","guid":{"rendered":"https:\/\/ibecbarcelona.eu\/?p=111187"},"modified":"2023-09-19T18:16:41","modified_gmt":"2023-09-19T16:16:41","slug":"cough-sound-analyzed-to-identify-the-severity-of-covid-19-patients","status":"publish","type":"post","link":"https:\/\/ibecbarcelona.eu\/ca\/analitzen-el-so-de-la-tos-per-identificar-la-gravetat-de-pacients-amb-covid-19","title":{"rendered":"Analitzen el so de la tos per identificar la gravetat de pacients amb COVID-19"},"content":{"rendered":"\n<p><strong>Un equip de recerca liderat per l\u2019IBEC i l\u2019Hospital del Mar ha portat a terme un estudi per analitzar els sons de la tos, enregistrats mitjan\u00e7ant un tel\u00e8fon intel\u00b7ligent en pacients amb COVID-19. Els resultats revelen caracter\u00edstiques de la tos que podrien proporcionar una manera r\u00e0pida, f\u00e0cil i econ\u00f2mica d&#8217;identificar la gravetat de la malaltia dels pacients a casa o en qualsevol entorn sanitari. El treball obre la porta tamb\u00e9 a utilitzar aquest model en el seguiment de pacients amb COVID persistent i altres patologies respirat\u00f2ries.<\/strong><\/p>\n\n\n\n<figure class=\"wp-block-image size-large\"><img decoding=\"async\" width=\"1024\" height=\"576\" data-src=\"https:\/\/ibecbarcelona.eu\/wp-content\/uploads\/2023\/09\/Imagen-tos-COVID-web-1024x576.png\" alt=\"\" class=\"wp-image-111182 lazyload\" data-srcset=\"https:\/\/ibecbarcelona.eu\/wp-content\/uploads\/2023\/09\/Imagen-tos-COVID-web-1024x576.png 1024w, https:\/\/ibecbarcelona.eu\/wp-content\/uploads\/2023\/09\/Imagen-tos-COVID-web-300x169.png 300w, https:\/\/ibecbarcelona.eu\/wp-content\/uploads\/2023\/09\/Imagen-tos-COVID-web-768x432.png 768w, https:\/\/ibecbarcelona.eu\/wp-content\/uploads\/2023\/09\/Imagen-tos-COVID-web.png 1200w\" data-sizes=\"(max-width: 1024px) 100vw, 1024px\" src=\"data:image\/svg+xml;base64,PHN2ZyB3aWR0aD0iMSIgaGVpZ2h0PSIxIiB4bWxucz0iaHR0cDovL3d3dy53My5vcmcvMjAwMC9zdmciPjwvc3ZnPg==\" style=\"--smush-placeholder-width: 1024px; --smush-placeholder-aspect-ratio: 1024\/576;\" \/><\/figure>\n\n\n\n<div style=\"height:20px\" aria-hidden=\"true\" class=\"wp-block-spacer\"><\/div>\n\n\n\n<p>Tot i que la majoria de les persones afectades per la COVID-19 ara tenen s\u00edmptomes m\u00e9s lleus i es recuperen en poques setmanes, la pand\u00e8mia mundial causada pel virus SARS-CoV-2 continua sent un problema de salut important. Algunes de les persones afectades acaben desenvolupant una malaltia m\u00e9s greu i pneum\u00f2nia, el que sovint t\u00e9 un pitjor pron\u00f2stic.<\/p>\n\n\n\n<p>Encara que s&#8217;han desenvolupat protocols per avaluar el risc dels pacients, les eines diagn\u00f2stiques i pron\u00f2stiques es basen principalment en m\u00e8todes d&#8217;imatge cars i de dif\u00edcil acc\u00e9s, com la radiografia, l\u2019ecografia o la tomografia computada (TC). &nbsp;Aix\u00ed, existeix una necessitat de desenvolupar una eina de pron\u00f2stic m\u00e9s senzilla i de f\u00e0cil acc\u00e9s que permeti als prove\u00efdors d&#8217;atenci\u00f3 m\u00e8dica identificar els pacients que han desenvolupat o estan en risc de desenvolupar una malaltia greu. D\u2019aquesta manera, es facilitaria el triatge dels pacients i la intervenci\u00f3 primerenca fins i tot al domicili o als centres d&#8217;atenci\u00f3 prim\u00e0ria.<\/p>\n\n\n\n<p>Ara, un equip&nbsp; de recerca liderat per l\u2019IBEC i l\u2019Hospital del Mar, amb col\u00b7laboraci\u00f3 de la Universitat Polit\u00e8cnica de Catalunya (UPC), el CIBER-BBN i el CIBERES, ha portat a terme un estudi basat en l&#8217;an\u00e0lisi i interpretaci\u00f3 dels sons de la tos en les fases inicials de la COVID-19. Aquest m\u00e8tode es presenta com una potencial eina predictiva, simple i accessible per valorar el risc a patir pneum\u00f2nia greu.<\/p>\n\n\n\n<p>La recerca es va fer a partir d\u2019enregistraments amb un tel\u00e8fon intel\u00b7ligent del so de la tos volunt\u00e0ria en 70 pacients amb malaltia per infecci\u00f3 per SARS-CoV-2 dins les primeres 24 hores despr\u00e9s de la seva arribada a l&#8217;hospital. L\u2019an\u00e0lisi ac\u00fastica d\u2019aquests enregistraments realitzada per l\u2019IBEC va permetre detectar difer\u00e8ncies significatives entre els sons dels malalts en funci\u00f3 de la gravetat de la patologia respirat\u00f2ria, que es va confirmar pr\u00e8viament amb &nbsp;proves d\u2019imatge i la necessitat d&#8217;oxigen suplementari. Els resultats &nbsp;mostren que aquesta an\u00e0lisi podria servir per classificar els pacients amb COVID-19 en lleus, moderats o greus i fer el seguiment de pacients amb COVID persistent. El treball es va portar a terme amb dades recollides entre l\u2019abril del 2020 i el maig del 2021 a l\u2019Hospital del Mar, i els resultats s\u2019han publicat a la revista <a><em>European Respiratory Journal<\/em><\/a><em> Open Research<\/em>.<\/p>\n\n\n\n<h4 class=\"wp-block-heading\"><strong><strong>La freq\u00fc\u00e8ncia de la tos: un par\u00e0metre clau<\/strong><\/strong><\/h4>\n\n\n\n<p>Raimon Jan\u00e9, professor de la UPC i investigador principal de l\u2019IBEC i del CIBER-BBN, lidera el grup de <a href=\"https:\/\/ibecbarcelona.eu\/es\/biomedsignal\">Processament i interpretaci\u00f3 de senyals biom\u00e8dics<\/a> (BIOSPIN) de l\u2019IBEC, que ha desenvolupat la metodologia i els algorismes d\u2019an\u00e0lisi ac\u00fastica dels senyals de tos adquirits amb tel\u00e8fons intel\u00b7ligents. &nbsp;Mitjan\u00e7ant un model estad\u00edstic conegut com a model lineal mixt, l\u2019equip va trobar cinc par\u00e0metres, basats en les freq\u00fc\u00e8ncies del so, &nbsp;que eren significativament diferents en la tos dels pacients amb diferents nivells de gravetat de la malaltia i evoluci\u00f3 de la pneum\u00f2nia. Aix\u00ed, aquestes difer\u00e8ncies poden reflectir les alteracions progressives del sistema respiratori en pacients amb la COVID-19.<\/p>\n\n\n\n<blockquote class=\"wp-block-quote is-layout-flow wp-block-quote-is-layout-flow\">\n<p>\u201cTot i que en el passat s&#8217;han proposat m\u00e8todes d\u2019an\u00e0lisi ac\u00fastica de la tos per diagnosticar malalties respirat\u00f2ries, nosaltres hem &nbsp;volgut anar una pas m\u00e9s enll\u00e0 i explorar espec\u00edficament la relaci\u00f3 entre &nbsp;les caracter\u00edstiques ac\u00fastiques de la tos i els diferents nivells de severitat de la pneum\u00f2nia en pacients COVID-19 .\u201d Detalla Jan\u00e9, coautor s\u00e8nior de l\u2019estudi.<\/p>\n<\/blockquote>\n\n\n\n<p>Els autors de l&#8217;estudi expliquen que la utilitzaci\u00f3 de la tos pot servir tant per a detectar de forma preco\u00e7 els pacients amb COVID-19 greu com per fer-ne el seguiment de l&#8217;evoluci\u00f3, avaluant possibles complicacions, fins i tot a dist\u00e0ncia. Ara, per\u00f2, caldr\u00e0 &nbsp;&nbsp;continuar el treball amb dades de m\u00e9s pacients per confirmar els resultats d\u2019aquest estudi transversal, que permeti utilitzar l\u2019an\u00e0lisi de la tos com a eina diagn\u00f2stica en pacients amb COVID-19 o altres malalties respirat\u00f2ries.&nbsp; &nbsp;.<\/p>\n\n\n\n<p>Per aquest motiu, el doctor Joaquim Gea, cap em\u00e8rit del Servei de Pneumologia, investigador de l&#8217;Hospital del Mar Research Institute i coautor s\u00e8nior del treball, indica que les seves conclusions poden ser \u00fatils <strong>&#8220;en \u00e0rees amb infraestructura m\u00e8dica insuficient o en situacions d&#8217;emerg\u00e8ncia, ajudant a identificar i a\u00efllar els pacients amb COVID-19 de manera oportuna, facilitant l&#8217;atenci\u00f3 m\u00e8dica adequada i la implementaci\u00f3 de mesures de control&#8221;<\/strong>.<\/p>\n\n\n\n<p>Un altre element destacat \u00e9s que, tot i que l&#8217;estudi s&#8217;ha centrat a la COVID-19, obre la porta a utilitzar aquest model en altres patologies respirat\u00f2ries.<\/p>\n\n\n\n<hr class=\"wp-block-separator has-alpha-channel-opacity\"\/>\n\n\n\n<p><strong>Article referenciat:<\/strong><\/p>\n\n\n\n<p>Clare Davidson, Oswaldo Antonio Caguana, Manuel Lozano-Garc\u00eda, Mariela Arita Guevara, Luis Estrada-Petrocelli, Ignasi Ferrer-Lluis, Yolanda Castillo-Escario, Pilar Aus\u00edn, Joaquim Gea, Raimon Jan\u00e9. <a href=\"http:\/\/dx.doi.org\/10.1183\/23120541.00247-2022\">Differences in acoustic features of cough by pneumonia severity in patients with COVID-19: a cross-sectional study<\/a>. <em>European Respiratory Journal Open Research <\/em>(2023). DOI: 10.1183\/23120541.00247-2022.<\/p>\n\n\n\n<hr class=\"wp-block-separator has-alpha-channel-opacity\"\/>\n","protected":false},"excerpt":{"rendered":"<p>Un equip de recerca liderat per l\u2019IBEC i l\u2019Hospital del Mar ha portat a terme un estudi per analitzar els sons de la tos, enregistrats mitjan\u00e7ant un tel\u00e8fon intel\u00b7ligent en pacients amb COVID-19. Els resultats revelen caracter\u00edstiques de la tos que podrien proporcionar una manera r\u00e0pida, f\u00e0cil i econ\u00f2mica d&#8217;identificar la gravetat de la malaltia dels pacients a casa o en qualsevol entorn sanitari. El treball obre la porta tamb\u00e9 a utilitzar aquest model en el seguiment de pacients amb COVID persistent i altres patologies respirat\u00f2ries.<\/p>\n","protected":false},"author":37,"featured_media":111183,"comment_status":"closed","ping_status":"closed","sticky":false,"template":"","format":"standard","meta":{"footnotes":""},"categories":[96],"tags":[2066,923,1116],"post_formats":[],"class_list":["post-111187","post","type-post","status-publish","format-standard","has-post-thumbnail","hentry","category-noticies-de-recerca","tag-biomedical-signal-processing-and-interpretation-ca","tag-covid-ca","tag-raimon-jane-ca"],"yoast_head":"<!-- This site is optimized with the Yoast SEO plugin v27.4 - https:\/\/yoast.com\/product\/yoast-seo-wordpress\/ -->\n<title>El so de la tos de pacients amb COVID-19 identifica la seva gravetat - Institute for Bioengineering of Catalonia<\/title>\n<meta name=\"description\" content=\"Els resultats revelen caracter\u00edstiques de la tos que podrien proporcionar una manera r\u00e0pida i f\u00e0cil d&#039;identificar la gravetat de la COVID-19.\" \/>\n<meta name=\"robots\" content=\"index, follow, max-snippet:-1, max-image-preview:large, max-video-preview:-1\" \/>\n<link rel=\"canonical\" href=\"https:\/\/ibecbarcelona.eu\/ca\/analitzen-el-so-de-la-tos-per-identificar-la-gravetat-de-pacients-amb-covid-19\/\" \/>\n<meta property=\"og:locale\" content=\"ca_ES\" \/>\n<meta property=\"og:type\" content=\"article\" \/>\n<meta property=\"og:title\" content=\"El so de la tos de pacients amb COVID-19 identifica la seva gravetat - Institute for Bioengineering of Catalonia\" \/>\n<meta property=\"og:description\" content=\"Els resultats revelen caracter\u00edstiques de la tos que podrien proporcionar una manera r\u00e0pida i f\u00e0cil d&#039;identificar la gravetat de la COVID-19.\" \/>\n<meta property=\"og:url\" content=\"https:\/\/ibecbarcelona.eu\/ca\/analitzen-el-so-de-la-tos-per-identificar-la-gravetat-de-pacients-amb-covid-19\/\" \/>\n<meta property=\"og:site_name\" content=\"Institute for Bioengineering of Catalonia\" \/>\n<meta property=\"article:published_time\" content=\"2023-09-21T07:00:00+00:00\" \/>\n<meta property=\"og:image\" content=\"https:\/\/ibecbarcelona.eu\/wp-content\/uploads\/2023\/09\/Imagen-tos-COVID-web.png\" \/>\n\t<meta property=\"og:image:width\" content=\"1200\" \/>\n\t<meta property=\"og:image:height\" content=\"675\" \/>\n\t<meta property=\"og:image:type\" content=\"image\/png\" \/>\n<meta name=\"author\" content=\"Sarah Moreira\" \/>\n<meta name=\"twitter:card\" content=\"summary_large_image\" \/>\n<meta name=\"twitter:label1\" content=\"Escrit per\" \/>\n\t<meta name=\"twitter:data1\" content=\"Sarah Moreira\" \/>\n\t<meta name=\"twitter:label2\" content=\"Temps estimat de lectura\" \/>\n\t<meta name=\"twitter:data2\" content=\"4 minuts\" \/>\n<script type=\"application\/ld+json\" class=\"yoast-schema-graph\">{\"@context\":\"https:\\\/\\\/schema.org\",\"@graph\":[{\"@type\":\"Article\",\"@id\":\"https:\\\/\\\/ibecbarcelona.eu\\\/ca\\\/analitzen-el-so-de-la-tos-per-identificar-la-gravetat-de-pacients-amb-covid-19\\\/#article\",\"isPartOf\":{\"@id\":\"https:\\\/\\\/ibecbarcelona.eu\\\/ca\\\/analitzen-el-so-de-la-tos-per-identificar-la-gravetat-de-pacients-amb-covid-19\\\/\"},\"author\":{\"name\":\"Sarah Moreira\",\"@id\":\"https:\\\/\\\/ibecbarcelona.eu\\\/#\\\/schema\\\/person\\\/d3a158b8d448000777023ca1e3d71d34\"},\"headline\":\"Analitzen el so de la tos per identificar la gravetat de pacients amb COVID-19\",\"datePublished\":\"2023-09-21T07:00:00+00:00\",\"mainEntityOfPage\":{\"@id\":\"https:\\\/\\\/ibecbarcelona.eu\\\/ca\\\/analitzen-el-so-de-la-tos-per-identificar-la-gravetat-de-pacients-amb-covid-19\\\/\"},\"wordCount\":955,\"publisher\":{\"@id\":\"https:\\\/\\\/ibecbarcelona.eu\\\/#organization\"},\"image\":{\"@id\":\"https:\\\/\\\/ibecbarcelona.eu\\\/ca\\\/analitzen-el-so-de-la-tos-per-identificar-la-gravetat-de-pacients-amb-covid-19\\\/#primaryimage\"},\"thumbnailUrl\":\"https:\\\/\\\/ibecbarcelona.eu\\\/wp-content\\\/uploads\\\/2023\\\/09\\\/Imagen-tos-COVID-web.png\",\"keywords\":[\"Biomedical signal processing and interpretation\",\"COVID-19\",\"Raimon Jane\"],\"articleSection\":[\"Not\u00edcies de recerca\"],\"inLanguage\":\"ca\"},{\"@type\":\"WebPage\",\"@id\":\"https:\\\/\\\/ibecbarcelona.eu\\\/ca\\\/analitzen-el-so-de-la-tos-per-identificar-la-gravetat-de-pacients-amb-covid-19\\\/\",\"url\":\"https:\\\/\\\/ibecbarcelona.eu\\\/ca\\\/analitzen-el-so-de-la-tos-per-identificar-la-gravetat-de-pacients-amb-covid-19\\\/\",\"name\":\"El so de la tos de pacients amb COVID-19 identifica la seva gravetat - Institute for Bioengineering of Catalonia\",\"isPartOf\":{\"@id\":\"https:\\\/\\\/ibecbarcelona.eu\\\/#website\"},\"primaryImageOfPage\":{\"@id\":\"https:\\\/\\\/ibecbarcelona.eu\\\/ca\\\/analitzen-el-so-de-la-tos-per-identificar-la-gravetat-de-pacients-amb-covid-19\\\/#primaryimage\"},\"image\":{\"@id\":\"https:\\\/\\\/ibecbarcelona.eu\\\/ca\\\/analitzen-el-so-de-la-tos-per-identificar-la-gravetat-de-pacients-amb-covid-19\\\/#primaryimage\"},\"thumbnailUrl\":\"https:\\\/\\\/ibecbarcelona.eu\\\/wp-content\\\/uploads\\\/2023\\\/09\\\/Imagen-tos-COVID-web.png\",\"datePublished\":\"2023-09-21T07:00:00+00:00\",\"description\":\"Els resultats revelen caracter\u00edstiques de la tos que podrien proporcionar una manera r\u00e0pida i f\u00e0cil d'identificar la gravetat de la COVID-19.\",\"breadcrumb\":{\"@id\":\"https:\\\/\\\/ibecbarcelona.eu\\\/ca\\\/analitzen-el-so-de-la-tos-per-identificar-la-gravetat-de-pacients-amb-covid-19\\\/#breadcrumb\"},\"inLanguage\":\"ca\",\"potentialAction\":[{\"@type\":\"ReadAction\",\"target\":[\"https:\\\/\\\/ibecbarcelona.eu\\\/ca\\\/analitzen-el-so-de-la-tos-per-identificar-la-gravetat-de-pacients-amb-covid-19\\\/\"]}]},{\"@type\":\"ImageObject\",\"inLanguage\":\"ca\",\"@id\":\"https:\\\/\\\/ibecbarcelona.eu\\\/ca\\\/analitzen-el-so-de-la-tos-per-identificar-la-gravetat-de-pacients-amb-covid-19\\\/#primaryimage\",\"url\":\"https:\\\/\\\/ibecbarcelona.eu\\\/wp-content\\\/uploads\\\/2023\\\/09\\\/Imagen-tos-COVID-web.png\",\"contentUrl\":\"https:\\\/\\\/ibecbarcelona.eu\\\/wp-content\\\/uploads\\\/2023\\\/09\\\/Imagen-tos-COVID-web.png\",\"width\":1200,\"height\":675},{\"@type\":\"BreadcrumbList\",\"@id\":\"https:\\\/\\\/ibecbarcelona.eu\\\/ca\\\/analitzen-el-so-de-la-tos-per-identificar-la-gravetat-de-pacients-amb-covid-19\\\/#breadcrumb\",\"itemListElement\":[{\"@type\":\"ListItem\",\"position\":1,\"name\":\"Home\",\"item\":\"https:\\\/\\\/ibecbarcelona.eu\\\/ca\\\/\"},{\"@type\":\"ListItem\",\"position\":2,\"name\":\"Analitzen el so de la tos per identificar la gravetat de pacients amb COVID-19\"}]},{\"@type\":\"WebSite\",\"@id\":\"https:\\\/\\\/ibecbarcelona.eu\\\/#website\",\"url\":\"https:\\\/\\\/ibecbarcelona.eu\\\/\",\"name\":\"Institute for Bioengineering of Catalonia\",\"description\":\"Bioengineering Solutions for Health\",\"publisher\":{\"@id\":\"https:\\\/\\\/ibecbarcelona.eu\\\/#organization\"},\"potentialAction\":[{\"@type\":\"SearchAction\",\"target\":{\"@type\":\"EntryPoint\",\"urlTemplate\":\"https:\\\/\\\/ibecbarcelona.eu\\\/?s={search_term_string}\"},\"query-input\":{\"@type\":\"PropertyValueSpecification\",\"valueRequired\":true,\"valueName\":\"search_term_string\"}}],\"inLanguage\":\"ca\"},{\"@type\":\"Organization\",\"@id\":\"https:\\\/\\\/ibecbarcelona.eu\\\/#organization\",\"name\":\"Institute for Bioengineering of Catalonia\",\"url\":\"https:\\\/\\\/ibecbarcelona.eu\\\/\",\"logo\":{\"@type\":\"ImageObject\",\"inLanguage\":\"ca\",\"@id\":\"https:\\\/\\\/ibecbarcelona.eu\\\/#\\\/schema\\\/logo\\\/image\\\/\",\"url\":\"https:\\\/\\\/ibecbarcelona.eu\\\/wp-content\\\/uploads\\\/2026\\\/01\\\/cropped-IBEC_20ANYS_GRIS.png\",\"contentUrl\":\"https:\\\/\\\/ibecbarcelona.eu\\\/wp-content\\\/uploads\\\/2026\\\/01\\\/cropped-IBEC_20ANYS_GRIS.png\",\"width\":696,\"height\":257,\"caption\":\"Institute for Bioengineering of Catalonia\"},\"image\":{\"@id\":\"https:\\\/\\\/ibecbarcelona.eu\\\/#\\\/schema\\\/logo\\\/image\\\/\"}},{\"@type\":\"Person\",\"@id\":\"https:\\\/\\\/ibecbarcelona.eu\\\/#\\\/schema\\\/person\\\/d3a158b8d448000777023ca1e3d71d34\",\"name\":\"Sarah Moreira\",\"image\":{\"@type\":\"ImageObject\",\"inLanguage\":\"ca\",\"@id\":\"https:\\\/\\\/secure.gravatar.com\\\/avatar\\\/37385a1f83bdef106d1b89522da4c620ee48ba2eb0662dbc73ba05b7f3fbdf89?s=96&d=mm&r=g\",\"url\":\"https:\\\/\\\/secure.gravatar.com\\\/avatar\\\/37385a1f83bdef106d1b89522da4c620ee48ba2eb0662dbc73ba05b7f3fbdf89?s=96&d=mm&r=g\",\"contentUrl\":\"https:\\\/\\\/secure.gravatar.com\\\/avatar\\\/37385a1f83bdef106d1b89522da4c620ee48ba2eb0662dbc73ba05b7f3fbdf89?s=96&d=mm&r=g\",\"caption\":\"Sarah Moreira\"},\"url\":\"https:\\\/\\\/ibecbarcelona.eu\\\/ca\\\/author\\\/smoreira\\\/\"}]}<\/script>\n<!-- \/ Yoast SEO plugin. -->","yoast_head_json":{"title":"El so de la tos de pacients amb COVID-19 identifica la seva gravetat - Institute for Bioengineering of Catalonia","description":"Els resultats revelen caracter\u00edstiques de la tos que podrien proporcionar una manera r\u00e0pida i f\u00e0cil d'identificar la gravetat de la COVID-19.","robots":{"index":"index","follow":"follow","max-snippet":"max-snippet:-1","max-image-preview":"max-image-preview:large","max-video-preview":"max-video-preview:-1"},"canonical":"https:\/\/ibecbarcelona.eu\/ca\/analitzen-el-so-de-la-tos-per-identificar-la-gravetat-de-pacients-amb-covid-19\/","og_locale":"ca_ES","og_type":"article","og_title":"El so de la tos de pacients amb COVID-19 identifica la seva gravetat - Institute for Bioengineering of Catalonia","og_description":"Els resultats revelen caracter\u00edstiques de la tos que podrien proporcionar una manera r\u00e0pida i f\u00e0cil d'identificar la gravetat de la COVID-19.","og_url":"https:\/\/ibecbarcelona.eu\/ca\/analitzen-el-so-de-la-tos-per-identificar-la-gravetat-de-pacients-amb-covid-19\/","og_site_name":"Institute for Bioengineering of Catalonia","article_published_time":"2023-09-21T07:00:00+00:00","og_image":[{"width":1200,"height":675,"url":"https:\/\/ibecbarcelona.eu\/wp-content\/uploads\/2023\/09\/Imagen-tos-COVID-web.png","type":"image\/png"}],"author":"Sarah Moreira","twitter_card":"summary_large_image","twitter_misc":{"Escrit per":"Sarah Moreira","Temps estimat de lectura":"4 minuts"},"schema":{"@context":"https:\/\/schema.org","@graph":[{"@type":"Article","@id":"https:\/\/ibecbarcelona.eu\/ca\/analitzen-el-so-de-la-tos-per-identificar-la-gravetat-de-pacients-amb-covid-19\/#article","isPartOf":{"@id":"https:\/\/ibecbarcelona.eu\/ca\/analitzen-el-so-de-la-tos-per-identificar-la-gravetat-de-pacients-amb-covid-19\/"},"author":{"name":"Sarah Moreira","@id":"https:\/\/ibecbarcelona.eu\/#\/schema\/person\/d3a158b8d448000777023ca1e3d71d34"},"headline":"Analitzen el so de la tos per identificar la gravetat de pacients amb COVID-19","datePublished":"2023-09-21T07:00:00+00:00","mainEntityOfPage":{"@id":"https:\/\/ibecbarcelona.eu\/ca\/analitzen-el-so-de-la-tos-per-identificar-la-gravetat-de-pacients-amb-covid-19\/"},"wordCount":955,"publisher":{"@id":"https:\/\/ibecbarcelona.eu\/#organization"},"image":{"@id":"https:\/\/ibecbarcelona.eu\/ca\/analitzen-el-so-de-la-tos-per-identificar-la-gravetat-de-pacients-amb-covid-19\/#primaryimage"},"thumbnailUrl":"https:\/\/ibecbarcelona.eu\/wp-content\/uploads\/2023\/09\/Imagen-tos-COVID-web.png","keywords":["Biomedical signal processing and interpretation","COVID-19","Raimon Jane"],"articleSection":["Not\u00edcies de recerca"],"inLanguage":"ca"},{"@type":"WebPage","@id":"https:\/\/ibecbarcelona.eu\/ca\/analitzen-el-so-de-la-tos-per-identificar-la-gravetat-de-pacients-amb-covid-19\/","url":"https:\/\/ibecbarcelona.eu\/ca\/analitzen-el-so-de-la-tos-per-identificar-la-gravetat-de-pacients-amb-covid-19\/","name":"El so de la tos de pacients amb COVID-19 identifica la seva gravetat - Institute for Bioengineering of Catalonia","isPartOf":{"@id":"https:\/\/ibecbarcelona.eu\/#website"},"primaryImageOfPage":{"@id":"https:\/\/ibecbarcelona.eu\/ca\/analitzen-el-so-de-la-tos-per-identificar-la-gravetat-de-pacients-amb-covid-19\/#primaryimage"},"image":{"@id":"https:\/\/ibecbarcelona.eu\/ca\/analitzen-el-so-de-la-tos-per-identificar-la-gravetat-de-pacients-amb-covid-19\/#primaryimage"},"thumbnailUrl":"https:\/\/ibecbarcelona.eu\/wp-content\/uploads\/2023\/09\/Imagen-tos-COVID-web.png","datePublished":"2023-09-21T07:00:00+00:00","description":"Els resultats revelen caracter\u00edstiques de la tos que podrien proporcionar una manera r\u00e0pida i f\u00e0cil d'identificar la gravetat de la COVID-19.","breadcrumb":{"@id":"https:\/\/ibecbarcelona.eu\/ca\/analitzen-el-so-de-la-tos-per-identificar-la-gravetat-de-pacients-amb-covid-19\/#breadcrumb"},"inLanguage":"ca","potentialAction":[{"@type":"ReadAction","target":["https:\/\/ibecbarcelona.eu\/ca\/analitzen-el-so-de-la-tos-per-identificar-la-gravetat-de-pacients-amb-covid-19\/"]}]},{"@type":"ImageObject","inLanguage":"ca","@id":"https:\/\/ibecbarcelona.eu\/ca\/analitzen-el-so-de-la-tos-per-identificar-la-gravetat-de-pacients-amb-covid-19\/#primaryimage","url":"https:\/\/ibecbarcelona.eu\/wp-content\/uploads\/2023\/09\/Imagen-tos-COVID-web.png","contentUrl":"https:\/\/ibecbarcelona.eu\/wp-content\/uploads\/2023\/09\/Imagen-tos-COVID-web.png","width":1200,"height":675},{"@type":"BreadcrumbList","@id":"https:\/\/ibecbarcelona.eu\/ca\/analitzen-el-so-de-la-tos-per-identificar-la-gravetat-de-pacients-amb-covid-19\/#breadcrumb","itemListElement":[{"@type":"ListItem","position":1,"name":"Home","item":"https:\/\/ibecbarcelona.eu\/ca\/"},{"@type":"ListItem","position":2,"name":"Analitzen el so de la tos per identificar la gravetat de pacients amb COVID-19"}]},{"@type":"WebSite","@id":"https:\/\/ibecbarcelona.eu\/#website","url":"https:\/\/ibecbarcelona.eu\/","name":"Institute for Bioengineering of Catalonia","description":"Bioengineering Solutions for Health","publisher":{"@id":"https:\/\/ibecbarcelona.eu\/#organization"},"potentialAction":[{"@type":"SearchAction","target":{"@type":"EntryPoint","urlTemplate":"https:\/\/ibecbarcelona.eu\/?s={search_term_string}"},"query-input":{"@type":"PropertyValueSpecification","valueRequired":true,"valueName":"search_term_string"}}],"inLanguage":"ca"},{"@type":"Organization","@id":"https:\/\/ibecbarcelona.eu\/#organization","name":"Institute for Bioengineering of Catalonia","url":"https:\/\/ibecbarcelona.eu\/","logo":{"@type":"ImageObject","inLanguage":"ca","@id":"https:\/\/ibecbarcelona.eu\/#\/schema\/logo\/image\/","url":"https:\/\/ibecbarcelona.eu\/wp-content\/uploads\/2026\/01\/cropped-IBEC_20ANYS_GRIS.png","contentUrl":"https:\/\/ibecbarcelona.eu\/wp-content\/uploads\/2026\/01\/cropped-IBEC_20ANYS_GRIS.png","width":696,"height":257,"caption":"Institute for Bioengineering of Catalonia"},"image":{"@id":"https:\/\/ibecbarcelona.eu\/#\/schema\/logo\/image\/"}},{"@type":"Person","@id":"https:\/\/ibecbarcelona.eu\/#\/schema\/person\/d3a158b8d448000777023ca1e3d71d34","name":"Sarah Moreira","image":{"@type":"ImageObject","inLanguage":"ca","@id":"https:\/\/secure.gravatar.com\/avatar\/37385a1f83bdef106d1b89522da4c620ee48ba2eb0662dbc73ba05b7f3fbdf89?s=96&d=mm&r=g","url":"https:\/\/secure.gravatar.com\/avatar\/37385a1f83bdef106d1b89522da4c620ee48ba2eb0662dbc73ba05b7f3fbdf89?s=96&d=mm&r=g","contentUrl":"https:\/\/secure.gravatar.com\/avatar\/37385a1f83bdef106d1b89522da4c620ee48ba2eb0662dbc73ba05b7f3fbdf89?s=96&d=mm&r=g","caption":"Sarah Moreira"},"url":"https:\/\/ibecbarcelona.eu\/ca\/author\/smoreira\/"}]}},"AFP_featured_media_urls":{"full":["https:\/\/ibecbarcelona.eu\/wp-content\/uploads\/2023\/09\/Imagen-tos-COVID-web.png",1200,675,false],"thumbnail":["https:\/\/ibecbarcelona.eu\/wp-content\/uploads\/2023\/09\/Imagen-tos-COVID-web-150x150.png",150,150,true],"medium":["https:\/\/ibecbarcelona.eu\/wp-content\/uploads\/2023\/09\/Imagen-tos-COVID-web-300x169.png",300,169,true],"medium_large":["https:\/\/ibecbarcelona.eu\/wp-content\/uploads\/2023\/09\/Imagen-tos-COVID-web-768x432.png",768,432,true],"large":["https:\/\/ibecbarcelona.eu\/wp-content\/uploads\/2023\/09\/Imagen-tos-COVID-web-1024x576.png",1024,576,true]},"AFP_attachments":{"full":["https:\/\/ibecbarcelona.eu\/wp-content\/uploads\/2023\/09\/Imagen-tos-COVID-web.png",1200,675,false],"thumbnail":["https:\/\/ibecbarcelona.eu\/wp-content\/uploads\/2023\/09\/Imagen-tos-COVID-web-150x150.png",150,150,true],"medium":["https:\/\/ibecbarcelona.eu\/wp-content\/uploads\/2023\/09\/Imagen-tos-COVID-web-300x169.png",300,169,true],"medium_large":["https:\/\/ibecbarcelona.eu\/wp-content\/uploads\/2023\/09\/Imagen-tos-COVID-web-768x432.png",768,432,true],"large":["https:\/\/ibecbarcelona.eu\/wp-content\/uploads\/2023\/09\/Imagen-tos-COVID-web-1024x576.png",1024,576,true]},"AFP_videos":[],"AFP_video_blocks":"","AFP_category_names":["Not\u00edcies de recerca"],"_links":{"self":[{"href":"https:\/\/ibecbarcelona.eu\/ca\/wp-json\/wp\/v2\/posts\/111187","targetHints":{"allow":["GET"]}}],"collection":[{"href":"https:\/\/ibecbarcelona.eu\/ca\/wp-json\/wp\/v2\/posts"}],"about":[{"href":"https:\/\/ibecbarcelona.eu\/ca\/wp-json\/wp\/v2\/types\/post"}],"author":[{"embeddable":true,"href":"https:\/\/ibecbarcelona.eu\/ca\/wp-json\/wp\/v2\/users\/37"}],"replies":[{"embeddable":true,"href":"https:\/\/ibecbarcelona.eu\/ca\/wp-json\/wp\/v2\/comments?post=111187"}],"version-history":[{"count":3,"href":"https:\/\/ibecbarcelona.eu\/ca\/wp-json\/wp\/v2\/posts\/111187\/revisions"}],"predecessor-version":[{"id":111195,"href":"https:\/\/ibecbarcelona.eu\/ca\/wp-json\/wp\/v2\/posts\/111187\/revisions\/111195"}],"wp:featuredmedia":[{"embeddable":true,"href":"https:\/\/ibecbarcelona.eu\/ca\/wp-json\/wp\/v2\/media\/111183"}],"wp:attachment":[{"href":"https:\/\/ibecbarcelona.eu\/ca\/wp-json\/wp\/v2\/media?parent=111187"}],"wp:term":[{"taxonomy":"category","embeddable":true,"href":"https:\/\/ibecbarcelona.eu\/ca\/wp-json\/wp\/v2\/categories?post=111187"},{"taxonomy":"post_tag","embeddable":true,"href":"https:\/\/ibecbarcelona.eu\/ca\/wp-json\/wp\/v2\/tags?post=111187"},{"taxonomy":"post_format","embeddable":true,"href":"https:\/\/ibecbarcelona.eu\/ca\/wp-json\/wp\/v2\/post_formats?post=111187"}],"curies":[{"name":"wp","href":"https:\/\/api.w.org\/{rel}","templated":true}]}}