
{"id":112688,"date":"2023-11-21T10:14:53","date_gmt":"2023-11-21T09:14:53","guid":{"rendered":"https:\/\/ibecbarcelona.eu\/luminescent-nanoparticle-based-implants-for-pain-and-epilepsy-treatment\/"},"modified":"2023-11-21T10:41:33","modified_gmt":"2023-11-21T09:41:33","slug":"luminescent-nanoparticle-based-implants-for-pain-and-epilepsy-treatment","status":"publish","type":"post","link":"https:\/\/ibecbarcelona.eu\/ca\/implants-amb-nanoparticules-luminescents-per-tractar-el-dolor-i-epilepsia","title":{"rendered":"Implants amb nanopart\u00edcules luminescents per tractar el dolor i l&#8217;epil\u00e8psia"},"content":{"rendered":"\n<p><strong>L&#8217;IBEC coordinar\u00e0 el projecte PHOTOTHERAPORT que es desenvolupar\u00e0 amb el finan\u00e7ament del programa Pathfinder Open del Consell d&#8217;Innovaci\u00f3 Europeu.<\/strong> <strong>El projecte se centra en el desenvolupament d&#8217;implants luminescents i f\u00e0rmacs activats amb llum per a innovadores ter\u00e0pies de neuromodulaci\u00f3.<\/strong> <strong>Phototheraport ser\u00e0 un consorci internacional de 8 institucions i rebr\u00e0 3 milions d&#8217;euros en 3 anys per a l&#8217;estudi precl\u00ednic d&#8217;aquests implants.<\/strong><\/p>\n\n\n\n<figure class=\"wp-block-image size-large\"><img decoding=\"async\" width=\"1024\" height=\"683\" data-src=\"https:\/\/ibecbarcelona.eu\/wp-content\/uploads\/2023\/11\/PHOTOTHERAPORT-low-1024x683.png\" alt=\"\" class=\"wp-image-112678 lazyload\" data-srcset=\"https:\/\/ibecbarcelona.eu\/wp-content\/uploads\/2023\/11\/PHOTOTHERAPORT-low-1024x683.png 1024w, https:\/\/ibecbarcelona.eu\/wp-content\/uploads\/2023\/11\/PHOTOTHERAPORT-low-300x200.png 300w, https:\/\/ibecbarcelona.eu\/wp-content\/uploads\/2023\/11\/PHOTOTHERAPORT-low-768x512.png 768w, https:\/\/ibecbarcelona.eu\/wp-content\/uploads\/2023\/11\/PHOTOTHERAPORT-low-600x400.png 600w, https:\/\/ibecbarcelona.eu\/wp-content\/uploads\/2023\/11\/PHOTOTHERAPORT-low.png 1200w\" data-sizes=\"(max-width: 1024px) 100vw, 1024px\" src=\"data:image\/svg+xml;base64,PHN2ZyB3aWR0aD0iMSIgaGVpZ2h0PSIxIiB4bWxucz0iaHR0cDovL3d3dy53My5vcmcvMjAwMC9zdmciPjwvc3ZnPg==\" style=\"--smush-placeholder-width: 1024px; --smush-placeholder-aspect-ratio: 1024\/683;\" \/><\/figure>\n\n\n\n<div style=\"height:20px\" aria-hidden=\"true\" class=\"wp-block-spacer\"><\/div>\n\n\n\n<p>Pau Gorostiza, professor de recerca ICREA i investigador principal del grup de <a href=\"https:\/\/ibecbarcelona.eu\/es\/nanoprobes\">Nanosondas i Nanocommutadors<\/a> de l&#8217;Institut de Bioenginyeria de Catalunya (IBEC) i del CIBER-BBN, coordinar\u00e0 el projecte PHOTOTHERAPORT finan\u00e7at pel prestigi\u00f3s programa Pathfinder Open del Consell d&#8217;Innovaci\u00f3 Europeu (EIC, per les seves sigles en angl\u00e8s). Amb aquesta iniciativa l&#8217;EIC impulsa l&#8217;exploraci\u00f3 d&#8217;idees atrevides per a tecnologies radicalment noves, donant suport a col\u00b7laboracions cient\u00edfiques d&#8217;avantguarda, interdisciplin\u00e0ries i d&#8217;alt risc\/alta recompensa que sustenten aven\u00e7os tecnol\u00f2gics.<\/p>\n\n\n\n<p>PHOTOTHERAPORT se centra en el desenvolupament d&#8217;implants luminescents com ports per a ter\u00e0pies de llum, en analogia als que s&#8217;empren en quimioter\u00e0pia per administrar f\u00e0rmacs. Un consorci de 8 institucions de 4 pa\u00efsos, coordinat per l&#8217;IBEC, dur\u00e0 a terme el projecte amb un finan\u00e7ament de 3 milions d&#8217;euros durant els pr\u00f2xims 3 anys.<a><\/a><\/p>\n\n\n\n<p>Les ter\u00e0pies basades en la llum estan cobrant import\u00e0ncia en medicina a causa de la seva capacitat per dirigir-se a regions espec\u00edfiques del cos. Malgrat el seu demostrat potencial terap\u00e8utic, aquestes ter\u00e0pies s&#8217;enfronten a un desafiament com\u00fa: l&#8217;atenuaci\u00f3 de la llum visible a trav\u00e9s de teixits tous i ossos abans que arribi de manera efectiva al lloc d&#8217;inter\u00e8s. Aquesta atenuaci\u00f3 \u00e9s m\u00e9s gran com m\u00e9s profunds s\u00f3n els teixits i \u00f2rgans als quals es vol arribar.<\/p>\n\n\n\n<p>La plataforma PhotoTheraPort ofereix una soluci\u00f3 a aquest desafiament. Es tracta d&#8217;uns implants dissenyats perqu\u00e8 emetin llum localment en il\u00b7luminar-los amb una font de llum externa. Aquests dispositius incorporen nanopart\u00edcules d<em>&#8216;upconversion<\/em> (conversi\u00f3 ascendent, en angl\u00e8s), que en il\u00b7luminar-les amb llum infraroja emeten fotons de major energia (llum visible o ultraviolada). D&#8217;aquesta manera, l&#8217;emissi\u00f3 de llum per part de les nanopart\u00edcules es pot controlar de forma remota i no invasiva, aplicant externament llum infraroja, que s\u00ed que penetra a trav\u00e9s del teixit i l&#8217;os. La forma i el color d&#8217;emissi\u00f3 dels PhotoTheraPorts podran ajustar-se a diversos prop\u00f2sits terap\u00e8utics. El consorci d&#8217;investigaci\u00f3 emprar\u00e0 inicialment aquesta plataforma per produir efectes analg\u00e8sics \u00fanicament mitjan\u00e7ant llum, la qual cosa es coneix com a fotobiomodulaci\u00f3 contra el dolor, i el compararan amb l\u00e0mpades que ja s&#8217;utilitzen cl\u00ednicament. El prop\u00f2sit \u00e9s tractar el dolor inflamatori de manera m\u00e9s efectiva en regions ocultes de la columna vertebral.<\/p>\n\n\n\n<p>A continuaci\u00f3, els PhotoTheraPort s&#8217;aplicaran a ter\u00e0pies de neuromodulaci\u00f3 fotofarmacol\u00f2gica. Per a aix\u00f2 es desenvoluparan fotof\u00e0rmacs dissenyats per treballar conjuntament amb la plataforma d&#8217;emissors de llum. Aquests f\u00e0rmacs s&#8217;activen \u00fanicament quan s&#8217;exposen a un color de llum espec\u00edfic. Aquesta segona tecnologia es provar\u00e0 per reduir el dolor neurop\u00e0tic il\u00b7luminant en certes regions de la columna vertebral. Tamb\u00e9 s&#8217;intentar\u00e0 inhibir la hiperactivitat neuronal caracter\u00edstica de l&#8217;epil\u00e8psia focal, que afecta una zona limitada del cervell i \u00e9s intractable en el 30% dels pacients epil\u00e8ptics.<\/p>\n\n\n\n<blockquote class=\"wp-block-quote is-layout-flow wp-block-quote-is-layout-flow\">\n<p>&#8220;La nostra meta \u00e9s demostrar, d\u2019aqu\u00ed a cinc anys, la seguretat i no toxicitat de la plataforma i acostar aquesta nova ter\u00e0pia de fotobiomodulaci\u00f3 a l&#8217;\u00fas cl\u00ednic. Els terminis de desenvolupament dels fotof\u00e0rmacs s\u00f3n impredictibles, per\u00f2 es preveuen m\u00e9s llargs. Si obtenim bons resultats precl\u00ednics per a la neuromodulaci\u00f3, seria la primera mol\u00e8cula d&#8217;aquest tipus que compleixi amb els requisits reguladors.&#8221; Explica Gorostiza.<\/p>\n<\/blockquote>\n\n\n\n<p>Un cop provada l&#8217;efic\u00e0cia dels PhotoTheraPort per a aquestes patologies, la plataforma t\u00e9 el potencial de poder aplicar-se a altres condicions que requereixen tractaments amb acci\u00f3 localitzada, com s\u00f3n l&#8217;artritis, les malalties autoimmunes, les infeccions o els trasplantaments. La simplicitat i versatilitat d&#8217;aquesta innovadora plataforma pret\u00e9n millorar el tractament del dolor i la qualitat de vida dels pacients, a m\u00e9s d&#8217;oferir al sistema sanitari formes d&#8217;optimitzar costos m\u00e8dics i ampliar els seus beneficis.<\/p>\n\n\n\n<p>El consorci PHOTOTHERAPORT est\u00e0 format per l&#8217;Institut Let\u00f3 de S\u00edntesi Org\u00e0nica, la Universitat de Tampere (Finl\u00e0ndia), l&#8217;Institut de Tecnologia Technion (Israel), la Universitat Stradins de Riga (Let\u00f2nia), la Universitat de Cadis, l&#8217;Institut d&#8217;Investigacions Biom\u00e8diques de Barcelona (IIBB-CSIC) i l&#8217;Institut Teamit, tamb\u00e9 a Barcelona, i est\u00e0 coordinat per l&#8217;IBEC.<\/p>\n\n\n\n<figure class=\"wp-block-image size-large is-resized\"><img decoding=\"async\" width=\"1024\" height=\"136\" data-src=\"https:\/\/ibecbarcelona.eu\/wp-content\/uploads\/2023\/11\/EIC-logo-FundedBy-CMYK_ES-1024x136.png\" alt=\"\" class=\"wp-image-112692 lazyload\" style=\"--smush-placeholder-width: 1024px; --smush-placeholder-aspect-ratio: 1024\/136;width:300px\" data-srcset=\"https:\/\/ibecbarcelona.eu\/wp-content\/uploads\/2023\/11\/EIC-logo-FundedBy-CMYK_ES-1024x136.png 1024w, https:\/\/ibecbarcelona.eu\/wp-content\/uploads\/2023\/11\/EIC-logo-FundedBy-CMYK_ES-300x40.png 300w, https:\/\/ibecbarcelona.eu\/wp-content\/uploads\/2023\/11\/EIC-logo-FundedBy-CMYK_ES-768x102.png 768w, https:\/\/ibecbarcelona.eu\/wp-content\/uploads\/2023\/11\/EIC-logo-FundedBy-CMYK_ES-1536x205.png 1536w, https:\/\/ibecbarcelona.eu\/wp-content\/uploads\/2023\/11\/EIC-logo-FundedBy-CMYK_ES-2048x273.png 2048w\" data-sizes=\"(max-width: 1024px) 100vw, 1024px\" src=\"data:image\/svg+xml;base64,PHN2ZyB3aWR0aD0iMSIgaGVpZ2h0PSIxIiB4bWxucz0iaHR0cDovL3d3dy53My5vcmcvMjAwMC9zdmciPjwvc3ZnPg==\" \/><\/figure>\n","protected":false},"excerpt":{"rendered":"<p>L&#8217;IBEC coordinar\u00e0 el projecte PHOTOTHERAPORT que es desenvolupar\u00e0 amb el finan\u00e7ament del programa Pathfinder Open del Consell d&#8217;Innovaci\u00f3 Europeu. El projecte se centra en el desenvolupament d&#8217;implants luminescents i f\u00e0rmacs activats amb llum per a innovadores ter\u00e0pies de neuromodulaci\u00f3. Phototheraport ser\u00e0 un consorci internacional de 8 institucions i rebr\u00e0 3 milions d&#8217;euros en 3 anys per a l&#8217;estudi precl\u00ednic d&#8217;aquests implants.<\/p>\n","protected":false},"author":37,"featured_media":112679,"comment_status":"closed","ping_status":"closed","sticky":false,"template":"","format":"standard","meta":{"footnotes":""},"categories":[98],"tags":[2073,1879,1883],"post_formats":[],"class_list":["post-112688","post","type-post","status-publish","format-standard","has-post-thumbnail","hentry","category-noticies-institucionals","tag-epilepsy-ca","tag-nanoprobes-and-nanoswitches-ca","tag-pau-gorostiza-ca-2"],"yoast_head":"<!-- This site is optimized with the Yoast SEO plugin v27.5 - https:\/\/yoast.com\/product\/yoast-seo-wordpress\/ -->\n<title>Implants luminescents per tractar el dolor i l&#039;epil\u00e8psia - Institute for Bioengineering of Catalonia<\/title>\n<meta name=\"description\" content=\"L&#039;IBEC coordinar\u00e0 el projecte PHOTOTHERAPORT finan\u00e7at pel programa Pathfinder Open del Consell d&#039;Innovaci\u00f3 Europeu.\" \/>\n<meta name=\"robots\" content=\"index, follow, max-snippet:-1, max-image-preview:large, max-video-preview:-1\" \/>\n<link rel=\"canonical\" href=\"https:\/\/ibecbarcelona.eu\/ca\/implants-amb-nanoparticules-luminescents-per-tractar-el-dolor-i-epilepsia\/\" \/>\n<meta property=\"og:locale\" content=\"ca_ES\" \/>\n<meta property=\"og:type\" content=\"article\" \/>\n<meta property=\"og:title\" content=\"Implants luminescents per tractar el dolor i l&#039;epil\u00e8psia - Institute for Bioengineering of Catalonia\" \/>\n<meta property=\"og:description\" content=\"L&#039;IBEC coordinar\u00e0 el projecte PHOTOTHERAPORT finan\u00e7at pel programa Pathfinder Open del Consell d&#039;Innovaci\u00f3 Europeu.\" \/>\n<meta property=\"og:url\" content=\"https:\/\/ibecbarcelona.eu\/ca\/implants-amb-nanoparticules-luminescents-per-tractar-el-dolor-i-epilepsia\/\" \/>\n<meta property=\"og:site_name\" content=\"Institute for Bioengineering of Catalonia\" \/>\n<meta property=\"article:published_time\" content=\"2023-11-21T09:14:53+00:00\" \/>\n<meta property=\"article:modified_time\" content=\"2023-11-21T09:41:33+00:00\" \/>\n<meta property=\"og:image\" content=\"https:\/\/ibecbarcelona.eu\/wp-content\/uploads\/2023\/11\/PHOTOTHERAPORT-low.png\" \/>\n\t<meta property=\"og:image:width\" content=\"1200\" \/>\n\t<meta property=\"og:image:height\" content=\"800\" \/>\n\t<meta property=\"og:image:type\" content=\"image\/png\" \/>\n<meta name=\"author\" content=\"Sarah Moreira\" \/>\n<meta name=\"twitter:card\" content=\"summary_large_image\" \/>\n<meta name=\"twitter:label1\" content=\"Escrit per\" \/>\n\t<meta name=\"twitter:data1\" content=\"Sarah Moreira\" \/>\n\t<meta name=\"twitter:label2\" content=\"Temps estimat de lectura\" \/>\n\t<meta name=\"twitter:data2\" content=\"4 minuts\" \/>\n<script type=\"application\/ld+json\" class=\"yoast-schema-graph\">{\"@context\":\"https:\\\/\\\/schema.org\",\"@graph\":[{\"@type\":\"Article\",\"@id\":\"https:\\\/\\\/ibecbarcelona.eu\\\/ca\\\/implants-amb-nanoparticules-luminescents-per-tractar-el-dolor-i-epilepsia\\\/#article\",\"isPartOf\":{\"@id\":\"https:\\\/\\\/ibecbarcelona.eu\\\/ca\\\/implants-amb-nanoparticules-luminescents-per-tractar-el-dolor-i-epilepsia\\\/\"},\"author\":{\"name\":\"Sarah Moreira\",\"@id\":\"https:\\\/\\\/ibecbarcelona.eu\\\/#\\\/schema\\\/person\\\/d3a158b8d448000777023ca1e3d71d34\"},\"headline\":\"Implants amb nanopart\u00edcules luminescents per tractar el dolor i l&#8217;epil\u00e8psia\",\"datePublished\":\"2023-11-21T09:14:53+00:00\",\"dateModified\":\"2023-11-21T09:41:33+00:00\",\"mainEntityOfPage\":{\"@id\":\"https:\\\/\\\/ibecbarcelona.eu\\\/ca\\\/implants-amb-nanoparticules-luminescents-per-tractar-el-dolor-i-epilepsia\\\/\"},\"wordCount\":755,\"publisher\":{\"@id\":\"https:\\\/\\\/ibecbarcelona.eu\\\/#organization\"},\"image\":{\"@id\":\"https:\\\/\\\/ibecbarcelona.eu\\\/ca\\\/implants-amb-nanoparticules-luminescents-per-tractar-el-dolor-i-epilepsia\\\/#primaryimage\"},\"thumbnailUrl\":\"https:\\\/\\\/ibecbarcelona.eu\\\/wp-content\\\/uploads\\\/2023\\\/11\\\/PHOTOTHERAPORT-low.png\",\"keywords\":[\"epilepsy\",\"Nanoprobes and nanoswitches\",\"Pau Gorostiza\"],\"articleSection\":[\"Not\u00edcies institucionals\"],\"inLanguage\":\"ca\"},{\"@type\":\"WebPage\",\"@id\":\"https:\\\/\\\/ibecbarcelona.eu\\\/ca\\\/implants-amb-nanoparticules-luminescents-per-tractar-el-dolor-i-epilepsia\\\/\",\"url\":\"https:\\\/\\\/ibecbarcelona.eu\\\/ca\\\/implants-amb-nanoparticules-luminescents-per-tractar-el-dolor-i-epilepsia\\\/\",\"name\":\"Implants luminescents per tractar el dolor i l'epil\u00e8psia - Institute for Bioengineering of Catalonia\",\"isPartOf\":{\"@id\":\"https:\\\/\\\/ibecbarcelona.eu\\\/#website\"},\"primaryImageOfPage\":{\"@id\":\"https:\\\/\\\/ibecbarcelona.eu\\\/ca\\\/implants-amb-nanoparticules-luminescents-per-tractar-el-dolor-i-epilepsia\\\/#primaryimage\"},\"image\":{\"@id\":\"https:\\\/\\\/ibecbarcelona.eu\\\/ca\\\/implants-amb-nanoparticules-luminescents-per-tractar-el-dolor-i-epilepsia\\\/#primaryimage\"},\"thumbnailUrl\":\"https:\\\/\\\/ibecbarcelona.eu\\\/wp-content\\\/uploads\\\/2023\\\/11\\\/PHOTOTHERAPORT-low.png\",\"datePublished\":\"2023-11-21T09:14:53+00:00\",\"dateModified\":\"2023-11-21T09:41:33+00:00\",\"description\":\"L'IBEC coordinar\u00e0 el projecte PHOTOTHERAPORT finan\u00e7at pel programa Pathfinder Open del Consell d'Innovaci\u00f3 Europeu.\",\"breadcrumb\":{\"@id\":\"https:\\\/\\\/ibecbarcelona.eu\\\/ca\\\/implants-amb-nanoparticules-luminescents-per-tractar-el-dolor-i-epilepsia\\\/#breadcrumb\"},\"inLanguage\":\"ca\",\"potentialAction\":[{\"@type\":\"ReadAction\",\"target\":[\"https:\\\/\\\/ibecbarcelona.eu\\\/ca\\\/implants-amb-nanoparticules-luminescents-per-tractar-el-dolor-i-epilepsia\\\/\"]}]},{\"@type\":\"ImageObject\",\"inLanguage\":\"ca\",\"@id\":\"https:\\\/\\\/ibecbarcelona.eu\\\/ca\\\/implants-amb-nanoparticules-luminescents-per-tractar-el-dolor-i-epilepsia\\\/#primaryimage\",\"url\":\"https:\\\/\\\/ibecbarcelona.eu\\\/wp-content\\\/uploads\\\/2023\\\/11\\\/PHOTOTHERAPORT-low.png\",\"contentUrl\":\"https:\\\/\\\/ibecbarcelona.eu\\\/wp-content\\\/uploads\\\/2023\\\/11\\\/PHOTOTHERAPORT-low.png\",\"width\":1200,\"height\":800},{\"@type\":\"BreadcrumbList\",\"@id\":\"https:\\\/\\\/ibecbarcelona.eu\\\/ca\\\/implants-amb-nanoparticules-luminescents-per-tractar-el-dolor-i-epilepsia\\\/#breadcrumb\",\"itemListElement\":[{\"@type\":\"ListItem\",\"position\":1,\"name\":\"Home\",\"item\":\"https:\\\/\\\/ibecbarcelona.eu\\\/ca\\\/\"},{\"@type\":\"ListItem\",\"position\":2,\"name\":\"Implants amb nanopart\u00edcules luminescents per tractar el dolor i l&#8217;epil\u00e8psia\"}]},{\"@type\":\"WebSite\",\"@id\":\"https:\\\/\\\/ibecbarcelona.eu\\\/#website\",\"url\":\"https:\\\/\\\/ibecbarcelona.eu\\\/\",\"name\":\"Institute for Bioengineering of Catalonia\",\"description\":\"Bioengineering Solutions for Health\",\"publisher\":{\"@id\":\"https:\\\/\\\/ibecbarcelona.eu\\\/#organization\"},\"potentialAction\":[{\"@type\":\"SearchAction\",\"target\":{\"@type\":\"EntryPoint\",\"urlTemplate\":\"https:\\\/\\\/ibecbarcelona.eu\\\/?s={search_term_string}\"},\"query-input\":{\"@type\":\"PropertyValueSpecification\",\"valueRequired\":true,\"valueName\":\"search_term_string\"}}],\"inLanguage\":\"ca\"},{\"@type\":\"Organization\",\"@id\":\"https:\\\/\\\/ibecbarcelona.eu\\\/#organization\",\"name\":\"Institute for Bioengineering of Catalonia\",\"url\":\"https:\\\/\\\/ibecbarcelona.eu\\\/\",\"logo\":{\"@type\":\"ImageObject\",\"inLanguage\":\"ca\",\"@id\":\"https:\\\/\\\/ibecbarcelona.eu\\\/#\\\/schema\\\/logo\\\/image\\\/\",\"url\":\"https:\\\/\\\/ibecbarcelona.eu\\\/wp-content\\\/uploads\\\/2026\\\/01\\\/cropped-IBEC_20ANYS_GRIS.png\",\"contentUrl\":\"https:\\\/\\\/ibecbarcelona.eu\\\/wp-content\\\/uploads\\\/2026\\\/01\\\/cropped-IBEC_20ANYS_GRIS.png\",\"width\":696,\"height\":257,\"caption\":\"Institute for Bioengineering of Catalonia\"},\"image\":{\"@id\":\"https:\\\/\\\/ibecbarcelona.eu\\\/#\\\/schema\\\/logo\\\/image\\\/\"}},{\"@type\":\"Person\",\"@id\":\"https:\\\/\\\/ibecbarcelona.eu\\\/#\\\/schema\\\/person\\\/d3a158b8d448000777023ca1e3d71d34\",\"name\":\"Sarah Moreira\",\"image\":{\"@type\":\"ImageObject\",\"inLanguage\":\"ca\",\"@id\":\"https:\\\/\\\/secure.gravatar.com\\\/avatar\\\/37385a1f83bdef106d1b89522da4c620ee48ba2eb0662dbc73ba05b7f3fbdf89?s=96&d=mm&r=g\",\"url\":\"https:\\\/\\\/secure.gravatar.com\\\/avatar\\\/37385a1f83bdef106d1b89522da4c620ee48ba2eb0662dbc73ba05b7f3fbdf89?s=96&d=mm&r=g\",\"contentUrl\":\"https:\\\/\\\/secure.gravatar.com\\\/avatar\\\/37385a1f83bdef106d1b89522da4c620ee48ba2eb0662dbc73ba05b7f3fbdf89?s=96&d=mm&r=g\",\"caption\":\"Sarah Moreira\"},\"url\":\"https:\\\/\\\/ibecbarcelona.eu\\\/ca\\\/author\\\/smoreira\\\/\"}]}<\/script>\n<!-- \/ Yoast SEO plugin. -->","yoast_head_json":{"title":"Implants luminescents per tractar el dolor i l'epil\u00e8psia - Institute for Bioengineering of Catalonia","description":"L'IBEC coordinar\u00e0 el projecte PHOTOTHERAPORT finan\u00e7at pel programa Pathfinder Open del Consell d'Innovaci\u00f3 Europeu.","robots":{"index":"index","follow":"follow","max-snippet":"max-snippet:-1","max-image-preview":"max-image-preview:large","max-video-preview":"max-video-preview:-1"},"canonical":"https:\/\/ibecbarcelona.eu\/ca\/implants-amb-nanoparticules-luminescents-per-tractar-el-dolor-i-epilepsia\/","og_locale":"ca_ES","og_type":"article","og_title":"Implants luminescents per tractar el dolor i l'epil\u00e8psia - Institute for Bioengineering of Catalonia","og_description":"L'IBEC coordinar\u00e0 el projecte PHOTOTHERAPORT finan\u00e7at pel programa Pathfinder Open del Consell d'Innovaci\u00f3 Europeu.","og_url":"https:\/\/ibecbarcelona.eu\/ca\/implants-amb-nanoparticules-luminescents-per-tractar-el-dolor-i-epilepsia\/","og_site_name":"Institute for Bioengineering of Catalonia","article_published_time":"2023-11-21T09:14:53+00:00","article_modified_time":"2023-11-21T09:41:33+00:00","og_image":[{"width":1200,"height":800,"url":"https:\/\/ibecbarcelona.eu\/wp-content\/uploads\/2023\/11\/PHOTOTHERAPORT-low.png","type":"image\/png"}],"author":"Sarah Moreira","twitter_card":"summary_large_image","twitter_misc":{"Escrit per":"Sarah Moreira","Temps estimat de lectura":"4 minuts"},"schema":{"@context":"https:\/\/schema.org","@graph":[{"@type":"Article","@id":"https:\/\/ibecbarcelona.eu\/ca\/implants-amb-nanoparticules-luminescents-per-tractar-el-dolor-i-epilepsia\/#article","isPartOf":{"@id":"https:\/\/ibecbarcelona.eu\/ca\/implants-amb-nanoparticules-luminescents-per-tractar-el-dolor-i-epilepsia\/"},"author":{"name":"Sarah Moreira","@id":"https:\/\/ibecbarcelona.eu\/#\/schema\/person\/d3a158b8d448000777023ca1e3d71d34"},"headline":"Implants amb nanopart\u00edcules luminescents per tractar el dolor i l&#8217;epil\u00e8psia","datePublished":"2023-11-21T09:14:53+00:00","dateModified":"2023-11-21T09:41:33+00:00","mainEntityOfPage":{"@id":"https:\/\/ibecbarcelona.eu\/ca\/implants-amb-nanoparticules-luminescents-per-tractar-el-dolor-i-epilepsia\/"},"wordCount":755,"publisher":{"@id":"https:\/\/ibecbarcelona.eu\/#organization"},"image":{"@id":"https:\/\/ibecbarcelona.eu\/ca\/implants-amb-nanoparticules-luminescents-per-tractar-el-dolor-i-epilepsia\/#primaryimage"},"thumbnailUrl":"https:\/\/ibecbarcelona.eu\/wp-content\/uploads\/2023\/11\/PHOTOTHERAPORT-low.png","keywords":["epilepsy","Nanoprobes and nanoswitches","Pau Gorostiza"],"articleSection":["Not\u00edcies institucionals"],"inLanguage":"ca"},{"@type":"WebPage","@id":"https:\/\/ibecbarcelona.eu\/ca\/implants-amb-nanoparticules-luminescents-per-tractar-el-dolor-i-epilepsia\/","url":"https:\/\/ibecbarcelona.eu\/ca\/implants-amb-nanoparticules-luminescents-per-tractar-el-dolor-i-epilepsia\/","name":"Implants luminescents per tractar el dolor i l'epil\u00e8psia - Institute for Bioengineering of Catalonia","isPartOf":{"@id":"https:\/\/ibecbarcelona.eu\/#website"},"primaryImageOfPage":{"@id":"https:\/\/ibecbarcelona.eu\/ca\/implants-amb-nanoparticules-luminescents-per-tractar-el-dolor-i-epilepsia\/#primaryimage"},"image":{"@id":"https:\/\/ibecbarcelona.eu\/ca\/implants-amb-nanoparticules-luminescents-per-tractar-el-dolor-i-epilepsia\/#primaryimage"},"thumbnailUrl":"https:\/\/ibecbarcelona.eu\/wp-content\/uploads\/2023\/11\/PHOTOTHERAPORT-low.png","datePublished":"2023-11-21T09:14:53+00:00","dateModified":"2023-11-21T09:41:33+00:00","description":"L'IBEC coordinar\u00e0 el projecte PHOTOTHERAPORT finan\u00e7at pel programa Pathfinder Open del Consell d'Innovaci\u00f3 Europeu.","breadcrumb":{"@id":"https:\/\/ibecbarcelona.eu\/ca\/implants-amb-nanoparticules-luminescents-per-tractar-el-dolor-i-epilepsia\/#breadcrumb"},"inLanguage":"ca","potentialAction":[{"@type":"ReadAction","target":["https:\/\/ibecbarcelona.eu\/ca\/implants-amb-nanoparticules-luminescents-per-tractar-el-dolor-i-epilepsia\/"]}]},{"@type":"ImageObject","inLanguage":"ca","@id":"https:\/\/ibecbarcelona.eu\/ca\/implants-amb-nanoparticules-luminescents-per-tractar-el-dolor-i-epilepsia\/#primaryimage","url":"https:\/\/ibecbarcelona.eu\/wp-content\/uploads\/2023\/11\/PHOTOTHERAPORT-low.png","contentUrl":"https:\/\/ibecbarcelona.eu\/wp-content\/uploads\/2023\/11\/PHOTOTHERAPORT-low.png","width":1200,"height":800},{"@type":"BreadcrumbList","@id":"https:\/\/ibecbarcelona.eu\/ca\/implants-amb-nanoparticules-luminescents-per-tractar-el-dolor-i-epilepsia\/#breadcrumb","itemListElement":[{"@type":"ListItem","position":1,"name":"Home","item":"https:\/\/ibecbarcelona.eu\/ca\/"},{"@type":"ListItem","position":2,"name":"Implants amb nanopart\u00edcules luminescents per tractar el dolor i l&#8217;epil\u00e8psia"}]},{"@type":"WebSite","@id":"https:\/\/ibecbarcelona.eu\/#website","url":"https:\/\/ibecbarcelona.eu\/","name":"Institute for Bioengineering of Catalonia","description":"Bioengineering Solutions for Health","publisher":{"@id":"https:\/\/ibecbarcelona.eu\/#organization"},"potentialAction":[{"@type":"SearchAction","target":{"@type":"EntryPoint","urlTemplate":"https:\/\/ibecbarcelona.eu\/?s={search_term_string}"},"query-input":{"@type":"PropertyValueSpecification","valueRequired":true,"valueName":"search_term_string"}}],"inLanguage":"ca"},{"@type":"Organization","@id":"https:\/\/ibecbarcelona.eu\/#organization","name":"Institute for Bioengineering of Catalonia","url":"https:\/\/ibecbarcelona.eu\/","logo":{"@type":"ImageObject","inLanguage":"ca","@id":"https:\/\/ibecbarcelona.eu\/#\/schema\/logo\/image\/","url":"https:\/\/ibecbarcelona.eu\/wp-content\/uploads\/2026\/01\/cropped-IBEC_20ANYS_GRIS.png","contentUrl":"https:\/\/ibecbarcelona.eu\/wp-content\/uploads\/2026\/01\/cropped-IBEC_20ANYS_GRIS.png","width":696,"height":257,"caption":"Institute for Bioengineering of Catalonia"},"image":{"@id":"https:\/\/ibecbarcelona.eu\/#\/schema\/logo\/image\/"}},{"@type":"Person","@id":"https:\/\/ibecbarcelona.eu\/#\/schema\/person\/d3a158b8d448000777023ca1e3d71d34","name":"Sarah Moreira","image":{"@type":"ImageObject","inLanguage":"ca","@id":"https:\/\/secure.gravatar.com\/avatar\/37385a1f83bdef106d1b89522da4c620ee48ba2eb0662dbc73ba05b7f3fbdf89?s=96&d=mm&r=g","url":"https:\/\/secure.gravatar.com\/avatar\/37385a1f83bdef106d1b89522da4c620ee48ba2eb0662dbc73ba05b7f3fbdf89?s=96&d=mm&r=g","contentUrl":"https:\/\/secure.gravatar.com\/avatar\/37385a1f83bdef106d1b89522da4c620ee48ba2eb0662dbc73ba05b7f3fbdf89?s=96&d=mm&r=g","caption":"Sarah Moreira"},"url":"https:\/\/ibecbarcelona.eu\/ca\/author\/smoreira\/"}]}},"AFP_featured_media_urls":{"full":["https:\/\/ibecbarcelona.eu\/wp-content\/uploads\/2023\/11\/PHOTOTHERAPORT-low.png",1200,800,false],"thumbnail":["https:\/\/ibecbarcelona.eu\/wp-content\/uploads\/2023\/11\/PHOTOTHERAPORT-low-150x150.png",150,150,true],"medium":["https:\/\/ibecbarcelona.eu\/wp-content\/uploads\/2023\/11\/PHOTOTHERAPORT-low-300x200.png",300,200,true],"medium_large":["https:\/\/ibecbarcelona.eu\/wp-content\/uploads\/2023\/11\/PHOTOTHERAPORT-low-768x512.png",768,512,true],"large":["https:\/\/ibecbarcelona.eu\/wp-content\/uploads\/2023\/11\/PHOTOTHERAPORT-low-1024x683.png",1024,683,true]},"AFP_attachments":{"full":["https:\/\/ibecbarcelona.eu\/wp-content\/uploads\/2023\/11\/PHOTOTHERAPORT-low.png",1200,800,false],"thumbnail":["https:\/\/ibecbarcelona.eu\/wp-content\/uploads\/2023\/11\/PHOTOTHERAPORT-low-150x150.png",150,150,true],"medium":["https:\/\/ibecbarcelona.eu\/wp-content\/uploads\/2023\/11\/PHOTOTHERAPORT-low-300x200.png",300,200,true],"medium_large":["https:\/\/ibecbarcelona.eu\/wp-content\/uploads\/2023\/11\/PHOTOTHERAPORT-low-768x512.png",768,512,true],"large":["https:\/\/ibecbarcelona.eu\/wp-content\/uploads\/2023\/11\/PHOTOTHERAPORT-low-1024x683.png",1024,683,true]},"AFP_videos":[],"AFP_video_blocks":"","AFP_category_names":["Not\u00edcies institucionals"],"_links":{"self":[{"href":"https:\/\/ibecbarcelona.eu\/ca\/wp-json\/wp\/v2\/posts\/112688","targetHints":{"allow":["GET"]}}],"collection":[{"href":"https:\/\/ibecbarcelona.eu\/ca\/wp-json\/wp\/v2\/posts"}],"about":[{"href":"https:\/\/ibecbarcelona.eu\/ca\/wp-json\/wp\/v2\/types\/post"}],"author":[{"embeddable":true,"href":"https:\/\/ibecbarcelona.eu\/ca\/wp-json\/wp\/v2\/users\/37"}],"replies":[{"embeddable":true,"href":"https:\/\/ibecbarcelona.eu\/ca\/wp-json\/wp\/v2\/comments?post=112688"}],"version-history":[{"count":1,"href":"https:\/\/ibecbarcelona.eu\/ca\/wp-json\/wp\/v2\/posts\/112688\/revisions"}],"predecessor-version":[{"id":112699,"href":"https:\/\/ibecbarcelona.eu\/ca\/wp-json\/wp\/v2\/posts\/112688\/revisions\/112699"}],"wp:featuredmedia":[{"embeddable":true,"href":"https:\/\/ibecbarcelona.eu\/ca\/wp-json\/wp\/v2\/media\/112679"}],"wp:attachment":[{"href":"https:\/\/ibecbarcelona.eu\/ca\/wp-json\/wp\/v2\/media?parent=112688"}],"wp:term":[{"taxonomy":"category","embeddable":true,"href":"https:\/\/ibecbarcelona.eu\/ca\/wp-json\/wp\/v2\/categories?post=112688"},{"taxonomy":"post_tag","embeddable":true,"href":"https:\/\/ibecbarcelona.eu\/ca\/wp-json\/wp\/v2\/tags?post=112688"},{"taxonomy":"post_format","embeddable":true,"href":"https:\/\/ibecbarcelona.eu\/ca\/wp-json\/wp\/v2\/post_formats?post=112688"}],"curies":[{"name":"wp","href":"https:\/\/api.w.org\/{rel}","templated":true}]}}