
{"id":115958,"date":"2024-03-08T15:46:11","date_gmt":"2024-03-08T14:46:11","guid":{"rendered":"https:\/\/ibecbarcelona.eu\/?p=115958"},"modified":"2024-03-11T11:15:17","modified_gmt":"2024-03-11T10:15:17","slug":"ibec-and-aefat-join-forces-against-ataxia-telangiectasia","status":"publish","type":"post","link":"https:\/\/ibecbarcelona.eu\/ca\/ibec-i-aefat-units-contra-ataxia-telangiectasi","title":{"rendered":"L&#8217;IBEC i l&#8217;AEFAT units contra l&#8217;at\u00e0xia telangi\u00e8ctasi"},"content":{"rendered":"\n<p><strong>Avui s&#8217;ha celebrat l&#8217;esdeveniment &#8220;Avances en Ataxia Telangiectasia&#8221; organitzat per l&#8217;Institut de Bioenginyeria de Catalunya (IBEC) en col\u00b7laboraci\u00f3 amb l&#8217;AEFAT, l&#8217;associaci\u00f3 espanyola fam\u00edlia at\u00e0xia-telangi\u00e8ctasi. Una trobada entre familiars de pacients, investigadors i cl\u00ednics per aprofundir en els \u00faltims aven\u00e7os en recerca i el maneig cl\u00ednic de l&#8217;at\u00e0xia telangi\u00e8ct\u00e0sia.<\/strong><\/p>\n\n\n\n<figure class=\"wp-block-image size-large\"><img decoding=\"async\" width=\"1024\" height=\"576\" data-src=\"https:\/\/ibecbarcelona.eu\/wp-content\/uploads\/2024\/03\/d9d5ce08-733b-47e5-876d-fae3df43fcad-1024x576.jpg\" alt=\"\" class=\"wp-image-115934 lazyload\" data-srcset=\"https:\/\/ibecbarcelona.eu\/wp-content\/uploads\/2024\/03\/d9d5ce08-733b-47e5-876d-fae3df43fcad-1024x576.jpg 1024w, https:\/\/ibecbarcelona.eu\/wp-content\/uploads\/2024\/03\/d9d5ce08-733b-47e5-876d-fae3df43fcad-300x169.jpg 300w, https:\/\/ibecbarcelona.eu\/wp-content\/uploads\/2024\/03\/d9d5ce08-733b-47e5-876d-fae3df43fcad-768x432.jpg 768w, https:\/\/ibecbarcelona.eu\/wp-content\/uploads\/2024\/03\/d9d5ce08-733b-47e5-876d-fae3df43fcad-1536x864.jpg 1536w, https:\/\/ibecbarcelona.eu\/wp-content\/uploads\/2024\/03\/d9d5ce08-733b-47e5-876d-fae3df43fcad-2048x1152.jpg 2048w\" data-sizes=\"(max-width: 1024px) 100vw, 1024px\" src=\"data:image\/svg+xml;base64,PHN2ZyB3aWR0aD0iMSIgaGVpZ2h0PSIxIiB4bWxucz0iaHR0cDovL3d3dy53My5vcmcvMjAwMC9zdmciPjwvc3ZnPg==\" style=\"--smush-placeholder-width: 1024px; --smush-placeholder-aspect-ratio: 1024\/576;\" \/><\/figure>\n\n\n\n<div style=\"height:20px\" aria-hidden=\"true\" class=\"wp-block-spacer\"><\/div>\n\n\n\n<p>Avui s&#8217;ha celebrat l&#8217;esdeveniment &#8220;Avances en Ataxia Telangiectasia&#8221; organitzat per l&#8217;Institut de Bioenginyeria de Catalunya (IBEC) en col\u00b7laboraci\u00f3 amb l&#8217;AEFAT, que agrupa les fam\u00edlies afectades per at\u00e0xia telangi\u00e8ctasi (AT) a Espanya, una malaltia rara que afecta almenys 40 nens i joves al pa\u00eds.<\/p>\n\n\n\n<p>La trobada, que ha tingut lloc al Parc Cient\u00edfic de Barcelona (PCB), ha reunit familiars de pacients, investigadors i cl\u00ednics amb el prop\u00f2sit d&#8217;informar sobre els projectes de recerca atorgats recentment per l&#8217;AEFAT. Un espai de reflexi\u00f3 per aprofundir en els \u00faltims aven\u00e7os en el maneig cl\u00ednics de l&#8217;at\u00e0xia telangi\u00e8ct\u00e0sia.<a><\/a><\/p>\n\n\n\n<blockquote class=\"wp-block-quote is-layout-flow wp-block-quote-is-layout-flow\">\n<p>L&#8217;IBEC aposta per col\u00b7laborar amb els pacients a trav\u00e9s d&#8217;associacions de pacients per poder estudiar diferents malalties rares.<\/p>\n<cite>Teresa Sanchis<\/cite><\/blockquote>\n\n\n\n<p>La jornada ha iniciat amb un petit aperitiu i la benvinguda als assistents de la m\u00e0 de Teresa Sanchis, responsable d&#8217;Estrat\u00e8gia de l&#8217;IBEC, que ha donat una visi\u00f3 general de la recerca que es porta a terme al centre i les iniciatives per comunicar-la a la societat. &#8220;L&#8217;IBEC aposta per col\u00b7laborar amb els pacients a trav\u00e9s d&#8217;associacions de pacients per poder estudiar diferents malalties rares&#8221; ha destacat Sanchis.<\/p>\n\n\n\n<p>A continuaci\u00f3, ha estat el torn de N\u00faria Montserrat Pulido, qui ha exercit un paper clau com a nexe entre l&#8217;IBEC i l&#8217;AEFAT, liderant l&#8217;organitzaci\u00f3 de la jornada. La seva posici\u00f3 com a investigadora principal a l&#8217;IBEC i benefici\u00e0ria d&#8217;un dels projectes de recerca finan\u00e7ats per l&#8217;AEFAT ha estat la base d&#8217;aquesta col\u00b7laboraci\u00f3. El projecte de Montserrat, titulat <a href=\"https:\/\/ibecbarcelona.eu\/es\/organoides-para-estudiar-la-ataxia-telangiectasia\" target=\"_blank\" rel=\"noreferrer noopener\">&#8220;Modelling Ataxia Telangiectasia pathogenesis and therapeutics using human pluripotent stem cells and genetic engineering&#8221;<\/a>, t\u00e9 com a objectiu desenvolupar organoides a partir de les c\u00e8l\u00b7lules dels pacients que permetin assajar processos d&#8217;edici\u00f3 g\u00e8nica per a diferents mutacions i crear una plataforma per testar f\u00e0rmacs.<\/p>\n\n\n\n<blockquote class=\"wp-block-quote is-layout-flow wp-block-quote-is-layout-flow\">\n<p>Quan aquest projecte finalitzi, el nostre objectiu \u00e9s que les eines desenvolupades estiguin disponibles per a d&#8217;altres, permetent que les utilitzin i millorin.<\/p>\n<cite>N\u00faria Montserrat<\/cite><\/blockquote>\n\n\n\n<p>En paraules de N\u00faria Montserrat: &#8220;Quan aquest projecte finalitzi, el nostre objectiu \u00e9s que les eines desenvolupades estiguin disponibles per a d&#8217;altres, permetent que les utilitzin i millorin. La nostra meta \u00e9s contribuir al progr\u00e9s constant en la investigaci\u00f3 de l&#8217;at\u00e0xia telangi\u00e8ct\u00e0sia i malalties similars, assegurant que la informaci\u00f3 obtinguda estigui disponible per a les associacions de pacients.&#8221;<\/p>\n\n\n\n<p>La jornada ha continuat amb la intervenci\u00f3 d&#8217;altres investigadors que han presentat el treball que duen a terme dins dels projectes de recerca de l&#8217;AEFAT. Entre ells Marc G\u00fcell, Investigador responsable del grup Translational Synthetic Biology group de la Universitat Pompeu Fabra (UPF) i Roberto Bilbao, director cient\u00edfic del Biobanco Vasco, Fundaci\u00f3 basca d&#8217;innovaci\u00f3 i recerca sanit\u00e0ries (Bioef).<\/p>\n\n\n\n<p>S&#8217;ha comptat a m\u00e9s amb la participaci\u00f3 de Jordi Surrall\u00e9s, director de l&#8217;Institut de Recerca de l&#8217;Hospital de la Santa Creu i Sant Pau; Alejandra Darling i neur\u00f2loga pedi\u00e0trica de l&#8217;Hospital Sant Joan de D\u00e9u; que han aportat la visi\u00f3 cl\u00ednica.<\/p>\n\n\n\n<p>Finalment, la jornada ha concl\u00f2s amb els emotius testimonis d&#8217;alguns dels presents, explicant la seva hist\u00f2ria personal amb l&#8217;at\u00e0xia\u00a0telangi\u00e8ctasi\u00a0i agraint la tasca de recerca portada a terme. Despr\u00e9s de la clausura, els assistents han pogut visitar les instal\u00b7lacions de l&#8217;IBEC\u00a0per con\u00e8ixer els laboratoris on es dur\u00e0 a terme el projecte de N\u00faria Montserrat.<\/p>\n\n\n\n<p>Aquest esdeveniment exemplifica el comprom\u00eds de l&#8217;IBEC a col\u00b7laborar estretament amb associacions de pacients, impulsant projectes de recerca centrats en les necessitats reals d&#8217;aquests. Aquest enfocament integral no nom\u00e9s refor\u00e7a la connexi\u00f3 entre la recerca cient\u00edfica i la comunitat afectada, sin\u00f3 que tamb\u00e9 crea un context valu\u00f3s per al desenvolupament de solucions innovadores i ter\u00e0pies efectives.<\/p>\n\n\n\n<figure class=\"wp-block-gallery has-nested-images columns-default is-cropped wp-block-gallery-1 is-layout-flex wp-block-gallery-is-layout-flex\">\n<figure class=\"wp-block-image size-large\"><img decoding=\"async\" width=\"819\" height=\"1024\" data-id=\"115950\" data-src=\"https:\/\/ibecbarcelona.eu\/wp-content\/uploads\/2024\/03\/IBEC-AEFAT_XavierDArquer-recorte-819x1024.jpg\" alt=\"\" class=\"wp-image-115950 lazyload\" data-srcset=\"https:\/\/ibecbarcelona.eu\/wp-content\/uploads\/2024\/03\/IBEC-AEFAT_XavierDArquer-recorte-819x1024.jpg 819w, https:\/\/ibecbarcelona.eu\/wp-content\/uploads\/2024\/03\/IBEC-AEFAT_XavierDArquer-recorte-240x300.jpg 240w, https:\/\/ibecbarcelona.eu\/wp-content\/uploads\/2024\/03\/IBEC-AEFAT_XavierDArquer-recorte-768x960.jpg 768w, https:\/\/ibecbarcelona.eu\/wp-content\/uploads\/2024\/03\/IBEC-AEFAT_XavierDArquer-recorte.jpg 833w\" data-sizes=\"(max-width: 819px) 100vw, 819px\" src=\"data:image\/svg+xml;base64,PHN2ZyB3aWR0aD0iMSIgaGVpZ2h0PSIxIiB4bWxucz0iaHR0cDovL3d3dy53My5vcmcvMjAwMC9zdmciPjwvc3ZnPg==\" style=\"--smush-placeholder-width: 819px; --smush-placeholder-aspect-ratio: 819\/1024;\" \/><figcaption class=\"wp-element-caption\">Teresa Sanchis \/ Cr\u00e8dit: Xavier D\u2019Arquer<\/figcaption><\/figure>\n\n\n\n<figure class=\"wp-block-image size-large\"><img decoding=\"async\" width=\"768\" height=\"1024\" data-id=\"115938\" data-src=\"https:\/\/ibecbarcelona.eu\/wp-content\/uploads\/2024\/03\/7a057012-d6ae-44ad-a70d-ef3d1b433d54-768x1024.jpg\" alt=\"\" class=\"wp-image-115938 lazyload\" data-srcset=\"https:\/\/ibecbarcelona.eu\/wp-content\/uploads\/2024\/03\/7a057012-d6ae-44ad-a70d-ef3d1b433d54-768x1024.jpg 768w, https:\/\/ibecbarcelona.eu\/wp-content\/uploads\/2024\/03\/7a057012-d6ae-44ad-a70d-ef3d1b433d54-225x300.jpg 225w, https:\/\/ibecbarcelona.eu\/wp-content\/uploads\/2024\/03\/7a057012-d6ae-44ad-a70d-ef3d1b433d54.jpg 1093w\" data-sizes=\"(max-width: 768px) 100vw, 768px\" src=\"data:image\/svg+xml;base64,PHN2ZyB3aWR0aD0iMSIgaGVpZ2h0PSIxIiB4bWxucz0iaHR0cDovL3d3dy53My5vcmcvMjAwMC9zdmciPjwvc3ZnPg==\" style=\"--smush-placeholder-width: 768px; --smush-placeholder-aspect-ratio: 768\/1024;\" \/><\/figure>\n\n\n\n<figure class=\"wp-block-image size-full\"><img decoding=\"async\" width=\"704\" height=\"880\" data-id=\"115953\" data-src=\"https:\/\/ibecbarcelona.eu\/wp-content\/uploads\/2024\/03\/IBEC-AEFAT_XavierDArquer_2-recorte.png\" alt=\"\" class=\"wp-image-115953 lazyload\" data-srcset=\"https:\/\/ibecbarcelona.eu\/wp-content\/uploads\/2024\/03\/IBEC-AEFAT_XavierDArquer_2-recorte.png 704w, https:\/\/ibecbarcelona.eu\/wp-content\/uploads\/2024\/03\/IBEC-AEFAT_XavierDArquer_2-recorte-240x300.png 240w\" data-sizes=\"(max-width: 704px) 100vw, 704px\" src=\"data:image\/svg+xml;base64,PHN2ZyB3aWR0aD0iMSIgaGVpZ2h0PSIxIiB4bWxucz0iaHR0cDovL3d3dy53My5vcmcvMjAwMC9zdmciPjwvc3ZnPg==\" style=\"--smush-placeholder-width: 704px; --smush-placeholder-aspect-ratio: 704\/880;\" \/><figcaption class=\"wp-element-caption\">N\u00faria Montserrat\/ Cr\u00e8dit: Xavier D\u2019Arquer<\/figcaption><\/figure>\n\n\n\n<figure class=\"wp-block-image size-large\"><img decoding=\"async\" width=\"1024\" height=\"682\" data-id=\"115947\" data-src=\"https:\/\/ibecbarcelona.eu\/wp-content\/uploads\/2024\/03\/IBEC-AEFAT_XavierDArquer_3-1024x682.jpg\" alt=\"\" class=\"wp-image-115947 lazyload\" data-srcset=\"https:\/\/ibecbarcelona.eu\/wp-content\/uploads\/2024\/03\/IBEC-AEFAT_XavierDArquer_3-1024x682.jpg 1024w, https:\/\/ibecbarcelona.eu\/wp-content\/uploads\/2024\/03\/IBEC-AEFAT_XavierDArquer_3-300x200.jpg 300w, https:\/\/ibecbarcelona.eu\/wp-content\/uploads\/2024\/03\/IBEC-AEFAT_XavierDArquer_3-768x512.jpg 768w, https:\/\/ibecbarcelona.eu\/wp-content\/uploads\/2024\/03\/IBEC-AEFAT_XavierDArquer_3-1200x800.jpg 1200w, https:\/\/ibecbarcelona.eu\/wp-content\/uploads\/2024\/03\/IBEC-AEFAT_XavierDArquer_3-600x400.jpg 600w, https:\/\/ibecbarcelona.eu\/wp-content\/uploads\/2024\/03\/IBEC-AEFAT_XavierDArquer_3.jpg 1499w\" data-sizes=\"(max-width: 1024px) 100vw, 1024px\" src=\"data:image\/svg+xml;base64,PHN2ZyB3aWR0aD0iMSIgaGVpZ2h0PSIxIiB4bWxucz0iaHR0cDovL3d3dy53My5vcmcvMjAwMC9zdmciPjwvc3ZnPg==\" style=\"--smush-placeholder-width: 1024px; --smush-placeholder-aspect-ratio: 1024\/682;\" \/><figcaption class=\"wp-element-caption\">Cr\u00e8dit: Xavier D\u2019Arquer<\/figcaption><\/figure>\n<\/figure>\n","protected":false},"excerpt":{"rendered":"<p>Avui s&#8217;ha celebrat l&#8217;esdeveniment &#8220;Avances en Ataxia Telangiectasia&#8221; organitzat per l&#8217;Institut de Bioenginyeria de Catalunya (IBEC) en col\u00b7laboraci\u00f3 amb l&#8217;AEFAT, l&#8217;associaci\u00f3 espanyola fam\u00edlia at\u00e0xia-telangi\u00e8ctasi. Una trobada entre familiars de pacients, investigadors i cl\u00ednics per aprofundir en els \u00faltims aven\u00e7os en el maneig cl\u00ednics de l&#8217;at\u00e0xia telangi\u00e8ct\u00e0sia.<\/p>\n","protected":false},"author":37,"featured_media":115935,"comment_status":"closed","ping_status":"closed","sticky":false,"template":"","format":"standard","meta":{"footnotes":""},"categories":[98],"tags":[1731,1944,1123,1780],"post_formats":[],"class_list":["post-115958","post","type-post","status-publish","format-standard","has-post-thumbnail","hentry","category-noticies-institucionals","tag-esdeveniment","tag-malalties-rares","tag-nuria-montserrat-ca-2","tag-pluripotency-for-organ-regeneration-ca"],"yoast_head":"<!-- This site is optimized with the Yoast SEO plugin v27.4 - https:\/\/yoast.com\/product\/yoast-seo-wordpress\/ -->\n<title>L&#039;IBEC i l&#039;AEFAT units contra l&#039;at\u00e0xia telangi\u00e8ctasi - Institute for Bioengineering of Catalonia<\/title>\n<meta name=\"robots\" content=\"index, follow, max-snippet:-1, max-image-preview:large, max-video-preview:-1\" \/>\n<link rel=\"canonical\" href=\"https:\/\/ibecbarcelona.eu\/ca\/ibec-i-aefat-units-contra-ataxia-telangiectasi\/\" \/>\n<meta property=\"og:locale\" content=\"ca_ES\" \/>\n<meta property=\"og:type\" content=\"article\" \/>\n<meta property=\"og:title\" content=\"L&#039;IBEC i l&#039;AEFAT units contra l&#039;at\u00e0xia telangi\u00e8ctasi - Institute for Bioengineering of Catalonia\" \/>\n<meta property=\"og:description\" content=\"Avui s&#039;ha celebrat l&#039;esdeveniment &quot;Avances en Ataxia Telangiectasia&quot; organitzat per l&#039;Institut de Bioenginyeria de Catalunya (IBEC) en col\u00b7laboraci\u00f3 amb l&#039;AEFAT, l&#039;associaci\u00f3 espanyola fam\u00edlia at\u00e0xia-telangi\u00e8ctasi. Una trobada entre familiars de pacients, investigadors i cl\u00ednics per aprofundir en els \u00faltims aven\u00e7os en el maneig cl\u00ednics de l&#039;at\u00e0xia telangi\u00e8ct\u00e0sia.\" \/>\n<meta property=\"og:url\" content=\"https:\/\/ibecbarcelona.eu\/ca\/ibec-i-aefat-units-contra-ataxia-telangiectasi\/\" \/>\n<meta property=\"og:site_name\" content=\"Institute for Bioengineering of Catalonia\" \/>\n<meta property=\"article:published_time\" content=\"2024-03-08T14:46:11+00:00\" \/>\n<meta property=\"article:modified_time\" content=\"2024-03-11T10:15:17+00:00\" \/>\n<meta property=\"og:image\" content=\"https:\/\/ibecbarcelona.eu\/wp-content\/uploads\/2024\/03\/d9d5ce08-733b-47e5-876d-fae3df43fcad-scaled.jpg\" \/>\n\t<meta property=\"og:image:width\" content=\"2560\" \/>\n\t<meta property=\"og:image:height\" content=\"1440\" \/>\n\t<meta property=\"og:image:type\" content=\"image\/jpeg\" \/>\n<meta name=\"author\" content=\"Sarah Moreira\" \/>\n<meta name=\"twitter:card\" content=\"summary_large_image\" \/>\n<meta name=\"twitter:label1\" content=\"Escrit per\" \/>\n\t<meta name=\"twitter:data1\" content=\"Sarah Moreira\" \/>\n\t<meta name=\"twitter:label2\" content=\"Temps estimat de lectura\" \/>\n\t<meta name=\"twitter:data2\" content=\"4 minuts\" \/>\n<script type=\"application\/ld+json\" class=\"yoast-schema-graph\">{\"@context\":\"https:\\\/\\\/schema.org\",\"@graph\":[{\"@type\":\"Article\",\"@id\":\"https:\\\/\\\/ibecbarcelona.eu\\\/ca\\\/ibec-i-aefat-units-contra-ataxia-telangiectasi\\\/#article\",\"isPartOf\":{\"@id\":\"https:\\\/\\\/ibecbarcelona.eu\\\/ca\\\/ibec-i-aefat-units-contra-ataxia-telangiectasi\\\/\"},\"author\":{\"name\":\"Sarah Moreira\",\"@id\":\"https:\\\/\\\/ibecbarcelona.eu\\\/#\\\/schema\\\/person\\\/d3a158b8d448000777023ca1e3d71d34\"},\"headline\":\"L&#8217;IBEC i l&#8217;AEFAT units contra l&#8217;at\u00e0xia telangi\u00e8ctasi\",\"datePublished\":\"2024-03-08T14:46:11+00:00\",\"dateModified\":\"2024-03-11T10:15:17+00:00\",\"mainEntityOfPage\":{\"@id\":\"https:\\\/\\\/ibecbarcelona.eu\\\/ca\\\/ibec-i-aefat-units-contra-ataxia-telangiectasi\\\/\"},\"wordCount\":719,\"publisher\":{\"@id\":\"https:\\\/\\\/ibecbarcelona.eu\\\/#organization\"},\"image\":{\"@id\":\"https:\\\/\\\/ibecbarcelona.eu\\\/ca\\\/ibec-i-aefat-units-contra-ataxia-telangiectasi\\\/#primaryimage\"},\"thumbnailUrl\":\"https:\\\/\\\/ibecbarcelona.eu\\\/wp-content\\\/uploads\\\/2024\\\/03\\\/d9d5ce08-733b-47e5-876d-fae3df43fcad-scaled.jpg\",\"keywords\":[\"Esdeveniment\",\"Malalties rares\",\"Nuria Montserrat\",\"Pluripotency for organ regeneration\"],\"articleSection\":[\"Not\u00edcies institucionals\"],\"inLanguage\":\"ca\"},{\"@type\":\"WebPage\",\"@id\":\"https:\\\/\\\/ibecbarcelona.eu\\\/ca\\\/ibec-i-aefat-units-contra-ataxia-telangiectasi\\\/\",\"url\":\"https:\\\/\\\/ibecbarcelona.eu\\\/ca\\\/ibec-i-aefat-units-contra-ataxia-telangiectasi\\\/\",\"name\":\"L'IBEC i l'AEFAT units contra l'at\u00e0xia telangi\u00e8ctasi - Institute for Bioengineering of Catalonia\",\"isPartOf\":{\"@id\":\"https:\\\/\\\/ibecbarcelona.eu\\\/#website\"},\"primaryImageOfPage\":{\"@id\":\"https:\\\/\\\/ibecbarcelona.eu\\\/ca\\\/ibec-i-aefat-units-contra-ataxia-telangiectasi\\\/#primaryimage\"},\"image\":{\"@id\":\"https:\\\/\\\/ibecbarcelona.eu\\\/ca\\\/ibec-i-aefat-units-contra-ataxia-telangiectasi\\\/#primaryimage\"},\"thumbnailUrl\":\"https:\\\/\\\/ibecbarcelona.eu\\\/wp-content\\\/uploads\\\/2024\\\/03\\\/d9d5ce08-733b-47e5-876d-fae3df43fcad-scaled.jpg\",\"datePublished\":\"2024-03-08T14:46:11+00:00\",\"dateModified\":\"2024-03-11T10:15:17+00:00\",\"breadcrumb\":{\"@id\":\"https:\\\/\\\/ibecbarcelona.eu\\\/ca\\\/ibec-i-aefat-units-contra-ataxia-telangiectasi\\\/#breadcrumb\"},\"inLanguage\":\"ca\",\"potentialAction\":[{\"@type\":\"ReadAction\",\"target\":[\"https:\\\/\\\/ibecbarcelona.eu\\\/ca\\\/ibec-i-aefat-units-contra-ataxia-telangiectasi\\\/\"]}]},{\"@type\":\"ImageObject\",\"inLanguage\":\"ca\",\"@id\":\"https:\\\/\\\/ibecbarcelona.eu\\\/ca\\\/ibec-i-aefat-units-contra-ataxia-telangiectasi\\\/#primaryimage\",\"url\":\"https:\\\/\\\/ibecbarcelona.eu\\\/wp-content\\\/uploads\\\/2024\\\/03\\\/d9d5ce08-733b-47e5-876d-fae3df43fcad-scaled.jpg\",\"contentUrl\":\"https:\\\/\\\/ibecbarcelona.eu\\\/wp-content\\\/uploads\\\/2024\\\/03\\\/d9d5ce08-733b-47e5-876d-fae3df43fcad-scaled.jpg\",\"width\":2560,\"height\":1440},{\"@type\":\"BreadcrumbList\",\"@id\":\"https:\\\/\\\/ibecbarcelona.eu\\\/ca\\\/ibec-i-aefat-units-contra-ataxia-telangiectasi\\\/#breadcrumb\",\"itemListElement\":[{\"@type\":\"ListItem\",\"position\":1,\"name\":\"Home\",\"item\":\"https:\\\/\\\/ibecbarcelona.eu\\\/ca\\\/\"},{\"@type\":\"ListItem\",\"position\":2,\"name\":\"L&#8217;IBEC i l&#8217;AEFAT units contra l&#8217;at\u00e0xia telangi\u00e8ctasi\"}]},{\"@type\":\"WebSite\",\"@id\":\"https:\\\/\\\/ibecbarcelona.eu\\\/#website\",\"url\":\"https:\\\/\\\/ibecbarcelona.eu\\\/\",\"name\":\"Institute for Bioengineering of Catalonia\",\"description\":\"Bioengineering Solutions for Health\",\"publisher\":{\"@id\":\"https:\\\/\\\/ibecbarcelona.eu\\\/#organization\"},\"potentialAction\":[{\"@type\":\"SearchAction\",\"target\":{\"@type\":\"EntryPoint\",\"urlTemplate\":\"https:\\\/\\\/ibecbarcelona.eu\\\/?s={search_term_string}\"},\"query-input\":{\"@type\":\"PropertyValueSpecification\",\"valueRequired\":true,\"valueName\":\"search_term_string\"}}],\"inLanguage\":\"ca\"},{\"@type\":\"Organization\",\"@id\":\"https:\\\/\\\/ibecbarcelona.eu\\\/#organization\",\"name\":\"Institute for Bioengineering of Catalonia\",\"url\":\"https:\\\/\\\/ibecbarcelona.eu\\\/\",\"logo\":{\"@type\":\"ImageObject\",\"inLanguage\":\"ca\",\"@id\":\"https:\\\/\\\/ibecbarcelona.eu\\\/#\\\/schema\\\/logo\\\/image\\\/\",\"url\":\"https:\\\/\\\/ibecbarcelona.eu\\\/wp-content\\\/uploads\\\/2026\\\/01\\\/cropped-IBEC_20ANYS_GRIS.png\",\"contentUrl\":\"https:\\\/\\\/ibecbarcelona.eu\\\/wp-content\\\/uploads\\\/2026\\\/01\\\/cropped-IBEC_20ANYS_GRIS.png\",\"width\":696,\"height\":257,\"caption\":\"Institute for Bioengineering of Catalonia\"},\"image\":{\"@id\":\"https:\\\/\\\/ibecbarcelona.eu\\\/#\\\/schema\\\/logo\\\/image\\\/\"}},{\"@type\":\"Person\",\"@id\":\"https:\\\/\\\/ibecbarcelona.eu\\\/#\\\/schema\\\/person\\\/d3a158b8d448000777023ca1e3d71d34\",\"name\":\"Sarah Moreira\",\"image\":{\"@type\":\"ImageObject\",\"inLanguage\":\"ca\",\"@id\":\"https:\\\/\\\/secure.gravatar.com\\\/avatar\\\/37385a1f83bdef106d1b89522da4c620ee48ba2eb0662dbc73ba05b7f3fbdf89?s=96&d=mm&r=g\",\"url\":\"https:\\\/\\\/secure.gravatar.com\\\/avatar\\\/37385a1f83bdef106d1b89522da4c620ee48ba2eb0662dbc73ba05b7f3fbdf89?s=96&d=mm&r=g\",\"contentUrl\":\"https:\\\/\\\/secure.gravatar.com\\\/avatar\\\/37385a1f83bdef106d1b89522da4c620ee48ba2eb0662dbc73ba05b7f3fbdf89?s=96&d=mm&r=g\",\"caption\":\"Sarah Moreira\"},\"url\":\"https:\\\/\\\/ibecbarcelona.eu\\\/ca\\\/author\\\/smoreira\\\/\"}]}<\/script>\n<!-- \/ Yoast SEO plugin. -->","yoast_head_json":{"title":"L'IBEC i l'AEFAT units contra l'at\u00e0xia telangi\u00e8ctasi - Institute for Bioengineering of Catalonia","robots":{"index":"index","follow":"follow","max-snippet":"max-snippet:-1","max-image-preview":"max-image-preview:large","max-video-preview":"max-video-preview:-1"},"canonical":"https:\/\/ibecbarcelona.eu\/ca\/ibec-i-aefat-units-contra-ataxia-telangiectasi\/","og_locale":"ca_ES","og_type":"article","og_title":"L'IBEC i l'AEFAT units contra l'at\u00e0xia telangi\u00e8ctasi - Institute for Bioengineering of Catalonia","og_description":"Avui s'ha celebrat l'esdeveniment \"Avances en Ataxia Telangiectasia\" organitzat per l'Institut de Bioenginyeria de Catalunya (IBEC) en col\u00b7laboraci\u00f3 amb l'AEFAT, l'associaci\u00f3 espanyola fam\u00edlia at\u00e0xia-telangi\u00e8ctasi. Una trobada entre familiars de pacients, investigadors i cl\u00ednics per aprofundir en els \u00faltims aven\u00e7os en el maneig cl\u00ednics de l'at\u00e0xia telangi\u00e8ct\u00e0sia.","og_url":"https:\/\/ibecbarcelona.eu\/ca\/ibec-i-aefat-units-contra-ataxia-telangiectasi\/","og_site_name":"Institute for Bioengineering of Catalonia","article_published_time":"2024-03-08T14:46:11+00:00","article_modified_time":"2024-03-11T10:15:17+00:00","og_image":[{"width":2560,"height":1440,"url":"https:\/\/ibecbarcelona.eu\/wp-content\/uploads\/2024\/03\/d9d5ce08-733b-47e5-876d-fae3df43fcad-scaled.jpg","type":"image\/jpeg"}],"author":"Sarah Moreira","twitter_card":"summary_large_image","twitter_misc":{"Escrit per":"Sarah Moreira","Temps estimat de lectura":"4 minuts"},"schema":{"@context":"https:\/\/schema.org","@graph":[{"@type":"Article","@id":"https:\/\/ibecbarcelona.eu\/ca\/ibec-i-aefat-units-contra-ataxia-telangiectasi\/#article","isPartOf":{"@id":"https:\/\/ibecbarcelona.eu\/ca\/ibec-i-aefat-units-contra-ataxia-telangiectasi\/"},"author":{"name":"Sarah Moreira","@id":"https:\/\/ibecbarcelona.eu\/#\/schema\/person\/d3a158b8d448000777023ca1e3d71d34"},"headline":"L&#8217;IBEC i l&#8217;AEFAT units contra l&#8217;at\u00e0xia telangi\u00e8ctasi","datePublished":"2024-03-08T14:46:11+00:00","dateModified":"2024-03-11T10:15:17+00:00","mainEntityOfPage":{"@id":"https:\/\/ibecbarcelona.eu\/ca\/ibec-i-aefat-units-contra-ataxia-telangiectasi\/"},"wordCount":719,"publisher":{"@id":"https:\/\/ibecbarcelona.eu\/#organization"},"image":{"@id":"https:\/\/ibecbarcelona.eu\/ca\/ibec-i-aefat-units-contra-ataxia-telangiectasi\/#primaryimage"},"thumbnailUrl":"https:\/\/ibecbarcelona.eu\/wp-content\/uploads\/2024\/03\/d9d5ce08-733b-47e5-876d-fae3df43fcad-scaled.jpg","keywords":["Esdeveniment","Malalties rares","Nuria Montserrat","Pluripotency for organ regeneration"],"articleSection":["Not\u00edcies institucionals"],"inLanguage":"ca"},{"@type":"WebPage","@id":"https:\/\/ibecbarcelona.eu\/ca\/ibec-i-aefat-units-contra-ataxia-telangiectasi\/","url":"https:\/\/ibecbarcelona.eu\/ca\/ibec-i-aefat-units-contra-ataxia-telangiectasi\/","name":"L'IBEC i l'AEFAT units contra l'at\u00e0xia telangi\u00e8ctasi - Institute for Bioengineering of Catalonia","isPartOf":{"@id":"https:\/\/ibecbarcelona.eu\/#website"},"primaryImageOfPage":{"@id":"https:\/\/ibecbarcelona.eu\/ca\/ibec-i-aefat-units-contra-ataxia-telangiectasi\/#primaryimage"},"image":{"@id":"https:\/\/ibecbarcelona.eu\/ca\/ibec-i-aefat-units-contra-ataxia-telangiectasi\/#primaryimage"},"thumbnailUrl":"https:\/\/ibecbarcelona.eu\/wp-content\/uploads\/2024\/03\/d9d5ce08-733b-47e5-876d-fae3df43fcad-scaled.jpg","datePublished":"2024-03-08T14:46:11+00:00","dateModified":"2024-03-11T10:15:17+00:00","breadcrumb":{"@id":"https:\/\/ibecbarcelona.eu\/ca\/ibec-i-aefat-units-contra-ataxia-telangiectasi\/#breadcrumb"},"inLanguage":"ca","potentialAction":[{"@type":"ReadAction","target":["https:\/\/ibecbarcelona.eu\/ca\/ibec-i-aefat-units-contra-ataxia-telangiectasi\/"]}]},{"@type":"ImageObject","inLanguage":"ca","@id":"https:\/\/ibecbarcelona.eu\/ca\/ibec-i-aefat-units-contra-ataxia-telangiectasi\/#primaryimage","url":"https:\/\/ibecbarcelona.eu\/wp-content\/uploads\/2024\/03\/d9d5ce08-733b-47e5-876d-fae3df43fcad-scaled.jpg","contentUrl":"https:\/\/ibecbarcelona.eu\/wp-content\/uploads\/2024\/03\/d9d5ce08-733b-47e5-876d-fae3df43fcad-scaled.jpg","width":2560,"height":1440},{"@type":"BreadcrumbList","@id":"https:\/\/ibecbarcelona.eu\/ca\/ibec-i-aefat-units-contra-ataxia-telangiectasi\/#breadcrumb","itemListElement":[{"@type":"ListItem","position":1,"name":"Home","item":"https:\/\/ibecbarcelona.eu\/ca\/"},{"@type":"ListItem","position":2,"name":"L&#8217;IBEC i l&#8217;AEFAT units contra l&#8217;at\u00e0xia telangi\u00e8ctasi"}]},{"@type":"WebSite","@id":"https:\/\/ibecbarcelona.eu\/#website","url":"https:\/\/ibecbarcelona.eu\/","name":"Institute for Bioengineering of Catalonia","description":"Bioengineering Solutions for Health","publisher":{"@id":"https:\/\/ibecbarcelona.eu\/#organization"},"potentialAction":[{"@type":"SearchAction","target":{"@type":"EntryPoint","urlTemplate":"https:\/\/ibecbarcelona.eu\/?s={search_term_string}"},"query-input":{"@type":"PropertyValueSpecification","valueRequired":true,"valueName":"search_term_string"}}],"inLanguage":"ca"},{"@type":"Organization","@id":"https:\/\/ibecbarcelona.eu\/#organization","name":"Institute for Bioengineering of Catalonia","url":"https:\/\/ibecbarcelona.eu\/","logo":{"@type":"ImageObject","inLanguage":"ca","@id":"https:\/\/ibecbarcelona.eu\/#\/schema\/logo\/image\/","url":"https:\/\/ibecbarcelona.eu\/wp-content\/uploads\/2026\/01\/cropped-IBEC_20ANYS_GRIS.png","contentUrl":"https:\/\/ibecbarcelona.eu\/wp-content\/uploads\/2026\/01\/cropped-IBEC_20ANYS_GRIS.png","width":696,"height":257,"caption":"Institute for Bioengineering of Catalonia"},"image":{"@id":"https:\/\/ibecbarcelona.eu\/#\/schema\/logo\/image\/"}},{"@type":"Person","@id":"https:\/\/ibecbarcelona.eu\/#\/schema\/person\/d3a158b8d448000777023ca1e3d71d34","name":"Sarah Moreira","image":{"@type":"ImageObject","inLanguage":"ca","@id":"https:\/\/secure.gravatar.com\/avatar\/37385a1f83bdef106d1b89522da4c620ee48ba2eb0662dbc73ba05b7f3fbdf89?s=96&d=mm&r=g","url":"https:\/\/secure.gravatar.com\/avatar\/37385a1f83bdef106d1b89522da4c620ee48ba2eb0662dbc73ba05b7f3fbdf89?s=96&d=mm&r=g","contentUrl":"https:\/\/secure.gravatar.com\/avatar\/37385a1f83bdef106d1b89522da4c620ee48ba2eb0662dbc73ba05b7f3fbdf89?s=96&d=mm&r=g","caption":"Sarah Moreira"},"url":"https:\/\/ibecbarcelona.eu\/ca\/author\/smoreira\/"}]}},"AFP_featured_media_urls":{"full":["https:\/\/ibecbarcelona.eu\/wp-content\/uploads\/2024\/03\/d9d5ce08-733b-47e5-876d-fae3df43fcad-scaled.jpg",2560,1440,false],"thumbnail":["https:\/\/ibecbarcelona.eu\/wp-content\/uploads\/2024\/03\/d9d5ce08-733b-47e5-876d-fae3df43fcad-150x150.jpg",150,150,true],"medium":["https:\/\/ibecbarcelona.eu\/wp-content\/uploads\/2024\/03\/d9d5ce08-733b-47e5-876d-fae3df43fcad-300x169.jpg",300,169,true],"medium_large":["https:\/\/ibecbarcelona.eu\/wp-content\/uploads\/2024\/03\/d9d5ce08-733b-47e5-876d-fae3df43fcad-768x432.jpg",768,432,true],"large":["https:\/\/ibecbarcelona.eu\/wp-content\/uploads\/2024\/03\/d9d5ce08-733b-47e5-876d-fae3df43fcad-1024x576.jpg",1024,576,true]},"AFP_attachments":{"full":["https:\/\/ibecbarcelona.eu\/wp-content\/uploads\/2024\/03\/d9d5ce08-733b-47e5-876d-fae3df43fcad-scaled.jpg",2560,1440,false],"thumbnail":["https:\/\/ibecbarcelona.eu\/wp-content\/uploads\/2024\/03\/d9d5ce08-733b-47e5-876d-fae3df43fcad-150x150.jpg",150,150,true],"medium":["https:\/\/ibecbarcelona.eu\/wp-content\/uploads\/2024\/03\/d9d5ce08-733b-47e5-876d-fae3df43fcad-300x169.jpg",300,169,true],"medium_large":["https:\/\/ibecbarcelona.eu\/wp-content\/uploads\/2024\/03\/d9d5ce08-733b-47e5-876d-fae3df43fcad-768x432.jpg",768,432,true],"large":["https:\/\/ibecbarcelona.eu\/wp-content\/uploads\/2024\/03\/d9d5ce08-733b-47e5-876d-fae3df43fcad-1024x576.jpg",1024,576,true]},"AFP_videos":[],"AFP_video_blocks":"","AFP_category_names":["Not\u00edcies institucionals"],"_links":{"self":[{"href":"https:\/\/ibecbarcelona.eu\/ca\/wp-json\/wp\/v2\/posts\/115958","targetHints":{"allow":["GET"]}}],"collection":[{"href":"https:\/\/ibecbarcelona.eu\/ca\/wp-json\/wp\/v2\/posts"}],"about":[{"href":"https:\/\/ibecbarcelona.eu\/ca\/wp-json\/wp\/v2\/types\/post"}],"author":[{"embeddable":true,"href":"https:\/\/ibecbarcelona.eu\/ca\/wp-json\/wp\/v2\/users\/37"}],"replies":[{"embeddable":true,"href":"https:\/\/ibecbarcelona.eu\/ca\/wp-json\/wp\/v2\/comments?post=115958"}],"version-history":[{"count":4,"href":"https:\/\/ibecbarcelona.eu\/ca\/wp-json\/wp\/v2\/posts\/115958\/revisions"}],"predecessor-version":[{"id":115972,"href":"https:\/\/ibecbarcelona.eu\/ca\/wp-json\/wp\/v2\/posts\/115958\/revisions\/115972"}],"wp:featuredmedia":[{"embeddable":true,"href":"https:\/\/ibecbarcelona.eu\/ca\/wp-json\/wp\/v2\/media\/115935"}],"wp:attachment":[{"href":"https:\/\/ibecbarcelona.eu\/ca\/wp-json\/wp\/v2\/media?parent=115958"}],"wp:term":[{"taxonomy":"category","embeddable":true,"href":"https:\/\/ibecbarcelona.eu\/ca\/wp-json\/wp\/v2\/categories?post=115958"},{"taxonomy":"post_tag","embeddable":true,"href":"https:\/\/ibecbarcelona.eu\/ca\/wp-json\/wp\/v2\/tags?post=115958"},{"taxonomy":"post_format","embeddable":true,"href":"https:\/\/ibecbarcelona.eu\/ca\/wp-json\/wp\/v2\/post_formats?post=115958"}],"curies":[{"name":"wp","href":"https:\/\/api.w.org\/{rel}","templated":true}]}}