
{"id":115999,"date":"2024-03-14T17:30:41","date_gmt":"2024-03-14T16:30:41","guid":{"rendered":"https:\/\/ibecbarcelona.eu\/ibec-and-icms-reunite-once-more-at-their-annual-collaborative-symposium\/"},"modified":"2024-03-14T17:42:00","modified_gmt":"2024-03-14T16:42:00","slug":"ibec-and-icms-reunite-once-more-at-their-annual-collaborative-symposium","status":"publish","type":"post","link":"https:\/\/ibecbarcelona.eu\/ca\/ibec-i-cms-es-retroben-en-el-seu-simposi-anual-en-colaboracio","title":{"rendered":"L\u2019IBEC i l\u2019ICMS es Retroben en el seu Simposi Anual en Col\u00b7laboraci\u00f3"},"content":{"rendered":"\n<p><strong>Avui, 14 de mar\u00e7, s&#8217;ha celebrat el simposi conjunt ICMS-IBEC. Un esdeveniment coorganitzat per l&#8217;IBEC i l&#8217;Institut de Sistemes Moleculars Complexos (ICMS). Durant la jornada, investigadors de l&#8217;IBEC i de l&#8217;ICMS han compartit les seves \u00e0rees de recerca, buscant enfortir els lla\u00e7os cient\u00edfics entre ambdues institucions.\u00a0<\/strong><\/p>\n\n\n\n<figure class=\"wp-block-image size-large\"><img decoding=\"async\" width=\"1024\" height=\"576\" data-src=\"https:\/\/ibecbarcelona.eu\/wp-content\/uploads\/2024\/03\/Imagen-horizontal-1-1024x576.png\" alt=\"\" class=\"wp-image-115994 lazyload\" data-srcset=\"https:\/\/ibecbarcelona.eu\/wp-content\/uploads\/2024\/03\/Imagen-horizontal-1-1024x576.png 1024w, https:\/\/ibecbarcelona.eu\/wp-content\/uploads\/2024\/03\/Imagen-horizontal-1-300x169.png 300w, https:\/\/ibecbarcelona.eu\/wp-content\/uploads\/2024\/03\/Imagen-horizontal-1-768x432.png 768w, https:\/\/ibecbarcelona.eu\/wp-content\/uploads\/2024\/03\/Imagen-horizontal-1-1536x864.png 1536w, https:\/\/ibecbarcelona.eu\/wp-content\/uploads\/2024\/03\/Imagen-horizontal-1.png 1920w\" data-sizes=\"(max-width: 1024px) 100vw, 1024px\" src=\"data:image\/svg+xml;base64,PHN2ZyB3aWR0aD0iMSIgaGVpZ2h0PSIxIiB4bWxucz0iaHR0cDovL3d3dy53My5vcmcvMjAwMC9zdmciPjwvc3ZnPg==\" style=\"--smush-placeholder-width: 1024px; --smush-placeholder-aspect-ratio: 1024\/576;\" \/><figcaption class=\"wp-element-caption\">Pere Roca-Cusachs (esquerra) i Giuseppe Battaglia (dreta), investigadors principals de l&#8217;IBEC.<\/figcaption><\/figure>\n\n\n\n<p>Avui, 14 de mar\u00e7, s&#8217;ha celebrat el simposi conjunt ICMS-IBEC. Un esdeveniment coorganitzat per l&#8217;IBEC i l&#8217;Institut de Sistemes Moleculars Complexos (ICMS) que enguany ha tingut lloc al campus de la Universitat de Tecnologia d&#8217;Eindhoven, als Pa\u00efsos Baixos.<\/p>\n\n\n\n<p>Aquesta iniciativa reflecteix una alian\u00e7a que s&#8217;ha enfortit durant m\u00e9s de 4 anys, enfocant-se en tres aspectes clau: l&#8217;intercanvi d&#8217;opinions, l&#8217;intercanvi de persones entre els dos centres i projectes cient\u00edfics en col\u00b7laboraci\u00f3. Samuel S\u00e1nchez, investigador principal de l&#8217;IBEC, ha expressat el seu entusiasme, afirmant que &#8220;Estem molt contents de tornar a tenir una trobada presencial per activar l&#8217;alian\u00e7a i reactivar les sinergies&#8221;.<\/p>\n\n\n\n<blockquote class=\"wp-block-quote is-layout-flow wp-block-quote-is-layout-flow\">\n<p>Estem molt contents de tornar a tenir una trobada presencial per activar l&#8217;alian\u00e7a i reactivar les sinergies.<\/p>\n<cite>Samuel S\u00e1nchez<\/cite><\/blockquote>\n\n\n\n<p>Durant la jornada, investigadors de l&#8217;IBEC i de l&#8217;ICMS han compartit les seves \u00e0rees de recerca, buscant enfortir els lla\u00e7os cient\u00edfics entre ambdues institucions.<\/p>\n\n\n\n<p>Pere Roca-Cusachs, de l&#8217;IBEC, ha abordat la transmissi\u00f3 i protecci\u00f3 de forces mec\u00e0niques des del nucli. Carlijn Bouten, de l&#8217;ICMS, ha explorat l&#8217;orientaci\u00f3 de la regeneraci\u00f3 cardiovascular in situ amb senyals microambientals. Giuseppe Battaglia, tamb\u00e9 de l&#8217;IBEC, ha discutit sobre el disseny de medicaments supramoleculars. Jan van Hest, de l&#8217;ICMS, ha presentat coacervats a base de pol\u00edmers: imitacions estructurals i funcionals de c\u00e8l\u00b7lules vives.<\/p>\n\n\n\n<p>La jornada va continuar amb Cesar Rodr\u00edguez-Emmenegger, de l&#8217;IBEC, qui ha abordat el desenvolupament de c\u00e8l\u00b7lules sint\u00e8tiques fagoc\u00edtiques per combatre bacteris. Roy van der Meel, de l&#8217;ICMS, s&#8217;ha centrat en l&#8217;enginyeria de nanotecnologia de plataformes per a l&#8217;entrega d&#8217;ARN a c\u00e8l\u00b7lules immunit\u00e0ries. Finalment, ha estat el torn de Ghislaine Vantomme, de l&#8217;ICMS, qui ha explorat la s\u00edntesi de materials polim\u00e8rics supramoleculars i la interacci\u00f3 entre enlla\u00e7os covalents i no covalents.<\/p>\n\n\n\n<p>A m\u00e9s, Samuel S\u00e1nchez participar\u00e0 dem\u00e0, 15 de mar\u00e7, al Simposi Anual de l&#8217;ICMS. All\u00e0 presentar\u00e0 la seva recerca sobre l&#8217;aplicaci\u00f3 d&#8217;eixams de nanorrobots en l&#8217;\u00e0mbit biom\u00e8dic.<\/p>\n\n\n\n<p>Aquest simposi conjunt no nom\u00e9s \u00e9s un aparador de coneixements cient\u00edfics d&#8217;avantguarda, sin\u00f3 tamb\u00e9 un testimoni del comprom\u00eds continu amb la col\u00b7laboraci\u00f3 en la recerca.<\/p>\n","protected":false},"excerpt":{"rendered":"<p>Avui, 14 de mar\u00e7, s&#8217;ha celebrat el simposi conjunt ICMS-IBEC. Un esdeveniment coorganitzat per l&#8217;IBEC i l&#8217;Institut de Sistemes Moleculars Complexos (ICMS). Durant la jornada, investigadors de l&#8217;IBEC i de l&#8217;ICMS han compartit les seves \u00e0rees de recerca, buscant enfortir els lla\u00e7os cient\u00edfics entre ambdues institucions.  <\/p>\n","protected":false},"author":37,"featured_media":115995,"comment_status":"closed","ping_status":"closed","sticky":false,"template":"","format":"standard","meta":{"footnotes":""},"categories":[98],"tags":[1885,1731,1104,2111,1051,1134,1140],"post_formats":[],"class_list":["post-115999","post","type-post","status-publish","format-standard","has-post-thumbnail","hentry","category-noticies-institucionals","tag-cesar-rodriguez-emmenegger-ca","tag-esdeveniment","tag-giuseppe-battaglia-ca","tag-ibec-icms-ca-2","tag-icms-ca","tag-pere-roca-cusachs-ca","tag-samuel-sanchez-ca"],"yoast_head":"<!-- This site is optimized with the Yoast SEO plugin v27.5 - https:\/\/yoast.com\/product\/yoast-seo-wordpress\/ -->\n<title>L\u2019IBEC i l\u2019ICMS es Retroben en el seu Simposi Anual en Col\u00b7laboraci\u00f3 - Institute for Bioengineering of Catalonia<\/title>\n<meta name=\"robots\" content=\"index, follow, max-snippet:-1, max-image-preview:large, max-video-preview:-1\" \/>\n<link rel=\"canonical\" href=\"https:\/\/ibecbarcelona.eu\/ca\/ibec-i-cms-es-retroben-en-el-seu-simposi-anual-en-colaboracio\/\" \/>\n<meta property=\"og:locale\" content=\"ca_ES\" \/>\n<meta property=\"og:type\" content=\"article\" \/>\n<meta property=\"og:title\" content=\"L\u2019IBEC i l\u2019ICMS es Retroben en el seu Simposi Anual en Col\u00b7laboraci\u00f3 - Institute for Bioengineering of Catalonia\" \/>\n<meta property=\"og:description\" content=\"Avui, 14 de mar\u00e7, s&#039;ha celebrat el simposi conjunt ICMS-IBEC. Un esdeveniment coorganitzat per l&#039;IBEC i l&#039;Institut de Sistemes Moleculars Complexos (ICMS). Durant la jornada, investigadors de l&#039;IBEC i de l&#039;ICMS han compartit les seves \u00e0rees de recerca, buscant enfortir els lla\u00e7os cient\u00edfics entre ambdues institucions.\" \/>\n<meta property=\"og:url\" content=\"https:\/\/ibecbarcelona.eu\/ca\/ibec-i-cms-es-retroben-en-el-seu-simposi-anual-en-colaboracio\/\" \/>\n<meta property=\"og:site_name\" content=\"Institute for Bioengineering of Catalonia\" \/>\n<meta property=\"article:published_time\" content=\"2024-03-14T16:30:41+00:00\" \/>\n<meta property=\"article:modified_time\" content=\"2024-03-14T16:42:00+00:00\" \/>\n<meta property=\"og:image\" content=\"https:\/\/ibecbarcelona.eu\/wp-content\/uploads\/2024\/03\/Imagen-horizontal-1.png\" \/>\n\t<meta property=\"og:image:width\" content=\"1920\" \/>\n\t<meta property=\"og:image:height\" content=\"1080\" \/>\n\t<meta property=\"og:image:type\" content=\"image\/png\" \/>\n<meta name=\"author\" content=\"Sarah Moreira\" \/>\n<meta name=\"twitter:card\" content=\"summary_large_image\" \/>\n<meta name=\"twitter:label1\" content=\"Escrit per\" \/>\n\t<meta name=\"twitter:data1\" content=\"Sarah Moreira\" \/>\n\t<meta name=\"twitter:label2\" content=\"Temps estimat de lectura\" \/>\n\t<meta name=\"twitter:data2\" content=\"3 minuts\" \/>\n<script type=\"application\/ld+json\" class=\"yoast-schema-graph\">{\"@context\":\"https:\\\/\\\/schema.org\",\"@graph\":[{\"@type\":\"Article\",\"@id\":\"https:\\\/\\\/ibecbarcelona.eu\\\/ca\\\/ibec-i-cms-es-retroben-en-el-seu-simposi-anual-en-colaboracio\\\/#article\",\"isPartOf\":{\"@id\":\"https:\\\/\\\/ibecbarcelona.eu\\\/ca\\\/ibec-i-cms-es-retroben-en-el-seu-simposi-anual-en-colaboracio\\\/\"},\"author\":{\"name\":\"Sarah Moreira\",\"@id\":\"https:\\\/\\\/ibecbarcelona.eu\\\/#\\\/schema\\\/person\\\/d3a158b8d448000777023ca1e3d71d34\"},\"headline\":\"L\u2019IBEC i l\u2019ICMS es Retroben en el seu Simposi Anual en Col\u00b7laboraci\u00f3\",\"datePublished\":\"2024-03-14T16:30:41+00:00\",\"dateModified\":\"2024-03-14T16:42:00+00:00\",\"mainEntityOfPage\":{\"@id\":\"https:\\\/\\\/ibecbarcelona.eu\\\/ca\\\/ibec-i-cms-es-retroben-en-el-seu-simposi-anual-en-colaboracio\\\/\"},\"wordCount\":433,\"publisher\":{\"@id\":\"https:\\\/\\\/ibecbarcelona.eu\\\/#organization\"},\"image\":{\"@id\":\"https:\\\/\\\/ibecbarcelona.eu\\\/ca\\\/ibec-i-cms-es-retroben-en-el-seu-simposi-anual-en-colaboracio\\\/#primaryimage\"},\"thumbnailUrl\":\"https:\\\/\\\/ibecbarcelona.eu\\\/wp-content\\\/uploads\\\/2024\\\/03\\\/Imagen-horizontal-1.png\",\"keywords\":[\"C\u00e9sar Rodriguez-Emmenegger\",\"Esdeveniment\",\"Giuseppe Battaglia\",\"IBEC-ICMS\",\"ICMS\",\"Pere Roca-Cusachs\",\"Samuel Sanchez\"],\"articleSection\":[\"Not\u00edcies institucionals\"],\"inLanguage\":\"ca\"},{\"@type\":\"WebPage\",\"@id\":\"https:\\\/\\\/ibecbarcelona.eu\\\/ca\\\/ibec-i-cms-es-retroben-en-el-seu-simposi-anual-en-colaboracio\\\/\",\"url\":\"https:\\\/\\\/ibecbarcelona.eu\\\/ca\\\/ibec-i-cms-es-retroben-en-el-seu-simposi-anual-en-colaboracio\\\/\",\"name\":\"L\u2019IBEC i l\u2019ICMS es Retroben en el seu Simposi Anual en Col\u00b7laboraci\u00f3 - Institute for Bioengineering of Catalonia\",\"isPartOf\":{\"@id\":\"https:\\\/\\\/ibecbarcelona.eu\\\/#website\"},\"primaryImageOfPage\":{\"@id\":\"https:\\\/\\\/ibecbarcelona.eu\\\/ca\\\/ibec-i-cms-es-retroben-en-el-seu-simposi-anual-en-colaboracio\\\/#primaryimage\"},\"image\":{\"@id\":\"https:\\\/\\\/ibecbarcelona.eu\\\/ca\\\/ibec-i-cms-es-retroben-en-el-seu-simposi-anual-en-colaboracio\\\/#primaryimage\"},\"thumbnailUrl\":\"https:\\\/\\\/ibecbarcelona.eu\\\/wp-content\\\/uploads\\\/2024\\\/03\\\/Imagen-horizontal-1.png\",\"datePublished\":\"2024-03-14T16:30:41+00:00\",\"dateModified\":\"2024-03-14T16:42:00+00:00\",\"breadcrumb\":{\"@id\":\"https:\\\/\\\/ibecbarcelona.eu\\\/ca\\\/ibec-i-cms-es-retroben-en-el-seu-simposi-anual-en-colaboracio\\\/#breadcrumb\"},\"inLanguage\":\"ca\",\"potentialAction\":[{\"@type\":\"ReadAction\",\"target\":[\"https:\\\/\\\/ibecbarcelona.eu\\\/ca\\\/ibec-i-cms-es-retroben-en-el-seu-simposi-anual-en-colaboracio\\\/\"]}]},{\"@type\":\"ImageObject\",\"inLanguage\":\"ca\",\"@id\":\"https:\\\/\\\/ibecbarcelona.eu\\\/ca\\\/ibec-i-cms-es-retroben-en-el-seu-simposi-anual-en-colaboracio\\\/#primaryimage\",\"url\":\"https:\\\/\\\/ibecbarcelona.eu\\\/wp-content\\\/uploads\\\/2024\\\/03\\\/Imagen-horizontal-1.png\",\"contentUrl\":\"https:\\\/\\\/ibecbarcelona.eu\\\/wp-content\\\/uploads\\\/2024\\\/03\\\/Imagen-horizontal-1.png\",\"width\":1920,\"height\":1080},{\"@type\":\"BreadcrumbList\",\"@id\":\"https:\\\/\\\/ibecbarcelona.eu\\\/ca\\\/ibec-i-cms-es-retroben-en-el-seu-simposi-anual-en-colaboracio\\\/#breadcrumb\",\"itemListElement\":[{\"@type\":\"ListItem\",\"position\":1,\"name\":\"Home\",\"item\":\"https:\\\/\\\/ibecbarcelona.eu\\\/ca\\\/\"},{\"@type\":\"ListItem\",\"position\":2,\"name\":\"L\u2019IBEC i l\u2019ICMS es Retroben en el seu Simposi Anual en Col\u00b7laboraci\u00f3\"}]},{\"@type\":\"WebSite\",\"@id\":\"https:\\\/\\\/ibecbarcelona.eu\\\/#website\",\"url\":\"https:\\\/\\\/ibecbarcelona.eu\\\/\",\"name\":\"Institute for Bioengineering of Catalonia\",\"description\":\"Bioengineering Solutions for Health\",\"publisher\":{\"@id\":\"https:\\\/\\\/ibecbarcelona.eu\\\/#organization\"},\"potentialAction\":[{\"@type\":\"SearchAction\",\"target\":{\"@type\":\"EntryPoint\",\"urlTemplate\":\"https:\\\/\\\/ibecbarcelona.eu\\\/?s={search_term_string}\"},\"query-input\":{\"@type\":\"PropertyValueSpecification\",\"valueRequired\":true,\"valueName\":\"search_term_string\"}}],\"inLanguage\":\"ca\"},{\"@type\":\"Organization\",\"@id\":\"https:\\\/\\\/ibecbarcelona.eu\\\/#organization\",\"name\":\"Institute for Bioengineering of Catalonia\",\"url\":\"https:\\\/\\\/ibecbarcelona.eu\\\/\",\"logo\":{\"@type\":\"ImageObject\",\"inLanguage\":\"ca\",\"@id\":\"https:\\\/\\\/ibecbarcelona.eu\\\/#\\\/schema\\\/logo\\\/image\\\/\",\"url\":\"https:\\\/\\\/ibecbarcelona.eu\\\/wp-content\\\/uploads\\\/2026\\\/01\\\/cropped-IBEC_20ANYS_GRIS.png\",\"contentUrl\":\"https:\\\/\\\/ibecbarcelona.eu\\\/wp-content\\\/uploads\\\/2026\\\/01\\\/cropped-IBEC_20ANYS_GRIS.png\",\"width\":696,\"height\":257,\"caption\":\"Institute for Bioengineering of Catalonia\"},\"image\":{\"@id\":\"https:\\\/\\\/ibecbarcelona.eu\\\/#\\\/schema\\\/logo\\\/image\\\/\"}},{\"@type\":\"Person\",\"@id\":\"https:\\\/\\\/ibecbarcelona.eu\\\/#\\\/schema\\\/person\\\/d3a158b8d448000777023ca1e3d71d34\",\"name\":\"Sarah Moreira\",\"image\":{\"@type\":\"ImageObject\",\"inLanguage\":\"ca\",\"@id\":\"https:\\\/\\\/secure.gravatar.com\\\/avatar\\\/37385a1f83bdef106d1b89522da4c620ee48ba2eb0662dbc73ba05b7f3fbdf89?s=96&d=mm&r=g\",\"url\":\"https:\\\/\\\/secure.gravatar.com\\\/avatar\\\/37385a1f83bdef106d1b89522da4c620ee48ba2eb0662dbc73ba05b7f3fbdf89?s=96&d=mm&r=g\",\"contentUrl\":\"https:\\\/\\\/secure.gravatar.com\\\/avatar\\\/37385a1f83bdef106d1b89522da4c620ee48ba2eb0662dbc73ba05b7f3fbdf89?s=96&d=mm&r=g\",\"caption\":\"Sarah Moreira\"},\"url\":\"https:\\\/\\\/ibecbarcelona.eu\\\/ca\\\/author\\\/smoreira\\\/\"}]}<\/script>\n<!-- \/ Yoast SEO plugin. -->","yoast_head_json":{"title":"L\u2019IBEC i l\u2019ICMS es Retroben en el seu Simposi Anual en Col\u00b7laboraci\u00f3 - Institute for Bioengineering of Catalonia","robots":{"index":"index","follow":"follow","max-snippet":"max-snippet:-1","max-image-preview":"max-image-preview:large","max-video-preview":"max-video-preview:-1"},"canonical":"https:\/\/ibecbarcelona.eu\/ca\/ibec-i-cms-es-retroben-en-el-seu-simposi-anual-en-colaboracio\/","og_locale":"ca_ES","og_type":"article","og_title":"L\u2019IBEC i l\u2019ICMS es Retroben en el seu Simposi Anual en Col\u00b7laboraci\u00f3 - Institute for Bioengineering of Catalonia","og_description":"Avui, 14 de mar\u00e7, s'ha celebrat el simposi conjunt ICMS-IBEC. Un esdeveniment coorganitzat per l'IBEC i l'Institut de Sistemes Moleculars Complexos (ICMS). Durant la jornada, investigadors de l'IBEC i de l'ICMS han compartit les seves \u00e0rees de recerca, buscant enfortir els lla\u00e7os cient\u00edfics entre ambdues institucions.","og_url":"https:\/\/ibecbarcelona.eu\/ca\/ibec-i-cms-es-retroben-en-el-seu-simposi-anual-en-colaboracio\/","og_site_name":"Institute for Bioengineering of Catalonia","article_published_time":"2024-03-14T16:30:41+00:00","article_modified_time":"2024-03-14T16:42:00+00:00","og_image":[{"width":1920,"height":1080,"url":"https:\/\/ibecbarcelona.eu\/wp-content\/uploads\/2024\/03\/Imagen-horizontal-1.png","type":"image\/png"}],"author":"Sarah Moreira","twitter_card":"summary_large_image","twitter_misc":{"Escrit per":"Sarah Moreira","Temps estimat de lectura":"3 minuts"},"schema":{"@context":"https:\/\/schema.org","@graph":[{"@type":"Article","@id":"https:\/\/ibecbarcelona.eu\/ca\/ibec-i-cms-es-retroben-en-el-seu-simposi-anual-en-colaboracio\/#article","isPartOf":{"@id":"https:\/\/ibecbarcelona.eu\/ca\/ibec-i-cms-es-retroben-en-el-seu-simposi-anual-en-colaboracio\/"},"author":{"name":"Sarah Moreira","@id":"https:\/\/ibecbarcelona.eu\/#\/schema\/person\/d3a158b8d448000777023ca1e3d71d34"},"headline":"L\u2019IBEC i l\u2019ICMS es Retroben en el seu Simposi Anual en Col\u00b7laboraci\u00f3","datePublished":"2024-03-14T16:30:41+00:00","dateModified":"2024-03-14T16:42:00+00:00","mainEntityOfPage":{"@id":"https:\/\/ibecbarcelona.eu\/ca\/ibec-i-cms-es-retroben-en-el-seu-simposi-anual-en-colaboracio\/"},"wordCount":433,"publisher":{"@id":"https:\/\/ibecbarcelona.eu\/#organization"},"image":{"@id":"https:\/\/ibecbarcelona.eu\/ca\/ibec-i-cms-es-retroben-en-el-seu-simposi-anual-en-colaboracio\/#primaryimage"},"thumbnailUrl":"https:\/\/ibecbarcelona.eu\/wp-content\/uploads\/2024\/03\/Imagen-horizontal-1.png","keywords":["C\u00e9sar Rodriguez-Emmenegger","Esdeveniment","Giuseppe Battaglia","IBEC-ICMS","ICMS","Pere Roca-Cusachs","Samuel Sanchez"],"articleSection":["Not\u00edcies institucionals"],"inLanguage":"ca"},{"@type":"WebPage","@id":"https:\/\/ibecbarcelona.eu\/ca\/ibec-i-cms-es-retroben-en-el-seu-simposi-anual-en-colaboracio\/","url":"https:\/\/ibecbarcelona.eu\/ca\/ibec-i-cms-es-retroben-en-el-seu-simposi-anual-en-colaboracio\/","name":"L\u2019IBEC i l\u2019ICMS es Retroben en el seu Simposi Anual en Col\u00b7laboraci\u00f3 - Institute for Bioengineering of Catalonia","isPartOf":{"@id":"https:\/\/ibecbarcelona.eu\/#website"},"primaryImageOfPage":{"@id":"https:\/\/ibecbarcelona.eu\/ca\/ibec-i-cms-es-retroben-en-el-seu-simposi-anual-en-colaboracio\/#primaryimage"},"image":{"@id":"https:\/\/ibecbarcelona.eu\/ca\/ibec-i-cms-es-retroben-en-el-seu-simposi-anual-en-colaboracio\/#primaryimage"},"thumbnailUrl":"https:\/\/ibecbarcelona.eu\/wp-content\/uploads\/2024\/03\/Imagen-horizontal-1.png","datePublished":"2024-03-14T16:30:41+00:00","dateModified":"2024-03-14T16:42:00+00:00","breadcrumb":{"@id":"https:\/\/ibecbarcelona.eu\/ca\/ibec-i-cms-es-retroben-en-el-seu-simposi-anual-en-colaboracio\/#breadcrumb"},"inLanguage":"ca","potentialAction":[{"@type":"ReadAction","target":["https:\/\/ibecbarcelona.eu\/ca\/ibec-i-cms-es-retroben-en-el-seu-simposi-anual-en-colaboracio\/"]}]},{"@type":"ImageObject","inLanguage":"ca","@id":"https:\/\/ibecbarcelona.eu\/ca\/ibec-i-cms-es-retroben-en-el-seu-simposi-anual-en-colaboracio\/#primaryimage","url":"https:\/\/ibecbarcelona.eu\/wp-content\/uploads\/2024\/03\/Imagen-horizontal-1.png","contentUrl":"https:\/\/ibecbarcelona.eu\/wp-content\/uploads\/2024\/03\/Imagen-horizontal-1.png","width":1920,"height":1080},{"@type":"BreadcrumbList","@id":"https:\/\/ibecbarcelona.eu\/ca\/ibec-i-cms-es-retroben-en-el-seu-simposi-anual-en-colaboracio\/#breadcrumb","itemListElement":[{"@type":"ListItem","position":1,"name":"Home","item":"https:\/\/ibecbarcelona.eu\/ca\/"},{"@type":"ListItem","position":2,"name":"L\u2019IBEC i l\u2019ICMS es Retroben en el seu Simposi Anual en Col\u00b7laboraci\u00f3"}]},{"@type":"WebSite","@id":"https:\/\/ibecbarcelona.eu\/#website","url":"https:\/\/ibecbarcelona.eu\/","name":"Institute for Bioengineering of Catalonia","description":"Bioengineering Solutions for Health","publisher":{"@id":"https:\/\/ibecbarcelona.eu\/#organization"},"potentialAction":[{"@type":"SearchAction","target":{"@type":"EntryPoint","urlTemplate":"https:\/\/ibecbarcelona.eu\/?s={search_term_string}"},"query-input":{"@type":"PropertyValueSpecification","valueRequired":true,"valueName":"search_term_string"}}],"inLanguage":"ca"},{"@type":"Organization","@id":"https:\/\/ibecbarcelona.eu\/#organization","name":"Institute for Bioengineering of Catalonia","url":"https:\/\/ibecbarcelona.eu\/","logo":{"@type":"ImageObject","inLanguage":"ca","@id":"https:\/\/ibecbarcelona.eu\/#\/schema\/logo\/image\/","url":"https:\/\/ibecbarcelona.eu\/wp-content\/uploads\/2026\/01\/cropped-IBEC_20ANYS_GRIS.png","contentUrl":"https:\/\/ibecbarcelona.eu\/wp-content\/uploads\/2026\/01\/cropped-IBEC_20ANYS_GRIS.png","width":696,"height":257,"caption":"Institute for Bioengineering of Catalonia"},"image":{"@id":"https:\/\/ibecbarcelona.eu\/#\/schema\/logo\/image\/"}},{"@type":"Person","@id":"https:\/\/ibecbarcelona.eu\/#\/schema\/person\/d3a158b8d448000777023ca1e3d71d34","name":"Sarah Moreira","image":{"@type":"ImageObject","inLanguage":"ca","@id":"https:\/\/secure.gravatar.com\/avatar\/37385a1f83bdef106d1b89522da4c620ee48ba2eb0662dbc73ba05b7f3fbdf89?s=96&d=mm&r=g","url":"https:\/\/secure.gravatar.com\/avatar\/37385a1f83bdef106d1b89522da4c620ee48ba2eb0662dbc73ba05b7f3fbdf89?s=96&d=mm&r=g","contentUrl":"https:\/\/secure.gravatar.com\/avatar\/37385a1f83bdef106d1b89522da4c620ee48ba2eb0662dbc73ba05b7f3fbdf89?s=96&d=mm&r=g","caption":"Sarah Moreira"},"url":"https:\/\/ibecbarcelona.eu\/ca\/author\/smoreira\/"}]}},"AFP_featured_media_urls":{"full":["https:\/\/ibecbarcelona.eu\/wp-content\/uploads\/2024\/03\/Imagen-horizontal-1.png",1920,1080,false],"thumbnail":["https:\/\/ibecbarcelona.eu\/wp-content\/uploads\/2024\/03\/Imagen-horizontal-1-150x150.png",150,150,true],"medium":["https:\/\/ibecbarcelona.eu\/wp-content\/uploads\/2024\/03\/Imagen-horizontal-1-300x169.png",300,169,true],"medium_large":["https:\/\/ibecbarcelona.eu\/wp-content\/uploads\/2024\/03\/Imagen-horizontal-1-768x432.png",768,432,true],"large":["https:\/\/ibecbarcelona.eu\/wp-content\/uploads\/2024\/03\/Imagen-horizontal-1-1024x576.png",1024,576,true]},"AFP_attachments":{"full":["https:\/\/ibecbarcelona.eu\/wp-content\/uploads\/2024\/03\/Imagen-horizontal-1.png",1920,1080,false],"thumbnail":["https:\/\/ibecbarcelona.eu\/wp-content\/uploads\/2024\/03\/Imagen-horizontal-1-150x150.png",150,150,true],"medium":["https:\/\/ibecbarcelona.eu\/wp-content\/uploads\/2024\/03\/Imagen-horizontal-1-300x169.png",300,169,true],"medium_large":["https:\/\/ibecbarcelona.eu\/wp-content\/uploads\/2024\/03\/Imagen-horizontal-1-768x432.png",768,432,true],"large":["https:\/\/ibecbarcelona.eu\/wp-content\/uploads\/2024\/03\/Imagen-horizontal-1-1024x576.png",1024,576,true]},"AFP_videos":[],"AFP_video_blocks":"","AFP_category_names":["Not\u00edcies institucionals"],"_links":{"self":[{"href":"https:\/\/ibecbarcelona.eu\/ca\/wp-json\/wp\/v2\/posts\/115999","targetHints":{"allow":["GET"]}}],"collection":[{"href":"https:\/\/ibecbarcelona.eu\/ca\/wp-json\/wp\/v2\/posts"}],"about":[{"href":"https:\/\/ibecbarcelona.eu\/ca\/wp-json\/wp\/v2\/types\/post"}],"author":[{"embeddable":true,"href":"https:\/\/ibecbarcelona.eu\/ca\/wp-json\/wp\/v2\/users\/37"}],"replies":[{"embeddable":true,"href":"https:\/\/ibecbarcelona.eu\/ca\/wp-json\/wp\/v2\/comments?post=115999"}],"version-history":[{"count":2,"href":"https:\/\/ibecbarcelona.eu\/ca\/wp-json\/wp\/v2\/posts\/115999\/revisions"}],"predecessor-version":[{"id":116005,"href":"https:\/\/ibecbarcelona.eu\/ca\/wp-json\/wp\/v2\/posts\/115999\/revisions\/116005"}],"wp:featuredmedia":[{"embeddable":true,"href":"https:\/\/ibecbarcelona.eu\/ca\/wp-json\/wp\/v2\/media\/115995"}],"wp:attachment":[{"href":"https:\/\/ibecbarcelona.eu\/ca\/wp-json\/wp\/v2\/media?parent=115999"}],"wp:term":[{"taxonomy":"category","embeddable":true,"href":"https:\/\/ibecbarcelona.eu\/ca\/wp-json\/wp\/v2\/categories?post=115999"},{"taxonomy":"post_tag","embeddable":true,"href":"https:\/\/ibecbarcelona.eu\/ca\/wp-json\/wp\/v2\/tags?post=115999"},{"taxonomy":"post_format","embeddable":true,"href":"https:\/\/ibecbarcelona.eu\/ca\/wp-json\/wp\/v2\/post_formats?post=115999"}],"curies":[{"name":"wp","href":"https:\/\/api.w.org\/{rel}","templated":true}]}}