
{"id":118186,"date":"2024-05-30T18:08:15","date_gmt":"2024-05-30T16:08:15","guid":{"rendered":"https:\/\/ibecbarcelona.eu\/?p=118186"},"modified":"2024-08-27T14:59:42","modified_gmt":"2024-08-27T12:59:42","slug":"tecnic-en-transferencia-de-tecnologia-especialitzacio-advance-therapeutics-ref-ttt_es","status":"publish","type":"post","link":"https:\/\/ibecbarcelona.eu\/ca\/tecnic-en-transferencia-de-tecnologia-especialitzacio-advance-therapeutics-ref-ttt_es\/","title":{"rendered":"T\u00e8cnic en Transfer\u00e8ncia de Tecnologia especialitzaci\u00f3 Advance Therapeutics"},"content":{"rendered":"\n<p><strong>Introducci\u00f3 a la posici\u00f3 vacant:<\/strong><\/p>\n\n\n\n<p><strong>L\u2019Institut de Bioenginyeria de Catalunya (IBEC) <\/strong>requereix incorporar un\/-a<strong> t\u00e8cnic de transfer\u00e8ncia de tecnologia en in Vitro Diagn\u00f2stics i Advance Therapeutics <\/strong>per a la unitat de transfer\u00e8ncia de tecnologia i desenvolupament de negoci, que t\u00e9 la funci\u00f3 de facilitar i promoure l&#8217;activitat de valoritzaci\u00f3 i transfer\u00e8ncia de tecnologia dins del <strong><a href=\"https:\/\/agaur.gencat.cat\/ca\/beques-i-ajuts\/convocatories-per-temes\/Programa-INVESTIGO-de-contractacio-de-persones-joves-demandants-docupacio-en-la-realitzacio-diniciatives-de-recerca-i-innovacio\">Programa Investigo<\/a> <\/strong>de contractaci\u00f3 de persones joves demandants de feina en la realitzaci\u00f3 d&#8217;iniciatives de recerca i innovaci\u00f3, en el marc del Pla de Recuperaci\u00f3, Transformaci\u00f3 i Resili\u00e8ncia, finan\u00e7at per la Uni\u00f3 Europea-Next Generation EU.<\/p>\n\n\n\n<p><strong>Principals tasques i responsabilitats:<\/strong><\/p>\n\n\n\n<ul class=\"wp-block-list\">\n<li>Activitats de valoritzaci\u00f3 dels projectes de transfer\u00e8ncia de tecnologia.<\/li>\n\n\n\n<li>Gesti\u00f3 de la documentaci\u00f3.<\/li>\n\n\n\n<li>Activitats t\u00e8cniques i de recerca del mercat.<\/li>\n\n\n\n<li>Gesti\u00f3 de patents.<\/li>\n\n\n\n<li>Detecci\u00f3 i promoci\u00f3 d&#8217;oportunitats empresarials.<\/li>\n\n\n\n<li>Detecci\u00f3 i assist\u00e8ncia en oportunitats financeres per als programes de valoritzaci\u00f3.<\/li>\n\n\n\n<li>Detecci\u00f3, assist\u00e8ncia de promoci\u00f3 en processos de prova de concepte.<\/li>\n<\/ul>\n\n\n\n<p><strong>Requisits:<\/strong><\/p>\n\n\n\n<ul class=\"wp-block-list\">\n<li>Experi\u00e8ncia en IVD.<\/li>\n\n\n\n<li>Experi\u00e8ncia en t\u00e8cniques de biolog\u00eda cel\u00b7lular i molecular.<\/li>\n\n\n\n<li>Experi\u00e8ncia en el desenvolupament precl\u00ednic i cl\u00ednic de te\u00e0pies avan\u00e7ades.<\/li>\n\n\n\n<li>Experi\u00e8ncia en la transfer\u00e8ncia de tecnologia<\/li>\n\n\n\n<li>Gesti\u00f3 de projectes de recerca amb diversos socis.<\/li>\n\n\n\n<li>Establiment de Spin-off i Inicis.<\/li>\n\n\n\n<li>Establiment d&#8217;acords de llic\u00e8ncia.<\/li>\n\n\n\n<li>Establiment d&#8217;acord de recerca amb les empreses.<\/li>\n\n\n\n<li>Catal\u00e0 i castell\u00e0, tant verbal com escrit.&nbsp; Coneixement mitj\u00e0\/alt d\u2019angl\u00e8s.<\/li>\n\n\n\n<li>Capacitat comunicativa, proactivitat, organitzaci\u00f3, flexibilitat, facilitat pel treball en equip i orientaci\u00f3 al client intern.<\/li>\n\n\n\n<li>Usuari avan\u00e7at d\u2019Outlook, Microsoft Office.<\/li>\n<\/ul>\n\n\n\n<p><strong>Requisits addicionals de la Convocat\u00f2ria del Programa INVESTIGO de la persona seleccionada:<\/strong><\/p>\n\n\n\n<ul class=\"wp-block-list\">\n<li>Ha de tenir m\u00e9s de 16 anys i menys de 30.<\/li>\n\n\n\n<li>Ha d\u2019estar desocupada i inscrita com a demandant d\u2019ocupaci\u00f3 al SOC en el moment de la seva contractaci\u00f3.<\/li>\n\n\n\n<li>No ha d\u2019haver realitzat cap tipus d\u2019activitat d\u2019investigaci\u00f3 a l\u2019IBEC dins dels 6 mesos anteriors al inici del seu contracte.<\/li>\n\n\n\n<li>Ha de cumplir amb els requisits de titulaci\u00f3 m\u00ednima de la posici\u00f3 objecte de contracte.<\/li>\n\n\n\n<li>Aquests requisits han de ser complerts en el moment d\u2019iniciar-se el contracte objecte de l\u2019ajut.<\/li>\n<\/ul>\n\n\n\n<p><strong>S\u2019ofereix:<\/strong><\/p>\n\n\n\n<ul class=\"wp-block-list\">\n<li>Nombre de posicions: 1<\/li>\n\n\n\n<li>Data inici: 1 m\u00e9s despr\u00e9s del tancament del proc\u00e9s de selecci\u00f3. (<strong>M\u00e0xim fins el 16.10.2024<\/strong>)<\/li>\n\n\n\n<li>Condicions laborals:<ul><li>Contracte temporal, a temps complert, amb una durada de 12 mesos.<\/li><\/ul><ul><li>Nivell salarial d\u2019acord amb la titulaci\u00f3 i experi\u00e8ncia aportades.<\/li><\/ul><ul><li>Mesures per conciliar la vida laboral i familiar (perm\u00eds de maternitat i paternitat, horari laboral flexible, teletreball, 23 dies h\u00e0bils de vacances remunerades, 9 dies de descans per a assumptes personals, entre d&#8217;altres).<\/li><\/ul><ul><li>Oportunitats de desenvolupament professional: l&#8217;IBEC disposa d&#8217;un cat\u00e0leg de formaci\u00f3 en habilitats t\u00e8cniques i compet\u00e8ncies transversals<\/li><\/ul>\n<ul class=\"wp-block-list\">\n<li>Entorn cient\u00edfic internacional de gran qualitat.<\/li>\n<\/ul>\n<\/li>\n<\/ul>\n\n\n\n<p><strong>Com aplicar?<\/strong><\/p>\n\n\n\n<p><strong><strong>Fins al 02\/09<\/strong><\/strong> estar\u00e1 disponible l\u2019aplicatiu online a la web de l\u2019IBEC: <a href=\"https:\/\/careers.ibecbarcelona.eu\/\">https:\/\/careers.ibecbarcelona.eu\/<\/a>\u00a0\u00a0<\/p>\n\n\n\n<p>Nom\u00e9s seran avaluades les aplicacions rebudes a trav\u00e9s de l\u2019aplicatiu online.<\/p>\n\n\n\n<p><strong>Reference: TTT_ES<\/strong><\/p>\n\n\n\n<p>Per consultes relatives al proc\u00e9s de selecci\u00f3 pot contactar-nos a <a href=\"mailto:jobs@ibecbarcelona.eu\">jobs@ibecbarcelona.eu<\/a><\/p>\n\n\n\n<p><strong>Principis del proc\u00e9s de selecci\u00f3:<\/strong><\/p>\n\n\n\n<p>L&#8217;IBEC est\u00e0 comprom\u00e8s amb els principis del Codi de conducta per a la contractaci\u00f3 d&#8217;investigadors de la Comissi\u00f3 Europea i els principis de contractaci\u00f3 oberta, transparent i basada en els principis del m\u00e8rit. Principis de Contractaci\u00f3 (OTM-R) <a href=\"https:\/\/ibecbarcelona.eu\/careers-at-ibec\/jobs\/\">https:\/\/ibecbarcelona.eu\/careers-at-ibec\/jobs\/<\/a><\/p>\n\n\n\n<p>Comprom\u00eds de l\u2019IBEC per la igualtat d\u2019oportunitats:<\/p>\n\n\n\n<p>La nostra for\u00e7a i excel\u00b7l\u00e8ncia com a institut internacional de recerca transdisciplinari es basen en la diversitat. Com que som una organitzaci\u00f3 amb igualtat d\u2019oportunitats, apostem per la diversitat i la inclusi\u00f3, de manera que donem suport als empleats independentment del seu g\u00e8nere, nacionalitat, religi\u00f3, discapacitat, edat, identitat sexual o antecedents culturals i socioecon\u00f2mics.<\/p>\n\n\n\n<p>L&#8217;IBEC busca activament candidates dones per a posicions s\u00e8nior assegurant-se que almenys el 40% dels candidats preseleccionats convidats a entrevistar-se han de ser dones amb un nivell de curr\u00edculums comparable al dels candidats masculins. En finalitzar el proc\u00e9s d&#8217;avaluaci\u00f3, en cas d&#8217;igualtat de m\u00e8rits, es donar\u00e0 prioritat a les candidatures femenines.<\/p>\n\n\n\n<p>Per als candidats amb fills que vinguin de fora de Barcelona, \u200b\u200boferim serveis de cangur durant l&#8217;entrevista, d\u2019aquesta manera, no us haureu de preocupar de res m\u00e9s que fer una bona entrevista. Contacta amb nosaltres si est\u00e0s interessat\/ada en aquest servei.<\/p>\n\n\n\n<p>L&#8217;IBEC, com a signatari de la Declaraci\u00f3 de San Francisco sobre l\u2019Avaluaci\u00f3 a la Recerca (DORA), tindr\u00e0 en compte, especialment als investigadors en fase inicial, molt m\u00e9s el contingut cient\u00edfic dels resultats de la investigaci\u00f3 que les m\u00e8triques de publicaci\u00f3 o la identitat de la revista en qu\u00e8 es va publicar. .<\/p>\n\n\n\n<p><strong>Protecci\u00f3 de dades de car\u00e0cter personal:<\/strong><\/p>\n\n\n\n<p>L&#8217;IBEC garanteix que les dades personals dels candidats siguin processades segons el que requereix el Reglament General de Protecci\u00f3 de Dades de la UE (GDPR) i la Llei 3\/2018 de Protecci\u00f3 de Dades.<\/p>\n\n\n\n<p>Les dades personals seran processades \u00fanicament a efectes del proc\u00e9s de selecci\u00f3.<\/p>\n\n\n\n<p><strong>Qui som?<\/strong><\/p>\n\n\n\n<p>L&#8217;Institut de Bioenginyeria de Catalunya, l&#8217;IBEC \u00e9s un centre d&#8217;investigaci\u00f3 interdisciplinari centrat en Bioenginyeria i Nanomedicina amb seu a Barcelona. L&#8217;IBEC \u00e9s una de les principals institucions de recerca anomenades Centre d&#8217;Investigaci\u00f3 Severo Ochoa del Ministeri d&#8217;Economia i Competitivitat (que s&#8217;encarrega de la pol\u00edtica de recerca i innovaci\u00f3 a Espanya), que reconeix l&#8217;excel\u00b7l\u00e8ncia al m\u00e9s alt nivell internacional en mat\u00e8ria de recerca, formaci\u00f3 i recursos humans , divulgaci\u00f3 i transfer\u00e8ncia de tecnologia.<\/p>\n\n\n\n<p>La missi\u00f3 de l&#8217;IBEC \u00e9s desenvolupar una investigaci\u00f3 interdisciplin\u00e0ria d&#8217;alta qualitat internacional que, tot creant coneixements, contribueixi a millorar la seva qualitat de vida, millorar la salut i generar riquesa. Un vincle estreta amb universitats clau, hospitals de refer\u00e8ncia i corporacions s\u00f3n actius que faciliten la consecuci\u00f3 de la missi\u00f3.<\/p>\n\n\n\n<p>L&#8217;IBEC va ser creat el 2005 per la Generalitat de Catalunya, la Universitat de Barcelona i la Universitat Polit\u00e8cnica de Catalunya (UPC).<\/p>\n\n\n\n<p>L&#8217;IBEC es troba al Parc Cient\u00edfic de Barcelona i al Campus UPC Bes\u00f3s. Gestiona un pressupost anual de 22 M\u20ac i instal\u00b7lacions de 4.150 metres quadrats, 21 grups de recerca i un equip d&#8217;investigadors i serveis de suport de 400 persones de 35 pa\u00efsos diferents. <a href=\"http:\/\/www.ibecbarcelona.eu\">www.ibecbarcelona.eu<\/a><\/p>\n\n\n\n<figure class=\"wp-block-image size-full\"><img decoding=\"async\" width=\"165\" height=\"112\" data-src=\"https:\/\/ibecbarcelona.eu\/wp-content\/uploads\/2024\/05\/image-1.png\" alt=\"\" class=\"wp-image-118167 lazyload\" src=\"data:image\/svg+xml;base64,PHN2ZyB3aWR0aD0iMSIgaGVpZ2h0PSIxIiB4bWxucz0iaHR0cDovL3d3dy53My5vcmcvMjAwMC9zdmciPjwvc3ZnPg==\" style=\"--smush-placeholder-width: 165px; --smush-placeholder-aspect-ratio: 165\/112;\" \/><\/figure>\n\n\n\n<figure class=\"wp-block-gallery has-nested-images columns-default is-cropped wp-block-gallery-1 is-layout-flex wp-block-gallery-is-layout-flex\">\n<figure class=\"wp-block-image size-large\"><img decoding=\"async\" width=\"539\" height=\"56\" data-id=\"118187\" data-src=\"https:\/\/ibecbarcelona.eu\/wp-content\/uploads\/2024\/05\/logo-investigo.png\" alt=\"\" class=\"wp-image-118187 lazyload\" data-srcset=\"https:\/\/ibecbarcelona.eu\/wp-content\/uploads\/2024\/05\/logo-investigo.png 539w, https:\/\/ibecbarcelona.eu\/wp-content\/uploads\/2024\/05\/logo-investigo-300x31.png 300w\" data-sizes=\"(max-width: 539px) 100vw, 539px\" src=\"data:image\/svg+xml;base64,PHN2ZyB3aWR0aD0iMSIgaGVpZ2h0PSIxIiB4bWxucz0iaHR0cDovL3d3dy53My5vcmcvMjAwMC9zdmciPjwvc3ZnPg==\" style=\"--smush-placeholder-width: 539px; --smush-placeholder-aspect-ratio: 539\/56;\" \/><\/figure>\n<\/figure>\n","protected":false},"excerpt":{"rendered":"<p>Ref: TTT_ES\/\/ Deadline: 02\/09\/2024<\/p>\n","protected":false},"author":36,"featured_media":107311,"comment_status":"closed","ping_status":"closed","sticky":false,"template":"","format":"standard","meta":{"footnotes":""},"categories":[413],"tags":[],"post_formats":[],"class_list":["post-118186","post","type-post","status-publish","format-standard","has-post-thumbnail","hentry","category-support-jobs"],"yoast_head":"<!-- This site is optimized with the Yoast SEO plugin v27.5 - https:\/\/yoast.com\/product\/yoast-seo-wordpress\/ -->\n<title>T\u00e8cnic en Transfer\u00e8ncia de Tecnologia especialitzaci\u00f3 Advance Therapeutics - Institute for Bioengineering of Catalonia<\/title>\n<meta name=\"robots\" content=\"index, follow, max-snippet:-1, max-image-preview:large, max-video-preview:-1\" \/>\n<link rel=\"canonical\" href=\"https:\/\/ibecbarcelona.eu\/tecnic-en-transferencia-de-tecnologia-especialitzacio-advance-therapeutics-ref-ttt_es\/\" \/>\n<meta property=\"og:locale\" content=\"ca_ES\" \/>\n<meta property=\"og:type\" content=\"article\" \/>\n<meta property=\"og:title\" content=\"T\u00e8cnic en Transfer\u00e8ncia de Tecnologia especialitzaci\u00f3 Advance Therapeutics - Institute for Bioengineering of Catalonia\" \/>\n<meta property=\"og:description\" content=\"Ref: TTT_ES\/\/ Deadline: 02\/09\/2024\" \/>\n<meta property=\"og:url\" content=\"https:\/\/ibecbarcelona.eu\/tecnic-en-transferencia-de-tecnologia-especialitzacio-advance-therapeutics-ref-ttt_es\/\" \/>\n<meta property=\"og:site_name\" content=\"Institute for Bioengineering of Catalonia\" \/>\n<meta property=\"article:published_time\" content=\"2024-05-30T16:08:15+00:00\" \/>\n<meta property=\"article:modified_time\" content=\"2024-08-27T12:59:42+00:00\" \/>\n<meta property=\"og:image\" content=\"https:\/\/ibecbarcelona.eu\/wp-content\/uploads\/2023\/04\/WE-ARE-HIRING-10_2021.jpg\" \/>\n\t<meta property=\"og:image:width\" content=\"1024\" \/>\n\t<meta property=\"og:image:height\" content=\"514\" \/>\n\t<meta property=\"og:image:type\" content=\"image\/jpeg\" \/>\n<meta name=\"author\" content=\"Nuria Pastor\" \/>\n<meta name=\"twitter:card\" content=\"summary_large_image\" \/>\n<meta name=\"twitter:label1\" content=\"Escrit per\" \/>\n\t<meta name=\"twitter:data1\" content=\"Nuria Pastor\" \/>\n\t<meta name=\"twitter:label2\" content=\"Temps estimat de lectura\" \/>\n\t<meta name=\"twitter:data2\" content=\"5 minuts\" \/>\n<script type=\"application\/ld+json\" class=\"yoast-schema-graph\">{\"@context\":\"https:\\\/\\\/schema.org\",\"@graph\":[{\"@type\":\"Article\",\"@id\":\"https:\\\/\\\/ibecbarcelona.eu\\\/tecnic-en-transferencia-de-tecnologia-especialitzacio-advance-therapeutics-ref-ttt_es\\\/#article\",\"isPartOf\":{\"@id\":\"https:\\\/\\\/ibecbarcelona.eu\\\/tecnic-en-transferencia-de-tecnologia-especialitzacio-advance-therapeutics-ref-ttt_es\\\/\"},\"author\":{\"name\":\"Nuria Pastor\",\"@id\":\"https:\\\/\\\/ibecbarcelona.eu\\\/#\\\/schema\\\/person\\\/0466e3e9e0269a580187244e20add2bc\"},\"headline\":\"T\u00e8cnic en Transfer\u00e8ncia de Tecnologia especialitzaci\u00f3 Advance Therapeutics\",\"datePublished\":\"2024-05-30T16:08:15+00:00\",\"dateModified\":\"2024-08-27T12:59:42+00:00\",\"mainEntityOfPage\":{\"@id\":\"https:\\\/\\\/ibecbarcelona.eu\\\/tecnic-en-transferencia-de-tecnologia-especialitzacio-advance-therapeutics-ref-ttt_es\\\/\"},\"wordCount\":1047,\"publisher\":{\"@id\":\"https:\\\/\\\/ibecbarcelona.eu\\\/#organization\"},\"image\":{\"@id\":\"https:\\\/\\\/ibecbarcelona.eu\\\/tecnic-en-transferencia-de-tecnologia-especialitzacio-advance-therapeutics-ref-ttt_es\\\/#primaryimage\"},\"thumbnailUrl\":\"https:\\\/\\\/ibecbarcelona.eu\\\/wp-content\\\/uploads\\\/2023\\\/04\\\/WE-ARE-HIRING-10_2021.jpg\",\"articleSection\":[\"Support jobs\"],\"inLanguage\":\"ca\"},{\"@type\":\"WebPage\",\"@id\":\"https:\\\/\\\/ibecbarcelona.eu\\\/tecnic-en-transferencia-de-tecnologia-especialitzacio-advance-therapeutics-ref-ttt_es\\\/\",\"url\":\"https:\\\/\\\/ibecbarcelona.eu\\\/tecnic-en-transferencia-de-tecnologia-especialitzacio-advance-therapeutics-ref-ttt_es\\\/\",\"name\":\"T\u00e8cnic en Transfer\u00e8ncia de Tecnologia especialitzaci\u00f3 Advance Therapeutics - Institute for Bioengineering of Catalonia\",\"isPartOf\":{\"@id\":\"https:\\\/\\\/ibecbarcelona.eu\\\/#website\"},\"primaryImageOfPage\":{\"@id\":\"https:\\\/\\\/ibecbarcelona.eu\\\/tecnic-en-transferencia-de-tecnologia-especialitzacio-advance-therapeutics-ref-ttt_es\\\/#primaryimage\"},\"image\":{\"@id\":\"https:\\\/\\\/ibecbarcelona.eu\\\/tecnic-en-transferencia-de-tecnologia-especialitzacio-advance-therapeutics-ref-ttt_es\\\/#primaryimage\"},\"thumbnailUrl\":\"https:\\\/\\\/ibecbarcelona.eu\\\/wp-content\\\/uploads\\\/2023\\\/04\\\/WE-ARE-HIRING-10_2021.jpg\",\"datePublished\":\"2024-05-30T16:08:15+00:00\",\"dateModified\":\"2024-08-27T12:59:42+00:00\",\"breadcrumb\":{\"@id\":\"https:\\\/\\\/ibecbarcelona.eu\\\/tecnic-en-transferencia-de-tecnologia-especialitzacio-advance-therapeutics-ref-ttt_es\\\/#breadcrumb\"},\"inLanguage\":\"ca\",\"potentialAction\":[{\"@type\":\"ReadAction\",\"target\":[\"https:\\\/\\\/ibecbarcelona.eu\\\/tecnic-en-transferencia-de-tecnologia-especialitzacio-advance-therapeutics-ref-ttt_es\\\/\"]}]},{\"@type\":\"ImageObject\",\"inLanguage\":\"ca\",\"@id\":\"https:\\\/\\\/ibecbarcelona.eu\\\/tecnic-en-transferencia-de-tecnologia-especialitzacio-advance-therapeutics-ref-ttt_es\\\/#primaryimage\",\"url\":\"https:\\\/\\\/ibecbarcelona.eu\\\/wp-content\\\/uploads\\\/2023\\\/04\\\/WE-ARE-HIRING-10_2021.jpg\",\"contentUrl\":\"https:\\\/\\\/ibecbarcelona.eu\\\/wp-content\\\/uploads\\\/2023\\\/04\\\/WE-ARE-HIRING-10_2021.jpg\",\"width\":1024,\"height\":514,\"caption\":\"Ref: PhD-IM \\\/\\\/ 25\\\/04\\\/2025\"},{\"@type\":\"BreadcrumbList\",\"@id\":\"https:\\\/\\\/ibecbarcelona.eu\\\/tecnic-en-transferencia-de-tecnologia-especialitzacio-advance-therapeutics-ref-ttt_es\\\/#breadcrumb\",\"itemListElement\":[{\"@type\":\"ListItem\",\"position\":1,\"name\":\"Home\",\"item\":\"https:\\\/\\\/ibecbarcelona.eu\\\/ca\\\/\"},{\"@type\":\"ListItem\",\"position\":2,\"name\":\"T\u00e8cnic en Transfer\u00e8ncia de Tecnologia especialitzaci\u00f3 Advance Therapeutics\"}]},{\"@type\":\"WebSite\",\"@id\":\"https:\\\/\\\/ibecbarcelona.eu\\\/#website\",\"url\":\"https:\\\/\\\/ibecbarcelona.eu\\\/\",\"name\":\"Institute for Bioengineering of Catalonia\",\"description\":\"Bioengineering Solutions for Health\",\"publisher\":{\"@id\":\"https:\\\/\\\/ibecbarcelona.eu\\\/#organization\"},\"potentialAction\":[{\"@type\":\"SearchAction\",\"target\":{\"@type\":\"EntryPoint\",\"urlTemplate\":\"https:\\\/\\\/ibecbarcelona.eu\\\/?s={search_term_string}\"},\"query-input\":{\"@type\":\"PropertyValueSpecification\",\"valueRequired\":true,\"valueName\":\"search_term_string\"}}],\"inLanguage\":\"ca\"},{\"@type\":\"Organization\",\"@id\":\"https:\\\/\\\/ibecbarcelona.eu\\\/#organization\",\"name\":\"Institute for Bioengineering of Catalonia\",\"url\":\"https:\\\/\\\/ibecbarcelona.eu\\\/\",\"logo\":{\"@type\":\"ImageObject\",\"inLanguage\":\"ca\",\"@id\":\"https:\\\/\\\/ibecbarcelona.eu\\\/#\\\/schema\\\/logo\\\/image\\\/\",\"url\":\"https:\\\/\\\/ibecbarcelona.eu\\\/wp-content\\\/uploads\\\/2026\\\/01\\\/cropped-IBEC_20ANYS_GRIS.png\",\"contentUrl\":\"https:\\\/\\\/ibecbarcelona.eu\\\/wp-content\\\/uploads\\\/2026\\\/01\\\/cropped-IBEC_20ANYS_GRIS.png\",\"width\":696,\"height\":257,\"caption\":\"Institute for Bioengineering of Catalonia\"},\"image\":{\"@id\":\"https:\\\/\\\/ibecbarcelona.eu\\\/#\\\/schema\\\/logo\\\/image\\\/\"}},{\"@type\":\"Person\",\"@id\":\"https:\\\/\\\/ibecbarcelona.eu\\\/#\\\/schema\\\/person\\\/0466e3e9e0269a580187244e20add2bc\",\"name\":\"Nuria Pastor\",\"image\":{\"@type\":\"ImageObject\",\"inLanguage\":\"ca\",\"@id\":\"https:\\\/\\\/secure.gravatar.com\\\/avatar\\\/adf32c34edefbe712c07260ef5e345fa1ea6b36d2b593adcc4bef500ead8d234?s=96&d=mm&r=g\",\"url\":\"https:\\\/\\\/secure.gravatar.com\\\/avatar\\\/adf32c34edefbe712c07260ef5e345fa1ea6b36d2b593adcc4bef500ead8d234?s=96&d=mm&r=g\",\"contentUrl\":\"https:\\\/\\\/secure.gravatar.com\\\/avatar\\\/adf32c34edefbe712c07260ef5e345fa1ea6b36d2b593adcc4bef500ead8d234?s=96&d=mm&r=g\",\"caption\":\"Nuria Pastor\"},\"url\":\"https:\\\/\\\/ibecbarcelona.eu\\\/ca\\\/author\\\/npastor\\\/\"}]}<\/script>\n<!-- \/ Yoast SEO plugin. -->","yoast_head_json":{"title":"T\u00e8cnic en Transfer\u00e8ncia de Tecnologia especialitzaci\u00f3 Advance Therapeutics - Institute for Bioengineering of Catalonia","robots":{"index":"index","follow":"follow","max-snippet":"max-snippet:-1","max-image-preview":"max-image-preview:large","max-video-preview":"max-video-preview:-1"},"canonical":"https:\/\/ibecbarcelona.eu\/tecnic-en-transferencia-de-tecnologia-especialitzacio-advance-therapeutics-ref-ttt_es\/","og_locale":"ca_ES","og_type":"article","og_title":"T\u00e8cnic en Transfer\u00e8ncia de Tecnologia especialitzaci\u00f3 Advance Therapeutics - Institute for Bioengineering of Catalonia","og_description":"Ref: TTT_ES\/\/ Deadline: 02\/09\/2024","og_url":"https:\/\/ibecbarcelona.eu\/tecnic-en-transferencia-de-tecnologia-especialitzacio-advance-therapeutics-ref-ttt_es\/","og_site_name":"Institute for Bioengineering of Catalonia","article_published_time":"2024-05-30T16:08:15+00:00","article_modified_time":"2024-08-27T12:59:42+00:00","og_image":[{"width":1024,"height":514,"url":"https:\/\/ibecbarcelona.eu\/wp-content\/uploads\/2023\/04\/WE-ARE-HIRING-10_2021.jpg","type":"image\/jpeg"}],"author":"Nuria Pastor","twitter_card":"summary_large_image","twitter_misc":{"Escrit per":"Nuria Pastor","Temps estimat de lectura":"5 minuts"},"schema":{"@context":"https:\/\/schema.org","@graph":[{"@type":"Article","@id":"https:\/\/ibecbarcelona.eu\/tecnic-en-transferencia-de-tecnologia-especialitzacio-advance-therapeutics-ref-ttt_es\/#article","isPartOf":{"@id":"https:\/\/ibecbarcelona.eu\/tecnic-en-transferencia-de-tecnologia-especialitzacio-advance-therapeutics-ref-ttt_es\/"},"author":{"name":"Nuria Pastor","@id":"https:\/\/ibecbarcelona.eu\/#\/schema\/person\/0466e3e9e0269a580187244e20add2bc"},"headline":"T\u00e8cnic en Transfer\u00e8ncia de Tecnologia especialitzaci\u00f3 Advance Therapeutics","datePublished":"2024-05-30T16:08:15+00:00","dateModified":"2024-08-27T12:59:42+00:00","mainEntityOfPage":{"@id":"https:\/\/ibecbarcelona.eu\/tecnic-en-transferencia-de-tecnologia-especialitzacio-advance-therapeutics-ref-ttt_es\/"},"wordCount":1047,"publisher":{"@id":"https:\/\/ibecbarcelona.eu\/#organization"},"image":{"@id":"https:\/\/ibecbarcelona.eu\/tecnic-en-transferencia-de-tecnologia-especialitzacio-advance-therapeutics-ref-ttt_es\/#primaryimage"},"thumbnailUrl":"https:\/\/ibecbarcelona.eu\/wp-content\/uploads\/2023\/04\/WE-ARE-HIRING-10_2021.jpg","articleSection":["Support jobs"],"inLanguage":"ca"},{"@type":"WebPage","@id":"https:\/\/ibecbarcelona.eu\/tecnic-en-transferencia-de-tecnologia-especialitzacio-advance-therapeutics-ref-ttt_es\/","url":"https:\/\/ibecbarcelona.eu\/tecnic-en-transferencia-de-tecnologia-especialitzacio-advance-therapeutics-ref-ttt_es\/","name":"T\u00e8cnic en Transfer\u00e8ncia de Tecnologia especialitzaci\u00f3 Advance Therapeutics - Institute for Bioengineering of Catalonia","isPartOf":{"@id":"https:\/\/ibecbarcelona.eu\/#website"},"primaryImageOfPage":{"@id":"https:\/\/ibecbarcelona.eu\/tecnic-en-transferencia-de-tecnologia-especialitzacio-advance-therapeutics-ref-ttt_es\/#primaryimage"},"image":{"@id":"https:\/\/ibecbarcelona.eu\/tecnic-en-transferencia-de-tecnologia-especialitzacio-advance-therapeutics-ref-ttt_es\/#primaryimage"},"thumbnailUrl":"https:\/\/ibecbarcelona.eu\/wp-content\/uploads\/2023\/04\/WE-ARE-HIRING-10_2021.jpg","datePublished":"2024-05-30T16:08:15+00:00","dateModified":"2024-08-27T12:59:42+00:00","breadcrumb":{"@id":"https:\/\/ibecbarcelona.eu\/tecnic-en-transferencia-de-tecnologia-especialitzacio-advance-therapeutics-ref-ttt_es\/#breadcrumb"},"inLanguage":"ca","potentialAction":[{"@type":"ReadAction","target":["https:\/\/ibecbarcelona.eu\/tecnic-en-transferencia-de-tecnologia-especialitzacio-advance-therapeutics-ref-ttt_es\/"]}]},{"@type":"ImageObject","inLanguage":"ca","@id":"https:\/\/ibecbarcelona.eu\/tecnic-en-transferencia-de-tecnologia-especialitzacio-advance-therapeutics-ref-ttt_es\/#primaryimage","url":"https:\/\/ibecbarcelona.eu\/wp-content\/uploads\/2023\/04\/WE-ARE-HIRING-10_2021.jpg","contentUrl":"https:\/\/ibecbarcelona.eu\/wp-content\/uploads\/2023\/04\/WE-ARE-HIRING-10_2021.jpg","width":1024,"height":514,"caption":"Ref: PhD-IM \/\/ 25\/04\/2025"},{"@type":"BreadcrumbList","@id":"https:\/\/ibecbarcelona.eu\/tecnic-en-transferencia-de-tecnologia-especialitzacio-advance-therapeutics-ref-ttt_es\/#breadcrumb","itemListElement":[{"@type":"ListItem","position":1,"name":"Home","item":"https:\/\/ibecbarcelona.eu\/ca\/"},{"@type":"ListItem","position":2,"name":"T\u00e8cnic en Transfer\u00e8ncia de Tecnologia especialitzaci\u00f3 Advance Therapeutics"}]},{"@type":"WebSite","@id":"https:\/\/ibecbarcelona.eu\/#website","url":"https:\/\/ibecbarcelona.eu\/","name":"Institute for Bioengineering of Catalonia","description":"Bioengineering Solutions for Health","publisher":{"@id":"https:\/\/ibecbarcelona.eu\/#organization"},"potentialAction":[{"@type":"SearchAction","target":{"@type":"EntryPoint","urlTemplate":"https:\/\/ibecbarcelona.eu\/?s={search_term_string}"},"query-input":{"@type":"PropertyValueSpecification","valueRequired":true,"valueName":"search_term_string"}}],"inLanguage":"ca"},{"@type":"Organization","@id":"https:\/\/ibecbarcelona.eu\/#organization","name":"Institute for Bioengineering of Catalonia","url":"https:\/\/ibecbarcelona.eu\/","logo":{"@type":"ImageObject","inLanguage":"ca","@id":"https:\/\/ibecbarcelona.eu\/#\/schema\/logo\/image\/","url":"https:\/\/ibecbarcelona.eu\/wp-content\/uploads\/2026\/01\/cropped-IBEC_20ANYS_GRIS.png","contentUrl":"https:\/\/ibecbarcelona.eu\/wp-content\/uploads\/2026\/01\/cropped-IBEC_20ANYS_GRIS.png","width":696,"height":257,"caption":"Institute for Bioengineering of Catalonia"},"image":{"@id":"https:\/\/ibecbarcelona.eu\/#\/schema\/logo\/image\/"}},{"@type":"Person","@id":"https:\/\/ibecbarcelona.eu\/#\/schema\/person\/0466e3e9e0269a580187244e20add2bc","name":"Nuria Pastor","image":{"@type":"ImageObject","inLanguage":"ca","@id":"https:\/\/secure.gravatar.com\/avatar\/adf32c34edefbe712c07260ef5e345fa1ea6b36d2b593adcc4bef500ead8d234?s=96&d=mm&r=g","url":"https:\/\/secure.gravatar.com\/avatar\/adf32c34edefbe712c07260ef5e345fa1ea6b36d2b593adcc4bef500ead8d234?s=96&d=mm&r=g","contentUrl":"https:\/\/secure.gravatar.com\/avatar\/adf32c34edefbe712c07260ef5e345fa1ea6b36d2b593adcc4bef500ead8d234?s=96&d=mm&r=g","caption":"Nuria Pastor"},"url":"https:\/\/ibecbarcelona.eu\/ca\/author\/npastor\/"}]}},"AFP_featured_media_urls":{"full":["https:\/\/ibecbarcelona.eu\/wp-content\/uploads\/2023\/04\/WE-ARE-HIRING-10_2021.jpg",1024,514,false],"thumbnail":["https:\/\/ibecbarcelona.eu\/wp-content\/uploads\/2023\/04\/WE-ARE-HIRING-10_2021-150x150.jpg",150,150,true],"medium":["https:\/\/ibecbarcelona.eu\/wp-content\/uploads\/2023\/04\/WE-ARE-HIRING-10_2021-300x151.jpg",300,151,true],"medium_large":["https:\/\/ibecbarcelona.eu\/wp-content\/uploads\/2023\/04\/WE-ARE-HIRING-10_2021-768x386.jpg",768,386,true],"large":["https:\/\/ibecbarcelona.eu\/wp-content\/uploads\/2023\/04\/WE-ARE-HIRING-10_2021.jpg",1024,514,false]},"AFP_attachments":{"full":["https:\/\/ibecbarcelona.eu\/wp-content\/uploads\/2024\/05\/logo-investigo.png",539,56,false],"thumbnail":["https:\/\/ibecbarcelona.eu\/wp-content\/uploads\/2024\/05\/logo-investigo-150x56.png",150,56,true],"medium":["https:\/\/ibecbarcelona.eu\/wp-content\/uploads\/2024\/05\/logo-investigo-300x31.png",300,31,true],"medium_large":["https:\/\/ibecbarcelona.eu\/wp-content\/uploads\/2024\/05\/logo-investigo.png",539,56,false],"large":["https:\/\/ibecbarcelona.eu\/wp-content\/uploads\/2024\/05\/logo-investigo.png",539,56,false]},"AFP_videos":[],"AFP_video_blocks":"","AFP_category_names":["Support jobs"],"_links":{"self":[{"href":"https:\/\/ibecbarcelona.eu\/ca\/wp-json\/wp\/v2\/posts\/118186","targetHints":{"allow":["GET"]}}],"collection":[{"href":"https:\/\/ibecbarcelona.eu\/ca\/wp-json\/wp\/v2\/posts"}],"about":[{"href":"https:\/\/ibecbarcelona.eu\/ca\/wp-json\/wp\/v2\/types\/post"}],"author":[{"embeddable":true,"href":"https:\/\/ibecbarcelona.eu\/ca\/wp-json\/wp\/v2\/users\/36"}],"replies":[{"embeddable":true,"href":"https:\/\/ibecbarcelona.eu\/ca\/wp-json\/wp\/v2\/comments?post=118186"}],"version-history":[{"count":11,"href":"https:\/\/ibecbarcelona.eu\/ca\/wp-json\/wp\/v2\/posts\/118186\/revisions"}],"predecessor-version":[{"id":120137,"href":"https:\/\/ibecbarcelona.eu\/ca\/wp-json\/wp\/v2\/posts\/118186\/revisions\/120137"}],"wp:featuredmedia":[{"embeddable":true,"href":"https:\/\/ibecbarcelona.eu\/ca\/wp-json\/wp\/v2\/media\/107311"}],"wp:attachment":[{"href":"https:\/\/ibecbarcelona.eu\/ca\/wp-json\/wp\/v2\/media?parent=118186"}],"wp:term":[{"taxonomy":"category","embeddable":true,"href":"https:\/\/ibecbarcelona.eu\/ca\/wp-json\/wp\/v2\/categories?post=118186"},{"taxonomy":"post_tag","embeddable":true,"href":"https:\/\/ibecbarcelona.eu\/ca\/wp-json\/wp\/v2\/tags?post=118186"},{"taxonomy":"post_format","embeddable":true,"href":"https:\/\/ibecbarcelona.eu\/ca\/wp-json\/wp\/v2\/post_formats?post=118186"}],"curies":[{"name":"wp","href":"https:\/\/api.w.org\/{rel}","templated":true}]}}