
{"id":120546,"date":"2024-09-30T16:03:15","date_gmt":"2024-09-30T14:03:15","guid":{"rendered":"https:\/\/ibecbarcelona.eu\/ibec-and-west-china-hospital-strengthen-collaboration-in-precision-medicine\/"},"modified":"2024-09-30T16:13:14","modified_gmt":"2024-09-30T14:13:14","slug":"ibec-and-west-china-hospital-strengthen-collaboration-in-precision-medicine","status":"publish","type":"post","link":"https:\/\/ibecbarcelona.eu\/ca\/l%27ibec-i-l%27hospital-west-china-reforcen-la-seva-col%C2%B7laboracio-en-medicina-de-precisio","title":{"rendered":"L&#8217;IBEC i l&#8217;Hospital West China reforcen la seva col\u00b7laboraci\u00f3 en medicina de precisi\u00f3"},"content":{"rendered":"\n<p><strong><strong>La setmana passada es va celebrar a Chengdu, Xina, la segona Confer\u00e8ncia de Medicina de Precisi\u00f3 IBEC-WCH. Es tracta d&#8217;una alian\u00e7a entre l&#8217;Institut de Bioenginyeria de Catalunya (IBEC) i l&#8217;Hospital West China (WCH) de la Universitat de Sichuan, que busca impulsar la col\u00b7laboraci\u00f3 cient\u00edfica entre tots dos pa\u00efsos.<\/strong><\/strong><\/p>\n\n\n\n<figure class=\"wp-block-image size-large\"><img decoding=\"async\" width=\"1024\" height=\"576\" data-src=\"https:\/\/ibecbarcelona.eu\/wp-content\/uploads\/2024\/09\/DSC08144_low-1024x576.jpg\" alt=\"\" class=\"wp-image-120503 lazyload\" data-srcset=\"https:\/\/ibecbarcelona.eu\/wp-content\/uploads\/2024\/09\/DSC08144_low-1024x576.jpg 1024w, https:\/\/ibecbarcelona.eu\/wp-content\/uploads\/2024\/09\/DSC08144_low-300x169.jpg 300w, https:\/\/ibecbarcelona.eu\/wp-content\/uploads\/2024\/09\/DSC08144_low-768x432.jpg 768w, https:\/\/ibecbarcelona.eu\/wp-content\/uploads\/2024\/09\/DSC08144_low.jpg 1200w\" data-sizes=\"(max-width: 1024px) 100vw, 1024px\" src=\"data:image\/svg+xml;base64,PHN2ZyB3aWR0aD0iMSIgaGVpZ2h0PSIxIiB4bWxucz0iaHR0cDovL3d3dy53My5vcmcvMjAwMC9zdmciPjwvc3ZnPg==\" style=\"--smush-placeholder-width: 1024px; --smush-placeholder-aspect-ratio: 1024\/576;\" \/><\/figure>\n\n\n\n<div style=\"height:20px\" aria-hidden=\"true\" class=\"wp-block-spacer\"><\/div>\n\n\n\n<p>L&#8217;Institut de Bioenginyeria de Catalunya (IBEC) i l&#8217;Hospital West China (WCH) de la Universitat de Sichuan continuen enfortint la seva alian\u00e7a estrat\u00e8gica en l&#8217;\u00e0mbit de la medicina de precisi\u00f3. Despr\u00e9s de la <a href=\"https:\/\/www.wchscu.cn\/details\/75888.html\">signatura d&#8217;un Memor\u00e0ndum d&#8217;Entesa el 2023<\/a>, ambdues institucions han celebrat la segona Confer\u00e8ncia de Medicina de Precisi\u00f3 IBEC-WCH, que va tenir lloc a Chengdu del 27 al 29 de setembre de 2024.<\/p>\n\n\n\n<p>L&#8217;esdeveniment va reunir 16 experts internacionals en el camp de l&#8217;enginyeria biom\u00e8dica per compartir els \u00faltims aven\u00e7os en \u00e0rees com \u00f2rgans-en-un-xip, enginyeria de teixits, nanorobots, ter\u00e0pia amb c\u00e8l\u00b7lules mare i medicina regenerativa. Les presentacions van destacar temes d&#8217;avantguarda sobre la integraci\u00f3 de la biomedicina amb l&#8217;enginyeria, abordant malalties com el c\u00e0ncer, trastorns neurol\u00f2gics i malalties rares.<\/p>\n\n\n\n<figure class=\"wp-block-gallery has-nested-images columns-default is-cropped wp-block-gallery-1 is-layout-flex wp-block-gallery-is-layout-flex\">\n<figure class=\"wp-block-image size-large\"><img decoding=\"async\" width=\"1024\" height=\"683\" data-id=\"120536\" data-src=\"https:\/\/ibecbarcelona.eu\/wp-content\/uploads\/2024\/09\/DSC08126_low-1024x683.jpg\" alt=\"\" class=\"wp-image-120536 lazyload\" data-srcset=\"https:\/\/ibecbarcelona.eu\/wp-content\/uploads\/2024\/09\/DSC08126_low-1024x683.jpg 1024w, https:\/\/ibecbarcelona.eu\/wp-content\/uploads\/2024\/09\/DSC08126_low-300x200.jpg 300w, https:\/\/ibecbarcelona.eu\/wp-content\/uploads\/2024\/09\/DSC08126_low-768x512.jpg 768w, https:\/\/ibecbarcelona.eu\/wp-content\/uploads\/2024\/09\/DSC08126_low-600x400.jpg 600w, https:\/\/ibecbarcelona.eu\/wp-content\/uploads\/2024\/09\/DSC08126_low.jpg 1200w\" data-sizes=\"(max-width: 1024px) 100vw, 1024px\" src=\"data:image\/svg+xml;base64,PHN2ZyB3aWR0aD0iMSIgaGVpZ2h0PSIxIiB4bWxucz0iaHR0cDovL3d3dy53My5vcmcvMjAwMC9zdmciPjwvc3ZnPg==\" style=\"--smush-placeholder-width: 1024px; --smush-placeholder-aspect-ratio: 1024\/683;\" \/><\/figure>\n\n\n\n<figure class=\"wp-block-image size-large\"><img decoding=\"async\" width=\"1024\" height=\"683\" data-id=\"120538\" data-src=\"https:\/\/ibecbarcelona.eu\/wp-content\/uploads\/2024\/09\/DSC08000_low-1024x683.jpg\" alt=\"\" class=\"wp-image-120538 lazyload\" data-srcset=\"https:\/\/ibecbarcelona.eu\/wp-content\/uploads\/2024\/09\/DSC08000_low-1024x683.jpg 1024w, https:\/\/ibecbarcelona.eu\/wp-content\/uploads\/2024\/09\/DSC08000_low-300x200.jpg 300w, https:\/\/ibecbarcelona.eu\/wp-content\/uploads\/2024\/09\/DSC08000_low-768x512.jpg 768w, https:\/\/ibecbarcelona.eu\/wp-content\/uploads\/2024\/09\/DSC08000_low-600x400.jpg 600w, https:\/\/ibecbarcelona.eu\/wp-content\/uploads\/2024\/09\/DSC08000_low.jpg 1200w\" data-sizes=\"(max-width: 1024px) 100vw, 1024px\" src=\"data:image\/svg+xml;base64,PHN2ZyB3aWR0aD0iMSIgaGVpZ2h0PSIxIiB4bWxucz0iaHR0cDovL3d3dy53My5vcmcvMjAwMC9zdmciPjwvc3ZnPg==\" style=\"--smush-placeholder-width: 1024px; --smush-placeholder-aspect-ratio: 1024\/683;\" \/><\/figure>\n<\/figure>\n\n\n\n<div style=\"height:20px\" aria-hidden=\"true\" class=\"wp-block-spacer\"><\/div>\n\n\n\n<blockquote class=\"wp-block-quote is-layout-flow wp-block-quote-is-layout-flow\">\n<p>En aquest marc de cooperaci\u00f3 internacional, l&#8217;IBEC i el WCH continuen avan\u00e7ant en la seva missi\u00f3 de promoure un di\u00e0leg global sobre com les tecnologies biom\u00e8diques avan\u00e7ades poden millorar la precisi\u00f3 i l&#8217;efic\u00e0cia en el diagn\u00f2stic i tractament de malalties. Aquesta col\u00b7laboraci\u00f3 consolida el nostre paper en el camp de la medicina de precisi\u00f3 i regenerativa.<\/p>\n<cite>Josep Samitier<\/cite><\/blockquote>\n\n\n\n<p>Aquesta col\u00b7laboraci\u00f3 entre l&#8217;IBEC i el WCH s&#8217;emmarca en un moment d&#8217;enfortiment de les relacions cient\u00edfiques entre Espanya i la Xina. El passat 4 de setembre, els Ministeris de Ci\u00e8ncia de tots dos pa\u00efsos van signar un acord per impulsar la cooperaci\u00f3 cient\u00edfica. Aquest Memor\u00e0ndum d\u2019Entesa busca promoure l&#8217;execuci\u00f3 d&#8217;activitats conjuntes de recerca, aix\u00ed com la participaci\u00f3 de personal cient\u00edfic i t\u00e8cnic en projectes de recerca nacionals d&#8217;alt impacte, un objectiu que reflecteix perfectament l&#8217;esperit d&#8217;aquesta alian\u00e7a IBEC-WCH en medicina de precisi\u00f3.<\/p>\n\n\n\n<p>&#8220;En aquest marc de cooperaci\u00f3 internacional, l&#8217;IBEC i el WCH continuen avan\u00e7ant en la seva missi\u00f3 de promoure un di\u00e0leg global sobre com les tecnologies biom\u00e8diques avan\u00e7ades poden millorar la precisi\u00f3 i l&#8217;efic\u00e0cia en el diagn\u00f2stic i tractament de malalties. Aquesta col\u00b7laboraci\u00f3 consolida el nostre paper en el camp de la medicina de precisi\u00f3 i regenerativa.&#8221;, destaca el director de l&#8217;IBEC, Josep Samitier.<\/p>\n\n\n\n<div style=\"height:20px\" aria-hidden=\"true\" class=\"wp-block-spacer\"><\/div>\n\n\n\n<figure class=\"wp-block-gallery has-nested-images columns-default is-cropped wp-block-gallery-2 is-layout-flex wp-block-gallery-is-layout-flex\">\n<figure class=\"wp-block-image size-large\"><img decoding=\"async\" width=\"1024\" height=\"683\" data-id=\"120523\" data-src=\"https:\/\/ibecbarcelona.eu\/wp-content\/uploads\/2024\/09\/WJC_1770_low-1024x683.jpg\" alt=\"\" class=\"wp-image-120523 lazyload\" data-srcset=\"https:\/\/ibecbarcelona.eu\/wp-content\/uploads\/2024\/09\/WJC_1770_low-1024x683.jpg 1024w, https:\/\/ibecbarcelona.eu\/wp-content\/uploads\/2024\/09\/WJC_1770_low-300x200.jpg 300w, https:\/\/ibecbarcelona.eu\/wp-content\/uploads\/2024\/09\/WJC_1770_low-768x512.jpg 768w, https:\/\/ibecbarcelona.eu\/wp-content\/uploads\/2024\/09\/WJC_1770_low-600x400.jpg 600w, https:\/\/ibecbarcelona.eu\/wp-content\/uploads\/2024\/09\/WJC_1770_low.jpg 1200w\" data-sizes=\"(max-width: 1024px) 100vw, 1024px\" src=\"data:image\/svg+xml;base64,PHN2ZyB3aWR0aD0iMSIgaGVpZ2h0PSIxIiB4bWxucz0iaHR0cDovL3d3dy53My5vcmcvMjAwMC9zdmciPjwvc3ZnPg==\" style=\"--smush-placeholder-width: 1024px; --smush-placeholder-aspect-ratio: 1024\/683;\" \/><\/figure>\n\n\n\n<figure class=\"wp-block-image size-large\"><img decoding=\"async\" width=\"1024\" height=\"683\" data-id=\"120509\" data-src=\"https:\/\/ibecbarcelona.eu\/wp-content\/uploads\/2024\/09\/WJC_1925.JPG_low-1024x683.jpg\" alt=\"\" class=\"wp-image-120509 lazyload\" data-srcset=\"https:\/\/ibecbarcelona.eu\/wp-content\/uploads\/2024\/09\/WJC_1925.JPG_low-1024x683.jpg 1024w, https:\/\/ibecbarcelona.eu\/wp-content\/uploads\/2024\/09\/WJC_1925.JPG_low-300x200.jpg 300w, https:\/\/ibecbarcelona.eu\/wp-content\/uploads\/2024\/09\/WJC_1925.JPG_low-768x512.jpg 768w, https:\/\/ibecbarcelona.eu\/wp-content\/uploads\/2024\/09\/WJC_1925.JPG_low-600x400.jpg 600w, https:\/\/ibecbarcelona.eu\/wp-content\/uploads\/2024\/09\/WJC_1925.JPG_low.jpg 1200w\" data-sizes=\"(max-width: 1024px) 100vw, 1024px\" src=\"data:image\/svg+xml;base64,PHN2ZyB3aWR0aD0iMSIgaGVpZ2h0PSIxIiB4bWxucz0iaHR0cDovL3d3dy53My5vcmcvMjAwMC9zdmciPjwvc3ZnPg==\" style=\"--smush-placeholder-width: 1024px; --smush-placeholder-aspect-ratio: 1024\/683;\" \/><\/figure>\n\n\n\n<figure class=\"wp-block-image size-large\"><img decoding=\"async\" width=\"1024\" height=\"683\" data-id=\"120513\" data-src=\"https:\/\/ibecbarcelona.eu\/wp-content\/uploads\/2024\/09\/WJC_2012_low-1024x683.jpg\" alt=\"\" class=\"wp-image-120513 lazyload\" data-srcset=\"https:\/\/ibecbarcelona.eu\/wp-content\/uploads\/2024\/09\/WJC_2012_low-1024x683.jpg 1024w, https:\/\/ibecbarcelona.eu\/wp-content\/uploads\/2024\/09\/WJC_2012_low-300x200.jpg 300w, https:\/\/ibecbarcelona.eu\/wp-content\/uploads\/2024\/09\/WJC_2012_low-768x512.jpg 768w, https:\/\/ibecbarcelona.eu\/wp-content\/uploads\/2024\/09\/WJC_2012_low-600x400.jpg 600w, https:\/\/ibecbarcelona.eu\/wp-content\/uploads\/2024\/09\/WJC_2012_low.jpg 1200w\" data-sizes=\"(max-width: 1024px) 100vw, 1024px\" src=\"data:image\/svg+xml;base64,PHN2ZyB3aWR0aD0iMSIgaGVpZ2h0PSIxIiB4bWxucz0iaHR0cDovL3d3dy53My5vcmcvMjAwMC9zdmciPjwvc3ZnPg==\" style=\"--smush-placeholder-width: 1024px; --smush-placeholder-aspect-ratio: 1024\/683;\" \/><\/figure>\n\n\n\n<figure class=\"wp-block-image size-large\"><img decoding=\"async\" width=\"1024\" height=\"683\" data-id=\"120512\" data-src=\"https:\/\/ibecbarcelona.eu\/wp-content\/uploads\/2024\/09\/WJC_2184.JPG_low-1024x683.jpg\" alt=\"\" class=\"wp-image-120512 lazyload\" data-srcset=\"https:\/\/ibecbarcelona.eu\/wp-content\/uploads\/2024\/09\/WJC_2184.JPG_low-1024x683.jpg 1024w, https:\/\/ibecbarcelona.eu\/wp-content\/uploads\/2024\/09\/WJC_2184.JPG_low-300x200.jpg 300w, https:\/\/ibecbarcelona.eu\/wp-content\/uploads\/2024\/09\/WJC_2184.JPG_low-768x512.jpg 768w, https:\/\/ibecbarcelona.eu\/wp-content\/uploads\/2024\/09\/WJC_2184.JPG_low-600x400.jpg 600w, https:\/\/ibecbarcelona.eu\/wp-content\/uploads\/2024\/09\/WJC_2184.JPG_low.jpg 1200w\" data-sizes=\"(max-width: 1024px) 100vw, 1024px\" src=\"data:image\/svg+xml;base64,PHN2ZyB3aWR0aD0iMSIgaGVpZ2h0PSIxIiB4bWxucz0iaHR0cDovL3d3dy53My5vcmcvMjAwMC9zdmciPjwvc3ZnPg==\" style=\"--smush-placeholder-width: 1024px; --smush-placeholder-aspect-ratio: 1024\/683;\" \/><\/figure>\n\n\n\n<figure class=\"wp-block-image size-large\"><img decoding=\"async\" width=\"1024\" height=\"683\" data-id=\"120518\" data-src=\"https:\/\/ibecbarcelona.eu\/wp-content\/uploads\/2024\/09\/WJC_2231.JPG_low-1024x683.jpg\" alt=\"\" class=\"wp-image-120518 lazyload\" data-srcset=\"https:\/\/ibecbarcelona.eu\/wp-content\/uploads\/2024\/09\/WJC_2231.JPG_low-1024x683.jpg 1024w, https:\/\/ibecbarcelona.eu\/wp-content\/uploads\/2024\/09\/WJC_2231.JPG_low-300x200.jpg 300w, https:\/\/ibecbarcelona.eu\/wp-content\/uploads\/2024\/09\/WJC_2231.JPG_low-768x512.jpg 768w, https:\/\/ibecbarcelona.eu\/wp-content\/uploads\/2024\/09\/WJC_2231.JPG_low-600x400.jpg 600w, https:\/\/ibecbarcelona.eu\/wp-content\/uploads\/2024\/09\/WJC_2231.JPG_low.jpg 1200w\" data-sizes=\"(max-width: 1024px) 100vw, 1024px\" src=\"data:image\/svg+xml;base64,PHN2ZyB3aWR0aD0iMSIgaGVpZ2h0PSIxIiB4bWxucz0iaHR0cDovL3d3dy53My5vcmcvMjAwMC9zdmciPjwvc3ZnPg==\" style=\"--smush-placeholder-width: 1024px; --smush-placeholder-aspect-ratio: 1024\/683;\" \/><\/figure>\n\n\n\n<figure class=\"wp-block-image size-large\"><img decoding=\"async\" width=\"1024\" height=\"683\" data-id=\"120519\" data-src=\"https:\/\/ibecbarcelona.eu\/wp-content\/uploads\/2024\/09\/WJC_2703.JPG_low-1024x683.jpg\" alt=\"\" class=\"wp-image-120519 lazyload\" data-srcset=\"https:\/\/ibecbarcelona.eu\/wp-content\/uploads\/2024\/09\/WJC_2703.JPG_low-1024x683.jpg 1024w, https:\/\/ibecbarcelona.eu\/wp-content\/uploads\/2024\/09\/WJC_2703.JPG_low-300x200.jpg 300w, https:\/\/ibecbarcelona.eu\/wp-content\/uploads\/2024\/09\/WJC_2703.JPG_low-768x512.jpg 768w, https:\/\/ibecbarcelona.eu\/wp-content\/uploads\/2024\/09\/WJC_2703.JPG_low-600x400.jpg 600w, https:\/\/ibecbarcelona.eu\/wp-content\/uploads\/2024\/09\/WJC_2703.JPG_low.jpg 1200w\" data-sizes=\"(max-width: 1024px) 100vw, 1024px\" src=\"data:image\/svg+xml;base64,PHN2ZyB3aWR0aD0iMSIgaGVpZ2h0PSIxIiB4bWxucz0iaHR0cDovL3d3dy53My5vcmcvMjAwMC9zdmciPjwvc3ZnPg==\" style=\"--smush-placeholder-width: 1024px; --smush-placeholder-aspect-ratio: 1024\/683;\" \/><\/figure>\n\n\n\n<figure class=\"wp-block-image size-large\"><img decoding=\"async\" width=\"1024\" height=\"683\" data-id=\"120531\" data-src=\"https:\/\/ibecbarcelona.eu\/wp-content\/uploads\/2024\/09\/WJC_2815.JPG_low-1024x683.jpg\" alt=\"\" class=\"wp-image-120531 lazyload\" data-srcset=\"https:\/\/ibecbarcelona.eu\/wp-content\/uploads\/2024\/09\/WJC_2815.JPG_low-1024x683.jpg 1024w, https:\/\/ibecbarcelona.eu\/wp-content\/uploads\/2024\/09\/WJC_2815.JPG_low-300x200.jpg 300w, https:\/\/ibecbarcelona.eu\/wp-content\/uploads\/2024\/09\/WJC_2815.JPG_low-768x512.jpg 768w, https:\/\/ibecbarcelona.eu\/wp-content\/uploads\/2024\/09\/WJC_2815.JPG_low-600x400.jpg 600w, https:\/\/ibecbarcelona.eu\/wp-content\/uploads\/2024\/09\/WJC_2815.JPG_low.jpg 1200w\" data-sizes=\"(max-width: 1024px) 100vw, 1024px\" src=\"data:image\/svg+xml;base64,PHN2ZyB3aWR0aD0iMSIgaGVpZ2h0PSIxIiB4bWxucz0iaHR0cDovL3d3dy53My5vcmcvMjAwMC9zdmciPjwvc3ZnPg==\" style=\"--smush-placeholder-width: 1024px; --smush-placeholder-aspect-ratio: 1024\/683;\" \/><\/figure>\n\n\n\n<figure class=\"wp-block-image size-large\"><img decoding=\"async\" width=\"1024\" height=\"683\" data-id=\"120520\" data-src=\"https:\/\/ibecbarcelona.eu\/wp-content\/uploads\/2024\/09\/WJC_2952.JPG_low-1024x683.jpg\" alt=\"\" class=\"wp-image-120520 lazyload\" data-srcset=\"https:\/\/ibecbarcelona.eu\/wp-content\/uploads\/2024\/09\/WJC_2952.JPG_low-1024x683.jpg 1024w, https:\/\/ibecbarcelona.eu\/wp-content\/uploads\/2024\/09\/WJC_2952.JPG_low-300x200.jpg 300w, https:\/\/ibecbarcelona.eu\/wp-content\/uploads\/2024\/09\/WJC_2952.JPG_low-768x512.jpg 768w, https:\/\/ibecbarcelona.eu\/wp-content\/uploads\/2024\/09\/WJC_2952.JPG_low-1536x1024.jpg 1536w, https:\/\/ibecbarcelona.eu\/wp-content\/uploads\/2024\/09\/WJC_2952.JPG_low-2048x1365.jpg 2048w, https:\/\/ibecbarcelona.eu\/wp-content\/uploads\/2024\/09\/WJC_2952.JPG_low-1200x800.jpg 1200w, https:\/\/ibecbarcelona.eu\/wp-content\/uploads\/2024\/09\/WJC_2952.JPG_low-600x400.jpg 600w\" data-sizes=\"(max-width: 1024px) 100vw, 1024px\" src=\"data:image\/svg+xml;base64,PHN2ZyB3aWR0aD0iMSIgaGVpZ2h0PSIxIiB4bWxucz0iaHR0cDovL3d3dy53My5vcmcvMjAwMC9zdmciPjwvc3ZnPg==\" style=\"--smush-placeholder-width: 1024px; --smush-placeholder-aspect-ratio: 1024\/683;\" \/><\/figure>\n\n\n\n<figure class=\"wp-block-image size-large\"><img decoding=\"async\" width=\"1024\" height=\"683\" data-id=\"120511\" data-src=\"https:\/\/ibecbarcelona.eu\/wp-content\/uploads\/2024\/09\/WJC_2253.JPG_low-1024x683.jpg\" alt=\"\" class=\"wp-image-120511 lazyload\" data-srcset=\"https:\/\/ibecbarcelona.eu\/wp-content\/uploads\/2024\/09\/WJC_2253.JPG_low-1024x683.jpg 1024w, https:\/\/ibecbarcelona.eu\/wp-content\/uploads\/2024\/09\/WJC_2253.JPG_low-300x200.jpg 300w, https:\/\/ibecbarcelona.eu\/wp-content\/uploads\/2024\/09\/WJC_2253.JPG_low-768x512.jpg 768w, https:\/\/ibecbarcelona.eu\/wp-content\/uploads\/2024\/09\/WJC_2253.JPG_low-600x400.jpg 600w, https:\/\/ibecbarcelona.eu\/wp-content\/uploads\/2024\/09\/WJC_2253.JPG_low.jpg 1200w\" data-sizes=\"(max-width: 1024px) 100vw, 1024px\" src=\"data:image\/svg+xml;base64,PHN2ZyB3aWR0aD0iMSIgaGVpZ2h0PSIxIiB4bWxucz0iaHR0cDovL3d3dy53My5vcmcvMjAwMC9zdmciPjwvc3ZnPg==\" style=\"--smush-placeholder-width: 1024px; --smush-placeholder-aspect-ratio: 1024\/683;\" \/><\/figure>\n\n\n\n<figure class=\"wp-block-image size-large\"><img decoding=\"async\" width=\"1024\" height=\"683\" data-id=\"120508\" data-src=\"https:\/\/ibecbarcelona.eu\/wp-content\/uploads\/2024\/09\/WJC_3116.JPG_low-1024x683.jpg\" alt=\"\" class=\"wp-image-120508 lazyload\" data-srcset=\"https:\/\/ibecbarcelona.eu\/wp-content\/uploads\/2024\/09\/WJC_3116.JPG_low-1024x683.jpg 1024w, https:\/\/ibecbarcelona.eu\/wp-content\/uploads\/2024\/09\/WJC_3116.JPG_low-300x200.jpg 300w, https:\/\/ibecbarcelona.eu\/wp-content\/uploads\/2024\/09\/WJC_3116.JPG_low-768x512.jpg 768w, https:\/\/ibecbarcelona.eu\/wp-content\/uploads\/2024\/09\/WJC_3116.JPG_low-600x400.jpg 600w, https:\/\/ibecbarcelona.eu\/wp-content\/uploads\/2024\/09\/WJC_3116.JPG_low.jpg 1200w\" data-sizes=\"(max-width: 1024px) 100vw, 1024px\" src=\"data:image\/svg+xml;base64,PHN2ZyB3aWR0aD0iMSIgaGVpZ2h0PSIxIiB4bWxucz0iaHR0cDovL3d3dy53My5vcmcvMjAwMC9zdmciPjwvc3ZnPg==\" style=\"--smush-placeholder-width: 1024px; --smush-placeholder-aspect-ratio: 1024\/683;\" \/><\/figure>\n<\/figure>\n","protected":false},"excerpt":{"rendered":"<p>La setmana passada es va celebrar a Chengdu, Xina, la segona Confer\u00e8ncia de Medicina de Precisi\u00f3 IBEC-WCH. Es tracta d&#8217;una alian\u00e7a entre l&#8217;Institut de Bioenginyeria de Catalunya (IBEC) i l&#8217;Hospital West China (WCH) de la Universitat de Sichuan, que busca impulsar la col\u00b7laboraci\u00f3 cient\u00edfica entre tots dos pa\u00efsos.<\/p>\n","protected":false},"author":37,"featured_media":120504,"comment_status":"closed","ping_status":"closed","sticky":false,"template":"","format":"standard","meta":{"footnotes":""},"categories":[98],"tags":[820,1104,1122,1131,1136,2085],"post_formats":[],"class_list":["post-120546","post","type-post","status-publish","format-standard","has-post-thumbnail","hentry","category-noticies-institucionals","tag-elena-martinez-ca","tag-giuseppe-battaglia-ca","tag-irene-marco-rius-ca","tag-javier-ramon-ca","tag-josep-samitier-ca","tag-manuel-salmeron-ca"],"yoast_head":"<!-- This site is optimized with the Yoast SEO plugin v27.5 - https:\/\/yoast.com\/product\/yoast-seo-wordpress\/ -->\n<title>L&#039;IBEC i l&#039;Hospital West China reforcen la seva col\u00b7laboraci\u00f3 en medicina de precisi\u00f3 - Institute for Bioengineering of Catalonia<\/title>\n<meta name=\"robots\" content=\"index, follow, max-snippet:-1, max-image-preview:large, max-video-preview:-1\" \/>\n<link rel=\"canonical\" href=\"https:\/\/ibecbarcelona.eu\/ca\/l'ibec-i-l'hospital-west-china-reforcen-la-seva-col\u00b7laboracio-en-medicina-de-precisio\/\" \/>\n<meta property=\"og:locale\" content=\"ca_ES\" \/>\n<meta property=\"og:type\" content=\"article\" \/>\n<meta property=\"og:title\" content=\"L&#039;IBEC i l&#039;Hospital West China reforcen la seva col\u00b7laboraci\u00f3 en medicina de precisi\u00f3 - Institute for Bioengineering of Catalonia\" \/>\n<meta property=\"og:description\" content=\"La setmana passada es va celebrar a Chengdu, Xina, la segona Confer\u00e8ncia de Medicina de Precisi\u00f3 IBEC-WCH. Es tracta d&#039;una alian\u00e7a entre l&#039;Institut de Bioenginyeria de Catalunya (IBEC) i l&#039;Hospital West China (WCH) de la Universitat de Sichuan, que busca impulsar la col\u00b7laboraci\u00f3 cient\u00edfica entre tots dos pa\u00efsos.\" \/>\n<meta property=\"og:url\" content=\"https:\/\/ibecbarcelona.eu\/ca\/l&#039;ibec-i-l&#039;hospital-west-china-reforcen-la-seva-col\u00b7laboracio-en-medicina-de-precisio\/\" \/>\n<meta property=\"og:site_name\" content=\"Institute for Bioengineering of Catalonia\" \/>\n<meta property=\"article:published_time\" content=\"2024-09-30T14:03:15+00:00\" \/>\n<meta property=\"article:modified_time\" content=\"2024-09-30T14:13:14+00:00\" \/>\n<meta property=\"og:image\" content=\"https:\/\/ibecbarcelona.eu\/wp-content\/uploads\/2024\/09\/DSC08144_low.jpg\" \/>\n\t<meta property=\"og:image:width\" content=\"1200\" \/>\n\t<meta property=\"og:image:height\" content=\"675\" \/>\n\t<meta property=\"og:image:type\" content=\"image\/jpeg\" \/>\n<meta name=\"author\" content=\"Sarah Moreira\" \/>\n<meta name=\"twitter:card\" content=\"summary_large_image\" \/>\n<meta name=\"twitter:label1\" content=\"Escrit per\" \/>\n\t<meta name=\"twitter:data1\" content=\"Sarah Moreira\" \/>\n\t<meta name=\"twitter:label2\" content=\"Temps estimat de lectura\" \/>\n\t<meta name=\"twitter:data2\" content=\"5 minuts\" \/>\n<script type=\"application\/ld+json\" class=\"yoast-schema-graph\">{\"@context\":\"https:\\\/\\\/schema.org\",\"@graph\":[{\"@type\":\"Article\",\"@id\":\"https:\\\/\\\/ibecbarcelona.eu\\\/ca\\\/l%27ibec-i-l%27hospital-west-china-reforcen-la-seva-col%C2%B7laboracio-en-medicina-de-precisio\\\/#article\",\"isPartOf\":{\"@id\":\"https:\\\/\\\/ibecbarcelona.eu\\\/ca\\\/l%27ibec-i-l%27hospital-west-china-reforcen-la-seva-col%C2%B7laboracio-en-medicina-de-precisio\\\/\"},\"author\":{\"name\":\"Sarah Moreira\",\"@id\":\"https:\\\/\\\/ibecbarcelona.eu\\\/#\\\/schema\\\/person\\\/d3a158b8d448000777023ca1e3d71d34\"},\"headline\":\"L&#8217;IBEC i l&#8217;Hospital West China reforcen la seva col\u00b7laboraci\u00f3 en medicina de precisi\u00f3\",\"datePublished\":\"2024-09-30T14:03:15+00:00\",\"dateModified\":\"2024-09-30T14:13:14+00:00\",\"mainEntityOfPage\":{\"@id\":\"https:\\\/\\\/ibecbarcelona.eu\\\/ca\\\/l%27ibec-i-l%27hospital-west-china-reforcen-la-seva-col%C2%B7laboracio-en-medicina-de-precisio\\\/\"},\"wordCount\":421,\"publisher\":{\"@id\":\"https:\\\/\\\/ibecbarcelona.eu\\\/#organization\"},\"image\":{\"@id\":\"https:\\\/\\\/ibecbarcelona.eu\\\/ca\\\/l%27ibec-i-l%27hospital-west-china-reforcen-la-seva-col%C2%B7laboracio-en-medicina-de-precisio\\\/#primaryimage\"},\"thumbnailUrl\":\"https:\\\/\\\/ibecbarcelona.eu\\\/wp-content\\\/uploads\\\/2024\\\/09\\\/DSC08144_low.jpg\",\"keywords\":[\"Elena Martinez\",\"Giuseppe Battaglia\",\"Irene Marco Rius\",\"Javier Ram\u00f3n\",\"Josep Samitier\",\"Manuel Salmer\u00f3n\"],\"articleSection\":[\"Not\u00edcies institucionals\"],\"inLanguage\":\"ca\"},{\"@type\":\"WebPage\",\"@id\":\"https:\\\/\\\/ibecbarcelona.eu\\\/ca\\\/l%27ibec-i-l%27hospital-west-china-reforcen-la-seva-col%C2%B7laboracio-en-medicina-de-precisio\\\/\",\"url\":\"https:\\\/\\\/ibecbarcelona.eu\\\/ca\\\/l%27ibec-i-l%27hospital-west-china-reforcen-la-seva-col%C2%B7laboracio-en-medicina-de-precisio\\\/\",\"name\":\"L'IBEC i l'Hospital West China reforcen la seva col\u00b7laboraci\u00f3 en medicina de precisi\u00f3 - Institute for Bioengineering of Catalonia\",\"isPartOf\":{\"@id\":\"https:\\\/\\\/ibecbarcelona.eu\\\/#website\"},\"primaryImageOfPage\":{\"@id\":\"https:\\\/\\\/ibecbarcelona.eu\\\/ca\\\/l%27ibec-i-l%27hospital-west-china-reforcen-la-seva-col%C2%B7laboracio-en-medicina-de-precisio\\\/#primaryimage\"},\"image\":{\"@id\":\"https:\\\/\\\/ibecbarcelona.eu\\\/ca\\\/l%27ibec-i-l%27hospital-west-china-reforcen-la-seva-col%C2%B7laboracio-en-medicina-de-precisio\\\/#primaryimage\"},\"thumbnailUrl\":\"https:\\\/\\\/ibecbarcelona.eu\\\/wp-content\\\/uploads\\\/2024\\\/09\\\/DSC08144_low.jpg\",\"datePublished\":\"2024-09-30T14:03:15+00:00\",\"dateModified\":\"2024-09-30T14:13:14+00:00\",\"breadcrumb\":{\"@id\":\"https:\\\/\\\/ibecbarcelona.eu\\\/ca\\\/l%27ibec-i-l%27hospital-west-china-reforcen-la-seva-col%C2%B7laboracio-en-medicina-de-precisio\\\/#breadcrumb\"},\"inLanguage\":\"ca\",\"potentialAction\":[{\"@type\":\"ReadAction\",\"target\":[\"https:\\\/\\\/ibecbarcelona.eu\\\/ca\\\/l%27ibec-i-l%27hospital-west-china-reforcen-la-seva-col%C2%B7laboracio-en-medicina-de-precisio\\\/\"]}]},{\"@type\":\"ImageObject\",\"inLanguage\":\"ca\",\"@id\":\"https:\\\/\\\/ibecbarcelona.eu\\\/ca\\\/l%27ibec-i-l%27hospital-west-china-reforcen-la-seva-col%C2%B7laboracio-en-medicina-de-precisio\\\/#primaryimage\",\"url\":\"https:\\\/\\\/ibecbarcelona.eu\\\/wp-content\\\/uploads\\\/2024\\\/09\\\/DSC08144_low.jpg\",\"contentUrl\":\"https:\\\/\\\/ibecbarcelona.eu\\\/wp-content\\\/uploads\\\/2024\\\/09\\\/DSC08144_low.jpg\",\"width\":1200,\"height\":675},{\"@type\":\"BreadcrumbList\",\"@id\":\"https:\\\/\\\/ibecbarcelona.eu\\\/ca\\\/l%27ibec-i-l%27hospital-west-china-reforcen-la-seva-col%C2%B7laboracio-en-medicina-de-precisio\\\/#breadcrumb\",\"itemListElement\":[{\"@type\":\"ListItem\",\"position\":1,\"name\":\"Home\",\"item\":\"https:\\\/\\\/ibecbarcelona.eu\\\/ca\\\/\"},{\"@type\":\"ListItem\",\"position\":2,\"name\":\"L&#8217;IBEC i l&#8217;Hospital West China reforcen la seva col\u00b7laboraci\u00f3 en medicina de precisi\u00f3\"}]},{\"@type\":\"WebSite\",\"@id\":\"https:\\\/\\\/ibecbarcelona.eu\\\/#website\",\"url\":\"https:\\\/\\\/ibecbarcelona.eu\\\/\",\"name\":\"Institute for Bioengineering of Catalonia\",\"description\":\"Bioengineering Solutions for Health\",\"publisher\":{\"@id\":\"https:\\\/\\\/ibecbarcelona.eu\\\/#organization\"},\"potentialAction\":[{\"@type\":\"SearchAction\",\"target\":{\"@type\":\"EntryPoint\",\"urlTemplate\":\"https:\\\/\\\/ibecbarcelona.eu\\\/?s={search_term_string}\"},\"query-input\":{\"@type\":\"PropertyValueSpecification\",\"valueRequired\":true,\"valueName\":\"search_term_string\"}}],\"inLanguage\":\"ca\"},{\"@type\":\"Organization\",\"@id\":\"https:\\\/\\\/ibecbarcelona.eu\\\/#organization\",\"name\":\"Institute for Bioengineering of Catalonia\",\"url\":\"https:\\\/\\\/ibecbarcelona.eu\\\/\",\"logo\":{\"@type\":\"ImageObject\",\"inLanguage\":\"ca\",\"@id\":\"https:\\\/\\\/ibecbarcelona.eu\\\/#\\\/schema\\\/logo\\\/image\\\/\",\"url\":\"https:\\\/\\\/ibecbarcelona.eu\\\/wp-content\\\/uploads\\\/2026\\\/01\\\/cropped-IBEC_20ANYS_GRIS.png\",\"contentUrl\":\"https:\\\/\\\/ibecbarcelona.eu\\\/wp-content\\\/uploads\\\/2026\\\/01\\\/cropped-IBEC_20ANYS_GRIS.png\",\"width\":696,\"height\":257,\"caption\":\"Institute for Bioengineering of Catalonia\"},\"image\":{\"@id\":\"https:\\\/\\\/ibecbarcelona.eu\\\/#\\\/schema\\\/logo\\\/image\\\/\"}},{\"@type\":\"Person\",\"@id\":\"https:\\\/\\\/ibecbarcelona.eu\\\/#\\\/schema\\\/person\\\/d3a158b8d448000777023ca1e3d71d34\",\"name\":\"Sarah Moreira\",\"image\":{\"@type\":\"ImageObject\",\"inLanguage\":\"ca\",\"@id\":\"https:\\\/\\\/secure.gravatar.com\\\/avatar\\\/37385a1f83bdef106d1b89522da4c620ee48ba2eb0662dbc73ba05b7f3fbdf89?s=96&d=mm&r=g\",\"url\":\"https:\\\/\\\/secure.gravatar.com\\\/avatar\\\/37385a1f83bdef106d1b89522da4c620ee48ba2eb0662dbc73ba05b7f3fbdf89?s=96&d=mm&r=g\",\"contentUrl\":\"https:\\\/\\\/secure.gravatar.com\\\/avatar\\\/37385a1f83bdef106d1b89522da4c620ee48ba2eb0662dbc73ba05b7f3fbdf89?s=96&d=mm&r=g\",\"caption\":\"Sarah Moreira\"},\"url\":\"https:\\\/\\\/ibecbarcelona.eu\\\/ca\\\/author\\\/smoreira\\\/\"}]}<\/script>\n<!-- \/ Yoast SEO plugin. -->","yoast_head_json":{"title":"L'IBEC i l'Hospital West China reforcen la seva col\u00b7laboraci\u00f3 en medicina de precisi\u00f3 - Institute for Bioengineering of Catalonia","robots":{"index":"index","follow":"follow","max-snippet":"max-snippet:-1","max-image-preview":"max-image-preview:large","max-video-preview":"max-video-preview:-1"},"canonical":"https:\/\/ibecbarcelona.eu\/ca\/l'ibec-i-l'hospital-west-china-reforcen-la-seva-col\u00b7laboracio-en-medicina-de-precisio\/","og_locale":"ca_ES","og_type":"article","og_title":"L'IBEC i l'Hospital West China reforcen la seva col\u00b7laboraci\u00f3 en medicina de precisi\u00f3 - Institute for Bioengineering of Catalonia","og_description":"La setmana passada es va celebrar a Chengdu, Xina, la segona Confer\u00e8ncia de Medicina de Precisi\u00f3 IBEC-WCH. Es tracta d'una alian\u00e7a entre l'Institut de Bioenginyeria de Catalunya (IBEC) i l'Hospital West China (WCH) de la Universitat de Sichuan, que busca impulsar la col\u00b7laboraci\u00f3 cient\u00edfica entre tots dos pa\u00efsos.","og_url":"https:\/\/ibecbarcelona.eu\/ca\/l'ibec-i-l'hospital-west-china-reforcen-la-seva-col\u00b7laboracio-en-medicina-de-precisio\/","og_site_name":"Institute for Bioengineering of Catalonia","article_published_time":"2024-09-30T14:03:15+00:00","article_modified_time":"2024-09-30T14:13:14+00:00","og_image":[{"width":1200,"height":675,"url":"https:\/\/ibecbarcelona.eu\/wp-content\/uploads\/2024\/09\/DSC08144_low.jpg","type":"image\/jpeg"}],"author":"Sarah Moreira","twitter_card":"summary_large_image","twitter_misc":{"Escrit per":"Sarah Moreira","Temps estimat de lectura":"5 minuts"},"schema":{"@context":"https:\/\/schema.org","@graph":[{"@type":"Article","@id":"https:\/\/ibecbarcelona.eu\/ca\/l%27ibec-i-l%27hospital-west-china-reforcen-la-seva-col%C2%B7laboracio-en-medicina-de-precisio\/#article","isPartOf":{"@id":"https:\/\/ibecbarcelona.eu\/ca\/l%27ibec-i-l%27hospital-west-china-reforcen-la-seva-col%C2%B7laboracio-en-medicina-de-precisio\/"},"author":{"name":"Sarah Moreira","@id":"https:\/\/ibecbarcelona.eu\/#\/schema\/person\/d3a158b8d448000777023ca1e3d71d34"},"headline":"L&#8217;IBEC i l&#8217;Hospital West China reforcen la seva col\u00b7laboraci\u00f3 en medicina de precisi\u00f3","datePublished":"2024-09-30T14:03:15+00:00","dateModified":"2024-09-30T14:13:14+00:00","mainEntityOfPage":{"@id":"https:\/\/ibecbarcelona.eu\/ca\/l%27ibec-i-l%27hospital-west-china-reforcen-la-seva-col%C2%B7laboracio-en-medicina-de-precisio\/"},"wordCount":421,"publisher":{"@id":"https:\/\/ibecbarcelona.eu\/#organization"},"image":{"@id":"https:\/\/ibecbarcelona.eu\/ca\/l%27ibec-i-l%27hospital-west-china-reforcen-la-seva-col%C2%B7laboracio-en-medicina-de-precisio\/#primaryimage"},"thumbnailUrl":"https:\/\/ibecbarcelona.eu\/wp-content\/uploads\/2024\/09\/DSC08144_low.jpg","keywords":["Elena Martinez","Giuseppe Battaglia","Irene Marco Rius","Javier Ram\u00f3n","Josep Samitier","Manuel Salmer\u00f3n"],"articleSection":["Not\u00edcies institucionals"],"inLanguage":"ca"},{"@type":"WebPage","@id":"https:\/\/ibecbarcelona.eu\/ca\/l%27ibec-i-l%27hospital-west-china-reforcen-la-seva-col%C2%B7laboracio-en-medicina-de-precisio\/","url":"https:\/\/ibecbarcelona.eu\/ca\/l%27ibec-i-l%27hospital-west-china-reforcen-la-seva-col%C2%B7laboracio-en-medicina-de-precisio\/","name":"L'IBEC i l'Hospital West China reforcen la seva col\u00b7laboraci\u00f3 en medicina de precisi\u00f3 - Institute for Bioengineering of Catalonia","isPartOf":{"@id":"https:\/\/ibecbarcelona.eu\/#website"},"primaryImageOfPage":{"@id":"https:\/\/ibecbarcelona.eu\/ca\/l%27ibec-i-l%27hospital-west-china-reforcen-la-seva-col%C2%B7laboracio-en-medicina-de-precisio\/#primaryimage"},"image":{"@id":"https:\/\/ibecbarcelona.eu\/ca\/l%27ibec-i-l%27hospital-west-china-reforcen-la-seva-col%C2%B7laboracio-en-medicina-de-precisio\/#primaryimage"},"thumbnailUrl":"https:\/\/ibecbarcelona.eu\/wp-content\/uploads\/2024\/09\/DSC08144_low.jpg","datePublished":"2024-09-30T14:03:15+00:00","dateModified":"2024-09-30T14:13:14+00:00","breadcrumb":{"@id":"https:\/\/ibecbarcelona.eu\/ca\/l%27ibec-i-l%27hospital-west-china-reforcen-la-seva-col%C2%B7laboracio-en-medicina-de-precisio\/#breadcrumb"},"inLanguage":"ca","potentialAction":[{"@type":"ReadAction","target":["https:\/\/ibecbarcelona.eu\/ca\/l%27ibec-i-l%27hospital-west-china-reforcen-la-seva-col%C2%B7laboracio-en-medicina-de-precisio\/"]}]},{"@type":"ImageObject","inLanguage":"ca","@id":"https:\/\/ibecbarcelona.eu\/ca\/l%27ibec-i-l%27hospital-west-china-reforcen-la-seva-col%C2%B7laboracio-en-medicina-de-precisio\/#primaryimage","url":"https:\/\/ibecbarcelona.eu\/wp-content\/uploads\/2024\/09\/DSC08144_low.jpg","contentUrl":"https:\/\/ibecbarcelona.eu\/wp-content\/uploads\/2024\/09\/DSC08144_low.jpg","width":1200,"height":675},{"@type":"BreadcrumbList","@id":"https:\/\/ibecbarcelona.eu\/ca\/l%27ibec-i-l%27hospital-west-china-reforcen-la-seva-col%C2%B7laboracio-en-medicina-de-precisio\/#breadcrumb","itemListElement":[{"@type":"ListItem","position":1,"name":"Home","item":"https:\/\/ibecbarcelona.eu\/ca\/"},{"@type":"ListItem","position":2,"name":"L&#8217;IBEC i l&#8217;Hospital West China reforcen la seva col\u00b7laboraci\u00f3 en medicina de precisi\u00f3"}]},{"@type":"WebSite","@id":"https:\/\/ibecbarcelona.eu\/#website","url":"https:\/\/ibecbarcelona.eu\/","name":"Institute for Bioengineering of Catalonia","description":"Bioengineering Solutions for Health","publisher":{"@id":"https:\/\/ibecbarcelona.eu\/#organization"},"potentialAction":[{"@type":"SearchAction","target":{"@type":"EntryPoint","urlTemplate":"https:\/\/ibecbarcelona.eu\/?s={search_term_string}"},"query-input":{"@type":"PropertyValueSpecification","valueRequired":true,"valueName":"search_term_string"}}],"inLanguage":"ca"},{"@type":"Organization","@id":"https:\/\/ibecbarcelona.eu\/#organization","name":"Institute for Bioengineering of Catalonia","url":"https:\/\/ibecbarcelona.eu\/","logo":{"@type":"ImageObject","inLanguage":"ca","@id":"https:\/\/ibecbarcelona.eu\/#\/schema\/logo\/image\/","url":"https:\/\/ibecbarcelona.eu\/wp-content\/uploads\/2026\/01\/cropped-IBEC_20ANYS_GRIS.png","contentUrl":"https:\/\/ibecbarcelona.eu\/wp-content\/uploads\/2026\/01\/cropped-IBEC_20ANYS_GRIS.png","width":696,"height":257,"caption":"Institute for Bioengineering of Catalonia"},"image":{"@id":"https:\/\/ibecbarcelona.eu\/#\/schema\/logo\/image\/"}},{"@type":"Person","@id":"https:\/\/ibecbarcelona.eu\/#\/schema\/person\/d3a158b8d448000777023ca1e3d71d34","name":"Sarah Moreira","image":{"@type":"ImageObject","inLanguage":"ca","@id":"https:\/\/secure.gravatar.com\/avatar\/37385a1f83bdef106d1b89522da4c620ee48ba2eb0662dbc73ba05b7f3fbdf89?s=96&d=mm&r=g","url":"https:\/\/secure.gravatar.com\/avatar\/37385a1f83bdef106d1b89522da4c620ee48ba2eb0662dbc73ba05b7f3fbdf89?s=96&d=mm&r=g","contentUrl":"https:\/\/secure.gravatar.com\/avatar\/37385a1f83bdef106d1b89522da4c620ee48ba2eb0662dbc73ba05b7f3fbdf89?s=96&d=mm&r=g","caption":"Sarah Moreira"},"url":"https:\/\/ibecbarcelona.eu\/ca\/author\/smoreira\/"}]}},"AFP_featured_media_urls":{"full":["https:\/\/ibecbarcelona.eu\/wp-content\/uploads\/2024\/09\/DSC08144_low.jpg",1200,675,false],"thumbnail":["https:\/\/ibecbarcelona.eu\/wp-content\/uploads\/2024\/09\/DSC08144_low-150x150.jpg",150,150,true],"medium":["https:\/\/ibecbarcelona.eu\/wp-content\/uploads\/2024\/09\/DSC08144_low-300x169.jpg",300,169,true],"medium_large":["https:\/\/ibecbarcelona.eu\/wp-content\/uploads\/2024\/09\/DSC08144_low-768x432.jpg",768,432,true],"large":["https:\/\/ibecbarcelona.eu\/wp-content\/uploads\/2024\/09\/DSC08144_low-1024x576.jpg",1024,576,true]},"AFP_attachments":{"full":["https:\/\/ibecbarcelona.eu\/wp-content\/uploads\/2024\/09\/DSC08144_low.jpg",1200,675,false],"thumbnail":["https:\/\/ibecbarcelona.eu\/wp-content\/uploads\/2024\/09\/DSC08144_low-150x150.jpg",150,150,true],"medium":["https:\/\/ibecbarcelona.eu\/wp-content\/uploads\/2024\/09\/DSC08144_low-300x169.jpg",300,169,true],"medium_large":["https:\/\/ibecbarcelona.eu\/wp-content\/uploads\/2024\/09\/DSC08144_low-768x432.jpg",768,432,true],"large":["https:\/\/ibecbarcelona.eu\/wp-content\/uploads\/2024\/09\/DSC08144_low-1024x576.jpg",1024,576,true]},"AFP_videos":[],"AFP_video_blocks":"","AFP_category_names":["Not\u00edcies institucionals"],"_links":{"self":[{"href":"https:\/\/ibecbarcelona.eu\/ca\/wp-json\/wp\/v2\/posts\/120546","targetHints":{"allow":["GET"]}}],"collection":[{"href":"https:\/\/ibecbarcelona.eu\/ca\/wp-json\/wp\/v2\/posts"}],"about":[{"href":"https:\/\/ibecbarcelona.eu\/ca\/wp-json\/wp\/v2\/types\/post"}],"author":[{"embeddable":true,"href":"https:\/\/ibecbarcelona.eu\/ca\/wp-json\/wp\/v2\/users\/37"}],"replies":[{"embeddable":true,"href":"https:\/\/ibecbarcelona.eu\/ca\/wp-json\/wp\/v2\/comments?post=120546"}],"version-history":[{"count":2,"href":"https:\/\/ibecbarcelona.eu\/ca\/wp-json\/wp\/v2\/posts\/120546\/revisions"}],"predecessor-version":[{"id":120553,"href":"https:\/\/ibecbarcelona.eu\/ca\/wp-json\/wp\/v2\/posts\/120546\/revisions\/120553"}],"wp:featuredmedia":[{"embeddable":true,"href":"https:\/\/ibecbarcelona.eu\/ca\/wp-json\/wp\/v2\/media\/120504"}],"wp:attachment":[{"href":"https:\/\/ibecbarcelona.eu\/ca\/wp-json\/wp\/v2\/media?parent=120546"}],"wp:term":[{"taxonomy":"category","embeddable":true,"href":"https:\/\/ibecbarcelona.eu\/ca\/wp-json\/wp\/v2\/categories?post=120546"},{"taxonomy":"post_tag","embeddable":true,"href":"https:\/\/ibecbarcelona.eu\/ca\/wp-json\/wp\/v2\/tags?post=120546"},{"taxonomy":"post_format","embeddable":true,"href":"https:\/\/ibecbarcelona.eu\/ca\/wp-json\/wp\/v2\/post_formats?post=120546"}],"curies":[{"name":"wp","href":"https:\/\/api.w.org\/{rel}","templated":true}]}}