
{"id":123616,"date":"2025-02-07T15:01:34","date_gmt":"2025-02-07T14:01:34","guid":{"rendered":"https:\/\/ibecbarcelona.eu\/?p=123616"},"modified":"2025-02-07T15:26:33","modified_gmt":"2025-02-07T14:26:33","slug":"experts-destaquen-el-paper-de-la-nanomedicina-en-el-nanodia-mundial-contra-el-cancer","status":"publish","type":"post","link":"https:\/\/ibecbarcelona.eu\/ca\/experts-destaquen-el-paper-de-la-nanomedicina-en-el-nanodia-mundial-contra-el-cancer\/","title":{"rendered":"Experts destaquen el paper de la nanomedicina en el Nanod\u00eda Mundial Contra el C\u00e0ncer"},"content":{"rendered":"\n<p><strong>Amb motiu del Dia Mundial contra el C\u00e0ncer, celebrat el 04 de febrer, prop de 50 experts en&nbsp;nanomedicina&nbsp;s&#8217;han reunit avui en l&#8217;esdeveniment \u201cNanod\u00eda&nbsp;Mundial Contra el C\u00e0ncer\u201d que ha tingut lloc en el Vall d&#8217;Hebron&nbsp;Institut&nbsp;de&nbsp;Recerca&nbsp;(VHIR). Els assistents han presentat els \u00faltims avan\u00e7os en&nbsp;nanomedicina&nbsp;aplicada al c\u00e0ncer i el seu impacte en el diagn\u00f2stic i tractament.<\/strong><\/p>\n\n\n\n<div class=\"wp-block-group\"><div class=\"wp-block-group__inner-container is-layout-constrained wp-block-group-is-layout-constrained\">\n<figure class=\"wp-block-image size-large\"><img decoding=\"async\" width=\"1024\" height=\"683\" data-src=\"https:\/\/ibecbarcelona.eu\/wp-content\/uploads\/2025\/02\/foto-1-1-1024x683.jpg\" alt=\"\" class=\"wp-image-123617 lazyload\" data-srcset=\"https:\/\/ibecbarcelona.eu\/wp-content\/uploads\/2025\/02\/foto-1-1-1024x683.jpg 1024w, https:\/\/ibecbarcelona.eu\/wp-content\/uploads\/2025\/02\/foto-1-1-300x200.jpg 300w, https:\/\/ibecbarcelona.eu\/wp-content\/uploads\/2025\/02\/foto-1-1-768x512.jpg 768w, https:\/\/ibecbarcelona.eu\/wp-content\/uploads\/2025\/02\/foto-1-1-1200x800.jpg 1200w, https:\/\/ibecbarcelona.eu\/wp-content\/uploads\/2025\/02\/foto-1-1-600x400.jpg 600w, https:\/\/ibecbarcelona.eu\/wp-content\/uploads\/2025\/02\/foto-1-1.jpg 1453w\" data-sizes=\"(max-width: 1024px) 100vw, 1024px\" src=\"data:image\/svg+xml;base64,PHN2ZyB3aWR0aD0iMSIgaGVpZ2h0PSIxIiB4bWxucz0iaHR0cDovL3d3dy53My5vcmcvMjAwMC9zdmciPjwvc3ZnPg==\" style=\"--smush-placeholder-width: 1024px; --smush-placeholder-aspect-ratio: 1024\/683;\" \/><\/figure>\n<\/div><\/div>\n\n\n\n<div style=\"height:30px;width:0px\" aria-hidden=\"true\" class=\"wp-block-spacer\"><\/div>\n\n\n\n<p>El Nanod\u00eda Mundial Contra el C\u00e0ncer arriba a la seva 10a edici\u00f3 i s&#8217;ha convertit ja en un referent nacional en nanomedicina aplicada al tractament del c\u00e0ncer. L&#8217;esdeveniment s&#8217;organitza per la plataforma <a href=\"https:\/\/nanomedspain.net\/\">NANOMED Spain<\/a>, coordinada per l&#8217;IBEC amb la col\u00b7laboraci\u00f3 del Vall d&#8217;Hebron Institut de Recerca (VHIR).<br><br>Un dels majors reptes de la medicina actual \u00e9s trobar diagn\u00f2stics fiables i tractaments efica\u00e7os enfront dels diferents tipus de c\u00e0ncer. Segons l&#8217;<a href=\"https:\/\/gco.iarc.fr\/en\">OMS<\/a>, la mortalitat deguda a aquest grup de malalties es va acostar als 10 milions de persones en 2020, i podria superar els 18 milions en el 2050. Una de les aproximacions cient\u00edfiques que treballa per a reduir aquestes xifres \u00e9s la nanomedicina, que busca desenvolupar tecnologies m\u00e9s personalitzades a trav\u00e9s de l&#8217;aplicaci\u00f3 de la nanotecnologia per a abordar malalties com el c\u00e0ncer des de l&#8217;interior de l&#8217;organisme, a un nivell cel\u00b7lular o molecular.<br><br>En aquest context, el Nanod\u00eda Mundial Contra el C\u00e0ncer ha reunit una vegada m\u00e9s a destacats experts en nanomedicina, tant de l&#8217;\u00e0mbit de la recerca p\u00fablica com d&#8217;empreses privades. Els ponents han presentat els avan\u00e7os m\u00e9s recents en nanomedicina aplicada al c\u00e0ncer destacant el paper de ter\u00e0pies innovadores basades en nanotecnologies. Teresa Sanchis, coordinadora executiva de NANOMED Spain, i Bego\u00f1a Benito, directora del VHIR, han estat les encarregades d&#8217;inaugurar l&#8217;acte. Ambdues han exposat el desafiament global que representa el c\u00e0ncer i la necessitat de col\u00b7laboraci\u00f3 entre tots els agents institucionals i socials. Sanchis ha volgut ressaltar l&#8217;enorme potencial de la nanomedicina per al diagn\u00f2stic i el tractament del c\u00e0ncer, exemplificat per alguns dels projectes capdavanters duts a terme per membres de NANOMED Spain. Al seu torn, Benito ha destacat la import\u00e0ncia de la col\u00b7laboraci\u00f3 entre institucions i l&#8217;inter\u00e8s com\u00fa que comparteixen VHIR, IBEC i NANOMED Spain en la recerca en nanomedicina i c\u00e0ncer.<br><br>La investigadora Fernanda Raquel Da Silva Andrade, l\u00edder del grup de recerca \u201cClinical Biochemistry, Drug Delivery &amp; Therapy (CB-DDT)\u201d del VHIR, ha enfocat la seva presentaci\u00f3 en el desenvolupament de noves estrat\u00e8gies terap\u00e8utiques basades en la nanotecnologia per al tractament del glioblastoma.<br><br>A continuaci\u00f3, Iv\u00e1n Ramos, CEO de Polar NanoPharma, ha destacat la missi\u00f3 de l&#8217;empresa a oferir opcions terap\u00e8utiques m\u00e9s segures per a oncologia, concretament a trav\u00e9s d&#8217;una plataforma basada en nanotecnologia per al transport i alliberament de f\u00e0rmacs. \u201cLa nostra tecnologia permet reduir la toxicitat, millorar del transport selectiu i l&#8217;alliberament controlat del f\u00e0rmac en la zona tumoral afectada\u201d, va destacar Ramos. A m\u00e9s, va afegir que aquest m\u00e8tode d&#8217;encapsulaci\u00f3 de f\u00e0rmacs \u00e9s vers\u00e0til i permet el seu \u00fas amb una \u00e0mplia varietat de f\u00e0rmacs sense necessitat de modificaci\u00f3 qu\u00edmica.<br><br>Despr\u00e9s d&#8217;una pausa per a un caf\u00e8-networking, Esther V\u00e1zquez, de Applied Proteomics and Protein Engineering de l&#8217;Institut de Biotecnologia i Biomedicina de la Universitat Aut\u00f2noma de Barcelona (UAB), ha exposat la seva recerca basada en el desenvolupament de biomaterials, majorit\u00e0riament prote\u00efnes recombinants, per a la seva aplicaci\u00f3 en diferents situacions terap\u00e8utiques, ja sigui com a portadores de f\u00e0rmacs o com a materials terap\u00e8utics propis.<br><br>V\u00edctor Puntes, professor de recerca ICREA i l\u00edder del grup de Recerca en farmacocin\u00e8tica de nanopart\u00edcules en el VHIR i de l&#8217;ICN2, ha centrat la seva presentaci\u00f3 en com la s\u00edntesi, conjugaci\u00f3 i caracteritzaci\u00f3 de nanopart\u00edcules inorg\u00e0niques d&#8217;or i ceri i l&#8217;estudi de les seves propietats fisicoqu\u00edmiques poden contribuir a reduir la toxicologia i augmentar la seguretat dels tractaments.<br><br>Finalment, Sofia Cabezudo, gestora de projectes de l&#8217;Associaci\u00f3 Espanyola contra el C\u00e0ncer ha concl\u00f2s la sessi\u00f3 informant sobre les oportunitats de finan\u00e7ament que ofereix la Fundaci\u00f3 Cient\u00edfica. Capgr\u00f2s tamb\u00e9 ha destacat que des de 2017, l&#8217;associaci\u00f3 ha destinat 9,5M\u20ac a projectes relacionats amb la nanomedicina.<\/p>\n\n\n\n<div class=\"wp-block-columns is-layout-flex wp-container-core-columns-is-layout-9d6595d7 wp-block-columns-is-layout-flex\">\n<div class=\"wp-block-column is-layout-flow wp-block-column-is-layout-flow\">\n<figure class=\"wp-block-image size-large\"><img decoding=\"async\" width=\"1024\" height=\"755\" data-src=\"https:\/\/ibecbarcelona.eu\/wp-content\/uploads\/2025\/02\/Foto-2-1024x755.jpg\" alt=\"\" class=\"wp-image-123613 lazyload\" data-srcset=\"https:\/\/ibecbarcelona.eu\/wp-content\/uploads\/2025\/02\/Foto-2-1024x755.jpg 1024w, https:\/\/ibecbarcelona.eu\/wp-content\/uploads\/2025\/02\/Foto-2-300x221.jpg 300w, https:\/\/ibecbarcelona.eu\/wp-content\/uploads\/2025\/02\/Foto-2-768x567.jpg 768w, https:\/\/ibecbarcelona.eu\/wp-content\/uploads\/2025\/02\/Foto-2.jpg 1247w\" data-sizes=\"(max-width: 1024px) 100vw, 1024px\" src=\"data:image\/svg+xml;base64,PHN2ZyB3aWR0aD0iMSIgaGVpZ2h0PSIxIiB4bWxucz0iaHR0cDovL3d3dy53My5vcmcvMjAwMC9zdmciPjwvc3ZnPg==\" style=\"--smush-placeholder-width: 1024px; --smush-placeholder-aspect-ratio: 1024\/755;\" \/><figcaption class=\"wp-element-caption\"><br>D&#8217;esquerra a dreta: Fernanda Raquel Da Silva Andrade, V\u00edctor Puntes, Iv\u00e1n Ramos, Esther V\u00e1zquez, Sofia Cabezudo, Cristina Arimany i Teresa Sanchis.<\/figcaption><\/figure>\n<\/div>\n<\/div>\n\n\n\n<p>La jornada ha destacat una vegada m\u00e9s els avan\u00e7os que la nanomedicina aporta a l&#8217;\u00e0mbit de la salut, obrint noves possibilitats per al diagn\u00f2stic i tractament del c\u00e0ncer. Igualment, s&#8217;ha posat en evid\u00e8ncia que la col\u00b7laboraci\u00f3 entre investigadors, empresaris, onc\u00f2legs i pacients \u00e9s fonamental perqu\u00e8 la nanomedicina arribi a la societat com una alternativa real enfront dels enfocaments actuals contra el c\u00e0ncer.<\/p>\n","protected":false},"excerpt":{"rendered":"<p>Amb motiu del Dia Mundial contra el C\u00e0ncer, celebrat el 04 de febrer, prop de 50 experts en&nbsp;nanomedicina&nbsp;s&#8217;han reunit avui en l&#8217;esdeveniment \u201cNanod\u00eda&nbsp;Mundial Contra el C\u00e0ncer\u201d que ha tingut lloc &#8230; <a title=\"Experts destaquen el paper de la nanomedicina en el Nanod\u00eda Mundial Contra el C\u00e0ncer\" class=\"read-more\" href=\"https:\/\/ibecbarcelona.eu\/ca\/experts-destaquen-el-paper-de-la-nanomedicina-en-el-nanodia-mundial-contra-el-cancer\/\" aria-label=\"More on Experts destaquen el paper de la nanomedicina en el Nanod\u00eda Mundial Contra el C\u00e0ncer\">Read more<\/a><\/p>\n","protected":false},"author":24,"featured_media":123617,"comment_status":"closed","ping_status":"closed","sticky":false,"template":"","format":"standard","meta":{"footnotes":""},"categories":[98],"tags":[],"post_formats":[],"class_list":["post-123616","post","type-post","status-publish","format-standard","has-post-thumbnail","hentry","category-noticies-institucionals"],"yoast_head":"<!-- This site is optimized with the Yoast SEO plugin v27.5 - https:\/\/yoast.com\/product\/yoast-seo-wordpress\/ -->\n<title>Experts destaquen el paper de la nanomedicina en el Nanod\u00eda Mundial Contra el C\u00e0ncer - Institute for Bioengineering of Catalonia<\/title>\n<meta name=\"robots\" content=\"index, follow, max-snippet:-1, max-image-preview:large, max-video-preview:-1\" \/>\n<link rel=\"canonical\" href=\"https:\/\/ibecbarcelona.eu\/ca\/experts-destaquen-el-paper-de-la-nanomedicina-en-el-nanodia-mundial-contra-el-cancer\/\" \/>\n<meta property=\"og:locale\" content=\"ca_ES\" \/>\n<meta property=\"og:type\" content=\"article\" \/>\n<meta property=\"og:title\" content=\"Experts destaquen el paper de la nanomedicina en el Nanod\u00eda Mundial Contra el C\u00e0ncer - Institute for Bioengineering of Catalonia\" \/>\n<meta property=\"og:description\" content=\"Amb motiu del Dia Mundial contra el C\u00e0ncer, celebrat el 04 de febrer, prop de 50 experts en&nbsp;nanomedicina&nbsp;s&#8217;han reunit avui en l&#8217;esdeveniment \u201cNanod\u00eda&nbsp;Mundial Contra el C\u00e0ncer\u201d que ha tingut lloc ... Read more\" \/>\n<meta property=\"og:url\" content=\"https:\/\/ibecbarcelona.eu\/ca\/experts-destaquen-el-paper-de-la-nanomedicina-en-el-nanodia-mundial-contra-el-cancer\/\" \/>\n<meta property=\"og:site_name\" content=\"Institute for Bioengineering of Catalonia\" \/>\n<meta property=\"article:published_time\" content=\"2025-02-07T14:01:34+00:00\" \/>\n<meta property=\"article:modified_time\" content=\"2025-02-07T14:26:33+00:00\" \/>\n<meta property=\"og:image\" content=\"https:\/\/ibecbarcelona.eu\/wp-content\/uploads\/2025\/02\/foto-1-1.jpg\" \/>\n\t<meta property=\"og:image:width\" content=\"1453\" \/>\n\t<meta property=\"og:image:height\" content=\"969\" \/>\n\t<meta property=\"og:image:type\" content=\"image\/jpeg\" \/>\n<meta name=\"author\" content=\"Bia Moreno\" \/>\n<meta name=\"twitter:card\" content=\"summary_large_image\" \/>\n<meta name=\"twitter:label1\" content=\"Escrit per\" \/>\n\t<meta name=\"twitter:data1\" content=\"Bia Moreno\" \/>\n\t<meta name=\"twitter:label2\" content=\"Temps estimat de lectura\" \/>\n\t<meta name=\"twitter:data2\" content=\"4 minuts\" \/>\n<script type=\"application\/ld+json\" class=\"yoast-schema-graph\">{\"@context\":\"https:\\\/\\\/schema.org\",\"@graph\":[{\"@type\":\"Article\",\"@id\":\"https:\\\/\\\/ibecbarcelona.eu\\\/ca\\\/experts-destaquen-el-paper-de-la-nanomedicina-en-el-nanodia-mundial-contra-el-cancer\\\/#article\",\"isPartOf\":{\"@id\":\"https:\\\/\\\/ibecbarcelona.eu\\\/ca\\\/experts-destaquen-el-paper-de-la-nanomedicina-en-el-nanodia-mundial-contra-el-cancer\\\/\"},\"author\":{\"name\":\"Bia Moreno\",\"@id\":\"https:\\\/\\\/ibecbarcelona.eu\\\/#\\\/schema\\\/person\\\/b553413d524d76a399e659509449f8ec\"},\"headline\":\"Experts destaquen el paper de la nanomedicina en el Nanod\u00eda Mundial Contra el C\u00e0ncer\",\"datePublished\":\"2025-02-07T14:01:34+00:00\",\"dateModified\":\"2025-02-07T14:26:33+00:00\",\"mainEntityOfPage\":{\"@id\":\"https:\\\/\\\/ibecbarcelona.eu\\\/ca\\\/experts-destaquen-el-paper-de-la-nanomedicina-en-el-nanodia-mundial-contra-el-cancer\\\/\"},\"wordCount\":844,\"publisher\":{\"@id\":\"https:\\\/\\\/ibecbarcelona.eu\\\/#organization\"},\"image\":{\"@id\":\"https:\\\/\\\/ibecbarcelona.eu\\\/ca\\\/experts-destaquen-el-paper-de-la-nanomedicina-en-el-nanodia-mundial-contra-el-cancer\\\/#primaryimage\"},\"thumbnailUrl\":\"https:\\\/\\\/ibecbarcelona.eu\\\/wp-content\\\/uploads\\\/2025\\\/02\\\/foto-1-1.jpg\",\"articleSection\":[\"Not\u00edcies institucionals\"],\"inLanguage\":\"ca\"},{\"@type\":\"WebPage\",\"@id\":\"https:\\\/\\\/ibecbarcelona.eu\\\/ca\\\/experts-destaquen-el-paper-de-la-nanomedicina-en-el-nanodia-mundial-contra-el-cancer\\\/\",\"url\":\"https:\\\/\\\/ibecbarcelona.eu\\\/ca\\\/experts-destaquen-el-paper-de-la-nanomedicina-en-el-nanodia-mundial-contra-el-cancer\\\/\",\"name\":\"Experts destaquen el paper de la nanomedicina en el Nanod\u00eda Mundial Contra el C\u00e0ncer - Institute for Bioengineering of Catalonia\",\"isPartOf\":{\"@id\":\"https:\\\/\\\/ibecbarcelona.eu\\\/#website\"},\"primaryImageOfPage\":{\"@id\":\"https:\\\/\\\/ibecbarcelona.eu\\\/ca\\\/experts-destaquen-el-paper-de-la-nanomedicina-en-el-nanodia-mundial-contra-el-cancer\\\/#primaryimage\"},\"image\":{\"@id\":\"https:\\\/\\\/ibecbarcelona.eu\\\/ca\\\/experts-destaquen-el-paper-de-la-nanomedicina-en-el-nanodia-mundial-contra-el-cancer\\\/#primaryimage\"},\"thumbnailUrl\":\"https:\\\/\\\/ibecbarcelona.eu\\\/wp-content\\\/uploads\\\/2025\\\/02\\\/foto-1-1.jpg\",\"datePublished\":\"2025-02-07T14:01:34+00:00\",\"dateModified\":\"2025-02-07T14:26:33+00:00\",\"breadcrumb\":{\"@id\":\"https:\\\/\\\/ibecbarcelona.eu\\\/ca\\\/experts-destaquen-el-paper-de-la-nanomedicina-en-el-nanodia-mundial-contra-el-cancer\\\/#breadcrumb\"},\"inLanguage\":\"ca\",\"potentialAction\":[{\"@type\":\"ReadAction\",\"target\":[\"https:\\\/\\\/ibecbarcelona.eu\\\/ca\\\/experts-destaquen-el-paper-de-la-nanomedicina-en-el-nanodia-mundial-contra-el-cancer\\\/\"]}]},{\"@type\":\"ImageObject\",\"inLanguage\":\"ca\",\"@id\":\"https:\\\/\\\/ibecbarcelona.eu\\\/ca\\\/experts-destaquen-el-paper-de-la-nanomedicina-en-el-nanodia-mundial-contra-el-cancer\\\/#primaryimage\",\"url\":\"https:\\\/\\\/ibecbarcelona.eu\\\/wp-content\\\/uploads\\\/2025\\\/02\\\/foto-1-1.jpg\",\"contentUrl\":\"https:\\\/\\\/ibecbarcelona.eu\\\/wp-content\\\/uploads\\\/2025\\\/02\\\/foto-1-1.jpg\",\"width\":1453,\"height\":969},{\"@type\":\"BreadcrumbList\",\"@id\":\"https:\\\/\\\/ibecbarcelona.eu\\\/ca\\\/experts-destaquen-el-paper-de-la-nanomedicina-en-el-nanodia-mundial-contra-el-cancer\\\/#breadcrumb\",\"itemListElement\":[{\"@type\":\"ListItem\",\"position\":1,\"name\":\"Home\",\"item\":\"https:\\\/\\\/ibecbarcelona.eu\\\/ca\\\/\"},{\"@type\":\"ListItem\",\"position\":2,\"name\":\"Experts destaquen el paper de la nanomedicina en el Nanod\u00eda Mundial Contra el C\u00e0ncer\"}]},{\"@type\":\"WebSite\",\"@id\":\"https:\\\/\\\/ibecbarcelona.eu\\\/#website\",\"url\":\"https:\\\/\\\/ibecbarcelona.eu\\\/\",\"name\":\"Institute for Bioengineering of Catalonia\",\"description\":\"Bioengineering Solutions for Health\",\"publisher\":{\"@id\":\"https:\\\/\\\/ibecbarcelona.eu\\\/#organization\"},\"potentialAction\":[{\"@type\":\"SearchAction\",\"target\":{\"@type\":\"EntryPoint\",\"urlTemplate\":\"https:\\\/\\\/ibecbarcelona.eu\\\/?s={search_term_string}\"},\"query-input\":{\"@type\":\"PropertyValueSpecification\",\"valueRequired\":true,\"valueName\":\"search_term_string\"}}],\"inLanguage\":\"ca\"},{\"@type\":\"Organization\",\"@id\":\"https:\\\/\\\/ibecbarcelona.eu\\\/#organization\",\"name\":\"Institute for Bioengineering of Catalonia\",\"url\":\"https:\\\/\\\/ibecbarcelona.eu\\\/\",\"logo\":{\"@type\":\"ImageObject\",\"inLanguage\":\"ca\",\"@id\":\"https:\\\/\\\/ibecbarcelona.eu\\\/#\\\/schema\\\/logo\\\/image\\\/\",\"url\":\"https:\\\/\\\/ibecbarcelona.eu\\\/wp-content\\\/uploads\\\/2026\\\/01\\\/cropped-IBEC_20ANYS_GRIS.png\",\"contentUrl\":\"https:\\\/\\\/ibecbarcelona.eu\\\/wp-content\\\/uploads\\\/2026\\\/01\\\/cropped-IBEC_20ANYS_GRIS.png\",\"width\":696,\"height\":257,\"caption\":\"Institute for Bioengineering of Catalonia\"},\"image\":{\"@id\":\"https:\\\/\\\/ibecbarcelona.eu\\\/#\\\/schema\\\/logo\\\/image\\\/\"}},{\"@type\":\"Person\",\"@id\":\"https:\\\/\\\/ibecbarcelona.eu\\\/#\\\/schema\\\/person\\\/b553413d524d76a399e659509449f8ec\",\"name\":\"Bia Moreno\",\"image\":{\"@type\":\"ImageObject\",\"inLanguage\":\"ca\",\"@id\":\"https:\\\/\\\/secure.gravatar.com\\\/avatar\\\/bb483bca1d652e4f51c1831a5fbd1448c61e5d11f6b6f74fc8efed0509d20438?s=96&d=mm&r=g\",\"url\":\"https:\\\/\\\/secure.gravatar.com\\\/avatar\\\/bb483bca1d652e4f51c1831a5fbd1448c61e5d11f6b6f74fc8efed0509d20438?s=96&d=mm&r=g\",\"contentUrl\":\"https:\\\/\\\/secure.gravatar.com\\\/avatar\\\/bb483bca1d652e4f51c1831a5fbd1448c61e5d11f6b6f74fc8efed0509d20438?s=96&d=mm&r=g\",\"caption\":\"Bia Moreno\"},\"url\":\"https:\\\/\\\/ibecbarcelona.eu\\\/ca\\\/author\\\/bmoreno\\\/\"}]}<\/script>\n<!-- \/ Yoast SEO plugin. -->","yoast_head_json":{"title":"Experts destaquen el paper de la nanomedicina en el Nanod\u00eda Mundial Contra el C\u00e0ncer - Institute for Bioengineering of Catalonia","robots":{"index":"index","follow":"follow","max-snippet":"max-snippet:-1","max-image-preview":"max-image-preview:large","max-video-preview":"max-video-preview:-1"},"canonical":"https:\/\/ibecbarcelona.eu\/ca\/experts-destaquen-el-paper-de-la-nanomedicina-en-el-nanodia-mundial-contra-el-cancer\/","og_locale":"ca_ES","og_type":"article","og_title":"Experts destaquen el paper de la nanomedicina en el Nanod\u00eda Mundial Contra el C\u00e0ncer - Institute for Bioengineering of Catalonia","og_description":"Amb motiu del Dia Mundial contra el C\u00e0ncer, celebrat el 04 de febrer, prop de 50 experts en&nbsp;nanomedicina&nbsp;s&#8217;han reunit avui en l&#8217;esdeveniment \u201cNanod\u00eda&nbsp;Mundial Contra el C\u00e0ncer\u201d que ha tingut lloc ... Read more","og_url":"https:\/\/ibecbarcelona.eu\/ca\/experts-destaquen-el-paper-de-la-nanomedicina-en-el-nanodia-mundial-contra-el-cancer\/","og_site_name":"Institute for Bioengineering of Catalonia","article_published_time":"2025-02-07T14:01:34+00:00","article_modified_time":"2025-02-07T14:26:33+00:00","og_image":[{"width":1453,"height":969,"url":"https:\/\/ibecbarcelona.eu\/wp-content\/uploads\/2025\/02\/foto-1-1.jpg","type":"image\/jpeg"}],"author":"Bia Moreno","twitter_card":"summary_large_image","twitter_misc":{"Escrit per":"Bia Moreno","Temps estimat de lectura":"4 minuts"},"schema":{"@context":"https:\/\/schema.org","@graph":[{"@type":"Article","@id":"https:\/\/ibecbarcelona.eu\/ca\/experts-destaquen-el-paper-de-la-nanomedicina-en-el-nanodia-mundial-contra-el-cancer\/#article","isPartOf":{"@id":"https:\/\/ibecbarcelona.eu\/ca\/experts-destaquen-el-paper-de-la-nanomedicina-en-el-nanodia-mundial-contra-el-cancer\/"},"author":{"name":"Bia Moreno","@id":"https:\/\/ibecbarcelona.eu\/#\/schema\/person\/b553413d524d76a399e659509449f8ec"},"headline":"Experts destaquen el paper de la nanomedicina en el Nanod\u00eda Mundial Contra el C\u00e0ncer","datePublished":"2025-02-07T14:01:34+00:00","dateModified":"2025-02-07T14:26:33+00:00","mainEntityOfPage":{"@id":"https:\/\/ibecbarcelona.eu\/ca\/experts-destaquen-el-paper-de-la-nanomedicina-en-el-nanodia-mundial-contra-el-cancer\/"},"wordCount":844,"publisher":{"@id":"https:\/\/ibecbarcelona.eu\/#organization"},"image":{"@id":"https:\/\/ibecbarcelona.eu\/ca\/experts-destaquen-el-paper-de-la-nanomedicina-en-el-nanodia-mundial-contra-el-cancer\/#primaryimage"},"thumbnailUrl":"https:\/\/ibecbarcelona.eu\/wp-content\/uploads\/2025\/02\/foto-1-1.jpg","articleSection":["Not\u00edcies institucionals"],"inLanguage":"ca"},{"@type":"WebPage","@id":"https:\/\/ibecbarcelona.eu\/ca\/experts-destaquen-el-paper-de-la-nanomedicina-en-el-nanodia-mundial-contra-el-cancer\/","url":"https:\/\/ibecbarcelona.eu\/ca\/experts-destaquen-el-paper-de-la-nanomedicina-en-el-nanodia-mundial-contra-el-cancer\/","name":"Experts destaquen el paper de la nanomedicina en el Nanod\u00eda Mundial Contra el C\u00e0ncer - Institute for Bioengineering of Catalonia","isPartOf":{"@id":"https:\/\/ibecbarcelona.eu\/#website"},"primaryImageOfPage":{"@id":"https:\/\/ibecbarcelona.eu\/ca\/experts-destaquen-el-paper-de-la-nanomedicina-en-el-nanodia-mundial-contra-el-cancer\/#primaryimage"},"image":{"@id":"https:\/\/ibecbarcelona.eu\/ca\/experts-destaquen-el-paper-de-la-nanomedicina-en-el-nanodia-mundial-contra-el-cancer\/#primaryimage"},"thumbnailUrl":"https:\/\/ibecbarcelona.eu\/wp-content\/uploads\/2025\/02\/foto-1-1.jpg","datePublished":"2025-02-07T14:01:34+00:00","dateModified":"2025-02-07T14:26:33+00:00","breadcrumb":{"@id":"https:\/\/ibecbarcelona.eu\/ca\/experts-destaquen-el-paper-de-la-nanomedicina-en-el-nanodia-mundial-contra-el-cancer\/#breadcrumb"},"inLanguage":"ca","potentialAction":[{"@type":"ReadAction","target":["https:\/\/ibecbarcelona.eu\/ca\/experts-destaquen-el-paper-de-la-nanomedicina-en-el-nanodia-mundial-contra-el-cancer\/"]}]},{"@type":"ImageObject","inLanguage":"ca","@id":"https:\/\/ibecbarcelona.eu\/ca\/experts-destaquen-el-paper-de-la-nanomedicina-en-el-nanodia-mundial-contra-el-cancer\/#primaryimage","url":"https:\/\/ibecbarcelona.eu\/wp-content\/uploads\/2025\/02\/foto-1-1.jpg","contentUrl":"https:\/\/ibecbarcelona.eu\/wp-content\/uploads\/2025\/02\/foto-1-1.jpg","width":1453,"height":969},{"@type":"BreadcrumbList","@id":"https:\/\/ibecbarcelona.eu\/ca\/experts-destaquen-el-paper-de-la-nanomedicina-en-el-nanodia-mundial-contra-el-cancer\/#breadcrumb","itemListElement":[{"@type":"ListItem","position":1,"name":"Home","item":"https:\/\/ibecbarcelona.eu\/ca\/"},{"@type":"ListItem","position":2,"name":"Experts destaquen el paper de la nanomedicina en el Nanod\u00eda Mundial Contra el C\u00e0ncer"}]},{"@type":"WebSite","@id":"https:\/\/ibecbarcelona.eu\/#website","url":"https:\/\/ibecbarcelona.eu\/","name":"Institute for Bioengineering of Catalonia","description":"Bioengineering Solutions for Health","publisher":{"@id":"https:\/\/ibecbarcelona.eu\/#organization"},"potentialAction":[{"@type":"SearchAction","target":{"@type":"EntryPoint","urlTemplate":"https:\/\/ibecbarcelona.eu\/?s={search_term_string}"},"query-input":{"@type":"PropertyValueSpecification","valueRequired":true,"valueName":"search_term_string"}}],"inLanguage":"ca"},{"@type":"Organization","@id":"https:\/\/ibecbarcelona.eu\/#organization","name":"Institute for Bioengineering of Catalonia","url":"https:\/\/ibecbarcelona.eu\/","logo":{"@type":"ImageObject","inLanguage":"ca","@id":"https:\/\/ibecbarcelona.eu\/#\/schema\/logo\/image\/","url":"https:\/\/ibecbarcelona.eu\/wp-content\/uploads\/2026\/01\/cropped-IBEC_20ANYS_GRIS.png","contentUrl":"https:\/\/ibecbarcelona.eu\/wp-content\/uploads\/2026\/01\/cropped-IBEC_20ANYS_GRIS.png","width":696,"height":257,"caption":"Institute for Bioengineering of Catalonia"},"image":{"@id":"https:\/\/ibecbarcelona.eu\/#\/schema\/logo\/image\/"}},{"@type":"Person","@id":"https:\/\/ibecbarcelona.eu\/#\/schema\/person\/b553413d524d76a399e659509449f8ec","name":"Bia Moreno","image":{"@type":"ImageObject","inLanguage":"ca","@id":"https:\/\/secure.gravatar.com\/avatar\/bb483bca1d652e4f51c1831a5fbd1448c61e5d11f6b6f74fc8efed0509d20438?s=96&d=mm&r=g","url":"https:\/\/secure.gravatar.com\/avatar\/bb483bca1d652e4f51c1831a5fbd1448c61e5d11f6b6f74fc8efed0509d20438?s=96&d=mm&r=g","contentUrl":"https:\/\/secure.gravatar.com\/avatar\/bb483bca1d652e4f51c1831a5fbd1448c61e5d11f6b6f74fc8efed0509d20438?s=96&d=mm&r=g","caption":"Bia Moreno"},"url":"https:\/\/ibecbarcelona.eu\/ca\/author\/bmoreno\/"}]}},"AFP_featured_media_urls":{"full":["https:\/\/ibecbarcelona.eu\/wp-content\/uploads\/2025\/02\/foto-1-1.jpg",1453,969,false],"thumbnail":["https:\/\/ibecbarcelona.eu\/wp-content\/uploads\/2025\/02\/foto-1-1-150x150.jpg",150,150,true],"medium":["https:\/\/ibecbarcelona.eu\/wp-content\/uploads\/2025\/02\/foto-1-1-300x200.jpg",300,200,true],"medium_large":["https:\/\/ibecbarcelona.eu\/wp-content\/uploads\/2025\/02\/foto-1-1-768x512.jpg",768,512,true],"large":["https:\/\/ibecbarcelona.eu\/wp-content\/uploads\/2025\/02\/foto-1-1-1024x683.jpg",1024,683,true]},"AFP_attachments":{"full":["https:\/\/ibecbarcelona.eu\/wp-content\/uploads\/2025\/02\/foto-1.jpg",1453,969,false],"thumbnail":["https:\/\/ibecbarcelona.eu\/wp-content\/uploads\/2025\/02\/foto-1-150x150.jpg",150,150,true],"medium":["https:\/\/ibecbarcelona.eu\/wp-content\/uploads\/2025\/02\/foto-1-300x200.jpg",300,200,true],"medium_large":["https:\/\/ibecbarcelona.eu\/wp-content\/uploads\/2025\/02\/foto-1-768x512.jpg",768,512,true],"large":["https:\/\/ibecbarcelona.eu\/wp-content\/uploads\/2025\/02\/foto-1-1024x683.jpg",1024,683,true]},"AFP_videos":[],"AFP_video_blocks":"","AFP_category_names":["Not\u00edcies institucionals"],"_links":{"self":[{"href":"https:\/\/ibecbarcelona.eu\/ca\/wp-json\/wp\/v2\/posts\/123616","targetHints":{"allow":["GET"]}}],"collection":[{"href":"https:\/\/ibecbarcelona.eu\/ca\/wp-json\/wp\/v2\/posts"}],"about":[{"href":"https:\/\/ibecbarcelona.eu\/ca\/wp-json\/wp\/v2\/types\/post"}],"author":[{"embeddable":true,"href":"https:\/\/ibecbarcelona.eu\/ca\/wp-json\/wp\/v2\/users\/24"}],"replies":[{"embeddable":true,"href":"https:\/\/ibecbarcelona.eu\/ca\/wp-json\/wp\/v2\/comments?post=123616"}],"version-history":[{"count":3,"href":"https:\/\/ibecbarcelona.eu\/ca\/wp-json\/wp\/v2\/posts\/123616\/revisions"}],"predecessor-version":[{"id":123630,"href":"https:\/\/ibecbarcelona.eu\/ca\/wp-json\/wp\/v2\/posts\/123616\/revisions\/123630"}],"wp:featuredmedia":[{"embeddable":true,"href":"https:\/\/ibecbarcelona.eu\/ca\/wp-json\/wp\/v2\/media\/123617"}],"wp:attachment":[{"href":"https:\/\/ibecbarcelona.eu\/ca\/wp-json\/wp\/v2\/media?parent=123616"}],"wp:term":[{"taxonomy":"category","embeddable":true,"href":"https:\/\/ibecbarcelona.eu\/ca\/wp-json\/wp\/v2\/categories?post=123616"},{"taxonomy":"post_tag","embeddable":true,"href":"https:\/\/ibecbarcelona.eu\/ca\/wp-json\/wp\/v2\/tags?post=123616"},{"taxonomy":"post_format","embeddable":true,"href":"https:\/\/ibecbarcelona.eu\/ca\/wp-json\/wp\/v2\/post_formats?post=123616"}],"curies":[{"name":"wp","href":"https:\/\/api.w.org\/{rel}","templated":true}]}}