
{"id":124927,"date":"2025-03-24T20:30:00","date_gmt":"2025-03-24T19:30:00","guid":{"rendered":"https:\/\/ibecbarcelona.eu\/?p=124927"},"modified":"2025-03-25T09:27:18","modified_gmt":"2025-03-25T08:27:18","slug":"ibec-and-icms-meet-again-in-eindhoven-for-their-annual-joint-symposium","status":"publish","type":"post","link":"https:\/\/ibecbarcelona.eu\/ca\/ibec-i-icms-es-retroben-a-eindhoven-per-celebrar-el-seu-simposi-anual-en-colaboracio","title":{"rendered":"L&#8217;IBEC i l&#8217;ICMS es retroben a Eindhoven per celebrar el seu Simposi Anual en col\u00b7laboraci\u00f3"},"content":{"rendered":"\n<p><strong>Avui, 24 de mar\u00e7, s&#8217;ha celebrat el simposi conjunt ICMS-IBEC-MPIP. Un esdeveniment coorganitzat per l&#8217;Institut de Bioenginyeria de Catalunya (IBEC), l&#8217;Institut de Sistemes Moleculars Complexos (ICMS) i l&#8217;Institut Max Planck de Recerca en Pol\u00edmers (MPIP). Durant la jornada, investigadors dels tres centres han compartit les seves \u00e0rees de recerca, buscant enfortir els lla\u00e7os cient\u00edfics entre les institucions.<\/strong><\/p>\n\n\n\n<figure class=\"wp-block-image size-large\"><img decoding=\"async\" width=\"1024\" height=\"576\" data-src=\"https:\/\/ibecbarcelona.eu\/wp-content\/uploads\/2025\/03\/IBEC-ICMS25-1024x576.jpg\" alt=\"\" class=\"wp-image-124885 lazyload\" data-srcset=\"https:\/\/ibecbarcelona.eu\/wp-content\/uploads\/2025\/03\/IBEC-ICMS25-1024x576.jpg 1024w, https:\/\/ibecbarcelona.eu\/wp-content\/uploads\/2025\/03\/IBEC-ICMS25-300x169.jpg 300w, https:\/\/ibecbarcelona.eu\/wp-content\/uploads\/2025\/03\/IBEC-ICMS25-768x432.jpg 768w, https:\/\/ibecbarcelona.eu\/wp-content\/uploads\/2025\/03\/IBEC-ICMS25-1536x864.jpg 1536w, https:\/\/ibecbarcelona.eu\/wp-content\/uploads\/2025\/03\/IBEC-ICMS25.jpg 1742w\" data-sizes=\"(max-width: 1024px) 100vw, 1024px\" src=\"data:image\/svg+xml;base64,PHN2ZyB3aWR0aD0iMSIgaGVpZ2h0PSIxIiB4bWxucz0iaHR0cDovL3d3dy53My5vcmcvMjAwMC9zdmciPjwvc3ZnPg==\" style=\"--smush-placeholder-width: 1024px; --smush-placeholder-aspect-ratio: 1024\/576;\" \/><\/figure>\n\n\n\n<div style=\"height:20px\" aria-hidden=\"true\" class=\"wp-block-spacer\"><\/div>\n\n\n\n<p>Avui, 24 de mar\u00e7, s&#8217;ha celebrat el simposi conjunt ICMS-IBEC-MPIP al campus de la Universitat de Tecnologia d&#8217;Eindhoven, als Pa\u00efsos Baixos. Un esdeveniment coorganitzat per l&#8217;Institut de Bioenginyeria de Catalunya (IBEC), <a href=\"https:\/\/www.tue.nl\/en\/research\/institutes\/institute-for-complex-molecular-systems\">l&#8217;Institut de Sistemes Moleculars Complexos<\/a> (ICMS) i l&#8217;<a href=\"https:\/\/www.mpip-mainz.mpg.de\/en\/home\">Institut Max Planck de Recerca en Pol\u00edmers<\/a> (MPIP).<\/p>\n\n\n\n<p>Aquesta iniciativa reflecteix una alian\u00e7a entre l&#8217;IBEC i l&#8217;ICMS que s&#8217;ha enfortit durant m\u00e9s de cinc anys, i que enguany compta tamb\u00e9 amb la participaci\u00f3 del MPIP. Aquesta alian\u00e7a busca fomentar la recerca i cooperaci\u00f3 acad\u00e8mica entre els tres centres mitjan\u00e7ant l&#8217;intercanvi de coneixements i infraestructures i el desenvolupament de projectes cient\u00edfics en col\u00b7laboraci\u00f3.<\/p>\n\n\n\n<p>Durant la jornada, investigadors de les tres institucions han compartit els seus \u00faltims aven\u00e7os en bioenginyeria, qu\u00edmica supramolecular i nanotecnologia. Des de l&#8217;IBEC, C\u00e9sar Rodr\u00edguez-Emmenegger ha presentat el seu treball en el desenvolupament de c\u00e8l\u00b7lules sint\u00e8tiques fagoc\u00edtiques capaces de combatre bacteris, mentre que Giuseppe Battaglia ha exposat les seves investigacions sobre nanomedicines basades en intermediaris del cicle de Krebs per a noves ter\u00e0pies immunit\u00e0ries. Per la seva banda, Samuel S\u00e1nchez ha abordat el potencial de les nanopart\u00edcules actives per travessar barreres biol\u00f2giques, i Irene Marco-Rius ha explorat les aplicacions de la imatge molecular en enginyeria de teixits.<\/p>\n\n\n\n<p>El simposi tamb\u00e9 ha comptat amb la participaci\u00f3 d&#8217;altres ponents destacats, com Jan van Hest (ICMS), qui va donar obertura i benvinguda a l&#8217;esdeveniment; Tania Pati\u00f1o Padial (ICMS), que va presentar aven\u00e7os en nanorobots moleculars amb motilitat programable i interaccions cel\u00b7lulars; Giulia Lavarda (MPIP), qui va parlar sobre pol\u00edmers supramoleculars fotoactius i els seus desafiaments estructurals; i Luc Brunsveld (ICMS), que va abordar l&#8217;\u00fas de la biologia qu\u00edmica i l&#8217;automatitzaci\u00f3 en el disseny de f\u00e0rmacs per a condensats biomoleculars. La confer\u00e8ncia magistral va anar a c\u00e0rrec de Jasper Michels (MPIP), qui va oferir una perspectiva minimalista sobre el comportament i envelliment de biopol\u00edmers.<\/p>\n\n\n\n<p>El simposi ha estat un aparador d&#8217;investigacions d&#8217;avantguarda i ha reafirmat el comprom\u00eds d&#8217;aquestes tres institucions amb la col\u00b7laboraci\u00f3 interdisciplin\u00e0ria. La jornada ha concl\u00f2s amb un espai per al networking i l&#8217;exploraci\u00f3 de futures oportunitats de recerca conjunta en un ambient dist\u00e8s d&#8217;intercanvi d&#8217;idees.<\/p>\n\n\n\n<figure class=\"wp-block-gallery has-nested-images columns-default is-cropped wp-block-gallery-1 is-layout-flex wp-block-gallery-is-layout-flex\">\n<figure class=\"wp-block-image size-large\"><img decoding=\"async\" width=\"653\" height=\"870\" data-id=\"124912\" data-src=\"https:\/\/ibecbarcelona.eu\/wp-content\/uploads\/2025\/03\/0455e6ea-e76a-47db-aa95-b51c898caedf-edited.jpg\" alt=\"\" class=\"wp-image-124912 lazyload\" data-srcset=\"https:\/\/ibecbarcelona.eu\/wp-content\/uploads\/2025\/03\/0455e6ea-e76a-47db-aa95-b51c898caedf-edited.jpg 653w, https:\/\/ibecbarcelona.eu\/wp-content\/uploads\/2025\/03\/0455e6ea-e76a-47db-aa95-b51c898caedf-edited-225x300.jpg 225w\" data-sizes=\"(max-width: 653px) 100vw, 653px\" src=\"data:image\/svg+xml;base64,PHN2ZyB3aWR0aD0iMSIgaGVpZ2h0PSIxIiB4bWxucz0iaHR0cDovL3d3dy53My5vcmcvMjAwMC9zdmciPjwvc3ZnPg==\" style=\"--smush-placeholder-width: 653px; --smush-placeholder-aspect-ratio: 653\/870;\" \/><figcaption class=\"wp-element-caption\">C\u00e9sar Rodr\u00edguez-Emmeneguer<\/figcaption><\/figure>\n\n\n\n<figure class=\"wp-block-image size-large\"><img decoding=\"async\" width=\"731\" height=\"1024\" data-id=\"124921\" data-src=\"https:\/\/ibecbarcelona.eu\/wp-content\/uploads\/2025\/03\/bdace392-d140-4d56-852e-47668aec2215-1-731x1024.jpg\" alt=\"\" class=\"wp-image-124921 lazyload\" data-srcset=\"https:\/\/ibecbarcelona.eu\/wp-content\/uploads\/2025\/03\/bdace392-d140-4d56-852e-47668aec2215-1-731x1024.jpg 731w, https:\/\/ibecbarcelona.eu\/wp-content\/uploads\/2025\/03\/bdace392-d140-4d56-852e-47668aec2215-1-214x300.jpg 214w, https:\/\/ibecbarcelona.eu\/wp-content\/uploads\/2025\/03\/bdace392-d140-4d56-852e-47668aec2215-1-768x1076.jpg 768w, https:\/\/ibecbarcelona.eu\/wp-content\/uploads\/2025\/03\/bdace392-d140-4d56-852e-47668aec2215-1.jpg 828w\" data-sizes=\"(max-width: 731px) 100vw, 731px\" src=\"data:image\/svg+xml;base64,PHN2ZyB3aWR0aD0iMSIgaGVpZ2h0PSIxIiB4bWxucz0iaHR0cDovL3d3dy53My5vcmcvMjAwMC9zdmciPjwvc3ZnPg==\" style=\"--smush-placeholder-width: 731px; --smush-placeholder-aspect-ratio: 731\/1024;\" \/><figcaption class=\"wp-element-caption\">Irene Marco-Rius<\/figcaption><\/figure>\n\n\n\n<figure class=\"wp-block-image size-large\"><img decoding=\"async\" width=\"847\" height=\"1059\" data-id=\"124915\" data-src=\"https:\/\/ibecbarcelona.eu\/wp-content\/uploads\/2025\/03\/IBEC-ICMS-Simpo25-6-edited.jpg\" alt=\"\" class=\"wp-image-124915 lazyload\" data-srcset=\"https:\/\/ibecbarcelona.eu\/wp-content\/uploads\/2025\/03\/IBEC-ICMS-Simpo25-6-edited.jpg 847w, https:\/\/ibecbarcelona.eu\/wp-content\/uploads\/2025\/03\/IBEC-ICMS-Simpo25-6-edited-240x300.jpg 240w, https:\/\/ibecbarcelona.eu\/wp-content\/uploads\/2025\/03\/IBEC-ICMS-Simpo25-6-edited-819x1024.jpg 819w, https:\/\/ibecbarcelona.eu\/wp-content\/uploads\/2025\/03\/IBEC-ICMS-Simpo25-6-edited-768x960.jpg 768w\" data-sizes=\"(max-width: 847px) 100vw, 847px\" src=\"data:image\/svg+xml;base64,PHN2ZyB3aWR0aD0iMSIgaGVpZ2h0PSIxIiB4bWxucz0iaHR0cDovL3d3dy53My5vcmcvMjAwMC9zdmciPjwvc3ZnPg==\" style=\"--smush-placeholder-width: 847px; --smush-placeholder-aspect-ratio: 847\/1059;\" \/><figcaption class=\"wp-element-caption\">Samuel S\u00e1nchez<\/figcaption><\/figure>\n\n\n\n<figure class=\"wp-block-image size-large\"><img decoding=\"async\" width=\"1024\" height=\"768\" data-id=\"124903\" data-src=\"https:\/\/ibecbarcelona.eu\/wp-content\/uploads\/2025\/03\/IBEC-ICMS-Simpo25-7-1024x768.jpg\" alt=\"\" class=\"wp-image-124903 lazyload\" data-srcset=\"https:\/\/ibecbarcelona.eu\/wp-content\/uploads\/2025\/03\/IBEC-ICMS-Simpo25-7-1024x768.jpg 1024w, https:\/\/ibecbarcelona.eu\/wp-content\/uploads\/2025\/03\/IBEC-ICMS-Simpo25-7-300x225.jpg 300w, https:\/\/ibecbarcelona.eu\/wp-content\/uploads\/2025\/03\/IBEC-ICMS-Simpo25-7-768x576.jpg 768w, https:\/\/ibecbarcelona.eu\/wp-content\/uploads\/2025\/03\/IBEC-ICMS-Simpo25-7.jpg 1383w\" data-sizes=\"(max-width: 1024px) 100vw, 1024px\" src=\"data:image\/svg+xml;base64,PHN2ZyB3aWR0aD0iMSIgaGVpZ2h0PSIxIiB4bWxucz0iaHR0cDovL3d3dy53My5vcmcvMjAwMC9zdmciPjwvc3ZnPg==\" style=\"--smush-placeholder-width: 1024px; --smush-placeholder-aspect-ratio: 1024\/768;\" \/><figcaption class=\"wp-element-caption\">Samuel S\u00e1nchez<\/figcaption><\/figure>\n\n\n\n<figure class=\"wp-block-image size-large\"><img decoding=\"async\" width=\"1024\" height=\"576\" data-id=\"124901\" data-src=\"https:\/\/ibecbarcelona.eu\/wp-content\/uploads\/2025\/03\/IBEC-ICMS-Simpo25-8-1024x576.jpg\" alt=\"\" class=\"wp-image-124901 lazyload\" data-srcset=\"https:\/\/ibecbarcelona.eu\/wp-content\/uploads\/2025\/03\/IBEC-ICMS-Simpo25-8-1024x576.jpg 1024w, https:\/\/ibecbarcelona.eu\/wp-content\/uploads\/2025\/03\/IBEC-ICMS-Simpo25-8-300x169.jpg 300w, https:\/\/ibecbarcelona.eu\/wp-content\/uploads\/2025\/03\/IBEC-ICMS-Simpo25-8-768x432.jpg 768w, https:\/\/ibecbarcelona.eu\/wp-content\/uploads\/2025\/03\/IBEC-ICMS-Simpo25-8-1536x864.jpg 1536w, https:\/\/ibecbarcelona.eu\/wp-content\/uploads\/2025\/03\/IBEC-ICMS-Simpo25-8.jpg 1920w\" data-sizes=\"(max-width: 1024px) 100vw, 1024px\" src=\"data:image\/svg+xml;base64,PHN2ZyB3aWR0aD0iMSIgaGVpZ2h0PSIxIiB4bWxucz0iaHR0cDovL3d3dy53My5vcmcvMjAwMC9zdmciPjwvc3ZnPg==\" style=\"--smush-placeholder-width: 1024px; --smush-placeholder-aspect-ratio: 1024\/576;\" \/><figcaption class=\"wp-element-caption\">Giuseppe Battaglia<\/figcaption><\/figure>\n<\/figure>\n","protected":false},"excerpt":{"rendered":"<p>Avui, 24 de mar\u00e7, s&#8217;ha celebrat el simposi conjunt ICMS-IBEC-MPIP. Un esdeveniment coorganitzat per l&#8217;Institut de Bioenginyeria de Catalunya (IBEC), l&#8217;Institut de Sistemes Moleculars Complexos (ICMS) i l&#8217;Institut Max Planck de Recerca en Pol\u00edmers (MPIP). Durant la jornada, investigadors dels tres centres han compartit les seves \u00e0rees de recerca, buscant enfortir els lla\u00e7os cient\u00edfics entre les institucions. <\/p>\n","protected":false},"author":37,"featured_media":124886,"comment_status":"closed","ping_status":"closed","sticky":false,"template":"","format":"standard","meta":{"footnotes":""},"categories":[98],"tags":[1885,1731,1104,2111,1051,1122,1140],"post_formats":[],"class_list":["post-124927","post","type-post","status-publish","format-standard","has-post-thumbnail","hentry","category-noticies-institucionals","tag-cesar-rodriguez-emmenegger-ca","tag-esdeveniment","tag-giuseppe-battaglia-ca","tag-ibec-icms-ca-2","tag-icms-ca","tag-irene-marco-rius-ca","tag-samuel-sanchez-ca"],"yoast_head":"<!-- This site is optimized with the Yoast SEO plugin v27.4 - https:\/\/yoast.com\/product\/yoast-seo-wordpress\/ -->\n<title>L&#039;IBEC i l&#039;ICMS es retroben a Eindhoven per celebrar el seu Simposi Anual en col\u00b7laboraci\u00f3 - Institute for Bioengineering of Catalonia<\/title>\n<meta name=\"robots\" content=\"index, follow, max-snippet:-1, max-image-preview:large, max-video-preview:-1\" \/>\n<link rel=\"canonical\" href=\"https:\/\/ibecbarcelona.eu\/ca\/ibec-i-icms-es-retroben-a-eindhoven-per-celebrar-el-seu-simposi-anual-en-colaboracio\/\" \/>\n<meta property=\"og:locale\" content=\"ca_ES\" \/>\n<meta property=\"og:type\" content=\"article\" \/>\n<meta property=\"og:title\" content=\"L&#039;IBEC i l&#039;ICMS es retroben a Eindhoven per celebrar el seu Simposi Anual en col\u00b7laboraci\u00f3 - Institute for Bioengineering of Catalonia\" \/>\n<meta property=\"og:description\" content=\"Avui, 24 de mar\u00e7, s&#039;ha celebrat el simposi conjunt ICMS-IBEC-MPIP. Un esdeveniment coorganitzat per l&#039;Institut de Bioenginyeria de Catalunya (IBEC), l&#039;Institut de Sistemes Moleculars Complexos (ICMS) i l&#039;Institut Max Planck de Recerca en Pol\u00edmers (MPIP). Durant la jornada, investigadors dels tres centres han compartit les seves \u00e0rees de recerca, buscant enfortir els lla\u00e7os cient\u00edfics entre les institucions.\" \/>\n<meta property=\"og:url\" content=\"https:\/\/ibecbarcelona.eu\/ca\/ibec-i-icms-es-retroben-a-eindhoven-per-celebrar-el-seu-simposi-anual-en-colaboracio\/\" \/>\n<meta property=\"og:site_name\" content=\"Institute for Bioengineering of Catalonia\" \/>\n<meta property=\"article:published_time\" content=\"2025-03-24T19:30:00+00:00\" \/>\n<meta property=\"article:modified_time\" content=\"2025-03-25T08:27:18+00:00\" \/>\n<meta property=\"og:image\" content=\"https:\/\/ibecbarcelona.eu\/wp-content\/uploads\/2025\/03\/IBEC-ICMS25.jpg\" \/>\n\t<meta property=\"og:image:width\" content=\"1742\" \/>\n\t<meta property=\"og:image:height\" content=\"980\" \/>\n\t<meta property=\"og:image:type\" content=\"image\/jpeg\" \/>\n<meta name=\"author\" content=\"Sarah Moreira\" \/>\n<meta name=\"twitter:card\" content=\"summary_large_image\" \/>\n<meta name=\"twitter:label1\" content=\"Escrit per\" \/>\n\t<meta name=\"twitter:data1\" content=\"Sarah Moreira\" \/>\n\t<meta name=\"twitter:label2\" content=\"Temps estimat de lectura\" \/>\n\t<meta name=\"twitter:data2\" content=\"4 minuts\" \/>\n<script type=\"application\/ld+json\" class=\"yoast-schema-graph\">{\"@context\":\"https:\\\/\\\/schema.org\",\"@graph\":[{\"@type\":\"Article\",\"@id\":\"https:\\\/\\\/ibecbarcelona.eu\\\/ca\\\/ibec-i-icms-es-retroben-a-eindhoven-per-celebrar-el-seu-simposi-anual-en-colaboracio\\\/#article\",\"isPartOf\":{\"@id\":\"https:\\\/\\\/ibecbarcelona.eu\\\/ca\\\/ibec-i-icms-es-retroben-a-eindhoven-per-celebrar-el-seu-simposi-anual-en-colaboracio\\\/\"},\"author\":{\"name\":\"Sarah Moreira\",\"@id\":\"https:\\\/\\\/ibecbarcelona.eu\\\/#\\\/schema\\\/person\\\/d3a158b8d448000777023ca1e3d71d34\"},\"headline\":\"L&#8217;IBEC i l&#8217;ICMS es retroben a Eindhoven per celebrar el seu Simposi Anual en col\u00b7laboraci\u00f3\",\"datePublished\":\"2025-03-24T19:30:00+00:00\",\"dateModified\":\"2025-03-25T08:27:18+00:00\",\"mainEntityOfPage\":{\"@id\":\"https:\\\/\\\/ibecbarcelona.eu\\\/ca\\\/ibec-i-icms-es-retroben-a-eindhoven-per-celebrar-el-seu-simposi-anual-en-colaboracio\\\/\"},\"wordCount\":469,\"publisher\":{\"@id\":\"https:\\\/\\\/ibecbarcelona.eu\\\/#organization\"},\"image\":{\"@id\":\"https:\\\/\\\/ibecbarcelona.eu\\\/ca\\\/ibec-i-icms-es-retroben-a-eindhoven-per-celebrar-el-seu-simposi-anual-en-colaboracio\\\/#primaryimage\"},\"thumbnailUrl\":\"https:\\\/\\\/ibecbarcelona.eu\\\/wp-content\\\/uploads\\\/2025\\\/03\\\/IBEC-ICMS25.jpg\",\"keywords\":[\"C\u00e9sar Rodriguez-Emmenegger\",\"Esdeveniment\",\"Giuseppe Battaglia\",\"IBEC-ICMS\",\"ICMS\",\"Irene Marco Rius\",\"Samuel Sanchez\"],\"articleSection\":[\"Not\u00edcies institucionals\"],\"inLanguage\":\"ca\"},{\"@type\":\"WebPage\",\"@id\":\"https:\\\/\\\/ibecbarcelona.eu\\\/ca\\\/ibec-i-icms-es-retroben-a-eindhoven-per-celebrar-el-seu-simposi-anual-en-colaboracio\\\/\",\"url\":\"https:\\\/\\\/ibecbarcelona.eu\\\/ca\\\/ibec-i-icms-es-retroben-a-eindhoven-per-celebrar-el-seu-simposi-anual-en-colaboracio\\\/\",\"name\":\"L'IBEC i l'ICMS es retroben a Eindhoven per celebrar el seu Simposi Anual en col\u00b7laboraci\u00f3 - Institute for Bioengineering of Catalonia\",\"isPartOf\":{\"@id\":\"https:\\\/\\\/ibecbarcelona.eu\\\/#website\"},\"primaryImageOfPage\":{\"@id\":\"https:\\\/\\\/ibecbarcelona.eu\\\/ca\\\/ibec-i-icms-es-retroben-a-eindhoven-per-celebrar-el-seu-simposi-anual-en-colaboracio\\\/#primaryimage\"},\"image\":{\"@id\":\"https:\\\/\\\/ibecbarcelona.eu\\\/ca\\\/ibec-i-icms-es-retroben-a-eindhoven-per-celebrar-el-seu-simposi-anual-en-colaboracio\\\/#primaryimage\"},\"thumbnailUrl\":\"https:\\\/\\\/ibecbarcelona.eu\\\/wp-content\\\/uploads\\\/2025\\\/03\\\/IBEC-ICMS25.jpg\",\"datePublished\":\"2025-03-24T19:30:00+00:00\",\"dateModified\":\"2025-03-25T08:27:18+00:00\",\"breadcrumb\":{\"@id\":\"https:\\\/\\\/ibecbarcelona.eu\\\/ca\\\/ibec-i-icms-es-retroben-a-eindhoven-per-celebrar-el-seu-simposi-anual-en-colaboracio\\\/#breadcrumb\"},\"inLanguage\":\"ca\",\"potentialAction\":[{\"@type\":\"ReadAction\",\"target\":[\"https:\\\/\\\/ibecbarcelona.eu\\\/ca\\\/ibec-i-icms-es-retroben-a-eindhoven-per-celebrar-el-seu-simposi-anual-en-colaboracio\\\/\"]}]},{\"@type\":\"ImageObject\",\"inLanguage\":\"ca\",\"@id\":\"https:\\\/\\\/ibecbarcelona.eu\\\/ca\\\/ibec-i-icms-es-retroben-a-eindhoven-per-celebrar-el-seu-simposi-anual-en-colaboracio\\\/#primaryimage\",\"url\":\"https:\\\/\\\/ibecbarcelona.eu\\\/wp-content\\\/uploads\\\/2025\\\/03\\\/IBEC-ICMS25.jpg\",\"contentUrl\":\"https:\\\/\\\/ibecbarcelona.eu\\\/wp-content\\\/uploads\\\/2025\\\/03\\\/IBEC-ICMS25.jpg\",\"width\":1742,\"height\":980},{\"@type\":\"BreadcrumbList\",\"@id\":\"https:\\\/\\\/ibecbarcelona.eu\\\/ca\\\/ibec-i-icms-es-retroben-a-eindhoven-per-celebrar-el-seu-simposi-anual-en-colaboracio\\\/#breadcrumb\",\"itemListElement\":[{\"@type\":\"ListItem\",\"position\":1,\"name\":\"Home\",\"item\":\"https:\\\/\\\/ibecbarcelona.eu\\\/ca\\\/\"},{\"@type\":\"ListItem\",\"position\":2,\"name\":\"L&#8217;IBEC i l&#8217;ICMS es retroben a Eindhoven per celebrar el seu Simposi Anual en col\u00b7laboraci\u00f3\"}]},{\"@type\":\"WebSite\",\"@id\":\"https:\\\/\\\/ibecbarcelona.eu\\\/#website\",\"url\":\"https:\\\/\\\/ibecbarcelona.eu\\\/\",\"name\":\"Institute for Bioengineering of Catalonia\",\"description\":\"Bioengineering Solutions for Health\",\"publisher\":{\"@id\":\"https:\\\/\\\/ibecbarcelona.eu\\\/#organization\"},\"potentialAction\":[{\"@type\":\"SearchAction\",\"target\":{\"@type\":\"EntryPoint\",\"urlTemplate\":\"https:\\\/\\\/ibecbarcelona.eu\\\/?s={search_term_string}\"},\"query-input\":{\"@type\":\"PropertyValueSpecification\",\"valueRequired\":true,\"valueName\":\"search_term_string\"}}],\"inLanguage\":\"ca\"},{\"@type\":\"Organization\",\"@id\":\"https:\\\/\\\/ibecbarcelona.eu\\\/#organization\",\"name\":\"Institute for Bioengineering of Catalonia\",\"url\":\"https:\\\/\\\/ibecbarcelona.eu\\\/\",\"logo\":{\"@type\":\"ImageObject\",\"inLanguage\":\"ca\",\"@id\":\"https:\\\/\\\/ibecbarcelona.eu\\\/#\\\/schema\\\/logo\\\/image\\\/\",\"url\":\"https:\\\/\\\/ibecbarcelona.eu\\\/wp-content\\\/uploads\\\/2026\\\/01\\\/cropped-IBEC_20ANYS_GRIS.png\",\"contentUrl\":\"https:\\\/\\\/ibecbarcelona.eu\\\/wp-content\\\/uploads\\\/2026\\\/01\\\/cropped-IBEC_20ANYS_GRIS.png\",\"width\":696,\"height\":257,\"caption\":\"Institute for Bioengineering of Catalonia\"},\"image\":{\"@id\":\"https:\\\/\\\/ibecbarcelona.eu\\\/#\\\/schema\\\/logo\\\/image\\\/\"}},{\"@type\":\"Person\",\"@id\":\"https:\\\/\\\/ibecbarcelona.eu\\\/#\\\/schema\\\/person\\\/d3a158b8d448000777023ca1e3d71d34\",\"name\":\"Sarah Moreira\",\"image\":{\"@type\":\"ImageObject\",\"inLanguage\":\"ca\",\"@id\":\"https:\\\/\\\/secure.gravatar.com\\\/avatar\\\/37385a1f83bdef106d1b89522da4c620ee48ba2eb0662dbc73ba05b7f3fbdf89?s=96&d=mm&r=g\",\"url\":\"https:\\\/\\\/secure.gravatar.com\\\/avatar\\\/37385a1f83bdef106d1b89522da4c620ee48ba2eb0662dbc73ba05b7f3fbdf89?s=96&d=mm&r=g\",\"contentUrl\":\"https:\\\/\\\/secure.gravatar.com\\\/avatar\\\/37385a1f83bdef106d1b89522da4c620ee48ba2eb0662dbc73ba05b7f3fbdf89?s=96&d=mm&r=g\",\"caption\":\"Sarah Moreira\"},\"url\":\"https:\\\/\\\/ibecbarcelona.eu\\\/ca\\\/author\\\/smoreira\\\/\"}]}<\/script>\n<!-- \/ Yoast SEO plugin. -->","yoast_head_json":{"title":"L'IBEC i l'ICMS es retroben a Eindhoven per celebrar el seu Simposi Anual en col\u00b7laboraci\u00f3 - Institute for Bioengineering of Catalonia","robots":{"index":"index","follow":"follow","max-snippet":"max-snippet:-1","max-image-preview":"max-image-preview:large","max-video-preview":"max-video-preview:-1"},"canonical":"https:\/\/ibecbarcelona.eu\/ca\/ibec-i-icms-es-retroben-a-eindhoven-per-celebrar-el-seu-simposi-anual-en-colaboracio\/","og_locale":"ca_ES","og_type":"article","og_title":"L'IBEC i l'ICMS es retroben a Eindhoven per celebrar el seu Simposi Anual en col\u00b7laboraci\u00f3 - Institute for Bioengineering of Catalonia","og_description":"Avui, 24 de mar\u00e7, s'ha celebrat el simposi conjunt ICMS-IBEC-MPIP. Un esdeveniment coorganitzat per l'Institut de Bioenginyeria de Catalunya (IBEC), l'Institut de Sistemes Moleculars Complexos (ICMS) i l'Institut Max Planck de Recerca en Pol\u00edmers (MPIP). Durant la jornada, investigadors dels tres centres han compartit les seves \u00e0rees de recerca, buscant enfortir els lla\u00e7os cient\u00edfics entre les institucions.","og_url":"https:\/\/ibecbarcelona.eu\/ca\/ibec-i-icms-es-retroben-a-eindhoven-per-celebrar-el-seu-simposi-anual-en-colaboracio\/","og_site_name":"Institute for Bioengineering of Catalonia","article_published_time":"2025-03-24T19:30:00+00:00","article_modified_time":"2025-03-25T08:27:18+00:00","og_image":[{"width":1742,"height":980,"url":"https:\/\/ibecbarcelona.eu\/wp-content\/uploads\/2025\/03\/IBEC-ICMS25.jpg","type":"image\/jpeg"}],"author":"Sarah Moreira","twitter_card":"summary_large_image","twitter_misc":{"Escrit per":"Sarah Moreira","Temps estimat de lectura":"4 minuts"},"schema":{"@context":"https:\/\/schema.org","@graph":[{"@type":"Article","@id":"https:\/\/ibecbarcelona.eu\/ca\/ibec-i-icms-es-retroben-a-eindhoven-per-celebrar-el-seu-simposi-anual-en-colaboracio\/#article","isPartOf":{"@id":"https:\/\/ibecbarcelona.eu\/ca\/ibec-i-icms-es-retroben-a-eindhoven-per-celebrar-el-seu-simposi-anual-en-colaboracio\/"},"author":{"name":"Sarah Moreira","@id":"https:\/\/ibecbarcelona.eu\/#\/schema\/person\/d3a158b8d448000777023ca1e3d71d34"},"headline":"L&#8217;IBEC i l&#8217;ICMS es retroben a Eindhoven per celebrar el seu Simposi Anual en col\u00b7laboraci\u00f3","datePublished":"2025-03-24T19:30:00+00:00","dateModified":"2025-03-25T08:27:18+00:00","mainEntityOfPage":{"@id":"https:\/\/ibecbarcelona.eu\/ca\/ibec-i-icms-es-retroben-a-eindhoven-per-celebrar-el-seu-simposi-anual-en-colaboracio\/"},"wordCount":469,"publisher":{"@id":"https:\/\/ibecbarcelona.eu\/#organization"},"image":{"@id":"https:\/\/ibecbarcelona.eu\/ca\/ibec-i-icms-es-retroben-a-eindhoven-per-celebrar-el-seu-simposi-anual-en-colaboracio\/#primaryimage"},"thumbnailUrl":"https:\/\/ibecbarcelona.eu\/wp-content\/uploads\/2025\/03\/IBEC-ICMS25.jpg","keywords":["C\u00e9sar Rodriguez-Emmenegger","Esdeveniment","Giuseppe Battaglia","IBEC-ICMS","ICMS","Irene Marco Rius","Samuel Sanchez"],"articleSection":["Not\u00edcies institucionals"],"inLanguage":"ca"},{"@type":"WebPage","@id":"https:\/\/ibecbarcelona.eu\/ca\/ibec-i-icms-es-retroben-a-eindhoven-per-celebrar-el-seu-simposi-anual-en-colaboracio\/","url":"https:\/\/ibecbarcelona.eu\/ca\/ibec-i-icms-es-retroben-a-eindhoven-per-celebrar-el-seu-simposi-anual-en-colaboracio\/","name":"L'IBEC i l'ICMS es retroben a Eindhoven per celebrar el seu Simposi Anual en col\u00b7laboraci\u00f3 - Institute for Bioengineering of Catalonia","isPartOf":{"@id":"https:\/\/ibecbarcelona.eu\/#website"},"primaryImageOfPage":{"@id":"https:\/\/ibecbarcelona.eu\/ca\/ibec-i-icms-es-retroben-a-eindhoven-per-celebrar-el-seu-simposi-anual-en-colaboracio\/#primaryimage"},"image":{"@id":"https:\/\/ibecbarcelona.eu\/ca\/ibec-i-icms-es-retroben-a-eindhoven-per-celebrar-el-seu-simposi-anual-en-colaboracio\/#primaryimage"},"thumbnailUrl":"https:\/\/ibecbarcelona.eu\/wp-content\/uploads\/2025\/03\/IBEC-ICMS25.jpg","datePublished":"2025-03-24T19:30:00+00:00","dateModified":"2025-03-25T08:27:18+00:00","breadcrumb":{"@id":"https:\/\/ibecbarcelona.eu\/ca\/ibec-i-icms-es-retroben-a-eindhoven-per-celebrar-el-seu-simposi-anual-en-colaboracio\/#breadcrumb"},"inLanguage":"ca","potentialAction":[{"@type":"ReadAction","target":["https:\/\/ibecbarcelona.eu\/ca\/ibec-i-icms-es-retroben-a-eindhoven-per-celebrar-el-seu-simposi-anual-en-colaboracio\/"]}]},{"@type":"ImageObject","inLanguage":"ca","@id":"https:\/\/ibecbarcelona.eu\/ca\/ibec-i-icms-es-retroben-a-eindhoven-per-celebrar-el-seu-simposi-anual-en-colaboracio\/#primaryimage","url":"https:\/\/ibecbarcelona.eu\/wp-content\/uploads\/2025\/03\/IBEC-ICMS25.jpg","contentUrl":"https:\/\/ibecbarcelona.eu\/wp-content\/uploads\/2025\/03\/IBEC-ICMS25.jpg","width":1742,"height":980},{"@type":"BreadcrumbList","@id":"https:\/\/ibecbarcelona.eu\/ca\/ibec-i-icms-es-retroben-a-eindhoven-per-celebrar-el-seu-simposi-anual-en-colaboracio\/#breadcrumb","itemListElement":[{"@type":"ListItem","position":1,"name":"Home","item":"https:\/\/ibecbarcelona.eu\/ca\/"},{"@type":"ListItem","position":2,"name":"L&#8217;IBEC i l&#8217;ICMS es retroben a Eindhoven per celebrar el seu Simposi Anual en col\u00b7laboraci\u00f3"}]},{"@type":"WebSite","@id":"https:\/\/ibecbarcelona.eu\/#website","url":"https:\/\/ibecbarcelona.eu\/","name":"Institute for Bioengineering of Catalonia","description":"Bioengineering Solutions for Health","publisher":{"@id":"https:\/\/ibecbarcelona.eu\/#organization"},"potentialAction":[{"@type":"SearchAction","target":{"@type":"EntryPoint","urlTemplate":"https:\/\/ibecbarcelona.eu\/?s={search_term_string}"},"query-input":{"@type":"PropertyValueSpecification","valueRequired":true,"valueName":"search_term_string"}}],"inLanguage":"ca"},{"@type":"Organization","@id":"https:\/\/ibecbarcelona.eu\/#organization","name":"Institute for Bioengineering of Catalonia","url":"https:\/\/ibecbarcelona.eu\/","logo":{"@type":"ImageObject","inLanguage":"ca","@id":"https:\/\/ibecbarcelona.eu\/#\/schema\/logo\/image\/","url":"https:\/\/ibecbarcelona.eu\/wp-content\/uploads\/2026\/01\/cropped-IBEC_20ANYS_GRIS.png","contentUrl":"https:\/\/ibecbarcelona.eu\/wp-content\/uploads\/2026\/01\/cropped-IBEC_20ANYS_GRIS.png","width":696,"height":257,"caption":"Institute for Bioengineering of Catalonia"},"image":{"@id":"https:\/\/ibecbarcelona.eu\/#\/schema\/logo\/image\/"}},{"@type":"Person","@id":"https:\/\/ibecbarcelona.eu\/#\/schema\/person\/d3a158b8d448000777023ca1e3d71d34","name":"Sarah Moreira","image":{"@type":"ImageObject","inLanguage":"ca","@id":"https:\/\/secure.gravatar.com\/avatar\/37385a1f83bdef106d1b89522da4c620ee48ba2eb0662dbc73ba05b7f3fbdf89?s=96&d=mm&r=g","url":"https:\/\/secure.gravatar.com\/avatar\/37385a1f83bdef106d1b89522da4c620ee48ba2eb0662dbc73ba05b7f3fbdf89?s=96&d=mm&r=g","contentUrl":"https:\/\/secure.gravatar.com\/avatar\/37385a1f83bdef106d1b89522da4c620ee48ba2eb0662dbc73ba05b7f3fbdf89?s=96&d=mm&r=g","caption":"Sarah Moreira"},"url":"https:\/\/ibecbarcelona.eu\/ca\/author\/smoreira\/"}]}},"AFP_featured_media_urls":{"full":["https:\/\/ibecbarcelona.eu\/wp-content\/uploads\/2025\/03\/IBEC-ICMS25.jpg",1742,980,false],"thumbnail":["https:\/\/ibecbarcelona.eu\/wp-content\/uploads\/2025\/03\/IBEC-ICMS25-150x150.jpg",150,150,true],"medium":["https:\/\/ibecbarcelona.eu\/wp-content\/uploads\/2025\/03\/IBEC-ICMS25-300x169.jpg",300,169,true],"medium_large":["https:\/\/ibecbarcelona.eu\/wp-content\/uploads\/2025\/03\/IBEC-ICMS25-768x432.jpg",768,432,true],"large":["https:\/\/ibecbarcelona.eu\/wp-content\/uploads\/2025\/03\/IBEC-ICMS25-1024x576.jpg",1024,576,true]},"AFP_attachments":{"full":["https:\/\/ibecbarcelona.eu\/wp-content\/uploads\/2025\/03\/IBEC-ICMS25.jpg",1742,980,false],"thumbnail":["https:\/\/ibecbarcelona.eu\/wp-content\/uploads\/2025\/03\/IBEC-ICMS25-150x150.jpg",150,150,true],"medium":["https:\/\/ibecbarcelona.eu\/wp-content\/uploads\/2025\/03\/IBEC-ICMS25-300x169.jpg",300,169,true],"medium_large":["https:\/\/ibecbarcelona.eu\/wp-content\/uploads\/2025\/03\/IBEC-ICMS25-768x432.jpg",768,432,true],"large":["https:\/\/ibecbarcelona.eu\/wp-content\/uploads\/2025\/03\/IBEC-ICMS25-1024x576.jpg",1024,576,true]},"AFP_videos":[],"AFP_video_blocks":"","AFP_category_names":["Not\u00edcies institucionals"],"_links":{"self":[{"href":"https:\/\/ibecbarcelona.eu\/ca\/wp-json\/wp\/v2\/posts\/124927","targetHints":{"allow":["GET"]}}],"collection":[{"href":"https:\/\/ibecbarcelona.eu\/ca\/wp-json\/wp\/v2\/posts"}],"about":[{"href":"https:\/\/ibecbarcelona.eu\/ca\/wp-json\/wp\/v2\/types\/post"}],"author":[{"embeddable":true,"href":"https:\/\/ibecbarcelona.eu\/ca\/wp-json\/wp\/v2\/users\/37"}],"replies":[{"embeddable":true,"href":"https:\/\/ibecbarcelona.eu\/ca\/wp-json\/wp\/v2\/comments?post=124927"}],"version-history":[{"count":2,"href":"https:\/\/ibecbarcelona.eu\/ca\/wp-json\/wp\/v2\/posts\/124927\/revisions"}],"predecessor-version":[{"id":124937,"href":"https:\/\/ibecbarcelona.eu\/ca\/wp-json\/wp\/v2\/posts\/124927\/revisions\/124937"}],"wp:featuredmedia":[{"embeddable":true,"href":"https:\/\/ibecbarcelona.eu\/ca\/wp-json\/wp\/v2\/media\/124886"}],"wp:attachment":[{"href":"https:\/\/ibecbarcelona.eu\/ca\/wp-json\/wp\/v2\/media?parent=124927"}],"wp:term":[{"taxonomy":"category","embeddable":true,"href":"https:\/\/ibecbarcelona.eu\/ca\/wp-json\/wp\/v2\/categories?post=124927"},{"taxonomy":"post_tag","embeddable":true,"href":"https:\/\/ibecbarcelona.eu\/ca\/wp-json\/wp\/v2\/tags?post=124927"},{"taxonomy":"post_format","embeddable":true,"href":"https:\/\/ibecbarcelona.eu\/ca\/wp-json\/wp\/v2\/post_formats?post=124927"}],"curies":[{"name":"wp","href":"https:\/\/api.w.org\/{rel}","templated":true}]}}