
{"id":126278,"date":"2025-06-10T10:00:00","date_gmt":"2025-06-10T08:00:00","guid":{"rendered":"https:\/\/ibecbarcelona.eu\/?p=126278"},"modified":"2025-06-19T16:45:06","modified_gmt":"2025-06-19T14:45:06","slug":"hela-et-al-en-festivals-de-cinema-i-art-internacionals","status":"publish","type":"post","link":"https:\/\/ibecbarcelona.eu\/ca\/hela-et-al-is-touring-international-film-and-art-festivals\/","title":{"rendered":"HeLa et al. en festivals de cinema i art internacionals"},"content":{"rendered":"\n<p><strong><em>HeLa et al.<\/em>, l&#8217;obra audiovisual desenvolupada per Tess Marschner durant la seva resid\u00e8ncia art\u00edstica a l&#8217;IBEC entre el 2023 i el 2024, est\u00e0 recorrent festivals internacionals de cinema i art contemporani. Aquesta col\u00b7laboraci\u00f3 ha enriquit la manera de comunicar la ci\u00e8ncia des de l&#8217;IBEC alhora que contribueix al fet que la investigaci\u00f3 de l&#8217;institut traspassi fronteres.<\/strong><\/p>\n\n\n\n<figure class=\"wp-block-image size-large\"><img decoding=\"async\" width=\"1200\" height=\"800\" data-src=\"https:\/\/ibecbarcelona.eu\/wp-content\/uploads\/2025\/06\/\u00a9-Daniela-Wolf-fr03690_low.jpg\" alt=\"\" class=\"wp-image-126263 lazyload\" data-srcset=\"https:\/\/ibecbarcelona.eu\/wp-content\/uploads\/2025\/06\/\u00a9-Daniela-Wolf-fr03690_low.jpg 1200w, https:\/\/ibecbarcelona.eu\/wp-content\/uploads\/2025\/06\/\u00a9-Daniela-Wolf-fr03690_low-300x200.jpg 300w, https:\/\/ibecbarcelona.eu\/wp-content\/uploads\/2025\/06\/\u00a9-Daniela-Wolf-fr03690_low-1024x683.jpg 1024w, https:\/\/ibecbarcelona.eu\/wp-content\/uploads\/2025\/06\/\u00a9-Daniela-Wolf-fr03690_low-768x512.jpg 768w, https:\/\/ibecbarcelona.eu\/wp-content\/uploads\/2025\/06\/\u00a9-Daniela-Wolf-fr03690_low-600x400.jpg 600w\" data-sizes=\"(max-width: 1200px) 100vw, 1200px\" src=\"data:image\/svg+xml;base64,PHN2ZyB3aWR0aD0iMSIgaGVpZ2h0PSIxIiB4bWxucz0iaHR0cDovL3d3dy53My5vcmcvMjAwMC9zdmciPjwvc3ZnPg==\" style=\"--smush-placeholder-width: 1200px; --smush-placeholder-aspect-ratio: 1200\/800;\" \/><figcaption class=\"wp-element-caption\">Tess Marschner a l&#8217;Stuttgarter Filmwinter 2025. \/ Cr\u00e8dit imtage: Daniela Wolf<\/figcaption><\/figure>\n\n\n\n<p>L&#8217;IBEC celebra l&#8217;\u00e8xit de <em>HeLa et al.<\/em>, l&#8217;obra audiovisual desenvolupada per Tess Marschner durant la seva resid\u00e8ncia art\u00edstica al centre entre el 2023 i el 2024, la qual est\u00e0 recorrent festivals internacionals de cinema i art contemporani.<\/p>\n\n\n\n<p>Durant els cinc mesos de la seva resid\u00e8ncia a l&#8217;IBEC, Marschner va visitar diversos laboratoris, va entrevistar el personal investigador i es va submergir en el dia a dia de la recerca biom\u00e8dica. D&#8217;aquesta experi\u00e8ncia va n\u00e9ixer <em>HeLa et al<\/em>., un videoassaig en el qual elements com la l\u00ednia cel\u00b7lular HeLa, l&#8217;ovella clonada Dolly, els \u00faters, els \u00f2vuls i els ratolins de laboratori van ser presentats no nom\u00e9s com a eines cient\u00edfiques, sin\u00f3 com a entitats carregades d&#8217;implicacions \u00e8tiques i filos\u00f2fiques.<\/p>\n\n\n\n<p><em>HeLa et al.<\/em> va ser inclosa en la secci\u00f3 <a href=\"https:\/\/www.kasselerdokfest.de\/das-festival\/ausstellung-monitoring\">MONITORING<\/a> del prestigi\u00f3s Kasseler Dokfest a Alemanya, una exposici\u00f3 centrada en les pr\u00e0ctiques art\u00edstiques en nous mitjans que complementa la programaci\u00f3 del festival. El cat\u00e0leg oficial va recollir un text sobre l&#8217;obra, escrit per la cineasta Marlene Denningmann, disponible en alemany i angl\u00e8s.<\/p>\n\n\n\n<p>Aix\u00ed mateix, <em>HeLa et al.<\/em> ha estat seleccionada per <a href=\"https:\/\/ag-kurzfilm.de\/de\/kurzfilmprogramme\/2284.html\">AG Kurzfilm<\/a> com a part del programa <em>Emerging Artists \u2013 Contemporary Experimental Films and Video Art From Germany<\/em>, una plataforma dedicada a promoure obres innovadores del cinema experimental alemany en l\u2019\u00e0mbit internacional. El programa t\u00e9 com a objectiu apropar aquestes peces no nom\u00e9s a festivals, sin\u00f3 tamb\u00e9 a museus, galeries i altres espais dedicats a l&#8217;art contemporani. En el marc d&#8217;aquesta iniciativa, s&#8217;han planificat entre 20 i 30 projeccions al voltant del m\u00f3n entre el 2025 i el 2026. La primera d&#8217;elles va tenir lloc el gener del 2025, al festival Stuttgarter Filmwinter a la ciutat alemanya de Stuttgart.<\/p>\n\n\n\n<p>La projecci\u00f3 internacional que est\u00e0 assolint el treball de l&#8217;artista alemanya Tess Marschner obre noves vies de di\u00e0leg entre la recerca cient\u00edfica i la creaci\u00f3 art\u00edstica. A m\u00e9s, aquesta col\u00b7laboraci\u00f3 no nom\u00e9s ha enriquit la manera de comunicar la ci\u00e8ncia des de l&#8217;IBEC, sin\u00f3 que tamb\u00e9 est\u00e0 contribuint al fet que la recerca de l&#8217;institut traspassi fronteres, visibilitzant els reptes \u00e8tics i humans que acompanyen la ci\u00e8ncia i la bioenginyeria contempor\u00e0nia.<\/p>\n\n\n\n<figure class=\"wp-block-gallery has-nested-images columns-default is-cropped wp-block-gallery-1 is-layout-flex wp-block-gallery-is-layout-flex\">\n<figure class=\"wp-block-image size-large\"><img decoding=\"async\" width=\"1200\" height=\"800\" data-id=\"126269\" data-src=\"https:\/\/ibecbarcelona.eu\/wp-content\/uploads\/2025\/06\/\u00a9-Daniela-Wolf-fr03650_low.jpg\" alt=\"\" class=\"wp-image-126269 lazyload\" data-srcset=\"https:\/\/ibecbarcelona.eu\/wp-content\/uploads\/2025\/06\/\u00a9-Daniela-Wolf-fr03650_low.jpg 1200w, https:\/\/ibecbarcelona.eu\/wp-content\/uploads\/2025\/06\/\u00a9-Daniela-Wolf-fr03650_low-300x200.jpg 300w, https:\/\/ibecbarcelona.eu\/wp-content\/uploads\/2025\/06\/\u00a9-Daniela-Wolf-fr03650_low-1024x683.jpg 1024w, https:\/\/ibecbarcelona.eu\/wp-content\/uploads\/2025\/06\/\u00a9-Daniela-Wolf-fr03650_low-768x512.jpg 768w, https:\/\/ibecbarcelona.eu\/wp-content\/uploads\/2025\/06\/\u00a9-Daniela-Wolf-fr03650_low-600x400.jpg 600w\" data-sizes=\"(max-width: 1200px) 100vw, 1200px\" src=\"data:image\/svg+xml;base64,PHN2ZyB3aWR0aD0iMSIgaGVpZ2h0PSIxIiB4bWxucz0iaHR0cDovL3d3dy53My5vcmcvMjAwMC9zdmciPjwvc3ZnPg==\" style=\"--smush-placeholder-width: 1200px; --smush-placeholder-aspect-ratio: 1200\/800;\" \/><\/figure>\n\n\n\n<figure class=\"wp-block-image size-large\"><img decoding=\"async\" width=\"1200\" height=\"800\" data-id=\"126272\" data-src=\"https:\/\/ibecbarcelona.eu\/wp-content\/uploads\/2025\/06\/\u00a9-Daniela-Wolf-fr03644_low.jpg\" alt=\"\" class=\"wp-image-126272 lazyload\" data-srcset=\"https:\/\/ibecbarcelona.eu\/wp-content\/uploads\/2025\/06\/\u00a9-Daniela-Wolf-fr03644_low.jpg 1200w, https:\/\/ibecbarcelona.eu\/wp-content\/uploads\/2025\/06\/\u00a9-Daniela-Wolf-fr03644_low-300x200.jpg 300w, https:\/\/ibecbarcelona.eu\/wp-content\/uploads\/2025\/06\/\u00a9-Daniela-Wolf-fr03644_low-1024x683.jpg 1024w, https:\/\/ibecbarcelona.eu\/wp-content\/uploads\/2025\/06\/\u00a9-Daniela-Wolf-fr03644_low-768x512.jpg 768w, https:\/\/ibecbarcelona.eu\/wp-content\/uploads\/2025\/06\/\u00a9-Daniela-Wolf-fr03644_low-600x400.jpg 600w\" data-sizes=\"(max-width: 1200px) 100vw, 1200px\" src=\"data:image\/svg+xml;base64,PHN2ZyB3aWR0aD0iMSIgaGVpZ2h0PSIxIiB4bWxucz0iaHR0cDovL3d3dy53My5vcmcvMjAwMC9zdmciPjwvc3ZnPg==\" style=\"--smush-placeholder-width: 1200px; --smush-placeholder-aspect-ratio: 1200\/800;\" \/><\/figure>\n<figcaption class=\"blocks-gallery-caption wp-element-caption\">\u201cArtistes emergents \u2013 Cinema experimental contemporani i videoart d&#8217;Alemanya\u201d, comissariat per AG Kurzfilm. Estrenat en la 38a edici\u00f3 del Stuttgarter Filmwinter (2025). Imatges: Daniela Wolf.<\/figcaption><\/figure>\n\n\n\n<div style=\"height:20px\" aria-hidden=\"true\" class=\"wp-block-spacer\"><\/div>\n\n\n\n<figure class=\"wp-block-image size-large\"><img decoding=\"async\" width=\"1024\" height=\"683\" data-src=\"https:\/\/ibecbarcelona.eu\/wp-content\/uploads\/2025\/06\/41_Kasseler_DokFest_Monitoring_Foto_Nicolas_Wefers_058_low-1024x683.jpg\" alt=\"\" class=\"wp-image-126266 lazyload\" data-srcset=\"https:\/\/ibecbarcelona.eu\/wp-content\/uploads\/2025\/06\/41_Kasseler_DokFest_Monitoring_Foto_Nicolas_Wefers_058_low-1024x683.jpg 1024w, https:\/\/ibecbarcelona.eu\/wp-content\/uploads\/2025\/06\/41_Kasseler_DokFest_Monitoring_Foto_Nicolas_Wefers_058_low-300x200.jpg 300w, https:\/\/ibecbarcelona.eu\/wp-content\/uploads\/2025\/06\/41_Kasseler_DokFest_Monitoring_Foto_Nicolas_Wefers_058_low-768x512.jpg 768w, https:\/\/ibecbarcelona.eu\/wp-content\/uploads\/2025\/06\/41_Kasseler_DokFest_Monitoring_Foto_Nicolas_Wefers_058_low-600x400.jpg 600w, https:\/\/ibecbarcelona.eu\/wp-content\/uploads\/2025\/06\/41_Kasseler_DokFest_Monitoring_Foto_Nicolas_Wefers_058_low.jpg 1200w\" data-sizes=\"(max-width: 1024px) 100vw, 1024px\" src=\"data:image\/svg+xml;base64,PHN2ZyB3aWR0aD0iMSIgaGVpZ2h0PSIxIiB4bWxucz0iaHR0cDovL3d3dy53My5vcmcvMjAwMC9zdmciPjwvc3ZnPg==\" style=\"--smush-placeholder-width: 1024px; --smush-placeholder-aspect-ratio: 1024\/683;\" \/><figcaption class=\"wp-element-caption\">\u00abBond Constraint Parameters\u00bb, exposici\u00f3 col\u00b7lectiva comissariada per Inga Seidler. S\u00fcdfl\u00fcgel, Kulturbahnhof Kassel, en el marc de la 41a edici\u00f3 del Kasseler Dokfest (2024). Vista de l&#8217;exposici\u00f3: Nicolas Wefers.<br><\/figcaption><\/figure>\n","protected":false},"excerpt":{"rendered":"<p>HeLa et al., l&#8217;obra audiovisual desenvolupada per Tess Marschner durant la seva resid\u00e8ncia art\u00edstica a l&#8217;IBEC entre el 2023 i el 2024, est\u00e0 recorrent festivals internacionals de cinema i art contemporani. Aquesta col\u00b7laboraci\u00f3 ha enriquit la manera de comunicar la ci\u00e8ncia des de l&#8217;IBEC alhora que contribueix al fet que la investigaci\u00f3 de l&#8217;institut traspassi fronteres.<\/p>\n","protected":false},"author":37,"featured_media":126264,"comment_status":"closed","ping_status":"closed","sticky":false,"template":"","format":"standard","meta":{"footnotes":""},"categories":[98],"tags":[1798,1860,1822],"post_formats":[],"class_list":["post-126278","post","type-post","status-publish","format-standard","has-post-thumbnail","hentry","category-noticies-institucionals","tag-ciencia-i-art","tag-divulgacio-ca","tag-programa-artista-en-residencia"],"yoast_head":"<!-- This site is optimized with the Yoast SEO plugin v27.4 - https:\/\/yoast.com\/product\/yoast-seo-wordpress\/ -->\n<title>HeLa et al. en festivals de cinema i art internacionals - Institute for Bioengineering of Catalonia<\/title>\n<meta name=\"robots\" content=\"index, follow, max-snippet:-1, max-image-preview:large, max-video-preview:-1\" \/>\n<link rel=\"canonical\" href=\"https:\/\/ibecbarcelona.eu\/ca\/hela-et-al-is-touring-international-film-and-art-festivals\/\" \/>\n<meta property=\"og:locale\" content=\"ca_ES\" \/>\n<meta property=\"og:type\" content=\"article\" \/>\n<meta property=\"og:title\" content=\"HeLa et al. en festivals de cinema i art internacionals - Institute for Bioengineering of Catalonia\" \/>\n<meta property=\"og:description\" content=\"HeLa et al., l&#039;obra audiovisual desenvolupada per Tess Marschner durant la seva resid\u00e8ncia art\u00edstica a l&#039;IBEC entre el 2023 i el 2024, est\u00e0 recorrent festivals internacionals de cinema i art contemporani. Aquesta col\u00b7laboraci\u00f3 ha enriquit la manera de comunicar la ci\u00e8ncia des de l&#039;IBEC alhora que contribueix al fet que la investigaci\u00f3 de l&#039;institut traspassi fronteres.\" \/>\n<meta property=\"og:url\" content=\"https:\/\/ibecbarcelona.eu\/ca\/hela-et-al-is-touring-international-film-and-art-festivals\/\" \/>\n<meta property=\"og:site_name\" content=\"Institute for Bioengineering of Catalonia\" \/>\n<meta property=\"article:published_time\" content=\"2025-06-10T08:00:00+00:00\" \/>\n<meta property=\"article:modified_time\" content=\"2025-06-19T14:45:06+00:00\" \/>\n<meta property=\"og:image\" content=\"https:\/\/ibecbarcelona.eu\/wp-content\/uploads\/2025\/06\/\u00a9-Daniela-Wolf-fr03690_low.jpg\" \/>\n\t<meta property=\"og:image:width\" content=\"1200\" \/>\n\t<meta property=\"og:image:height\" content=\"800\" \/>\n\t<meta property=\"og:image:type\" content=\"image\/jpeg\" \/>\n<meta name=\"author\" content=\"Sarah Moreira\" \/>\n<meta name=\"twitter:card\" content=\"summary_large_image\" \/>\n<meta name=\"twitter:label1\" content=\"Escrit per\" \/>\n\t<meta name=\"twitter:data1\" content=\"Sarah Moreira\" \/>\n\t<meta name=\"twitter:label2\" content=\"Temps estimat de lectura\" \/>\n\t<meta name=\"twitter:data2\" content=\"4 minuts\" \/>\n<script type=\"application\/ld+json\" class=\"yoast-schema-graph\">{\"@context\":\"https:\\\/\\\/schema.org\",\"@graph\":[{\"@type\":\"Article\",\"@id\":\"https:\\\/\\\/ibecbarcelona.eu\\\/ca\\\/hela-et-al-is-touring-international-film-and-art-festivals\\\/#article\",\"isPartOf\":{\"@id\":\"https:\\\/\\\/ibecbarcelona.eu\\\/ca\\\/hela-et-al-is-touring-international-film-and-art-festivals\\\/\"},\"author\":{\"name\":\"Sarah Moreira\",\"@id\":\"https:\\\/\\\/ibecbarcelona.eu\\\/#\\\/schema\\\/person\\\/d3a158b8d448000777023ca1e3d71d34\"},\"headline\":\"HeLa et al. en festivals de cinema i art internacionals\",\"datePublished\":\"2025-06-10T08:00:00+00:00\",\"dateModified\":\"2025-06-19T14:45:06+00:00\",\"mainEntityOfPage\":{\"@id\":\"https:\\\/\\\/ibecbarcelona.eu\\\/ca\\\/hela-et-al-is-touring-international-film-and-art-festivals\\\/\"},\"wordCount\":501,\"publisher\":{\"@id\":\"https:\\\/\\\/ibecbarcelona.eu\\\/#organization\"},\"image\":{\"@id\":\"https:\\\/\\\/ibecbarcelona.eu\\\/ca\\\/hela-et-al-is-touring-international-film-and-art-festivals\\\/#primaryimage\"},\"thumbnailUrl\":\"https:\\\/\\\/ibecbarcelona.eu\\\/wp-content\\\/uploads\\\/2025\\\/06\\\/\u00a9-Daniela-Wolf-fr03690_low.jpg\",\"keywords\":[\"Ci\u00e8ncia i Art\",\"Divulgaci\u00f3\",\"Programa Artista en resid\u00e8ncia\"],\"articleSection\":[\"Not\u00edcies institucionals\"],\"inLanguage\":\"ca\"},{\"@type\":\"WebPage\",\"@id\":\"https:\\\/\\\/ibecbarcelona.eu\\\/ca\\\/hela-et-al-is-touring-international-film-and-art-festivals\\\/\",\"url\":\"https:\\\/\\\/ibecbarcelona.eu\\\/ca\\\/hela-et-al-is-touring-international-film-and-art-festivals\\\/\",\"name\":\"HeLa et al. en festivals de cinema i art internacionals - Institute for Bioengineering of Catalonia\",\"isPartOf\":{\"@id\":\"https:\\\/\\\/ibecbarcelona.eu\\\/#website\"},\"primaryImageOfPage\":{\"@id\":\"https:\\\/\\\/ibecbarcelona.eu\\\/ca\\\/hela-et-al-is-touring-international-film-and-art-festivals\\\/#primaryimage\"},\"image\":{\"@id\":\"https:\\\/\\\/ibecbarcelona.eu\\\/ca\\\/hela-et-al-is-touring-international-film-and-art-festivals\\\/#primaryimage\"},\"thumbnailUrl\":\"https:\\\/\\\/ibecbarcelona.eu\\\/wp-content\\\/uploads\\\/2025\\\/06\\\/\u00a9-Daniela-Wolf-fr03690_low.jpg\",\"datePublished\":\"2025-06-10T08:00:00+00:00\",\"dateModified\":\"2025-06-19T14:45:06+00:00\",\"breadcrumb\":{\"@id\":\"https:\\\/\\\/ibecbarcelona.eu\\\/ca\\\/hela-et-al-is-touring-international-film-and-art-festivals\\\/#breadcrumb\"},\"inLanguage\":\"ca\",\"potentialAction\":[{\"@type\":\"ReadAction\",\"target\":[\"https:\\\/\\\/ibecbarcelona.eu\\\/ca\\\/hela-et-al-is-touring-international-film-and-art-festivals\\\/\"]}]},{\"@type\":\"ImageObject\",\"inLanguage\":\"ca\",\"@id\":\"https:\\\/\\\/ibecbarcelona.eu\\\/ca\\\/hela-et-al-is-touring-international-film-and-art-festivals\\\/#primaryimage\",\"url\":\"https:\\\/\\\/ibecbarcelona.eu\\\/wp-content\\\/uploads\\\/2025\\\/06\\\/\u00a9-Daniela-Wolf-fr03690_low.jpg\",\"contentUrl\":\"https:\\\/\\\/ibecbarcelona.eu\\\/wp-content\\\/uploads\\\/2025\\\/06\\\/\u00a9-Daniela-Wolf-fr03690_low.jpg\",\"width\":1200,\"height\":800},{\"@type\":\"BreadcrumbList\",\"@id\":\"https:\\\/\\\/ibecbarcelona.eu\\\/ca\\\/hela-et-al-is-touring-international-film-and-art-festivals\\\/#breadcrumb\",\"itemListElement\":[{\"@type\":\"ListItem\",\"position\":1,\"name\":\"Home\",\"item\":\"https:\\\/\\\/ibecbarcelona.eu\\\/ca\\\/\"},{\"@type\":\"ListItem\",\"position\":2,\"name\":\"HeLa et al. en festivals de cinema i art internacionals\"}]},{\"@type\":\"WebSite\",\"@id\":\"https:\\\/\\\/ibecbarcelona.eu\\\/#website\",\"url\":\"https:\\\/\\\/ibecbarcelona.eu\\\/\",\"name\":\"Institute for Bioengineering of Catalonia\",\"description\":\"Bioengineering Solutions for Health\",\"publisher\":{\"@id\":\"https:\\\/\\\/ibecbarcelona.eu\\\/#organization\"},\"potentialAction\":[{\"@type\":\"SearchAction\",\"target\":{\"@type\":\"EntryPoint\",\"urlTemplate\":\"https:\\\/\\\/ibecbarcelona.eu\\\/?s={search_term_string}\"},\"query-input\":{\"@type\":\"PropertyValueSpecification\",\"valueRequired\":true,\"valueName\":\"search_term_string\"}}],\"inLanguage\":\"ca\"},{\"@type\":\"Organization\",\"@id\":\"https:\\\/\\\/ibecbarcelona.eu\\\/#organization\",\"name\":\"Institute for Bioengineering of Catalonia\",\"url\":\"https:\\\/\\\/ibecbarcelona.eu\\\/\",\"logo\":{\"@type\":\"ImageObject\",\"inLanguage\":\"ca\",\"@id\":\"https:\\\/\\\/ibecbarcelona.eu\\\/#\\\/schema\\\/logo\\\/image\\\/\",\"url\":\"https:\\\/\\\/ibecbarcelona.eu\\\/wp-content\\\/uploads\\\/2026\\\/01\\\/cropped-IBEC_20ANYS_GRIS.png\",\"contentUrl\":\"https:\\\/\\\/ibecbarcelona.eu\\\/wp-content\\\/uploads\\\/2026\\\/01\\\/cropped-IBEC_20ANYS_GRIS.png\",\"width\":696,\"height\":257,\"caption\":\"Institute for Bioengineering of Catalonia\"},\"image\":{\"@id\":\"https:\\\/\\\/ibecbarcelona.eu\\\/#\\\/schema\\\/logo\\\/image\\\/\"}},{\"@type\":\"Person\",\"@id\":\"https:\\\/\\\/ibecbarcelona.eu\\\/#\\\/schema\\\/person\\\/d3a158b8d448000777023ca1e3d71d34\",\"name\":\"Sarah Moreira\",\"image\":{\"@type\":\"ImageObject\",\"inLanguage\":\"ca\",\"@id\":\"https:\\\/\\\/secure.gravatar.com\\\/avatar\\\/37385a1f83bdef106d1b89522da4c620ee48ba2eb0662dbc73ba05b7f3fbdf89?s=96&d=mm&r=g\",\"url\":\"https:\\\/\\\/secure.gravatar.com\\\/avatar\\\/37385a1f83bdef106d1b89522da4c620ee48ba2eb0662dbc73ba05b7f3fbdf89?s=96&d=mm&r=g\",\"contentUrl\":\"https:\\\/\\\/secure.gravatar.com\\\/avatar\\\/37385a1f83bdef106d1b89522da4c620ee48ba2eb0662dbc73ba05b7f3fbdf89?s=96&d=mm&r=g\",\"caption\":\"Sarah Moreira\"},\"url\":\"https:\\\/\\\/ibecbarcelona.eu\\\/ca\\\/author\\\/smoreira\\\/\"}]}<\/script>\n<!-- \/ Yoast SEO plugin. -->","yoast_head_json":{"title":"HeLa et al. en festivals de cinema i art internacionals - Institute for Bioengineering of Catalonia","robots":{"index":"index","follow":"follow","max-snippet":"max-snippet:-1","max-image-preview":"max-image-preview:large","max-video-preview":"max-video-preview:-1"},"canonical":"https:\/\/ibecbarcelona.eu\/ca\/hela-et-al-is-touring-international-film-and-art-festivals\/","og_locale":"ca_ES","og_type":"article","og_title":"HeLa et al. en festivals de cinema i art internacionals - Institute for Bioengineering of Catalonia","og_description":"HeLa et al., l'obra audiovisual desenvolupada per Tess Marschner durant la seva resid\u00e8ncia art\u00edstica a l'IBEC entre el 2023 i el 2024, est\u00e0 recorrent festivals internacionals de cinema i art contemporani. Aquesta col\u00b7laboraci\u00f3 ha enriquit la manera de comunicar la ci\u00e8ncia des de l'IBEC alhora que contribueix al fet que la investigaci\u00f3 de l'institut traspassi fronteres.","og_url":"https:\/\/ibecbarcelona.eu\/ca\/hela-et-al-is-touring-international-film-and-art-festivals\/","og_site_name":"Institute for Bioengineering of Catalonia","article_published_time":"2025-06-10T08:00:00+00:00","article_modified_time":"2025-06-19T14:45:06+00:00","og_image":[{"width":1200,"height":800,"url":"https:\/\/ibecbarcelona.eu\/wp-content\/uploads\/2025\/06\/\u00a9-Daniela-Wolf-fr03690_low.jpg","type":"image\/jpeg"}],"author":"Sarah Moreira","twitter_card":"summary_large_image","twitter_misc":{"Escrit per":"Sarah Moreira","Temps estimat de lectura":"4 minuts"},"schema":{"@context":"https:\/\/schema.org","@graph":[{"@type":"Article","@id":"https:\/\/ibecbarcelona.eu\/ca\/hela-et-al-is-touring-international-film-and-art-festivals\/#article","isPartOf":{"@id":"https:\/\/ibecbarcelona.eu\/ca\/hela-et-al-is-touring-international-film-and-art-festivals\/"},"author":{"name":"Sarah Moreira","@id":"https:\/\/ibecbarcelona.eu\/#\/schema\/person\/d3a158b8d448000777023ca1e3d71d34"},"headline":"HeLa et al. en festivals de cinema i art internacionals","datePublished":"2025-06-10T08:00:00+00:00","dateModified":"2025-06-19T14:45:06+00:00","mainEntityOfPage":{"@id":"https:\/\/ibecbarcelona.eu\/ca\/hela-et-al-is-touring-international-film-and-art-festivals\/"},"wordCount":501,"publisher":{"@id":"https:\/\/ibecbarcelona.eu\/#organization"},"image":{"@id":"https:\/\/ibecbarcelona.eu\/ca\/hela-et-al-is-touring-international-film-and-art-festivals\/#primaryimage"},"thumbnailUrl":"https:\/\/ibecbarcelona.eu\/wp-content\/uploads\/2025\/06\/\u00a9-Daniela-Wolf-fr03690_low.jpg","keywords":["Ci\u00e8ncia i Art","Divulgaci\u00f3","Programa Artista en resid\u00e8ncia"],"articleSection":["Not\u00edcies institucionals"],"inLanguage":"ca"},{"@type":"WebPage","@id":"https:\/\/ibecbarcelona.eu\/ca\/hela-et-al-is-touring-international-film-and-art-festivals\/","url":"https:\/\/ibecbarcelona.eu\/ca\/hela-et-al-is-touring-international-film-and-art-festivals\/","name":"HeLa et al. en festivals de cinema i art internacionals - Institute for Bioengineering of Catalonia","isPartOf":{"@id":"https:\/\/ibecbarcelona.eu\/#website"},"primaryImageOfPage":{"@id":"https:\/\/ibecbarcelona.eu\/ca\/hela-et-al-is-touring-international-film-and-art-festivals\/#primaryimage"},"image":{"@id":"https:\/\/ibecbarcelona.eu\/ca\/hela-et-al-is-touring-international-film-and-art-festivals\/#primaryimage"},"thumbnailUrl":"https:\/\/ibecbarcelona.eu\/wp-content\/uploads\/2025\/06\/\u00a9-Daniela-Wolf-fr03690_low.jpg","datePublished":"2025-06-10T08:00:00+00:00","dateModified":"2025-06-19T14:45:06+00:00","breadcrumb":{"@id":"https:\/\/ibecbarcelona.eu\/ca\/hela-et-al-is-touring-international-film-and-art-festivals\/#breadcrumb"},"inLanguage":"ca","potentialAction":[{"@type":"ReadAction","target":["https:\/\/ibecbarcelona.eu\/ca\/hela-et-al-is-touring-international-film-and-art-festivals\/"]}]},{"@type":"ImageObject","inLanguage":"ca","@id":"https:\/\/ibecbarcelona.eu\/ca\/hela-et-al-is-touring-international-film-and-art-festivals\/#primaryimage","url":"https:\/\/ibecbarcelona.eu\/wp-content\/uploads\/2025\/06\/\u00a9-Daniela-Wolf-fr03690_low.jpg","contentUrl":"https:\/\/ibecbarcelona.eu\/wp-content\/uploads\/2025\/06\/\u00a9-Daniela-Wolf-fr03690_low.jpg","width":1200,"height":800},{"@type":"BreadcrumbList","@id":"https:\/\/ibecbarcelona.eu\/ca\/hela-et-al-is-touring-international-film-and-art-festivals\/#breadcrumb","itemListElement":[{"@type":"ListItem","position":1,"name":"Home","item":"https:\/\/ibecbarcelona.eu\/ca\/"},{"@type":"ListItem","position":2,"name":"HeLa et al. en festivals de cinema i art internacionals"}]},{"@type":"WebSite","@id":"https:\/\/ibecbarcelona.eu\/#website","url":"https:\/\/ibecbarcelona.eu\/","name":"Institute for Bioengineering of Catalonia","description":"Bioengineering Solutions for Health","publisher":{"@id":"https:\/\/ibecbarcelona.eu\/#organization"},"potentialAction":[{"@type":"SearchAction","target":{"@type":"EntryPoint","urlTemplate":"https:\/\/ibecbarcelona.eu\/?s={search_term_string}"},"query-input":{"@type":"PropertyValueSpecification","valueRequired":true,"valueName":"search_term_string"}}],"inLanguage":"ca"},{"@type":"Organization","@id":"https:\/\/ibecbarcelona.eu\/#organization","name":"Institute for Bioengineering of Catalonia","url":"https:\/\/ibecbarcelona.eu\/","logo":{"@type":"ImageObject","inLanguage":"ca","@id":"https:\/\/ibecbarcelona.eu\/#\/schema\/logo\/image\/","url":"https:\/\/ibecbarcelona.eu\/wp-content\/uploads\/2026\/01\/cropped-IBEC_20ANYS_GRIS.png","contentUrl":"https:\/\/ibecbarcelona.eu\/wp-content\/uploads\/2026\/01\/cropped-IBEC_20ANYS_GRIS.png","width":696,"height":257,"caption":"Institute for Bioengineering of Catalonia"},"image":{"@id":"https:\/\/ibecbarcelona.eu\/#\/schema\/logo\/image\/"}},{"@type":"Person","@id":"https:\/\/ibecbarcelona.eu\/#\/schema\/person\/d3a158b8d448000777023ca1e3d71d34","name":"Sarah Moreira","image":{"@type":"ImageObject","inLanguage":"ca","@id":"https:\/\/secure.gravatar.com\/avatar\/37385a1f83bdef106d1b89522da4c620ee48ba2eb0662dbc73ba05b7f3fbdf89?s=96&d=mm&r=g","url":"https:\/\/secure.gravatar.com\/avatar\/37385a1f83bdef106d1b89522da4c620ee48ba2eb0662dbc73ba05b7f3fbdf89?s=96&d=mm&r=g","contentUrl":"https:\/\/secure.gravatar.com\/avatar\/37385a1f83bdef106d1b89522da4c620ee48ba2eb0662dbc73ba05b7f3fbdf89?s=96&d=mm&r=g","caption":"Sarah Moreira"},"url":"https:\/\/ibecbarcelona.eu\/ca\/author\/smoreira\/"}]}},"AFP_featured_media_urls":{"full":["https:\/\/ibecbarcelona.eu\/wp-content\/uploads\/2025\/06\/\u00a9-Daniela-Wolf-fr03690_low.jpg",1200,800,false],"thumbnail":["https:\/\/ibecbarcelona.eu\/wp-content\/uploads\/2025\/06\/\u00a9-Daniela-Wolf-fr03690_low-150x150.jpg",150,150,true],"medium":["https:\/\/ibecbarcelona.eu\/wp-content\/uploads\/2025\/06\/\u00a9-Daniela-Wolf-fr03690_low-300x200.jpg",300,200,true],"medium_large":["https:\/\/ibecbarcelona.eu\/wp-content\/uploads\/2025\/06\/\u00a9-Daniela-Wolf-fr03690_low-768x512.jpg",768,512,true],"large":["https:\/\/ibecbarcelona.eu\/wp-content\/uploads\/2025\/06\/\u00a9-Daniela-Wolf-fr03690_low-1024x683.jpg",1024,683,true]},"AFP_attachments":{"full":["https:\/\/ibecbarcelona.eu\/wp-content\/uploads\/2025\/06\/\u00a9-Daniela-Wolf-fr03690_low.jpg",1200,800,false],"thumbnail":["https:\/\/ibecbarcelona.eu\/wp-content\/uploads\/2025\/06\/\u00a9-Daniela-Wolf-fr03690_low-150x150.jpg",150,150,true],"medium":["https:\/\/ibecbarcelona.eu\/wp-content\/uploads\/2025\/06\/\u00a9-Daniela-Wolf-fr03690_low-300x200.jpg",300,200,true],"medium_large":["https:\/\/ibecbarcelona.eu\/wp-content\/uploads\/2025\/06\/\u00a9-Daniela-Wolf-fr03690_low-768x512.jpg",768,512,true],"large":["https:\/\/ibecbarcelona.eu\/wp-content\/uploads\/2025\/06\/\u00a9-Daniela-Wolf-fr03690_low-1024x683.jpg",1024,683,true]},"AFP_videos":[],"AFP_video_blocks":"","AFP_category_names":["Not\u00edcies institucionals"],"_links":{"self":[{"href":"https:\/\/ibecbarcelona.eu\/ca\/wp-json\/wp\/v2\/posts\/126278","targetHints":{"allow":["GET"]}}],"collection":[{"href":"https:\/\/ibecbarcelona.eu\/ca\/wp-json\/wp\/v2\/posts"}],"about":[{"href":"https:\/\/ibecbarcelona.eu\/ca\/wp-json\/wp\/v2\/types\/post"}],"author":[{"embeddable":true,"href":"https:\/\/ibecbarcelona.eu\/ca\/wp-json\/wp\/v2\/users\/37"}],"replies":[{"embeddable":true,"href":"https:\/\/ibecbarcelona.eu\/ca\/wp-json\/wp\/v2\/comments?post=126278"}],"version-history":[{"count":1,"href":"https:\/\/ibecbarcelona.eu\/ca\/wp-json\/wp\/v2\/posts\/126278\/revisions"}],"predecessor-version":[{"id":126281,"href":"https:\/\/ibecbarcelona.eu\/ca\/wp-json\/wp\/v2\/posts\/126278\/revisions\/126281"}],"wp:featuredmedia":[{"embeddable":true,"href":"https:\/\/ibecbarcelona.eu\/ca\/wp-json\/wp\/v2\/media\/126264"}],"wp:attachment":[{"href":"https:\/\/ibecbarcelona.eu\/ca\/wp-json\/wp\/v2\/media?parent=126278"}],"wp:term":[{"taxonomy":"category","embeddable":true,"href":"https:\/\/ibecbarcelona.eu\/ca\/wp-json\/wp\/v2\/categories?post=126278"},{"taxonomy":"post_tag","embeddable":true,"href":"https:\/\/ibecbarcelona.eu\/ca\/wp-json\/wp\/v2\/tags?post=126278"},{"taxonomy":"post_format","embeddable":true,"href":"https:\/\/ibecbarcelona.eu\/ca\/wp-json\/wp\/v2\/post_formats?post=126278"}],"curies":[{"name":"wp","href":"https:\/\/api.w.org\/{rel}","templated":true}]}}