
{"id":129735,"date":"2025-11-18T11:11:13","date_gmt":"2025-11-18T10:11:13","guid":{"rendered":"https:\/\/ibecbarcelona.eu\/?p=129735"},"modified":"2025-11-24T11:15:43","modified_gmt":"2025-11-24T10:15:43","slug":"ibec-welcomes-two-new-research-groups","status":"publish","type":"post","link":"https:\/\/ibecbarcelona.eu\/ca\/ibec-incorpora-dos-nous-grups-de-recerca","title":{"rendered":"L&#8217;IBEC incorpora dos nous grups de recerca"},"content":{"rendered":"\n<p><strong><strong>El 2025 l&#8217;Institut de Bioenginyeria de Catalunya (IBEC) ha donat la benvinguda a dos nous grups de recerca liderats, respectivament, pel professor de recerca ICREA Javier G. Fern\u00e1ndez i el Dr. Nicol\u00f2 Accanto. El grup de Materials i Enginyeria Biointegrats, de Fern\u00e1ndez, busca integrar principis biol\u00f2gics i components vius en sistemes d&#8217;enginyeria, donant lloc al que anomenen l&#8217;<em>Era dels Biomaterials<\/em>. El grup d&#8217;Accanto, Fot\u00f2nica No Lineal per a Neuroci\u00e8ncia, busca desenvolupar tecnologies \u00f2ptiques avan\u00e7ades que permetin desentranyar els mecanismes que regeixen l&#8217;activitat neuronal.<\/strong><\/strong><\/p>\n\n\n\n<figure class=\"wp-block-image\"><img decoding=\"async\" width=\"1024\" height=\"576\" data-src=\"https:\/\/ibecbarcelona.eu\/wp-content\/uploads\/2025\/11\/NAccanto-JFernandez-1024x576.jpg\" alt=\"\" class=\"wp-image-129730 lazyload\" data-srcset=\"https:\/\/ibecbarcelona.eu\/wp-content\/uploads\/2025\/11\/NAccanto-JFernandez-1024x576.jpg 1024w, https:\/\/ibecbarcelona.eu\/wp-content\/uploads\/2025\/11\/NAccanto-JFernandez-300x169.jpg 300w, https:\/\/ibecbarcelona.eu\/wp-content\/uploads\/2025\/11\/NAccanto-JFernandez-768x432.jpg 768w, https:\/\/ibecbarcelona.eu\/wp-content\/uploads\/2025\/11\/NAccanto-JFernandez.jpg 1344w\" data-sizes=\"(max-width: 1024px) 100vw, 1024px\" src=\"data:image\/svg+xml;base64,PHN2ZyB3aWR0aD0iMSIgaGVpZ2h0PSIxIiB4bWxucz0iaHR0cDovL3d3dy53My5vcmcvMjAwMC9zdmciPjwvc3ZnPg==\" style=\"--smush-placeholder-width: 1024px; --smush-placeholder-aspect-ratio: 1024\/576;\" \/><figcaption class=\"wp-element-caption\">Nicol\u00f2 Accanto (esquerra) and Javier G. Fern\u00e1ndez (dreta).<\/figcaption><\/figure>\n\n\n\n<p>L&#8217;Institut de Bioenginyeria de Catalunya (IBEC) dona la benvinguda al professor de recerca ICREA <strong>Javier G.Fern\u00e1ndez <\/strong>i al Dr. <strong>Nicol\u00f2 Accanto<\/strong>, els quals s&#8217;uneixen a l&#8217;institut com a investigadors principals. Seleccionats despr\u00e9s de l&#8217;avaluaci\u00f3 del Comit\u00e8 Cient\u00edfic Internacional, assumiran la direcci\u00f3 dels seus propis grups de recerca: Fern\u00e1ndez liderar\u00e0 el grup de <a href=\"https:\/\/ibecbarcelona.eu\/fermat\/\"><strong>Materials i Enginyeria Biointegrats<\/strong><\/a><strong> <\/strong>i Accanto el grup de <a href=\"https:\/\/ibecbarcelona.eu\/ca\/research-groups\/nonlinear-photonics-for-neuroscience\/\"><strong>Fot\u00f2nica No Lineal per a Neuroci\u00e8ncia<\/strong><\/a><strong>.<\/strong><\/p>\n\n\n\n<h4 class=\"wp-block-heading\"><strong><strong>Materials i Enginyeria Biointegrats<\/strong><\/strong><\/h4>\n\n\n\n<p>Aquest grup, tamb\u00e9 conegut com el <strong>Fermart Lab <\/strong>i que es trasllada a l&#8217;IBEC des de la Universitat Harvard i la Universitat Tecnol\u00f2gica i de Disseny de Singapur (SUTD), \u00e9s la punta de llan\u00e7a de l&#8217;anomenada <em>Era dels Biomaterials, <\/em>una revoluci\u00f3 cient\u00edfica i tecnol\u00f2gica basada en la integraci\u00f3 de principis i components biol\u00f2gics en camps de l&#8217;enginyeria que van des de la manufactura i producci\u00f3 de materials a l&#8217;exploraci\u00f3 espacial.<\/p>\n\n\n\n<p>La recerca del grup persegueix dos objectius principals: desxifrar els fonaments que regeixen els materials naturals i el seu disseny, i la integraci\u00f3 tecnol\u00f2gica d&#8217;aquests principis en nous materials, sistemes de fabricaci\u00f3 i dispositius bioinspirats. Per a aix\u00f2, el grup fa \u00fas d&#8217;eines que van des de la caracteritzaci\u00f3 de materials a nivell molecular a la rob\u00f2tica, intel\u00b7lig\u00e8ncia artificial, biologia cel\u00b7lular o avaluacions d&#8217;impacte mediambiental. Entre les seves aplicacions destaquen els <strong>biomaterials per a interf\u00edcies m\u00e8diques<\/strong>, la <strong>fabricaci\u00f3 sostenible<\/strong> basada en mol\u00e8cules naturals i processos evolutius, o el desenvolupament de materials i sistemes de producci\u00f3 ultra eficients per a la <strong>colonitzaci\u00f3 d&#8217;altres planetes<\/strong>. Aquesta visi\u00f3 interdisciplin\u00e0ria converteix el grup en un referent internacional en l&#8217;\u00e0mbit de la bioenginyeria i la sostenibilitat.<\/p>\n\n\n\n<p>El professor <strong>Javier G. Fern\u00e1ndez<\/strong> \u00e9s f\u00edsic fonamental de formaci\u00f3, doctorat en nanobiotecnologia a l&#8217;IBEC per la Universitat de Barcelona i guardonat amb el premi a la millor tesi de l&#8217;any per aquesta \u00faltima. Despr\u00e9s d&#8217;una etapa investigadora al Massachusetts Institute of Technology (MIT) i el Wyss Institute a Harvard, i una traject\u00f2ria acad\u00e8mica com a membre fundador de la Singapore University of Technology and Design, torna a l&#8217;IBEC com a professor ICREA i l\u00edder de grup. Fern\u00e1ndez \u00e9s reconegut mundialment per les seves contribucions en biomaterials biomim\u00e8tics i biomanufactura sostenible, especialment pel control i aplicaci\u00f3 de la quitina, el segon pol\u00edmer natural m\u00e9s abundant del planeta.<\/p>\n\n\n\n<h4 class=\"wp-block-heading\"><strong><strong>Fot\u00f2nica No Lineal per a Neuroci\u00e8ncia<\/strong><\/strong><\/h4>\n\n\n\n<p>Aquest grup se situa a l&#8217;avantguarda de la neurofot\u00f2nica, una disciplina que utilitza la llum per explorar i comprendre el cervell. El seu objectiu \u00e9s desenvolupar tecnologies \u00f2ptiques avan\u00e7ades que permetin desentranyar els mecanismes que regeixen l&#8217;<strong>activitat neuronal<\/strong>, contribuint a resoldre un dels majors reptes cient\u00edfics del nostre temps: entendre com funcionen els circuits neuronals.<\/p>\n\n\n\n<p>La recerca del grup se centra en l&#8217;estudi i optimitzaci\u00f3 de fen\u00f2mens \u00f2ptics no lineals, com la fluoresc\u00e8ncia excitada per dos fotons i la generaci\u00f3 de segon harm\u00f2nic, mitjan\u00e7ant el modelatge espacial i temporal de feixos l\u00e0ser ultrar\u00e0pids. A partir d&#8217;aquesta base, desenvolupa t\u00e8cniques innovadores de <strong>microsc\u00f2pia i fotoestimulaci\u00f3<\/strong> que permeten observar i manipular circuits neuronals amb una precisi\u00f3 sense precedents. A m\u00e9s, col\u00b7labora amb grups internacionals per aplicar aquestes tecnologies en models animals, amb l&#8217;objectiu d&#8217;avan\u00e7ar en la <strong>comprensi\u00f3 de la funci\u00f3 cerebral<\/strong>.<\/p>\n\n\n\n<p>Entre els seus desenvolupaments m\u00e9s destacats es troben microscopis miniaturitzats per estudiar el cervell en animals en moviment, sistemes de conformaci\u00f3 din\u00e0mica de feixos l\u00e0ser i solucions per ampliar el camp de visi\u00f3 en microsc\u00f2pia de dos fotons. Aquestes innovacions obren noves possibilitats per a la recerca en neuroci\u00e8ncia i consoliden el grup com un referent en l&#8217;\u00e0mbit de la fot\u00f2nica aplicada.<\/p>\n\n\n\n<p>L&#8217;investigador <strong>Nicol\u00f2 Accanto<\/strong> \u00e9s expert en microsc\u00f2pia de dos fotons, conformaci\u00f3 de feixos l\u00e0ser ultrar\u00e0pids i tecnologies \u00f2ptiques miniaturitzades. Despr\u00e9s del seu doctorat a Barcelona, a l&#8217;Institut de Ci\u00e8ncia Fot\u00f2niques (ICFO), va desenvolupar la seva carrera a Par\u00eds a l&#8217;Institut de la Visi\u00f3 i a INSERM, on va liderar projectes pioners en optogen\u00e8tica i neurofot\u00f2nica. El 2023 va obtenir una ERC Starting Grant per fundar el seu grup a l\u2019IBEC, amb l&#8217;objectiu d&#8217;impulsar el desenvolupament d&#8217;eines \u00f2ptiques que il\u00b7luminin els misteris del cervell.<\/p>\n","protected":false},"excerpt":{"rendered":"<p>El 2025 l&#8217;Institut de Bioenginyeria de Catalunya (IBEC) ha donat la benvinguda a dos nous grups de recerca liderats, respectivament, pel professor de recerca ICREA Javier G. Fern\u00e1ndez i el Dr. Nicol\u00f2 Accanto. El grup de Materials i Enginyeria Biointegrats, de Fern\u00e1ndez, busca integrar principis biol\u00f2gics i components vius en sistemes d&#8217;enginyeria, donant lloc al que anomenen l&#8217;Era dels Biomaterials. El grup d&#8217;Accanto, Fot\u00f2nica No Lineal per a Neuroci\u00e8ncia, busca desenvolupar tecnologies \u00f2ptiques avan\u00e7ades que permetin desentranyar els mecanismes que regeixen l&#8217;activitat neuronal.<\/p>\n","protected":false},"author":37,"featured_media":129731,"comment_status":"closed","ping_status":"closed","sticky":false,"template":"","format":"standard","meta":{"footnotes":""},"categories":[98],"tags":[2179,2173,2171,2177],"post_formats":[],"class_list":["post-129735","post","type-post","status-publish","format-standard","has-post-thumbnail","hentry","category-noticies-institucionals","tag-biointegrated-materials-and-engineering","tag-javier-g-fernandez","tag-nicolo-accanto","tag-nonlinear-photonics-for-neuroscience"],"yoast_head":"<!-- This site is optimized with the Yoast SEO plugin v27.5 - https:\/\/yoast.com\/product\/yoast-seo-wordpress\/ -->\n<title>L&#039;IBEC incorpora dos nous grups de recerca - Institute for Bioengineering of Catalonia<\/title>\n<meta name=\"robots\" content=\"index, follow, max-snippet:-1, max-image-preview:large, max-video-preview:-1\" \/>\n<link rel=\"canonical\" href=\"https:\/\/ibecbarcelona.eu\/ca\/ibec-incorpora-dos-nous-grups-de-recerca\/\" \/>\n<meta property=\"og:locale\" content=\"ca_ES\" \/>\n<meta property=\"og:type\" content=\"article\" \/>\n<meta property=\"og:title\" content=\"L&#039;IBEC incorpora dos nous grups de recerca - Institute for Bioengineering of Catalonia\" \/>\n<meta property=\"og:description\" content=\"El 2025 l&#039;Institut de Bioenginyeria de Catalunya (IBEC) ha donat la benvinguda a dos nous grups de recerca liderats, respectivament, pel professor de recerca ICREA Javier G. Fern\u00e1ndez i el Dr. Nicol\u00f2 Accanto. El grup de Materials i Enginyeria Biointegrats, de Fern\u00e1ndez, busca integrar principis biol\u00f2gics i components vius en sistemes d&#039;enginyeria, donant lloc al que anomenen l&#039;Era dels Biomaterials. El grup d&#039;Accanto, Fot\u00f2nica No Lineal per a Neuroci\u00e8ncia, busca desenvolupar tecnologies \u00f2ptiques avan\u00e7ades que permetin desentranyar els mecanismes que regeixen l&#039;activitat neuronal.\" \/>\n<meta property=\"og:url\" content=\"https:\/\/ibecbarcelona.eu\/ca\/ibec-incorpora-dos-nous-grups-de-recerca\/\" \/>\n<meta property=\"og:site_name\" content=\"Institute for Bioengineering of Catalonia\" \/>\n<meta property=\"article:published_time\" content=\"2025-11-18T10:11:13+00:00\" \/>\n<meta property=\"article:modified_time\" content=\"2025-11-24T10:15:43+00:00\" \/>\n<meta property=\"og:image\" content=\"https:\/\/ibecbarcelona.eu\/wp-content\/uploads\/2025\/11\/NAccanto-JFernandez.jpg\" \/>\n\t<meta property=\"og:image:width\" content=\"1344\" \/>\n\t<meta property=\"og:image:height\" content=\"756\" \/>\n\t<meta property=\"og:image:type\" content=\"image\/jpeg\" \/>\n<meta name=\"author\" content=\"Sarah Moreira\" \/>\n<meta name=\"twitter:card\" content=\"summary_large_image\" \/>\n<meta name=\"twitter:label1\" content=\"Escrit per\" \/>\n\t<meta name=\"twitter:data1\" content=\"Sarah Moreira\" \/>\n\t<meta name=\"twitter:label2\" content=\"Temps estimat de lectura\" \/>\n\t<meta name=\"twitter:data2\" content=\"4 minuts\" \/>\n<script type=\"application\/ld+json\" class=\"yoast-schema-graph\">{\"@context\":\"https:\\\/\\\/schema.org\",\"@graph\":[{\"@type\":\"Article\",\"@id\":\"https:\\\/\\\/ibecbarcelona.eu\\\/ca\\\/ibec-incorpora-dos-nous-grups-de-recerca\\\/#article\",\"isPartOf\":{\"@id\":\"https:\\\/\\\/ibecbarcelona.eu\\\/ca\\\/ibec-incorpora-dos-nous-grups-de-recerca\\\/\"},\"author\":{\"name\":\"Sarah Moreira\",\"@id\":\"https:\\\/\\\/ibecbarcelona.eu\\\/#\\\/schema\\\/person\\\/d3a158b8d448000777023ca1e3d71d34\"},\"headline\":\"L&#8217;IBEC incorpora dos nous grups de recerca\",\"datePublished\":\"2025-11-18T10:11:13+00:00\",\"dateModified\":\"2025-11-24T10:15:43+00:00\",\"mainEntityOfPage\":{\"@id\":\"https:\\\/\\\/ibecbarcelona.eu\\\/ca\\\/ibec-incorpora-dos-nous-grups-de-recerca\\\/\"},\"wordCount\":828,\"publisher\":{\"@id\":\"https:\\\/\\\/ibecbarcelona.eu\\\/#organization\"},\"image\":{\"@id\":\"https:\\\/\\\/ibecbarcelona.eu\\\/ca\\\/ibec-incorpora-dos-nous-grups-de-recerca\\\/#primaryimage\"},\"thumbnailUrl\":\"https:\\\/\\\/ibecbarcelona.eu\\\/wp-content\\\/uploads\\\/2025\\\/11\\\/NAccanto-JFernandez.jpg\",\"keywords\":[\"Biointegrated Materials and Engineering\",\"Javier G. Fern\u00e1ndez\",\"Nicol\u00f2 Accanto\",\"Nonlinear Photonics for Neuroscience\"],\"articleSection\":[\"Not\u00edcies institucionals\"],\"inLanguage\":\"ca\"},{\"@type\":\"WebPage\",\"@id\":\"https:\\\/\\\/ibecbarcelona.eu\\\/ca\\\/ibec-incorpora-dos-nous-grups-de-recerca\\\/\",\"url\":\"https:\\\/\\\/ibecbarcelona.eu\\\/ca\\\/ibec-incorpora-dos-nous-grups-de-recerca\\\/\",\"name\":\"L'IBEC incorpora dos nous grups de recerca - Institute for Bioengineering of Catalonia\",\"isPartOf\":{\"@id\":\"https:\\\/\\\/ibecbarcelona.eu\\\/#website\"},\"primaryImageOfPage\":{\"@id\":\"https:\\\/\\\/ibecbarcelona.eu\\\/ca\\\/ibec-incorpora-dos-nous-grups-de-recerca\\\/#primaryimage\"},\"image\":{\"@id\":\"https:\\\/\\\/ibecbarcelona.eu\\\/ca\\\/ibec-incorpora-dos-nous-grups-de-recerca\\\/#primaryimage\"},\"thumbnailUrl\":\"https:\\\/\\\/ibecbarcelona.eu\\\/wp-content\\\/uploads\\\/2025\\\/11\\\/NAccanto-JFernandez.jpg\",\"datePublished\":\"2025-11-18T10:11:13+00:00\",\"dateModified\":\"2025-11-24T10:15:43+00:00\",\"breadcrumb\":{\"@id\":\"https:\\\/\\\/ibecbarcelona.eu\\\/ca\\\/ibec-incorpora-dos-nous-grups-de-recerca\\\/#breadcrumb\"},\"inLanguage\":\"ca\",\"potentialAction\":[{\"@type\":\"ReadAction\",\"target\":[\"https:\\\/\\\/ibecbarcelona.eu\\\/ca\\\/ibec-incorpora-dos-nous-grups-de-recerca\\\/\"]}]},{\"@type\":\"ImageObject\",\"inLanguage\":\"ca\",\"@id\":\"https:\\\/\\\/ibecbarcelona.eu\\\/ca\\\/ibec-incorpora-dos-nous-grups-de-recerca\\\/#primaryimage\",\"url\":\"https:\\\/\\\/ibecbarcelona.eu\\\/wp-content\\\/uploads\\\/2025\\\/11\\\/NAccanto-JFernandez.jpg\",\"contentUrl\":\"https:\\\/\\\/ibecbarcelona.eu\\\/wp-content\\\/uploads\\\/2025\\\/11\\\/NAccanto-JFernandez.jpg\",\"width\":1344,\"height\":756},{\"@type\":\"BreadcrumbList\",\"@id\":\"https:\\\/\\\/ibecbarcelona.eu\\\/ca\\\/ibec-incorpora-dos-nous-grups-de-recerca\\\/#breadcrumb\",\"itemListElement\":[{\"@type\":\"ListItem\",\"position\":1,\"name\":\"Home\",\"item\":\"https:\\\/\\\/ibecbarcelona.eu\\\/ca\\\/\"},{\"@type\":\"ListItem\",\"position\":2,\"name\":\"L&#8217;IBEC incorpora dos nous grups de recerca\"}]},{\"@type\":\"WebSite\",\"@id\":\"https:\\\/\\\/ibecbarcelona.eu\\\/#website\",\"url\":\"https:\\\/\\\/ibecbarcelona.eu\\\/\",\"name\":\"Institute for Bioengineering of Catalonia\",\"description\":\"Bioengineering Solutions for Health\",\"publisher\":{\"@id\":\"https:\\\/\\\/ibecbarcelona.eu\\\/#organization\"},\"potentialAction\":[{\"@type\":\"SearchAction\",\"target\":{\"@type\":\"EntryPoint\",\"urlTemplate\":\"https:\\\/\\\/ibecbarcelona.eu\\\/?s={search_term_string}\"},\"query-input\":{\"@type\":\"PropertyValueSpecification\",\"valueRequired\":true,\"valueName\":\"search_term_string\"}}],\"inLanguage\":\"ca\"},{\"@type\":\"Organization\",\"@id\":\"https:\\\/\\\/ibecbarcelona.eu\\\/#organization\",\"name\":\"Institute for Bioengineering of Catalonia\",\"url\":\"https:\\\/\\\/ibecbarcelona.eu\\\/\",\"logo\":{\"@type\":\"ImageObject\",\"inLanguage\":\"ca\",\"@id\":\"https:\\\/\\\/ibecbarcelona.eu\\\/#\\\/schema\\\/logo\\\/image\\\/\",\"url\":\"https:\\\/\\\/ibecbarcelona.eu\\\/wp-content\\\/uploads\\\/2026\\\/01\\\/cropped-IBEC_20ANYS_GRIS.png\",\"contentUrl\":\"https:\\\/\\\/ibecbarcelona.eu\\\/wp-content\\\/uploads\\\/2026\\\/01\\\/cropped-IBEC_20ANYS_GRIS.png\",\"width\":696,\"height\":257,\"caption\":\"Institute for Bioengineering of Catalonia\"},\"image\":{\"@id\":\"https:\\\/\\\/ibecbarcelona.eu\\\/#\\\/schema\\\/logo\\\/image\\\/\"}},{\"@type\":\"Person\",\"@id\":\"https:\\\/\\\/ibecbarcelona.eu\\\/#\\\/schema\\\/person\\\/d3a158b8d448000777023ca1e3d71d34\",\"name\":\"Sarah Moreira\",\"image\":{\"@type\":\"ImageObject\",\"inLanguage\":\"ca\",\"@id\":\"https:\\\/\\\/secure.gravatar.com\\\/avatar\\\/37385a1f83bdef106d1b89522da4c620ee48ba2eb0662dbc73ba05b7f3fbdf89?s=96&d=mm&r=g\",\"url\":\"https:\\\/\\\/secure.gravatar.com\\\/avatar\\\/37385a1f83bdef106d1b89522da4c620ee48ba2eb0662dbc73ba05b7f3fbdf89?s=96&d=mm&r=g\",\"contentUrl\":\"https:\\\/\\\/secure.gravatar.com\\\/avatar\\\/37385a1f83bdef106d1b89522da4c620ee48ba2eb0662dbc73ba05b7f3fbdf89?s=96&d=mm&r=g\",\"caption\":\"Sarah Moreira\"},\"url\":\"https:\\\/\\\/ibecbarcelona.eu\\\/ca\\\/author\\\/smoreira\\\/\"}]}<\/script>\n<!-- \/ Yoast SEO plugin. -->","yoast_head_json":{"title":"L'IBEC incorpora dos nous grups de recerca - Institute for Bioengineering of Catalonia","robots":{"index":"index","follow":"follow","max-snippet":"max-snippet:-1","max-image-preview":"max-image-preview:large","max-video-preview":"max-video-preview:-1"},"canonical":"https:\/\/ibecbarcelona.eu\/ca\/ibec-incorpora-dos-nous-grups-de-recerca\/","og_locale":"ca_ES","og_type":"article","og_title":"L'IBEC incorpora dos nous grups de recerca - Institute for Bioengineering of Catalonia","og_description":"El 2025 l'Institut de Bioenginyeria de Catalunya (IBEC) ha donat la benvinguda a dos nous grups de recerca liderats, respectivament, pel professor de recerca ICREA Javier G. Fern\u00e1ndez i el Dr. Nicol\u00f2 Accanto. El grup de Materials i Enginyeria Biointegrats, de Fern\u00e1ndez, busca integrar principis biol\u00f2gics i components vius en sistemes d'enginyeria, donant lloc al que anomenen l'Era dels Biomaterials. El grup d'Accanto, Fot\u00f2nica No Lineal per a Neuroci\u00e8ncia, busca desenvolupar tecnologies \u00f2ptiques avan\u00e7ades que permetin desentranyar els mecanismes que regeixen l'activitat neuronal.","og_url":"https:\/\/ibecbarcelona.eu\/ca\/ibec-incorpora-dos-nous-grups-de-recerca\/","og_site_name":"Institute for Bioengineering of Catalonia","article_published_time":"2025-11-18T10:11:13+00:00","article_modified_time":"2025-11-24T10:15:43+00:00","og_image":[{"width":1344,"height":756,"url":"https:\/\/ibecbarcelona.eu\/wp-content\/uploads\/2025\/11\/NAccanto-JFernandez.jpg","type":"image\/jpeg"}],"author":"Sarah Moreira","twitter_card":"summary_large_image","twitter_misc":{"Escrit per":"Sarah Moreira","Temps estimat de lectura":"4 minuts"},"schema":{"@context":"https:\/\/schema.org","@graph":[{"@type":"Article","@id":"https:\/\/ibecbarcelona.eu\/ca\/ibec-incorpora-dos-nous-grups-de-recerca\/#article","isPartOf":{"@id":"https:\/\/ibecbarcelona.eu\/ca\/ibec-incorpora-dos-nous-grups-de-recerca\/"},"author":{"name":"Sarah Moreira","@id":"https:\/\/ibecbarcelona.eu\/#\/schema\/person\/d3a158b8d448000777023ca1e3d71d34"},"headline":"L&#8217;IBEC incorpora dos nous grups de recerca","datePublished":"2025-11-18T10:11:13+00:00","dateModified":"2025-11-24T10:15:43+00:00","mainEntityOfPage":{"@id":"https:\/\/ibecbarcelona.eu\/ca\/ibec-incorpora-dos-nous-grups-de-recerca\/"},"wordCount":828,"publisher":{"@id":"https:\/\/ibecbarcelona.eu\/#organization"},"image":{"@id":"https:\/\/ibecbarcelona.eu\/ca\/ibec-incorpora-dos-nous-grups-de-recerca\/#primaryimage"},"thumbnailUrl":"https:\/\/ibecbarcelona.eu\/wp-content\/uploads\/2025\/11\/NAccanto-JFernandez.jpg","keywords":["Biointegrated Materials and Engineering","Javier G. Fern\u00e1ndez","Nicol\u00f2 Accanto","Nonlinear Photonics for Neuroscience"],"articleSection":["Not\u00edcies institucionals"],"inLanguage":"ca"},{"@type":"WebPage","@id":"https:\/\/ibecbarcelona.eu\/ca\/ibec-incorpora-dos-nous-grups-de-recerca\/","url":"https:\/\/ibecbarcelona.eu\/ca\/ibec-incorpora-dos-nous-grups-de-recerca\/","name":"L'IBEC incorpora dos nous grups de recerca - Institute for Bioengineering of Catalonia","isPartOf":{"@id":"https:\/\/ibecbarcelona.eu\/#website"},"primaryImageOfPage":{"@id":"https:\/\/ibecbarcelona.eu\/ca\/ibec-incorpora-dos-nous-grups-de-recerca\/#primaryimage"},"image":{"@id":"https:\/\/ibecbarcelona.eu\/ca\/ibec-incorpora-dos-nous-grups-de-recerca\/#primaryimage"},"thumbnailUrl":"https:\/\/ibecbarcelona.eu\/wp-content\/uploads\/2025\/11\/NAccanto-JFernandez.jpg","datePublished":"2025-11-18T10:11:13+00:00","dateModified":"2025-11-24T10:15:43+00:00","breadcrumb":{"@id":"https:\/\/ibecbarcelona.eu\/ca\/ibec-incorpora-dos-nous-grups-de-recerca\/#breadcrumb"},"inLanguage":"ca","potentialAction":[{"@type":"ReadAction","target":["https:\/\/ibecbarcelona.eu\/ca\/ibec-incorpora-dos-nous-grups-de-recerca\/"]}]},{"@type":"ImageObject","inLanguage":"ca","@id":"https:\/\/ibecbarcelona.eu\/ca\/ibec-incorpora-dos-nous-grups-de-recerca\/#primaryimage","url":"https:\/\/ibecbarcelona.eu\/wp-content\/uploads\/2025\/11\/NAccanto-JFernandez.jpg","contentUrl":"https:\/\/ibecbarcelona.eu\/wp-content\/uploads\/2025\/11\/NAccanto-JFernandez.jpg","width":1344,"height":756},{"@type":"BreadcrumbList","@id":"https:\/\/ibecbarcelona.eu\/ca\/ibec-incorpora-dos-nous-grups-de-recerca\/#breadcrumb","itemListElement":[{"@type":"ListItem","position":1,"name":"Home","item":"https:\/\/ibecbarcelona.eu\/ca\/"},{"@type":"ListItem","position":2,"name":"L&#8217;IBEC incorpora dos nous grups de recerca"}]},{"@type":"WebSite","@id":"https:\/\/ibecbarcelona.eu\/#website","url":"https:\/\/ibecbarcelona.eu\/","name":"Institute for Bioengineering of Catalonia","description":"Bioengineering Solutions for Health","publisher":{"@id":"https:\/\/ibecbarcelona.eu\/#organization"},"potentialAction":[{"@type":"SearchAction","target":{"@type":"EntryPoint","urlTemplate":"https:\/\/ibecbarcelona.eu\/?s={search_term_string}"},"query-input":{"@type":"PropertyValueSpecification","valueRequired":true,"valueName":"search_term_string"}}],"inLanguage":"ca"},{"@type":"Organization","@id":"https:\/\/ibecbarcelona.eu\/#organization","name":"Institute for Bioengineering of Catalonia","url":"https:\/\/ibecbarcelona.eu\/","logo":{"@type":"ImageObject","inLanguage":"ca","@id":"https:\/\/ibecbarcelona.eu\/#\/schema\/logo\/image\/","url":"https:\/\/ibecbarcelona.eu\/wp-content\/uploads\/2026\/01\/cropped-IBEC_20ANYS_GRIS.png","contentUrl":"https:\/\/ibecbarcelona.eu\/wp-content\/uploads\/2026\/01\/cropped-IBEC_20ANYS_GRIS.png","width":696,"height":257,"caption":"Institute for Bioengineering of Catalonia"},"image":{"@id":"https:\/\/ibecbarcelona.eu\/#\/schema\/logo\/image\/"}},{"@type":"Person","@id":"https:\/\/ibecbarcelona.eu\/#\/schema\/person\/d3a158b8d448000777023ca1e3d71d34","name":"Sarah Moreira","image":{"@type":"ImageObject","inLanguage":"ca","@id":"https:\/\/secure.gravatar.com\/avatar\/37385a1f83bdef106d1b89522da4c620ee48ba2eb0662dbc73ba05b7f3fbdf89?s=96&d=mm&r=g","url":"https:\/\/secure.gravatar.com\/avatar\/37385a1f83bdef106d1b89522da4c620ee48ba2eb0662dbc73ba05b7f3fbdf89?s=96&d=mm&r=g","contentUrl":"https:\/\/secure.gravatar.com\/avatar\/37385a1f83bdef106d1b89522da4c620ee48ba2eb0662dbc73ba05b7f3fbdf89?s=96&d=mm&r=g","caption":"Sarah Moreira"},"url":"https:\/\/ibecbarcelona.eu\/ca\/author\/smoreira\/"}]}},"AFP_featured_media_urls":{"full":["https:\/\/ibecbarcelona.eu\/wp-content\/uploads\/2025\/11\/NAccanto-JFernandez.jpg",1344,756,false],"thumbnail":["https:\/\/ibecbarcelona.eu\/wp-content\/uploads\/2025\/11\/NAccanto-JFernandez-150x150.jpg",150,150,true],"medium":["https:\/\/ibecbarcelona.eu\/wp-content\/uploads\/2025\/11\/NAccanto-JFernandez-300x169.jpg",300,169,true],"medium_large":["https:\/\/ibecbarcelona.eu\/wp-content\/uploads\/2025\/11\/NAccanto-JFernandez-768x432.jpg",768,432,true],"large":["https:\/\/ibecbarcelona.eu\/wp-content\/uploads\/2025\/11\/NAccanto-JFernandez-1024x576.jpg",1024,576,true]},"AFP_attachments":{"full":["https:\/\/ibecbarcelona.eu\/wp-content\/uploads\/2025\/11\/NAccanto-JFernandez.jpg",1344,756,false],"thumbnail":["https:\/\/ibecbarcelona.eu\/wp-content\/uploads\/2025\/11\/NAccanto-JFernandez-150x150.jpg",150,150,true],"medium":["https:\/\/ibecbarcelona.eu\/wp-content\/uploads\/2025\/11\/NAccanto-JFernandez-300x169.jpg",300,169,true],"medium_large":["https:\/\/ibecbarcelona.eu\/wp-content\/uploads\/2025\/11\/NAccanto-JFernandez-768x432.jpg",768,432,true],"large":["https:\/\/ibecbarcelona.eu\/wp-content\/uploads\/2025\/11\/NAccanto-JFernandez-1024x576.jpg",1024,576,true]},"AFP_videos":[],"AFP_video_blocks":"","AFP_category_names":["Not\u00edcies institucionals"],"_links":{"self":[{"href":"https:\/\/ibecbarcelona.eu\/ca\/wp-json\/wp\/v2\/posts\/129735","targetHints":{"allow":["GET"]}}],"collection":[{"href":"https:\/\/ibecbarcelona.eu\/ca\/wp-json\/wp\/v2\/posts"}],"about":[{"href":"https:\/\/ibecbarcelona.eu\/ca\/wp-json\/wp\/v2\/types\/post"}],"author":[{"embeddable":true,"href":"https:\/\/ibecbarcelona.eu\/ca\/wp-json\/wp\/v2\/users\/37"}],"replies":[{"embeddable":true,"href":"https:\/\/ibecbarcelona.eu\/ca\/wp-json\/wp\/v2\/comments?post=129735"}],"version-history":[{"count":3,"href":"https:\/\/ibecbarcelona.eu\/ca\/wp-json\/wp\/v2\/posts\/129735\/revisions"}],"predecessor-version":[{"id":129743,"href":"https:\/\/ibecbarcelona.eu\/ca\/wp-json\/wp\/v2\/posts\/129735\/revisions\/129743"}],"wp:featuredmedia":[{"embeddable":true,"href":"https:\/\/ibecbarcelona.eu\/ca\/wp-json\/wp\/v2\/media\/129731"}],"wp:attachment":[{"href":"https:\/\/ibecbarcelona.eu\/ca\/wp-json\/wp\/v2\/media?parent=129735"}],"wp:term":[{"taxonomy":"category","embeddable":true,"href":"https:\/\/ibecbarcelona.eu\/ca\/wp-json\/wp\/v2\/categories?post=129735"},{"taxonomy":"post_tag","embeddable":true,"href":"https:\/\/ibecbarcelona.eu\/ca\/wp-json\/wp\/v2\/tags?post=129735"},{"taxonomy":"post_format","embeddable":true,"href":"https:\/\/ibecbarcelona.eu\/ca\/wp-json\/wp\/v2\/post_formats?post=129735"}],"curies":[{"name":"wp","href":"https:\/\/api.w.org\/{rel}","templated":true}]}}