
{"id":131135,"date":"2025-12-23T09:38:51","date_gmt":"2025-12-23T08:38:51","guid":{"rendered":"https:\/\/ibecbarcelona.eu\/?p=131135"},"modified":"2025-12-23T09:46:47","modified_gmt":"2025-12-23T08:46:47","slug":"la-tecnologia-movil-revoluciona-el-diagnostico-de-apnea-del-sueno-tras-un-ictus","status":"publish","type":"post","link":"https:\/\/ibecbarcelona.eu\/ca\/la-tecnologia-movil-revoluciona-el-diagnostico-de-apnea-del-sueno-tras-un-ictus\/","title":{"rendered":"La tecnologia m\u00f2bil revoluciona el diagn\u00f2stic d&#8217;apnea del son despr\u00e9s d&#8217;un ictus\u00a0"},"content":{"rendered":"\n<p><strong>Un equip d\u2019investigaci\u00f3 liderat per l\u2019Institut de Bioenginyeria de Catalunya (IBEC) ha desenvolupat un innovador sistema port\u00e0til basat en tel\u00e8fons intel\u00b7ligents per avaluar l\u2019apnea del son en individus amb diferents condicions de salut. L\u2019estudi, publicat a\u00a0<em>IEEE\u00a0Transactions\u00a0on Neural Systems\u00a0and\u00a0Rehabilitation\u00a0Engineering,<\/em>\u00a0en col\u00b7laboraci\u00f3 amb l\u2019Institut\u00a0Guttmann, demostra que aquesta tecnologia pot facilitar la detecci\u00f3\u00a0primerenca\u00a0d\u2019un trastorn freq\u00fcent per\u00f2\u00a0infradiagnosticat, que afecta negativament la recuperaci\u00f3 i la rehabilitaci\u00f3\u00a0despr\u00e9s de l&#8217;ictus.<\/strong>\u00a0<\/p>\n\n\n\n<figure class=\"wp-block-image size-large\"><img decoding=\"async\" width=\"1024\" height=\"683\" data-src=\"https:\/\/ibecbarcelona.eu\/wp-content\/uploads\/2025\/12\/freepik__the-style-is-candid-image-photography-with-natural__6853-1024x683.png\" alt=\"\" class=\"wp-image-131129 lazyload\" data-srcset=\"https:\/\/ibecbarcelona.eu\/wp-content\/uploads\/2025\/12\/freepik__the-style-is-candid-image-photography-with-natural__6853-1024x683.png 1024w, https:\/\/ibecbarcelona.eu\/wp-content\/uploads\/2025\/12\/freepik__the-style-is-candid-image-photography-with-natural__6853-300x200.png 300w, https:\/\/ibecbarcelona.eu\/wp-content\/uploads\/2025\/12\/freepik__the-style-is-candid-image-photography-with-natural__6853-768x512.png 768w, https:\/\/ibecbarcelona.eu\/wp-content\/uploads\/2025\/12\/freepik__the-style-is-candid-image-photography-with-natural__6853-1536x1024.png 1536w, https:\/\/ibecbarcelona.eu\/wp-content\/uploads\/2025\/12\/freepik__the-style-is-candid-image-photography-with-natural__6853-2048x1365.png 2048w, https:\/\/ibecbarcelona.eu\/wp-content\/uploads\/2025\/12\/freepik__the-style-is-candid-image-photography-with-natural__6853-1200x800.png 1200w, https:\/\/ibecbarcelona.eu\/wp-content\/uploads\/2025\/12\/freepik__the-style-is-candid-image-photography-with-natural__6853-600x400.png 600w\" data-sizes=\"(max-width: 1024px) 100vw, 1024px\" src=\"data:image\/svg+xml;base64,PHN2ZyB3aWR0aD0iMSIgaGVpZ2h0PSIxIiB4bWxucz0iaHR0cDovL3d3dy53My5vcmcvMjAwMC9zdmciPjwvc3ZnPg==\" style=\"--smush-placeholder-width: 1024px; --smush-placeholder-aspect-ratio: 1024\/683;\" \/><\/figure>\n\n\n\n<p>L&#8217;apnea del son \u00e9s un trastorn caracteritzat per episodis repetits d&#8217;obstrucci\u00f3 o col\u00b7lapse de la via a\u00e8ria superior durant el son. Aquestes interrupcions respirat\u00f2ries redueixen l&#8217;oxigen disponible en sang. Els pacients que han patit un ictus constitueixen una poblaci\u00f3 d&#8217;alt risc, ja que presenten una menor qualitat del son i una major prevalen\u00e7a de trastorns del son, com l&#8217;insomni i els trastorns respiratoris. S&#8217;estima que m\u00e9s del 50% dels supervivents d&#8217;ictus pateixen apnea del son; no obstant aix\u00f2, el seu acc\u00e9s a estudis del son \u00e9s limitat a causa de les seves m\u00faltiples complicacions de salut i a la incomoditat, complexitat i elevat cost de les t\u00e8cniques diagn\u00f2stiques actuals, com la&nbsp;polisomnografia.&nbsp;<\/p>\n\n\n\n<p>Ara, un estudi liderat per l<strong>&#8216;Institut de Bioenginyeria de Catalunya (IBEC)<\/strong>&nbsp;en col\u00b7laboraci\u00f3 amb l<a href=\"https:\/\/www.guttmann.com\/es\" target=\"_blank\" rel=\"noreferrer noopener\">&#8216;Institut Guttmann<\/a>, presenta&nbsp;<strong>la primera aplicaci\u00f3 d&#8217;un sistema basat en tel\u00e8fons intel\u00b7ligents per a la detecci\u00f3 preco\u00e7 i el seguiment de l&#8217;apnea del son en pacients d&#8217;ictus.&nbsp;&nbsp;<\/strong>&nbsp;<\/p>\n\n\n\n<p>El treball, liderat per&nbsp;<strong>Raimon Jan\u00e9<\/strong>, professor de la UPC, investigador principal de l&#8217;IBEC i del CIBER-BBN i l\u00edder del&nbsp;<a href=\"https:\/\/ibecbarcelona.eu\/biomedsignal\/\" target=\"_blank\" rel=\"noreferrer noopener\">grup de Processament i interpretaci\u00f3 de senyals biom\u00e8dics (BIOSPIN)<\/a>&nbsp;de l&#8217;IBEC s&#8217;ha publicat a la revista&nbsp;<a href=\"https:\/\/ieeexplore.ieee.org\/document\/11224327\" target=\"_blank\" rel=\"noreferrer noopener\"><em>IEEE Transactions on Neural Systems and Rehabilitation Engineering<\/em><\/a><em>.&nbsp;<\/em>&nbsp;<\/p>\n\n\n\n<p>Davant la disponibilitat limitada de la&nbsp;polisomnografia, els tel\u00e8fons intel\u00b7ligents ofereixen una soluci\u00f3 senzilla i port\u00e0til que amplia l&#8217;acc\u00e9s als estudis del son i permet avaluar un nombre&nbsp;m\u00e9s alt&nbsp;de pacients, amb beneficis potencials per a la seva salut general. El nou sistema aprofita els sensors integrats en els tel\u00e8fons intel\u00b7ligents i un pulsiox\u00edmetre sense fil per registrar senyals ac\u00fastics, de moviment i d&#8217;oxigenaci\u00f3 durant la nit,&nbsp;cosa que&nbsp;permet extreure&nbsp;<strong>biomarcadors&nbsp;digitals multimodals<\/strong>&nbsp;relacionats amb la respiraci\u00f3, la posici\u00f3 corporal i la saturaci\u00f3 d&#8217;oxigen.&nbsp;<\/p>\n\n\n\n<p>Segons Jan\u00e9,&nbsp;<em>&#8220;la integraci\u00f3 de&nbsp;biomarcadors&nbsp;digitals obtinguts amb tel\u00e8fons intel\u00b7ligents pot millorar la detecci\u00f3, comprensi\u00f3 i el maneig de l&#8217;apnea del son despr\u00e9s d&#8217;un ictus, reduint el seu impacte cl\u00ednic i afavorint la recuperaci\u00f3 funcional&#8221;.<\/em>&nbsp;<\/p>\n\n\n\n<p>L&#8217;estudi es va realitzar amb 30 pacients en fase subaguda d&#8217;ictus i 30 persones que no havien patit ictus (17 homes i 13 dones), amb edats compreses entre 33 i 63 anys. Els&nbsp;resultats van revelar que el 67% dels pacients d&#8217;ictus patien apnea del son de moderada a greu davant un 40% en el grup control, mentre que l&#8217;apnea greu es va trobar en el 40% dels pacients amb ictus i el 7% dels controls.&nbsp;&nbsp;<\/p>\n\n\n\n<p><em>El nostre estudi va permetre una descripci\u00f3 detallada de l&#8217;apnea del son i dels patrons de posici\u00f3 despr\u00e9s d&#8217;un ictus, aix\u00ed com una comparaci\u00f3 amb un grup control sense discapacitat. Hem observat una alta prevalen\u00e7a d&#8217;apnea del son, respiraci\u00f3 bucal i posici\u00f3 supina en son en supervivents d&#8217;ictus, factors que contribueixen a l&#8217;obstrucci\u00f3 de la via a\u00e8ria.<\/em>&nbsp;<\/p>\n\n\n\n<p><em>Yolanda Castillo, investigadora de l&#8217;IBEC&nbsp;i del CIBER-BBN&nbsp;i primera autora de l&#8217;estudi.&nbsp;<\/em>&nbsp;<\/p>\n\n\n\n<p>Aquest nou enfocament obre la porta a incorporar una eina simple, accessible i port\u00e0til per al monitoratge del son en entorns cl\u00ednics i domiciliaris, especialment en fases primerenques de la rehabilitaci\u00f3 post ictus.&nbsp;&nbsp;<\/p>\n\n\n\n<p>El treball posa en relleu el potencial de la tecnologia m\u00f2bil per democratitzar l&#8217;acc\u00e9s a estudis del son i avan\u00e7ar cap a una atenci\u00f3 m\u00e9s personalitzada en pacients neurol\u00f2gics.&nbsp;<\/p>\n\n\n\n<p><strong>Article de refer\u00e8ncia:<\/strong>&nbsp;<\/p>\n\n\n\n<p>Yolanda Castillo-Escario, Sergiu Albu, Hatice&nbsp;Kumru, and Raimon Jan\u00e9.&nbsp;<strong>Evaluation of Sleep Apnea in Stroke Patients Using a Portable Smartphone-Based System<\/strong><em>.&nbsp;<\/em><em>IEEE&nbsp;Transactions&nbsp;on&nbsp;Neural&nbsp;Systems&nbsp;and&nbsp;Rehabilitation&nbsp;Engineering&nbsp;<\/em>(2025). DOI:&nbsp;<a href=\"https:\/\/doi.org\/10.1109\/TNSRE.2025.3628132\" target=\"_blank\" rel=\"noreferrer noopener\">10.1109\/TNSRE.2025.3628132<\/a>&nbsp;<\/p>\n","protected":false},"excerpt":{"rendered":"<p>Un equip d\u2019investigaci\u00f3 liderat per l\u2019Institut de Bioenginyeria de Catalunya (IBEC) ha desenvolupat un innovador sistema port\u00e0til basat en tel\u00e8fons intel\u00b7ligents per avaluar l\u2019apnea del son en individus amb diferents condicions de salut. L\u2019estudi, publicat a IEEE Transactions on Neural Systems and Rehabilitation Engineering, en col\u00b7laboraci\u00f3 amb l\u2019Institut Guttmann, demostra que aquesta tecnologia pot facilitar la detecci\u00f3 primerenca d\u2019un trastorn freq\u00fcent per\u00f2 infradiagnosticat, que afecta negativament la recuperaci\u00f3 i la rehabilitaci\u00f3 despr\u00e9s de l&#8217;ictus. <\/p>\n","protected":false},"author":53,"featured_media":131129,"comment_status":"closed","ping_status":"closed","sticky":false,"template":"","format":"standard","meta":{"footnotes":""},"categories":[96],"tags":[1631,2066,1116],"post_formats":[],"class_list":["post-131135","post","type-post","status-publish","format-standard","has-post-thumbnail","hentry","category-noticies-de-recerca","tag-apnea-2-ca","tag-biomedical-signal-processing-and-interpretation-ca","tag-raimon-jane-ca"],"yoast_head":"<!-- This site is optimized with the Yoast SEO plugin v27.5 - https:\/\/yoast.com\/product\/yoast-seo-wordpress\/ -->\n<title>La tecnologia m\u00f2bil revoluciona el diagn\u00f2stic d&#039;apnea del son despr\u00e9s d&#039;un ictus\u00a0 - Institute for Bioengineering of Catalonia<\/title>\n<meta name=\"robots\" content=\"index, follow, max-snippet:-1, max-image-preview:large, max-video-preview:-1\" \/>\n<link rel=\"canonical\" href=\"https:\/\/ibecbarcelona.eu\/ca\/la-tecnologia-movil-revoluciona-el-diagnostico-de-apnea-del-sueno-tras-un-ictus\/\" \/>\n<meta property=\"og:locale\" content=\"ca_ES\" \/>\n<meta property=\"og:type\" content=\"article\" \/>\n<meta property=\"og:title\" content=\"La tecnologia m\u00f2bil revoluciona el diagn\u00f2stic d&#039;apnea del son despr\u00e9s d&#039;un ictus\u00a0 - Institute for Bioengineering of Catalonia\" \/>\n<meta property=\"og:description\" content=\"Un equip d\u2019investigaci\u00f3 liderat per l\u2019Institut de Bioenginyeria de Catalunya (IBEC) ha desenvolupat un innovador sistema port\u00e0til basat en tel\u00e8fons intel\u00b7ligents per avaluar l\u2019apnea del son en individus amb diferents condicions de salut. L\u2019estudi, publicat a IEEE Transactions on Neural Systems and Rehabilitation Engineering, en col\u00b7laboraci\u00f3 amb l\u2019Institut Guttmann, demostra que aquesta tecnologia pot facilitar la detecci\u00f3 primerenca d\u2019un trastorn freq\u00fcent per\u00f2 infradiagnosticat, que afecta negativament la recuperaci\u00f3 i la rehabilitaci\u00f3 despr\u00e9s de l&#039;ictus.\" \/>\n<meta property=\"og:url\" content=\"https:\/\/ibecbarcelona.eu\/ca\/la-tecnologia-movil-revoluciona-el-diagnostico-de-apnea-del-sueno-tras-un-ictus\/\" \/>\n<meta property=\"og:site_name\" content=\"Institute for Bioengineering of Catalonia\" \/>\n<meta property=\"article:published_time\" content=\"2025-12-23T08:38:51+00:00\" \/>\n<meta property=\"article:modified_time\" content=\"2025-12-23T08:46:47+00:00\" \/>\n<meta property=\"og:image\" content=\"https:\/\/ibecbarcelona.eu\/wp-content\/uploads\/2025\/12\/freepik__the-style-is-candid-image-photography-with-natural__6853-1024x683.png\" \/>\n\t<meta property=\"og:image:width\" content=\"1024\" \/>\n\t<meta property=\"og:image:height\" content=\"683\" \/>\n\t<meta property=\"og:image:type\" content=\"image\/png\" \/>\n<meta name=\"author\" content=\"In\u00e9s Gonz\u00e1lez Cabezas\" \/>\n<meta name=\"twitter:card\" content=\"summary_large_image\" \/>\n<meta name=\"twitter:label1\" content=\"Escrit per\" \/>\n\t<meta name=\"twitter:data1\" content=\"In\u00e9s Gonz\u00e1lez Cabezas\" \/>\n\t<meta name=\"twitter:label2\" content=\"Temps estimat de lectura\" \/>\n\t<meta name=\"twitter:data2\" content=\"4 minuts\" \/>\n<script type=\"application\/ld+json\" class=\"yoast-schema-graph\">{\"@context\":\"https:\\\/\\\/schema.org\",\"@graph\":[{\"@type\":\"Article\",\"@id\":\"https:\\\/\\\/ibecbarcelona.eu\\\/ca\\\/la-tecnologia-movil-revoluciona-el-diagnostico-de-apnea-del-sueno-tras-un-ictus\\\/#article\",\"isPartOf\":{\"@id\":\"https:\\\/\\\/ibecbarcelona.eu\\\/ca\\\/la-tecnologia-movil-revoluciona-el-diagnostico-de-apnea-del-sueno-tras-un-ictus\\\/\"},\"author\":{\"name\":\"In\u00e9s Gonz\u00e1lez Cabezas\",\"@id\":\"https:\\\/\\\/ibecbarcelona.eu\\\/#\\\/schema\\\/person\\\/59695e805ce4fb0f0be7bad8ebfd1f78\"},\"headline\":\"La tecnologia m\u00f2bil revoluciona el diagn\u00f2stic d&#8217;apnea del son despr\u00e9s d&#8217;un ictus\u00a0\",\"datePublished\":\"2025-12-23T08:38:51+00:00\",\"dateModified\":\"2025-12-23T08:46:47+00:00\",\"mainEntityOfPage\":{\"@id\":\"https:\\\/\\\/ibecbarcelona.eu\\\/ca\\\/la-tecnologia-movil-revoluciona-el-diagnostico-de-apnea-del-sueno-tras-un-ictus\\\/\"},\"wordCount\":740,\"publisher\":{\"@id\":\"https:\\\/\\\/ibecbarcelona.eu\\\/#organization\"},\"image\":{\"@id\":\"https:\\\/\\\/ibecbarcelona.eu\\\/ca\\\/la-tecnologia-movil-revoluciona-el-diagnostico-de-apnea-del-sueno-tras-un-ictus\\\/#primaryimage\"},\"thumbnailUrl\":\"https:\\\/\\\/ibecbarcelona.eu\\\/wp-content\\\/uploads\\\/2025\\\/12\\\/freepik__the-style-is-candid-image-photography-with-natural__6853.png\",\"keywords\":[\"Apnea\",\"Biomedical signal processing and interpretation\",\"Raimon Jane\"],\"articleSection\":[\"Not\u00edcies de recerca\"],\"inLanguage\":\"ca\"},{\"@type\":\"WebPage\",\"@id\":\"https:\\\/\\\/ibecbarcelona.eu\\\/ca\\\/la-tecnologia-movil-revoluciona-el-diagnostico-de-apnea-del-sueno-tras-un-ictus\\\/\",\"url\":\"https:\\\/\\\/ibecbarcelona.eu\\\/ca\\\/la-tecnologia-movil-revoluciona-el-diagnostico-de-apnea-del-sueno-tras-un-ictus\\\/\",\"name\":\"La tecnologia m\u00f2bil revoluciona el diagn\u00f2stic d'apnea del son despr\u00e9s d'un ictus\u00a0 - Institute for Bioengineering of Catalonia\",\"isPartOf\":{\"@id\":\"https:\\\/\\\/ibecbarcelona.eu\\\/#website\"},\"primaryImageOfPage\":{\"@id\":\"https:\\\/\\\/ibecbarcelona.eu\\\/ca\\\/la-tecnologia-movil-revoluciona-el-diagnostico-de-apnea-del-sueno-tras-un-ictus\\\/#primaryimage\"},\"image\":{\"@id\":\"https:\\\/\\\/ibecbarcelona.eu\\\/ca\\\/la-tecnologia-movil-revoluciona-el-diagnostico-de-apnea-del-sueno-tras-un-ictus\\\/#primaryimage\"},\"thumbnailUrl\":\"https:\\\/\\\/ibecbarcelona.eu\\\/wp-content\\\/uploads\\\/2025\\\/12\\\/freepik__the-style-is-candid-image-photography-with-natural__6853.png\",\"datePublished\":\"2025-12-23T08:38:51+00:00\",\"dateModified\":\"2025-12-23T08:46:47+00:00\",\"breadcrumb\":{\"@id\":\"https:\\\/\\\/ibecbarcelona.eu\\\/ca\\\/la-tecnologia-movil-revoluciona-el-diagnostico-de-apnea-del-sueno-tras-un-ictus\\\/#breadcrumb\"},\"inLanguage\":\"ca\",\"potentialAction\":[{\"@type\":\"ReadAction\",\"target\":[\"https:\\\/\\\/ibecbarcelona.eu\\\/ca\\\/la-tecnologia-movil-revoluciona-el-diagnostico-de-apnea-del-sueno-tras-un-ictus\\\/\"]}]},{\"@type\":\"ImageObject\",\"inLanguage\":\"ca\",\"@id\":\"https:\\\/\\\/ibecbarcelona.eu\\\/ca\\\/la-tecnologia-movil-revoluciona-el-diagnostico-de-apnea-del-sueno-tras-un-ictus\\\/#primaryimage\",\"url\":\"https:\\\/\\\/ibecbarcelona.eu\\\/wp-content\\\/uploads\\\/2025\\\/12\\\/freepik__the-style-is-candid-image-photography-with-natural__6853.png\",\"contentUrl\":\"https:\\\/\\\/ibecbarcelona.eu\\\/wp-content\\\/uploads\\\/2025\\\/12\\\/freepik__the-style-is-candid-image-photography-with-natural__6853.png\",\"width\":2352,\"height\":1568},{\"@type\":\"BreadcrumbList\",\"@id\":\"https:\\\/\\\/ibecbarcelona.eu\\\/ca\\\/la-tecnologia-movil-revoluciona-el-diagnostico-de-apnea-del-sueno-tras-un-ictus\\\/#breadcrumb\",\"itemListElement\":[{\"@type\":\"ListItem\",\"position\":1,\"name\":\"Home\",\"item\":\"https:\\\/\\\/ibecbarcelona.eu\\\/ca\\\/\"},{\"@type\":\"ListItem\",\"position\":2,\"name\":\"La tecnologia m\u00f2bil revoluciona el diagn\u00f2stic d&#8217;apnea del son despr\u00e9s d&#8217;un ictus\u00a0\"}]},{\"@type\":\"WebSite\",\"@id\":\"https:\\\/\\\/ibecbarcelona.eu\\\/#website\",\"url\":\"https:\\\/\\\/ibecbarcelona.eu\\\/\",\"name\":\"Institute for Bioengineering of Catalonia\",\"description\":\"Bioengineering Solutions for Health\",\"publisher\":{\"@id\":\"https:\\\/\\\/ibecbarcelona.eu\\\/#organization\"},\"potentialAction\":[{\"@type\":\"SearchAction\",\"target\":{\"@type\":\"EntryPoint\",\"urlTemplate\":\"https:\\\/\\\/ibecbarcelona.eu\\\/?s={search_term_string}\"},\"query-input\":{\"@type\":\"PropertyValueSpecification\",\"valueRequired\":true,\"valueName\":\"search_term_string\"}}],\"inLanguage\":\"ca\"},{\"@type\":\"Organization\",\"@id\":\"https:\\\/\\\/ibecbarcelona.eu\\\/#organization\",\"name\":\"Institute for Bioengineering of Catalonia\",\"url\":\"https:\\\/\\\/ibecbarcelona.eu\\\/\",\"logo\":{\"@type\":\"ImageObject\",\"inLanguage\":\"ca\",\"@id\":\"https:\\\/\\\/ibecbarcelona.eu\\\/#\\\/schema\\\/logo\\\/image\\\/\",\"url\":\"https:\\\/\\\/ibecbarcelona.eu\\\/wp-content\\\/uploads\\\/2026\\\/01\\\/cropped-IBEC_20ANYS_GRIS.png\",\"contentUrl\":\"https:\\\/\\\/ibecbarcelona.eu\\\/wp-content\\\/uploads\\\/2026\\\/01\\\/cropped-IBEC_20ANYS_GRIS.png\",\"width\":696,\"height\":257,\"caption\":\"Institute for Bioengineering of Catalonia\"},\"image\":{\"@id\":\"https:\\\/\\\/ibecbarcelona.eu\\\/#\\\/schema\\\/logo\\\/image\\\/\"}},{\"@type\":\"Person\",\"@id\":\"https:\\\/\\\/ibecbarcelona.eu\\\/#\\\/schema\\\/person\\\/59695e805ce4fb0f0be7bad8ebfd1f78\",\"name\":\"In\u00e9s Gonz\u00e1lez Cabezas\",\"image\":{\"@type\":\"ImageObject\",\"inLanguage\":\"ca\",\"@id\":\"https:\\\/\\\/secure.gravatar.com\\\/avatar\\\/864641a437d07a830af3ffb2bc8b06483fe3cd01c0014c327aaeb937f500c1df?s=96&d=mm&r=g\",\"url\":\"https:\\\/\\\/secure.gravatar.com\\\/avatar\\\/864641a437d07a830af3ffb2bc8b06483fe3cd01c0014c327aaeb937f500c1df?s=96&d=mm&r=g\",\"contentUrl\":\"https:\\\/\\\/secure.gravatar.com\\\/avatar\\\/864641a437d07a830af3ffb2bc8b06483fe3cd01c0014c327aaeb937f500c1df?s=96&d=mm&r=g\",\"caption\":\"In\u00e9s Gonz\u00e1lez Cabezas\"},\"url\":\"https:\\\/\\\/ibecbarcelona.eu\\\/ca\\\/author\\\/igonzalezc\\\/\"}]}<\/script>\n<!-- \/ Yoast SEO plugin. -->","yoast_head_json":{"title":"La tecnologia m\u00f2bil revoluciona el diagn\u00f2stic d'apnea del son despr\u00e9s d'un ictus\u00a0 - Institute for Bioengineering of Catalonia","robots":{"index":"index","follow":"follow","max-snippet":"max-snippet:-1","max-image-preview":"max-image-preview:large","max-video-preview":"max-video-preview:-1"},"canonical":"https:\/\/ibecbarcelona.eu\/ca\/la-tecnologia-movil-revoluciona-el-diagnostico-de-apnea-del-sueno-tras-un-ictus\/","og_locale":"ca_ES","og_type":"article","og_title":"La tecnologia m\u00f2bil revoluciona el diagn\u00f2stic d'apnea del son despr\u00e9s d'un ictus\u00a0 - Institute for Bioengineering of Catalonia","og_description":"Un equip d\u2019investigaci\u00f3 liderat per l\u2019Institut de Bioenginyeria de Catalunya (IBEC) ha desenvolupat un innovador sistema port\u00e0til basat en tel\u00e8fons intel\u00b7ligents per avaluar l\u2019apnea del son en individus amb diferents condicions de salut. L\u2019estudi, publicat a IEEE Transactions on Neural Systems and Rehabilitation Engineering, en col\u00b7laboraci\u00f3 amb l\u2019Institut Guttmann, demostra que aquesta tecnologia pot facilitar la detecci\u00f3 primerenca d\u2019un trastorn freq\u00fcent per\u00f2 infradiagnosticat, que afecta negativament la recuperaci\u00f3 i la rehabilitaci\u00f3 despr\u00e9s de l'ictus.","og_url":"https:\/\/ibecbarcelona.eu\/ca\/la-tecnologia-movil-revoluciona-el-diagnostico-de-apnea-del-sueno-tras-un-ictus\/","og_site_name":"Institute for Bioengineering of Catalonia","article_published_time":"2025-12-23T08:38:51+00:00","article_modified_time":"2025-12-23T08:46:47+00:00","og_image":[{"width":1024,"height":683,"url":"https:\/\/ibecbarcelona.eu\/wp-content\/uploads\/2025\/12\/freepik__the-style-is-candid-image-photography-with-natural__6853-1024x683.png","type":"image\/png"}],"author":"In\u00e9s Gonz\u00e1lez Cabezas","twitter_card":"summary_large_image","twitter_misc":{"Escrit per":"In\u00e9s Gonz\u00e1lez Cabezas","Temps estimat de lectura":"4 minuts"},"schema":{"@context":"https:\/\/schema.org","@graph":[{"@type":"Article","@id":"https:\/\/ibecbarcelona.eu\/ca\/la-tecnologia-movil-revoluciona-el-diagnostico-de-apnea-del-sueno-tras-un-ictus\/#article","isPartOf":{"@id":"https:\/\/ibecbarcelona.eu\/ca\/la-tecnologia-movil-revoluciona-el-diagnostico-de-apnea-del-sueno-tras-un-ictus\/"},"author":{"name":"In\u00e9s Gonz\u00e1lez Cabezas","@id":"https:\/\/ibecbarcelona.eu\/#\/schema\/person\/59695e805ce4fb0f0be7bad8ebfd1f78"},"headline":"La tecnologia m\u00f2bil revoluciona el diagn\u00f2stic d&#8217;apnea del son despr\u00e9s d&#8217;un ictus\u00a0","datePublished":"2025-12-23T08:38:51+00:00","dateModified":"2025-12-23T08:46:47+00:00","mainEntityOfPage":{"@id":"https:\/\/ibecbarcelona.eu\/ca\/la-tecnologia-movil-revoluciona-el-diagnostico-de-apnea-del-sueno-tras-un-ictus\/"},"wordCount":740,"publisher":{"@id":"https:\/\/ibecbarcelona.eu\/#organization"},"image":{"@id":"https:\/\/ibecbarcelona.eu\/ca\/la-tecnologia-movil-revoluciona-el-diagnostico-de-apnea-del-sueno-tras-un-ictus\/#primaryimage"},"thumbnailUrl":"https:\/\/ibecbarcelona.eu\/wp-content\/uploads\/2025\/12\/freepik__the-style-is-candid-image-photography-with-natural__6853.png","keywords":["Apnea","Biomedical signal processing and interpretation","Raimon Jane"],"articleSection":["Not\u00edcies de recerca"],"inLanguage":"ca"},{"@type":"WebPage","@id":"https:\/\/ibecbarcelona.eu\/ca\/la-tecnologia-movil-revoluciona-el-diagnostico-de-apnea-del-sueno-tras-un-ictus\/","url":"https:\/\/ibecbarcelona.eu\/ca\/la-tecnologia-movil-revoluciona-el-diagnostico-de-apnea-del-sueno-tras-un-ictus\/","name":"La tecnologia m\u00f2bil revoluciona el diagn\u00f2stic d'apnea del son despr\u00e9s d'un ictus\u00a0 - Institute for Bioengineering of Catalonia","isPartOf":{"@id":"https:\/\/ibecbarcelona.eu\/#website"},"primaryImageOfPage":{"@id":"https:\/\/ibecbarcelona.eu\/ca\/la-tecnologia-movil-revoluciona-el-diagnostico-de-apnea-del-sueno-tras-un-ictus\/#primaryimage"},"image":{"@id":"https:\/\/ibecbarcelona.eu\/ca\/la-tecnologia-movil-revoluciona-el-diagnostico-de-apnea-del-sueno-tras-un-ictus\/#primaryimage"},"thumbnailUrl":"https:\/\/ibecbarcelona.eu\/wp-content\/uploads\/2025\/12\/freepik__the-style-is-candid-image-photography-with-natural__6853.png","datePublished":"2025-12-23T08:38:51+00:00","dateModified":"2025-12-23T08:46:47+00:00","breadcrumb":{"@id":"https:\/\/ibecbarcelona.eu\/ca\/la-tecnologia-movil-revoluciona-el-diagnostico-de-apnea-del-sueno-tras-un-ictus\/#breadcrumb"},"inLanguage":"ca","potentialAction":[{"@type":"ReadAction","target":["https:\/\/ibecbarcelona.eu\/ca\/la-tecnologia-movil-revoluciona-el-diagnostico-de-apnea-del-sueno-tras-un-ictus\/"]}]},{"@type":"ImageObject","inLanguage":"ca","@id":"https:\/\/ibecbarcelona.eu\/ca\/la-tecnologia-movil-revoluciona-el-diagnostico-de-apnea-del-sueno-tras-un-ictus\/#primaryimage","url":"https:\/\/ibecbarcelona.eu\/wp-content\/uploads\/2025\/12\/freepik__the-style-is-candid-image-photography-with-natural__6853.png","contentUrl":"https:\/\/ibecbarcelona.eu\/wp-content\/uploads\/2025\/12\/freepik__the-style-is-candid-image-photography-with-natural__6853.png","width":2352,"height":1568},{"@type":"BreadcrumbList","@id":"https:\/\/ibecbarcelona.eu\/ca\/la-tecnologia-movil-revoluciona-el-diagnostico-de-apnea-del-sueno-tras-un-ictus\/#breadcrumb","itemListElement":[{"@type":"ListItem","position":1,"name":"Home","item":"https:\/\/ibecbarcelona.eu\/ca\/"},{"@type":"ListItem","position":2,"name":"La tecnologia m\u00f2bil revoluciona el diagn\u00f2stic d&#8217;apnea del son despr\u00e9s d&#8217;un ictus\u00a0"}]},{"@type":"WebSite","@id":"https:\/\/ibecbarcelona.eu\/#website","url":"https:\/\/ibecbarcelona.eu\/","name":"Institute for Bioengineering of Catalonia","description":"Bioengineering Solutions for Health","publisher":{"@id":"https:\/\/ibecbarcelona.eu\/#organization"},"potentialAction":[{"@type":"SearchAction","target":{"@type":"EntryPoint","urlTemplate":"https:\/\/ibecbarcelona.eu\/?s={search_term_string}"},"query-input":{"@type":"PropertyValueSpecification","valueRequired":true,"valueName":"search_term_string"}}],"inLanguage":"ca"},{"@type":"Organization","@id":"https:\/\/ibecbarcelona.eu\/#organization","name":"Institute for Bioengineering of Catalonia","url":"https:\/\/ibecbarcelona.eu\/","logo":{"@type":"ImageObject","inLanguage":"ca","@id":"https:\/\/ibecbarcelona.eu\/#\/schema\/logo\/image\/","url":"https:\/\/ibecbarcelona.eu\/wp-content\/uploads\/2026\/01\/cropped-IBEC_20ANYS_GRIS.png","contentUrl":"https:\/\/ibecbarcelona.eu\/wp-content\/uploads\/2026\/01\/cropped-IBEC_20ANYS_GRIS.png","width":696,"height":257,"caption":"Institute for Bioengineering of Catalonia"},"image":{"@id":"https:\/\/ibecbarcelona.eu\/#\/schema\/logo\/image\/"}},{"@type":"Person","@id":"https:\/\/ibecbarcelona.eu\/#\/schema\/person\/59695e805ce4fb0f0be7bad8ebfd1f78","name":"In\u00e9s Gonz\u00e1lez Cabezas","image":{"@type":"ImageObject","inLanguage":"ca","@id":"https:\/\/secure.gravatar.com\/avatar\/864641a437d07a830af3ffb2bc8b06483fe3cd01c0014c327aaeb937f500c1df?s=96&d=mm&r=g","url":"https:\/\/secure.gravatar.com\/avatar\/864641a437d07a830af3ffb2bc8b06483fe3cd01c0014c327aaeb937f500c1df?s=96&d=mm&r=g","contentUrl":"https:\/\/secure.gravatar.com\/avatar\/864641a437d07a830af3ffb2bc8b06483fe3cd01c0014c327aaeb937f500c1df?s=96&d=mm&r=g","caption":"In\u00e9s Gonz\u00e1lez Cabezas"},"url":"https:\/\/ibecbarcelona.eu\/ca\/author\/igonzalezc\/"}]}},"AFP_featured_media_urls":{"full":["https:\/\/ibecbarcelona.eu\/wp-content\/uploads\/2025\/12\/freepik__the-style-is-candid-image-photography-with-natural__6853.png",2352,1568,false],"thumbnail":["https:\/\/ibecbarcelona.eu\/wp-content\/uploads\/2025\/12\/freepik__the-style-is-candid-image-photography-with-natural__6853-150x150.png",150,150,true],"medium":["https:\/\/ibecbarcelona.eu\/wp-content\/uploads\/2025\/12\/freepik__the-style-is-candid-image-photography-with-natural__6853-300x200.png",300,200,true],"medium_large":["https:\/\/ibecbarcelona.eu\/wp-content\/uploads\/2025\/12\/freepik__the-style-is-candid-image-photography-with-natural__6853-768x512.png",768,512,true],"large":["https:\/\/ibecbarcelona.eu\/wp-content\/uploads\/2025\/12\/freepik__the-style-is-candid-image-photography-with-natural__6853-1024x683.png",1024,683,true]},"AFP_attachments":{"full":["https:\/\/ibecbarcelona.eu\/wp-content\/uploads\/2025\/12\/freepik__the-style-is-candid-image-photography-with-natural__6853.png",2352,1568,false],"thumbnail":["https:\/\/ibecbarcelona.eu\/wp-content\/uploads\/2025\/12\/freepik__the-style-is-candid-image-photography-with-natural__6853-150x150.png",150,150,true],"medium":["https:\/\/ibecbarcelona.eu\/wp-content\/uploads\/2025\/12\/freepik__the-style-is-candid-image-photography-with-natural__6853-300x200.png",300,200,true],"medium_large":["https:\/\/ibecbarcelona.eu\/wp-content\/uploads\/2025\/12\/freepik__the-style-is-candid-image-photography-with-natural__6853-768x512.png",768,512,true],"large":["https:\/\/ibecbarcelona.eu\/wp-content\/uploads\/2025\/12\/freepik__the-style-is-candid-image-photography-with-natural__6853-1024x683.png",1024,683,true]},"AFP_videos":[],"AFP_video_blocks":"","AFP_category_names":["Not\u00edcies de recerca"],"_links":{"self":[{"href":"https:\/\/ibecbarcelona.eu\/ca\/wp-json\/wp\/v2\/posts\/131135","targetHints":{"allow":["GET"]}}],"collection":[{"href":"https:\/\/ibecbarcelona.eu\/ca\/wp-json\/wp\/v2\/posts"}],"about":[{"href":"https:\/\/ibecbarcelona.eu\/ca\/wp-json\/wp\/v2\/types\/post"}],"author":[{"embeddable":true,"href":"https:\/\/ibecbarcelona.eu\/ca\/wp-json\/wp\/v2\/users\/53"}],"replies":[{"embeddable":true,"href":"https:\/\/ibecbarcelona.eu\/ca\/wp-json\/wp\/v2\/comments?post=131135"}],"version-history":[{"count":5,"href":"https:\/\/ibecbarcelona.eu\/ca\/wp-json\/wp\/v2\/posts\/131135\/revisions"}],"predecessor-version":[{"id":131145,"href":"https:\/\/ibecbarcelona.eu\/ca\/wp-json\/wp\/v2\/posts\/131135\/revisions\/131145"}],"wp:featuredmedia":[{"embeddable":true,"href":"https:\/\/ibecbarcelona.eu\/ca\/wp-json\/wp\/v2\/media\/131129"}],"wp:attachment":[{"href":"https:\/\/ibecbarcelona.eu\/ca\/wp-json\/wp\/v2\/media?parent=131135"}],"wp:term":[{"taxonomy":"category","embeddable":true,"href":"https:\/\/ibecbarcelona.eu\/ca\/wp-json\/wp\/v2\/categories?post=131135"},{"taxonomy":"post_tag","embeddable":true,"href":"https:\/\/ibecbarcelona.eu\/ca\/wp-json\/wp\/v2\/tags?post=131135"},{"taxonomy":"post_format","embeddable":true,"href":"https:\/\/ibecbarcelona.eu\/ca\/wp-json\/wp\/v2\/post_formats?post=131135"}],"curies":[{"name":"wp","href":"https:\/\/api.w.org\/{rel}","templated":true}]}}