
{"id":132823,"date":"2026-03-09T12:00:00","date_gmt":"2026-03-09T11:00:00","guid":{"rendered":"https:\/\/ibecbarcelona.eu\/bist-calls-for-reforms-to-turn-scientific-discoveries-into-european-industry\/"},"modified":"2026-03-17T14:52:00","modified_gmt":"2026-03-17T13:52:00","slug":"bist-calls-for-reforms-to-turn-scientific-discoveries-into-european-industry","status":"publish","type":"post","link":"https:\/\/ibecbarcelona.eu\/ca\/el-bist-advoca-per-reformes-per-convertir-els-descobriments-cientifics-en-industria-europea","title":{"rendered":"El BIST advoca per reformes per convertir els descobriments cient\u00edfics en ind\u00fastria europea"},"content":{"rendered":"\n<p><strong><strong>El BIST Forum 2026 va reunir personal cient\u00edfic i representants d&#8217;institucions acad\u00e8miques, econ\u00f2miques i socials per debatre com la recerca d&#8217;avantguarda pot contribuir a construir les ind\u00fastries europees del futur. En l&#8217;esdeveniment tamb\u00e9 es van donar a con\u00e8ixer els beneficiaris i benefici\u00e0ries dels programes \u00abBIST To the Mothers of Science\u00bb i \u00abIgnite\u00bb.<\/strong><\/strong><\/p>\n\n\n\n<figure class=\"wp-block-image size-large\"><img decoding=\"async\" width=\"1024\" height=\"683\" data-src=\"https:\/\/ibecbarcelona.eu\/wp-content\/uploads\/2026\/03\/55137659161_e33510cfa5_k-1024x683.jpg\" alt=\"\" class=\"wp-image-132777 lazyload\" data-srcset=\"https:\/\/ibecbarcelona.eu\/wp-content\/uploads\/2026\/03\/55137659161_e33510cfa5_k-1024x683.jpg 1024w, https:\/\/ibecbarcelona.eu\/wp-content\/uploads\/2026\/03\/55137659161_e33510cfa5_k-300x200.jpg 300w, https:\/\/ibecbarcelona.eu\/wp-content\/uploads\/2026\/03\/55137659161_e33510cfa5_k-768x512.jpg 768w, https:\/\/ibecbarcelona.eu\/wp-content\/uploads\/2026\/03\/55137659161_e33510cfa5_k-1536x1024.jpg 1536w, https:\/\/ibecbarcelona.eu\/wp-content\/uploads\/2026\/03\/55137659161_e33510cfa5_k-1200x800.jpg 1200w, https:\/\/ibecbarcelona.eu\/wp-content\/uploads\/2026\/03\/55137659161_e33510cfa5_k-600x400.jpg 600w, https:\/\/ibecbarcelona.eu\/wp-content\/uploads\/2026\/03\/55137659161_e33510cfa5_k.jpg 2048w\" data-sizes=\"(max-width: 1024px) 100vw, 1024px\" src=\"data:image\/svg+xml;base64,PHN2ZyB3aWR0aD0iMSIgaGVpZ2h0PSIxIiB4bWxucz0iaHR0cDovL3d3dy53My5vcmcvMjAwMC9zdmciPjwvc3ZnPg==\" style=\"--smush-placeholder-width: 1024px; --smush-placeholder-aspect-ratio: 1024\/683;\" \/><\/figure>\n\n\n\n<div style=\"height:20px\" aria-hidden=\"true\" class=\"wp-block-spacer\"><\/div>\n\n\n\n<p>La comunitat cient\u00edfica del BIST, que agrupa set centres de recerca d&#8217;avantguarda de Catalunya, es va reunir el 6 de mar\u00e7 amb motiu de la seva trobada anual, el BIST Forum. L&#8217;edici\u00f3 d&#8217;enguany, titulada <a href=\"https:\/\/bist.eu\/events\/event\/bist-forum-2026\/\">\u00abInvestigaci\u00f3 d&#8217;avantguarda: la base per a una nova ind\u00fastria\u00bb<\/a>, va analitzar els canvis necessaris perqu\u00e8 la recerca d&#8217;avantguarda contribueixi a l&#8217;autonomia estrat\u00e8gica i la competitivitat d&#8217;Europa, i per fomentar la creaci\u00f3 de les ind\u00fastries del futur, en conson\u00e0ncia amb l&#8217;Informe Draghi.<\/p>\n\n\n\n<p>El F\u00f2rum BIST va reunir al CosmocaCaixa (Barcelona) m\u00e9s de 200 participants dels \u00e0mbits cient\u00edfic, pol\u00edtic, econ\u00f2mic i social, entre els quals hi havia rectors universitaris, directors de centres de recerca, representants del Cercle d&#8217;Economia i de Foment del Treball, fons d&#8217;inversi\u00f3 i investigadors dels set centres que conformen la comunitat BIST (CRG,&nbsp; IBEC, ICFO, ICIQ, ICN2, IFAE i IRB Barcelona).<\/p>\n\n\n\n<p>Segons <strong>Nadia Calvi\u00f1o<\/strong>, presidenta del Banc Europeu d&#8217;Inversions (BEI), <em>\u00abEuropa \u00e9s una aut\u00e8ntica pot\u00e8ncia. Comptem amb centres d&#8217;excel\u00b7l\u00e8ncia en \u00e0mbits com les tecnologies qu\u00e0ntiques i la rob\u00f2tica industrial, aix\u00ed com amb un ecosistema molt din\u00e0mic de start-ups i capital risc. Si unim forces entre els sectors p\u00fablic i privat, Europa t\u00e9 tot el potencial necessari per abordar els grans reptes del futur sense deixar de generar prosperitat i seguretat per als seus ciutadans\u00bb.<\/em><\/p>\n\n\n\n<p>Calvi\u00f1o tamb\u00e9 va destacar que l&#8217;actual context mundial turbulent fa que aquest sigui <em>\u00abel moment d&#8217;Europa: \u00e9s un punt de refer\u00e8ncia de confian\u00e7a per als inversors i t\u00e9 un enorme potencial per mobilitzar capital i canalitzar l&#8217;estalvi cap a la inversi\u00f3 productiva\u00bb.<\/em><\/p>\n\n\n\n<p>En la seva intervenci\u00f3, el conseller d&#8217;Ind\u00fastria i Turisme de Catalunya, <strong>Jordi Hereu<\/strong>, va destacar la recerca d&#8217;avantguarda com <em>\u00abla base tant per a les noves ind\u00fastries que estan sorgint com per a la transformaci\u00f3 dels sectors industrials que sustenten la nostra economia\u00bb.<\/em> Tamb\u00e9 va subratllar la necessitat d&#8217;una <em>\u00abmillor regulaci\u00f3\u00bb<\/em> per accelerar la integraci\u00f3 dels nous coneixements en la ind\u00fastria.<\/p>\n\n\n\n<p>Per a la consellera de Recerca i Universitats de Catalunya, <strong>N\u00faria Montserrat<\/strong>, <em>\u00abCatalunya compta amb una base cient\u00edfica molt s\u00f2lida, per\u00f2 encara hem de refor\u00e7ar la nostra capacitat per convertir la recerca en innovaci\u00f3, i la innovaci\u00f3 en ind\u00fastria. Per aconseguir-ho, necessitem estrat\u00e8gies compartides que facin de la transfer\u00e8ncia de coneixement un veritable motor de desenvolupament\u00bb.<\/em><\/p>\n\n\n\n<p>Finalment, la tinent d&#8217;alcalde de Barcelona, <strong>M. Eug\u00e8nia Gay<\/strong>, es va referir a la ciutat com <em>\u00abun dels ecosistemes cient\u00edfics l\u00edders al sud d&#8217;Europa\u00bb<\/em>, que treballa per generar impacte <em>\u00abm\u00e9s enll\u00e0 del laboratori i per respondre a reptes globals com la intel\u00b7lig\u00e8ncia artificial, el canvi clim\u00e0tic i la salut\u00bb.<\/em>. Les ciutats que lideraran el futur, va concloure, seran <em>\u00abaquelles capaces de formar, retenir i connectar el talent\u00bb.<\/em><\/p>\n\n\n\n<figure class=\"wp-block-gallery has-nested-images columns-default is-cropped wp-block-gallery-1 is-layout-flex wp-block-gallery-is-layout-flex\">\n<figure class=\"wp-block-image size-large\"><img decoding=\"async\" width=\"799\" height=\"533\" data-id=\"132798\" data-src=\"https:\/\/ibecbarcelona.eu\/wp-content\/uploads\/2026\/03\/55138060475_779b341a9a_c.jpg\" alt=\"\" class=\"wp-image-132798 lazyload\" data-srcset=\"https:\/\/ibecbarcelona.eu\/wp-content\/uploads\/2026\/03\/55138060475_779b341a9a_c.jpg 799w, https:\/\/ibecbarcelona.eu\/wp-content\/uploads\/2026\/03\/55138060475_779b341a9a_c-300x200.jpg 300w, https:\/\/ibecbarcelona.eu\/wp-content\/uploads\/2026\/03\/55138060475_779b341a9a_c-768x512.jpg 768w, https:\/\/ibecbarcelona.eu\/wp-content\/uploads\/2026\/03\/55138060475_779b341a9a_c-600x400.jpg 600w\" data-sizes=\"(max-width: 799px) 100vw, 799px\" src=\"data:image\/svg+xml;base64,PHN2ZyB3aWR0aD0iMSIgaGVpZ2h0PSIxIiB4bWxucz0iaHR0cDovL3d3dy53My5vcmcvMjAwMC9zdmciPjwvc3ZnPg==\" style=\"--smush-placeholder-width: 799px; --smush-placeholder-aspect-ratio: 799\/533;\" \/><\/figure>\n\n\n\n<figure class=\"wp-block-image size-large\"><img decoding=\"async\" width=\"799\" height=\"533\" data-id=\"132804\" data-src=\"https:\/\/ibecbarcelona.eu\/wp-content\/uploads\/2026\/03\/55137849678_03c7ec6d05_c.jpg\" alt=\"\" class=\"wp-image-132804 lazyload\" data-srcset=\"https:\/\/ibecbarcelona.eu\/wp-content\/uploads\/2026\/03\/55137849678_03c7ec6d05_c.jpg 799w, https:\/\/ibecbarcelona.eu\/wp-content\/uploads\/2026\/03\/55137849678_03c7ec6d05_c-300x200.jpg 300w, https:\/\/ibecbarcelona.eu\/wp-content\/uploads\/2026\/03\/55137849678_03c7ec6d05_c-768x512.jpg 768w, https:\/\/ibecbarcelona.eu\/wp-content\/uploads\/2026\/03\/55137849678_03c7ec6d05_c-600x400.jpg 600w\" data-sizes=\"(max-width: 799px) 100vw, 799px\" src=\"data:image\/svg+xml;base64,PHN2ZyB3aWR0aD0iMSIgaGVpZ2h0PSIxIiB4bWxucz0iaHR0cDovL3d3dy53My5vcmcvMjAwMC9zdmciPjwvc3ZnPg==\" style=\"--smush-placeholder-width: 799px; --smush-placeholder-aspect-ratio: 799\/533;\" \/><\/figure>\n<\/figure>\n\n\n\n<div style=\"height:20px\" aria-hidden=\"true\" class=\"wp-block-spacer\"><\/div>\n\n\n\n<h4 class=\"wp-block-heading\"><strong><strong>La recerca fonamental d&#8217;avantguarda com a motor de la innovaci\u00f3<\/strong><\/strong><\/h4>\n\n\n\n<p>Calvi\u00f1o va ser una de les participants en una taula rodona en la qual es van analitzar les condicions organitzatives, normatives i de finan\u00e7ament necess\u00e0ries per donar suport a aquesta nova onada d&#8217;ind\u00fastria disruptiva que sorgeix dels descobriments cient\u00edfics i les invencions tecnol\u00f2giques.<\/p>\n\n\n\n<p>Al costat de Calvi\u00f1o, van participar en el debat <strong>Teresa Garc\u00eda-Mil\u00e0<\/strong>, presidenta del <a href=\"https:\/\/cercledeconomia.com\/lang-en\/\">Cercle d&#8217;Economia<\/a>; <strong>Carolina Aguilar<\/strong>, directora executiva i cofundadora d&#8217; <a href=\"https:\/\/inbrain-neuroelectronics.com\/\">INBRAIN Neuroelectronics<\/a>, una empresa derivada de l&#8217;ICN2; i <strong>G\u00e1bor M. Lamm<\/strong>, director general d <a href=\"https:\/\/embl-em.de\/\">&#8216;EMBL Enterprise Management Technology Transfer GmbH<\/a>. La sessi\u00f3 va ser moderada pel director general de BIST, <strong>Eduard Vallory<\/strong>.<\/p>\n\n\n\n<p>Un dels punts clau plantejats va ser que Europa va a la saga dels Estats Units a l&#8217;hora de portar la investigaci\u00f3 al mercat. Els participants tamb\u00e9 van fer \u00e8mfasi que, perqu\u00e8 la recerca generi un impacte econ\u00f2mic i social tangible, la transfer\u00e8ncia de coneixements s&#8217;ha d&#8217;accelerar i comptar amb el finan\u00e7ament adequat. Els ponents van coincidir que <em>\u00abla recerca fonamental d&#8217;avantguarda \u00e9s el motor de la innovaci\u00f3\u00bb, <\/em>alhora que van destacar la import\u00e0ncia de la col\u00b7laboraci\u00f3 entre les institucions p\u00fabliques i la ind\u00fastria.<\/p>\n\n\n\n<p>Per il\u00b7lustrar la capacitat de la comunitat BIST per generar impacte, l&#8217;esdeveniment va presentar tres exemples de l\u00ednies de recerca que actualment ofereixen solucions disruptives en \u00e0rees com la ind\u00fastria dels semiconductors, el tractament del c\u00e0ncer i la descarbonitzaci\u00f3 de la ind\u00fastria.<\/p>\n\n\n\n<h4 class=\"wp-block-heading\"><strong><strong>La bretxa de g\u00e8nere: un repte persistent que limita la innovaci\u00f3<\/strong><\/strong><\/h4>\n\n\n\n<p>El BIST Forum tamb\u00e9 va abordar la bretxa de g\u00e8nere que encara persisteix en els llocs de lideratge dins de les disciplines STEM (ci\u00e8ncia, tecnologia, enginyeria i matem\u00e0tiques). En una taula rodona en la qual van participar dues cient\u00edfiques que dirigeixen grups de recerca \u2014<strong>Mara Dierssen<\/strong> (CRG) i <strong>Irene Marco-Rius<\/strong> (IBEC)\u2014, juntament amb <strong>Denitza Denkova<\/strong>, actualment investigadora postdoctoral a l&#8217;ICFO i que aviat dirigir\u00e0 el seu propi grup, es van debatre els factors estructurals que expliquen la disminuci\u00f3 gradual de la proporci\u00f3 de dones a mesura que avancen en les seves carreres cient\u00edfiques,&nbsp; un fenomen conegut com a \u00ableaky pipeline\u00bb.<\/p>\n\n\n\n<p>Un d&#8217;aquests factors estructurals \u00e9s la maternitat. Per donar suport a les mares cient\u00edfiques que volen avan\u00e7ar en les seves carreres d&#8217;investigaci\u00f3, el BIST va posar en marxa el 2018 el programa <a href=\"https:\/\/bist.eu\/talent\/mothers-of-science\/\">\u00abTo the Mothers of Science\u00bb<\/a>. A trav\u00e9s d&#8217;aquesta iniciativa, les cient\u00edfiques de la comunitat del BIST poden rebre una beca d&#8217;un any juntament amb assessorament en lideratge.<\/p>\n\n\n\n<p><em>\u00abAquest programa ofereix un suport entre parells de gran valor, una s\u00f2lida xarxa professional, orientaci\u00f3 personalitzada i ajuda econ\u00f2mica en moments clau de la carrera d&#8217;una investigadora\u00bb,<\/em> va afirmar Marco-Rius, que va ser una de les guardonades de la segona edici\u00f3 del programa.<\/p>\n\n\n\n<p><a href=\"https:\/\/bist.eu\/talent\/mothers-of-science\/to-the-mothers-of-science-2026-grant-winners-2\/\">Les guardonades d&#8217;enguany<\/a> es van donar a con\u00e8ixer en un <a href=\"https:\/\/youtu.be\/Mdl-EFL4zCI?si=SonuSnXu8mF2v9R9\">v\u00eddeo<\/a> presentat durant el F\u00f2rum del BIST. Tres d&#8217;elles s\u00f3n investigadores de l&#8217;IBEC: <strong>Silvia Pittolo<\/strong>, <strong>Am\u00e9lie Godeau<\/strong> i <strong>Yolanda Castillo-Escario<\/strong>.<\/p>\n\n\n\n<figure class=\"wp-block-gallery has-nested-images columns-default is-cropped wp-block-gallery-2 is-layout-flex wp-block-gallery-is-layout-flex\">\n<figure class=\"wp-block-image size-large\"><img decoding=\"async\" width=\"1024\" height=\"683\" data-id=\"132781\" data-src=\"https:\/\/ibecbarcelona.eu\/wp-content\/uploads\/2026\/03\/55137681706_95d1f5a071_k-1024x683.jpg\" alt=\"\" class=\"wp-image-132781 lazyload\" data-srcset=\"https:\/\/ibecbarcelona.eu\/wp-content\/uploads\/2026\/03\/55137681706_95d1f5a071_k-1024x683.jpg 1024w, https:\/\/ibecbarcelona.eu\/wp-content\/uploads\/2026\/03\/55137681706_95d1f5a071_k-300x200.jpg 300w, https:\/\/ibecbarcelona.eu\/wp-content\/uploads\/2026\/03\/55137681706_95d1f5a071_k-768x512.jpg 768w, https:\/\/ibecbarcelona.eu\/wp-content\/uploads\/2026\/03\/55137681706_95d1f5a071_k-1536x1024.jpg 1536w, https:\/\/ibecbarcelona.eu\/wp-content\/uploads\/2026\/03\/55137681706_95d1f5a071_k-1200x800.jpg 1200w, https:\/\/ibecbarcelona.eu\/wp-content\/uploads\/2026\/03\/55137681706_95d1f5a071_k-600x400.jpg 600w, https:\/\/ibecbarcelona.eu\/wp-content\/uploads\/2026\/03\/55137681706_95d1f5a071_k.jpg 2048w\" data-sizes=\"(max-width: 1024px) 100vw, 1024px\" src=\"data:image\/svg+xml;base64,PHN2ZyB3aWR0aD0iMSIgaGVpZ2h0PSIxIiB4bWxucz0iaHR0cDovL3d3dy53My5vcmcvMjAwMC9zdmciPjwvc3ZnPg==\" style=\"--smush-placeholder-width: 1024px; --smush-placeholder-aspect-ratio: 1024\/683;\" \/><\/figure>\n\n\n\n<figure class=\"wp-block-image size-large\"><img decoding=\"async\" width=\"1024\" height=\"683\" data-id=\"132780\" data-src=\"https:\/\/ibecbarcelona.eu\/wp-content\/uploads\/2026\/03\/55137919419_4e7f5af1c4_k-1024x683.jpg\" alt=\"\" class=\"wp-image-132780 lazyload\" data-srcset=\"https:\/\/ibecbarcelona.eu\/wp-content\/uploads\/2026\/03\/55137919419_4e7f5af1c4_k-1024x683.jpg 1024w, https:\/\/ibecbarcelona.eu\/wp-content\/uploads\/2026\/03\/55137919419_4e7f5af1c4_k-300x200.jpg 300w, https:\/\/ibecbarcelona.eu\/wp-content\/uploads\/2026\/03\/55137919419_4e7f5af1c4_k-768x512.jpg 768w, https:\/\/ibecbarcelona.eu\/wp-content\/uploads\/2026\/03\/55137919419_4e7f5af1c4_k-1536x1024.jpg 1536w, https:\/\/ibecbarcelona.eu\/wp-content\/uploads\/2026\/03\/55137919419_4e7f5af1c4_k-1200x800.jpg 1200w, https:\/\/ibecbarcelona.eu\/wp-content\/uploads\/2026\/03\/55137919419_4e7f5af1c4_k-600x400.jpg 600w, https:\/\/ibecbarcelona.eu\/wp-content\/uploads\/2026\/03\/55137919419_4e7f5af1c4_k.jpg 2048w\" data-sizes=\"(max-width: 1024px) 100vw, 1024px\" src=\"data:image\/svg+xml;base64,PHN2ZyB3aWR0aD0iMSIgaGVpZ2h0PSIxIiB4bWxucz0iaHR0cDovL3d3dy53My5vcmcvMjAwMC9zdmciPjwvc3ZnPg==\" style=\"--smush-placeholder-width: 1024px; --smush-placeholder-aspect-ratio: 1024\/683;\" \/><\/figure>\n\n\n\n<figure class=\"wp-block-image size-large\"><img decoding=\"async\" width=\"1024\" height=\"683\" data-id=\"132783\" data-src=\"https:\/\/ibecbarcelona.eu\/wp-content\/uploads\/2026\/03\/55136798932_41d4d3e50f_k-1024x683.jpg\" alt=\"\" class=\"wp-image-132783 lazyload\" data-srcset=\"https:\/\/ibecbarcelona.eu\/wp-content\/uploads\/2026\/03\/55136798932_41d4d3e50f_k-1024x683.jpg 1024w, https:\/\/ibecbarcelona.eu\/wp-content\/uploads\/2026\/03\/55136798932_41d4d3e50f_k-300x200.jpg 300w, https:\/\/ibecbarcelona.eu\/wp-content\/uploads\/2026\/03\/55136798932_41d4d3e50f_k-768x512.jpg 768w, https:\/\/ibecbarcelona.eu\/wp-content\/uploads\/2026\/03\/55136798932_41d4d3e50f_k-1536x1024.jpg 1536w, https:\/\/ibecbarcelona.eu\/wp-content\/uploads\/2026\/03\/55136798932_41d4d3e50f_k-1200x800.jpg 1200w, https:\/\/ibecbarcelona.eu\/wp-content\/uploads\/2026\/03\/55136798932_41d4d3e50f_k-600x400.jpg 600w, https:\/\/ibecbarcelona.eu\/wp-content\/uploads\/2026\/03\/55136798932_41d4d3e50f_k.jpg 2048w\" data-sizes=\"(max-width: 1024px) 100vw, 1024px\" src=\"data:image\/svg+xml;base64,PHN2ZyB3aWR0aD0iMSIgaGVpZ2h0PSIxIiB4bWxucz0iaHR0cDovL3d3dy53My5vcmcvMjAwMC9zdmciPjwvc3ZnPg==\" style=\"--smush-placeholder-width: 1024px; --smush-placeholder-aspect-ratio: 1024\/683;\" \/><\/figure>\n<\/figure>\n\n\n\n<div style=\"height:20px\" aria-hidden=\"true\" class=\"wp-block-spacer\"><\/div>\n\n\n\n<h4 class=\"wp-block-heading\"><strong><strong>Premis BIST Ignite per promoure la recerca d&#8217;avantguarda multidisciplin\u00e0ria<\/strong><\/strong><\/h4>\n\n\n\n<p>Cap al final de l&#8217;esdeveniment, es van lliurar els premis BIST Ignite a dos projectes de recerca dirigits per investigadors de diferents centres i disciplines del BIST.<\/p>\n\n\n\n<p>El <a href=\"https:\/\/bist.eu\/research\/ignite\/\">programa BIST Ignite<\/a> fomenta noves col\u00b7laboracions multidisciplin\u00e0ries dins de la comunitat BIST i ajuda que les idees de recerca prometedores superin les seves etapes inicials. A trav\u00e9s dels premis Ignite, els equips seleccionats reben 50 000 \u20ac per continuar avan\u00e7ant en els seus projectes conjunts durant un any m\u00e9s. En el F\u00f2rum BIST, els dos equips guardonats van presentar els avan\u00e7os assolits fins a la data i van exposar els seus objectius per a l&#8217;any vinent. Els projectes, <a href=\"https:\/\/bist.eu\/research\/maptofinad\/\">MAPtoFinAD<\/a> (dirigit per <strong>Amayra Hern\u00e1ndez-Vega<\/strong>, de l&#8217;IBEC) i <a href=\"https:\/\/bist.eu\/research\/breath-co2\/\">BREATHCO2<\/a>, aborden dos grans reptes: comprendre les causes de la malaltia d&#8217;Alzheimer i desenvolupar noves formes de descarbonitzar la ind\u00fastria mitjan\u00e7ant la transformaci\u00f3 del di\u00f2xid de carboni capturat en productes qu\u00edmics que actualment es deriven del petroli.<\/p>\n\n\n\n<figure class=\"wp-block-gallery has-nested-images columns-default is-cropped wp-block-gallery-3 is-layout-flex wp-block-gallery-is-layout-flex\">\n<figure class=\"wp-block-image size-large\"><img decoding=\"async\" width=\"1024\" height=\"683\" data-id=\"132787\" data-src=\"https:\/\/ibecbarcelona.eu\/wp-content\/uploads\/2026\/03\/55138106345_5123e0a971_k-1024x683.jpg\" alt=\"\" class=\"wp-image-132787 lazyload\" data-srcset=\"https:\/\/ibecbarcelona.eu\/wp-content\/uploads\/2026\/03\/55138106345_5123e0a971_k-1024x683.jpg 1024w, https:\/\/ibecbarcelona.eu\/wp-content\/uploads\/2026\/03\/55138106345_5123e0a971_k-300x200.jpg 300w, https:\/\/ibecbarcelona.eu\/wp-content\/uploads\/2026\/03\/55138106345_5123e0a971_k-768x512.jpg 768w, https:\/\/ibecbarcelona.eu\/wp-content\/uploads\/2026\/03\/55138106345_5123e0a971_k-1536x1024.jpg 1536w, https:\/\/ibecbarcelona.eu\/wp-content\/uploads\/2026\/03\/55138106345_5123e0a971_k-1200x800.jpg 1200w, https:\/\/ibecbarcelona.eu\/wp-content\/uploads\/2026\/03\/55138106345_5123e0a971_k-600x400.jpg 600w, https:\/\/ibecbarcelona.eu\/wp-content\/uploads\/2026\/03\/55138106345_5123e0a971_k.jpg 2048w\" data-sizes=\"(max-width: 1024px) 100vw, 1024px\" src=\"data:image\/svg+xml;base64,PHN2ZyB3aWR0aD0iMSIgaGVpZ2h0PSIxIiB4bWxucz0iaHR0cDovL3d3dy53My5vcmcvMjAwMC9zdmciPjwvc3ZnPg==\" style=\"--smush-placeholder-width: 1024px; --smush-placeholder-aspect-ratio: 1024\/683;\" \/><\/figure>\n\n\n\n<figure class=\"wp-block-image size-large\"><img decoding=\"async\" width=\"1024\" height=\"683\" data-id=\"132793\" data-src=\"https:\/\/ibecbarcelona.eu\/wp-content\/uploads\/2026\/03\/55137952194_1787780d8a_k-1024x683.jpg\" alt=\"\" class=\"wp-image-132793 lazyload\" data-srcset=\"https:\/\/ibecbarcelona.eu\/wp-content\/uploads\/2026\/03\/55137952194_1787780d8a_k-1024x683.jpg 1024w, https:\/\/ibecbarcelona.eu\/wp-content\/uploads\/2026\/03\/55137952194_1787780d8a_k-300x200.jpg 300w, https:\/\/ibecbarcelona.eu\/wp-content\/uploads\/2026\/03\/55137952194_1787780d8a_k-768x512.jpg 768w, https:\/\/ibecbarcelona.eu\/wp-content\/uploads\/2026\/03\/55137952194_1787780d8a_k-1536x1024.jpg 1536w, https:\/\/ibecbarcelona.eu\/wp-content\/uploads\/2026\/03\/55137952194_1787780d8a_k-1200x800.jpg 1200w, https:\/\/ibecbarcelona.eu\/wp-content\/uploads\/2026\/03\/55137952194_1787780d8a_k-600x400.jpg 600w, https:\/\/ibecbarcelona.eu\/wp-content\/uploads\/2026\/03\/55137952194_1787780d8a_k.jpg 2047w\" data-sizes=\"(max-width: 1024px) 100vw, 1024px\" src=\"data:image\/svg+xml;base64,PHN2ZyB3aWR0aD0iMSIgaGVpZ2h0PSIxIiB4bWxucz0iaHR0cDovL3d3dy53My5vcmcvMjAwMC9zdmciPjwvc3ZnPg==\" style=\"--smush-placeholder-width: 1024px; --smush-placeholder-aspect-ratio: 1024\/683;\" \/><\/figure>\n\n\n\n<figure class=\"wp-block-image size-large\"><img decoding=\"async\" width=\"1024\" height=\"683\" data-id=\"132790\" data-src=\"https:\/\/ibecbarcelona.eu\/wp-content\/uploads\/2026\/03\/55138106075_e453759092_k-1024x683.jpg\" alt=\"\" class=\"wp-image-132790 lazyload\" data-srcset=\"https:\/\/ibecbarcelona.eu\/wp-content\/uploads\/2026\/03\/55138106075_e453759092_k-1024x683.jpg 1024w, https:\/\/ibecbarcelona.eu\/wp-content\/uploads\/2026\/03\/55138106075_e453759092_k-300x200.jpg 300w, https:\/\/ibecbarcelona.eu\/wp-content\/uploads\/2026\/03\/55138106075_e453759092_k-768x512.jpg 768w, https:\/\/ibecbarcelona.eu\/wp-content\/uploads\/2026\/03\/55138106075_e453759092_k-1536x1024.jpg 1536w, https:\/\/ibecbarcelona.eu\/wp-content\/uploads\/2026\/03\/55138106075_e453759092_k-1200x800.jpg 1200w, https:\/\/ibecbarcelona.eu\/wp-content\/uploads\/2026\/03\/55138106075_e453759092_k-600x400.jpg 600w, https:\/\/ibecbarcelona.eu\/wp-content\/uploads\/2026\/03\/55138106075_e453759092_k.jpg 2048w\" data-sizes=\"(max-width: 1024px) 100vw, 1024px\" src=\"data:image\/svg+xml;base64,PHN2ZyB3aWR0aD0iMSIgaGVpZ2h0PSIxIiB4bWxucz0iaHR0cDovL3d3dy53My5vcmcvMjAwMC9zdmciPjwvc3ZnPg==\" style=\"--smush-placeholder-width: 1024px; --smush-placeholder-aspect-ratio: 1024\/683;\" \/><\/figure>\n<\/figure>\n\n\n\n<div style=\"height:20px\" aria-hidden=\"true\" class=\"wp-block-spacer\"><\/div>\n\n\n\n<p>Els cinc projectes seleccionats en la fase inicial del programa d&#8217;enguany tamb\u00e9 es van presentar en un <a href=\"https:\/\/youtu.be\/qCX2axnVInA?si=5MpPBxlBS6UcbkXn\">v\u00eddeo<\/a> projectat durant l&#8217;esdeveniment. Dos d&#8217;ells estan codirigits per investigadores de l&#8217;IBEC:<\/p>\n\n\n\n<ul class=\"wp-block-list\">\n<li><a href=\"https:\/\/bist.eu\/research\/mecanfp\/\"><strong>MeCanFP:<\/strong><\/a> Desxifrant les empremtes mec\u00e0niques del c\u00e0ncer: de la mec\u00e0nica de membranes a la remodelaci\u00f3 nuclear, dirigit per <strong>Anabel-Lise Le Roux<\/strong> (IBEC) i Joaquim Torra (ICFO).<\/li>\n\n\n\n<li><a href=\"https:\/\/bist.eu\/research\/mocachip\/\"><strong>MOCAChip:<\/strong><\/a> Una plataforma tridimensional multiorg\u00e0nica per modelar la caqu\u00e8xia associada al c\u00e0ncer, dirigida per <strong>Chiara Ninfali<\/strong> (IBEC) i Marc Beltr\u00e0 Bach (IRB Barcelona).<\/li>\n<\/ul>\n\n\n\n<figure class=\"wp-block-gallery has-nested-images columns-default is-cropped wp-block-gallery-4 is-layout-flex wp-block-gallery-is-layout-flex\">\n<figure class=\"wp-block-image size-large\"><img decoding=\"async\" width=\"1024\" height=\"683\" data-id=\"132814\" data-src=\"https:\/\/ibecbarcelona.eu\/wp-content\/uploads\/2026\/03\/55137671886_b10f9eab9c_k-1024x683.jpg\" alt=\"\" class=\"wp-image-132814 lazyload\" data-srcset=\"https:\/\/ibecbarcelona.eu\/wp-content\/uploads\/2026\/03\/55137671886_b10f9eab9c_k-1024x683.jpg 1024w, https:\/\/ibecbarcelona.eu\/wp-content\/uploads\/2026\/03\/55137671886_b10f9eab9c_k-300x200.jpg 300w, https:\/\/ibecbarcelona.eu\/wp-content\/uploads\/2026\/03\/55137671886_b10f9eab9c_k-768x512.jpg 768w, https:\/\/ibecbarcelona.eu\/wp-content\/uploads\/2026\/03\/55137671886_b10f9eab9c_k-1536x1024.jpg 1536w, https:\/\/ibecbarcelona.eu\/wp-content\/uploads\/2026\/03\/55137671886_b10f9eab9c_k-1200x800.jpg 1200w, https:\/\/ibecbarcelona.eu\/wp-content\/uploads\/2026\/03\/55137671886_b10f9eab9c_k-600x400.jpg 600w, https:\/\/ibecbarcelona.eu\/wp-content\/uploads\/2026\/03\/55137671886_b10f9eab9c_k.jpg 2048w\" data-sizes=\"(max-width: 1024px) 100vw, 1024px\" src=\"data:image\/svg+xml;base64,PHN2ZyB3aWR0aD0iMSIgaGVpZ2h0PSIxIiB4bWxucz0iaHR0cDovL3d3dy53My5vcmcvMjAwMC9zdmciPjwvc3ZnPg==\" style=\"--smush-placeholder-width: 1024px; --smush-placeholder-aspect-ratio: 1024\/683;\" \/><\/figure>\n\n\n\n<figure class=\"wp-block-image size-large\"><img decoding=\"async\" width=\"1024\" height=\"683\" data-id=\"132809\" data-src=\"https:\/\/ibecbarcelona.eu\/wp-content\/uploads\/2026\/03\/55137672041_1822936586_k-1024x683.jpg\" alt=\"\" class=\"wp-image-132809 lazyload\" data-srcset=\"https:\/\/ibecbarcelona.eu\/wp-content\/uploads\/2026\/03\/55137672041_1822936586_k-1024x683.jpg 1024w, https:\/\/ibecbarcelona.eu\/wp-content\/uploads\/2026\/03\/55137672041_1822936586_k-300x200.jpg 300w, https:\/\/ibecbarcelona.eu\/wp-content\/uploads\/2026\/03\/55137672041_1822936586_k-768x512.jpg 768w, https:\/\/ibecbarcelona.eu\/wp-content\/uploads\/2026\/03\/55137672041_1822936586_k-1536x1024.jpg 1536w, https:\/\/ibecbarcelona.eu\/wp-content\/uploads\/2026\/03\/55137672041_1822936586_k-1200x800.jpg 1200w, https:\/\/ibecbarcelona.eu\/wp-content\/uploads\/2026\/03\/55137672041_1822936586_k-600x400.jpg 600w, https:\/\/ibecbarcelona.eu\/wp-content\/uploads\/2026\/03\/55137672041_1822936586_k.jpg 2048w\" data-sizes=\"(max-width: 1024px) 100vw, 1024px\" src=\"data:image\/svg+xml;base64,PHN2ZyB3aWR0aD0iMSIgaGVpZ2h0PSIxIiB4bWxucz0iaHR0cDovL3d3dy53My5vcmcvMjAwMC9zdmciPjwvc3ZnPg==\" style=\"--smush-placeholder-width: 1024px; --smush-placeholder-aspect-ratio: 1024\/683;\" \/><\/figure>\n\n\n\n<figure class=\"wp-block-image size-large\"><img decoding=\"async\" width=\"1024\" height=\"683\" data-id=\"132811\" data-src=\"https:\/\/ibecbarcelona.eu\/wp-content\/uploads\/2026\/03\/55136793392_9c59227b27_k-1024x683.jpg\" alt=\"\" class=\"wp-image-132811 lazyload\" data-srcset=\"https:\/\/ibecbarcelona.eu\/wp-content\/uploads\/2026\/03\/55136793392_9c59227b27_k-1024x683.jpg 1024w, https:\/\/ibecbarcelona.eu\/wp-content\/uploads\/2026\/03\/55136793392_9c59227b27_k-300x200.jpg 300w, https:\/\/ibecbarcelona.eu\/wp-content\/uploads\/2026\/03\/55136793392_9c59227b27_k-768x512.jpg 768w, https:\/\/ibecbarcelona.eu\/wp-content\/uploads\/2026\/03\/55136793392_9c59227b27_k-1536x1024.jpg 1536w, https:\/\/ibecbarcelona.eu\/wp-content\/uploads\/2026\/03\/55136793392_9c59227b27_k-1200x800.jpg 1200w, https:\/\/ibecbarcelona.eu\/wp-content\/uploads\/2026\/03\/55136793392_9c59227b27_k-600x400.jpg 600w, https:\/\/ibecbarcelona.eu\/wp-content\/uploads\/2026\/03\/55136793392_9c59227b27_k.jpg 2048w\" data-sizes=\"(max-width: 1024px) 100vw, 1024px\" src=\"data:image\/svg+xml;base64,PHN2ZyB3aWR0aD0iMSIgaGVpZ2h0PSIxIiB4bWxucz0iaHR0cDovL3d3dy53My5vcmcvMjAwMC9zdmciPjwvc3ZnPg==\" style=\"--smush-placeholder-width: 1024px; --smush-placeholder-aspect-ratio: 1024\/683;\" \/><\/figure>\n\n\n\n<figure class=\"wp-block-image size-large\"><img decoding=\"async\" width=\"799\" height=\"533\" data-id=\"132817\" data-src=\"https:\/\/ibecbarcelona.eu\/wp-content\/uploads\/2026\/03\/55137900939_a51ccdb400_c.jpg\" alt=\"\" class=\"wp-image-132817 lazyload\" data-srcset=\"https:\/\/ibecbarcelona.eu\/wp-content\/uploads\/2026\/03\/55137900939_a51ccdb400_c.jpg 799w, https:\/\/ibecbarcelona.eu\/wp-content\/uploads\/2026\/03\/55137900939_a51ccdb400_c-300x200.jpg 300w, https:\/\/ibecbarcelona.eu\/wp-content\/uploads\/2026\/03\/55137900939_a51ccdb400_c-768x512.jpg 768w, https:\/\/ibecbarcelona.eu\/wp-content\/uploads\/2026\/03\/55137900939_a51ccdb400_c-600x400.jpg 600w\" data-sizes=\"(max-width: 799px) 100vw, 799px\" src=\"data:image\/svg+xml;base64,PHN2ZyB3aWR0aD0iMSIgaGVpZ2h0PSIxIiB4bWxucz0iaHR0cDovL3d3dy53My5vcmcvMjAwMC9zdmciPjwvc3ZnPg==\" style=\"--smush-placeholder-width: 799px; --smush-placeholder-aspect-ratio: 799\/533;\" \/><\/figure>\n<\/figure>\n\n\n\n<div style=\"height:20px\" aria-hidden=\"true\" class=\"wp-block-spacer\"><\/div>\n\n\n\n<p><a href=\"https:\/\/bist.eu\/bist-calls-for-reforms-to-turn-scientific-discoveries-into-european-industry\/\"><a href=\"https:\/\/bist.eu\/bist-calls-for-reforms-to-turn-scientific-discoveries-into-european-industry\/\">Not\u00edcia via BIST<\/a><\/a><\/p>\n\n\n\n<p><\/p>\n","protected":false},"excerpt":{"rendered":"<p>El BIST Forum 2026 va reunir personal cient\u00edfic i representants d&#8217;institucions acad\u00e8miques, econ\u00f2miques i socials per debatre com la recerca d&#8217;avantguarda pot contribuir a construir les ind\u00fastries europees del futur. En l&#8217;esdeveniment tamb\u00e9 es van donar a con\u00e8ixer els beneficiaris i benefici\u00e0ries dels programes \u00abBIST To the Mothers of Science\u00bb i \u00abIgnite\u00bb.<\/p>\n","protected":false},"author":37,"featured_media":132778,"comment_status":"closed","ping_status":"closed","sticky":false,"template":"","format":"standard","meta":{"footnotes":""},"categories":[98],"tags":[1783,2066,1999,486,1812,1731,1104,1122,1131,2000,1736,1879,1883,1134,1116,1071],"post_formats":[],"class_list":["post-132823","post","type-post","status-publish","format-standard","has-post-thumbnail","hentry","category-noticies-institucionals","tag-bioengineering-in-reproductive-health-ca","tag-biomedical-signal-processing-and-interpretation-ca","tag-biosensors-for-bioengineering-ca","tag-bist-ca","tag-cellular-and-molecular-mechanobiology-ca","tag-esdeveniment","tag-giuseppe-battaglia-ca","tag-irene-marco-rius-ca","tag-javier-ramon-ca","tag-molecular-bionics-ca","tag-molecular-imaging-for-precision-medicine-ca","tag-nanoprobes-and-nanoswitches-ca","tag-pau-gorostiza-ca-2","tag-pere-roca-cusachs-ca","tag-raimon-jane-ca","tag-samuel-ojosnegros-ca"],"yoast_head":"<!-- This site is optimized with the Yoast SEO plugin v27.5 - https:\/\/yoast.com\/product\/yoast-seo-wordpress\/ -->\n<title>El BIST advoca per reformes per convertir els descobriments cient\u00edfics en ind\u00fastria europea - Institute for Bioengineering of Catalonia<\/title>\n<meta name=\"robots\" content=\"index, follow, max-snippet:-1, max-image-preview:large, max-video-preview:-1\" \/>\n<link rel=\"canonical\" href=\"https:\/\/ibecbarcelona.eu\/ca\/el-bist-advoca-per-reformes-per-convertir-els-descobriments-cientifics-en-industria-europea\/\" \/>\n<meta property=\"og:locale\" content=\"ca_ES\" \/>\n<meta property=\"og:type\" content=\"article\" \/>\n<meta property=\"og:title\" content=\"El BIST advoca per reformes per convertir els descobriments cient\u00edfics en ind\u00fastria europea - Institute for Bioengineering of Catalonia\" \/>\n<meta property=\"og:description\" content=\"El BIST Forum 2026 va reunir personal cient\u00edfic i representants d&#039;institucions acad\u00e8miques, econ\u00f2miques i socials per debatre com la recerca d&#039;avantguarda pot contribuir a construir les ind\u00fastries europees del futur. En l&#039;esdeveniment tamb\u00e9 es van donar a con\u00e8ixer els beneficiaris i benefici\u00e0ries dels programes \u00abBIST To the Mothers of Science\u00bb i \u00abIgnite\u00bb.\" \/>\n<meta property=\"og:url\" content=\"https:\/\/ibecbarcelona.eu\/ca\/el-bist-advoca-per-reformes-per-convertir-els-descobriments-cientifics-en-industria-europea\/\" \/>\n<meta property=\"og:site_name\" content=\"Institute for Bioengineering of Catalonia\" \/>\n<meta property=\"article:published_time\" content=\"2026-03-09T11:00:00+00:00\" \/>\n<meta property=\"article:modified_time\" content=\"2026-03-17T13:52:00+00:00\" \/>\n<meta property=\"og:image\" content=\"https:\/\/ibecbarcelona.eu\/wp-content\/uploads\/2026\/03\/55137659161_e33510cfa5_k.jpg\" \/>\n\t<meta property=\"og:image:width\" content=\"2048\" \/>\n\t<meta property=\"og:image:height\" content=\"1365\" \/>\n\t<meta property=\"og:image:type\" content=\"image\/jpeg\" \/>\n<meta name=\"author\" content=\"Sarah Moreira\" \/>\n<meta name=\"twitter:card\" content=\"summary_large_image\" \/>\n<meta name=\"twitter:label1\" content=\"Escrit per\" \/>\n\t<meta name=\"twitter:data1\" content=\"Sarah Moreira\" \/>\n\t<meta name=\"twitter:label2\" content=\"Temps estimat de lectura\" \/>\n\t<meta name=\"twitter:data2\" content=\"9 minuts\" \/>\n<script type=\"application\/ld+json\" class=\"yoast-schema-graph\">{\"@context\":\"https:\\\/\\\/schema.org\",\"@graph\":[{\"@type\":\"Article\",\"@id\":\"https:\\\/\\\/ibecbarcelona.eu\\\/ca\\\/el-bist-advoca-per-reformes-per-convertir-els-descobriments-cientifics-en-industria-europea\\\/#article\",\"isPartOf\":{\"@id\":\"https:\\\/\\\/ibecbarcelona.eu\\\/ca\\\/el-bist-advoca-per-reformes-per-convertir-els-descobriments-cientifics-en-industria-europea\\\/\"},\"author\":{\"name\":\"Sarah Moreira\",\"@id\":\"https:\\\/\\\/ibecbarcelona.eu\\\/#\\\/schema\\\/person\\\/d3a158b8d448000777023ca1e3d71d34\"},\"headline\":\"El BIST advoca per reformes per convertir els descobriments cient\u00edfics en ind\u00fastria europea\",\"datePublished\":\"2026-03-09T11:00:00+00:00\",\"dateModified\":\"2026-03-17T13:52:00+00:00\",\"mainEntityOfPage\":{\"@id\":\"https:\\\/\\\/ibecbarcelona.eu\\\/ca\\\/el-bist-advoca-per-reformes-per-convertir-els-descobriments-cientifics-en-industria-europea\\\/\"},\"wordCount\":1318,\"publisher\":{\"@id\":\"https:\\\/\\\/ibecbarcelona.eu\\\/#organization\"},\"image\":{\"@id\":\"https:\\\/\\\/ibecbarcelona.eu\\\/ca\\\/el-bist-advoca-per-reformes-per-convertir-els-descobriments-cientifics-en-industria-europea\\\/#primaryimage\"},\"thumbnailUrl\":\"https:\\\/\\\/ibecbarcelona.eu\\\/wp-content\\\/uploads\\\/2026\\\/03\\\/55137659161_e33510cfa5_k.jpg\",\"keywords\":[\"Bioengineering in reproductive health\",\"Biomedical signal processing and interpretation\",\"Biosensors for bioengineering\",\"BIST\",\"Cellular and molecular mechanobiology\",\"Esdeveniment\",\"Giuseppe Battaglia\",\"Irene Marco Rius\",\"Javier Ram\u00f3n\",\"Molecular Bionics\",\"Molecular Imaging for Precision Medicine\",\"Nanoprobes and nanoswitches\",\"Pau Gorostiza\",\"Pere Roca-Cusachs\",\"Raimon Jane\",\"samuel ojosnegros\"],\"articleSection\":[\"Not\u00edcies institucionals\"],\"inLanguage\":\"ca\"},{\"@type\":\"WebPage\",\"@id\":\"https:\\\/\\\/ibecbarcelona.eu\\\/ca\\\/el-bist-advoca-per-reformes-per-convertir-els-descobriments-cientifics-en-industria-europea\\\/\",\"url\":\"https:\\\/\\\/ibecbarcelona.eu\\\/ca\\\/el-bist-advoca-per-reformes-per-convertir-els-descobriments-cientifics-en-industria-europea\\\/\",\"name\":\"El BIST advoca per reformes per convertir els descobriments cient\u00edfics en ind\u00fastria europea - Institute for Bioengineering of Catalonia\",\"isPartOf\":{\"@id\":\"https:\\\/\\\/ibecbarcelona.eu\\\/#website\"},\"primaryImageOfPage\":{\"@id\":\"https:\\\/\\\/ibecbarcelona.eu\\\/ca\\\/el-bist-advoca-per-reformes-per-convertir-els-descobriments-cientifics-en-industria-europea\\\/#primaryimage\"},\"image\":{\"@id\":\"https:\\\/\\\/ibecbarcelona.eu\\\/ca\\\/el-bist-advoca-per-reformes-per-convertir-els-descobriments-cientifics-en-industria-europea\\\/#primaryimage\"},\"thumbnailUrl\":\"https:\\\/\\\/ibecbarcelona.eu\\\/wp-content\\\/uploads\\\/2026\\\/03\\\/55137659161_e33510cfa5_k.jpg\",\"datePublished\":\"2026-03-09T11:00:00+00:00\",\"dateModified\":\"2026-03-17T13:52:00+00:00\",\"breadcrumb\":{\"@id\":\"https:\\\/\\\/ibecbarcelona.eu\\\/ca\\\/el-bist-advoca-per-reformes-per-convertir-els-descobriments-cientifics-en-industria-europea\\\/#breadcrumb\"},\"inLanguage\":\"ca\",\"potentialAction\":[{\"@type\":\"ReadAction\",\"target\":[\"https:\\\/\\\/ibecbarcelona.eu\\\/ca\\\/el-bist-advoca-per-reformes-per-convertir-els-descobriments-cientifics-en-industria-europea\\\/\"]}]},{\"@type\":\"ImageObject\",\"inLanguage\":\"ca\",\"@id\":\"https:\\\/\\\/ibecbarcelona.eu\\\/ca\\\/el-bist-advoca-per-reformes-per-convertir-els-descobriments-cientifics-en-industria-europea\\\/#primaryimage\",\"url\":\"https:\\\/\\\/ibecbarcelona.eu\\\/wp-content\\\/uploads\\\/2026\\\/03\\\/55137659161_e33510cfa5_k.jpg\",\"contentUrl\":\"https:\\\/\\\/ibecbarcelona.eu\\\/wp-content\\\/uploads\\\/2026\\\/03\\\/55137659161_e33510cfa5_k.jpg\",\"width\":2048,\"height\":1365},{\"@type\":\"BreadcrumbList\",\"@id\":\"https:\\\/\\\/ibecbarcelona.eu\\\/ca\\\/el-bist-advoca-per-reformes-per-convertir-els-descobriments-cientifics-en-industria-europea\\\/#breadcrumb\",\"itemListElement\":[{\"@type\":\"ListItem\",\"position\":1,\"name\":\"Home\",\"item\":\"https:\\\/\\\/ibecbarcelona.eu\\\/ca\\\/\"},{\"@type\":\"ListItem\",\"position\":2,\"name\":\"El BIST advoca per reformes per convertir els descobriments cient\u00edfics en ind\u00fastria europea\"}]},{\"@type\":\"WebSite\",\"@id\":\"https:\\\/\\\/ibecbarcelona.eu\\\/#website\",\"url\":\"https:\\\/\\\/ibecbarcelona.eu\\\/\",\"name\":\"Institute for Bioengineering of Catalonia\",\"description\":\"Bioengineering Solutions for Health\",\"publisher\":{\"@id\":\"https:\\\/\\\/ibecbarcelona.eu\\\/#organization\"},\"potentialAction\":[{\"@type\":\"SearchAction\",\"target\":{\"@type\":\"EntryPoint\",\"urlTemplate\":\"https:\\\/\\\/ibecbarcelona.eu\\\/?s={search_term_string}\"},\"query-input\":{\"@type\":\"PropertyValueSpecification\",\"valueRequired\":true,\"valueName\":\"search_term_string\"}}],\"inLanguage\":\"ca\"},{\"@type\":\"Organization\",\"@id\":\"https:\\\/\\\/ibecbarcelona.eu\\\/#organization\",\"name\":\"Institute for Bioengineering of Catalonia\",\"url\":\"https:\\\/\\\/ibecbarcelona.eu\\\/\",\"logo\":{\"@type\":\"ImageObject\",\"inLanguage\":\"ca\",\"@id\":\"https:\\\/\\\/ibecbarcelona.eu\\\/#\\\/schema\\\/logo\\\/image\\\/\",\"url\":\"https:\\\/\\\/ibecbarcelona.eu\\\/wp-content\\\/uploads\\\/2026\\\/01\\\/cropped-IBEC_20ANYS_GRIS.png\",\"contentUrl\":\"https:\\\/\\\/ibecbarcelona.eu\\\/wp-content\\\/uploads\\\/2026\\\/01\\\/cropped-IBEC_20ANYS_GRIS.png\",\"width\":696,\"height\":257,\"caption\":\"Institute for Bioengineering of Catalonia\"},\"image\":{\"@id\":\"https:\\\/\\\/ibecbarcelona.eu\\\/#\\\/schema\\\/logo\\\/image\\\/\"}},{\"@type\":\"Person\",\"@id\":\"https:\\\/\\\/ibecbarcelona.eu\\\/#\\\/schema\\\/person\\\/d3a158b8d448000777023ca1e3d71d34\",\"name\":\"Sarah Moreira\",\"image\":{\"@type\":\"ImageObject\",\"inLanguage\":\"ca\",\"@id\":\"https:\\\/\\\/secure.gravatar.com\\\/avatar\\\/37385a1f83bdef106d1b89522da4c620ee48ba2eb0662dbc73ba05b7f3fbdf89?s=96&d=mm&r=g\",\"url\":\"https:\\\/\\\/secure.gravatar.com\\\/avatar\\\/37385a1f83bdef106d1b89522da4c620ee48ba2eb0662dbc73ba05b7f3fbdf89?s=96&d=mm&r=g\",\"contentUrl\":\"https:\\\/\\\/secure.gravatar.com\\\/avatar\\\/37385a1f83bdef106d1b89522da4c620ee48ba2eb0662dbc73ba05b7f3fbdf89?s=96&d=mm&r=g\",\"caption\":\"Sarah Moreira\"},\"url\":\"https:\\\/\\\/ibecbarcelona.eu\\\/ca\\\/author\\\/smoreira\\\/\"}]}<\/script>\n<!-- \/ Yoast SEO plugin. -->","yoast_head_json":{"title":"El BIST advoca per reformes per convertir els descobriments cient\u00edfics en ind\u00fastria europea - Institute for Bioengineering of Catalonia","robots":{"index":"index","follow":"follow","max-snippet":"max-snippet:-1","max-image-preview":"max-image-preview:large","max-video-preview":"max-video-preview:-1"},"canonical":"https:\/\/ibecbarcelona.eu\/ca\/el-bist-advoca-per-reformes-per-convertir-els-descobriments-cientifics-en-industria-europea\/","og_locale":"ca_ES","og_type":"article","og_title":"El BIST advoca per reformes per convertir els descobriments cient\u00edfics en ind\u00fastria europea - Institute for Bioengineering of Catalonia","og_description":"El BIST Forum 2026 va reunir personal cient\u00edfic i representants d'institucions acad\u00e8miques, econ\u00f2miques i socials per debatre com la recerca d'avantguarda pot contribuir a construir les ind\u00fastries europees del futur. En l'esdeveniment tamb\u00e9 es van donar a con\u00e8ixer els beneficiaris i benefici\u00e0ries dels programes \u00abBIST To the Mothers of Science\u00bb i \u00abIgnite\u00bb.","og_url":"https:\/\/ibecbarcelona.eu\/ca\/el-bist-advoca-per-reformes-per-convertir-els-descobriments-cientifics-en-industria-europea\/","og_site_name":"Institute for Bioengineering of Catalonia","article_published_time":"2026-03-09T11:00:00+00:00","article_modified_time":"2026-03-17T13:52:00+00:00","og_image":[{"width":2048,"height":1365,"url":"https:\/\/ibecbarcelona.eu\/wp-content\/uploads\/2026\/03\/55137659161_e33510cfa5_k.jpg","type":"image\/jpeg"}],"author":"Sarah Moreira","twitter_card":"summary_large_image","twitter_misc":{"Escrit per":"Sarah Moreira","Temps estimat de lectura":"9 minuts"},"schema":{"@context":"https:\/\/schema.org","@graph":[{"@type":"Article","@id":"https:\/\/ibecbarcelona.eu\/ca\/el-bist-advoca-per-reformes-per-convertir-els-descobriments-cientifics-en-industria-europea\/#article","isPartOf":{"@id":"https:\/\/ibecbarcelona.eu\/ca\/el-bist-advoca-per-reformes-per-convertir-els-descobriments-cientifics-en-industria-europea\/"},"author":{"name":"Sarah Moreira","@id":"https:\/\/ibecbarcelona.eu\/#\/schema\/person\/d3a158b8d448000777023ca1e3d71d34"},"headline":"El BIST advoca per reformes per convertir els descobriments cient\u00edfics en ind\u00fastria europea","datePublished":"2026-03-09T11:00:00+00:00","dateModified":"2026-03-17T13:52:00+00:00","mainEntityOfPage":{"@id":"https:\/\/ibecbarcelona.eu\/ca\/el-bist-advoca-per-reformes-per-convertir-els-descobriments-cientifics-en-industria-europea\/"},"wordCount":1318,"publisher":{"@id":"https:\/\/ibecbarcelona.eu\/#organization"},"image":{"@id":"https:\/\/ibecbarcelona.eu\/ca\/el-bist-advoca-per-reformes-per-convertir-els-descobriments-cientifics-en-industria-europea\/#primaryimage"},"thumbnailUrl":"https:\/\/ibecbarcelona.eu\/wp-content\/uploads\/2026\/03\/55137659161_e33510cfa5_k.jpg","keywords":["Bioengineering in reproductive health","Biomedical signal processing and interpretation","Biosensors for bioengineering","BIST","Cellular and molecular mechanobiology","Esdeveniment","Giuseppe Battaglia","Irene Marco Rius","Javier Ram\u00f3n","Molecular Bionics","Molecular Imaging for Precision Medicine","Nanoprobes and nanoswitches","Pau Gorostiza","Pere Roca-Cusachs","Raimon Jane","samuel ojosnegros"],"articleSection":["Not\u00edcies institucionals"],"inLanguage":"ca"},{"@type":"WebPage","@id":"https:\/\/ibecbarcelona.eu\/ca\/el-bist-advoca-per-reformes-per-convertir-els-descobriments-cientifics-en-industria-europea\/","url":"https:\/\/ibecbarcelona.eu\/ca\/el-bist-advoca-per-reformes-per-convertir-els-descobriments-cientifics-en-industria-europea\/","name":"El BIST advoca per reformes per convertir els descobriments cient\u00edfics en ind\u00fastria europea - Institute for Bioengineering of Catalonia","isPartOf":{"@id":"https:\/\/ibecbarcelona.eu\/#website"},"primaryImageOfPage":{"@id":"https:\/\/ibecbarcelona.eu\/ca\/el-bist-advoca-per-reformes-per-convertir-els-descobriments-cientifics-en-industria-europea\/#primaryimage"},"image":{"@id":"https:\/\/ibecbarcelona.eu\/ca\/el-bist-advoca-per-reformes-per-convertir-els-descobriments-cientifics-en-industria-europea\/#primaryimage"},"thumbnailUrl":"https:\/\/ibecbarcelona.eu\/wp-content\/uploads\/2026\/03\/55137659161_e33510cfa5_k.jpg","datePublished":"2026-03-09T11:00:00+00:00","dateModified":"2026-03-17T13:52:00+00:00","breadcrumb":{"@id":"https:\/\/ibecbarcelona.eu\/ca\/el-bist-advoca-per-reformes-per-convertir-els-descobriments-cientifics-en-industria-europea\/#breadcrumb"},"inLanguage":"ca","potentialAction":[{"@type":"ReadAction","target":["https:\/\/ibecbarcelona.eu\/ca\/el-bist-advoca-per-reformes-per-convertir-els-descobriments-cientifics-en-industria-europea\/"]}]},{"@type":"ImageObject","inLanguage":"ca","@id":"https:\/\/ibecbarcelona.eu\/ca\/el-bist-advoca-per-reformes-per-convertir-els-descobriments-cientifics-en-industria-europea\/#primaryimage","url":"https:\/\/ibecbarcelona.eu\/wp-content\/uploads\/2026\/03\/55137659161_e33510cfa5_k.jpg","contentUrl":"https:\/\/ibecbarcelona.eu\/wp-content\/uploads\/2026\/03\/55137659161_e33510cfa5_k.jpg","width":2048,"height":1365},{"@type":"BreadcrumbList","@id":"https:\/\/ibecbarcelona.eu\/ca\/el-bist-advoca-per-reformes-per-convertir-els-descobriments-cientifics-en-industria-europea\/#breadcrumb","itemListElement":[{"@type":"ListItem","position":1,"name":"Home","item":"https:\/\/ibecbarcelona.eu\/ca\/"},{"@type":"ListItem","position":2,"name":"El BIST advoca per reformes per convertir els descobriments cient\u00edfics en ind\u00fastria europea"}]},{"@type":"WebSite","@id":"https:\/\/ibecbarcelona.eu\/#website","url":"https:\/\/ibecbarcelona.eu\/","name":"Institute for Bioengineering of Catalonia","description":"Bioengineering Solutions for Health","publisher":{"@id":"https:\/\/ibecbarcelona.eu\/#organization"},"potentialAction":[{"@type":"SearchAction","target":{"@type":"EntryPoint","urlTemplate":"https:\/\/ibecbarcelona.eu\/?s={search_term_string}"},"query-input":{"@type":"PropertyValueSpecification","valueRequired":true,"valueName":"search_term_string"}}],"inLanguage":"ca"},{"@type":"Organization","@id":"https:\/\/ibecbarcelona.eu\/#organization","name":"Institute for Bioengineering of Catalonia","url":"https:\/\/ibecbarcelona.eu\/","logo":{"@type":"ImageObject","inLanguage":"ca","@id":"https:\/\/ibecbarcelona.eu\/#\/schema\/logo\/image\/","url":"https:\/\/ibecbarcelona.eu\/wp-content\/uploads\/2026\/01\/cropped-IBEC_20ANYS_GRIS.png","contentUrl":"https:\/\/ibecbarcelona.eu\/wp-content\/uploads\/2026\/01\/cropped-IBEC_20ANYS_GRIS.png","width":696,"height":257,"caption":"Institute for Bioengineering of Catalonia"},"image":{"@id":"https:\/\/ibecbarcelona.eu\/#\/schema\/logo\/image\/"}},{"@type":"Person","@id":"https:\/\/ibecbarcelona.eu\/#\/schema\/person\/d3a158b8d448000777023ca1e3d71d34","name":"Sarah Moreira","image":{"@type":"ImageObject","inLanguage":"ca","@id":"https:\/\/secure.gravatar.com\/avatar\/37385a1f83bdef106d1b89522da4c620ee48ba2eb0662dbc73ba05b7f3fbdf89?s=96&d=mm&r=g","url":"https:\/\/secure.gravatar.com\/avatar\/37385a1f83bdef106d1b89522da4c620ee48ba2eb0662dbc73ba05b7f3fbdf89?s=96&d=mm&r=g","contentUrl":"https:\/\/secure.gravatar.com\/avatar\/37385a1f83bdef106d1b89522da4c620ee48ba2eb0662dbc73ba05b7f3fbdf89?s=96&d=mm&r=g","caption":"Sarah Moreira"},"url":"https:\/\/ibecbarcelona.eu\/ca\/author\/smoreira\/"}]}},"AFP_featured_media_urls":{"full":["https:\/\/ibecbarcelona.eu\/wp-content\/uploads\/2026\/03\/55137659161_e33510cfa5_k.jpg",2048,1365,false],"thumbnail":["https:\/\/ibecbarcelona.eu\/wp-content\/uploads\/2026\/03\/55137659161_e33510cfa5_k-150x150.jpg",150,150,true],"medium":["https:\/\/ibecbarcelona.eu\/wp-content\/uploads\/2026\/03\/55137659161_e33510cfa5_k-300x200.jpg",300,200,true],"medium_large":["https:\/\/ibecbarcelona.eu\/wp-content\/uploads\/2026\/03\/55137659161_e33510cfa5_k-768x512.jpg",768,512,true],"large":["https:\/\/ibecbarcelona.eu\/wp-content\/uploads\/2026\/03\/55137659161_e33510cfa5_k-1024x683.jpg",1024,683,true]},"AFP_attachments":{"full":["https:\/\/ibecbarcelona.eu\/wp-content\/uploads\/2026\/03\/55137659161_e33510cfa5_k.jpg",2048,1365,false],"thumbnail":["https:\/\/ibecbarcelona.eu\/wp-content\/uploads\/2026\/03\/55137659161_e33510cfa5_k-150x150.jpg",150,150,true],"medium":["https:\/\/ibecbarcelona.eu\/wp-content\/uploads\/2026\/03\/55137659161_e33510cfa5_k-300x200.jpg",300,200,true],"medium_large":["https:\/\/ibecbarcelona.eu\/wp-content\/uploads\/2026\/03\/55137659161_e33510cfa5_k-768x512.jpg",768,512,true],"large":["https:\/\/ibecbarcelona.eu\/wp-content\/uploads\/2026\/03\/55137659161_e33510cfa5_k-1024x683.jpg",1024,683,true]},"AFP_videos":[],"AFP_video_blocks":"","AFP_category_names":["Not\u00edcies institucionals"],"_links":{"self":[{"href":"https:\/\/ibecbarcelona.eu\/ca\/wp-json\/wp\/v2\/posts\/132823","targetHints":{"allow":["GET"]}}],"collection":[{"href":"https:\/\/ibecbarcelona.eu\/ca\/wp-json\/wp\/v2\/posts"}],"about":[{"href":"https:\/\/ibecbarcelona.eu\/ca\/wp-json\/wp\/v2\/types\/post"}],"author":[{"embeddable":true,"href":"https:\/\/ibecbarcelona.eu\/ca\/wp-json\/wp\/v2\/users\/37"}],"replies":[{"embeddable":true,"href":"https:\/\/ibecbarcelona.eu\/ca\/wp-json\/wp\/v2\/comments?post=132823"}],"version-history":[{"count":1,"href":"https:\/\/ibecbarcelona.eu\/ca\/wp-json\/wp\/v2\/posts\/132823\/revisions"}],"predecessor-version":[{"id":132828,"href":"https:\/\/ibecbarcelona.eu\/ca\/wp-json\/wp\/v2\/posts\/132823\/revisions\/132828"}],"wp:featuredmedia":[{"embeddable":true,"href":"https:\/\/ibecbarcelona.eu\/ca\/wp-json\/wp\/v2\/media\/132778"}],"wp:attachment":[{"href":"https:\/\/ibecbarcelona.eu\/ca\/wp-json\/wp\/v2\/media?parent=132823"}],"wp:term":[{"taxonomy":"category","embeddable":true,"href":"https:\/\/ibecbarcelona.eu\/ca\/wp-json\/wp\/v2\/categories?post=132823"},{"taxonomy":"post_tag","embeddable":true,"href":"https:\/\/ibecbarcelona.eu\/ca\/wp-json\/wp\/v2\/tags?post=132823"},{"taxonomy":"post_format","embeddable":true,"href":"https:\/\/ibecbarcelona.eu\/ca\/wp-json\/wp\/v2\/post_formats?post=132823"}],"curies":[{"name":"wp","href":"https:\/\/api.w.org\/{rel}","templated":true}]}}