
{"id":133358,"date":"2026-04-27T16:47:02","date_gmt":"2026-04-27T14:47:02","guid":{"rendered":"https:\/\/ibecbarcelona.eu\/ibec-makes-its-mark-at-termiseu-2026-with-a-strong-scientific-presence-and-a-key-role-in-the-conferences-leadership\/"},"modified":"2026-04-27T16:56:08","modified_gmt":"2026-04-27T14:56:08","slug":"ibec-makes-its-mark-at-termiseu-2026-with-a-strong-scientific-presence-and-a-key-role-in-the-conferences-leadership","status":"publish","type":"post","link":"https:\/\/ibecbarcelona.eu\/ca\/ibec-destaca-a-termis-eu-2026-amb-una-amplia-participacio-cientifica-i-un-paper-clau-en-el-lideratge-del-congres","title":{"rendered":"L\u2019IBEC destaca a TERMIS\u2011EU 2026 amb una \u00e0mplia participaci\u00f3 cient\u00edfica i un paper clau en el lideratge del congr\u00e9s"},"content":{"rendered":"\n<p><strong><strong>L\u2019IBEC destaca a TERMIS\u2011EU 2026, el congr\u00e9s europeu de refer\u00e8ncia en enginyeria de teixits i medicina regenerativa, celebrat del 21 al 24 d\u2019abril de 2026 al Palau de Congressos de Palma (Mallorca), amb una participaci\u00f3 molt rellevant en un esdeveniment que ha reunit m\u00e9s de 1.600 investigadores i investigadors.<\/strong><\/strong><\/p>\n\n\n\n<figure class=\"wp-block-image size-large\"><img decoding=\"async\" width=\"1024\" height=\"768\" data-src=\"https:\/\/ibecbarcelona.eu\/wp-content\/uploads\/2026\/04\/MSalmeron-TERMIS26-1024x768.jpg\" alt=\"\" class=\"wp-image-133323 lazyload\" data-srcset=\"https:\/\/ibecbarcelona.eu\/wp-content\/uploads\/2026\/04\/MSalmeron-TERMIS26-1024x768.jpg 1024w, https:\/\/ibecbarcelona.eu\/wp-content\/uploads\/2026\/04\/MSalmeron-TERMIS26-300x225.jpg 300w, https:\/\/ibecbarcelona.eu\/wp-content\/uploads\/2026\/04\/MSalmeron-TERMIS26-768x576.jpg 768w, https:\/\/ibecbarcelona.eu\/wp-content\/uploads\/2026\/04\/MSalmeron-TERMIS26.jpg 1498w\" data-sizes=\"(max-width: 1024px) 100vw, 1024px\" src=\"data:image\/svg+xml;base64,PHN2ZyB3aWR0aD0iMSIgaGVpZ2h0PSIxIiB4bWxucz0iaHR0cDovL3d3dy53My5vcmcvMjAwMC9zdmciPjwvc3ZnPg==\" style=\"--smush-placeholder-width: 1024px; --smush-placeholder-aspect-ratio: 1024\/768;\" \/><\/figure>\n\n\n\n<div style=\"height:20px\" aria-hidden=\"true\" class=\"wp-block-spacer\"><\/div>\n\n\n\n<p>La participaci\u00f3 de l\u2019IBEC posa de manifest tant l\u2019impacte de la seva recerca com el seu paper de lideratge en bioenginyeria dins la comunitat europea. En aquesta edici\u00f3 de TERMIS\u2011EU, vuit grups de recerca de l\u2019IBEC han contribu\u00eft activament al programa cient\u00edfic del congr\u00e9s amb pon\u00e8ncies, presid\u00e8ncia de sessions i comunicacions orals. En concret, han participat els grups: <a href=\"https:\/\/ibecbarcelona.eu\/biosensors\/\">Biosensors for Bioengineering<\/a>; <a href=\"https:\/\/ibecbarcelona.eu\/biomaterials\/\">Biomaterials for Regenerative Therapies<\/a>; <a href=\"https:\/\/ibecbarcelona.eu\/integrative\/\">Integrative Cell and Tissue Dynamics<\/a>; <a href=\"https:\/\/ibecbarcelona.eu\/research-groups\/microenvironments-for-medicine\/\">Microenvironments for Medicine<\/a>; <a href=\"https:\/\/ibecbarcelona.eu\/biomaterial-for-neural-regeneration\/\">Biomaterials for Neural Regeneration<\/a>; <a href=\"https:\/\/ibecbarcelona.eu\/nanobioengineering\/\">Nanobioengineering<\/a>; <a href=\"https:\/\/ibecbarcelona.eu\/nanodevices\/\">Smart Nano-Bio-Devices<\/a>; and <a href=\"https:\/\/ibecbarcelona.eu\/wp-content\/uploads\/2022\/01\/martinez.jpg\">Biomimetic Systems for Cell Engineering<\/a>. Aquests grups aborden una \u00e0mplia varietat de temes clau en enginyeria de teixits, biomaterials, mecanobiologia, biofabricaci\u00f3 i models avan\u00e7ats per a l\u2019estudi de malalties.<\/p>\n\n\n\n<p>\u201cLa participaci\u00f3 destacada de l\u2019IBEC a TERMIS\u2011EU 2026 reflecteix el comprom\u00eds del nostre centre amb una recerca d\u2019excel\u00b7l\u00e8ncia, interdisciplin\u00e0ria i amb vocaci\u00f3 transformadora. El fet de tenir una pres\u00e8ncia tan \u00e0mplia al programa cient\u00edfic i, alhora, assumir rols de lideratge en l\u2019organitzaci\u00f3 del congr\u00e9s, posa de manifest la posici\u00f3 de l\u2019IBEC com a referent europeu en enginyeria de teixits i medicina regenerativa\u201d afirma Manuel Salmeron, director de l\u2019IBEC.<\/p>\n\n\n\n<h4 class=\"wp-block-heading\"><strong><strong>Lideratge de l\u2019IBEC en l\u2019organitzaci\u00f3 de TERMIS\u2011EU 2026<\/strong><\/strong><\/h4>\n\n\n\n<p>Un dels elements m\u00e9s destacats de la pres\u00e8ncia de l\u2019IBEC a TERMIS\u2011EU 2026 \u00e9s el paper de Javier Ram\u00f3n\u2011Azc\u00f3n, investigador ICREA a l\u2019IBEC, que exerceix com a un dels tres <em>Conference Chair<\/em> del congr\u00e9s. Des d\u2019aquesta posici\u00f3, ha contribu\u00eft de manera decisiva a la definici\u00f3 del programa cient\u00edfic i a l\u2019organitzaci\u00f3 d\u2019un dels principals esdeveniments internacionals del sector.<\/p>\n\n\n\n<p>A m\u00e9s, diversos investigadors i investigadores de l\u2019IBEC actuen com a chairs i co\u2011chairs dels simposis, refor\u00e7ant la visibilitat de l\u2019institut en \u00e0mbits estrat\u00e8gics de la medicina regenerativa i l\u2019enginyeria de teixits.<\/p>\n\n\n\n<figure class=\"wp-block-gallery has-nested-images columns-default is-cropped wp-block-gallery-1 is-layout-flex wp-block-gallery-is-layout-flex\">\n<figure class=\"wp-block-image size-large\"><img decoding=\"async\" width=\"768\" height=\"1024\" data-id=\"133329\" data-src=\"https:\/\/ibecbarcelona.eu\/wp-content\/uploads\/2026\/04\/IMG-20260423-WA0017-768x1024.jpg\" alt=\"\" class=\"wp-image-133329 lazyload\" data-srcset=\"https:\/\/ibecbarcelona.eu\/wp-content\/uploads\/2026\/04\/IMG-20260423-WA0017-768x1024.jpg 768w, https:\/\/ibecbarcelona.eu\/wp-content\/uploads\/2026\/04\/IMG-20260423-WA0017-225x300.jpg 225w, https:\/\/ibecbarcelona.eu\/wp-content\/uploads\/2026\/04\/IMG-20260423-WA0017-1152x1536.jpg 1152w, https:\/\/ibecbarcelona.eu\/wp-content\/uploads\/2026\/04\/IMG-20260423-WA0017.jpg 1536w\" data-sizes=\"(max-width: 768px) 100vw, 768px\" src=\"data:image\/svg+xml;base64,PHN2ZyB3aWR0aD0iMSIgaGVpZ2h0PSIxIiB4bWxucz0iaHR0cDovL3d3dy53My5vcmcvMjAwMC9zdmciPjwvc3ZnPg==\" style=\"--smush-placeholder-width: 768px; --smush-placeholder-aspect-ratio: 768\/1024;\" \/><\/figure>\n\n\n\n<figure class=\"wp-block-image size-large\"><img decoding=\"async\" width=\"768\" height=\"1024\" data-id=\"133326\" data-src=\"https:\/\/ibecbarcelona.eu\/wp-content\/uploads\/2026\/04\/IMG-20260423-WA0001-768x1024.jpg\" alt=\"\" class=\"wp-image-133326 lazyload\" data-srcset=\"https:\/\/ibecbarcelona.eu\/wp-content\/uploads\/2026\/04\/IMG-20260423-WA0001-768x1024.jpg 768w, https:\/\/ibecbarcelona.eu\/wp-content\/uploads\/2026\/04\/IMG-20260423-WA0001-225x300.jpg 225w, https:\/\/ibecbarcelona.eu\/wp-content\/uploads\/2026\/04\/IMG-20260423-WA0001-1152x1536.jpg 1152w, https:\/\/ibecbarcelona.eu\/wp-content\/uploads\/2026\/04\/IMG-20260423-WA0001.jpg 1200w\" data-sizes=\"(max-width: 768px) 100vw, 768px\" src=\"data:image\/svg+xml;base64,PHN2ZyB3aWR0aD0iMSIgaGVpZ2h0PSIxIiB4bWxucz0iaHR0cDovL3d3dy53My5vcmcvMjAwMC9zdmciPjwvc3ZnPg==\" style=\"--smush-placeholder-width: 768px; --smush-placeholder-aspect-ratio: 768\/1024;\" \/><\/figure>\n\n\n\n<figure class=\"wp-block-image size-large\"><img decoding=\"async\" width=\"768\" height=\"1024\" data-id=\"133331\" data-src=\"https:\/\/ibecbarcelona.eu\/wp-content\/uploads\/2026\/04\/IMG-20260423-WA0002-768x1024.jpg\" alt=\"\" class=\"wp-image-133331 lazyload\" data-srcset=\"https:\/\/ibecbarcelona.eu\/wp-content\/uploads\/2026\/04\/IMG-20260423-WA0002-768x1024.jpg 768w, https:\/\/ibecbarcelona.eu\/wp-content\/uploads\/2026\/04\/IMG-20260423-WA0002-225x300.jpg 225w, https:\/\/ibecbarcelona.eu\/wp-content\/uploads\/2026\/04\/IMG-20260423-WA0002-1152x1536.jpg 1152w, https:\/\/ibecbarcelona.eu\/wp-content\/uploads\/2026\/04\/IMG-20260423-WA0002.jpg 1200w\" data-sizes=\"(max-width: 768px) 100vw, 768px\" src=\"data:image\/svg+xml;base64,PHN2ZyB3aWR0aD0iMSIgaGVpZ2h0PSIxIiB4bWxucz0iaHR0cDovL3d3dy53My5vcmcvMjAwMC9zdmciPjwvc3ZnPg==\" style=\"--smush-placeholder-width: 768px; --smush-placeholder-aspect-ratio: 768\/1024;\" \/><\/figure>\n\n\n\n<figure class=\"wp-block-image size-large\"><img decoding=\"async\" width=\"1024\" height=\"768\" data-id=\"133332\" data-src=\"https:\/\/ibecbarcelona.eu\/wp-content\/uploads\/2026\/04\/IMG-20260423-WA0009-1024x768.jpg\" alt=\"\" class=\"wp-image-133332 lazyload\" data-srcset=\"https:\/\/ibecbarcelona.eu\/wp-content\/uploads\/2026\/04\/IMG-20260423-WA0009-1024x768.jpg 1024w, https:\/\/ibecbarcelona.eu\/wp-content\/uploads\/2026\/04\/IMG-20260423-WA0009-300x225.jpg 300w, https:\/\/ibecbarcelona.eu\/wp-content\/uploads\/2026\/04\/IMG-20260423-WA0009-768x576.jpg 768w, https:\/\/ibecbarcelona.eu\/wp-content\/uploads\/2026\/04\/IMG-20260423-WA0009-1536x1152.jpg 1536w, https:\/\/ibecbarcelona.eu\/wp-content\/uploads\/2026\/04\/IMG-20260423-WA0009.jpg 1600w\" data-sizes=\"(max-width: 1024px) 100vw, 1024px\" src=\"data:image\/svg+xml;base64,PHN2ZyB3aWR0aD0iMSIgaGVpZ2h0PSIxIiB4bWxucz0iaHR0cDovL3d3dy53My5vcmcvMjAwMC9zdmciPjwvc3ZnPg==\" style=\"--smush-placeholder-width: 1024px; --smush-placeholder-aspect-ratio: 1024\/768;\" \/><\/figure>\n\n\n\n<figure class=\"wp-block-image size-large\"><img decoding=\"async\" width=\"1024\" height=\"768\" data-id=\"133344\" data-src=\"https:\/\/ibecbarcelona.eu\/wp-content\/uploads\/2026\/04\/IMG-20260423-WA0011-1024x768.jpg\" alt=\"\" class=\"wp-image-133344 lazyload\" data-srcset=\"https:\/\/ibecbarcelona.eu\/wp-content\/uploads\/2026\/04\/IMG-20260423-WA0011-1024x768.jpg 1024w, https:\/\/ibecbarcelona.eu\/wp-content\/uploads\/2026\/04\/IMG-20260423-WA0011-300x225.jpg 300w, https:\/\/ibecbarcelona.eu\/wp-content\/uploads\/2026\/04\/IMG-20260423-WA0011-768x576.jpg 768w, https:\/\/ibecbarcelona.eu\/wp-content\/uploads\/2026\/04\/IMG-20260423-WA0011-1536x1152.jpg 1536w, https:\/\/ibecbarcelona.eu\/wp-content\/uploads\/2026\/04\/IMG-20260423-WA0011.jpg 2048w\" data-sizes=\"(max-width: 1024px) 100vw, 1024px\" src=\"data:image\/svg+xml;base64,PHN2ZyB3aWR0aD0iMSIgaGVpZ2h0PSIxIiB4bWxucz0iaHR0cDovL3d3dy53My5vcmcvMjAwMC9zdmciPjwvc3ZnPg==\" style=\"--smush-placeholder-width: 1024px; --smush-placeholder-aspect-ratio: 1024\/768;\" \/><\/figure>\n\n\n\n<figure class=\"wp-block-image size-large\"><img decoding=\"async\" width=\"1365\" height=\"1024\" data-id=\"133353\" data-src=\"https:\/\/ibecbarcelona.eu\/wp-content\/uploads\/2026\/04\/IMG-20260423-WA0014-edited.jpg\" alt=\"\" class=\"wp-image-133353 lazyload\" data-srcset=\"https:\/\/ibecbarcelona.eu\/wp-content\/uploads\/2026\/04\/IMG-20260423-WA0014-edited.jpg 1365w, https:\/\/ibecbarcelona.eu\/wp-content\/uploads\/2026\/04\/IMG-20260423-WA0014-edited-300x225.jpg 300w, https:\/\/ibecbarcelona.eu\/wp-content\/uploads\/2026\/04\/IMG-20260423-WA0014-edited-1024x768.jpg 1024w, https:\/\/ibecbarcelona.eu\/wp-content\/uploads\/2026\/04\/IMG-20260423-WA0014-edited-768x576.jpg 768w\" data-sizes=\"(max-width: 1365px) 100vw, 1365px\" src=\"data:image\/svg+xml;base64,PHN2ZyB3aWR0aD0iMSIgaGVpZ2h0PSIxIiB4bWxucz0iaHR0cDovL3d3dy53My5vcmcvMjAwMC9zdmciPjwvc3ZnPg==\" style=\"--smush-placeholder-width: 1365px; --smush-placeholder-aspect-ratio: 1365\/1024;\" \/><\/figure>\n\n\n\n<figure class=\"wp-block-image size-large\"><img decoding=\"async\" width=\"1728\" height=\"1152\" data-id=\"133350\" data-src=\"https:\/\/ibecbarcelona.eu\/wp-content\/uploads\/2026\/04\/IMG-20260423-WA0003-edited.jpg\" alt=\"\" class=\"wp-image-133350 lazyload\" data-srcset=\"https:\/\/ibecbarcelona.eu\/wp-content\/uploads\/2026\/04\/IMG-20260423-WA0003-edited.jpg 1728w, https:\/\/ibecbarcelona.eu\/wp-content\/uploads\/2026\/04\/IMG-20260423-WA0003-edited-300x200.jpg 300w, https:\/\/ibecbarcelona.eu\/wp-content\/uploads\/2026\/04\/IMG-20260423-WA0003-edited-1024x683.jpg 1024w, https:\/\/ibecbarcelona.eu\/wp-content\/uploads\/2026\/04\/IMG-20260423-WA0003-edited-768x512.jpg 768w, https:\/\/ibecbarcelona.eu\/wp-content\/uploads\/2026\/04\/IMG-20260423-WA0003-edited-1536x1024.jpg 1536w, https:\/\/ibecbarcelona.eu\/wp-content\/uploads\/2026\/04\/IMG-20260423-WA0003-edited-1200x800.jpg 1200w, https:\/\/ibecbarcelona.eu\/wp-content\/uploads\/2026\/04\/IMG-20260423-WA0003-edited-600x400.jpg 600w\" data-sizes=\"(max-width: 1728px) 100vw, 1728px\" src=\"data:image\/svg+xml;base64,PHN2ZyB3aWR0aD0iMSIgaGVpZ2h0PSIxIiB4bWxucz0iaHR0cDovL3d3dy53My5vcmcvMjAwMC9zdmciPjwvc3ZnPg==\" style=\"--smush-placeholder-width: 1728px; --smush-placeholder-aspect-ratio: 1728\/1152;\" \/><\/figure>\n\n\n\n<figure class=\"wp-block-image size-large\"><img decoding=\"async\" width=\"1024\" height=\"768\" data-id=\"133339\" data-src=\"https:\/\/ibecbarcelona.eu\/wp-content\/uploads\/2026\/04\/IMG-20260423-WA0013-1024x768.jpg\" alt=\"\" class=\"wp-image-133339 lazyload\" data-srcset=\"https:\/\/ibecbarcelona.eu\/wp-content\/uploads\/2026\/04\/IMG-20260423-WA0013-1024x768.jpg 1024w, https:\/\/ibecbarcelona.eu\/wp-content\/uploads\/2026\/04\/IMG-20260423-WA0013-300x225.jpg 300w, https:\/\/ibecbarcelona.eu\/wp-content\/uploads\/2026\/04\/IMG-20260423-WA0013-768x576.jpg 768w, https:\/\/ibecbarcelona.eu\/wp-content\/uploads\/2026\/04\/IMG-20260423-WA0013-1536x1152.jpg 1536w, https:\/\/ibecbarcelona.eu\/wp-content\/uploads\/2026\/04\/IMG-20260423-WA0013.jpg 2000w\" data-sizes=\"(max-width: 1024px) 100vw, 1024px\" src=\"data:image\/svg+xml;base64,PHN2ZyB3aWR0aD0iMSIgaGVpZ2h0PSIxIiB4bWxucz0iaHR0cDovL3d3dy53My5vcmcvMjAwMC9zdmciPjwvc3ZnPg==\" style=\"--smush-placeholder-width: 1024px; --smush-placeholder-aspect-ratio: 1024\/768;\" \/><\/figure>\n<\/figure>\n\n\n\n<div style=\"height:20px\" aria-hidden=\"true\" class=\"wp-block-spacer\"><\/div>\n\n\n\n<h4 class=\"wp-block-heading\"><strong><strong>Contribucions cient\u00edfiques en \u00e0mbits clau de la medicina regenerativa<\/strong><\/strong><\/h4>\n\n\n\n<p>Els grups de l\u2019IBEC participen en sessions centrades en alguns dels reptes cient\u00edfics m\u00e9s rellevants del camp, com ara:<\/p>\n\n\n\n<ul class=\"wp-block-list\">\n<li><strong>Biomaterials avan\u00e7ats i hidrogels funcionals<\/strong>, amb aportacions de Manuel Salmeron , Zaida \u00c1lvarez i Elisabeth Engel, que aborden des de hidrogels funcionals fins a estrat\u00e8gies translacionals en regeneraci\u00f3 de teixits.<\/li>\n\n\n\n<li><strong>Biofabricaci\u00f3, bioenginyeria muscular i sistemes bioh\u00edbrids<\/strong>, amb contribucions del grup de Samuel S\u00e1nchez, que integren enginyeria, materials i rob\u00f2tica bioinspirada.<\/li>\n\n\n\n<li><strong>Mecanobiologia i microambient tumoral<\/strong>, amb la participaci\u00f3 de Xavier Trepat, que presenta resultats sobre el paper de les forces mec\u00e0niques en la regulaci\u00f3 del comportament cel\u00b7lular en contextos immunocompetents.<\/li>\n\n\n\n<li><strong>Models 3D, organoids i sistemes <em>organ\u2011on\u2011chip<\/em><\/strong>, amb diverses presentacions liderades pels grups d\u2019Elena Mart\u00ednez, Josep Samitier i Javier Ram\u00f3n\u2011Azc\u00f3n, aplicades a l\u2019estudi del c\u00e0ncer, les malalties neuromusculars i la neuroregeneraci\u00f3.<\/li>\n<\/ul>\n\n\n\n<h4 class=\"wp-block-heading\"><strong><strong>Un aparador internacional per a la recerca de l\u2019IBEC<\/strong><\/strong><\/h4>\n\n\n\n<p>La participaci\u00f3 transversal de l\u2019IBEC a TERMIS\u2011EU 2026 \u2014amb pres\u00e8ncia en pon\u00e8ncies orals, sessions tem\u00e0tiques i rols de lideratge\u2014 consolida l\u2019institut com <strong>un referent europeu en bioenginyeria i medicina regenerativa<\/strong>. El congr\u00e9s ofereix un espai clau per compartir resultats d\u2019alt impacte, establir noves col\u00b7laboracions internacionals i continuar avan\u00e7ant cap a la transfer\u00e8ncia del coneixement a aplicacions cl\u00edniques i industrials.<\/p>\n\n\n\n<p><\/p>\n","protected":false},"excerpt":{"rendered":"<p>L\u2019IBEC destaca a TERMIS EU 2026, el congr\u00e9s europeu de refer\u00e8ncia en enginyeria de teixits i medicina regenerativa, celebrat del 21 al 24 d\u2019abril de 2026 al Palau de Congressos de Palma (Mallorca), amb una participaci\u00f3 molt rellevant en un esdeveniment que ha reunit m\u00e9s de 1.600 investigadores i investigadors.<\/p>\n","protected":false},"author":37,"featured_media":133324,"comment_status":"closed","ping_status":"closed","sticky":false,"template":"","format":"standard","meta":{"footnotes":""},"categories":[98],"tags":[1965,1769,1826,1999,820,770,1731,1842,1131,1136,2085,2098,1878,1140,1818,1143,1970],"post_formats":[],"class_list":["post-133358","post","type-post","status-publish","format-standard","has-post-thumbnail","hentry","category-noticies-institucionals","tag-biomaterials-for-neural-regeneration-group-ca","tag-biomaterials-for-regenerative-therapies-ca","tag-biomimetic-systems-for-cell-engineering-ca","tag-biosensors-for-bioengineering-ca","tag-elena-martinez-ca","tag-elisabeth-engel-ca","tag-esdeveniment","tag-integrative-cell-and-tissue-dynamics-ca","tag-javier-ramon-ca","tag-josep-samitier-ca","tag-manuel-salmeron-ca","tag-microenvironments-for-medicine-ca","tag-nanobioengineering-ca","tag-samuel-sanchez-ca","tag-smart-nano-bio-devices-ca","tag-xavier-trepat-ca","tag-zaida-alvarez-ca"],"yoast_head":"<!-- This site is optimized with the Yoast SEO plugin v27.4 - https:\/\/yoast.com\/product\/yoast-seo-wordpress\/ -->\n<title>L\u2019IBEC destaca a TERMIS\u2011EU 2026 amb una \u00e0mplia participaci\u00f3 cient\u00edfica i un paper clau en el lideratge del congr\u00e9s - Institute for Bioengineering of Catalonia<\/title>\n<meta name=\"robots\" content=\"index, follow, max-snippet:-1, max-image-preview:large, max-video-preview:-1\" \/>\n<link rel=\"canonical\" href=\"https:\/\/ibecbarcelona.eu\/ca\/ibec-destaca-a-termis-eu-2026-amb-una-amplia-participacio-cientifica-i-un-paper-clau-en-el-lideratge-del-congres\/\" \/>\n<meta property=\"og:locale\" content=\"ca_ES\" \/>\n<meta property=\"og:type\" content=\"article\" \/>\n<meta property=\"og:title\" content=\"L\u2019IBEC destaca a TERMIS\u2011EU 2026 amb una \u00e0mplia participaci\u00f3 cient\u00edfica i un paper clau en el lideratge del congr\u00e9s - Institute for Bioengineering of Catalonia\" \/>\n<meta property=\"og:description\" content=\"L\u2019IBEC destaca a TERMIS EU 2026, el congr\u00e9s europeu de refer\u00e8ncia en enginyeria de teixits i medicina regenerativa, celebrat del 21 al 24 d\u2019abril de 2026 al Palau de Congressos de Palma (Mallorca), amb una participaci\u00f3 molt rellevant en un esdeveniment que ha reunit m\u00e9s de 1.600 investigadores i investigadors.\" \/>\n<meta property=\"og:url\" content=\"https:\/\/ibecbarcelona.eu\/ca\/ibec-destaca-a-termis-eu-2026-amb-una-amplia-participacio-cientifica-i-un-paper-clau-en-el-lideratge-del-congres\/\" \/>\n<meta property=\"og:site_name\" content=\"Institute for Bioengineering of Catalonia\" \/>\n<meta property=\"article:published_time\" content=\"2026-04-27T14:47:02+00:00\" \/>\n<meta property=\"article:modified_time\" content=\"2026-04-27T14:56:08+00:00\" \/>\n<meta property=\"og:image\" content=\"https:\/\/ibecbarcelona.eu\/wp-content\/uploads\/2026\/04\/MSalmeron-TERMIS26.jpg\" \/>\n\t<meta property=\"og:image:width\" content=\"1498\" \/>\n\t<meta property=\"og:image:height\" content=\"1124\" \/>\n\t<meta property=\"og:image:type\" content=\"image\/jpeg\" \/>\n<meta name=\"author\" content=\"Sarah Moreira\" \/>\n<meta name=\"twitter:card\" content=\"summary_large_image\" \/>\n<meta name=\"twitter:label1\" content=\"Escrit per\" \/>\n\t<meta name=\"twitter:data1\" content=\"Sarah Moreira\" \/>\n\t<meta name=\"twitter:label2\" content=\"Temps estimat de lectura\" \/>\n\t<meta name=\"twitter:data2\" content=\"5 minuts\" \/>\n<script type=\"application\/ld+json\" class=\"yoast-schema-graph\">{\"@context\":\"https:\\\/\\\/schema.org\",\"@graph\":[{\"@type\":\"Article\",\"@id\":\"https:\\\/\\\/ibecbarcelona.eu\\\/ca\\\/ibec-destaca-a-termis-eu-2026-amb-una-amplia-participacio-cientifica-i-un-paper-clau-en-el-lideratge-del-congres\\\/#article\",\"isPartOf\":{\"@id\":\"https:\\\/\\\/ibecbarcelona.eu\\\/ca\\\/ibec-destaca-a-termis-eu-2026-amb-una-amplia-participacio-cientifica-i-un-paper-clau-en-el-lideratge-del-congres\\\/\"},\"author\":{\"name\":\"Sarah Moreira\",\"@id\":\"https:\\\/\\\/ibecbarcelona.eu\\\/#\\\/schema\\\/person\\\/d3a158b8d448000777023ca1e3d71d34\"},\"headline\":\"L\u2019IBEC destaca a TERMIS\u2011EU 2026 amb una \u00e0mplia participaci\u00f3 cient\u00edfica i un paper clau en el lideratge del congr\u00e9s\",\"datePublished\":\"2026-04-27T14:47:02+00:00\",\"dateModified\":\"2026-04-27T14:56:08+00:00\",\"mainEntityOfPage\":{\"@id\":\"https:\\\/\\\/ibecbarcelona.eu\\\/ca\\\/ibec-destaca-a-termis-eu-2026-amb-una-amplia-participacio-cientifica-i-un-paper-clau-en-el-lideratge-del-congres\\\/\"},\"wordCount\":629,\"publisher\":{\"@id\":\"https:\\\/\\\/ibecbarcelona.eu\\\/#organization\"},\"image\":{\"@id\":\"https:\\\/\\\/ibecbarcelona.eu\\\/ca\\\/ibec-destaca-a-termis-eu-2026-amb-una-amplia-participacio-cientifica-i-un-paper-clau-en-el-lideratge-del-congres\\\/#primaryimage\"},\"thumbnailUrl\":\"https:\\\/\\\/ibecbarcelona.eu\\\/wp-content\\\/uploads\\\/2026\\\/04\\\/MSalmeron-TERMIS26.jpg\",\"keywords\":[\"Biomaterials for Neural regeneration group\",\"Biomaterials for regenerative therapies\",\"Biomimetic systems for cell engineering\",\"Biosensors for bioengineering\",\"Elena Martinez\",\"Elisabeth Engel\",\"Esdeveniment\",\"Integrative cell and tissue dynamics\",\"Javier Ram\u00f3n\",\"Josep Samitier\",\"Manuel Salmer\u00f3n\",\"Microenvironments for Medicine\",\"Nanobioengineering\",\"Samuel Sanchez\",\"Smart nano-bio-devices\",\"Xavier Trepat\",\"Zaida \u00c1lvarez\"],\"articleSection\":[\"Not\u00edcies institucionals\"],\"inLanguage\":\"ca\"},{\"@type\":\"WebPage\",\"@id\":\"https:\\\/\\\/ibecbarcelona.eu\\\/ca\\\/ibec-destaca-a-termis-eu-2026-amb-una-amplia-participacio-cientifica-i-un-paper-clau-en-el-lideratge-del-congres\\\/\",\"url\":\"https:\\\/\\\/ibecbarcelona.eu\\\/ca\\\/ibec-destaca-a-termis-eu-2026-amb-una-amplia-participacio-cientifica-i-un-paper-clau-en-el-lideratge-del-congres\\\/\",\"name\":\"L\u2019IBEC destaca a TERMIS\u2011EU 2026 amb una \u00e0mplia participaci\u00f3 cient\u00edfica i un paper clau en el lideratge del congr\u00e9s - Institute for Bioengineering of Catalonia\",\"isPartOf\":{\"@id\":\"https:\\\/\\\/ibecbarcelona.eu\\\/#website\"},\"primaryImageOfPage\":{\"@id\":\"https:\\\/\\\/ibecbarcelona.eu\\\/ca\\\/ibec-destaca-a-termis-eu-2026-amb-una-amplia-participacio-cientifica-i-un-paper-clau-en-el-lideratge-del-congres\\\/#primaryimage\"},\"image\":{\"@id\":\"https:\\\/\\\/ibecbarcelona.eu\\\/ca\\\/ibec-destaca-a-termis-eu-2026-amb-una-amplia-participacio-cientifica-i-un-paper-clau-en-el-lideratge-del-congres\\\/#primaryimage\"},\"thumbnailUrl\":\"https:\\\/\\\/ibecbarcelona.eu\\\/wp-content\\\/uploads\\\/2026\\\/04\\\/MSalmeron-TERMIS26.jpg\",\"datePublished\":\"2026-04-27T14:47:02+00:00\",\"dateModified\":\"2026-04-27T14:56:08+00:00\",\"breadcrumb\":{\"@id\":\"https:\\\/\\\/ibecbarcelona.eu\\\/ca\\\/ibec-destaca-a-termis-eu-2026-amb-una-amplia-participacio-cientifica-i-un-paper-clau-en-el-lideratge-del-congres\\\/#breadcrumb\"},\"inLanguage\":\"ca\",\"potentialAction\":[{\"@type\":\"ReadAction\",\"target\":[\"https:\\\/\\\/ibecbarcelona.eu\\\/ca\\\/ibec-destaca-a-termis-eu-2026-amb-una-amplia-participacio-cientifica-i-un-paper-clau-en-el-lideratge-del-congres\\\/\"]}]},{\"@type\":\"ImageObject\",\"inLanguage\":\"ca\",\"@id\":\"https:\\\/\\\/ibecbarcelona.eu\\\/ca\\\/ibec-destaca-a-termis-eu-2026-amb-una-amplia-participacio-cientifica-i-un-paper-clau-en-el-lideratge-del-congres\\\/#primaryimage\",\"url\":\"https:\\\/\\\/ibecbarcelona.eu\\\/wp-content\\\/uploads\\\/2026\\\/04\\\/MSalmeron-TERMIS26.jpg\",\"contentUrl\":\"https:\\\/\\\/ibecbarcelona.eu\\\/wp-content\\\/uploads\\\/2026\\\/04\\\/MSalmeron-TERMIS26.jpg\",\"width\":1498,\"height\":1124},{\"@type\":\"BreadcrumbList\",\"@id\":\"https:\\\/\\\/ibecbarcelona.eu\\\/ca\\\/ibec-destaca-a-termis-eu-2026-amb-una-amplia-participacio-cientifica-i-un-paper-clau-en-el-lideratge-del-congres\\\/#breadcrumb\",\"itemListElement\":[{\"@type\":\"ListItem\",\"position\":1,\"name\":\"Home\",\"item\":\"https:\\\/\\\/ibecbarcelona.eu\\\/ca\\\/\"},{\"@type\":\"ListItem\",\"position\":2,\"name\":\"L\u2019IBEC destaca a TERMIS\u2011EU 2026 amb una \u00e0mplia participaci\u00f3 cient\u00edfica i un paper clau en el lideratge del congr\u00e9s\"}]},{\"@type\":\"WebSite\",\"@id\":\"https:\\\/\\\/ibecbarcelona.eu\\\/#website\",\"url\":\"https:\\\/\\\/ibecbarcelona.eu\\\/\",\"name\":\"Institute for Bioengineering of Catalonia\",\"description\":\"Bioengineering Solutions for Health\",\"publisher\":{\"@id\":\"https:\\\/\\\/ibecbarcelona.eu\\\/#organization\"},\"potentialAction\":[{\"@type\":\"SearchAction\",\"target\":{\"@type\":\"EntryPoint\",\"urlTemplate\":\"https:\\\/\\\/ibecbarcelona.eu\\\/?s={search_term_string}\"},\"query-input\":{\"@type\":\"PropertyValueSpecification\",\"valueRequired\":true,\"valueName\":\"search_term_string\"}}],\"inLanguage\":\"ca\"},{\"@type\":\"Organization\",\"@id\":\"https:\\\/\\\/ibecbarcelona.eu\\\/#organization\",\"name\":\"Institute for Bioengineering of Catalonia\",\"url\":\"https:\\\/\\\/ibecbarcelona.eu\\\/\",\"logo\":{\"@type\":\"ImageObject\",\"inLanguage\":\"ca\",\"@id\":\"https:\\\/\\\/ibecbarcelona.eu\\\/#\\\/schema\\\/logo\\\/image\\\/\",\"url\":\"https:\\\/\\\/ibecbarcelona.eu\\\/wp-content\\\/uploads\\\/2026\\\/01\\\/cropped-IBEC_20ANYS_GRIS.png\",\"contentUrl\":\"https:\\\/\\\/ibecbarcelona.eu\\\/wp-content\\\/uploads\\\/2026\\\/01\\\/cropped-IBEC_20ANYS_GRIS.png\",\"width\":696,\"height\":257,\"caption\":\"Institute for Bioengineering of Catalonia\"},\"image\":{\"@id\":\"https:\\\/\\\/ibecbarcelona.eu\\\/#\\\/schema\\\/logo\\\/image\\\/\"}},{\"@type\":\"Person\",\"@id\":\"https:\\\/\\\/ibecbarcelona.eu\\\/#\\\/schema\\\/person\\\/d3a158b8d448000777023ca1e3d71d34\",\"name\":\"Sarah Moreira\",\"image\":{\"@type\":\"ImageObject\",\"inLanguage\":\"ca\",\"@id\":\"https:\\\/\\\/secure.gravatar.com\\\/avatar\\\/37385a1f83bdef106d1b89522da4c620ee48ba2eb0662dbc73ba05b7f3fbdf89?s=96&d=mm&r=g\",\"url\":\"https:\\\/\\\/secure.gravatar.com\\\/avatar\\\/37385a1f83bdef106d1b89522da4c620ee48ba2eb0662dbc73ba05b7f3fbdf89?s=96&d=mm&r=g\",\"contentUrl\":\"https:\\\/\\\/secure.gravatar.com\\\/avatar\\\/37385a1f83bdef106d1b89522da4c620ee48ba2eb0662dbc73ba05b7f3fbdf89?s=96&d=mm&r=g\",\"caption\":\"Sarah Moreira\"},\"url\":\"https:\\\/\\\/ibecbarcelona.eu\\\/ca\\\/author\\\/smoreira\\\/\"}]}<\/script>\n<!-- \/ Yoast SEO plugin. -->","yoast_head_json":{"title":"L\u2019IBEC destaca a TERMIS\u2011EU 2026 amb una \u00e0mplia participaci\u00f3 cient\u00edfica i un paper clau en el lideratge del congr\u00e9s - Institute for Bioengineering of Catalonia","robots":{"index":"index","follow":"follow","max-snippet":"max-snippet:-1","max-image-preview":"max-image-preview:large","max-video-preview":"max-video-preview:-1"},"canonical":"https:\/\/ibecbarcelona.eu\/ca\/ibec-destaca-a-termis-eu-2026-amb-una-amplia-participacio-cientifica-i-un-paper-clau-en-el-lideratge-del-congres\/","og_locale":"ca_ES","og_type":"article","og_title":"L\u2019IBEC destaca a TERMIS\u2011EU 2026 amb una \u00e0mplia participaci\u00f3 cient\u00edfica i un paper clau en el lideratge del congr\u00e9s - Institute for Bioengineering of Catalonia","og_description":"L\u2019IBEC destaca a TERMIS EU 2026, el congr\u00e9s europeu de refer\u00e8ncia en enginyeria de teixits i medicina regenerativa, celebrat del 21 al 24 d\u2019abril de 2026 al Palau de Congressos de Palma (Mallorca), amb una participaci\u00f3 molt rellevant en un esdeveniment que ha reunit m\u00e9s de 1.600 investigadores i investigadors.","og_url":"https:\/\/ibecbarcelona.eu\/ca\/ibec-destaca-a-termis-eu-2026-amb-una-amplia-participacio-cientifica-i-un-paper-clau-en-el-lideratge-del-congres\/","og_site_name":"Institute for Bioengineering of Catalonia","article_published_time":"2026-04-27T14:47:02+00:00","article_modified_time":"2026-04-27T14:56:08+00:00","og_image":[{"width":1498,"height":1124,"url":"https:\/\/ibecbarcelona.eu\/wp-content\/uploads\/2026\/04\/MSalmeron-TERMIS26.jpg","type":"image\/jpeg"}],"author":"Sarah Moreira","twitter_card":"summary_large_image","twitter_misc":{"Escrit per":"Sarah Moreira","Temps estimat de lectura":"5 minuts"},"schema":{"@context":"https:\/\/schema.org","@graph":[{"@type":"Article","@id":"https:\/\/ibecbarcelona.eu\/ca\/ibec-destaca-a-termis-eu-2026-amb-una-amplia-participacio-cientifica-i-un-paper-clau-en-el-lideratge-del-congres\/#article","isPartOf":{"@id":"https:\/\/ibecbarcelona.eu\/ca\/ibec-destaca-a-termis-eu-2026-amb-una-amplia-participacio-cientifica-i-un-paper-clau-en-el-lideratge-del-congres\/"},"author":{"name":"Sarah Moreira","@id":"https:\/\/ibecbarcelona.eu\/#\/schema\/person\/d3a158b8d448000777023ca1e3d71d34"},"headline":"L\u2019IBEC destaca a TERMIS\u2011EU 2026 amb una \u00e0mplia participaci\u00f3 cient\u00edfica i un paper clau en el lideratge del congr\u00e9s","datePublished":"2026-04-27T14:47:02+00:00","dateModified":"2026-04-27T14:56:08+00:00","mainEntityOfPage":{"@id":"https:\/\/ibecbarcelona.eu\/ca\/ibec-destaca-a-termis-eu-2026-amb-una-amplia-participacio-cientifica-i-un-paper-clau-en-el-lideratge-del-congres\/"},"wordCount":629,"publisher":{"@id":"https:\/\/ibecbarcelona.eu\/#organization"},"image":{"@id":"https:\/\/ibecbarcelona.eu\/ca\/ibec-destaca-a-termis-eu-2026-amb-una-amplia-participacio-cientifica-i-un-paper-clau-en-el-lideratge-del-congres\/#primaryimage"},"thumbnailUrl":"https:\/\/ibecbarcelona.eu\/wp-content\/uploads\/2026\/04\/MSalmeron-TERMIS26.jpg","keywords":["Biomaterials for Neural regeneration group","Biomaterials for regenerative therapies","Biomimetic systems for cell engineering","Biosensors for bioengineering","Elena Martinez","Elisabeth Engel","Esdeveniment","Integrative cell and tissue dynamics","Javier Ram\u00f3n","Josep Samitier","Manuel Salmer\u00f3n","Microenvironments for Medicine","Nanobioengineering","Samuel Sanchez","Smart nano-bio-devices","Xavier Trepat","Zaida \u00c1lvarez"],"articleSection":["Not\u00edcies institucionals"],"inLanguage":"ca"},{"@type":"WebPage","@id":"https:\/\/ibecbarcelona.eu\/ca\/ibec-destaca-a-termis-eu-2026-amb-una-amplia-participacio-cientifica-i-un-paper-clau-en-el-lideratge-del-congres\/","url":"https:\/\/ibecbarcelona.eu\/ca\/ibec-destaca-a-termis-eu-2026-amb-una-amplia-participacio-cientifica-i-un-paper-clau-en-el-lideratge-del-congres\/","name":"L\u2019IBEC destaca a TERMIS\u2011EU 2026 amb una \u00e0mplia participaci\u00f3 cient\u00edfica i un paper clau en el lideratge del congr\u00e9s - Institute for Bioengineering of Catalonia","isPartOf":{"@id":"https:\/\/ibecbarcelona.eu\/#website"},"primaryImageOfPage":{"@id":"https:\/\/ibecbarcelona.eu\/ca\/ibec-destaca-a-termis-eu-2026-amb-una-amplia-participacio-cientifica-i-un-paper-clau-en-el-lideratge-del-congres\/#primaryimage"},"image":{"@id":"https:\/\/ibecbarcelona.eu\/ca\/ibec-destaca-a-termis-eu-2026-amb-una-amplia-participacio-cientifica-i-un-paper-clau-en-el-lideratge-del-congres\/#primaryimage"},"thumbnailUrl":"https:\/\/ibecbarcelona.eu\/wp-content\/uploads\/2026\/04\/MSalmeron-TERMIS26.jpg","datePublished":"2026-04-27T14:47:02+00:00","dateModified":"2026-04-27T14:56:08+00:00","breadcrumb":{"@id":"https:\/\/ibecbarcelona.eu\/ca\/ibec-destaca-a-termis-eu-2026-amb-una-amplia-participacio-cientifica-i-un-paper-clau-en-el-lideratge-del-congres\/#breadcrumb"},"inLanguage":"ca","potentialAction":[{"@type":"ReadAction","target":["https:\/\/ibecbarcelona.eu\/ca\/ibec-destaca-a-termis-eu-2026-amb-una-amplia-participacio-cientifica-i-un-paper-clau-en-el-lideratge-del-congres\/"]}]},{"@type":"ImageObject","inLanguage":"ca","@id":"https:\/\/ibecbarcelona.eu\/ca\/ibec-destaca-a-termis-eu-2026-amb-una-amplia-participacio-cientifica-i-un-paper-clau-en-el-lideratge-del-congres\/#primaryimage","url":"https:\/\/ibecbarcelona.eu\/wp-content\/uploads\/2026\/04\/MSalmeron-TERMIS26.jpg","contentUrl":"https:\/\/ibecbarcelona.eu\/wp-content\/uploads\/2026\/04\/MSalmeron-TERMIS26.jpg","width":1498,"height":1124},{"@type":"BreadcrumbList","@id":"https:\/\/ibecbarcelona.eu\/ca\/ibec-destaca-a-termis-eu-2026-amb-una-amplia-participacio-cientifica-i-un-paper-clau-en-el-lideratge-del-congres\/#breadcrumb","itemListElement":[{"@type":"ListItem","position":1,"name":"Home","item":"https:\/\/ibecbarcelona.eu\/ca\/"},{"@type":"ListItem","position":2,"name":"L\u2019IBEC destaca a TERMIS\u2011EU 2026 amb una \u00e0mplia participaci\u00f3 cient\u00edfica i un paper clau en el lideratge del congr\u00e9s"}]},{"@type":"WebSite","@id":"https:\/\/ibecbarcelona.eu\/#website","url":"https:\/\/ibecbarcelona.eu\/","name":"Institute for Bioengineering of Catalonia","description":"Bioengineering Solutions for Health","publisher":{"@id":"https:\/\/ibecbarcelona.eu\/#organization"},"potentialAction":[{"@type":"SearchAction","target":{"@type":"EntryPoint","urlTemplate":"https:\/\/ibecbarcelona.eu\/?s={search_term_string}"},"query-input":{"@type":"PropertyValueSpecification","valueRequired":true,"valueName":"search_term_string"}}],"inLanguage":"ca"},{"@type":"Organization","@id":"https:\/\/ibecbarcelona.eu\/#organization","name":"Institute for Bioengineering of Catalonia","url":"https:\/\/ibecbarcelona.eu\/","logo":{"@type":"ImageObject","inLanguage":"ca","@id":"https:\/\/ibecbarcelona.eu\/#\/schema\/logo\/image\/","url":"https:\/\/ibecbarcelona.eu\/wp-content\/uploads\/2026\/01\/cropped-IBEC_20ANYS_GRIS.png","contentUrl":"https:\/\/ibecbarcelona.eu\/wp-content\/uploads\/2026\/01\/cropped-IBEC_20ANYS_GRIS.png","width":696,"height":257,"caption":"Institute for Bioengineering of Catalonia"},"image":{"@id":"https:\/\/ibecbarcelona.eu\/#\/schema\/logo\/image\/"}},{"@type":"Person","@id":"https:\/\/ibecbarcelona.eu\/#\/schema\/person\/d3a158b8d448000777023ca1e3d71d34","name":"Sarah Moreira","image":{"@type":"ImageObject","inLanguage":"ca","@id":"https:\/\/secure.gravatar.com\/avatar\/37385a1f83bdef106d1b89522da4c620ee48ba2eb0662dbc73ba05b7f3fbdf89?s=96&d=mm&r=g","url":"https:\/\/secure.gravatar.com\/avatar\/37385a1f83bdef106d1b89522da4c620ee48ba2eb0662dbc73ba05b7f3fbdf89?s=96&d=mm&r=g","contentUrl":"https:\/\/secure.gravatar.com\/avatar\/37385a1f83bdef106d1b89522da4c620ee48ba2eb0662dbc73ba05b7f3fbdf89?s=96&d=mm&r=g","caption":"Sarah Moreira"},"url":"https:\/\/ibecbarcelona.eu\/ca\/author\/smoreira\/"}]}},"AFP_featured_media_urls":{"full":["https:\/\/ibecbarcelona.eu\/wp-content\/uploads\/2026\/04\/MSalmeron-TERMIS26.jpg",1498,1124,false],"thumbnail":["https:\/\/ibecbarcelona.eu\/wp-content\/uploads\/2026\/04\/MSalmeron-TERMIS26-150x150.jpg",150,150,true],"medium":["https:\/\/ibecbarcelona.eu\/wp-content\/uploads\/2026\/04\/MSalmeron-TERMIS26-300x225.jpg",300,225,true],"medium_large":["https:\/\/ibecbarcelona.eu\/wp-content\/uploads\/2026\/04\/MSalmeron-TERMIS26-768x576.jpg",768,576,true],"large":["https:\/\/ibecbarcelona.eu\/wp-content\/uploads\/2026\/04\/MSalmeron-TERMIS26-1024x768.jpg",1024,768,true]},"AFP_attachments":{"full":["https:\/\/ibecbarcelona.eu\/wp-content\/uploads\/2026\/04\/MSalmeron-TERMIS26.jpg",1498,1124,false],"thumbnail":["https:\/\/ibecbarcelona.eu\/wp-content\/uploads\/2026\/04\/MSalmeron-TERMIS26-150x150.jpg",150,150,true],"medium":["https:\/\/ibecbarcelona.eu\/wp-content\/uploads\/2026\/04\/MSalmeron-TERMIS26-300x225.jpg",300,225,true],"medium_large":["https:\/\/ibecbarcelona.eu\/wp-content\/uploads\/2026\/04\/MSalmeron-TERMIS26-768x576.jpg",768,576,true],"large":["https:\/\/ibecbarcelona.eu\/wp-content\/uploads\/2026\/04\/MSalmeron-TERMIS26-1024x768.jpg",1024,768,true]},"AFP_videos":[],"AFP_video_blocks":"","AFP_category_names":["Not\u00edcies institucionals"],"_links":{"self":[{"href":"https:\/\/ibecbarcelona.eu\/ca\/wp-json\/wp\/v2\/posts\/133358","targetHints":{"allow":["GET"]}}],"collection":[{"href":"https:\/\/ibecbarcelona.eu\/ca\/wp-json\/wp\/v2\/posts"}],"about":[{"href":"https:\/\/ibecbarcelona.eu\/ca\/wp-json\/wp\/v2\/types\/post"}],"author":[{"embeddable":true,"href":"https:\/\/ibecbarcelona.eu\/ca\/wp-json\/wp\/v2\/users\/37"}],"replies":[{"embeddable":true,"href":"https:\/\/ibecbarcelona.eu\/ca\/wp-json\/wp\/v2\/comments?post=133358"}],"version-history":[{"count":1,"href":"https:\/\/ibecbarcelona.eu\/ca\/wp-json\/wp\/v2\/posts\/133358\/revisions"}],"predecessor-version":[{"id":133363,"href":"https:\/\/ibecbarcelona.eu\/ca\/wp-json\/wp\/v2\/posts\/133358\/revisions\/133363"}],"wp:featuredmedia":[{"embeddable":true,"href":"https:\/\/ibecbarcelona.eu\/ca\/wp-json\/wp\/v2\/media\/133324"}],"wp:attachment":[{"href":"https:\/\/ibecbarcelona.eu\/ca\/wp-json\/wp\/v2\/media?parent=133358"}],"wp:term":[{"taxonomy":"category","embeddable":true,"href":"https:\/\/ibecbarcelona.eu\/ca\/wp-json\/wp\/v2\/categories?post=133358"},{"taxonomy":"post_tag","embeddable":true,"href":"https:\/\/ibecbarcelona.eu\/ca\/wp-json\/wp\/v2\/tags?post=133358"},{"taxonomy":"post_format","embeddable":true,"href":"https:\/\/ibecbarcelona.eu\/ca\/wp-json\/wp\/v2\/post_formats?post=133358"}],"curies":[{"name":"wp","href":"https:\/\/api.w.org\/{rel}","templated":true}]}}