
{"id":18763,"date":"2015-09-03T09:36:39","date_gmt":"2015-09-03T09:36:39","guid":{"rendered":"http:\/\/ibecbarcelona.eu\/?p=18763"},"modified":"2015-09-29T15:37:06","modified_gmt":"2015-09-29T15:37:06","slug":"un-grup-del-ibec-presenta-la-quarta-generacio-de-biomaterials-que-imiten-los","status":"publish","type":"post","link":"https:\/\/ibecbarcelona.eu\/ca\/un-grup-del-ibec-presenta-la-quarta-generacio-de-biomaterials-que-imiten-los\/","title":{"rendered":"Un grup del IBEC presenta la quarta generaci\u00f3 de biomaterials que imiten l&#8217;os"},"content":{"rendered":"<p>El grup i els seus col\u00b7laboradors a la Universitat de Wageningen als Pa\u00efsos Baixos i a la Universitat Tecnol\u00f2gica de Vars\u00f2via, Pol\u00f2nia descriuen un material h\u00edbrid que imita fidelment l&#8217;estructura de la matriu extracel\u00b7lular de l&#8217;os i que, per tant, ofereix les interaccions correctes entre els constituents\u00a0per a estimular que les c\u00e8l\u00b7lules es comportin de la manera necess\u00e0ria per regenerar amb \u00e8xit el teixit.<\/p>\n<h6 class=\"caption\" style=\"float: left; width: 310px; padding: 0px 20px 10px 0px; text-align: left;\">Imatge: Morfologia de la closca inorg\u00e0nica que queda despr\u00e9s del tractament t\u00e8rmic de les fibres. Nom\u00e9s l&#8217;esquelet inorg\u00e0nic roman amb el recobriment bioactiu, reproduint la seva forma anterior.<\/h6>\n<p>&#8220;Fins ara, hem estat treballant amb la tercera generaci\u00f3 de biomaterials, que s\u00f3n reabsorbibles i bioactius, per\u00f2 que sovint es biodegraden de forma no homog\u00e8nia, a m\u00e9s de tenir respostes biol\u00f2giques que estan lluny de ser ideals&#8221;, explica Nad\u00e8ge Sachot, el primer autor de l&#8217;article. &#8220;Amb aquest nou material estem m\u00e9s a prop de la seg\u00fcent generaci\u00f3, materials que imiten els teixits naturals, que recreen l&#8217;arquitectura molecular i la bioqu\u00edmica de l&#8217;entorn per envoltar a les c\u00e8l\u00b7lules amb els est\u00edmuls adequats per a expandir-se i cr\u00e9ixer.&#8221;<\/p>\n<p>Per fer el seu material h\u00edbrid, el grup va utilitzar fibres electrofilades d&#8217;\u00e0cid polil\u00e0ctic i les va recobrir amb un vidre bioactiu, org\u00e0nicament modificat conegut com a ormoglass. En comparaci\u00f3 amb les fibres sense el vidre, el material mostra una millor hidrof\u00edlia i propietats mec\u00e0niques aix\u00ed com un millor alliberament d&#8217;ions bioactius per ajudar a l&#8217;angiog\u00e8nesi. I a m\u00e9s exhibeix una rugositat superficial que el permet una bona adhesi\u00f3 i propagaci\u00f3 cel\u00b7lular despr\u00e9s de tan sols un dia de cultiu.<\/p>\n<p>&#8220;El nostre m\u00e8tode de producci\u00f3 d&#8217;aquests materials \u00e9s eficient, rendible i vers\u00e0til&#8221;, afegeix Nad\u00e8ge. &#8220;A m\u00e9s, es poden modificar f\u00e0cilment les propietats superficials canviant la composici\u00f3 d&#8217; ormoglass, o transferir el protocol a altres estructures de pol\u00edmers preparades mitjan\u00e7ant diferents m\u00e8todes de processament, de manera que una \u00e0mplia gamma de biomaterials amb potencial per desencadenar diferents respostes cel\u00b7lulars podrien ser produ\u00efts per a utilitzar-se en diferents aplicacions. &#8221;<\/p>\n<p>Aix\u00f2 ofereix la possibilitat d&#8217;ampliar l&#8217;aplicaci\u00f3 del material a teixits addicionals depenent de l&#8217;arquitectura i la composici\u00f3 d&#8217;aquest, com per exemple un recobriment angiog\u00e8nic per a la regeneraci\u00f3 dels m\u00fasculs, o un tub per al reempla\u00e7ament arterial.<\/p>\n<p>&#8212; <em><strong>Art\u00edcle:<\/strong>\u00a0<\/em>Nad\u00e8ge Sachot, Miguel Angel Mateos-Timoneda, Josep A.Planell, Aldrik Velders, Malgorzata Lewandowska, Elisabeth Engel &amp; Oscar Casta\u00f1o (2015). <a href=\"http:\/\/pubs.rsc.org\/en\/content\/articlelanding\/2015\/nr\/c5nr04275e#!divAbstract\">Towards 4th generation biomaterials: a covalent hybrid polymer-ormoglass architecture.<\/a> <em>Nanoscale<\/em>, 7, 15349-15361<\/p>\n","protected":false},"excerpt":{"rendered":"<h3><img decoding=\"async\" data-src=\"https:\/\/ibecbarcelona.eu\/wp-content\/uploads\/2015\/09\/nanoscaleoscar.jpg\" alt=\"nanoscaleoscar\" width=\"400\" height=\"235\" class=\"left size-full wp-image-18671 lazyload\" data-srcset=\"https:\/\/ibecbarcelona.eu\/wp-content\/uploads\/2015\/09\/nanoscaleoscar.jpg 400w, https:\/\/ibecbarcelona.eu\/wp-content\/uploads\/2015\/09\/nanoscaleoscar-300x176.jpg 300w, https:\/\/ibecbarcelona.eu\/wp-content\/uploads\/2015\/09\/nanoscaleoscar-221x130.jpg 221w, https:\/\/ibecbarcelona.eu\/wp-content\/uploads\/2015\/09\/nanoscaleoscar-150x88.jpg 150w\" data-sizes=\"(max-width: 400px) 100vw, 400px\" src=\"data:image\/svg+xml;base64,PHN2ZyB3aWR0aD0iMSIgaGVpZ2h0PSIxIiB4bWxucz0iaHR0cDovL3d3dy53My5vcmcvMjAwMC9zdmciPjwvc3ZnPg==\" style=\"--smush-placeholder-width: 400px; --smush-placeholder-aspect-ratio: 400\/235;\" \/>El grup de Biomaterials per a Ter\u00e0pies Regeneratives ha publicat un article a <em>Nanoscale<\/em> explicant una nova marca de biomaterials que ells han creat que prepara el cam\u00ed cap a la quarta generaci\u00f3 d&#8217;estructures eficaces per a la regeneraci\u00f3 de teixits. <\/h3>\n","protected":false},"author":4,"featured_media":18673,"comment_status":"closed","ping_status":"closed","sticky":false,"template":"","format":"standard","meta":{"footnotes":""},"categories":[96],"tags":[],"post_formats":[],"class_list":["post-18763","post","type-post","status-publish","format-standard","has-post-thumbnail","hentry","category-noticies-de-recerca"],"yoast_head":"<!-- This site is optimized with the Yoast SEO plugin v27.5 - https:\/\/yoast.com\/product\/yoast-seo-wordpress\/ -->\n<title>Un grup del IBEC presenta la quarta generaci\u00f3 de biomaterials que imiten l&#039;os - Institute for Bioengineering of Catalonia<\/title>\n<meta name=\"robots\" content=\"index, follow, max-snippet:-1, max-image-preview:large, max-video-preview:-1\" \/>\n<link rel=\"canonical\" href=\"https:\/\/ibecbarcelona.eu\/ca\/un-grup-del-ibec-presenta-la-quarta-generacio-de-biomaterials-que-imiten-los\/\" \/>\n<meta property=\"og:locale\" content=\"ca_ES\" \/>\n<meta property=\"og:type\" content=\"article\" \/>\n<meta property=\"og:title\" content=\"Un grup del IBEC presenta la quarta generaci\u00f3 de biomaterials que imiten l&#039;os - Institute for Bioengineering of Catalonia\" \/>\n<meta property=\"og:description\" content=\"El grup de Biomaterials per a Ter\u00e0pies Regeneratives ha publicat un article a Nanoscale explicant una nova marca de biomaterials que ells han creat que prepara el cam\u00ed cap a la quarta generaci\u00f3 d&#039;estructures eficaces per a la regeneraci\u00f3 de teixits.\" \/>\n<meta property=\"og:url\" content=\"https:\/\/ibecbarcelona.eu\/ca\/un-grup-del-ibec-presenta-la-quarta-generacio-de-biomaterials-que-imiten-los\/\" \/>\n<meta property=\"og:site_name\" content=\"Institute for Bioengineering of Catalonia\" \/>\n<meta property=\"article:published_time\" content=\"2015-09-03T09:36:39+00:00\" \/>\n<meta property=\"article:modified_time\" content=\"2015-09-29T15:37:06+00:00\" \/>\n<meta property=\"og:image\" content=\"https:\/\/ibecbarcelona.eu\/wp-content\/uploads\/2015\/09\/nanoscaleoscar.jpg\" \/>\n\t<meta property=\"og:image:width\" content=\"400\" \/>\n\t<meta property=\"og:image:height\" content=\"235\" \/>\n\t<meta property=\"og:image:type\" content=\"image\/jpeg\" \/>\n<meta name=\"author\" content=\"\u00c0ngels L\u00f3pez\" \/>\n<meta name=\"twitter:card\" content=\"summary_large_image\" \/>\n<meta name=\"twitter:label1\" content=\"Escrit per\" \/>\n\t<meta name=\"twitter:data1\" content=\"\u00c0ngels L\u00f3pez\" \/>\n\t<meta name=\"twitter:label2\" content=\"Temps estimat de lectura\" \/>\n\t<meta name=\"twitter:data2\" content=\"2 minuts\" \/>\n<script type=\"application\/ld+json\" class=\"yoast-schema-graph\">{\"@context\":\"https:\\\/\\\/schema.org\",\"@graph\":[{\"@type\":\"Article\",\"@id\":\"https:\\\/\\\/ibecbarcelona.eu\\\/ca\\\/un-grup-del-ibec-presenta-la-quarta-generacio-de-biomaterials-que-imiten-los\\\/#article\",\"isPartOf\":{\"@id\":\"https:\\\/\\\/ibecbarcelona.eu\\\/ca\\\/un-grup-del-ibec-presenta-la-quarta-generacio-de-biomaterials-que-imiten-los\\\/\"},\"author\":{\"name\":\"\u00c0ngels L\u00f3pez\",\"@id\":\"https:\\\/\\\/ibecbarcelona.eu\\\/#\\\/schema\\\/person\\\/c212c6b589546130be67986b9290e2b8\"},\"headline\":\"Un grup del IBEC presenta la quarta generaci\u00f3 de biomaterials que imiten l&#8217;os\",\"datePublished\":\"2015-09-03T09:36:39+00:00\",\"dateModified\":\"2015-09-29T15:37:06+00:00\",\"mainEntityOfPage\":{\"@id\":\"https:\\\/\\\/ibecbarcelona.eu\\\/ca\\\/un-grup-del-ibec-presenta-la-quarta-generacio-de-biomaterials-que-imiten-los\\\/\"},\"wordCount\":459,\"publisher\":{\"@id\":\"https:\\\/\\\/ibecbarcelona.eu\\\/#organization\"},\"image\":{\"@id\":\"https:\\\/\\\/ibecbarcelona.eu\\\/ca\\\/un-grup-del-ibec-presenta-la-quarta-generacio-de-biomaterials-que-imiten-los\\\/#primaryimage\"},\"thumbnailUrl\":\"https:\\\/\\\/ibecbarcelona.eu\\\/wp-content\\\/uploads\\\/2015\\\/09\\\/nanoscaleoscar.jpg\",\"articleSection\":[\"Not\u00edcies de recerca\"],\"inLanguage\":\"ca\"},{\"@type\":\"WebPage\",\"@id\":\"https:\\\/\\\/ibecbarcelona.eu\\\/ca\\\/un-grup-del-ibec-presenta-la-quarta-generacio-de-biomaterials-que-imiten-los\\\/\",\"url\":\"https:\\\/\\\/ibecbarcelona.eu\\\/ca\\\/un-grup-del-ibec-presenta-la-quarta-generacio-de-biomaterials-que-imiten-los\\\/\",\"name\":\"Un grup del IBEC presenta la quarta generaci\u00f3 de biomaterials que imiten l'os - Institute for Bioengineering of Catalonia\",\"isPartOf\":{\"@id\":\"https:\\\/\\\/ibecbarcelona.eu\\\/#website\"},\"primaryImageOfPage\":{\"@id\":\"https:\\\/\\\/ibecbarcelona.eu\\\/ca\\\/un-grup-del-ibec-presenta-la-quarta-generacio-de-biomaterials-que-imiten-los\\\/#primaryimage\"},\"image\":{\"@id\":\"https:\\\/\\\/ibecbarcelona.eu\\\/ca\\\/un-grup-del-ibec-presenta-la-quarta-generacio-de-biomaterials-que-imiten-los\\\/#primaryimage\"},\"thumbnailUrl\":\"https:\\\/\\\/ibecbarcelona.eu\\\/wp-content\\\/uploads\\\/2015\\\/09\\\/nanoscaleoscar.jpg\",\"datePublished\":\"2015-09-03T09:36:39+00:00\",\"dateModified\":\"2015-09-29T15:37:06+00:00\",\"breadcrumb\":{\"@id\":\"https:\\\/\\\/ibecbarcelona.eu\\\/ca\\\/un-grup-del-ibec-presenta-la-quarta-generacio-de-biomaterials-que-imiten-los\\\/#breadcrumb\"},\"inLanguage\":\"ca\",\"potentialAction\":[{\"@type\":\"ReadAction\",\"target\":[\"https:\\\/\\\/ibecbarcelona.eu\\\/ca\\\/un-grup-del-ibec-presenta-la-quarta-generacio-de-biomaterials-que-imiten-los\\\/\"]}]},{\"@type\":\"ImageObject\",\"inLanguage\":\"ca\",\"@id\":\"https:\\\/\\\/ibecbarcelona.eu\\\/ca\\\/un-grup-del-ibec-presenta-la-quarta-generacio-de-biomaterials-que-imiten-los\\\/#primaryimage\",\"url\":\"https:\\\/\\\/ibecbarcelona.eu\\\/wp-content\\\/uploads\\\/2015\\\/09\\\/nanoscaleoscar.jpg\",\"contentUrl\":\"https:\\\/\\\/ibecbarcelona.eu\\\/wp-content\\\/uploads\\\/2015\\\/09\\\/nanoscaleoscar.jpg\",\"width\":400,\"height\":235},{\"@type\":\"BreadcrumbList\",\"@id\":\"https:\\\/\\\/ibecbarcelona.eu\\\/ca\\\/un-grup-del-ibec-presenta-la-quarta-generacio-de-biomaterials-que-imiten-los\\\/#breadcrumb\",\"itemListElement\":[{\"@type\":\"ListItem\",\"position\":1,\"name\":\"Home\",\"item\":\"https:\\\/\\\/ibecbarcelona.eu\\\/ca\\\/\"},{\"@type\":\"ListItem\",\"position\":2,\"name\":\"Un grup del IBEC presenta la quarta generaci\u00f3 de biomaterials que imiten l&#8217;os\"}]},{\"@type\":\"WebSite\",\"@id\":\"https:\\\/\\\/ibecbarcelona.eu\\\/#website\",\"url\":\"https:\\\/\\\/ibecbarcelona.eu\\\/\",\"name\":\"Institute for Bioengineering of Catalonia\",\"description\":\"Bioengineering Solutions for Health\",\"publisher\":{\"@id\":\"https:\\\/\\\/ibecbarcelona.eu\\\/#organization\"},\"potentialAction\":[{\"@type\":\"SearchAction\",\"target\":{\"@type\":\"EntryPoint\",\"urlTemplate\":\"https:\\\/\\\/ibecbarcelona.eu\\\/?s={search_term_string}\"},\"query-input\":{\"@type\":\"PropertyValueSpecification\",\"valueRequired\":true,\"valueName\":\"search_term_string\"}}],\"inLanguage\":\"ca\"},{\"@type\":\"Organization\",\"@id\":\"https:\\\/\\\/ibecbarcelona.eu\\\/#organization\",\"name\":\"Institute for Bioengineering of Catalonia\",\"url\":\"https:\\\/\\\/ibecbarcelona.eu\\\/\",\"logo\":{\"@type\":\"ImageObject\",\"inLanguage\":\"ca\",\"@id\":\"https:\\\/\\\/ibecbarcelona.eu\\\/#\\\/schema\\\/logo\\\/image\\\/\",\"url\":\"https:\\\/\\\/ibecbarcelona.eu\\\/wp-content\\\/uploads\\\/2026\\\/01\\\/cropped-IBEC_20ANYS_GRIS.png\",\"contentUrl\":\"https:\\\/\\\/ibecbarcelona.eu\\\/wp-content\\\/uploads\\\/2026\\\/01\\\/cropped-IBEC_20ANYS_GRIS.png\",\"width\":696,\"height\":257,\"caption\":\"Institute for Bioengineering of Catalonia\"},\"image\":{\"@id\":\"https:\\\/\\\/ibecbarcelona.eu\\\/#\\\/schema\\\/logo\\\/image\\\/\"}},{\"@type\":\"Person\",\"@id\":\"https:\\\/\\\/ibecbarcelona.eu\\\/#\\\/schema\\\/person\\\/c212c6b589546130be67986b9290e2b8\",\"name\":\"\u00c0ngels L\u00f3pez\",\"image\":{\"@type\":\"ImageObject\",\"inLanguage\":\"ca\",\"@id\":\"https:\\\/\\\/secure.gravatar.com\\\/avatar\\\/09ad6ba116bea0b15c5511860f83b302579fd7404c1180e9dae55c3f11d988c6?s=96&d=mm&r=g\",\"url\":\"https:\\\/\\\/secure.gravatar.com\\\/avatar\\\/09ad6ba116bea0b15c5511860f83b302579fd7404c1180e9dae55c3f11d988c6?s=96&d=mm&r=g\",\"contentUrl\":\"https:\\\/\\\/secure.gravatar.com\\\/avatar\\\/09ad6ba116bea0b15c5511860f83b302579fd7404c1180e9dae55c3f11d988c6?s=96&d=mm&r=g\",\"caption\":\"\u00c0ngels L\u00f3pez\"},\"url\":\"https:\\\/\\\/ibecbarcelona.eu\\\/ca\\\/author\\\/alopez\\\/\"}]}<\/script>\n<!-- \/ Yoast SEO plugin. -->","yoast_head_json":{"title":"Un grup del IBEC presenta la quarta generaci\u00f3 de biomaterials que imiten l'os - Institute for Bioengineering of Catalonia","robots":{"index":"index","follow":"follow","max-snippet":"max-snippet:-1","max-image-preview":"max-image-preview:large","max-video-preview":"max-video-preview:-1"},"canonical":"https:\/\/ibecbarcelona.eu\/ca\/un-grup-del-ibec-presenta-la-quarta-generacio-de-biomaterials-que-imiten-los\/","og_locale":"ca_ES","og_type":"article","og_title":"Un grup del IBEC presenta la quarta generaci\u00f3 de biomaterials que imiten l'os - Institute for Bioengineering of Catalonia","og_description":"El grup de Biomaterials per a Ter\u00e0pies Regeneratives ha publicat un article a Nanoscale explicant una nova marca de biomaterials que ells han creat que prepara el cam\u00ed cap a la quarta generaci\u00f3 d'estructures eficaces per a la regeneraci\u00f3 de teixits.","og_url":"https:\/\/ibecbarcelona.eu\/ca\/un-grup-del-ibec-presenta-la-quarta-generacio-de-biomaterials-que-imiten-los\/","og_site_name":"Institute for Bioengineering of Catalonia","article_published_time":"2015-09-03T09:36:39+00:00","article_modified_time":"2015-09-29T15:37:06+00:00","og_image":[{"width":400,"height":235,"url":"https:\/\/ibecbarcelona.eu\/wp-content\/uploads\/2015\/09\/nanoscaleoscar.jpg","type":"image\/jpeg"}],"author":"\u00c0ngels L\u00f3pez","twitter_card":"summary_large_image","twitter_misc":{"Escrit per":"\u00c0ngels L\u00f3pez","Temps estimat de lectura":"2 minuts"},"schema":{"@context":"https:\/\/schema.org","@graph":[{"@type":"Article","@id":"https:\/\/ibecbarcelona.eu\/ca\/un-grup-del-ibec-presenta-la-quarta-generacio-de-biomaterials-que-imiten-los\/#article","isPartOf":{"@id":"https:\/\/ibecbarcelona.eu\/ca\/un-grup-del-ibec-presenta-la-quarta-generacio-de-biomaterials-que-imiten-los\/"},"author":{"name":"\u00c0ngels L\u00f3pez","@id":"https:\/\/ibecbarcelona.eu\/#\/schema\/person\/c212c6b589546130be67986b9290e2b8"},"headline":"Un grup del IBEC presenta la quarta generaci\u00f3 de biomaterials que imiten l&#8217;os","datePublished":"2015-09-03T09:36:39+00:00","dateModified":"2015-09-29T15:37:06+00:00","mainEntityOfPage":{"@id":"https:\/\/ibecbarcelona.eu\/ca\/un-grup-del-ibec-presenta-la-quarta-generacio-de-biomaterials-que-imiten-los\/"},"wordCount":459,"publisher":{"@id":"https:\/\/ibecbarcelona.eu\/#organization"},"image":{"@id":"https:\/\/ibecbarcelona.eu\/ca\/un-grup-del-ibec-presenta-la-quarta-generacio-de-biomaterials-que-imiten-los\/#primaryimage"},"thumbnailUrl":"https:\/\/ibecbarcelona.eu\/wp-content\/uploads\/2015\/09\/nanoscaleoscar.jpg","articleSection":["Not\u00edcies de recerca"],"inLanguage":"ca"},{"@type":"WebPage","@id":"https:\/\/ibecbarcelona.eu\/ca\/un-grup-del-ibec-presenta-la-quarta-generacio-de-biomaterials-que-imiten-los\/","url":"https:\/\/ibecbarcelona.eu\/ca\/un-grup-del-ibec-presenta-la-quarta-generacio-de-biomaterials-que-imiten-los\/","name":"Un grup del IBEC presenta la quarta generaci\u00f3 de biomaterials que imiten l'os - Institute for Bioengineering of Catalonia","isPartOf":{"@id":"https:\/\/ibecbarcelona.eu\/#website"},"primaryImageOfPage":{"@id":"https:\/\/ibecbarcelona.eu\/ca\/un-grup-del-ibec-presenta-la-quarta-generacio-de-biomaterials-que-imiten-los\/#primaryimage"},"image":{"@id":"https:\/\/ibecbarcelona.eu\/ca\/un-grup-del-ibec-presenta-la-quarta-generacio-de-biomaterials-que-imiten-los\/#primaryimage"},"thumbnailUrl":"https:\/\/ibecbarcelona.eu\/wp-content\/uploads\/2015\/09\/nanoscaleoscar.jpg","datePublished":"2015-09-03T09:36:39+00:00","dateModified":"2015-09-29T15:37:06+00:00","breadcrumb":{"@id":"https:\/\/ibecbarcelona.eu\/ca\/un-grup-del-ibec-presenta-la-quarta-generacio-de-biomaterials-que-imiten-los\/#breadcrumb"},"inLanguage":"ca","potentialAction":[{"@type":"ReadAction","target":["https:\/\/ibecbarcelona.eu\/ca\/un-grup-del-ibec-presenta-la-quarta-generacio-de-biomaterials-que-imiten-los\/"]}]},{"@type":"ImageObject","inLanguage":"ca","@id":"https:\/\/ibecbarcelona.eu\/ca\/un-grup-del-ibec-presenta-la-quarta-generacio-de-biomaterials-que-imiten-los\/#primaryimage","url":"https:\/\/ibecbarcelona.eu\/wp-content\/uploads\/2015\/09\/nanoscaleoscar.jpg","contentUrl":"https:\/\/ibecbarcelona.eu\/wp-content\/uploads\/2015\/09\/nanoscaleoscar.jpg","width":400,"height":235},{"@type":"BreadcrumbList","@id":"https:\/\/ibecbarcelona.eu\/ca\/un-grup-del-ibec-presenta-la-quarta-generacio-de-biomaterials-que-imiten-los\/#breadcrumb","itemListElement":[{"@type":"ListItem","position":1,"name":"Home","item":"https:\/\/ibecbarcelona.eu\/ca\/"},{"@type":"ListItem","position":2,"name":"Un grup del IBEC presenta la quarta generaci\u00f3 de biomaterials que imiten l&#8217;os"}]},{"@type":"WebSite","@id":"https:\/\/ibecbarcelona.eu\/#website","url":"https:\/\/ibecbarcelona.eu\/","name":"Institute for Bioengineering of Catalonia","description":"Bioengineering Solutions for Health","publisher":{"@id":"https:\/\/ibecbarcelona.eu\/#organization"},"potentialAction":[{"@type":"SearchAction","target":{"@type":"EntryPoint","urlTemplate":"https:\/\/ibecbarcelona.eu\/?s={search_term_string}"},"query-input":{"@type":"PropertyValueSpecification","valueRequired":true,"valueName":"search_term_string"}}],"inLanguage":"ca"},{"@type":"Organization","@id":"https:\/\/ibecbarcelona.eu\/#organization","name":"Institute for Bioengineering of Catalonia","url":"https:\/\/ibecbarcelona.eu\/","logo":{"@type":"ImageObject","inLanguage":"ca","@id":"https:\/\/ibecbarcelona.eu\/#\/schema\/logo\/image\/","url":"https:\/\/ibecbarcelona.eu\/wp-content\/uploads\/2026\/01\/cropped-IBEC_20ANYS_GRIS.png","contentUrl":"https:\/\/ibecbarcelona.eu\/wp-content\/uploads\/2026\/01\/cropped-IBEC_20ANYS_GRIS.png","width":696,"height":257,"caption":"Institute for Bioengineering of Catalonia"},"image":{"@id":"https:\/\/ibecbarcelona.eu\/#\/schema\/logo\/image\/"}},{"@type":"Person","@id":"https:\/\/ibecbarcelona.eu\/#\/schema\/person\/c212c6b589546130be67986b9290e2b8","name":"\u00c0ngels L\u00f3pez","image":{"@type":"ImageObject","inLanguage":"ca","@id":"https:\/\/secure.gravatar.com\/avatar\/09ad6ba116bea0b15c5511860f83b302579fd7404c1180e9dae55c3f11d988c6?s=96&d=mm&r=g","url":"https:\/\/secure.gravatar.com\/avatar\/09ad6ba116bea0b15c5511860f83b302579fd7404c1180e9dae55c3f11d988c6?s=96&d=mm&r=g","contentUrl":"https:\/\/secure.gravatar.com\/avatar\/09ad6ba116bea0b15c5511860f83b302579fd7404c1180e9dae55c3f11d988c6?s=96&d=mm&r=g","caption":"\u00c0ngels L\u00f3pez"},"url":"https:\/\/ibecbarcelona.eu\/ca\/author\/alopez\/"}]}},"AFP_featured_media_urls":{"full":["https:\/\/ibecbarcelona.eu\/wp-content\/uploads\/2015\/09\/nanoscaleoscar.jpg",400,235,false],"thumbnail":["https:\/\/ibecbarcelona.eu\/wp-content\/uploads\/2015\/09\/nanoscaleoscar-150x150.jpg",150,150,true],"medium":["https:\/\/ibecbarcelona.eu\/wp-content\/uploads\/2015\/09\/nanoscaleoscar-300x176.jpg",300,176,true],"medium_large":["https:\/\/ibecbarcelona.eu\/wp-content\/uploads\/2015\/09\/nanoscaleoscar.jpg",400,235,false],"large":["https:\/\/ibecbarcelona.eu\/wp-content\/uploads\/2015\/09\/nanoscaleoscar.jpg",400,235,false]},"AFP_attachments":{"full":["https:\/\/ibecbarcelona.eu\/wp-content\/uploads\/2015\/09\/nanoscaleoscar.jpg",400,235,false],"thumbnail":["https:\/\/ibecbarcelona.eu\/wp-content\/uploads\/2015\/09\/nanoscaleoscar-150x150.jpg",150,150,true],"medium":["https:\/\/ibecbarcelona.eu\/wp-content\/uploads\/2015\/09\/nanoscaleoscar-300x176.jpg",300,176,true],"medium_large":["https:\/\/ibecbarcelona.eu\/wp-content\/uploads\/2015\/09\/nanoscaleoscar.jpg",400,235,false],"large":["https:\/\/ibecbarcelona.eu\/wp-content\/uploads\/2015\/09\/nanoscaleoscar.jpg",400,235,false]},"AFP_videos":[],"AFP_video_blocks":"","AFP_category_names":["Not\u00edcies de recerca"],"_links":{"self":[{"href":"https:\/\/ibecbarcelona.eu\/ca\/wp-json\/wp\/v2\/posts\/18763","targetHints":{"allow":["GET"]}}],"collection":[{"href":"https:\/\/ibecbarcelona.eu\/ca\/wp-json\/wp\/v2\/posts"}],"about":[{"href":"https:\/\/ibecbarcelona.eu\/ca\/wp-json\/wp\/v2\/types\/post"}],"author":[{"embeddable":true,"href":"https:\/\/ibecbarcelona.eu\/ca\/wp-json\/wp\/v2\/users\/4"}],"replies":[{"embeddable":true,"href":"https:\/\/ibecbarcelona.eu\/ca\/wp-json\/wp\/v2\/comments?post=18763"}],"version-history":[{"count":0,"href":"https:\/\/ibecbarcelona.eu\/ca\/wp-json\/wp\/v2\/posts\/18763\/revisions"}],"wp:featuredmedia":[{"embeddable":true,"href":"https:\/\/ibecbarcelona.eu\/ca\/wp-json\/wp\/v2\/media\/18673"}],"wp:attachment":[{"href":"https:\/\/ibecbarcelona.eu\/ca\/wp-json\/wp\/v2\/media?parent=18763"}],"wp:term":[{"taxonomy":"category","embeddable":true,"href":"https:\/\/ibecbarcelona.eu\/ca\/wp-json\/wp\/v2\/categories?post=18763"},{"taxonomy":"post_tag","embeddable":true,"href":"https:\/\/ibecbarcelona.eu\/ca\/wp-json\/wp\/v2\/tags?post=18763"},{"taxonomy":"post_format","embeddable":true,"href":"https:\/\/ibecbarcelona.eu\/ca\/wp-json\/wp\/v2\/post_formats?post=18763"}],"curies":[{"name":"wp","href":"https:\/\/api.w.org\/{rel}","templated":true}]}}