
{"id":21708,"date":"2016-02-24T08:43:31","date_gmt":"2016-02-24T08:43:31","guid":{"rendered":"http:\/\/ibecbarcelona.eu\/?p=21708"},"modified":"2016-02-24T12:19:25","modified_gmt":"2016-02-24T12:19:25","slug":"ajuda-per-a-les-persones-sense-llar","status":"publish","type":"post","link":"https:\/\/ibecbarcelona.eu\/ca\/ajuda-per-a-les-persones-sense-llar\/","title":{"rendered":"Ajuda per a les persones sense llar"},"content":{"rendered":"<p>&#8220;Ambdues organitzacions, encara que utilitzant enfocaments molt diferents, estan treballant cap a un objectiu com\u00fa: l&#8217;envelliment saludable i digne.&#8221;<\/p>\n<p>Els premis per la t\u00f3mbola van ser amablement proporcionats per Bestours, Lasing, IZASA, Sistemes Abast, Life Technologies (Thermo Fisher Scientific), DD BioLab, Durviz, Cultek i IBEC.<\/p>\n","protected":false},"excerpt":{"rendered":"<h3><img decoding=\"async\" class=\"left wp-image-21691 size-full lazyload\" data-src=\"https:\/\/ibecbarcelona.eu\/wp-content\/uploads\/2016\/02\/Help-for-the-homeless.jpg\" alt=\"Help for the homeless\" width=\"400\" height=\"412\" data-srcset=\"https:\/\/ibecbarcelona.eu\/wp-content\/uploads\/2016\/02\/Help-for-the-homeless.jpg 400w, https:\/\/ibecbarcelona.eu\/wp-content\/uploads\/2016\/02\/Help-for-the-homeless-291x300.jpg 291w, https:\/\/ibecbarcelona.eu\/wp-content\/uploads\/2016\/02\/Help-for-the-homeless-126x130.jpg 126w, https:\/\/ibecbarcelona.eu\/wp-content\/uploads\/2016\/02\/Help-for-the-homeless-146x150.jpg 146w, https:\/\/ibecbarcelona.eu\/wp-content\/uploads\/2016\/02\/Help-for-the-homeless-45x45.jpg 45w\" data-sizes=\"(max-width: 400px) 100vw, 400px\" src=\"data:image\/svg+xml;base64,PHN2ZyB3aWR0aD0iMSIgaGVpZ2h0PSIxIiB4bWxucz0iaHR0cDovL3d3dy53My5vcmcvMjAwMC9zdmciPjwvc3ZnPg==\" style=\"--smush-placeholder-width: 400px; --smush-placeholder-aspect-ratio: 400\/412;\" \/><\/a>El dilluns el gerent de l&#8217;IBEC David Badia (esquerra), en nom dels empleats de l&#8217;IBEC, va lliurar els 665\u202f\u20ac recaptats per l&#8217;institut durant la celebraci\u00f3 de Nadal a la Fundaci\u00f3 Arrels, una organitzaci\u00f3 ben\u00e8fica per a les persones sense llar situada al barri del Raval de Barcelona.<\/h3>\n<p>El director de la Fundaci\u00f3 Arrels Ferran Busquets (dreta) va estar encantat de rebre els fons, que van ser donats pels membres de la comunitat IBEC que van comprar bitllets per la *t\u00f3mbola el passat 17 de desembre. Els diners es destinar\u00e0 a ajudar als 400 voluntaris de *Arrels a arribar a m\u00e9s de 1.600 persones sense llar proporcionant-los roba, medicines, ajuda psicol\u00f2gica i allotjament.<br \/>\n&#8220;Va ser b\u00e9 saber m\u00e9s sobre el paper de Fundaci\u00f3 Arrels com ONG a la nostra ciutat, i tamb\u00e9 ens va oferir una oportunitat a nosaltres per explicar el que fa l&#8217;IBEC&#8221;, va comentar David, que va visitar la fundaci\u00f3 amb la Coordinadora d&#8217;Esdeveniments i Activitats de Divulgaci\u00f3 Pilar Jim\u00e9nez.<\/p>\n","protected":false},"author":4,"featured_media":21693,"comment_status":"closed","ping_status":"closed","sticky":false,"template":"","format":"standard","meta":{"footnotes":""},"categories":[98],"tags":[],"post_formats":[],"class_list":["post-21708","post","type-post","status-publish","format-standard","has-post-thumbnail","hentry","category-noticies-institucionals"],"yoast_head":"<!-- This site is optimized with the Yoast SEO plugin v27.4 - https:\/\/yoast.com\/product\/yoast-seo-wordpress\/ -->\n<title>Ajuda per a les persones sense llar - Institute for Bioengineering of Catalonia<\/title>\n<meta name=\"robots\" content=\"index, follow, max-snippet:-1, max-image-preview:large, max-video-preview:-1\" \/>\n<link rel=\"canonical\" href=\"https:\/\/ibecbarcelona.eu\/ca\/ajuda-per-a-les-persones-sense-llar\/\" \/>\n<meta property=\"og:locale\" content=\"ca_ES\" \/>\n<meta property=\"og:type\" content=\"article\" \/>\n<meta property=\"og:title\" content=\"Ajuda per a les persones sense llar - Institute for Bioengineering of Catalonia\" \/>\n<meta property=\"og:description\" content=\"El dilluns el gerent de l&#039;IBEC David Badia (esquerra), en nom dels empleats de l&#039;IBEC, va lliurar els 665\u202f\u20ac recaptats per l&#039;institut durant la celebraci\u00f3 de Nadal a la Fundaci\u00f3 Arrels, una organitzaci\u00f3 ben\u00e8fica per a les persones sense llar situada al barri del Raval de Barcelona. El director de la Fundaci\u00f3 Arrels Ferran Busquets (dreta) va estar encantat de rebre els fons, que van ser donats pels membres de la comunitat IBEC que van comprar bitllets per la *t\u00f3mbola el passat 17 de desembre. Els diners es destinar\u00e0 a ajudar als 400 voluntaris de *Arrels a arribar a m\u00e9s de 1.600 persones sense llar proporcionant-los roba, medicines, ajuda psicol\u00f2gica i allotjament. &quot;Va ser b\u00e9 saber m\u00e9s sobre el paper de Fundaci\u00f3 Arrels com ONG a la nostra ciutat, i tamb\u00e9 ens va oferir una oportunitat a nosaltres per explicar el que fa l&#039;IBEC&quot;, va comentar David, que va visitar la fundaci\u00f3 amb la Coordinadora d&#039;Esdeveniments i Activitats de Divulgaci\u00f3 Pilar Jim\u00e9nez.\" \/>\n<meta property=\"og:url\" content=\"https:\/\/ibecbarcelona.eu\/ca\/ajuda-per-a-les-persones-sense-llar\/\" \/>\n<meta property=\"og:site_name\" content=\"Institute for Bioengineering of Catalonia\" \/>\n<meta property=\"article:published_time\" content=\"2016-02-24T08:43:31+00:00\" \/>\n<meta property=\"article:modified_time\" content=\"2016-02-24T12:19:25+00:00\" \/>\n<meta property=\"og:image\" content=\"https:\/\/ibecbarcelona.eu\/wp-content\/uploads\/2016\/02\/Help-for-the-homeless.jpg\" \/>\n\t<meta property=\"og:image:width\" content=\"400\" \/>\n\t<meta property=\"og:image:height\" content=\"412\" \/>\n\t<meta property=\"og:image:type\" content=\"image\/jpeg\" \/>\n<meta name=\"author\" content=\"\u00c0ngels L\u00f3pez\" \/>\n<meta name=\"twitter:card\" content=\"summary_large_image\" \/>\n<meta name=\"twitter:label1\" content=\"Escrit per\" \/>\n\t<meta name=\"twitter:data1\" content=\"\u00c0ngels L\u00f3pez\" \/>\n<script type=\"application\/ld+json\" class=\"yoast-schema-graph\">{\"@context\":\"https:\\\/\\\/schema.org\",\"@graph\":[{\"@type\":\"Article\",\"@id\":\"https:\\\/\\\/ibecbarcelona.eu\\\/ca\\\/ajuda-per-a-les-persones-sense-llar\\\/#article\",\"isPartOf\":{\"@id\":\"https:\\\/\\\/ibecbarcelona.eu\\\/ca\\\/ajuda-per-a-les-persones-sense-llar\\\/\"},\"author\":{\"name\":\"\u00c0ngels L\u00f3pez\",\"@id\":\"https:\\\/\\\/ibecbarcelona.eu\\\/#\\\/schema\\\/person\\\/c212c6b589546130be67986b9290e2b8\"},\"headline\":\"Ajuda per a les persones sense llar\",\"datePublished\":\"2016-02-24T08:43:31+00:00\",\"dateModified\":\"2016-02-24T12:19:25+00:00\",\"mainEntityOfPage\":{\"@id\":\"https:\\\/\\\/ibecbarcelona.eu\\\/ca\\\/ajuda-per-a-les-persones-sense-llar\\\/\"},\"wordCount\":53,\"publisher\":{\"@id\":\"https:\\\/\\\/ibecbarcelona.eu\\\/#organization\"},\"image\":{\"@id\":\"https:\\\/\\\/ibecbarcelona.eu\\\/ca\\\/ajuda-per-a-les-persones-sense-llar\\\/#primaryimage\"},\"thumbnailUrl\":\"https:\\\/\\\/ibecbarcelona.eu\\\/wp-content\\\/uploads\\\/2016\\\/02\\\/Help-for-the-homeless.jpg\",\"articleSection\":[\"Not\u00edcies institucionals\"],\"inLanguage\":\"ca\"},{\"@type\":\"WebPage\",\"@id\":\"https:\\\/\\\/ibecbarcelona.eu\\\/ca\\\/ajuda-per-a-les-persones-sense-llar\\\/\",\"url\":\"https:\\\/\\\/ibecbarcelona.eu\\\/ca\\\/ajuda-per-a-les-persones-sense-llar\\\/\",\"name\":\"Ajuda per a les persones sense llar - Institute for Bioengineering of Catalonia\",\"isPartOf\":{\"@id\":\"https:\\\/\\\/ibecbarcelona.eu\\\/#website\"},\"primaryImageOfPage\":{\"@id\":\"https:\\\/\\\/ibecbarcelona.eu\\\/ca\\\/ajuda-per-a-les-persones-sense-llar\\\/#primaryimage\"},\"image\":{\"@id\":\"https:\\\/\\\/ibecbarcelona.eu\\\/ca\\\/ajuda-per-a-les-persones-sense-llar\\\/#primaryimage\"},\"thumbnailUrl\":\"https:\\\/\\\/ibecbarcelona.eu\\\/wp-content\\\/uploads\\\/2016\\\/02\\\/Help-for-the-homeless.jpg\",\"datePublished\":\"2016-02-24T08:43:31+00:00\",\"dateModified\":\"2016-02-24T12:19:25+00:00\",\"breadcrumb\":{\"@id\":\"https:\\\/\\\/ibecbarcelona.eu\\\/ca\\\/ajuda-per-a-les-persones-sense-llar\\\/#breadcrumb\"},\"inLanguage\":\"ca\",\"potentialAction\":[{\"@type\":\"ReadAction\",\"target\":[\"https:\\\/\\\/ibecbarcelona.eu\\\/ca\\\/ajuda-per-a-les-persones-sense-llar\\\/\"]}]},{\"@type\":\"ImageObject\",\"inLanguage\":\"ca\",\"@id\":\"https:\\\/\\\/ibecbarcelona.eu\\\/ca\\\/ajuda-per-a-les-persones-sense-llar\\\/#primaryimage\",\"url\":\"https:\\\/\\\/ibecbarcelona.eu\\\/wp-content\\\/uploads\\\/2016\\\/02\\\/Help-for-the-homeless.jpg\",\"contentUrl\":\"https:\\\/\\\/ibecbarcelona.eu\\\/wp-content\\\/uploads\\\/2016\\\/02\\\/Help-for-the-homeless.jpg\",\"width\":400,\"height\":412},{\"@type\":\"BreadcrumbList\",\"@id\":\"https:\\\/\\\/ibecbarcelona.eu\\\/ca\\\/ajuda-per-a-les-persones-sense-llar\\\/#breadcrumb\",\"itemListElement\":[{\"@type\":\"ListItem\",\"position\":1,\"name\":\"Home\",\"item\":\"https:\\\/\\\/ibecbarcelona.eu\\\/ca\\\/\"},{\"@type\":\"ListItem\",\"position\":2,\"name\":\"Ajuda per a les persones sense llar\"}]},{\"@type\":\"WebSite\",\"@id\":\"https:\\\/\\\/ibecbarcelona.eu\\\/#website\",\"url\":\"https:\\\/\\\/ibecbarcelona.eu\\\/\",\"name\":\"Institute for Bioengineering of Catalonia\",\"description\":\"Bioengineering Solutions for Health\",\"publisher\":{\"@id\":\"https:\\\/\\\/ibecbarcelona.eu\\\/#organization\"},\"potentialAction\":[{\"@type\":\"SearchAction\",\"target\":{\"@type\":\"EntryPoint\",\"urlTemplate\":\"https:\\\/\\\/ibecbarcelona.eu\\\/?s={search_term_string}\"},\"query-input\":{\"@type\":\"PropertyValueSpecification\",\"valueRequired\":true,\"valueName\":\"search_term_string\"}}],\"inLanguage\":\"ca\"},{\"@type\":\"Organization\",\"@id\":\"https:\\\/\\\/ibecbarcelona.eu\\\/#organization\",\"name\":\"Institute for Bioengineering of Catalonia\",\"url\":\"https:\\\/\\\/ibecbarcelona.eu\\\/\",\"logo\":{\"@type\":\"ImageObject\",\"inLanguage\":\"ca\",\"@id\":\"https:\\\/\\\/ibecbarcelona.eu\\\/#\\\/schema\\\/logo\\\/image\\\/\",\"url\":\"https:\\\/\\\/ibecbarcelona.eu\\\/wp-content\\\/uploads\\\/2026\\\/01\\\/cropped-IBEC_20ANYS_GRIS.png\",\"contentUrl\":\"https:\\\/\\\/ibecbarcelona.eu\\\/wp-content\\\/uploads\\\/2026\\\/01\\\/cropped-IBEC_20ANYS_GRIS.png\",\"width\":696,\"height\":257,\"caption\":\"Institute for Bioengineering of Catalonia\"},\"image\":{\"@id\":\"https:\\\/\\\/ibecbarcelona.eu\\\/#\\\/schema\\\/logo\\\/image\\\/\"}},{\"@type\":\"Person\",\"@id\":\"https:\\\/\\\/ibecbarcelona.eu\\\/#\\\/schema\\\/person\\\/c212c6b589546130be67986b9290e2b8\",\"name\":\"\u00c0ngels L\u00f3pez\",\"image\":{\"@type\":\"ImageObject\",\"inLanguage\":\"ca\",\"@id\":\"https:\\\/\\\/secure.gravatar.com\\\/avatar\\\/09ad6ba116bea0b15c5511860f83b302579fd7404c1180e9dae55c3f11d988c6?s=96&d=mm&r=g\",\"url\":\"https:\\\/\\\/secure.gravatar.com\\\/avatar\\\/09ad6ba116bea0b15c5511860f83b302579fd7404c1180e9dae55c3f11d988c6?s=96&d=mm&r=g\",\"contentUrl\":\"https:\\\/\\\/secure.gravatar.com\\\/avatar\\\/09ad6ba116bea0b15c5511860f83b302579fd7404c1180e9dae55c3f11d988c6?s=96&d=mm&r=g\",\"caption\":\"\u00c0ngels L\u00f3pez\"},\"url\":\"https:\\\/\\\/ibecbarcelona.eu\\\/ca\\\/author\\\/alopez\\\/\"}]}<\/script>\n<!-- \/ Yoast SEO plugin. -->","yoast_head_json":{"title":"Ajuda per a les persones sense llar - Institute for Bioengineering of Catalonia","robots":{"index":"index","follow":"follow","max-snippet":"max-snippet:-1","max-image-preview":"max-image-preview:large","max-video-preview":"max-video-preview:-1"},"canonical":"https:\/\/ibecbarcelona.eu\/ca\/ajuda-per-a-les-persones-sense-llar\/","og_locale":"ca_ES","og_type":"article","og_title":"Ajuda per a les persones sense llar - Institute for Bioengineering of Catalonia","og_description":"El dilluns el gerent de l'IBEC David Badia (esquerra), en nom dels empleats de l'IBEC, va lliurar els 665\u202f\u20ac recaptats per l'institut durant la celebraci\u00f3 de Nadal a la Fundaci\u00f3 Arrels, una organitzaci\u00f3 ben\u00e8fica per a les persones sense llar situada al barri del Raval de Barcelona. El director de la Fundaci\u00f3 Arrels Ferran Busquets (dreta) va estar encantat de rebre els fons, que van ser donats pels membres de la comunitat IBEC que van comprar bitllets per la *t\u00f3mbola el passat 17 de desembre. Els diners es destinar\u00e0 a ajudar als 400 voluntaris de *Arrels a arribar a m\u00e9s de 1.600 persones sense llar proporcionant-los roba, medicines, ajuda psicol\u00f2gica i allotjament. \"Va ser b\u00e9 saber m\u00e9s sobre el paper de Fundaci\u00f3 Arrels com ONG a la nostra ciutat, i tamb\u00e9 ens va oferir una oportunitat a nosaltres per explicar el que fa l'IBEC\", va comentar David, que va visitar la fundaci\u00f3 amb la Coordinadora d'Esdeveniments i Activitats de Divulgaci\u00f3 Pilar Jim\u00e9nez.","og_url":"https:\/\/ibecbarcelona.eu\/ca\/ajuda-per-a-les-persones-sense-llar\/","og_site_name":"Institute for Bioengineering of Catalonia","article_published_time":"2016-02-24T08:43:31+00:00","article_modified_time":"2016-02-24T12:19:25+00:00","og_image":[{"width":400,"height":412,"url":"https:\/\/ibecbarcelona.eu\/wp-content\/uploads\/2016\/02\/Help-for-the-homeless.jpg","type":"image\/jpeg"}],"author":"\u00c0ngels L\u00f3pez","twitter_card":"summary_large_image","twitter_misc":{"Escrit per":"\u00c0ngels L\u00f3pez"},"schema":{"@context":"https:\/\/schema.org","@graph":[{"@type":"Article","@id":"https:\/\/ibecbarcelona.eu\/ca\/ajuda-per-a-les-persones-sense-llar\/#article","isPartOf":{"@id":"https:\/\/ibecbarcelona.eu\/ca\/ajuda-per-a-les-persones-sense-llar\/"},"author":{"name":"\u00c0ngels L\u00f3pez","@id":"https:\/\/ibecbarcelona.eu\/#\/schema\/person\/c212c6b589546130be67986b9290e2b8"},"headline":"Ajuda per a les persones sense llar","datePublished":"2016-02-24T08:43:31+00:00","dateModified":"2016-02-24T12:19:25+00:00","mainEntityOfPage":{"@id":"https:\/\/ibecbarcelona.eu\/ca\/ajuda-per-a-les-persones-sense-llar\/"},"wordCount":53,"publisher":{"@id":"https:\/\/ibecbarcelona.eu\/#organization"},"image":{"@id":"https:\/\/ibecbarcelona.eu\/ca\/ajuda-per-a-les-persones-sense-llar\/#primaryimage"},"thumbnailUrl":"https:\/\/ibecbarcelona.eu\/wp-content\/uploads\/2016\/02\/Help-for-the-homeless.jpg","articleSection":["Not\u00edcies institucionals"],"inLanguage":"ca"},{"@type":"WebPage","@id":"https:\/\/ibecbarcelona.eu\/ca\/ajuda-per-a-les-persones-sense-llar\/","url":"https:\/\/ibecbarcelona.eu\/ca\/ajuda-per-a-les-persones-sense-llar\/","name":"Ajuda per a les persones sense llar - Institute for Bioengineering of Catalonia","isPartOf":{"@id":"https:\/\/ibecbarcelona.eu\/#website"},"primaryImageOfPage":{"@id":"https:\/\/ibecbarcelona.eu\/ca\/ajuda-per-a-les-persones-sense-llar\/#primaryimage"},"image":{"@id":"https:\/\/ibecbarcelona.eu\/ca\/ajuda-per-a-les-persones-sense-llar\/#primaryimage"},"thumbnailUrl":"https:\/\/ibecbarcelona.eu\/wp-content\/uploads\/2016\/02\/Help-for-the-homeless.jpg","datePublished":"2016-02-24T08:43:31+00:00","dateModified":"2016-02-24T12:19:25+00:00","breadcrumb":{"@id":"https:\/\/ibecbarcelona.eu\/ca\/ajuda-per-a-les-persones-sense-llar\/#breadcrumb"},"inLanguage":"ca","potentialAction":[{"@type":"ReadAction","target":["https:\/\/ibecbarcelona.eu\/ca\/ajuda-per-a-les-persones-sense-llar\/"]}]},{"@type":"ImageObject","inLanguage":"ca","@id":"https:\/\/ibecbarcelona.eu\/ca\/ajuda-per-a-les-persones-sense-llar\/#primaryimage","url":"https:\/\/ibecbarcelona.eu\/wp-content\/uploads\/2016\/02\/Help-for-the-homeless.jpg","contentUrl":"https:\/\/ibecbarcelona.eu\/wp-content\/uploads\/2016\/02\/Help-for-the-homeless.jpg","width":400,"height":412},{"@type":"BreadcrumbList","@id":"https:\/\/ibecbarcelona.eu\/ca\/ajuda-per-a-les-persones-sense-llar\/#breadcrumb","itemListElement":[{"@type":"ListItem","position":1,"name":"Home","item":"https:\/\/ibecbarcelona.eu\/ca\/"},{"@type":"ListItem","position":2,"name":"Ajuda per a les persones sense llar"}]},{"@type":"WebSite","@id":"https:\/\/ibecbarcelona.eu\/#website","url":"https:\/\/ibecbarcelona.eu\/","name":"Institute for Bioengineering of Catalonia","description":"Bioengineering Solutions for Health","publisher":{"@id":"https:\/\/ibecbarcelona.eu\/#organization"},"potentialAction":[{"@type":"SearchAction","target":{"@type":"EntryPoint","urlTemplate":"https:\/\/ibecbarcelona.eu\/?s={search_term_string}"},"query-input":{"@type":"PropertyValueSpecification","valueRequired":true,"valueName":"search_term_string"}}],"inLanguage":"ca"},{"@type":"Organization","@id":"https:\/\/ibecbarcelona.eu\/#organization","name":"Institute for Bioengineering of Catalonia","url":"https:\/\/ibecbarcelona.eu\/","logo":{"@type":"ImageObject","inLanguage":"ca","@id":"https:\/\/ibecbarcelona.eu\/#\/schema\/logo\/image\/","url":"https:\/\/ibecbarcelona.eu\/wp-content\/uploads\/2026\/01\/cropped-IBEC_20ANYS_GRIS.png","contentUrl":"https:\/\/ibecbarcelona.eu\/wp-content\/uploads\/2026\/01\/cropped-IBEC_20ANYS_GRIS.png","width":696,"height":257,"caption":"Institute for Bioengineering of Catalonia"},"image":{"@id":"https:\/\/ibecbarcelona.eu\/#\/schema\/logo\/image\/"}},{"@type":"Person","@id":"https:\/\/ibecbarcelona.eu\/#\/schema\/person\/c212c6b589546130be67986b9290e2b8","name":"\u00c0ngels L\u00f3pez","image":{"@type":"ImageObject","inLanguage":"ca","@id":"https:\/\/secure.gravatar.com\/avatar\/09ad6ba116bea0b15c5511860f83b302579fd7404c1180e9dae55c3f11d988c6?s=96&d=mm&r=g","url":"https:\/\/secure.gravatar.com\/avatar\/09ad6ba116bea0b15c5511860f83b302579fd7404c1180e9dae55c3f11d988c6?s=96&d=mm&r=g","contentUrl":"https:\/\/secure.gravatar.com\/avatar\/09ad6ba116bea0b15c5511860f83b302579fd7404c1180e9dae55c3f11d988c6?s=96&d=mm&r=g","caption":"\u00c0ngels L\u00f3pez"},"url":"https:\/\/ibecbarcelona.eu\/ca\/author\/alopez\/"}]}},"AFP_featured_media_urls":{"full":["https:\/\/ibecbarcelona.eu\/wp-content\/uploads\/2016\/02\/Help-for-the-homeless.jpg",400,412,false],"thumbnail":["https:\/\/ibecbarcelona.eu\/wp-content\/uploads\/2016\/02\/Help-for-the-homeless-150x150.jpg",150,150,true],"medium":["https:\/\/ibecbarcelona.eu\/wp-content\/uploads\/2016\/02\/Help-for-the-homeless-291x300.jpg",291,300,true],"medium_large":["https:\/\/ibecbarcelona.eu\/wp-content\/uploads\/2016\/02\/Help-for-the-homeless.jpg",400,412,false],"large":["https:\/\/ibecbarcelona.eu\/wp-content\/uploads\/2016\/02\/Help-for-the-homeless.jpg",400,412,false]},"AFP_attachments":{"full":["https:\/\/ibecbarcelona.eu\/wp-content\/uploads\/2016\/02\/Help-for-the-homeless.jpg",400,412,false],"thumbnail":["https:\/\/ibecbarcelona.eu\/wp-content\/uploads\/2016\/02\/Help-for-the-homeless-150x150.jpg",150,150,true],"medium":["https:\/\/ibecbarcelona.eu\/wp-content\/uploads\/2016\/02\/Help-for-the-homeless-291x300.jpg",291,300,true],"medium_large":["https:\/\/ibecbarcelona.eu\/wp-content\/uploads\/2016\/02\/Help-for-the-homeless.jpg",400,412,false],"large":["https:\/\/ibecbarcelona.eu\/wp-content\/uploads\/2016\/02\/Help-for-the-homeless.jpg",400,412,false]},"AFP_videos":[],"AFP_video_blocks":"","AFP_category_names":["Not\u00edcies institucionals"],"_links":{"self":[{"href":"https:\/\/ibecbarcelona.eu\/ca\/wp-json\/wp\/v2\/posts\/21708","targetHints":{"allow":["GET"]}}],"collection":[{"href":"https:\/\/ibecbarcelona.eu\/ca\/wp-json\/wp\/v2\/posts"}],"about":[{"href":"https:\/\/ibecbarcelona.eu\/ca\/wp-json\/wp\/v2\/types\/post"}],"author":[{"embeddable":true,"href":"https:\/\/ibecbarcelona.eu\/ca\/wp-json\/wp\/v2\/users\/4"}],"replies":[{"embeddable":true,"href":"https:\/\/ibecbarcelona.eu\/ca\/wp-json\/wp\/v2\/comments?post=21708"}],"version-history":[{"count":0,"href":"https:\/\/ibecbarcelona.eu\/ca\/wp-json\/wp\/v2\/posts\/21708\/revisions"}],"wp:featuredmedia":[{"embeddable":true,"href":"https:\/\/ibecbarcelona.eu\/ca\/wp-json\/wp\/v2\/media\/21693"}],"wp:attachment":[{"href":"https:\/\/ibecbarcelona.eu\/ca\/wp-json\/wp\/v2\/media?parent=21708"}],"wp:term":[{"taxonomy":"category","embeddable":true,"href":"https:\/\/ibecbarcelona.eu\/ca\/wp-json\/wp\/v2\/categories?post=21708"},{"taxonomy":"post_tag","embeddable":true,"href":"https:\/\/ibecbarcelona.eu\/ca\/wp-json\/wp\/v2\/tags?post=21708"},{"taxonomy":"post_format","embeddable":true,"href":"https:\/\/ibecbarcelona.eu\/ca\/wp-json\/wp\/v2\/post_formats?post=21708"}],"curies":[{"name":"wp","href":"https:\/\/api.w.org\/{rel}","templated":true}]}}