
{"id":22435,"date":"2016-04-08T08:58:40","date_gmt":"2016-04-08T08:58:40","guid":{"rendered":"http:\/\/ibecbarcelona.eu\/?p=22435"},"modified":"2016-04-15T11:34:42","modified_gmt":"2016-04-15T11:34:42","slug":"fibrosis-quistica-la-lluita-continua","status":"publish","type":"post","link":"https:\/\/ibecbarcelona.eu\/ca\/fibrosis-quistica-la-lluita-continua\/","title":{"rendered":"Fibrosis qu\u00edstica &#8211; la lluita continua"},"content":{"rendered":"<p>Les dades cl\u00edniques per al projecte es proporcionen a trav\u00e9s de l&#8217;estreta col\u00b7laboraci\u00f3 del grup amb l&#8217;Hospital Universitari Vall d&#8217;Hebron. Aquest triangle de cooperaci\u00f3 entre investigadors, cl\u00ednics i associaci\u00f3 de pacients, amb el suport de l&#8217;Obra Social &#8220;La Caixa&#8221;, t\u00e9 potencial per fer grans avan\u00e7os en la lluita contra aquesta malaltia que afecta els pulmons i al sistema digestiu.<\/p>\n<p>El 27 d&#8217;abril IBEC i la ACFQ organitzaran un esdeveniment per al dia nacional de la Fibrosi Qu\u00edstica, &#8220;El present i el futur de la Fibrosi Qu\u00edstica&#8221;, que consisteix en una activitat per a estudiants de secund\u00e0ria i cicle formatiu i una taula rodona oberta al p\u00fablic general.<\/p>\n<h6 class=\"caption\" style=\"padding: 0px 10px 10px 0px;\">A la imatge: Nuria Sanz (ACFQ), Josep Samitier, Eduard Torrents, Celestino Raya (ACFQ) i Jordi Portabella (Obra Social \u201cLa Caixa\u201d)<\/h6>\n","protected":false},"excerpt":{"rendered":"<h3><img decoding=\"async\" data-src=\"https:\/\/ibecbarcelona.eu\/wp-content\/uploads\/2016\/04\/fq-visit.jpg\" alt=\"fq visit\" width=\"400\" height=\"202\" class=\"left size-full wp-image-22309 lazyload\" data-srcset=\"https:\/\/ibecbarcelona.eu\/wp-content\/uploads\/2016\/04\/fq-visit.jpg 400w, https:\/\/ibecbarcelona.eu\/wp-content\/uploads\/2016\/04\/fq-visit-300x152.jpg 300w, https:\/\/ibecbarcelona.eu\/wp-content\/uploads\/2016\/04\/fq-visit-230x116.jpg 230w, https:\/\/ibecbarcelona.eu\/wp-content\/uploads\/2016\/04\/fq-visit-150x76.jpg 150w\" data-sizes=\"(max-width: 400px) 100vw, 400px\" src=\"data:image\/svg+xml;base64,PHN2ZyB3aWR0aD0iMSIgaGVpZ2h0PSIxIiB4bWxucz0iaHR0cDovL3d3dy53My5vcmcvMjAwMC9zdmciPjwvc3ZnPg==\" style=\"--smush-placeholder-width: 400px; --smush-placeholder-aspect-ratio: 400\/202;\" \/><\/a>Els representants de l&#8217;Associaci\u00f3 Catalana de Fibrosi Qu\u00edstica (ACFQ) van visitar l&#8217;IBEC el 22 de mar\u00e7 per parlar amb els investigadors i discutir l&#8217;enfoc del seu suport continu a la recerca sobre la malaltia<\/h3>\n<p>La visita va tenir lloc en el marc d&#8217;una base explorat\u00f2ria per a una possible nova iniciativa que impulsa l&#8217;Obra Social &#8220;La Caixa&#8221; per centrar-se en el suport a les malalties rares.<\/p>\n<p>El grup d&#8217;Eduard Torrents Infeccions Bacterianes: Ter\u00e0pies Antimicrobianes est\u00e0 investigant l&#8217;enzim que promou el creixement del bacteri associat a aquesta malaltia, i possible diana terap\u00e8utica, amb el suport de la ACFQ des del 2009.<\/p>\n","protected":false},"author":4,"featured_media":22311,"comment_status":"closed","ping_status":"closed","sticky":false,"template":"","format":"standard","meta":{"footnotes":""},"categories":[98],"tags":[],"post_formats":[],"class_list":["post-22435","post","type-post","status-publish","format-standard","has-post-thumbnail","hentry","category-noticies-institucionals"],"yoast_head":"<!-- This site is optimized with the Yoast SEO plugin v27.5 - https:\/\/yoast.com\/product\/yoast-seo-wordpress\/ -->\n<title>Fibrosis qu\u00edstica - la lluita continua - Institute for Bioengineering of Catalonia<\/title>\n<meta name=\"robots\" content=\"index, follow, max-snippet:-1, max-image-preview:large, max-video-preview:-1\" \/>\n<link rel=\"canonical\" href=\"https:\/\/ibecbarcelona.eu\/ca\/fibrosis-quistica-la-lluita-continua\/\" \/>\n<meta property=\"og:locale\" content=\"ca_ES\" \/>\n<meta property=\"og:type\" content=\"article\" \/>\n<meta property=\"og:title\" content=\"Fibrosis qu\u00edstica - la lluita continua - Institute for Bioengineering of Catalonia\" \/>\n<meta property=\"og:description\" content=\"Els representants de l&#039;Associaci\u00f3 Catalana de Fibrosi Qu\u00edstica (ACFQ) van visitar l&#039;IBEC el 22 de mar\u00e7 per parlar amb els investigadors i discutir l&#039;enfoc del seu suport continu a la recerca sobre la malaltia  La visita va tenir lloc en el marc d&#039;una base explorat\u00f2ria per a una possible nova iniciativa que impulsa l&#039;Obra Social &quot;La Caixa&quot; per centrar-se en el suport a les malalties rares.  El grup d&#039;Eduard Torrents Infeccions Bacterianes: Ter\u00e0pies Antimicrobianes est\u00e0 investigant l&#039;enzim que promou el creixement del bacteri associat a aquesta malaltia, i possible diana terap\u00e8utica, amb el suport de la ACFQ des del 2009.\" \/>\n<meta property=\"og:url\" content=\"https:\/\/ibecbarcelona.eu\/ca\/fibrosis-quistica-la-lluita-continua\/\" \/>\n<meta property=\"og:site_name\" content=\"Institute for Bioengineering of Catalonia\" \/>\n<meta property=\"article:published_time\" content=\"2016-04-08T08:58:40+00:00\" \/>\n<meta property=\"article:modified_time\" content=\"2016-04-15T11:34:42+00:00\" \/>\n<meta property=\"og:image\" content=\"https:\/\/ibecbarcelona.eu\/wp-content\/uploads\/2016\/04\/fq-visit.jpg\" \/>\n\t<meta property=\"og:image:width\" content=\"400\" \/>\n\t<meta property=\"og:image:height\" content=\"202\" \/>\n\t<meta property=\"og:image:type\" content=\"image\/jpeg\" \/>\n<meta name=\"author\" content=\"\u00c0ngels L\u00f3pez\" \/>\n<meta name=\"twitter:card\" content=\"summary_large_image\" \/>\n<meta name=\"twitter:label1\" content=\"Escrit per\" \/>\n\t<meta name=\"twitter:data1\" content=\"\u00c0ngels L\u00f3pez\" \/>\n\t<meta name=\"twitter:label2\" content=\"Temps estimat de lectura\" \/>\n\t<meta name=\"twitter:data2\" content=\"1 minut\" \/>\n<script type=\"application\/ld+json\" class=\"yoast-schema-graph\">{\"@context\":\"https:\\\/\\\/schema.org\",\"@graph\":[{\"@type\":\"Article\",\"@id\":\"https:\\\/\\\/ibecbarcelona.eu\\\/ca\\\/fibrosis-quistica-la-lluita-continua\\\/#article\",\"isPartOf\":{\"@id\":\"https:\\\/\\\/ibecbarcelona.eu\\\/ca\\\/fibrosis-quistica-la-lluita-continua\\\/\"},\"author\":{\"name\":\"\u00c0ngels L\u00f3pez\",\"@id\":\"https:\\\/\\\/ibecbarcelona.eu\\\/#\\\/schema\\\/person\\\/c212c6b589546130be67986b9290e2b8\"},\"headline\":\"Fibrosis qu\u00edstica &#8211; la lluita continua\",\"datePublished\":\"2016-04-08T08:58:40+00:00\",\"dateModified\":\"2016-04-15T11:34:42+00:00\",\"mainEntityOfPage\":{\"@id\":\"https:\\\/\\\/ibecbarcelona.eu\\\/ca\\\/fibrosis-quistica-la-lluita-continua\\\/\"},\"wordCount\":142,\"publisher\":{\"@id\":\"https:\\\/\\\/ibecbarcelona.eu\\\/#organization\"},\"image\":{\"@id\":\"https:\\\/\\\/ibecbarcelona.eu\\\/ca\\\/fibrosis-quistica-la-lluita-continua\\\/#primaryimage\"},\"thumbnailUrl\":\"https:\\\/\\\/ibecbarcelona.eu\\\/wp-content\\\/uploads\\\/2016\\\/04\\\/fq-visit.jpg\",\"articleSection\":[\"Not\u00edcies institucionals\"],\"inLanguage\":\"ca\"},{\"@type\":\"WebPage\",\"@id\":\"https:\\\/\\\/ibecbarcelona.eu\\\/ca\\\/fibrosis-quistica-la-lluita-continua\\\/\",\"url\":\"https:\\\/\\\/ibecbarcelona.eu\\\/ca\\\/fibrosis-quistica-la-lluita-continua\\\/\",\"name\":\"Fibrosis qu\u00edstica - la lluita continua - Institute for Bioengineering of Catalonia\",\"isPartOf\":{\"@id\":\"https:\\\/\\\/ibecbarcelona.eu\\\/#website\"},\"primaryImageOfPage\":{\"@id\":\"https:\\\/\\\/ibecbarcelona.eu\\\/ca\\\/fibrosis-quistica-la-lluita-continua\\\/#primaryimage\"},\"image\":{\"@id\":\"https:\\\/\\\/ibecbarcelona.eu\\\/ca\\\/fibrosis-quistica-la-lluita-continua\\\/#primaryimage\"},\"thumbnailUrl\":\"https:\\\/\\\/ibecbarcelona.eu\\\/wp-content\\\/uploads\\\/2016\\\/04\\\/fq-visit.jpg\",\"datePublished\":\"2016-04-08T08:58:40+00:00\",\"dateModified\":\"2016-04-15T11:34:42+00:00\",\"breadcrumb\":{\"@id\":\"https:\\\/\\\/ibecbarcelona.eu\\\/ca\\\/fibrosis-quistica-la-lluita-continua\\\/#breadcrumb\"},\"inLanguage\":\"ca\",\"potentialAction\":[{\"@type\":\"ReadAction\",\"target\":[\"https:\\\/\\\/ibecbarcelona.eu\\\/ca\\\/fibrosis-quistica-la-lluita-continua\\\/\"]}]},{\"@type\":\"ImageObject\",\"inLanguage\":\"ca\",\"@id\":\"https:\\\/\\\/ibecbarcelona.eu\\\/ca\\\/fibrosis-quistica-la-lluita-continua\\\/#primaryimage\",\"url\":\"https:\\\/\\\/ibecbarcelona.eu\\\/wp-content\\\/uploads\\\/2016\\\/04\\\/fq-visit.jpg\",\"contentUrl\":\"https:\\\/\\\/ibecbarcelona.eu\\\/wp-content\\\/uploads\\\/2016\\\/04\\\/fq-visit.jpg\",\"width\":400,\"height\":202},{\"@type\":\"BreadcrumbList\",\"@id\":\"https:\\\/\\\/ibecbarcelona.eu\\\/ca\\\/fibrosis-quistica-la-lluita-continua\\\/#breadcrumb\",\"itemListElement\":[{\"@type\":\"ListItem\",\"position\":1,\"name\":\"Home\",\"item\":\"https:\\\/\\\/ibecbarcelona.eu\\\/ca\\\/\"},{\"@type\":\"ListItem\",\"position\":2,\"name\":\"Fibrosis qu\u00edstica &#8211; la lluita continua\"}]},{\"@type\":\"WebSite\",\"@id\":\"https:\\\/\\\/ibecbarcelona.eu\\\/#website\",\"url\":\"https:\\\/\\\/ibecbarcelona.eu\\\/\",\"name\":\"Institute for Bioengineering of Catalonia\",\"description\":\"Bioengineering Solutions for Health\",\"publisher\":{\"@id\":\"https:\\\/\\\/ibecbarcelona.eu\\\/#organization\"},\"potentialAction\":[{\"@type\":\"SearchAction\",\"target\":{\"@type\":\"EntryPoint\",\"urlTemplate\":\"https:\\\/\\\/ibecbarcelona.eu\\\/?s={search_term_string}\"},\"query-input\":{\"@type\":\"PropertyValueSpecification\",\"valueRequired\":true,\"valueName\":\"search_term_string\"}}],\"inLanguage\":\"ca\"},{\"@type\":\"Organization\",\"@id\":\"https:\\\/\\\/ibecbarcelona.eu\\\/#organization\",\"name\":\"Institute for Bioengineering of Catalonia\",\"url\":\"https:\\\/\\\/ibecbarcelona.eu\\\/\",\"logo\":{\"@type\":\"ImageObject\",\"inLanguage\":\"ca\",\"@id\":\"https:\\\/\\\/ibecbarcelona.eu\\\/#\\\/schema\\\/logo\\\/image\\\/\",\"url\":\"https:\\\/\\\/ibecbarcelona.eu\\\/wp-content\\\/uploads\\\/2026\\\/01\\\/cropped-IBEC_20ANYS_GRIS.png\",\"contentUrl\":\"https:\\\/\\\/ibecbarcelona.eu\\\/wp-content\\\/uploads\\\/2026\\\/01\\\/cropped-IBEC_20ANYS_GRIS.png\",\"width\":696,\"height\":257,\"caption\":\"Institute for Bioengineering of Catalonia\"},\"image\":{\"@id\":\"https:\\\/\\\/ibecbarcelona.eu\\\/#\\\/schema\\\/logo\\\/image\\\/\"}},{\"@type\":\"Person\",\"@id\":\"https:\\\/\\\/ibecbarcelona.eu\\\/#\\\/schema\\\/person\\\/c212c6b589546130be67986b9290e2b8\",\"name\":\"\u00c0ngels L\u00f3pez\",\"image\":{\"@type\":\"ImageObject\",\"inLanguage\":\"ca\",\"@id\":\"https:\\\/\\\/secure.gravatar.com\\\/avatar\\\/09ad6ba116bea0b15c5511860f83b302579fd7404c1180e9dae55c3f11d988c6?s=96&d=mm&r=g\",\"url\":\"https:\\\/\\\/secure.gravatar.com\\\/avatar\\\/09ad6ba116bea0b15c5511860f83b302579fd7404c1180e9dae55c3f11d988c6?s=96&d=mm&r=g\",\"contentUrl\":\"https:\\\/\\\/secure.gravatar.com\\\/avatar\\\/09ad6ba116bea0b15c5511860f83b302579fd7404c1180e9dae55c3f11d988c6?s=96&d=mm&r=g\",\"caption\":\"\u00c0ngels L\u00f3pez\"},\"url\":\"https:\\\/\\\/ibecbarcelona.eu\\\/ca\\\/author\\\/alopez\\\/\"}]}<\/script>\n<!-- \/ Yoast SEO plugin. -->","yoast_head_json":{"title":"Fibrosis qu\u00edstica - la lluita continua - Institute for Bioengineering of Catalonia","robots":{"index":"index","follow":"follow","max-snippet":"max-snippet:-1","max-image-preview":"max-image-preview:large","max-video-preview":"max-video-preview:-1"},"canonical":"https:\/\/ibecbarcelona.eu\/ca\/fibrosis-quistica-la-lluita-continua\/","og_locale":"ca_ES","og_type":"article","og_title":"Fibrosis qu\u00edstica - la lluita continua - Institute for Bioengineering of Catalonia","og_description":"Els representants de l'Associaci\u00f3 Catalana de Fibrosi Qu\u00edstica (ACFQ) van visitar l'IBEC el 22 de mar\u00e7 per parlar amb els investigadors i discutir l'enfoc del seu suport continu a la recerca sobre la malaltia  La visita va tenir lloc en el marc d'una base explorat\u00f2ria per a una possible nova iniciativa que impulsa l'Obra Social \"La Caixa\" per centrar-se en el suport a les malalties rares.  El grup d'Eduard Torrents Infeccions Bacterianes: Ter\u00e0pies Antimicrobianes est\u00e0 investigant l'enzim que promou el creixement del bacteri associat a aquesta malaltia, i possible diana terap\u00e8utica, amb el suport de la ACFQ des del 2009.","og_url":"https:\/\/ibecbarcelona.eu\/ca\/fibrosis-quistica-la-lluita-continua\/","og_site_name":"Institute for Bioengineering of Catalonia","article_published_time":"2016-04-08T08:58:40+00:00","article_modified_time":"2016-04-15T11:34:42+00:00","og_image":[{"width":400,"height":202,"url":"https:\/\/ibecbarcelona.eu\/wp-content\/uploads\/2016\/04\/fq-visit.jpg","type":"image\/jpeg"}],"author":"\u00c0ngels L\u00f3pez","twitter_card":"summary_large_image","twitter_misc":{"Escrit per":"\u00c0ngels L\u00f3pez","Temps estimat de lectura":"1 minut"},"schema":{"@context":"https:\/\/schema.org","@graph":[{"@type":"Article","@id":"https:\/\/ibecbarcelona.eu\/ca\/fibrosis-quistica-la-lluita-continua\/#article","isPartOf":{"@id":"https:\/\/ibecbarcelona.eu\/ca\/fibrosis-quistica-la-lluita-continua\/"},"author":{"name":"\u00c0ngels L\u00f3pez","@id":"https:\/\/ibecbarcelona.eu\/#\/schema\/person\/c212c6b589546130be67986b9290e2b8"},"headline":"Fibrosis qu\u00edstica &#8211; la lluita continua","datePublished":"2016-04-08T08:58:40+00:00","dateModified":"2016-04-15T11:34:42+00:00","mainEntityOfPage":{"@id":"https:\/\/ibecbarcelona.eu\/ca\/fibrosis-quistica-la-lluita-continua\/"},"wordCount":142,"publisher":{"@id":"https:\/\/ibecbarcelona.eu\/#organization"},"image":{"@id":"https:\/\/ibecbarcelona.eu\/ca\/fibrosis-quistica-la-lluita-continua\/#primaryimage"},"thumbnailUrl":"https:\/\/ibecbarcelona.eu\/wp-content\/uploads\/2016\/04\/fq-visit.jpg","articleSection":["Not\u00edcies institucionals"],"inLanguage":"ca"},{"@type":"WebPage","@id":"https:\/\/ibecbarcelona.eu\/ca\/fibrosis-quistica-la-lluita-continua\/","url":"https:\/\/ibecbarcelona.eu\/ca\/fibrosis-quistica-la-lluita-continua\/","name":"Fibrosis qu\u00edstica - la lluita continua - Institute for Bioengineering of Catalonia","isPartOf":{"@id":"https:\/\/ibecbarcelona.eu\/#website"},"primaryImageOfPage":{"@id":"https:\/\/ibecbarcelona.eu\/ca\/fibrosis-quistica-la-lluita-continua\/#primaryimage"},"image":{"@id":"https:\/\/ibecbarcelona.eu\/ca\/fibrosis-quistica-la-lluita-continua\/#primaryimage"},"thumbnailUrl":"https:\/\/ibecbarcelona.eu\/wp-content\/uploads\/2016\/04\/fq-visit.jpg","datePublished":"2016-04-08T08:58:40+00:00","dateModified":"2016-04-15T11:34:42+00:00","breadcrumb":{"@id":"https:\/\/ibecbarcelona.eu\/ca\/fibrosis-quistica-la-lluita-continua\/#breadcrumb"},"inLanguage":"ca","potentialAction":[{"@type":"ReadAction","target":["https:\/\/ibecbarcelona.eu\/ca\/fibrosis-quistica-la-lluita-continua\/"]}]},{"@type":"ImageObject","inLanguage":"ca","@id":"https:\/\/ibecbarcelona.eu\/ca\/fibrosis-quistica-la-lluita-continua\/#primaryimage","url":"https:\/\/ibecbarcelona.eu\/wp-content\/uploads\/2016\/04\/fq-visit.jpg","contentUrl":"https:\/\/ibecbarcelona.eu\/wp-content\/uploads\/2016\/04\/fq-visit.jpg","width":400,"height":202},{"@type":"BreadcrumbList","@id":"https:\/\/ibecbarcelona.eu\/ca\/fibrosis-quistica-la-lluita-continua\/#breadcrumb","itemListElement":[{"@type":"ListItem","position":1,"name":"Home","item":"https:\/\/ibecbarcelona.eu\/ca\/"},{"@type":"ListItem","position":2,"name":"Fibrosis qu\u00edstica &#8211; la lluita continua"}]},{"@type":"WebSite","@id":"https:\/\/ibecbarcelona.eu\/#website","url":"https:\/\/ibecbarcelona.eu\/","name":"Institute for Bioengineering of Catalonia","description":"Bioengineering Solutions for Health","publisher":{"@id":"https:\/\/ibecbarcelona.eu\/#organization"},"potentialAction":[{"@type":"SearchAction","target":{"@type":"EntryPoint","urlTemplate":"https:\/\/ibecbarcelona.eu\/?s={search_term_string}"},"query-input":{"@type":"PropertyValueSpecification","valueRequired":true,"valueName":"search_term_string"}}],"inLanguage":"ca"},{"@type":"Organization","@id":"https:\/\/ibecbarcelona.eu\/#organization","name":"Institute for Bioengineering of Catalonia","url":"https:\/\/ibecbarcelona.eu\/","logo":{"@type":"ImageObject","inLanguage":"ca","@id":"https:\/\/ibecbarcelona.eu\/#\/schema\/logo\/image\/","url":"https:\/\/ibecbarcelona.eu\/wp-content\/uploads\/2026\/01\/cropped-IBEC_20ANYS_GRIS.png","contentUrl":"https:\/\/ibecbarcelona.eu\/wp-content\/uploads\/2026\/01\/cropped-IBEC_20ANYS_GRIS.png","width":696,"height":257,"caption":"Institute for Bioengineering of Catalonia"},"image":{"@id":"https:\/\/ibecbarcelona.eu\/#\/schema\/logo\/image\/"}},{"@type":"Person","@id":"https:\/\/ibecbarcelona.eu\/#\/schema\/person\/c212c6b589546130be67986b9290e2b8","name":"\u00c0ngels L\u00f3pez","image":{"@type":"ImageObject","inLanguage":"ca","@id":"https:\/\/secure.gravatar.com\/avatar\/09ad6ba116bea0b15c5511860f83b302579fd7404c1180e9dae55c3f11d988c6?s=96&d=mm&r=g","url":"https:\/\/secure.gravatar.com\/avatar\/09ad6ba116bea0b15c5511860f83b302579fd7404c1180e9dae55c3f11d988c6?s=96&d=mm&r=g","contentUrl":"https:\/\/secure.gravatar.com\/avatar\/09ad6ba116bea0b15c5511860f83b302579fd7404c1180e9dae55c3f11d988c6?s=96&d=mm&r=g","caption":"\u00c0ngels L\u00f3pez"},"url":"https:\/\/ibecbarcelona.eu\/ca\/author\/alopez\/"}]}},"AFP_featured_media_urls":{"full":["https:\/\/ibecbarcelona.eu\/wp-content\/uploads\/2016\/04\/fq-visit.jpg",400,202,false],"thumbnail":["https:\/\/ibecbarcelona.eu\/wp-content\/uploads\/2016\/04\/fq-visit-150x150.jpg",150,150,true],"medium":["https:\/\/ibecbarcelona.eu\/wp-content\/uploads\/2016\/04\/fq-visit-300x152.jpg",300,152,true],"medium_large":["https:\/\/ibecbarcelona.eu\/wp-content\/uploads\/2016\/04\/fq-visit.jpg",400,202,false],"large":["https:\/\/ibecbarcelona.eu\/wp-content\/uploads\/2016\/04\/fq-visit.jpg",400,202,false]},"AFP_attachments":{"full":["https:\/\/ibecbarcelona.eu\/wp-content\/uploads\/2016\/04\/fq-visit.jpg",400,202,false],"thumbnail":["https:\/\/ibecbarcelona.eu\/wp-content\/uploads\/2016\/04\/fq-visit-150x150.jpg",150,150,true],"medium":["https:\/\/ibecbarcelona.eu\/wp-content\/uploads\/2016\/04\/fq-visit-300x152.jpg",300,152,true],"medium_large":["https:\/\/ibecbarcelona.eu\/wp-content\/uploads\/2016\/04\/fq-visit.jpg",400,202,false],"large":["https:\/\/ibecbarcelona.eu\/wp-content\/uploads\/2016\/04\/fq-visit.jpg",400,202,false]},"AFP_videos":[],"AFP_video_blocks":"","AFP_category_names":["Not\u00edcies institucionals"],"_links":{"self":[{"href":"https:\/\/ibecbarcelona.eu\/ca\/wp-json\/wp\/v2\/posts\/22435","targetHints":{"allow":["GET"]}}],"collection":[{"href":"https:\/\/ibecbarcelona.eu\/ca\/wp-json\/wp\/v2\/posts"}],"about":[{"href":"https:\/\/ibecbarcelona.eu\/ca\/wp-json\/wp\/v2\/types\/post"}],"author":[{"embeddable":true,"href":"https:\/\/ibecbarcelona.eu\/ca\/wp-json\/wp\/v2\/users\/4"}],"replies":[{"embeddable":true,"href":"https:\/\/ibecbarcelona.eu\/ca\/wp-json\/wp\/v2\/comments?post=22435"}],"version-history":[{"count":0,"href":"https:\/\/ibecbarcelona.eu\/ca\/wp-json\/wp\/v2\/posts\/22435\/revisions"}],"wp:featuredmedia":[{"embeddable":true,"href":"https:\/\/ibecbarcelona.eu\/ca\/wp-json\/wp\/v2\/media\/22311"}],"wp:attachment":[{"href":"https:\/\/ibecbarcelona.eu\/ca\/wp-json\/wp\/v2\/media?parent=22435"}],"wp:term":[{"taxonomy":"category","embeddable":true,"href":"https:\/\/ibecbarcelona.eu\/ca\/wp-json\/wp\/v2\/categories?post=22435"},{"taxonomy":"post_tag","embeddable":true,"href":"https:\/\/ibecbarcelona.eu\/ca\/wp-json\/wp\/v2\/tags?post=22435"},{"taxonomy":"post_format","embeddable":true,"href":"https:\/\/ibecbarcelona.eu\/ca\/wp-json\/wp\/v2\/post_formats?post=22435"}],"curies":[{"name":"wp","href":"https:\/\/api.w.org\/{rel}","templated":true}]}}