
{"id":26663,"date":"2016-11-07T18:26:18","date_gmt":"2016-11-07T17:26:18","guid":{"rendered":"http:\/\/ibecbarcelona.eu\/?p=26663"},"modified":"2016-12-15T09:38:57","modified_gmt":"2016-12-15T08:38:57","slug":"sobre-la-convocatoria-per-al-programa-inphinit","status":"publish","type":"post","link":"https:\/\/ibecbarcelona.eu\/ca\/sobre-la-convocatoria-per-al-programa-inphinit\/","title":{"rendered":"S&#8217;obre la convocat\u00f2ria per al programa INPhINIT"},"content":{"rendered":"<p>A l&#8217;IBEC, 15 projectes de recerca busquen investigadors predoctorals per mitj\u00e0 d&#8217;aquest programa. Els candidats han d&#8217;estar en els primers quatre anys de la seva carrera investigadora, no disposar del t\u00edtol de doctor i no haver viscut o desenvolupat la seva activitat principal a Espanya durant m\u00e9s de 12 mesos en els tres anys anteriors a la concessi\u00f3 de la beca. La relaci\u00f3 dels centres de recerca amb els beneficiaris de les beques INPhINIT tindr\u00e0 lloc del 30 de maig al 23 de juny de 2017.<\/p>\n<p>A m\u00e9s de poder desenvolupar el seu projecte de recerca, els beneficiaris de les beques INPhINIT rebran un pla personalitzat de desenvolupament professional que inclogui possibilitats de mobilitat internacional, intersectoral i interdisciplin\u00e0ria, a m\u00e9s de l&#8217;acc\u00e9s a una \u00e0mplia varietat de tallers i cursos de formaci\u00f3. <\/p>\n<p>Per a m\u00e9s informaci\u00f3 o per presentar una candidatura, visita la p\u00e0gina INPhINIT al web de l&#8217;IBEC.<\/p>\n","protected":false},"excerpt":{"rendered":"<h3><img decoding=\"async\" data-src=\"https:\/\/ibecbarcelona.eu\/wp-content\/uploads\/2016\/11\/inphinit_newspic.jpg\" alt=\"inphinit_newspic\" width=\"350\" height=\"213\" class=\"left size-full wp-image-25751 lazyload\" data-srcset=\"https:\/\/ibecbarcelona.eu\/wp-content\/uploads\/2016\/11\/inphinit_newspic.jpg 350w, https:\/\/ibecbarcelona.eu\/wp-content\/uploads\/2016\/11\/inphinit_newspic-300x183.jpg 300w, https:\/\/ibecbarcelona.eu\/wp-content\/uploads\/2016\/11\/inphinit_newspic-214x130.jpg 214w, https:\/\/ibecbarcelona.eu\/wp-content\/uploads\/2016\/11\/inphinit_newspic-150x91.jpg 150w\" data-sizes=\"(max-width: 350px) 100vw, 350px\" src=\"data:image\/svg+xml;base64,PHN2ZyB3aWR0aD0iMSIgaGVpZ2h0PSIxIiB4bWxucz0iaHR0cDovL3d3dy53My5vcmcvMjAwMC9zdmciPjwvc3ZnPg==\" style=\"--smush-placeholder-width: 350px; --smush-placeholder-aspect-ratio: 350\/213;\" \/><\/a>Aquesta setmana s&#8217;obre la convocat\u00f2ria per al nou programa de doctorat INPhINIT a l&#8217;IBEC, finan\u00e7at per l&#8217;Obra Social &#8216;La Caixa&#8217;.<\/h3>\n<p>INPhINIT persegueix atreure a joves investigadors internacionals als principals centres espanyols de recerca en ci\u00e8ncies de la vida i de la salut, f\u00edsica, tecnologia, enginyeria i matem\u00e0tiques. <\/p>\n<p>En cada convocat\u00f2ria, INPhINIT contracta a 57 candidats de qualsevol nacionalitat, que gaudeixen d&#8217;un contracte de tres anys al centre de recerca participant que hagin escollit, els quals han estat designats pel Ministeri d&#8217;Economia i Competitivitat amb la distinci\u00f3 d&#8217;excel\u00b7l\u00e8ncia Severo Ochoa, Maria de Maeztu o Carlos III respectivament.<\/p>\n","protected":false},"author":4,"featured_media":25753,"comment_status":"closed","ping_status":"closed","sticky":false,"template":"","format":"standard","meta":{"footnotes":""},"categories":[98],"tags":[],"post_formats":[],"class_list":["post-26663","post","type-post","status-publish","format-standard","has-post-thumbnail","hentry","category-noticies-institucionals"],"yoast_head":"<!-- This site is optimized with the Yoast SEO plugin v27.5 - https:\/\/yoast.com\/product\/yoast-seo-wordpress\/ -->\n<title>S&#039;obre la convocat\u00f2ria per al programa INPhINIT - Institute for Bioengineering of Catalonia<\/title>\n<meta name=\"robots\" content=\"index, follow, max-snippet:-1, max-image-preview:large, max-video-preview:-1\" \/>\n<link rel=\"canonical\" href=\"https:\/\/ibecbarcelona.eu\/ca\/sobre-la-convocatoria-per-al-programa-inphinit\/\" \/>\n<meta property=\"og:locale\" content=\"ca_ES\" \/>\n<meta property=\"og:type\" content=\"article\" \/>\n<meta property=\"og:title\" content=\"S&#039;obre la convocat\u00f2ria per al programa INPhINIT - Institute for Bioengineering of Catalonia\" \/>\n<meta property=\"og:description\" content=\"Aquesta setmana s&#039;obre la convocat\u00f2ria per al nou programa de doctorat INPhINIT a l&#039;IBEC, finan\u00e7at per l&#039;Obra Social &#039;La Caixa&#039;.  INPhINIT persegueix atreure a joves investigadors internacionals als principals centres espanyols de recerca en ci\u00e8ncies de la vida i de la salut, f\u00edsica, tecnologia, enginyeria i matem\u00e0tiques.   En cada convocat\u00f2ria, INPhINIT contracta a 57 candidats de qualsevol nacionalitat, que gaudeixen d&#039;un contracte de tres anys al centre de recerca participant que hagin escollit, els quals han estat designats pel Ministeri d&#039;Economia i Competitivitat amb la distinci\u00f3 d&#039;excel\u00b7l\u00e8ncia Severo Ochoa, Maria de Maeztu o Carlos III respectivament.\" \/>\n<meta property=\"og:url\" content=\"https:\/\/ibecbarcelona.eu\/ca\/sobre-la-convocatoria-per-al-programa-inphinit\/\" \/>\n<meta property=\"og:site_name\" content=\"Institute for Bioengineering of Catalonia\" \/>\n<meta property=\"article:published_time\" content=\"2016-11-07T17:26:18+00:00\" \/>\n<meta property=\"article:modified_time\" content=\"2016-12-15T08:38:57+00:00\" \/>\n<meta property=\"og:image\" content=\"https:\/\/ibecbarcelona.eu\/wp-content\/uploads\/2016\/11\/inphinit_newspic.jpg\" \/>\n\t<meta property=\"og:image:width\" content=\"350\" \/>\n\t<meta property=\"og:image:height\" content=\"213\" \/>\n\t<meta property=\"og:image:type\" content=\"image\/jpeg\" \/>\n<meta name=\"author\" content=\"\u00c0ngels L\u00f3pez\" \/>\n<meta name=\"twitter:card\" content=\"summary_large_image\" \/>\n<meta name=\"twitter:label1\" content=\"Escrit per\" \/>\n\t<meta name=\"twitter:data1\" content=\"\u00c0ngels L\u00f3pez\" \/>\n\t<meta name=\"twitter:label2\" content=\"Temps estimat de lectura\" \/>\n\t<meta name=\"twitter:data2\" content=\"1 minut\" \/>\n<script type=\"application\/ld+json\" class=\"yoast-schema-graph\">{\"@context\":\"https:\\\/\\\/schema.org\",\"@graph\":[{\"@type\":\"Article\",\"@id\":\"https:\\\/\\\/ibecbarcelona.eu\\\/ca\\\/sobre-la-convocatoria-per-al-programa-inphinit\\\/#article\",\"isPartOf\":{\"@id\":\"https:\\\/\\\/ibecbarcelona.eu\\\/ca\\\/sobre-la-convocatoria-per-al-programa-inphinit\\\/\"},\"author\":{\"name\":\"\u00c0ngels L\u00f3pez\",\"@id\":\"https:\\\/\\\/ibecbarcelona.eu\\\/#\\\/schema\\\/person\\\/c212c6b589546130be67986b9290e2b8\"},\"headline\":\"S&#8217;obre la convocat\u00f2ria per al programa INPhINIT\",\"datePublished\":\"2016-11-07T17:26:18+00:00\",\"dateModified\":\"2016-12-15T08:38:57+00:00\",\"mainEntityOfPage\":{\"@id\":\"https:\\\/\\\/ibecbarcelona.eu\\\/ca\\\/sobre-la-convocatoria-per-al-programa-inphinit\\\/\"},\"wordCount\":160,\"publisher\":{\"@id\":\"https:\\\/\\\/ibecbarcelona.eu\\\/#organization\"},\"image\":{\"@id\":\"https:\\\/\\\/ibecbarcelona.eu\\\/ca\\\/sobre-la-convocatoria-per-al-programa-inphinit\\\/#primaryimage\"},\"thumbnailUrl\":\"https:\\\/\\\/ibecbarcelona.eu\\\/wp-content\\\/uploads\\\/2016\\\/11\\\/inphinit_newspic.jpg\",\"articleSection\":[\"Not\u00edcies institucionals\"],\"inLanguage\":\"ca\"},{\"@type\":\"WebPage\",\"@id\":\"https:\\\/\\\/ibecbarcelona.eu\\\/ca\\\/sobre-la-convocatoria-per-al-programa-inphinit\\\/\",\"url\":\"https:\\\/\\\/ibecbarcelona.eu\\\/ca\\\/sobre-la-convocatoria-per-al-programa-inphinit\\\/\",\"name\":\"S'obre la convocat\u00f2ria per al programa INPhINIT - Institute for Bioengineering of Catalonia\",\"isPartOf\":{\"@id\":\"https:\\\/\\\/ibecbarcelona.eu\\\/#website\"},\"primaryImageOfPage\":{\"@id\":\"https:\\\/\\\/ibecbarcelona.eu\\\/ca\\\/sobre-la-convocatoria-per-al-programa-inphinit\\\/#primaryimage\"},\"image\":{\"@id\":\"https:\\\/\\\/ibecbarcelona.eu\\\/ca\\\/sobre-la-convocatoria-per-al-programa-inphinit\\\/#primaryimage\"},\"thumbnailUrl\":\"https:\\\/\\\/ibecbarcelona.eu\\\/wp-content\\\/uploads\\\/2016\\\/11\\\/inphinit_newspic.jpg\",\"datePublished\":\"2016-11-07T17:26:18+00:00\",\"dateModified\":\"2016-12-15T08:38:57+00:00\",\"breadcrumb\":{\"@id\":\"https:\\\/\\\/ibecbarcelona.eu\\\/ca\\\/sobre-la-convocatoria-per-al-programa-inphinit\\\/#breadcrumb\"},\"inLanguage\":\"ca\",\"potentialAction\":[{\"@type\":\"ReadAction\",\"target\":[\"https:\\\/\\\/ibecbarcelona.eu\\\/ca\\\/sobre-la-convocatoria-per-al-programa-inphinit\\\/\"]}]},{\"@type\":\"ImageObject\",\"inLanguage\":\"ca\",\"@id\":\"https:\\\/\\\/ibecbarcelona.eu\\\/ca\\\/sobre-la-convocatoria-per-al-programa-inphinit\\\/#primaryimage\",\"url\":\"https:\\\/\\\/ibecbarcelona.eu\\\/wp-content\\\/uploads\\\/2016\\\/11\\\/inphinit_newspic.jpg\",\"contentUrl\":\"https:\\\/\\\/ibecbarcelona.eu\\\/wp-content\\\/uploads\\\/2016\\\/11\\\/inphinit_newspic.jpg\",\"width\":350,\"height\":213,\"caption\":\"Chalk rubbed out on blackboard; Shutterstock ID 333818237\"},{\"@type\":\"BreadcrumbList\",\"@id\":\"https:\\\/\\\/ibecbarcelona.eu\\\/ca\\\/sobre-la-convocatoria-per-al-programa-inphinit\\\/#breadcrumb\",\"itemListElement\":[{\"@type\":\"ListItem\",\"position\":1,\"name\":\"Home\",\"item\":\"https:\\\/\\\/ibecbarcelona.eu\\\/ca\\\/\"},{\"@type\":\"ListItem\",\"position\":2,\"name\":\"S&#8217;obre la convocat\u00f2ria per al programa INPhINIT\"}]},{\"@type\":\"WebSite\",\"@id\":\"https:\\\/\\\/ibecbarcelona.eu\\\/#website\",\"url\":\"https:\\\/\\\/ibecbarcelona.eu\\\/\",\"name\":\"Institute for Bioengineering of Catalonia\",\"description\":\"Bioengineering Solutions for Health\",\"publisher\":{\"@id\":\"https:\\\/\\\/ibecbarcelona.eu\\\/#organization\"},\"potentialAction\":[{\"@type\":\"SearchAction\",\"target\":{\"@type\":\"EntryPoint\",\"urlTemplate\":\"https:\\\/\\\/ibecbarcelona.eu\\\/?s={search_term_string}\"},\"query-input\":{\"@type\":\"PropertyValueSpecification\",\"valueRequired\":true,\"valueName\":\"search_term_string\"}}],\"inLanguage\":\"ca\"},{\"@type\":\"Organization\",\"@id\":\"https:\\\/\\\/ibecbarcelona.eu\\\/#organization\",\"name\":\"Institute for Bioengineering of Catalonia\",\"url\":\"https:\\\/\\\/ibecbarcelona.eu\\\/\",\"logo\":{\"@type\":\"ImageObject\",\"inLanguage\":\"ca\",\"@id\":\"https:\\\/\\\/ibecbarcelona.eu\\\/#\\\/schema\\\/logo\\\/image\\\/\",\"url\":\"https:\\\/\\\/ibecbarcelona.eu\\\/wp-content\\\/uploads\\\/2026\\\/01\\\/cropped-IBEC_20ANYS_GRIS.png\",\"contentUrl\":\"https:\\\/\\\/ibecbarcelona.eu\\\/wp-content\\\/uploads\\\/2026\\\/01\\\/cropped-IBEC_20ANYS_GRIS.png\",\"width\":696,\"height\":257,\"caption\":\"Institute for Bioengineering of Catalonia\"},\"image\":{\"@id\":\"https:\\\/\\\/ibecbarcelona.eu\\\/#\\\/schema\\\/logo\\\/image\\\/\"}},{\"@type\":\"Person\",\"@id\":\"https:\\\/\\\/ibecbarcelona.eu\\\/#\\\/schema\\\/person\\\/c212c6b589546130be67986b9290e2b8\",\"name\":\"\u00c0ngels L\u00f3pez\",\"image\":{\"@type\":\"ImageObject\",\"inLanguage\":\"ca\",\"@id\":\"https:\\\/\\\/secure.gravatar.com\\\/avatar\\\/09ad6ba116bea0b15c5511860f83b302579fd7404c1180e9dae55c3f11d988c6?s=96&d=mm&r=g\",\"url\":\"https:\\\/\\\/secure.gravatar.com\\\/avatar\\\/09ad6ba116bea0b15c5511860f83b302579fd7404c1180e9dae55c3f11d988c6?s=96&d=mm&r=g\",\"contentUrl\":\"https:\\\/\\\/secure.gravatar.com\\\/avatar\\\/09ad6ba116bea0b15c5511860f83b302579fd7404c1180e9dae55c3f11d988c6?s=96&d=mm&r=g\",\"caption\":\"\u00c0ngels L\u00f3pez\"},\"url\":\"https:\\\/\\\/ibecbarcelona.eu\\\/ca\\\/author\\\/alopez\\\/\"}]}<\/script>\n<!-- \/ Yoast SEO plugin. -->","yoast_head_json":{"title":"S'obre la convocat\u00f2ria per al programa INPhINIT - Institute for Bioengineering of Catalonia","robots":{"index":"index","follow":"follow","max-snippet":"max-snippet:-1","max-image-preview":"max-image-preview:large","max-video-preview":"max-video-preview:-1"},"canonical":"https:\/\/ibecbarcelona.eu\/ca\/sobre-la-convocatoria-per-al-programa-inphinit\/","og_locale":"ca_ES","og_type":"article","og_title":"S'obre la convocat\u00f2ria per al programa INPhINIT - Institute for Bioengineering of Catalonia","og_description":"Aquesta setmana s'obre la convocat\u00f2ria per al nou programa de doctorat INPhINIT a l'IBEC, finan\u00e7at per l'Obra Social 'La Caixa'.  INPhINIT persegueix atreure a joves investigadors internacionals als principals centres espanyols de recerca en ci\u00e8ncies de la vida i de la salut, f\u00edsica, tecnologia, enginyeria i matem\u00e0tiques.   En cada convocat\u00f2ria, INPhINIT contracta a 57 candidats de qualsevol nacionalitat, que gaudeixen d'un contracte de tres anys al centre de recerca participant que hagin escollit, els quals han estat designats pel Ministeri d'Economia i Competitivitat amb la distinci\u00f3 d'excel\u00b7l\u00e8ncia Severo Ochoa, Maria de Maeztu o Carlos III respectivament.","og_url":"https:\/\/ibecbarcelona.eu\/ca\/sobre-la-convocatoria-per-al-programa-inphinit\/","og_site_name":"Institute for Bioengineering of Catalonia","article_published_time":"2016-11-07T17:26:18+00:00","article_modified_time":"2016-12-15T08:38:57+00:00","og_image":[{"width":350,"height":213,"url":"https:\/\/ibecbarcelona.eu\/wp-content\/uploads\/2016\/11\/inphinit_newspic.jpg","type":"image\/jpeg"}],"author":"\u00c0ngels L\u00f3pez","twitter_card":"summary_large_image","twitter_misc":{"Escrit per":"\u00c0ngels L\u00f3pez","Temps estimat de lectura":"1 minut"},"schema":{"@context":"https:\/\/schema.org","@graph":[{"@type":"Article","@id":"https:\/\/ibecbarcelona.eu\/ca\/sobre-la-convocatoria-per-al-programa-inphinit\/#article","isPartOf":{"@id":"https:\/\/ibecbarcelona.eu\/ca\/sobre-la-convocatoria-per-al-programa-inphinit\/"},"author":{"name":"\u00c0ngels L\u00f3pez","@id":"https:\/\/ibecbarcelona.eu\/#\/schema\/person\/c212c6b589546130be67986b9290e2b8"},"headline":"S&#8217;obre la convocat\u00f2ria per al programa INPhINIT","datePublished":"2016-11-07T17:26:18+00:00","dateModified":"2016-12-15T08:38:57+00:00","mainEntityOfPage":{"@id":"https:\/\/ibecbarcelona.eu\/ca\/sobre-la-convocatoria-per-al-programa-inphinit\/"},"wordCount":160,"publisher":{"@id":"https:\/\/ibecbarcelona.eu\/#organization"},"image":{"@id":"https:\/\/ibecbarcelona.eu\/ca\/sobre-la-convocatoria-per-al-programa-inphinit\/#primaryimage"},"thumbnailUrl":"https:\/\/ibecbarcelona.eu\/wp-content\/uploads\/2016\/11\/inphinit_newspic.jpg","articleSection":["Not\u00edcies institucionals"],"inLanguage":"ca"},{"@type":"WebPage","@id":"https:\/\/ibecbarcelona.eu\/ca\/sobre-la-convocatoria-per-al-programa-inphinit\/","url":"https:\/\/ibecbarcelona.eu\/ca\/sobre-la-convocatoria-per-al-programa-inphinit\/","name":"S'obre la convocat\u00f2ria per al programa INPhINIT - Institute for Bioengineering of Catalonia","isPartOf":{"@id":"https:\/\/ibecbarcelona.eu\/#website"},"primaryImageOfPage":{"@id":"https:\/\/ibecbarcelona.eu\/ca\/sobre-la-convocatoria-per-al-programa-inphinit\/#primaryimage"},"image":{"@id":"https:\/\/ibecbarcelona.eu\/ca\/sobre-la-convocatoria-per-al-programa-inphinit\/#primaryimage"},"thumbnailUrl":"https:\/\/ibecbarcelona.eu\/wp-content\/uploads\/2016\/11\/inphinit_newspic.jpg","datePublished":"2016-11-07T17:26:18+00:00","dateModified":"2016-12-15T08:38:57+00:00","breadcrumb":{"@id":"https:\/\/ibecbarcelona.eu\/ca\/sobre-la-convocatoria-per-al-programa-inphinit\/#breadcrumb"},"inLanguage":"ca","potentialAction":[{"@type":"ReadAction","target":["https:\/\/ibecbarcelona.eu\/ca\/sobre-la-convocatoria-per-al-programa-inphinit\/"]}]},{"@type":"ImageObject","inLanguage":"ca","@id":"https:\/\/ibecbarcelona.eu\/ca\/sobre-la-convocatoria-per-al-programa-inphinit\/#primaryimage","url":"https:\/\/ibecbarcelona.eu\/wp-content\/uploads\/2016\/11\/inphinit_newspic.jpg","contentUrl":"https:\/\/ibecbarcelona.eu\/wp-content\/uploads\/2016\/11\/inphinit_newspic.jpg","width":350,"height":213,"caption":"Chalk rubbed out on blackboard; Shutterstock ID 333818237"},{"@type":"BreadcrumbList","@id":"https:\/\/ibecbarcelona.eu\/ca\/sobre-la-convocatoria-per-al-programa-inphinit\/#breadcrumb","itemListElement":[{"@type":"ListItem","position":1,"name":"Home","item":"https:\/\/ibecbarcelona.eu\/ca\/"},{"@type":"ListItem","position":2,"name":"S&#8217;obre la convocat\u00f2ria per al programa INPhINIT"}]},{"@type":"WebSite","@id":"https:\/\/ibecbarcelona.eu\/#website","url":"https:\/\/ibecbarcelona.eu\/","name":"Institute for Bioengineering of Catalonia","description":"Bioengineering Solutions for Health","publisher":{"@id":"https:\/\/ibecbarcelona.eu\/#organization"},"potentialAction":[{"@type":"SearchAction","target":{"@type":"EntryPoint","urlTemplate":"https:\/\/ibecbarcelona.eu\/?s={search_term_string}"},"query-input":{"@type":"PropertyValueSpecification","valueRequired":true,"valueName":"search_term_string"}}],"inLanguage":"ca"},{"@type":"Organization","@id":"https:\/\/ibecbarcelona.eu\/#organization","name":"Institute for Bioengineering of Catalonia","url":"https:\/\/ibecbarcelona.eu\/","logo":{"@type":"ImageObject","inLanguage":"ca","@id":"https:\/\/ibecbarcelona.eu\/#\/schema\/logo\/image\/","url":"https:\/\/ibecbarcelona.eu\/wp-content\/uploads\/2026\/01\/cropped-IBEC_20ANYS_GRIS.png","contentUrl":"https:\/\/ibecbarcelona.eu\/wp-content\/uploads\/2026\/01\/cropped-IBEC_20ANYS_GRIS.png","width":696,"height":257,"caption":"Institute for Bioengineering of Catalonia"},"image":{"@id":"https:\/\/ibecbarcelona.eu\/#\/schema\/logo\/image\/"}},{"@type":"Person","@id":"https:\/\/ibecbarcelona.eu\/#\/schema\/person\/c212c6b589546130be67986b9290e2b8","name":"\u00c0ngels L\u00f3pez","image":{"@type":"ImageObject","inLanguage":"ca","@id":"https:\/\/secure.gravatar.com\/avatar\/09ad6ba116bea0b15c5511860f83b302579fd7404c1180e9dae55c3f11d988c6?s=96&d=mm&r=g","url":"https:\/\/secure.gravatar.com\/avatar\/09ad6ba116bea0b15c5511860f83b302579fd7404c1180e9dae55c3f11d988c6?s=96&d=mm&r=g","contentUrl":"https:\/\/secure.gravatar.com\/avatar\/09ad6ba116bea0b15c5511860f83b302579fd7404c1180e9dae55c3f11d988c6?s=96&d=mm&r=g","caption":"\u00c0ngels L\u00f3pez"},"url":"https:\/\/ibecbarcelona.eu\/ca\/author\/alopez\/"}]}},"AFP_featured_media_urls":{"full":["https:\/\/ibecbarcelona.eu\/wp-content\/uploads\/2016\/11\/inphinit_newspic.jpg",350,213,false],"thumbnail":["https:\/\/ibecbarcelona.eu\/wp-content\/uploads\/2016\/11\/inphinit_newspic-150x150.jpg",150,150,true],"medium":["https:\/\/ibecbarcelona.eu\/wp-content\/uploads\/2016\/11\/inphinit_newspic-300x183.jpg",300,183,true],"medium_large":["https:\/\/ibecbarcelona.eu\/wp-content\/uploads\/2016\/11\/inphinit_newspic.jpg",350,213,false],"large":["https:\/\/ibecbarcelona.eu\/wp-content\/uploads\/2016\/11\/inphinit_newspic.jpg",350,213,false]},"AFP_attachments":{"full":["https:\/\/ibecbarcelona.eu\/wp-content\/uploads\/2016\/11\/inphinit_newspic.jpg",350,213,false],"thumbnail":["https:\/\/ibecbarcelona.eu\/wp-content\/uploads\/2016\/11\/inphinit_newspic-150x150.jpg",150,150,true],"medium":["https:\/\/ibecbarcelona.eu\/wp-content\/uploads\/2016\/11\/inphinit_newspic-300x183.jpg",300,183,true],"medium_large":["https:\/\/ibecbarcelona.eu\/wp-content\/uploads\/2016\/11\/inphinit_newspic.jpg",350,213,false],"large":["https:\/\/ibecbarcelona.eu\/wp-content\/uploads\/2016\/11\/inphinit_newspic.jpg",350,213,false]},"AFP_videos":[],"AFP_video_blocks":"","AFP_category_names":["Not\u00edcies institucionals"],"_links":{"self":[{"href":"https:\/\/ibecbarcelona.eu\/ca\/wp-json\/wp\/v2\/posts\/26663","targetHints":{"allow":["GET"]}}],"collection":[{"href":"https:\/\/ibecbarcelona.eu\/ca\/wp-json\/wp\/v2\/posts"}],"about":[{"href":"https:\/\/ibecbarcelona.eu\/ca\/wp-json\/wp\/v2\/types\/post"}],"author":[{"embeddable":true,"href":"https:\/\/ibecbarcelona.eu\/ca\/wp-json\/wp\/v2\/users\/4"}],"replies":[{"embeddable":true,"href":"https:\/\/ibecbarcelona.eu\/ca\/wp-json\/wp\/v2\/comments?post=26663"}],"version-history":[{"count":0,"href":"https:\/\/ibecbarcelona.eu\/ca\/wp-json\/wp\/v2\/posts\/26663\/revisions"}],"wp:featuredmedia":[{"embeddable":true,"href":"https:\/\/ibecbarcelona.eu\/ca\/wp-json\/wp\/v2\/media\/25753"}],"wp:attachment":[{"href":"https:\/\/ibecbarcelona.eu\/ca\/wp-json\/wp\/v2\/media?parent=26663"}],"wp:term":[{"taxonomy":"category","embeddable":true,"href":"https:\/\/ibecbarcelona.eu\/ca\/wp-json\/wp\/v2\/categories?post=26663"},{"taxonomy":"post_tag","embeddable":true,"href":"https:\/\/ibecbarcelona.eu\/ca\/wp-json\/wp\/v2\/tags?post=26663"},{"taxonomy":"post_format","embeddable":true,"href":"https:\/\/ibecbarcelona.eu\/ca\/wp-json\/wp\/v2\/post_formats?post=26663"}],"curies":[{"name":"wp","href":"https:\/\/api.w.org\/{rel}","templated":true}]}}