
{"id":26714,"date":"2016-11-23T12:51:53","date_gmt":"2016-11-23T11:51:53","guid":{"rendered":"http:\/\/ibecbarcelona.eu\/?p=26714"},"modified":"2016-12-16T13:23:14","modified_gmt":"2016-12-16T12:23:14","slug":"es-celebra-a-barcelona-la-primera-cimera-de-leit-health","status":"publish","type":"post","link":"https:\/\/ibecbarcelona.eu\/ca\/es-celebra-a-barcelona-la-primera-cimera-de-leit-health\/","title":{"rendered":"Es celebra a Barcelona la primera cimera de l&#8217;EIT Health"},"content":{"rendered":"<p>L&#8217;esdeveniment suposa una oportunitat \u00fanica de donar a con\u00e8ixer les activitats desenvolupades per l&#8217;EIT Health fins ara, aix\u00ed com els seus objectius i ambicions de futur.<\/p>\n<p>El programa de la cimera inclour\u00e0 la presentaci\u00f3 dels projectes que han rebut finan\u00e7ament per part de l&#8217;EIT Health i el llan\u00e7ament de l&#8217;estrat\u00e8gia per a 2017 i del seu portfolio, aix\u00ed com taules rodones, exposicions, la sessi\u00f3 kick-off de CityNet i el programa d&#8217;activitats de ci\u00e8ncia ciutadana de l&#8217;EIT Health.<\/p>\n<p>Visita el web <a href=\"https:\/\/eithealth.eu\/eit-health-summit-day-come\/\" target=\"_blank\">EIT health website<\/a> per a m\u00e9s informaci\u00f3.<\/p>\n","protected":false},"excerpt":{"rendered":"<h3><img decoding=\"async\" class=\"size-full wp-image-25992 left lazyload\" data-src=\"https:\/\/ibecbarcelona.eu\/wp-content\/uploads\/2016\/11\/EITsummit.jpg\" alt=\"eitsummit\" width=\"414\" height=\"491\" data-srcset=\"https:\/\/ibecbarcelona.eu\/wp-content\/uploads\/2016\/11\/EITsummit.jpg 414w, https:\/\/ibecbarcelona.eu\/wp-content\/uploads\/2016\/11\/EITsummit-253x300.jpg 253w, https:\/\/ibecbarcelona.eu\/wp-content\/uploads\/2016\/11\/EITsummit-110x130.jpg 110w, https:\/\/ibecbarcelona.eu\/wp-content\/uploads\/2016\/11\/EITsummit-126x150.jpg 126w\" data-sizes=\"(max-width: 414px) 100vw, 414px\" src=\"data:image\/svg+xml;base64,PHN2ZyB3aWR0aD0iMSIgaGVpZ2h0PSIxIiB4bWxucz0iaHR0cDovL3d3dy53My5vcmcvMjAwMC9zdmciPjwvc3ZnPg==\" style=\"--smush-placeholder-width: 414px; --smush-placeholder-aspect-ratio: 414\/491;\" \/><\/a> Barcelona acull la primera cimera del consorci EIT Health aquesta setmana, recollint el m\u00e9s destacat d&#8217;aquest primer any d&#8217;activitats.<\/h3>\n<p>IBEC \u00e9s un soci principal dels 2.1 milions d&#8217;euros que financen el consorci Knowledge and Innovation Community (KIC), una de les majors iniciatives finan\u00e7ades pel sector p\u00fablic en l&#8217;\u00e0mbit de la salut mundial, amb el director de l&#8217;IBEC Josep Samitier com a membre de la junta directiva. Barcelona \u00e9s una de les localitzacions de l&#8217;EIT Health, essent el PCB seu dels col\u00b7laboradors espanyols de la iniciativa.<\/p>\n<p>La cimera de l&#8217;EIT Health, que es celebra del 23 al 24 de novembre al Cosmocaixa, reunir\u00e0 fins a 350 participants entre els membres de les organitzacions associades a la iniciativa, membres de programes educatius i altres agents socials externs.<\/p>\n","protected":false},"author":4,"featured_media":25994,"comment_status":"closed","ping_status":"closed","sticky":false,"template":"","format":"standard","meta":{"footnotes":""},"categories":[98],"tags":[],"post_formats":[],"class_list":["post-26714","post","type-post","status-publish","format-standard","has-post-thumbnail","hentry","category-noticies-institucionals"],"yoast_head":"<!-- This site is optimized with the Yoast SEO plugin v27.5 - https:\/\/yoast.com\/product\/yoast-seo-wordpress\/ -->\n<title>Es celebra a Barcelona la primera cimera de l&#039;EIT Health - Institute for Bioengineering of Catalonia<\/title>\n<meta name=\"robots\" content=\"index, follow, max-snippet:-1, max-image-preview:large, max-video-preview:-1\" \/>\n<link rel=\"canonical\" href=\"https:\/\/ibecbarcelona.eu\/ca\/es-celebra-a-barcelona-la-primera-cimera-de-leit-health\/\" \/>\n<meta property=\"og:locale\" content=\"ca_ES\" \/>\n<meta property=\"og:type\" content=\"article\" \/>\n<meta property=\"og:title\" content=\"Es celebra a Barcelona la primera cimera de l&#039;EIT Health - Institute for Bioengineering of Catalonia\" \/>\n<meta property=\"og:description\" content=\"Barcelona acull la primera cimera del consorci EIT Health aquesta setmana, recollint el m\u00e9s destacat d&#039;aquest primer any d&#039;activitats.  IBEC \u00e9s un soci principal dels 2.1 milions d&#039;euros que financen el consorci Knowledge and Innovation Community (KIC), una de les majors iniciatives finan\u00e7ades pel sector p\u00fablic en l&#039;\u00e0mbit de la salut mundial, amb el director de l&#039;IBEC Josep Samitier com a membre de la junta directiva. Barcelona \u00e9s una de les localitzacions de l&#039;EIT Health, essent el PCB seu dels col\u00b7laboradors espanyols de la iniciativa.  La cimera de l&#039;EIT Health, que es celebra del 23 al 24 de novembre al Cosmocaixa, reunir\u00e0 fins a 350 participants entre els membres de les organitzacions associades a la iniciativa, membres de programes educatius i altres agents socials externs.\" \/>\n<meta property=\"og:url\" content=\"https:\/\/ibecbarcelona.eu\/ca\/es-celebra-a-barcelona-la-primera-cimera-de-leit-health\/\" \/>\n<meta property=\"og:site_name\" content=\"Institute for Bioengineering of Catalonia\" \/>\n<meta property=\"article:published_time\" content=\"2016-11-23T11:51:53+00:00\" \/>\n<meta property=\"article:modified_time\" content=\"2016-12-16T12:23:14+00:00\" \/>\n<meta property=\"og:image\" content=\"https:\/\/ibecbarcelona.eu\/wp-content\/uploads\/2016\/11\/EITsummit.jpg\" \/>\n\t<meta property=\"og:image:width\" content=\"414\" \/>\n\t<meta property=\"og:image:height\" content=\"491\" \/>\n\t<meta property=\"og:image:type\" content=\"image\/jpeg\" \/>\n<meta name=\"author\" content=\"\u00c0ngels L\u00f3pez\" \/>\n<meta name=\"twitter:card\" content=\"summary_large_image\" \/>\n<meta name=\"twitter:label1\" content=\"Escrit per\" \/>\n\t<meta name=\"twitter:data1\" content=\"\u00c0ngels L\u00f3pez\" \/>\n<script type=\"application\/ld+json\" class=\"yoast-schema-graph\">{\"@context\":\"https:\\\/\\\/schema.org\",\"@graph\":[{\"@type\":\"Article\",\"@id\":\"https:\\\/\\\/ibecbarcelona.eu\\\/ca\\\/es-celebra-a-barcelona-la-primera-cimera-de-leit-health\\\/#article\",\"isPartOf\":{\"@id\":\"https:\\\/\\\/ibecbarcelona.eu\\\/ca\\\/es-celebra-a-barcelona-la-primera-cimera-de-leit-health\\\/\"},\"author\":{\"name\":\"\u00c0ngels L\u00f3pez\",\"@id\":\"https:\\\/\\\/ibecbarcelona.eu\\\/#\\\/schema\\\/person\\\/c212c6b589546130be67986b9290e2b8\"},\"headline\":\"Es celebra a Barcelona la primera cimera de l&#8217;EIT Health\",\"datePublished\":\"2016-11-23T11:51:53+00:00\",\"dateModified\":\"2016-12-16T12:23:14+00:00\",\"mainEntityOfPage\":{\"@id\":\"https:\\\/\\\/ibecbarcelona.eu\\\/ca\\\/es-celebra-a-barcelona-la-primera-cimera-de-leit-health\\\/\"},\"wordCount\":102,\"publisher\":{\"@id\":\"https:\\\/\\\/ibecbarcelona.eu\\\/#organization\"},\"image\":{\"@id\":\"https:\\\/\\\/ibecbarcelona.eu\\\/ca\\\/es-celebra-a-barcelona-la-primera-cimera-de-leit-health\\\/#primaryimage\"},\"thumbnailUrl\":\"https:\\\/\\\/ibecbarcelona.eu\\\/wp-content\\\/uploads\\\/2016\\\/11\\\/EITsummit.jpg\",\"articleSection\":[\"Not\u00edcies institucionals\"],\"inLanguage\":\"ca\"},{\"@type\":\"WebPage\",\"@id\":\"https:\\\/\\\/ibecbarcelona.eu\\\/ca\\\/es-celebra-a-barcelona-la-primera-cimera-de-leit-health\\\/\",\"url\":\"https:\\\/\\\/ibecbarcelona.eu\\\/ca\\\/es-celebra-a-barcelona-la-primera-cimera-de-leit-health\\\/\",\"name\":\"Es celebra a Barcelona la primera cimera de l'EIT Health - Institute for Bioengineering of Catalonia\",\"isPartOf\":{\"@id\":\"https:\\\/\\\/ibecbarcelona.eu\\\/#website\"},\"primaryImageOfPage\":{\"@id\":\"https:\\\/\\\/ibecbarcelona.eu\\\/ca\\\/es-celebra-a-barcelona-la-primera-cimera-de-leit-health\\\/#primaryimage\"},\"image\":{\"@id\":\"https:\\\/\\\/ibecbarcelona.eu\\\/ca\\\/es-celebra-a-barcelona-la-primera-cimera-de-leit-health\\\/#primaryimage\"},\"thumbnailUrl\":\"https:\\\/\\\/ibecbarcelona.eu\\\/wp-content\\\/uploads\\\/2016\\\/11\\\/EITsummit.jpg\",\"datePublished\":\"2016-11-23T11:51:53+00:00\",\"dateModified\":\"2016-12-16T12:23:14+00:00\",\"breadcrumb\":{\"@id\":\"https:\\\/\\\/ibecbarcelona.eu\\\/ca\\\/es-celebra-a-barcelona-la-primera-cimera-de-leit-health\\\/#breadcrumb\"},\"inLanguage\":\"ca\",\"potentialAction\":[{\"@type\":\"ReadAction\",\"target\":[\"https:\\\/\\\/ibecbarcelona.eu\\\/ca\\\/es-celebra-a-barcelona-la-primera-cimera-de-leit-health\\\/\"]}]},{\"@type\":\"ImageObject\",\"inLanguage\":\"ca\",\"@id\":\"https:\\\/\\\/ibecbarcelona.eu\\\/ca\\\/es-celebra-a-barcelona-la-primera-cimera-de-leit-health\\\/#primaryimage\",\"url\":\"https:\\\/\\\/ibecbarcelona.eu\\\/wp-content\\\/uploads\\\/2016\\\/11\\\/EITsummit.jpg\",\"contentUrl\":\"https:\\\/\\\/ibecbarcelona.eu\\\/wp-content\\\/uploads\\\/2016\\\/11\\\/EITsummit.jpg\",\"width\":414,\"height\":491},{\"@type\":\"BreadcrumbList\",\"@id\":\"https:\\\/\\\/ibecbarcelona.eu\\\/ca\\\/es-celebra-a-barcelona-la-primera-cimera-de-leit-health\\\/#breadcrumb\",\"itemListElement\":[{\"@type\":\"ListItem\",\"position\":1,\"name\":\"Home\",\"item\":\"https:\\\/\\\/ibecbarcelona.eu\\\/ca\\\/\"},{\"@type\":\"ListItem\",\"position\":2,\"name\":\"Es celebra a Barcelona la primera cimera de l&#8217;EIT Health\"}]},{\"@type\":\"WebSite\",\"@id\":\"https:\\\/\\\/ibecbarcelona.eu\\\/#website\",\"url\":\"https:\\\/\\\/ibecbarcelona.eu\\\/\",\"name\":\"Institute for Bioengineering of Catalonia\",\"description\":\"Bioengineering Solutions for Health\",\"publisher\":{\"@id\":\"https:\\\/\\\/ibecbarcelona.eu\\\/#organization\"},\"potentialAction\":[{\"@type\":\"SearchAction\",\"target\":{\"@type\":\"EntryPoint\",\"urlTemplate\":\"https:\\\/\\\/ibecbarcelona.eu\\\/?s={search_term_string}\"},\"query-input\":{\"@type\":\"PropertyValueSpecification\",\"valueRequired\":true,\"valueName\":\"search_term_string\"}}],\"inLanguage\":\"ca\"},{\"@type\":\"Organization\",\"@id\":\"https:\\\/\\\/ibecbarcelona.eu\\\/#organization\",\"name\":\"Institute for Bioengineering of Catalonia\",\"url\":\"https:\\\/\\\/ibecbarcelona.eu\\\/\",\"logo\":{\"@type\":\"ImageObject\",\"inLanguage\":\"ca\",\"@id\":\"https:\\\/\\\/ibecbarcelona.eu\\\/#\\\/schema\\\/logo\\\/image\\\/\",\"url\":\"https:\\\/\\\/ibecbarcelona.eu\\\/wp-content\\\/uploads\\\/2026\\\/01\\\/cropped-IBEC_20ANYS_GRIS.png\",\"contentUrl\":\"https:\\\/\\\/ibecbarcelona.eu\\\/wp-content\\\/uploads\\\/2026\\\/01\\\/cropped-IBEC_20ANYS_GRIS.png\",\"width\":696,\"height\":257,\"caption\":\"Institute for Bioengineering of Catalonia\"},\"image\":{\"@id\":\"https:\\\/\\\/ibecbarcelona.eu\\\/#\\\/schema\\\/logo\\\/image\\\/\"}},{\"@type\":\"Person\",\"@id\":\"https:\\\/\\\/ibecbarcelona.eu\\\/#\\\/schema\\\/person\\\/c212c6b589546130be67986b9290e2b8\",\"name\":\"\u00c0ngels L\u00f3pez\",\"image\":{\"@type\":\"ImageObject\",\"inLanguage\":\"ca\",\"@id\":\"https:\\\/\\\/secure.gravatar.com\\\/avatar\\\/09ad6ba116bea0b15c5511860f83b302579fd7404c1180e9dae55c3f11d988c6?s=96&d=mm&r=g\",\"url\":\"https:\\\/\\\/secure.gravatar.com\\\/avatar\\\/09ad6ba116bea0b15c5511860f83b302579fd7404c1180e9dae55c3f11d988c6?s=96&d=mm&r=g\",\"contentUrl\":\"https:\\\/\\\/secure.gravatar.com\\\/avatar\\\/09ad6ba116bea0b15c5511860f83b302579fd7404c1180e9dae55c3f11d988c6?s=96&d=mm&r=g\",\"caption\":\"\u00c0ngels L\u00f3pez\"},\"url\":\"https:\\\/\\\/ibecbarcelona.eu\\\/ca\\\/author\\\/alopez\\\/\"}]}<\/script>\n<!-- \/ Yoast SEO plugin. -->","yoast_head_json":{"title":"Es celebra a Barcelona la primera cimera de l'EIT Health - Institute for Bioengineering of Catalonia","robots":{"index":"index","follow":"follow","max-snippet":"max-snippet:-1","max-image-preview":"max-image-preview:large","max-video-preview":"max-video-preview:-1"},"canonical":"https:\/\/ibecbarcelona.eu\/ca\/es-celebra-a-barcelona-la-primera-cimera-de-leit-health\/","og_locale":"ca_ES","og_type":"article","og_title":"Es celebra a Barcelona la primera cimera de l'EIT Health - Institute for Bioengineering of Catalonia","og_description":"Barcelona acull la primera cimera del consorci EIT Health aquesta setmana, recollint el m\u00e9s destacat d'aquest primer any d'activitats.  IBEC \u00e9s un soci principal dels 2.1 milions d'euros que financen el consorci Knowledge and Innovation Community (KIC), una de les majors iniciatives finan\u00e7ades pel sector p\u00fablic en l'\u00e0mbit de la salut mundial, amb el director de l'IBEC Josep Samitier com a membre de la junta directiva. Barcelona \u00e9s una de les localitzacions de l'EIT Health, essent el PCB seu dels col\u00b7laboradors espanyols de la iniciativa.  La cimera de l'EIT Health, que es celebra del 23 al 24 de novembre al Cosmocaixa, reunir\u00e0 fins a 350 participants entre els membres de les organitzacions associades a la iniciativa, membres de programes educatius i altres agents socials externs.","og_url":"https:\/\/ibecbarcelona.eu\/ca\/es-celebra-a-barcelona-la-primera-cimera-de-leit-health\/","og_site_name":"Institute for Bioengineering of Catalonia","article_published_time":"2016-11-23T11:51:53+00:00","article_modified_time":"2016-12-16T12:23:14+00:00","og_image":[{"width":414,"height":491,"url":"https:\/\/ibecbarcelona.eu\/wp-content\/uploads\/2016\/11\/EITsummit.jpg","type":"image\/jpeg"}],"author":"\u00c0ngels L\u00f3pez","twitter_card":"summary_large_image","twitter_misc":{"Escrit per":"\u00c0ngels L\u00f3pez"},"schema":{"@context":"https:\/\/schema.org","@graph":[{"@type":"Article","@id":"https:\/\/ibecbarcelona.eu\/ca\/es-celebra-a-barcelona-la-primera-cimera-de-leit-health\/#article","isPartOf":{"@id":"https:\/\/ibecbarcelona.eu\/ca\/es-celebra-a-barcelona-la-primera-cimera-de-leit-health\/"},"author":{"name":"\u00c0ngels L\u00f3pez","@id":"https:\/\/ibecbarcelona.eu\/#\/schema\/person\/c212c6b589546130be67986b9290e2b8"},"headline":"Es celebra a Barcelona la primera cimera de l&#8217;EIT Health","datePublished":"2016-11-23T11:51:53+00:00","dateModified":"2016-12-16T12:23:14+00:00","mainEntityOfPage":{"@id":"https:\/\/ibecbarcelona.eu\/ca\/es-celebra-a-barcelona-la-primera-cimera-de-leit-health\/"},"wordCount":102,"publisher":{"@id":"https:\/\/ibecbarcelona.eu\/#organization"},"image":{"@id":"https:\/\/ibecbarcelona.eu\/ca\/es-celebra-a-barcelona-la-primera-cimera-de-leit-health\/#primaryimage"},"thumbnailUrl":"https:\/\/ibecbarcelona.eu\/wp-content\/uploads\/2016\/11\/EITsummit.jpg","articleSection":["Not\u00edcies institucionals"],"inLanguage":"ca"},{"@type":"WebPage","@id":"https:\/\/ibecbarcelona.eu\/ca\/es-celebra-a-barcelona-la-primera-cimera-de-leit-health\/","url":"https:\/\/ibecbarcelona.eu\/ca\/es-celebra-a-barcelona-la-primera-cimera-de-leit-health\/","name":"Es celebra a Barcelona la primera cimera de l'EIT Health - Institute for Bioengineering of Catalonia","isPartOf":{"@id":"https:\/\/ibecbarcelona.eu\/#website"},"primaryImageOfPage":{"@id":"https:\/\/ibecbarcelona.eu\/ca\/es-celebra-a-barcelona-la-primera-cimera-de-leit-health\/#primaryimage"},"image":{"@id":"https:\/\/ibecbarcelona.eu\/ca\/es-celebra-a-barcelona-la-primera-cimera-de-leit-health\/#primaryimage"},"thumbnailUrl":"https:\/\/ibecbarcelona.eu\/wp-content\/uploads\/2016\/11\/EITsummit.jpg","datePublished":"2016-11-23T11:51:53+00:00","dateModified":"2016-12-16T12:23:14+00:00","breadcrumb":{"@id":"https:\/\/ibecbarcelona.eu\/ca\/es-celebra-a-barcelona-la-primera-cimera-de-leit-health\/#breadcrumb"},"inLanguage":"ca","potentialAction":[{"@type":"ReadAction","target":["https:\/\/ibecbarcelona.eu\/ca\/es-celebra-a-barcelona-la-primera-cimera-de-leit-health\/"]}]},{"@type":"ImageObject","inLanguage":"ca","@id":"https:\/\/ibecbarcelona.eu\/ca\/es-celebra-a-barcelona-la-primera-cimera-de-leit-health\/#primaryimage","url":"https:\/\/ibecbarcelona.eu\/wp-content\/uploads\/2016\/11\/EITsummit.jpg","contentUrl":"https:\/\/ibecbarcelona.eu\/wp-content\/uploads\/2016\/11\/EITsummit.jpg","width":414,"height":491},{"@type":"BreadcrumbList","@id":"https:\/\/ibecbarcelona.eu\/ca\/es-celebra-a-barcelona-la-primera-cimera-de-leit-health\/#breadcrumb","itemListElement":[{"@type":"ListItem","position":1,"name":"Home","item":"https:\/\/ibecbarcelona.eu\/ca\/"},{"@type":"ListItem","position":2,"name":"Es celebra a Barcelona la primera cimera de l&#8217;EIT Health"}]},{"@type":"WebSite","@id":"https:\/\/ibecbarcelona.eu\/#website","url":"https:\/\/ibecbarcelona.eu\/","name":"Institute for Bioengineering of Catalonia","description":"Bioengineering Solutions for Health","publisher":{"@id":"https:\/\/ibecbarcelona.eu\/#organization"},"potentialAction":[{"@type":"SearchAction","target":{"@type":"EntryPoint","urlTemplate":"https:\/\/ibecbarcelona.eu\/?s={search_term_string}"},"query-input":{"@type":"PropertyValueSpecification","valueRequired":true,"valueName":"search_term_string"}}],"inLanguage":"ca"},{"@type":"Organization","@id":"https:\/\/ibecbarcelona.eu\/#organization","name":"Institute for Bioengineering of Catalonia","url":"https:\/\/ibecbarcelona.eu\/","logo":{"@type":"ImageObject","inLanguage":"ca","@id":"https:\/\/ibecbarcelona.eu\/#\/schema\/logo\/image\/","url":"https:\/\/ibecbarcelona.eu\/wp-content\/uploads\/2026\/01\/cropped-IBEC_20ANYS_GRIS.png","contentUrl":"https:\/\/ibecbarcelona.eu\/wp-content\/uploads\/2026\/01\/cropped-IBEC_20ANYS_GRIS.png","width":696,"height":257,"caption":"Institute for Bioengineering of Catalonia"},"image":{"@id":"https:\/\/ibecbarcelona.eu\/#\/schema\/logo\/image\/"}},{"@type":"Person","@id":"https:\/\/ibecbarcelona.eu\/#\/schema\/person\/c212c6b589546130be67986b9290e2b8","name":"\u00c0ngels L\u00f3pez","image":{"@type":"ImageObject","inLanguage":"ca","@id":"https:\/\/secure.gravatar.com\/avatar\/09ad6ba116bea0b15c5511860f83b302579fd7404c1180e9dae55c3f11d988c6?s=96&d=mm&r=g","url":"https:\/\/secure.gravatar.com\/avatar\/09ad6ba116bea0b15c5511860f83b302579fd7404c1180e9dae55c3f11d988c6?s=96&d=mm&r=g","contentUrl":"https:\/\/secure.gravatar.com\/avatar\/09ad6ba116bea0b15c5511860f83b302579fd7404c1180e9dae55c3f11d988c6?s=96&d=mm&r=g","caption":"\u00c0ngels L\u00f3pez"},"url":"https:\/\/ibecbarcelona.eu\/ca\/author\/alopez\/"}]}},"AFP_featured_media_urls":{"full":["https:\/\/ibecbarcelona.eu\/wp-content\/uploads\/2016\/11\/EITsummit.jpg",414,491,false],"thumbnail":["https:\/\/ibecbarcelona.eu\/wp-content\/uploads\/2016\/11\/EITsummit-150x150.jpg",150,150,true],"medium":["https:\/\/ibecbarcelona.eu\/wp-content\/uploads\/2016\/11\/EITsummit-253x300.jpg",253,300,true],"medium_large":["https:\/\/ibecbarcelona.eu\/wp-content\/uploads\/2016\/11\/EITsummit.jpg",414,491,false],"large":["https:\/\/ibecbarcelona.eu\/wp-content\/uploads\/2016\/11\/EITsummit.jpg",414,491,false]},"AFP_attachments":{"full":["https:\/\/ibecbarcelona.eu\/wp-content\/uploads\/2016\/11\/EITsummit.jpg",414,491,false],"thumbnail":["https:\/\/ibecbarcelona.eu\/wp-content\/uploads\/2016\/11\/EITsummit-150x150.jpg",150,150,true],"medium":["https:\/\/ibecbarcelona.eu\/wp-content\/uploads\/2016\/11\/EITsummit-253x300.jpg",253,300,true],"medium_large":["https:\/\/ibecbarcelona.eu\/wp-content\/uploads\/2016\/11\/EITsummit.jpg",414,491,false],"large":["https:\/\/ibecbarcelona.eu\/wp-content\/uploads\/2016\/11\/EITsummit.jpg",414,491,false]},"AFP_videos":[],"AFP_video_blocks":"","AFP_category_names":["Not\u00edcies institucionals"],"_links":{"self":[{"href":"https:\/\/ibecbarcelona.eu\/ca\/wp-json\/wp\/v2\/posts\/26714","targetHints":{"allow":["GET"]}}],"collection":[{"href":"https:\/\/ibecbarcelona.eu\/ca\/wp-json\/wp\/v2\/posts"}],"about":[{"href":"https:\/\/ibecbarcelona.eu\/ca\/wp-json\/wp\/v2\/types\/post"}],"author":[{"embeddable":true,"href":"https:\/\/ibecbarcelona.eu\/ca\/wp-json\/wp\/v2\/users\/4"}],"replies":[{"embeddable":true,"href":"https:\/\/ibecbarcelona.eu\/ca\/wp-json\/wp\/v2\/comments?post=26714"}],"version-history":[{"count":0,"href":"https:\/\/ibecbarcelona.eu\/ca\/wp-json\/wp\/v2\/posts\/26714\/revisions"}],"wp:featuredmedia":[{"embeddable":true,"href":"https:\/\/ibecbarcelona.eu\/ca\/wp-json\/wp\/v2\/media\/25994"}],"wp:attachment":[{"href":"https:\/\/ibecbarcelona.eu\/ca\/wp-json\/wp\/v2\/media?parent=26714"}],"wp:term":[{"taxonomy":"category","embeddable":true,"href":"https:\/\/ibecbarcelona.eu\/ca\/wp-json\/wp\/v2\/categories?post=26714"},{"taxonomy":"post_tag","embeddable":true,"href":"https:\/\/ibecbarcelona.eu\/ca\/wp-json\/wp\/v2\/tags?post=26714"},{"taxonomy":"post_format","embeddable":true,"href":"https:\/\/ibecbarcelona.eu\/ca\/wp-json\/wp\/v2\/post_formats?post=26714"}],"curies":[{"name":"wp","href":"https:\/\/api.w.org\/{rel}","templated":true}]}}