
{"id":26791,"date":"2016-12-09T12:13:02","date_gmt":"2016-12-09T11:13:02","guid":{"rendered":"http:\/\/ibecbarcelona.eu\/?p=26791"},"modified":"2016-12-21T11:45:29","modified_gmt":"2016-12-21T10:45:29","slug":"que-podem-fer-respecte-al-sexisme-en-ciencia","status":"publish","type":"post","link":"https:\/\/ibecbarcelona.eu\/ca\/que-podem-fer-respecte-al-sexisme-en-ciencia\/","title":{"rendered":"Qu\u00e8 podem fer respecte al sexisme en ci\u00e8ncia?"},"content":{"rendered":"<p>El soci\u00f2leg J\u00f6rg M\u00fcller, de l&#8217;Internet Interdisciplinary Institute (IN3) de la Universitat Oberta de Catalunya (UOC), va revisar la pol\u00edtica comunit\u00e0ria europea d&#8217;igualtat entre homes i dones, i la cap de recursos humans de l&#8217;IBEC Carol Mar\u00ed va presentar el pla d&#8217;actuaci\u00f3 de la instituci\u00f3 per abordar les q\u00fcestions d&#8217;igualtat de g\u00e8nere i diversitat cultural durant el per\u00edode 2014-2016, subratllant la creaci\u00f3 d&#8217;una comissi\u00f3 interna per a la igualtat a l&#8217;IBEC. Llu\u00eds Rovira, director de CERCA, va ser l&#8217;encarregat de clausurar la jornada, donant una perspectiva general de les directrius per millorar les pr\u00e0ctiques als centres de recerca catalans, i va presentar un video sobre com combatre el biaix inconscient en els processos de selecci\u00f3.<\/p>\n<p><a href=\"https:\/\/ibecbarcelona.eu\/wp-content\/uploads\/2016\/12\/gender2.jpg\" rel=\"attachment wp-att-26132\"><img decoding=\"async\" data-src=\"https:\/\/ibecbarcelona.eu\/wp-content\/uploads\/2016\/12\/gender2.jpg\" alt=\"gender2\" width=\"500\" height=\"390\" class=\"alignright size-full wp-image-26132 lazyload\" data-srcset=\"https:\/\/ibecbarcelona.eu\/wp-content\/uploads\/2016\/12\/gender2.jpg 500w, https:\/\/ibecbarcelona.eu\/wp-content\/uploads\/2016\/12\/gender2-300x234.jpg 300w, https:\/\/ibecbarcelona.eu\/wp-content\/uploads\/2016\/12\/gender2-167x130.jpg 167w, https:\/\/ibecbarcelona.eu\/wp-content\/uploads\/2016\/12\/gender2-150x117.jpg 150w\" data-sizes=\"(max-width: 500px) 100vw, 500px\" src=\"data:image\/svg+xml;base64,PHN2ZyB3aWR0aD0iMSIgaGVpZ2h0PSIxIiB4bWxucz0iaHR0cDovL3d3dy53My5vcmcvMjAwMC9zdmciPjwvc3ZnPg==\" style=\"--smush-placeholder-width: 500px; --smush-placeholder-aspect-ratio: 500\/390;\" \/><\/a> Despr\u00e9s va haver-hi una ronda de preguntes i respostes que van generar alguns debats molt interessants entre els assistents i els ponents en un ambient informal.<\/p>\n<p>\u2018Estic molt satisfet amb l&#8217;alta assist\u00e8ncia al nostre esdeveniment sobre g\u00e8nere i diversitat cultural, especialment perqu\u00e8 molts assistents no formaven part de l&#8217;IBEC\u2019, diu el David Badia, director de gesti\u00f3 de la instituci\u00f3. \u2018A l&#8217;IBEC hem intentat prendre consci\u00e8ncia sobre aquest biaix, que de vegades \u00e9s inconscient, i durant el per\u00edode 2014-2016 hem implementat el nostre pla d&#8217;Igualtat d&#8217;Oportunitats i Diversitat amb diferents mesures, com per exemple seminaris, protocols anti-assetjament i guies de llenguatge no sexista, aix\u00ed com una s\u00e8rie de directrius per als nostres processos de selecci\u00f3.\u2019<\/p>\n","protected":false},"excerpt":{"rendered":"<h3><img decoding=\"async\" data-src=\"https:\/\/ibecbarcelona.eu\/wp-content\/uploads\/2016\/12\/gender.jpg\" alt=\"gender\" width=\"500\" height=\"443\" class=\"left size-full wp-image-26129 lazyload\" data-srcset=\"https:\/\/ibecbarcelona.eu\/wp-content\/uploads\/2016\/12\/gender.jpg 500w, https:\/\/ibecbarcelona.eu\/wp-content\/uploads\/2016\/12\/gender-300x266.jpg 300w, https:\/\/ibecbarcelona.eu\/wp-content\/uploads\/2016\/12\/gender-147x130.jpg 147w, https:\/\/ibecbarcelona.eu\/wp-content\/uploads\/2016\/12\/gender-150x133.jpg 150w\" data-sizes=\"(max-width: 500px) 100vw, 500px\" src=\"data:image\/svg+xml;base64,PHN2ZyB3aWR0aD0iMSIgaGVpZ2h0PSIxIiB4bWxucz0iaHR0cDovL3d3dy53My5vcmcvMjAwMC9zdmciPjwvc3ZnPg==\" style=\"--smush-placeholder-width: 500px; --smush-placeholder-aspect-ratio: 500\/443;\" \/> La setmana passada m\u00e9s de 50 persones van assistir a l&#8217;esdeveniment \u2018Advancing Gender Equality and Diversity in Science\u2019, organitzat per l&#8217;IBEC. Les xerrades i discussions de la trobada van tenir com a objectiu conscienciar i reflexionar sobre la igualtat de g\u00e8nere, explorant bones pr\u00e0ctiques i estrat\u00e8gies per abordar aquest tema des de les institucions i tamb\u00e9 des de la societat.<\/h3>\n<p>L&#8217;acte va comen\u00e7ar amb la consultora de m\u00e0rqueting i comunicacions Montse Montllau revisant els estereotips de g\u00e8nere i edat a la societat i espec\u00edficament en ci\u00e8ncia i publicitat. Seguidament la investigadora principal del CRG, Mara Dierssen, va examinar algunes q\u00fcestions particulars del gremi cient\u00edfic, com el biaix de g\u00e8nere en la publicaci\u00f3 d&#8217;articles, l&#8217;obtenci\u00f3 de fons o els processos de selecci\u00f3.<\/p>\n","protected":false},"author":4,"featured_media":26131,"comment_status":"closed","ping_status":"closed","sticky":false,"template":"","format":"standard","meta":{"footnotes":""},"categories":[98],"tags":[],"post_formats":[],"class_list":["post-26791","post","type-post","status-publish","format-standard","has-post-thumbnail","hentry","category-noticies-institucionals"],"yoast_head":"<!-- This site is optimized with the Yoast SEO plugin v27.5 - https:\/\/yoast.com\/product\/yoast-seo-wordpress\/ -->\n<title>Qu\u00e8 podem fer respecte al sexisme en ci\u00e8ncia? - Institute for Bioengineering of Catalonia<\/title>\n<meta name=\"robots\" content=\"index, follow, max-snippet:-1, max-image-preview:large, max-video-preview:-1\" \/>\n<link rel=\"canonical\" href=\"https:\/\/ibecbarcelona.eu\/ca\/que-podem-fer-respecte-al-sexisme-en-ciencia\/\" \/>\n<meta property=\"og:locale\" content=\"ca_ES\" \/>\n<meta property=\"og:type\" content=\"article\" \/>\n<meta property=\"og:title\" content=\"Qu\u00e8 podem fer respecte al sexisme en ci\u00e8ncia? - Institute for Bioengineering of Catalonia\" \/>\n<meta property=\"og:description\" content=\"La setmana passada m\u00e9s de 50 persones van assistir a l&#039;esdeveniment \u2018Advancing Gender Equality and Diversity in Science\u2019, organitzat per l&#039;IBEC. Les xerrades i discussions de la trobada van tenir com a objectiu conscienciar i reflexionar sobre la igualtat de g\u00e8nere, explorant bones pr\u00e0ctiques i estrat\u00e8gies per abordar aquest tema des de les institucions i tamb\u00e9 des de la societat.  L&#039;acte va comen\u00e7ar amb la consultora de m\u00e0rqueting i comunicacions Montse Montllau revisant els estereotips de g\u00e8nere i edat a la societat i espec\u00edficament en ci\u00e8ncia i publicitat. Seguidament la investigadora principal del CRG, Mara Dierssen, va examinar algunes q\u00fcestions particulars del gremi cient\u00edfic, com el biaix de g\u00e8nere en la publicaci\u00f3 d&#039;articles, l&#039;obtenci\u00f3 de fons o els processos de selecci\u00f3.\" \/>\n<meta property=\"og:url\" content=\"https:\/\/ibecbarcelona.eu\/ca\/que-podem-fer-respecte-al-sexisme-en-ciencia\/\" \/>\n<meta property=\"og:site_name\" content=\"Institute for Bioengineering of Catalonia\" \/>\n<meta property=\"article:published_time\" content=\"2016-12-09T11:13:02+00:00\" \/>\n<meta property=\"article:modified_time\" content=\"2016-12-21T10:45:29+00:00\" \/>\n<meta property=\"og:image\" content=\"https:\/\/ibecbarcelona.eu\/wp-content\/uploads\/2016\/12\/gender.jpg\" \/>\n\t<meta property=\"og:image:width\" content=\"500\" \/>\n\t<meta property=\"og:image:height\" content=\"443\" \/>\n\t<meta property=\"og:image:type\" content=\"image\/jpeg\" \/>\n<meta name=\"author\" content=\"\u00c0ngels L\u00f3pez\" \/>\n<meta name=\"twitter:card\" content=\"summary_large_image\" \/>\n<meta name=\"twitter:label1\" content=\"Escrit per\" \/>\n\t<meta name=\"twitter:data1\" content=\"\u00c0ngels L\u00f3pez\" \/>\n\t<meta name=\"twitter:label2\" content=\"Temps estimat de lectura\" \/>\n\t<meta name=\"twitter:data2\" content=\"1 minut\" \/>\n<script type=\"application\/ld+json\" class=\"yoast-schema-graph\">{\"@context\":\"https:\\\/\\\/schema.org\",\"@graph\":[{\"@type\":\"Article\",\"@id\":\"https:\\\/\\\/ibecbarcelona.eu\\\/ca\\\/que-podem-fer-respecte-al-sexisme-en-ciencia\\\/#article\",\"isPartOf\":{\"@id\":\"https:\\\/\\\/ibecbarcelona.eu\\\/ca\\\/que-podem-fer-respecte-al-sexisme-en-ciencia\\\/\"},\"author\":{\"name\":\"\u00c0ngels L\u00f3pez\",\"@id\":\"https:\\\/\\\/ibecbarcelona.eu\\\/#\\\/schema\\\/person\\\/c212c6b589546130be67986b9290e2b8\"},\"headline\":\"Qu\u00e8 podem fer respecte al sexisme en ci\u00e8ncia?\",\"datePublished\":\"2016-12-09T11:13:02+00:00\",\"dateModified\":\"2016-12-21T10:45:29+00:00\",\"mainEntityOfPage\":{\"@id\":\"https:\\\/\\\/ibecbarcelona.eu\\\/ca\\\/que-podem-fer-respecte-al-sexisme-en-ciencia\\\/\"},\"wordCount\":254,\"publisher\":{\"@id\":\"https:\\\/\\\/ibecbarcelona.eu\\\/#organization\"},\"image\":{\"@id\":\"https:\\\/\\\/ibecbarcelona.eu\\\/ca\\\/que-podem-fer-respecte-al-sexisme-en-ciencia\\\/#primaryimage\"},\"thumbnailUrl\":\"https:\\\/\\\/ibecbarcelona.eu\\\/wp-content\\\/uploads\\\/2016\\\/12\\\/gender.jpg\",\"articleSection\":[\"Not\u00edcies institucionals\"],\"inLanguage\":\"ca\"},{\"@type\":\"WebPage\",\"@id\":\"https:\\\/\\\/ibecbarcelona.eu\\\/ca\\\/que-podem-fer-respecte-al-sexisme-en-ciencia\\\/\",\"url\":\"https:\\\/\\\/ibecbarcelona.eu\\\/ca\\\/que-podem-fer-respecte-al-sexisme-en-ciencia\\\/\",\"name\":\"Qu\u00e8 podem fer respecte al sexisme en ci\u00e8ncia? - Institute for Bioengineering of Catalonia\",\"isPartOf\":{\"@id\":\"https:\\\/\\\/ibecbarcelona.eu\\\/#website\"},\"primaryImageOfPage\":{\"@id\":\"https:\\\/\\\/ibecbarcelona.eu\\\/ca\\\/que-podem-fer-respecte-al-sexisme-en-ciencia\\\/#primaryimage\"},\"image\":{\"@id\":\"https:\\\/\\\/ibecbarcelona.eu\\\/ca\\\/que-podem-fer-respecte-al-sexisme-en-ciencia\\\/#primaryimage\"},\"thumbnailUrl\":\"https:\\\/\\\/ibecbarcelona.eu\\\/wp-content\\\/uploads\\\/2016\\\/12\\\/gender.jpg\",\"datePublished\":\"2016-12-09T11:13:02+00:00\",\"dateModified\":\"2016-12-21T10:45:29+00:00\",\"breadcrumb\":{\"@id\":\"https:\\\/\\\/ibecbarcelona.eu\\\/ca\\\/que-podem-fer-respecte-al-sexisme-en-ciencia\\\/#breadcrumb\"},\"inLanguage\":\"ca\",\"potentialAction\":[{\"@type\":\"ReadAction\",\"target\":[\"https:\\\/\\\/ibecbarcelona.eu\\\/ca\\\/que-podem-fer-respecte-al-sexisme-en-ciencia\\\/\"]}]},{\"@type\":\"ImageObject\",\"inLanguage\":\"ca\",\"@id\":\"https:\\\/\\\/ibecbarcelona.eu\\\/ca\\\/que-podem-fer-respecte-al-sexisme-en-ciencia\\\/#primaryimage\",\"url\":\"https:\\\/\\\/ibecbarcelona.eu\\\/wp-content\\\/uploads\\\/2016\\\/12\\\/gender.jpg\",\"contentUrl\":\"https:\\\/\\\/ibecbarcelona.eu\\\/wp-content\\\/uploads\\\/2016\\\/12\\\/gender.jpg\",\"width\":500,\"height\":443},{\"@type\":\"BreadcrumbList\",\"@id\":\"https:\\\/\\\/ibecbarcelona.eu\\\/ca\\\/que-podem-fer-respecte-al-sexisme-en-ciencia\\\/#breadcrumb\",\"itemListElement\":[{\"@type\":\"ListItem\",\"position\":1,\"name\":\"Home\",\"item\":\"https:\\\/\\\/ibecbarcelona.eu\\\/ca\\\/\"},{\"@type\":\"ListItem\",\"position\":2,\"name\":\"Qu\u00e8 podem fer respecte al sexisme en ci\u00e8ncia?\"}]},{\"@type\":\"WebSite\",\"@id\":\"https:\\\/\\\/ibecbarcelona.eu\\\/#website\",\"url\":\"https:\\\/\\\/ibecbarcelona.eu\\\/\",\"name\":\"Institute for Bioengineering of Catalonia\",\"description\":\"Bioengineering Solutions for Health\",\"publisher\":{\"@id\":\"https:\\\/\\\/ibecbarcelona.eu\\\/#organization\"},\"potentialAction\":[{\"@type\":\"SearchAction\",\"target\":{\"@type\":\"EntryPoint\",\"urlTemplate\":\"https:\\\/\\\/ibecbarcelona.eu\\\/?s={search_term_string}\"},\"query-input\":{\"@type\":\"PropertyValueSpecification\",\"valueRequired\":true,\"valueName\":\"search_term_string\"}}],\"inLanguage\":\"ca\"},{\"@type\":\"Organization\",\"@id\":\"https:\\\/\\\/ibecbarcelona.eu\\\/#organization\",\"name\":\"Institute for Bioengineering of Catalonia\",\"url\":\"https:\\\/\\\/ibecbarcelona.eu\\\/\",\"logo\":{\"@type\":\"ImageObject\",\"inLanguage\":\"ca\",\"@id\":\"https:\\\/\\\/ibecbarcelona.eu\\\/#\\\/schema\\\/logo\\\/image\\\/\",\"url\":\"https:\\\/\\\/ibecbarcelona.eu\\\/wp-content\\\/uploads\\\/2026\\\/01\\\/cropped-IBEC_20ANYS_GRIS.png\",\"contentUrl\":\"https:\\\/\\\/ibecbarcelona.eu\\\/wp-content\\\/uploads\\\/2026\\\/01\\\/cropped-IBEC_20ANYS_GRIS.png\",\"width\":696,\"height\":257,\"caption\":\"Institute for Bioengineering of Catalonia\"},\"image\":{\"@id\":\"https:\\\/\\\/ibecbarcelona.eu\\\/#\\\/schema\\\/logo\\\/image\\\/\"}},{\"@type\":\"Person\",\"@id\":\"https:\\\/\\\/ibecbarcelona.eu\\\/#\\\/schema\\\/person\\\/c212c6b589546130be67986b9290e2b8\",\"name\":\"\u00c0ngels L\u00f3pez\",\"image\":{\"@type\":\"ImageObject\",\"inLanguage\":\"ca\",\"@id\":\"https:\\\/\\\/secure.gravatar.com\\\/avatar\\\/09ad6ba116bea0b15c5511860f83b302579fd7404c1180e9dae55c3f11d988c6?s=96&d=mm&r=g\",\"url\":\"https:\\\/\\\/secure.gravatar.com\\\/avatar\\\/09ad6ba116bea0b15c5511860f83b302579fd7404c1180e9dae55c3f11d988c6?s=96&d=mm&r=g\",\"contentUrl\":\"https:\\\/\\\/secure.gravatar.com\\\/avatar\\\/09ad6ba116bea0b15c5511860f83b302579fd7404c1180e9dae55c3f11d988c6?s=96&d=mm&r=g\",\"caption\":\"\u00c0ngels L\u00f3pez\"},\"url\":\"https:\\\/\\\/ibecbarcelona.eu\\\/ca\\\/author\\\/alopez\\\/\"}]}<\/script>\n<!-- \/ Yoast SEO plugin. -->","yoast_head_json":{"title":"Qu\u00e8 podem fer respecte al sexisme en ci\u00e8ncia? - Institute for Bioengineering of Catalonia","robots":{"index":"index","follow":"follow","max-snippet":"max-snippet:-1","max-image-preview":"max-image-preview:large","max-video-preview":"max-video-preview:-1"},"canonical":"https:\/\/ibecbarcelona.eu\/ca\/que-podem-fer-respecte-al-sexisme-en-ciencia\/","og_locale":"ca_ES","og_type":"article","og_title":"Qu\u00e8 podem fer respecte al sexisme en ci\u00e8ncia? - Institute for Bioengineering of Catalonia","og_description":"La setmana passada m\u00e9s de 50 persones van assistir a l'esdeveniment \u2018Advancing Gender Equality and Diversity in Science\u2019, organitzat per l'IBEC. Les xerrades i discussions de la trobada van tenir com a objectiu conscienciar i reflexionar sobre la igualtat de g\u00e8nere, explorant bones pr\u00e0ctiques i estrat\u00e8gies per abordar aquest tema des de les institucions i tamb\u00e9 des de la societat.  L'acte va comen\u00e7ar amb la consultora de m\u00e0rqueting i comunicacions Montse Montllau revisant els estereotips de g\u00e8nere i edat a la societat i espec\u00edficament en ci\u00e8ncia i publicitat. Seguidament la investigadora principal del CRG, Mara Dierssen, va examinar algunes q\u00fcestions particulars del gremi cient\u00edfic, com el biaix de g\u00e8nere en la publicaci\u00f3 d'articles, l'obtenci\u00f3 de fons o els processos de selecci\u00f3.","og_url":"https:\/\/ibecbarcelona.eu\/ca\/que-podem-fer-respecte-al-sexisme-en-ciencia\/","og_site_name":"Institute for Bioengineering of Catalonia","article_published_time":"2016-12-09T11:13:02+00:00","article_modified_time":"2016-12-21T10:45:29+00:00","og_image":[{"width":500,"height":443,"url":"https:\/\/ibecbarcelona.eu\/wp-content\/uploads\/2016\/12\/gender.jpg","type":"image\/jpeg"}],"author":"\u00c0ngels L\u00f3pez","twitter_card":"summary_large_image","twitter_misc":{"Escrit per":"\u00c0ngels L\u00f3pez","Temps estimat de lectura":"1 minut"},"schema":{"@context":"https:\/\/schema.org","@graph":[{"@type":"Article","@id":"https:\/\/ibecbarcelona.eu\/ca\/que-podem-fer-respecte-al-sexisme-en-ciencia\/#article","isPartOf":{"@id":"https:\/\/ibecbarcelona.eu\/ca\/que-podem-fer-respecte-al-sexisme-en-ciencia\/"},"author":{"name":"\u00c0ngels L\u00f3pez","@id":"https:\/\/ibecbarcelona.eu\/#\/schema\/person\/c212c6b589546130be67986b9290e2b8"},"headline":"Qu\u00e8 podem fer respecte al sexisme en ci\u00e8ncia?","datePublished":"2016-12-09T11:13:02+00:00","dateModified":"2016-12-21T10:45:29+00:00","mainEntityOfPage":{"@id":"https:\/\/ibecbarcelona.eu\/ca\/que-podem-fer-respecte-al-sexisme-en-ciencia\/"},"wordCount":254,"publisher":{"@id":"https:\/\/ibecbarcelona.eu\/#organization"},"image":{"@id":"https:\/\/ibecbarcelona.eu\/ca\/que-podem-fer-respecte-al-sexisme-en-ciencia\/#primaryimage"},"thumbnailUrl":"https:\/\/ibecbarcelona.eu\/wp-content\/uploads\/2016\/12\/gender.jpg","articleSection":["Not\u00edcies institucionals"],"inLanguage":"ca"},{"@type":"WebPage","@id":"https:\/\/ibecbarcelona.eu\/ca\/que-podem-fer-respecte-al-sexisme-en-ciencia\/","url":"https:\/\/ibecbarcelona.eu\/ca\/que-podem-fer-respecte-al-sexisme-en-ciencia\/","name":"Qu\u00e8 podem fer respecte al sexisme en ci\u00e8ncia? - Institute for Bioengineering of Catalonia","isPartOf":{"@id":"https:\/\/ibecbarcelona.eu\/#website"},"primaryImageOfPage":{"@id":"https:\/\/ibecbarcelona.eu\/ca\/que-podem-fer-respecte-al-sexisme-en-ciencia\/#primaryimage"},"image":{"@id":"https:\/\/ibecbarcelona.eu\/ca\/que-podem-fer-respecte-al-sexisme-en-ciencia\/#primaryimage"},"thumbnailUrl":"https:\/\/ibecbarcelona.eu\/wp-content\/uploads\/2016\/12\/gender.jpg","datePublished":"2016-12-09T11:13:02+00:00","dateModified":"2016-12-21T10:45:29+00:00","breadcrumb":{"@id":"https:\/\/ibecbarcelona.eu\/ca\/que-podem-fer-respecte-al-sexisme-en-ciencia\/#breadcrumb"},"inLanguage":"ca","potentialAction":[{"@type":"ReadAction","target":["https:\/\/ibecbarcelona.eu\/ca\/que-podem-fer-respecte-al-sexisme-en-ciencia\/"]}]},{"@type":"ImageObject","inLanguage":"ca","@id":"https:\/\/ibecbarcelona.eu\/ca\/que-podem-fer-respecte-al-sexisme-en-ciencia\/#primaryimage","url":"https:\/\/ibecbarcelona.eu\/wp-content\/uploads\/2016\/12\/gender.jpg","contentUrl":"https:\/\/ibecbarcelona.eu\/wp-content\/uploads\/2016\/12\/gender.jpg","width":500,"height":443},{"@type":"BreadcrumbList","@id":"https:\/\/ibecbarcelona.eu\/ca\/que-podem-fer-respecte-al-sexisme-en-ciencia\/#breadcrumb","itemListElement":[{"@type":"ListItem","position":1,"name":"Home","item":"https:\/\/ibecbarcelona.eu\/ca\/"},{"@type":"ListItem","position":2,"name":"Qu\u00e8 podem fer respecte al sexisme en ci\u00e8ncia?"}]},{"@type":"WebSite","@id":"https:\/\/ibecbarcelona.eu\/#website","url":"https:\/\/ibecbarcelona.eu\/","name":"Institute for Bioengineering of Catalonia","description":"Bioengineering Solutions for Health","publisher":{"@id":"https:\/\/ibecbarcelona.eu\/#organization"},"potentialAction":[{"@type":"SearchAction","target":{"@type":"EntryPoint","urlTemplate":"https:\/\/ibecbarcelona.eu\/?s={search_term_string}"},"query-input":{"@type":"PropertyValueSpecification","valueRequired":true,"valueName":"search_term_string"}}],"inLanguage":"ca"},{"@type":"Organization","@id":"https:\/\/ibecbarcelona.eu\/#organization","name":"Institute for Bioengineering of Catalonia","url":"https:\/\/ibecbarcelona.eu\/","logo":{"@type":"ImageObject","inLanguage":"ca","@id":"https:\/\/ibecbarcelona.eu\/#\/schema\/logo\/image\/","url":"https:\/\/ibecbarcelona.eu\/wp-content\/uploads\/2026\/01\/cropped-IBEC_20ANYS_GRIS.png","contentUrl":"https:\/\/ibecbarcelona.eu\/wp-content\/uploads\/2026\/01\/cropped-IBEC_20ANYS_GRIS.png","width":696,"height":257,"caption":"Institute for Bioengineering of Catalonia"},"image":{"@id":"https:\/\/ibecbarcelona.eu\/#\/schema\/logo\/image\/"}},{"@type":"Person","@id":"https:\/\/ibecbarcelona.eu\/#\/schema\/person\/c212c6b589546130be67986b9290e2b8","name":"\u00c0ngels L\u00f3pez","image":{"@type":"ImageObject","inLanguage":"ca","@id":"https:\/\/secure.gravatar.com\/avatar\/09ad6ba116bea0b15c5511860f83b302579fd7404c1180e9dae55c3f11d988c6?s=96&d=mm&r=g","url":"https:\/\/secure.gravatar.com\/avatar\/09ad6ba116bea0b15c5511860f83b302579fd7404c1180e9dae55c3f11d988c6?s=96&d=mm&r=g","contentUrl":"https:\/\/secure.gravatar.com\/avatar\/09ad6ba116bea0b15c5511860f83b302579fd7404c1180e9dae55c3f11d988c6?s=96&d=mm&r=g","caption":"\u00c0ngels L\u00f3pez"},"url":"https:\/\/ibecbarcelona.eu\/ca\/author\/alopez\/"}]}},"AFP_featured_media_urls":{"full":["https:\/\/ibecbarcelona.eu\/wp-content\/uploads\/2016\/12\/gender.jpg",500,443,false],"thumbnail":["https:\/\/ibecbarcelona.eu\/wp-content\/uploads\/2016\/12\/gender-150x150.jpg",150,150,true],"medium":["https:\/\/ibecbarcelona.eu\/wp-content\/uploads\/2016\/12\/gender-300x266.jpg",300,266,true],"medium_large":["https:\/\/ibecbarcelona.eu\/wp-content\/uploads\/2016\/12\/gender.jpg",500,443,false],"large":["https:\/\/ibecbarcelona.eu\/wp-content\/uploads\/2016\/12\/gender.jpg",500,443,false]},"AFP_attachments":{"full":["https:\/\/ibecbarcelona.eu\/wp-content\/uploads\/2016\/12\/gender.jpg",500,443,false],"thumbnail":["https:\/\/ibecbarcelona.eu\/wp-content\/uploads\/2016\/12\/gender-150x150.jpg",150,150,true],"medium":["https:\/\/ibecbarcelona.eu\/wp-content\/uploads\/2016\/12\/gender-300x266.jpg",300,266,true],"medium_large":["https:\/\/ibecbarcelona.eu\/wp-content\/uploads\/2016\/12\/gender.jpg",500,443,false],"large":["https:\/\/ibecbarcelona.eu\/wp-content\/uploads\/2016\/12\/gender.jpg",500,443,false]},"AFP_videos":[],"AFP_video_blocks":"","AFP_category_names":["Not\u00edcies institucionals"],"_links":{"self":[{"href":"https:\/\/ibecbarcelona.eu\/ca\/wp-json\/wp\/v2\/posts\/26791","targetHints":{"allow":["GET"]}}],"collection":[{"href":"https:\/\/ibecbarcelona.eu\/ca\/wp-json\/wp\/v2\/posts"}],"about":[{"href":"https:\/\/ibecbarcelona.eu\/ca\/wp-json\/wp\/v2\/types\/post"}],"author":[{"embeddable":true,"href":"https:\/\/ibecbarcelona.eu\/ca\/wp-json\/wp\/v2\/users\/4"}],"replies":[{"embeddable":true,"href":"https:\/\/ibecbarcelona.eu\/ca\/wp-json\/wp\/v2\/comments?post=26791"}],"version-history":[{"count":0,"href":"https:\/\/ibecbarcelona.eu\/ca\/wp-json\/wp\/v2\/posts\/26791\/revisions"}],"wp:featuredmedia":[{"embeddable":true,"href":"https:\/\/ibecbarcelona.eu\/ca\/wp-json\/wp\/v2\/media\/26131"}],"wp:attachment":[{"href":"https:\/\/ibecbarcelona.eu\/ca\/wp-json\/wp\/v2\/media?parent=26791"}],"wp:term":[{"taxonomy":"category","embeddable":true,"href":"https:\/\/ibecbarcelona.eu\/ca\/wp-json\/wp\/v2\/categories?post=26791"},{"taxonomy":"post_tag","embeddable":true,"href":"https:\/\/ibecbarcelona.eu\/ca\/wp-json\/wp\/v2\/tags?post=26791"},{"taxonomy":"post_format","embeddable":true,"href":"https:\/\/ibecbarcelona.eu\/ca\/wp-json\/wp\/v2\/post_formats?post=26791"}],"curies":[{"name":"wp","href":"https:\/\/api.w.org\/{rel}","templated":true}]}}