
{"id":29854,"date":"2017-05-30T13:14:32","date_gmt":"2017-05-30T11:14:32","guid":{"rendered":"http:\/\/ibecbarcelona.eu\/ca\/?p=29854"},"modified":"2017-06-09T13:25:48","modified_gmt":"2017-06-09T11:25:48","slug":"el-dia-de-dema-les-malalties","status":"publish","type":"post","link":"https:\/\/ibecbarcelona.eu\/ca\/el-dia-de-dema-les-malalties\/","title":{"rendered":"El d\u00eda de dem\u00e0: \u201cLes malalties\u201d"},"content":{"rendered":"<p>Durant el programa Josep Samitier \u00e9s entrevistat sobre les malalties, i Nuria Montserrat descriu les possibilitats de regeneraci\u00f3 card\u00edaca que s&#8217;estan obrint en dipositar c\u00e8l\u00b7lules mare mitjan\u00e7ant bioimpressi\u00f3 3D (del minut 31 al 25).<\/p>\n<p>Tamb\u00e9 apareix Mateu Pla, mostrant la bioimpressora 3D del IBEC i explicant com els dip\u00f2sits de c\u00e8l\u00b7lules poden ser &#8220;impressos&#8221; en suports per fer construccions bioactives viables (32 &#8220;52).<\/p>\n","protected":false},"excerpt":{"rendered":"<h3><img decoding=\"async\" class=\"left size-full wp-image-29705 lazyload\" data-src=\"https:\/\/ibecbarcelona.eu\/wp-content\/uploads\/2017\/05\/eldiadedema.jpg\" alt=\"\" width=\"450\" height=\"284\" data-srcset=\"https:\/\/ibecbarcelona.eu\/wp-content\/uploads\/2017\/05\/eldiadedema.jpg 450w, https:\/\/ibecbarcelona.eu\/wp-content\/uploads\/2017\/05\/eldiadedema-300x189.jpg 300w, https:\/\/ibecbarcelona.eu\/wp-content\/uploads\/2017\/05\/eldiadedema-206x130.jpg 206w, https:\/\/ibecbarcelona.eu\/wp-content\/uploads\/2017\/05\/eldiadedema-150x95.jpg 150w, https:\/\/ibecbarcelona.eu\/wp-content\/uploads\/2017\/05\/eldiadedema-318x201.jpg 318w\" data-sizes=\"(max-width: 450px) 100vw, 450px\" src=\"data:image\/svg+xml;base64,PHN2ZyB3aWR0aD0iMSIgaGVpZ2h0PSIxIiB4bWxucz0iaHR0cDovL3d3dy53My5vcmcvMjAwMC9zdmciPjwvc3ZnPg==\" style=\"--smush-placeholder-width: 450px; --smush-placeholder-aspect-ratio: 450\/284;\" \/> L&#8217;IBEC va apar\u00e8ixer ahir al programa &#8220;El dia de dem\u00e0&#8221; del Canal 33 en un episodi sobre les malalties.<\/h3>\n<p>El <a href=\"http:\/\/www.ccma.cat\/tv3\/el-dia-de-dema\/\" target=\"_blank\" rel=\"noopener noreferrer\">programa<\/a>, ideat pel periodista Josep Puigb\u00f3 i dirigit per TV3 en associaci\u00f3 amb l&#8217;Obra Social &#8220;la Caixa&#8221;, es va referir al fet que en els \u00faltims cinquanta anys l&#8217;esperan\u00e7a de vida ha augmentat en trenta anys i que disciplines com la fot\u00f2nica, la nanotecnologia, la rob\u00f2tica i la realitat augmentada ofereixen noves formes de diagnosticar, prevenir o tractar malalties del futur.<\/p>\n","protected":false},"author":4,"featured_media":29705,"comment_status":"closed","ping_status":"closed","sticky":false,"template":"","format":"standard","meta":{"footnotes":""},"categories":[99],"tags":[],"post_formats":[],"class_list":["post-29854","post","type-post","status-publish","format-standard","has-post-thumbnail","hentry","category-ibec-als-mitjans"],"yoast_head":"<!-- This site is optimized with the Yoast SEO plugin v27.5 - https:\/\/yoast.com\/product\/yoast-seo-wordpress\/ -->\n<title>El d\u00eda de dem\u00e0: \u201cLes malalties\u201d - Institute for Bioengineering of Catalonia<\/title>\n<meta name=\"robots\" content=\"index, follow, max-snippet:-1, max-image-preview:large, max-video-preview:-1\" \/>\n<link rel=\"canonical\" href=\"https:\/\/ibecbarcelona.eu\/ca\/el-dia-de-dema-les-malalties\/\" \/>\n<meta property=\"og:locale\" content=\"ca_ES\" \/>\n<meta property=\"og:type\" content=\"article\" \/>\n<meta property=\"og:title\" content=\"El d\u00eda de dem\u00e0: \u201cLes malalties\u201d - Institute for Bioengineering of Catalonia\" \/>\n<meta property=\"og:description\" content=\"L&#039;IBEC va apar\u00e8ixer ahir al programa &quot;El dia de dem\u00e0&quot; del Canal 33 en un episodi sobre les malalties. El programa, ideat pel periodista Josep Puigb\u00f3 i dirigit per TV3 en associaci\u00f3 amb l&#039;Obra Social &quot;la Caixa&quot;, es va referir al fet que en els \u00faltims cinquanta anys l&#039;esperan\u00e7a de vida ha augmentat en trenta anys i que disciplines com la fot\u00f2nica, la nanotecnologia, la rob\u00f2tica i la realitat augmentada ofereixen noves formes de diagnosticar, prevenir o tractar malalties del futur.\" \/>\n<meta property=\"og:url\" content=\"https:\/\/ibecbarcelona.eu\/ca\/el-dia-de-dema-les-malalties\/\" \/>\n<meta property=\"og:site_name\" content=\"Institute for Bioengineering of Catalonia\" \/>\n<meta property=\"article:published_time\" content=\"2017-05-30T11:14:32+00:00\" \/>\n<meta property=\"article:modified_time\" content=\"2017-06-09T11:25:48+00:00\" \/>\n<meta property=\"og:image\" content=\"https:\/\/ibecbarcelona.eu\/wp-content\/uploads\/2017\/05\/eldiadedema.jpg\" \/>\n\t<meta property=\"og:image:width\" content=\"450\" \/>\n\t<meta property=\"og:image:height\" content=\"284\" \/>\n\t<meta property=\"og:image:type\" content=\"image\/jpeg\" \/>\n<meta name=\"author\" content=\"\u00c0ngels L\u00f3pez\" \/>\n<meta name=\"twitter:card\" content=\"summary_large_image\" \/>\n<meta name=\"twitter:label1\" content=\"Escrit per\" \/>\n\t<meta name=\"twitter:data1\" content=\"\u00c0ngels L\u00f3pez\" \/>\n<script type=\"application\/ld+json\" class=\"yoast-schema-graph\">{\"@context\":\"https:\\\/\\\/schema.org\",\"@graph\":[{\"@type\":\"Article\",\"@id\":\"https:\\\/\\\/ibecbarcelona.eu\\\/ca\\\/el-dia-de-dema-les-malalties\\\/#article\",\"isPartOf\":{\"@id\":\"https:\\\/\\\/ibecbarcelona.eu\\\/ca\\\/el-dia-de-dema-les-malalties\\\/\"},\"author\":{\"name\":\"\u00c0ngels L\u00f3pez\",\"@id\":\"https:\\\/\\\/ibecbarcelona.eu\\\/#\\\/schema\\\/person\\\/c212c6b589546130be67986b9290e2b8\"},\"headline\":\"El d\u00eda de dem\u00e0: \u201cLes malalties\u201d\",\"datePublished\":\"2017-05-30T11:14:32+00:00\",\"dateModified\":\"2017-06-09T11:25:48+00:00\",\"mainEntityOfPage\":{\"@id\":\"https:\\\/\\\/ibecbarcelona.eu\\\/ca\\\/el-dia-de-dema-les-malalties\\\/\"},\"wordCount\":73,\"publisher\":{\"@id\":\"https:\\\/\\\/ibecbarcelona.eu\\\/#organization\"},\"image\":{\"@id\":\"https:\\\/\\\/ibecbarcelona.eu\\\/ca\\\/el-dia-de-dema-les-malalties\\\/#primaryimage\"},\"thumbnailUrl\":\"https:\\\/\\\/ibecbarcelona.eu\\\/wp-content\\\/uploads\\\/2017\\\/05\\\/eldiadedema.jpg\",\"articleSection\":[\"IBEC als mitjans\"],\"inLanguage\":\"ca\"},{\"@type\":\"WebPage\",\"@id\":\"https:\\\/\\\/ibecbarcelona.eu\\\/ca\\\/el-dia-de-dema-les-malalties\\\/\",\"url\":\"https:\\\/\\\/ibecbarcelona.eu\\\/ca\\\/el-dia-de-dema-les-malalties\\\/\",\"name\":\"El d\u00eda de dem\u00e0: \u201cLes malalties\u201d - Institute for Bioengineering of Catalonia\",\"isPartOf\":{\"@id\":\"https:\\\/\\\/ibecbarcelona.eu\\\/#website\"},\"primaryImageOfPage\":{\"@id\":\"https:\\\/\\\/ibecbarcelona.eu\\\/ca\\\/el-dia-de-dema-les-malalties\\\/#primaryimage\"},\"image\":{\"@id\":\"https:\\\/\\\/ibecbarcelona.eu\\\/ca\\\/el-dia-de-dema-les-malalties\\\/#primaryimage\"},\"thumbnailUrl\":\"https:\\\/\\\/ibecbarcelona.eu\\\/wp-content\\\/uploads\\\/2017\\\/05\\\/eldiadedema.jpg\",\"datePublished\":\"2017-05-30T11:14:32+00:00\",\"dateModified\":\"2017-06-09T11:25:48+00:00\",\"breadcrumb\":{\"@id\":\"https:\\\/\\\/ibecbarcelona.eu\\\/ca\\\/el-dia-de-dema-les-malalties\\\/#breadcrumb\"},\"inLanguage\":\"ca\",\"potentialAction\":[{\"@type\":\"ReadAction\",\"target\":[\"https:\\\/\\\/ibecbarcelona.eu\\\/ca\\\/el-dia-de-dema-les-malalties\\\/\"]}]},{\"@type\":\"ImageObject\",\"inLanguage\":\"ca\",\"@id\":\"https:\\\/\\\/ibecbarcelona.eu\\\/ca\\\/el-dia-de-dema-les-malalties\\\/#primaryimage\",\"url\":\"https:\\\/\\\/ibecbarcelona.eu\\\/wp-content\\\/uploads\\\/2017\\\/05\\\/eldiadedema.jpg\",\"contentUrl\":\"https:\\\/\\\/ibecbarcelona.eu\\\/wp-content\\\/uploads\\\/2017\\\/05\\\/eldiadedema.jpg\",\"width\":450,\"height\":284},{\"@type\":\"BreadcrumbList\",\"@id\":\"https:\\\/\\\/ibecbarcelona.eu\\\/ca\\\/el-dia-de-dema-les-malalties\\\/#breadcrumb\",\"itemListElement\":[{\"@type\":\"ListItem\",\"position\":1,\"name\":\"Home\",\"item\":\"https:\\\/\\\/ibecbarcelona.eu\\\/ca\\\/\"},{\"@type\":\"ListItem\",\"position\":2,\"name\":\"El d\u00eda de dem\u00e0: \u201cLes malalties\u201d\"}]},{\"@type\":\"WebSite\",\"@id\":\"https:\\\/\\\/ibecbarcelona.eu\\\/#website\",\"url\":\"https:\\\/\\\/ibecbarcelona.eu\\\/\",\"name\":\"Institute for Bioengineering of Catalonia\",\"description\":\"Bioengineering Solutions for Health\",\"publisher\":{\"@id\":\"https:\\\/\\\/ibecbarcelona.eu\\\/#organization\"},\"potentialAction\":[{\"@type\":\"SearchAction\",\"target\":{\"@type\":\"EntryPoint\",\"urlTemplate\":\"https:\\\/\\\/ibecbarcelona.eu\\\/?s={search_term_string}\"},\"query-input\":{\"@type\":\"PropertyValueSpecification\",\"valueRequired\":true,\"valueName\":\"search_term_string\"}}],\"inLanguage\":\"ca\"},{\"@type\":\"Organization\",\"@id\":\"https:\\\/\\\/ibecbarcelona.eu\\\/#organization\",\"name\":\"Institute for Bioengineering of Catalonia\",\"url\":\"https:\\\/\\\/ibecbarcelona.eu\\\/\",\"logo\":{\"@type\":\"ImageObject\",\"inLanguage\":\"ca\",\"@id\":\"https:\\\/\\\/ibecbarcelona.eu\\\/#\\\/schema\\\/logo\\\/image\\\/\",\"url\":\"https:\\\/\\\/ibecbarcelona.eu\\\/wp-content\\\/uploads\\\/2026\\\/01\\\/cropped-IBEC_20ANYS_GRIS.png\",\"contentUrl\":\"https:\\\/\\\/ibecbarcelona.eu\\\/wp-content\\\/uploads\\\/2026\\\/01\\\/cropped-IBEC_20ANYS_GRIS.png\",\"width\":696,\"height\":257,\"caption\":\"Institute for Bioengineering of Catalonia\"},\"image\":{\"@id\":\"https:\\\/\\\/ibecbarcelona.eu\\\/#\\\/schema\\\/logo\\\/image\\\/\"}},{\"@type\":\"Person\",\"@id\":\"https:\\\/\\\/ibecbarcelona.eu\\\/#\\\/schema\\\/person\\\/c212c6b589546130be67986b9290e2b8\",\"name\":\"\u00c0ngels L\u00f3pez\",\"image\":{\"@type\":\"ImageObject\",\"inLanguage\":\"ca\",\"@id\":\"https:\\\/\\\/secure.gravatar.com\\\/avatar\\\/09ad6ba116bea0b15c5511860f83b302579fd7404c1180e9dae55c3f11d988c6?s=96&d=mm&r=g\",\"url\":\"https:\\\/\\\/secure.gravatar.com\\\/avatar\\\/09ad6ba116bea0b15c5511860f83b302579fd7404c1180e9dae55c3f11d988c6?s=96&d=mm&r=g\",\"contentUrl\":\"https:\\\/\\\/secure.gravatar.com\\\/avatar\\\/09ad6ba116bea0b15c5511860f83b302579fd7404c1180e9dae55c3f11d988c6?s=96&d=mm&r=g\",\"caption\":\"\u00c0ngels L\u00f3pez\"},\"url\":\"https:\\\/\\\/ibecbarcelona.eu\\\/ca\\\/author\\\/alopez\\\/\"}]}<\/script>\n<!-- \/ Yoast SEO plugin. -->","yoast_head_json":{"title":"El d\u00eda de dem\u00e0: \u201cLes malalties\u201d - Institute for Bioengineering of Catalonia","robots":{"index":"index","follow":"follow","max-snippet":"max-snippet:-1","max-image-preview":"max-image-preview:large","max-video-preview":"max-video-preview:-1"},"canonical":"https:\/\/ibecbarcelona.eu\/ca\/el-dia-de-dema-les-malalties\/","og_locale":"ca_ES","og_type":"article","og_title":"El d\u00eda de dem\u00e0: \u201cLes malalties\u201d - Institute for Bioengineering of Catalonia","og_description":"L'IBEC va apar\u00e8ixer ahir al programa \"El dia de dem\u00e0\" del Canal 33 en un episodi sobre les malalties. El programa, ideat pel periodista Josep Puigb\u00f3 i dirigit per TV3 en associaci\u00f3 amb l'Obra Social \"la Caixa\", es va referir al fet que en els \u00faltims cinquanta anys l'esperan\u00e7a de vida ha augmentat en trenta anys i que disciplines com la fot\u00f2nica, la nanotecnologia, la rob\u00f2tica i la realitat augmentada ofereixen noves formes de diagnosticar, prevenir o tractar malalties del futur.","og_url":"https:\/\/ibecbarcelona.eu\/ca\/el-dia-de-dema-les-malalties\/","og_site_name":"Institute for Bioengineering of Catalonia","article_published_time":"2017-05-30T11:14:32+00:00","article_modified_time":"2017-06-09T11:25:48+00:00","og_image":[{"width":450,"height":284,"url":"https:\/\/ibecbarcelona.eu\/wp-content\/uploads\/2017\/05\/eldiadedema.jpg","type":"image\/jpeg"}],"author":"\u00c0ngels L\u00f3pez","twitter_card":"summary_large_image","twitter_misc":{"Escrit per":"\u00c0ngels L\u00f3pez"},"schema":{"@context":"https:\/\/schema.org","@graph":[{"@type":"Article","@id":"https:\/\/ibecbarcelona.eu\/ca\/el-dia-de-dema-les-malalties\/#article","isPartOf":{"@id":"https:\/\/ibecbarcelona.eu\/ca\/el-dia-de-dema-les-malalties\/"},"author":{"name":"\u00c0ngels L\u00f3pez","@id":"https:\/\/ibecbarcelona.eu\/#\/schema\/person\/c212c6b589546130be67986b9290e2b8"},"headline":"El d\u00eda de dem\u00e0: \u201cLes malalties\u201d","datePublished":"2017-05-30T11:14:32+00:00","dateModified":"2017-06-09T11:25:48+00:00","mainEntityOfPage":{"@id":"https:\/\/ibecbarcelona.eu\/ca\/el-dia-de-dema-les-malalties\/"},"wordCount":73,"publisher":{"@id":"https:\/\/ibecbarcelona.eu\/#organization"},"image":{"@id":"https:\/\/ibecbarcelona.eu\/ca\/el-dia-de-dema-les-malalties\/#primaryimage"},"thumbnailUrl":"https:\/\/ibecbarcelona.eu\/wp-content\/uploads\/2017\/05\/eldiadedema.jpg","articleSection":["IBEC als mitjans"],"inLanguage":"ca"},{"@type":"WebPage","@id":"https:\/\/ibecbarcelona.eu\/ca\/el-dia-de-dema-les-malalties\/","url":"https:\/\/ibecbarcelona.eu\/ca\/el-dia-de-dema-les-malalties\/","name":"El d\u00eda de dem\u00e0: \u201cLes malalties\u201d - Institute for Bioengineering of Catalonia","isPartOf":{"@id":"https:\/\/ibecbarcelona.eu\/#website"},"primaryImageOfPage":{"@id":"https:\/\/ibecbarcelona.eu\/ca\/el-dia-de-dema-les-malalties\/#primaryimage"},"image":{"@id":"https:\/\/ibecbarcelona.eu\/ca\/el-dia-de-dema-les-malalties\/#primaryimage"},"thumbnailUrl":"https:\/\/ibecbarcelona.eu\/wp-content\/uploads\/2017\/05\/eldiadedema.jpg","datePublished":"2017-05-30T11:14:32+00:00","dateModified":"2017-06-09T11:25:48+00:00","breadcrumb":{"@id":"https:\/\/ibecbarcelona.eu\/ca\/el-dia-de-dema-les-malalties\/#breadcrumb"},"inLanguage":"ca","potentialAction":[{"@type":"ReadAction","target":["https:\/\/ibecbarcelona.eu\/ca\/el-dia-de-dema-les-malalties\/"]}]},{"@type":"ImageObject","inLanguage":"ca","@id":"https:\/\/ibecbarcelona.eu\/ca\/el-dia-de-dema-les-malalties\/#primaryimage","url":"https:\/\/ibecbarcelona.eu\/wp-content\/uploads\/2017\/05\/eldiadedema.jpg","contentUrl":"https:\/\/ibecbarcelona.eu\/wp-content\/uploads\/2017\/05\/eldiadedema.jpg","width":450,"height":284},{"@type":"BreadcrumbList","@id":"https:\/\/ibecbarcelona.eu\/ca\/el-dia-de-dema-les-malalties\/#breadcrumb","itemListElement":[{"@type":"ListItem","position":1,"name":"Home","item":"https:\/\/ibecbarcelona.eu\/ca\/"},{"@type":"ListItem","position":2,"name":"El d\u00eda de dem\u00e0: \u201cLes malalties\u201d"}]},{"@type":"WebSite","@id":"https:\/\/ibecbarcelona.eu\/#website","url":"https:\/\/ibecbarcelona.eu\/","name":"Institute for Bioengineering of Catalonia","description":"Bioengineering Solutions for Health","publisher":{"@id":"https:\/\/ibecbarcelona.eu\/#organization"},"potentialAction":[{"@type":"SearchAction","target":{"@type":"EntryPoint","urlTemplate":"https:\/\/ibecbarcelona.eu\/?s={search_term_string}"},"query-input":{"@type":"PropertyValueSpecification","valueRequired":true,"valueName":"search_term_string"}}],"inLanguage":"ca"},{"@type":"Organization","@id":"https:\/\/ibecbarcelona.eu\/#organization","name":"Institute for Bioengineering of Catalonia","url":"https:\/\/ibecbarcelona.eu\/","logo":{"@type":"ImageObject","inLanguage":"ca","@id":"https:\/\/ibecbarcelona.eu\/#\/schema\/logo\/image\/","url":"https:\/\/ibecbarcelona.eu\/wp-content\/uploads\/2026\/01\/cropped-IBEC_20ANYS_GRIS.png","contentUrl":"https:\/\/ibecbarcelona.eu\/wp-content\/uploads\/2026\/01\/cropped-IBEC_20ANYS_GRIS.png","width":696,"height":257,"caption":"Institute for Bioengineering of Catalonia"},"image":{"@id":"https:\/\/ibecbarcelona.eu\/#\/schema\/logo\/image\/"}},{"@type":"Person","@id":"https:\/\/ibecbarcelona.eu\/#\/schema\/person\/c212c6b589546130be67986b9290e2b8","name":"\u00c0ngels L\u00f3pez","image":{"@type":"ImageObject","inLanguage":"ca","@id":"https:\/\/secure.gravatar.com\/avatar\/09ad6ba116bea0b15c5511860f83b302579fd7404c1180e9dae55c3f11d988c6?s=96&d=mm&r=g","url":"https:\/\/secure.gravatar.com\/avatar\/09ad6ba116bea0b15c5511860f83b302579fd7404c1180e9dae55c3f11d988c6?s=96&d=mm&r=g","contentUrl":"https:\/\/secure.gravatar.com\/avatar\/09ad6ba116bea0b15c5511860f83b302579fd7404c1180e9dae55c3f11d988c6?s=96&d=mm&r=g","caption":"\u00c0ngels L\u00f3pez"},"url":"https:\/\/ibecbarcelona.eu\/ca\/author\/alopez\/"}]}},"AFP_featured_media_urls":{"full":["https:\/\/ibecbarcelona.eu\/wp-content\/uploads\/2017\/05\/eldiadedema.jpg",450,284,false],"thumbnail":["https:\/\/ibecbarcelona.eu\/wp-content\/uploads\/2017\/05\/eldiadedema-150x150.jpg",150,150,true],"medium":["https:\/\/ibecbarcelona.eu\/wp-content\/uploads\/2017\/05\/eldiadedema-300x189.jpg",300,189,true],"medium_large":["https:\/\/ibecbarcelona.eu\/wp-content\/uploads\/2017\/05\/eldiadedema.jpg",450,284,false],"large":["https:\/\/ibecbarcelona.eu\/wp-content\/uploads\/2017\/05\/eldiadedema.jpg",450,284,false]},"AFP_attachments":[],"AFP_videos":[],"AFP_video_blocks":"","AFP_category_names":["IBEC als mitjans"],"_links":{"self":[{"href":"https:\/\/ibecbarcelona.eu\/ca\/wp-json\/wp\/v2\/posts\/29854","targetHints":{"allow":["GET"]}}],"collection":[{"href":"https:\/\/ibecbarcelona.eu\/ca\/wp-json\/wp\/v2\/posts"}],"about":[{"href":"https:\/\/ibecbarcelona.eu\/ca\/wp-json\/wp\/v2\/types\/post"}],"author":[{"embeddable":true,"href":"https:\/\/ibecbarcelona.eu\/ca\/wp-json\/wp\/v2\/users\/4"}],"replies":[{"embeddable":true,"href":"https:\/\/ibecbarcelona.eu\/ca\/wp-json\/wp\/v2\/comments?post=29854"}],"version-history":[{"count":1,"href":"https:\/\/ibecbarcelona.eu\/ca\/wp-json\/wp\/v2\/posts\/29854\/revisions"}],"predecessor-version":[{"id":29857,"href":"https:\/\/ibecbarcelona.eu\/ca\/wp-json\/wp\/v2\/posts\/29854\/revisions\/29857"}],"wp:featuredmedia":[{"embeddable":true,"href":"https:\/\/ibecbarcelona.eu\/ca\/wp-json\/wp\/v2\/media\/29705"}],"wp:attachment":[{"href":"https:\/\/ibecbarcelona.eu\/ca\/wp-json\/wp\/v2\/media?parent=29854"}],"wp:term":[{"taxonomy":"category","embeddable":true,"href":"https:\/\/ibecbarcelona.eu\/ca\/wp-json\/wp\/v2\/categories?post=29854"},{"taxonomy":"post_tag","embeddable":true,"href":"https:\/\/ibecbarcelona.eu\/ca\/wp-json\/wp\/v2\/tags?post=29854"},{"taxonomy":"post_format","embeddable":true,"href":"https:\/\/ibecbarcelona.eu\/ca\/wp-json\/wp\/v2\/post_formats?post=29854"}],"curies":[{"name":"wp","href":"https:\/\/api.w.org\/{rel}","templated":true}]}}