
{"id":31470,"date":"2017-09-21T17:58:57","date_gmt":"2017-09-21T15:58:57","guid":{"rendered":"http:\/\/ibecbarcelona.eu\/?p=31470\/"},"modified":"2017-09-22T11:23:25","modified_gmt":"2017-09-22T09:23:25","slug":"la-impressio-3d-i-les-seves-aplicacions-practiques-en-salut","status":"publish","type":"post","link":"https:\/\/ibecbarcelona.eu\/ca\/la-impressio-3d-i-les-seves-aplicacions-practiques-en-salut\/","title":{"rendered":"La impressi\u00f3 3D i les seves aplicacions pr\u00e0ctiques en salut"},"content":{"rendered":"<p>Durant inauguraci\u00f3 \u00c1ngel Lanuza, coordinador de la Plataforma Espanyola d&#8217;Innovaci\u00f3 en Tecnologia Sanit\u00e0ria, va indicar que: \u201cAquesta tecnologia ofereix un futur prometedor, per tant, \u00e9s molt important que els diversos agents de l&#8217;entorn sanitari seguim col\u00b7laborant junts per donar respostes als reptes que la societat proposa, traslladar la innovaci\u00f3 al mercat i augmentar la competitivitat de les nostres empreses\u201d.<\/p>\n<p>Al primer debat, que va girar entorn de la Impressi\u00f3 3D en la pr\u00e0ctica cl\u00ednica, es va posar especial \u00e8mfasi a les tecnologies que ja estan implantades a dia d&#8217;avui, com la creaci\u00f3 de bior\u00e8pliques per a l&#8217;estudi quir\u00fargic (BREQ) que va presentar el Jes\u00fas Corbacho de l&#8217;empresa Eureqa, i on va destacar la rellev\u00e0ncia d&#8217;ocupar-se de tot el proc\u00e9s de fabricaci\u00f3 a partir de les imatges de l&#8217;historial cl\u00ednic del pacient, proporcionant al cirurgi\u00e0 un model per planificar la cirurgia i un model esterilitzat per al trasplantament. En aquest primer debat tamb\u00e9 van participar el  Damjan Kolevski (Regemat3D), l&#8217;Albert Giralt (Avinent) i el Carlos Atienza (IBV), on tamb\u00e9 es va destacar la necessitat d&#8217;una normativa regulat\u00f2ria que garant\u00eds la seguretat dels productes fabricats.<\/p>\n<p>Durant la segona taula rodona es va abordar el tema de la medicina regenerativa i els avan\u00e7os en bioimpresi\u00f3n 3D amb c\u00e8l\u00b7lules, la potencialitat de les quals en regeneraci\u00f3 de teixits i \u00f2rgans encara est\u00e0 en vies de desenvolupament.  La Dra. Elisabeth Engel (responsable del grup de Biomaterials per a ter\u00e0pies regeneratives de l&#8217;IBEC) va explicar els reptes als quals s&#8217;enfronten, ja que el teixit, a causa de la seva complexitat, \u00e9s molt dif\u00edcil de mimetitzar, per\u00f2 la impressora 3D ofereix la possibilitat de crear estructures en 3D molt poroses amb biotintes que permeten fer arribar oxigen i nutrients que garanteixin la superviv\u00e8ncia cel\u00b7lular.  En la mateixa sessi\u00f3, el Dr. Roberto Velez (Hospital Vall d\u2019Hebron), el Dr. Pablo Gelber (Hospital de la Santa Creu i Sant Pau) i l&#8217;Esteve Tr\u00edas (Banc de Sant i Teixits) van parlar de les necessitats en la pr\u00e0ctica de la seva professi\u00f3 que aquesta nova tecnologia pot cobrir.<\/p>\n<p>En l&#8217;\u00faltima sessi\u00f3 del mat\u00ed, reptes i futur, protagonitzada per Xavier Canals (TecnoMed Enginyers), Tom\u00e0s Meg\u00eda (Acci\u00f3 \u2013 HUB3D) i \u00c1ngel Lanuza (Fenin), els ponents van presentar i van debatre la regulaci\u00f3 de l&#8217;\u00fas de la impressi\u00f3 3D en l&#8217;\u00e0mbit de la salut, aix\u00ed com els dilemes \u00e8tics que la mateixa presenta, i la necessitat de programes de formaci\u00f3. Tamb\u00e9 es va tractar del model de desenvolupament tecnol\u00f2gic CPI (Compra P\u00fablica Innovadora), en qu\u00e8 les administracions p\u00fabliques participen del finan\u00e7ament de noves tecnologies amb finalitats m\u00e8diques i de l&#8217;\u00e0mbit de la salut, i tamb\u00e9 sobre el Global 3D Printing Hub, que s&#8217;instal\u00b7lar\u00e0 a Catalunya.<\/p>\n<p>&nbsp;<\/p>\n","protected":false},"excerpt":{"rendered":"<h3><img decoding=\"async\" data-src=\"https:\/\/ibecbarcelona.eu\/wp-content\/uploads\/2017\/09\/eli3D.jpg\" alt=\"\" width=\"400\" height=\"270\" class=\"left size-full wp-image-31456 lazyload\" data-srcset=\"https:\/\/ibecbarcelona.eu\/wp-content\/uploads\/2017\/09\/eli3D.jpg 400w, https:\/\/ibecbarcelona.eu\/wp-content\/uploads\/2017\/09\/eli3D-300x203.jpg 300w, https:\/\/ibecbarcelona.eu\/wp-content\/uploads\/2017\/09\/eli3D-193x130.jpg 193w, https:\/\/ibecbarcelona.eu\/wp-content\/uploads\/2017\/09\/eli3D-150x101.jpg 150w\" data-sizes=\"(max-width: 400px) 100vw, 400px\" src=\"data:image\/svg+xml;base64,PHN2ZyB3aWR0aD0iMSIgaGVpZ2h0PSIxIiB4bWxucz0iaHR0cDovL3d3dy53My5vcmcvMjAwMC9zdmciPjwvc3ZnPg==\" style=\"--smush-placeholder-width: 400px; --smush-placeholder-aspect-ratio: 400\/270;\" \/>Avui s&#8217;han reunit a Barcelona investigadors cl\u00ednics de tota Espanya, hospitals, autoritats sanit\u00e0ries i representants de companyies farmac\u00e8utiques, biotecnol\u00f2giques i de tecnologia sanit\u00e0ria, entre uns altres, per debatre sobre l&#8217;\u00fas de la impressi\u00f3 3D en el camp de la salut. <\/h3>\n<p>La jornada, organitzada per la Plataforma Espanyola de Nanomedicina (NANOMED Spain), coordinada pel l&#8217;IBEC, la Plataforma Espanyola d&#8217;Innovaci\u00f3 en Tecnologia Sanit\u00e0ria, coordinada pel FENIN, i el HealtTech Cl\u00faster, es va articular en 3 taules rodones on es va debatre sobre la situaci\u00f3 actual, les perspectives futures i els reptes que representa la impressi\u00f3 3D per a aplicacions en l&#8217;\u00e0mbit de la salut.<\/p>\n","protected":false},"author":4,"featured_media":31456,"comment_status":"closed","ping_status":"closed","sticky":false,"template":"","format":"standard","meta":{"footnotes":""},"categories":[98],"tags":[],"post_formats":[],"class_list":["post-31470","post","type-post","status-publish","format-standard","has-post-thumbnail","hentry","category-noticies-institucionals"],"yoast_head":"<!-- This site is optimized with the Yoast SEO plugin v27.5 - https:\/\/yoast.com\/product\/yoast-seo-wordpress\/ -->\n<title>La impressi\u00f3 3D i les seves aplicacions pr\u00e0ctiques en salut - Institute for Bioengineering of Catalonia<\/title>\n<meta name=\"robots\" content=\"index, follow, max-snippet:-1, max-image-preview:large, max-video-preview:-1\" \/>\n<link rel=\"canonical\" href=\"https:\/\/ibecbarcelona.eu\/ca\/la-impressio-3d-i-les-seves-aplicacions-practiques-en-salut\/\" \/>\n<meta property=\"og:locale\" content=\"ca_ES\" \/>\n<meta property=\"og:type\" content=\"article\" \/>\n<meta property=\"og:title\" content=\"La impressi\u00f3 3D i les seves aplicacions pr\u00e0ctiques en salut - Institute for Bioengineering of Catalonia\" \/>\n<meta property=\"og:description\" content=\"Avui s&#039;han reunit a Barcelona investigadors cl\u00ednics de tota Espanya, hospitals, autoritats sanit\u00e0ries i representants de companyies farmac\u00e8utiques, biotecnol\u00f2giques i de tecnologia sanit\u00e0ria, entre uns altres, per debatre sobre l&#039;\u00fas de la impressi\u00f3 3D en el camp de la salut.   La jornada, organitzada per la Plataforma Espanyola de Nanomedicina (NANOMED Spain), coordinada pel l&#039;IBEC, la Plataforma Espanyola d&#039;Innovaci\u00f3 en Tecnologia Sanit\u00e0ria, coordinada pel FENIN, i el HealtTech Cl\u00faster, es va articular en 3 taules rodones on es va debatre sobre la situaci\u00f3 actual, les perspectives futures i els reptes que representa la impressi\u00f3 3D per a aplicacions en l&#039;\u00e0mbit de la salut.\" \/>\n<meta property=\"og:url\" content=\"https:\/\/ibecbarcelona.eu\/ca\/la-impressio-3d-i-les-seves-aplicacions-practiques-en-salut\/\" \/>\n<meta property=\"og:site_name\" content=\"Institute for Bioengineering of Catalonia\" \/>\n<meta property=\"article:published_time\" content=\"2017-09-21T15:58:57+00:00\" \/>\n<meta property=\"article:modified_time\" content=\"2017-09-22T09:23:25+00:00\" \/>\n<meta property=\"og:image\" content=\"https:\/\/ibecbarcelona.eu\/wp-content\/uploads\/2017\/09\/eli3D.jpg\" \/>\n\t<meta property=\"og:image:width\" content=\"400\" \/>\n\t<meta property=\"og:image:height\" content=\"270\" \/>\n\t<meta property=\"og:image:type\" content=\"image\/jpeg\" \/>\n<meta name=\"author\" content=\"\u00c0ngels L\u00f3pez\" \/>\n<meta name=\"twitter:card\" content=\"summary_large_image\" \/>\n<meta name=\"twitter:label1\" content=\"Escrit per\" \/>\n\t<meta name=\"twitter:data1\" content=\"\u00c0ngels L\u00f3pez\" \/>\n\t<meta name=\"twitter:label2\" content=\"Temps estimat de lectura\" \/>\n\t<meta name=\"twitter:data2\" content=\"2 minuts\" \/>\n<script type=\"application\/ld+json\" class=\"yoast-schema-graph\">{\"@context\":\"https:\\\/\\\/schema.org\",\"@graph\":[{\"@type\":\"Article\",\"@id\":\"https:\\\/\\\/ibecbarcelona.eu\\\/ca\\\/la-impressio-3d-i-les-seves-aplicacions-practiques-en-salut\\\/#article\",\"isPartOf\":{\"@id\":\"https:\\\/\\\/ibecbarcelona.eu\\\/ca\\\/la-impressio-3d-i-les-seves-aplicacions-practiques-en-salut\\\/\"},\"author\":{\"name\":\"\u00c0ngels L\u00f3pez\",\"@id\":\"https:\\\/\\\/ibecbarcelona.eu\\\/#\\\/schema\\\/person\\\/c212c6b589546130be67986b9290e2b8\"},\"headline\":\"La impressi\u00f3 3D i les seves aplicacions pr\u00e0ctiques en salut\",\"datePublished\":\"2017-09-21T15:58:57+00:00\",\"dateModified\":\"2017-09-22T09:23:25+00:00\",\"mainEntityOfPage\":{\"@id\":\"https:\\\/\\\/ibecbarcelona.eu\\\/ca\\\/la-impressio-3d-i-les-seves-aplicacions-practiques-en-salut\\\/\"},\"wordCount\":488,\"publisher\":{\"@id\":\"https:\\\/\\\/ibecbarcelona.eu\\\/#organization\"},\"image\":{\"@id\":\"https:\\\/\\\/ibecbarcelona.eu\\\/ca\\\/la-impressio-3d-i-les-seves-aplicacions-practiques-en-salut\\\/#primaryimage\"},\"thumbnailUrl\":\"https:\\\/\\\/ibecbarcelona.eu\\\/wp-content\\\/uploads\\\/2017\\\/09\\\/eli3D.jpg\",\"articleSection\":[\"Not\u00edcies institucionals\"],\"inLanguage\":\"ca\"},{\"@type\":\"WebPage\",\"@id\":\"https:\\\/\\\/ibecbarcelona.eu\\\/ca\\\/la-impressio-3d-i-les-seves-aplicacions-practiques-en-salut\\\/\",\"url\":\"https:\\\/\\\/ibecbarcelona.eu\\\/ca\\\/la-impressio-3d-i-les-seves-aplicacions-practiques-en-salut\\\/\",\"name\":\"La impressi\u00f3 3D i les seves aplicacions pr\u00e0ctiques en salut - Institute for Bioengineering of Catalonia\",\"isPartOf\":{\"@id\":\"https:\\\/\\\/ibecbarcelona.eu\\\/#website\"},\"primaryImageOfPage\":{\"@id\":\"https:\\\/\\\/ibecbarcelona.eu\\\/ca\\\/la-impressio-3d-i-les-seves-aplicacions-practiques-en-salut\\\/#primaryimage\"},\"image\":{\"@id\":\"https:\\\/\\\/ibecbarcelona.eu\\\/ca\\\/la-impressio-3d-i-les-seves-aplicacions-practiques-en-salut\\\/#primaryimage\"},\"thumbnailUrl\":\"https:\\\/\\\/ibecbarcelona.eu\\\/wp-content\\\/uploads\\\/2017\\\/09\\\/eli3D.jpg\",\"datePublished\":\"2017-09-21T15:58:57+00:00\",\"dateModified\":\"2017-09-22T09:23:25+00:00\",\"breadcrumb\":{\"@id\":\"https:\\\/\\\/ibecbarcelona.eu\\\/ca\\\/la-impressio-3d-i-les-seves-aplicacions-practiques-en-salut\\\/#breadcrumb\"},\"inLanguage\":\"ca\",\"potentialAction\":[{\"@type\":\"ReadAction\",\"target\":[\"https:\\\/\\\/ibecbarcelona.eu\\\/ca\\\/la-impressio-3d-i-les-seves-aplicacions-practiques-en-salut\\\/\"]}]},{\"@type\":\"ImageObject\",\"inLanguage\":\"ca\",\"@id\":\"https:\\\/\\\/ibecbarcelona.eu\\\/ca\\\/la-impressio-3d-i-les-seves-aplicacions-practiques-en-salut\\\/#primaryimage\",\"url\":\"https:\\\/\\\/ibecbarcelona.eu\\\/wp-content\\\/uploads\\\/2017\\\/09\\\/eli3D.jpg\",\"contentUrl\":\"https:\\\/\\\/ibecbarcelona.eu\\\/wp-content\\\/uploads\\\/2017\\\/09\\\/eli3D.jpg\",\"width\":400,\"height\":270},{\"@type\":\"BreadcrumbList\",\"@id\":\"https:\\\/\\\/ibecbarcelona.eu\\\/ca\\\/la-impressio-3d-i-les-seves-aplicacions-practiques-en-salut\\\/#breadcrumb\",\"itemListElement\":[{\"@type\":\"ListItem\",\"position\":1,\"name\":\"Home\",\"item\":\"https:\\\/\\\/ibecbarcelona.eu\\\/ca\\\/\"},{\"@type\":\"ListItem\",\"position\":2,\"name\":\"La impressi\u00f3 3D i les seves aplicacions pr\u00e0ctiques en salut\"}]},{\"@type\":\"WebSite\",\"@id\":\"https:\\\/\\\/ibecbarcelona.eu\\\/#website\",\"url\":\"https:\\\/\\\/ibecbarcelona.eu\\\/\",\"name\":\"Institute for Bioengineering of Catalonia\",\"description\":\"Bioengineering Solutions for Health\",\"publisher\":{\"@id\":\"https:\\\/\\\/ibecbarcelona.eu\\\/#organization\"},\"potentialAction\":[{\"@type\":\"SearchAction\",\"target\":{\"@type\":\"EntryPoint\",\"urlTemplate\":\"https:\\\/\\\/ibecbarcelona.eu\\\/?s={search_term_string}\"},\"query-input\":{\"@type\":\"PropertyValueSpecification\",\"valueRequired\":true,\"valueName\":\"search_term_string\"}}],\"inLanguage\":\"ca\"},{\"@type\":\"Organization\",\"@id\":\"https:\\\/\\\/ibecbarcelona.eu\\\/#organization\",\"name\":\"Institute for Bioengineering of Catalonia\",\"url\":\"https:\\\/\\\/ibecbarcelona.eu\\\/\",\"logo\":{\"@type\":\"ImageObject\",\"inLanguage\":\"ca\",\"@id\":\"https:\\\/\\\/ibecbarcelona.eu\\\/#\\\/schema\\\/logo\\\/image\\\/\",\"url\":\"https:\\\/\\\/ibecbarcelona.eu\\\/wp-content\\\/uploads\\\/2026\\\/01\\\/cropped-IBEC_20ANYS_GRIS.png\",\"contentUrl\":\"https:\\\/\\\/ibecbarcelona.eu\\\/wp-content\\\/uploads\\\/2026\\\/01\\\/cropped-IBEC_20ANYS_GRIS.png\",\"width\":696,\"height\":257,\"caption\":\"Institute for Bioengineering of Catalonia\"},\"image\":{\"@id\":\"https:\\\/\\\/ibecbarcelona.eu\\\/#\\\/schema\\\/logo\\\/image\\\/\"}},{\"@type\":\"Person\",\"@id\":\"https:\\\/\\\/ibecbarcelona.eu\\\/#\\\/schema\\\/person\\\/c212c6b589546130be67986b9290e2b8\",\"name\":\"\u00c0ngels L\u00f3pez\",\"image\":{\"@type\":\"ImageObject\",\"inLanguage\":\"ca\",\"@id\":\"https:\\\/\\\/secure.gravatar.com\\\/avatar\\\/09ad6ba116bea0b15c5511860f83b302579fd7404c1180e9dae55c3f11d988c6?s=96&d=mm&r=g\",\"url\":\"https:\\\/\\\/secure.gravatar.com\\\/avatar\\\/09ad6ba116bea0b15c5511860f83b302579fd7404c1180e9dae55c3f11d988c6?s=96&d=mm&r=g\",\"contentUrl\":\"https:\\\/\\\/secure.gravatar.com\\\/avatar\\\/09ad6ba116bea0b15c5511860f83b302579fd7404c1180e9dae55c3f11d988c6?s=96&d=mm&r=g\",\"caption\":\"\u00c0ngels L\u00f3pez\"},\"url\":\"https:\\\/\\\/ibecbarcelona.eu\\\/ca\\\/author\\\/alopez\\\/\"}]}<\/script>\n<!-- \/ Yoast SEO plugin. -->","yoast_head_json":{"title":"La impressi\u00f3 3D i les seves aplicacions pr\u00e0ctiques en salut - Institute for Bioengineering of Catalonia","robots":{"index":"index","follow":"follow","max-snippet":"max-snippet:-1","max-image-preview":"max-image-preview:large","max-video-preview":"max-video-preview:-1"},"canonical":"https:\/\/ibecbarcelona.eu\/ca\/la-impressio-3d-i-les-seves-aplicacions-practiques-en-salut\/","og_locale":"ca_ES","og_type":"article","og_title":"La impressi\u00f3 3D i les seves aplicacions pr\u00e0ctiques en salut - Institute for Bioengineering of Catalonia","og_description":"Avui s'han reunit a Barcelona investigadors cl\u00ednics de tota Espanya, hospitals, autoritats sanit\u00e0ries i representants de companyies farmac\u00e8utiques, biotecnol\u00f2giques i de tecnologia sanit\u00e0ria, entre uns altres, per debatre sobre l'\u00fas de la impressi\u00f3 3D en el camp de la salut.   La jornada, organitzada per la Plataforma Espanyola de Nanomedicina (NANOMED Spain), coordinada pel l'IBEC, la Plataforma Espanyola d'Innovaci\u00f3 en Tecnologia Sanit\u00e0ria, coordinada pel FENIN, i el HealtTech Cl\u00faster, es va articular en 3 taules rodones on es va debatre sobre la situaci\u00f3 actual, les perspectives futures i els reptes que representa la impressi\u00f3 3D per a aplicacions en l'\u00e0mbit de la salut.","og_url":"https:\/\/ibecbarcelona.eu\/ca\/la-impressio-3d-i-les-seves-aplicacions-practiques-en-salut\/","og_site_name":"Institute for Bioengineering of Catalonia","article_published_time":"2017-09-21T15:58:57+00:00","article_modified_time":"2017-09-22T09:23:25+00:00","og_image":[{"width":400,"height":270,"url":"https:\/\/ibecbarcelona.eu\/wp-content\/uploads\/2017\/09\/eli3D.jpg","type":"image\/jpeg"}],"author":"\u00c0ngels L\u00f3pez","twitter_card":"summary_large_image","twitter_misc":{"Escrit per":"\u00c0ngels L\u00f3pez","Temps estimat de lectura":"2 minuts"},"schema":{"@context":"https:\/\/schema.org","@graph":[{"@type":"Article","@id":"https:\/\/ibecbarcelona.eu\/ca\/la-impressio-3d-i-les-seves-aplicacions-practiques-en-salut\/#article","isPartOf":{"@id":"https:\/\/ibecbarcelona.eu\/ca\/la-impressio-3d-i-les-seves-aplicacions-practiques-en-salut\/"},"author":{"name":"\u00c0ngels L\u00f3pez","@id":"https:\/\/ibecbarcelona.eu\/#\/schema\/person\/c212c6b589546130be67986b9290e2b8"},"headline":"La impressi\u00f3 3D i les seves aplicacions pr\u00e0ctiques en salut","datePublished":"2017-09-21T15:58:57+00:00","dateModified":"2017-09-22T09:23:25+00:00","mainEntityOfPage":{"@id":"https:\/\/ibecbarcelona.eu\/ca\/la-impressio-3d-i-les-seves-aplicacions-practiques-en-salut\/"},"wordCount":488,"publisher":{"@id":"https:\/\/ibecbarcelona.eu\/#organization"},"image":{"@id":"https:\/\/ibecbarcelona.eu\/ca\/la-impressio-3d-i-les-seves-aplicacions-practiques-en-salut\/#primaryimage"},"thumbnailUrl":"https:\/\/ibecbarcelona.eu\/wp-content\/uploads\/2017\/09\/eli3D.jpg","articleSection":["Not\u00edcies institucionals"],"inLanguage":"ca"},{"@type":"WebPage","@id":"https:\/\/ibecbarcelona.eu\/ca\/la-impressio-3d-i-les-seves-aplicacions-practiques-en-salut\/","url":"https:\/\/ibecbarcelona.eu\/ca\/la-impressio-3d-i-les-seves-aplicacions-practiques-en-salut\/","name":"La impressi\u00f3 3D i les seves aplicacions pr\u00e0ctiques en salut - Institute for Bioengineering of Catalonia","isPartOf":{"@id":"https:\/\/ibecbarcelona.eu\/#website"},"primaryImageOfPage":{"@id":"https:\/\/ibecbarcelona.eu\/ca\/la-impressio-3d-i-les-seves-aplicacions-practiques-en-salut\/#primaryimage"},"image":{"@id":"https:\/\/ibecbarcelona.eu\/ca\/la-impressio-3d-i-les-seves-aplicacions-practiques-en-salut\/#primaryimage"},"thumbnailUrl":"https:\/\/ibecbarcelona.eu\/wp-content\/uploads\/2017\/09\/eli3D.jpg","datePublished":"2017-09-21T15:58:57+00:00","dateModified":"2017-09-22T09:23:25+00:00","breadcrumb":{"@id":"https:\/\/ibecbarcelona.eu\/ca\/la-impressio-3d-i-les-seves-aplicacions-practiques-en-salut\/#breadcrumb"},"inLanguage":"ca","potentialAction":[{"@type":"ReadAction","target":["https:\/\/ibecbarcelona.eu\/ca\/la-impressio-3d-i-les-seves-aplicacions-practiques-en-salut\/"]}]},{"@type":"ImageObject","inLanguage":"ca","@id":"https:\/\/ibecbarcelona.eu\/ca\/la-impressio-3d-i-les-seves-aplicacions-practiques-en-salut\/#primaryimage","url":"https:\/\/ibecbarcelona.eu\/wp-content\/uploads\/2017\/09\/eli3D.jpg","contentUrl":"https:\/\/ibecbarcelona.eu\/wp-content\/uploads\/2017\/09\/eli3D.jpg","width":400,"height":270},{"@type":"BreadcrumbList","@id":"https:\/\/ibecbarcelona.eu\/ca\/la-impressio-3d-i-les-seves-aplicacions-practiques-en-salut\/#breadcrumb","itemListElement":[{"@type":"ListItem","position":1,"name":"Home","item":"https:\/\/ibecbarcelona.eu\/ca\/"},{"@type":"ListItem","position":2,"name":"La impressi\u00f3 3D i les seves aplicacions pr\u00e0ctiques en salut"}]},{"@type":"WebSite","@id":"https:\/\/ibecbarcelona.eu\/#website","url":"https:\/\/ibecbarcelona.eu\/","name":"Institute for Bioengineering of Catalonia","description":"Bioengineering Solutions for Health","publisher":{"@id":"https:\/\/ibecbarcelona.eu\/#organization"},"potentialAction":[{"@type":"SearchAction","target":{"@type":"EntryPoint","urlTemplate":"https:\/\/ibecbarcelona.eu\/?s={search_term_string}"},"query-input":{"@type":"PropertyValueSpecification","valueRequired":true,"valueName":"search_term_string"}}],"inLanguage":"ca"},{"@type":"Organization","@id":"https:\/\/ibecbarcelona.eu\/#organization","name":"Institute for Bioengineering of Catalonia","url":"https:\/\/ibecbarcelona.eu\/","logo":{"@type":"ImageObject","inLanguage":"ca","@id":"https:\/\/ibecbarcelona.eu\/#\/schema\/logo\/image\/","url":"https:\/\/ibecbarcelona.eu\/wp-content\/uploads\/2026\/01\/cropped-IBEC_20ANYS_GRIS.png","contentUrl":"https:\/\/ibecbarcelona.eu\/wp-content\/uploads\/2026\/01\/cropped-IBEC_20ANYS_GRIS.png","width":696,"height":257,"caption":"Institute for Bioengineering of Catalonia"},"image":{"@id":"https:\/\/ibecbarcelona.eu\/#\/schema\/logo\/image\/"}},{"@type":"Person","@id":"https:\/\/ibecbarcelona.eu\/#\/schema\/person\/c212c6b589546130be67986b9290e2b8","name":"\u00c0ngels L\u00f3pez","image":{"@type":"ImageObject","inLanguage":"ca","@id":"https:\/\/secure.gravatar.com\/avatar\/09ad6ba116bea0b15c5511860f83b302579fd7404c1180e9dae55c3f11d988c6?s=96&d=mm&r=g","url":"https:\/\/secure.gravatar.com\/avatar\/09ad6ba116bea0b15c5511860f83b302579fd7404c1180e9dae55c3f11d988c6?s=96&d=mm&r=g","contentUrl":"https:\/\/secure.gravatar.com\/avatar\/09ad6ba116bea0b15c5511860f83b302579fd7404c1180e9dae55c3f11d988c6?s=96&d=mm&r=g","caption":"\u00c0ngels L\u00f3pez"},"url":"https:\/\/ibecbarcelona.eu\/ca\/author\/alopez\/"}]}},"AFP_featured_media_urls":{"full":["https:\/\/ibecbarcelona.eu\/wp-content\/uploads\/2017\/09\/eli3D.jpg",400,270,false],"thumbnail":["https:\/\/ibecbarcelona.eu\/wp-content\/uploads\/2017\/09\/eli3D-150x150.jpg",150,150,true],"medium":["https:\/\/ibecbarcelona.eu\/wp-content\/uploads\/2017\/09\/eli3D-300x203.jpg",300,203,true],"medium_large":["https:\/\/ibecbarcelona.eu\/wp-content\/uploads\/2017\/09\/eli3D.jpg",400,270,false],"large":["https:\/\/ibecbarcelona.eu\/wp-content\/uploads\/2017\/09\/eli3D.jpg",400,270,false]},"AFP_attachments":[],"AFP_videos":[],"AFP_video_blocks":"","AFP_category_names":["Not\u00edcies institucionals"],"_links":{"self":[{"href":"https:\/\/ibecbarcelona.eu\/ca\/wp-json\/wp\/v2\/posts\/31470","targetHints":{"allow":["GET"]}}],"collection":[{"href":"https:\/\/ibecbarcelona.eu\/ca\/wp-json\/wp\/v2\/posts"}],"about":[{"href":"https:\/\/ibecbarcelona.eu\/ca\/wp-json\/wp\/v2\/types\/post"}],"author":[{"embeddable":true,"href":"https:\/\/ibecbarcelona.eu\/ca\/wp-json\/wp\/v2\/users\/4"}],"replies":[{"embeddable":true,"href":"https:\/\/ibecbarcelona.eu\/ca\/wp-json\/wp\/v2\/comments?post=31470"}],"version-history":[{"count":2,"href":"https:\/\/ibecbarcelona.eu\/ca\/wp-json\/wp\/v2\/posts\/31470\/revisions"}],"predecessor-version":[{"id":31472,"href":"https:\/\/ibecbarcelona.eu\/ca\/wp-json\/wp\/v2\/posts\/31470\/revisions\/31472"}],"wp:featuredmedia":[{"embeddable":true,"href":"https:\/\/ibecbarcelona.eu\/ca\/wp-json\/wp\/v2\/media\/31456"}],"wp:attachment":[{"href":"https:\/\/ibecbarcelona.eu\/ca\/wp-json\/wp\/v2\/media?parent=31470"}],"wp:term":[{"taxonomy":"category","embeddable":true,"href":"https:\/\/ibecbarcelona.eu\/ca\/wp-json\/wp\/v2\/categories?post=31470"},{"taxonomy":"post_tag","embeddable":true,"href":"https:\/\/ibecbarcelona.eu\/ca\/wp-json\/wp\/v2\/tags?post=31470"},{"taxonomy":"post_format","embeddable":true,"href":"https:\/\/ibecbarcelona.eu\/ca\/wp-json\/wp\/v2\/post_formats?post=31470"}],"curies":[{"name":"wp","href":"https:\/\/api.w.org\/{rel}","templated":true}]}}