
{"id":4894,"date":"2007-07-12T16:36:11","date_gmt":"2007-07-12T14:36:11","guid":{"rendered":"http:\/\/ibecbarcelona.eu\/new\/el-grup-de-bionanofotonica-de-libec-publica-un-article-en-portada-al-chemphyschem\/"},"modified":"2015-01-07T15:41:14","modified_gmt":"2015-01-07T15:41:14","slug":"el-grup-de-bionanofotonica-de-libec-publica-un-article-en-portada-al-chemphyschem","status":"publish","type":"post","link":"https:\/\/ibecbarcelona.eu\/ca\/el-grup-de-bionanofotonica-de-libec-publica-un-article-en-portada-al-chemphyschem\/","title":{"rendered":"El grup de Bionanofot\u00f2nica de l\u2019IBEC publica un article en portada al ChemPhysChem"},"content":{"rendered":"\n<p>Nanoscale Organization of the Pathogen Receptor DC-SIGN Mapped by Single-Molecule High-Resolution Fluorescence Microscopy<\/p>\n<p>Les malalties infeccioses tenen efectes devastadors en una gran part de la poblaci\u00f3 mundial i en el seu desenvolupament socio-econ\u00f2mic. El sistema immunitari \u00e9s la nostra defensa enfront dels microorganismes pat\u00f2gens. Les c\u00e8l\u00b7lules dendr\u00edtiques (DC) tenen un paper fonamental en la resposta immunit\u00e0ria al capturar pat\u00f2gens en els teixits perif\u00e8rics i migrar-los als n\u00f2duls limf\u00e0tics, transferint per tant informaci\u00f3 a les c\u00e8l\u00b7lules T i B. Les c\u00e8l\u00b7lules dendr\u00edtiques, unes de les primeres c\u00e8l\u00b7lules del sistema immunitari que entren en contacte amb pat\u00f2gens, estan equipades amb una mir\u00edada de receptors de reconeixement i captura de pat\u00f2gens. Un d&#8217;aquests receptors \u00e9s el DC-SIGN, una lectina de tipus C.<\/p>\n<p>Encara que ja es disposava de molta informaci\u00f3 rellevant sobre l&#8217;estructura del DC-SIGN, encara no hi havia dades concretes sobre si aquest receptor era capa\u00e7 de recon\u00e8ixer de manera efica\u00e7 una \u00e0mplia gamma de pat\u00f2gens, incl\u00f2s el virus VIH. Usant una t\u00e8cnica de microscopia \u00f2ptica d&#8217;alta resoluci\u00f3 (NSOM), al laboratori de Bionanofot\u00f2nica, van observar que el DC-SIGN est\u00e0 organitzat en diferents dominis de grand\u00e0ria nanom\u00e8trica. El fet que aix\u00f2 no s&#8217;hagi conegut anteriorment est\u00e0 relacionat amb la limitada resoluci\u00f3 dels microscopis \u00f2ptics (el l\u00edmit de difracci\u00f3 de llum visible \u00e9s de 350-500 nm, depenent de la longitud d&#8217;ona) i amb el fet que no era f\u00e0cil estudiar grans superf\u00edcies de c\u00e8l\u00b7lules a alta resoluci\u00f3. Un nou m\u00f3n es fa visible!<\/p>\n<p><a href=\"..\/images\/stories\/chemphyschem_full_size.gif\">Portada ChemPhysChem<\/a><\/p>\n","protected":false},"excerpt":{"rendered":"<p>La revista ChemPhysChem, al seu n\u00famero del 16 de juliol (Volume 8 Issue 10), ha concedit la seva portada a una publicaci\u00f3 de la l\u00ednia d\u2019investigaci\u00f3 en Bionanofot\u00f2nica de l\u2019IBEC, coordinada per la Prof. Mar\u00eda Garc\u00eda-Parajo, juntament amb investigadors del Mesa+ Institute for Technology de la Universitat de Twente (Pa\u00efsos Baixos), el Nijmegen Center for Molecular Life Sciences (Pa\u00efsos Baixos) i l\u2019Institut de Ci\u00e8ncies Fot\u00f2niques (Barcelona).<\/p>\n","protected":false},"author":4,"featured_media":0,"comment_status":"closed","ping_status":"closed","sticky":false,"template":"","format":"standard","meta":{"footnotes":""},"categories":[98],"tags":[],"post_formats":[],"class_list":["post-4894","post","type-post","status-publish","format-standard","hentry","category-noticies-institucionals"],"yoast_head":"<!-- This site is optimized with the Yoast SEO plugin v27.4 - https:\/\/yoast.com\/product\/yoast-seo-wordpress\/ -->\n<title>El grup de Bionanofot\u00f2nica de l\u2019IBEC publica un article en portada al ChemPhysChem - Institute for Bioengineering of Catalonia<\/title>\n<meta name=\"robots\" content=\"index, follow, max-snippet:-1, max-image-preview:large, max-video-preview:-1\" \/>\n<link rel=\"canonical\" href=\"https:\/\/ibecbarcelona.eu\/ca\/el-grup-de-bionanofotonica-de-libec-publica-un-article-en-portada-al-chemphyschem\/\" \/>\n<meta property=\"og:locale\" content=\"ca_ES\" \/>\n<meta property=\"og:type\" content=\"article\" \/>\n<meta property=\"og:title\" content=\"El grup de Bionanofot\u00f2nica de l\u2019IBEC publica un article en portada al ChemPhysChem - Institute for Bioengineering of Catalonia\" \/>\n<meta property=\"og:description\" content=\"La revista ChemPhysChem, al seu n\u00famero del 16 de juliol (Volume 8 Issue 10), ha concedit la seva portada a una publicaci\u00f3 de la l\u00ednia d\u2019investigaci\u00f3 en Bionanofot\u00f2nica de l\u2019IBEC, coordinada per la Prof. Mar\u00eda Garc\u00eda-Parajo, juntament amb investigadors del Mesa+ Institute for Technology de la Universitat de Twente (Pa\u00efsos Baixos), el Nijmegen Center for Molecular Life Sciences (Pa\u00efsos Baixos) i l\u2019Institut de Ci\u00e8ncies Fot\u00f2niques (Barcelona).\" \/>\n<meta property=\"og:url\" content=\"https:\/\/ibecbarcelona.eu\/ca\/el-grup-de-bionanofotonica-de-libec-publica-un-article-en-portada-al-chemphyschem\/\" \/>\n<meta property=\"og:site_name\" content=\"Institute for Bioengineering of Catalonia\" \/>\n<meta property=\"article:published_time\" content=\"2007-07-12T14:36:11+00:00\" \/>\n<meta property=\"article:modified_time\" content=\"2015-01-07T15:41:14+00:00\" \/>\n<meta name=\"author\" content=\"\u00c0ngels L\u00f3pez\" \/>\n<meta name=\"twitter:card\" content=\"summary_large_image\" \/>\n<meta name=\"twitter:label1\" content=\"Escrit per\" \/>\n\t<meta name=\"twitter:data1\" content=\"\u00c0ngels L\u00f3pez\" \/>\n\t<meta name=\"twitter:label2\" content=\"Temps estimat de lectura\" \/>\n\t<meta name=\"twitter:data2\" content=\"1 minut\" \/>\n<script type=\"application\/ld+json\" class=\"yoast-schema-graph\">{\"@context\":\"https:\\\/\\\/schema.org\",\"@graph\":[{\"@type\":\"Article\",\"@id\":\"https:\\\/\\\/ibecbarcelona.eu\\\/ca\\\/el-grup-de-bionanofotonica-de-libec-publica-un-article-en-portada-al-chemphyschem\\\/#article\",\"isPartOf\":{\"@id\":\"https:\\\/\\\/ibecbarcelona.eu\\\/ca\\\/el-grup-de-bionanofotonica-de-libec-publica-un-article-en-portada-al-chemphyschem\\\/\"},\"author\":{\"name\":\"\u00c0ngels L\u00f3pez\",\"@id\":\"https:\\\/\\\/ibecbarcelona.eu\\\/#\\\/schema\\\/person\\\/c212c6b589546130be67986b9290e2b8\"},\"headline\":\"El grup de Bionanofot\u00f2nica de l\u2019IBEC publica un article en portada al ChemPhysChem\",\"datePublished\":\"2007-07-12T14:36:11+00:00\",\"dateModified\":\"2015-01-07T15:41:14+00:00\",\"mainEntityOfPage\":{\"@id\":\"https:\\\/\\\/ibecbarcelona.eu\\\/ca\\\/el-grup-de-bionanofotonica-de-libec-publica-un-article-en-portada-al-chemphyschem\\\/\"},\"wordCount\":289,\"publisher\":{\"@id\":\"https:\\\/\\\/ibecbarcelona.eu\\\/#organization\"},\"articleSection\":[\"Not\u00edcies institucionals\"],\"inLanguage\":\"ca\"},{\"@type\":\"WebPage\",\"@id\":\"https:\\\/\\\/ibecbarcelona.eu\\\/ca\\\/el-grup-de-bionanofotonica-de-libec-publica-un-article-en-portada-al-chemphyschem\\\/\",\"url\":\"https:\\\/\\\/ibecbarcelona.eu\\\/ca\\\/el-grup-de-bionanofotonica-de-libec-publica-un-article-en-portada-al-chemphyschem\\\/\",\"name\":\"El grup de Bionanofot\u00f2nica de l\u2019IBEC publica un article en portada al ChemPhysChem - Institute for Bioengineering of Catalonia\",\"isPartOf\":{\"@id\":\"https:\\\/\\\/ibecbarcelona.eu\\\/#website\"},\"datePublished\":\"2007-07-12T14:36:11+00:00\",\"dateModified\":\"2015-01-07T15:41:14+00:00\",\"breadcrumb\":{\"@id\":\"https:\\\/\\\/ibecbarcelona.eu\\\/ca\\\/el-grup-de-bionanofotonica-de-libec-publica-un-article-en-portada-al-chemphyschem\\\/#breadcrumb\"},\"inLanguage\":\"ca\",\"potentialAction\":[{\"@type\":\"ReadAction\",\"target\":[\"https:\\\/\\\/ibecbarcelona.eu\\\/ca\\\/el-grup-de-bionanofotonica-de-libec-publica-un-article-en-portada-al-chemphyschem\\\/\"]}]},{\"@type\":\"BreadcrumbList\",\"@id\":\"https:\\\/\\\/ibecbarcelona.eu\\\/ca\\\/el-grup-de-bionanofotonica-de-libec-publica-un-article-en-portada-al-chemphyschem\\\/#breadcrumb\",\"itemListElement\":[{\"@type\":\"ListItem\",\"position\":1,\"name\":\"Home\",\"item\":\"https:\\\/\\\/ibecbarcelona.eu\\\/ca\\\/\"},{\"@type\":\"ListItem\",\"position\":2,\"name\":\"El grup de Bionanofot\u00f2nica de l\u2019IBEC publica un article en portada al ChemPhysChem\"}]},{\"@type\":\"WebSite\",\"@id\":\"https:\\\/\\\/ibecbarcelona.eu\\\/#website\",\"url\":\"https:\\\/\\\/ibecbarcelona.eu\\\/\",\"name\":\"Institute for Bioengineering of Catalonia\",\"description\":\"Bioengineering Solutions for Health\",\"publisher\":{\"@id\":\"https:\\\/\\\/ibecbarcelona.eu\\\/#organization\"},\"potentialAction\":[{\"@type\":\"SearchAction\",\"target\":{\"@type\":\"EntryPoint\",\"urlTemplate\":\"https:\\\/\\\/ibecbarcelona.eu\\\/?s={search_term_string}\"},\"query-input\":{\"@type\":\"PropertyValueSpecification\",\"valueRequired\":true,\"valueName\":\"search_term_string\"}}],\"inLanguage\":\"ca\"},{\"@type\":\"Organization\",\"@id\":\"https:\\\/\\\/ibecbarcelona.eu\\\/#organization\",\"name\":\"Institute for Bioengineering of Catalonia\",\"url\":\"https:\\\/\\\/ibecbarcelona.eu\\\/\",\"logo\":{\"@type\":\"ImageObject\",\"inLanguage\":\"ca\",\"@id\":\"https:\\\/\\\/ibecbarcelona.eu\\\/#\\\/schema\\\/logo\\\/image\\\/\",\"url\":\"https:\\\/\\\/ibecbarcelona.eu\\\/wp-content\\\/uploads\\\/2026\\\/01\\\/cropped-IBEC_20ANYS_GRIS.png\",\"contentUrl\":\"https:\\\/\\\/ibecbarcelona.eu\\\/wp-content\\\/uploads\\\/2026\\\/01\\\/cropped-IBEC_20ANYS_GRIS.png\",\"width\":696,\"height\":257,\"caption\":\"Institute for Bioengineering of Catalonia\"},\"image\":{\"@id\":\"https:\\\/\\\/ibecbarcelona.eu\\\/#\\\/schema\\\/logo\\\/image\\\/\"}},{\"@type\":\"Person\",\"@id\":\"https:\\\/\\\/ibecbarcelona.eu\\\/#\\\/schema\\\/person\\\/c212c6b589546130be67986b9290e2b8\",\"name\":\"\u00c0ngels L\u00f3pez\",\"image\":{\"@type\":\"ImageObject\",\"inLanguage\":\"ca\",\"@id\":\"https:\\\/\\\/secure.gravatar.com\\\/avatar\\\/09ad6ba116bea0b15c5511860f83b302579fd7404c1180e9dae55c3f11d988c6?s=96&d=mm&r=g\",\"url\":\"https:\\\/\\\/secure.gravatar.com\\\/avatar\\\/09ad6ba116bea0b15c5511860f83b302579fd7404c1180e9dae55c3f11d988c6?s=96&d=mm&r=g\",\"contentUrl\":\"https:\\\/\\\/secure.gravatar.com\\\/avatar\\\/09ad6ba116bea0b15c5511860f83b302579fd7404c1180e9dae55c3f11d988c6?s=96&d=mm&r=g\",\"caption\":\"\u00c0ngels L\u00f3pez\"},\"url\":\"https:\\\/\\\/ibecbarcelona.eu\\\/ca\\\/author\\\/alopez\\\/\"}]}<\/script>\n<!-- \/ Yoast SEO plugin. -->","yoast_head_json":{"title":"El grup de Bionanofot\u00f2nica de l\u2019IBEC publica un article en portada al ChemPhysChem - Institute for Bioengineering of Catalonia","robots":{"index":"index","follow":"follow","max-snippet":"max-snippet:-1","max-image-preview":"max-image-preview:large","max-video-preview":"max-video-preview:-1"},"canonical":"https:\/\/ibecbarcelona.eu\/ca\/el-grup-de-bionanofotonica-de-libec-publica-un-article-en-portada-al-chemphyschem\/","og_locale":"ca_ES","og_type":"article","og_title":"El grup de Bionanofot\u00f2nica de l\u2019IBEC publica un article en portada al ChemPhysChem - Institute for Bioengineering of Catalonia","og_description":"La revista ChemPhysChem, al seu n\u00famero del 16 de juliol (Volume 8 Issue 10), ha concedit la seva portada a una publicaci\u00f3 de la l\u00ednia d\u2019investigaci\u00f3 en Bionanofot\u00f2nica de l\u2019IBEC, coordinada per la Prof. Mar\u00eda Garc\u00eda-Parajo, juntament amb investigadors del Mesa+ Institute for Technology de la Universitat de Twente (Pa\u00efsos Baixos), el Nijmegen Center for Molecular Life Sciences (Pa\u00efsos Baixos) i l\u2019Institut de Ci\u00e8ncies Fot\u00f2niques (Barcelona).","og_url":"https:\/\/ibecbarcelona.eu\/ca\/el-grup-de-bionanofotonica-de-libec-publica-un-article-en-portada-al-chemphyschem\/","og_site_name":"Institute for Bioengineering of Catalonia","article_published_time":"2007-07-12T14:36:11+00:00","article_modified_time":"2015-01-07T15:41:14+00:00","author":"\u00c0ngels L\u00f3pez","twitter_card":"summary_large_image","twitter_misc":{"Escrit per":"\u00c0ngels L\u00f3pez","Temps estimat de lectura":"1 minut"},"schema":{"@context":"https:\/\/schema.org","@graph":[{"@type":"Article","@id":"https:\/\/ibecbarcelona.eu\/ca\/el-grup-de-bionanofotonica-de-libec-publica-un-article-en-portada-al-chemphyschem\/#article","isPartOf":{"@id":"https:\/\/ibecbarcelona.eu\/ca\/el-grup-de-bionanofotonica-de-libec-publica-un-article-en-portada-al-chemphyschem\/"},"author":{"name":"\u00c0ngels L\u00f3pez","@id":"https:\/\/ibecbarcelona.eu\/#\/schema\/person\/c212c6b589546130be67986b9290e2b8"},"headline":"El grup de Bionanofot\u00f2nica de l\u2019IBEC publica un article en portada al ChemPhysChem","datePublished":"2007-07-12T14:36:11+00:00","dateModified":"2015-01-07T15:41:14+00:00","mainEntityOfPage":{"@id":"https:\/\/ibecbarcelona.eu\/ca\/el-grup-de-bionanofotonica-de-libec-publica-un-article-en-portada-al-chemphyschem\/"},"wordCount":289,"publisher":{"@id":"https:\/\/ibecbarcelona.eu\/#organization"},"articleSection":["Not\u00edcies institucionals"],"inLanguage":"ca"},{"@type":"WebPage","@id":"https:\/\/ibecbarcelona.eu\/ca\/el-grup-de-bionanofotonica-de-libec-publica-un-article-en-portada-al-chemphyschem\/","url":"https:\/\/ibecbarcelona.eu\/ca\/el-grup-de-bionanofotonica-de-libec-publica-un-article-en-portada-al-chemphyschem\/","name":"El grup de Bionanofot\u00f2nica de l\u2019IBEC publica un article en portada al ChemPhysChem - Institute for Bioengineering of Catalonia","isPartOf":{"@id":"https:\/\/ibecbarcelona.eu\/#website"},"datePublished":"2007-07-12T14:36:11+00:00","dateModified":"2015-01-07T15:41:14+00:00","breadcrumb":{"@id":"https:\/\/ibecbarcelona.eu\/ca\/el-grup-de-bionanofotonica-de-libec-publica-un-article-en-portada-al-chemphyschem\/#breadcrumb"},"inLanguage":"ca","potentialAction":[{"@type":"ReadAction","target":["https:\/\/ibecbarcelona.eu\/ca\/el-grup-de-bionanofotonica-de-libec-publica-un-article-en-portada-al-chemphyschem\/"]}]},{"@type":"BreadcrumbList","@id":"https:\/\/ibecbarcelona.eu\/ca\/el-grup-de-bionanofotonica-de-libec-publica-un-article-en-portada-al-chemphyschem\/#breadcrumb","itemListElement":[{"@type":"ListItem","position":1,"name":"Home","item":"https:\/\/ibecbarcelona.eu\/ca\/"},{"@type":"ListItem","position":2,"name":"El grup de Bionanofot\u00f2nica de l\u2019IBEC publica un article en portada al ChemPhysChem"}]},{"@type":"WebSite","@id":"https:\/\/ibecbarcelona.eu\/#website","url":"https:\/\/ibecbarcelona.eu\/","name":"Institute for Bioengineering of Catalonia","description":"Bioengineering Solutions for Health","publisher":{"@id":"https:\/\/ibecbarcelona.eu\/#organization"},"potentialAction":[{"@type":"SearchAction","target":{"@type":"EntryPoint","urlTemplate":"https:\/\/ibecbarcelona.eu\/?s={search_term_string}"},"query-input":{"@type":"PropertyValueSpecification","valueRequired":true,"valueName":"search_term_string"}}],"inLanguage":"ca"},{"@type":"Organization","@id":"https:\/\/ibecbarcelona.eu\/#organization","name":"Institute for Bioengineering of Catalonia","url":"https:\/\/ibecbarcelona.eu\/","logo":{"@type":"ImageObject","inLanguage":"ca","@id":"https:\/\/ibecbarcelona.eu\/#\/schema\/logo\/image\/","url":"https:\/\/ibecbarcelona.eu\/wp-content\/uploads\/2026\/01\/cropped-IBEC_20ANYS_GRIS.png","contentUrl":"https:\/\/ibecbarcelona.eu\/wp-content\/uploads\/2026\/01\/cropped-IBEC_20ANYS_GRIS.png","width":696,"height":257,"caption":"Institute for Bioengineering of Catalonia"},"image":{"@id":"https:\/\/ibecbarcelona.eu\/#\/schema\/logo\/image\/"}},{"@type":"Person","@id":"https:\/\/ibecbarcelona.eu\/#\/schema\/person\/c212c6b589546130be67986b9290e2b8","name":"\u00c0ngels L\u00f3pez","image":{"@type":"ImageObject","inLanguage":"ca","@id":"https:\/\/secure.gravatar.com\/avatar\/09ad6ba116bea0b15c5511860f83b302579fd7404c1180e9dae55c3f11d988c6?s=96&d=mm&r=g","url":"https:\/\/secure.gravatar.com\/avatar\/09ad6ba116bea0b15c5511860f83b302579fd7404c1180e9dae55c3f11d988c6?s=96&d=mm&r=g","contentUrl":"https:\/\/secure.gravatar.com\/avatar\/09ad6ba116bea0b15c5511860f83b302579fd7404c1180e9dae55c3f11d988c6?s=96&d=mm&r=g","caption":"\u00c0ngels L\u00f3pez"},"url":"https:\/\/ibecbarcelona.eu\/ca\/author\/alopez\/"}]}},"AFP_featured_media_urls":{"full":false,"thumbnail":false,"medium":false,"medium_large":false,"large":false},"AFP_attachments":[],"AFP_videos":[],"AFP_video_blocks":"","AFP_category_names":["Not\u00edcies institucionals"],"_links":{"self":[{"href":"https:\/\/ibecbarcelona.eu\/ca\/wp-json\/wp\/v2\/posts\/4894","targetHints":{"allow":["GET"]}}],"collection":[{"href":"https:\/\/ibecbarcelona.eu\/ca\/wp-json\/wp\/v2\/posts"}],"about":[{"href":"https:\/\/ibecbarcelona.eu\/ca\/wp-json\/wp\/v2\/types\/post"}],"author":[{"embeddable":true,"href":"https:\/\/ibecbarcelona.eu\/ca\/wp-json\/wp\/v2\/users\/4"}],"replies":[{"embeddable":true,"href":"https:\/\/ibecbarcelona.eu\/ca\/wp-json\/wp\/v2\/comments?post=4894"}],"version-history":[{"count":0,"href":"https:\/\/ibecbarcelona.eu\/ca\/wp-json\/wp\/v2\/posts\/4894\/revisions"}],"wp:attachment":[{"href":"https:\/\/ibecbarcelona.eu\/ca\/wp-json\/wp\/v2\/media?parent=4894"}],"wp:term":[{"taxonomy":"category","embeddable":true,"href":"https:\/\/ibecbarcelona.eu\/ca\/wp-json\/wp\/v2\/categories?post=4894"},{"taxonomy":"post_tag","embeddable":true,"href":"https:\/\/ibecbarcelona.eu\/ca\/wp-json\/wp\/v2\/tags?post=4894"},{"taxonomy":"post_format","embeddable":true,"href":"https:\/\/ibecbarcelona.eu\/ca\/wp-json\/wp\/v2\/post_formats?post=4894"}],"curies":[{"name":"wp","href":"https:\/\/api.w.org\/{rel}","templated":true}]}}