
{"id":4979,"date":"2008-04-07T01:00:00","date_gmt":"2008-04-07T01:00:00","guid":{"rendered":"http:\/\/ibecbarcelona.eu\/new\/participacio-de-libec-a-la-6o-fira-recerca-en-directe-08\/"},"modified":"2015-01-07T15:27:41","modified_gmt":"2015-01-07T15:27:41","slug":"participacio-de-libec-a-la-6o-fira-recerca-en-directe-08","status":"publish","type":"post","link":"https:\/\/ibecbarcelona.eu\/ca\/participacio-de-libec-a-la-6o-fira-recerca-en-directe-08\/","title":{"rendered":"Participaci\u00f3 de l\u2019IBEC a la 6\u00aa fira Recerca en Directe 08"},"content":{"rendered":"\n<p>El grup de <a href=\"..\/index.php?option=com_recerca&amp;Itemid=1005&amp;task=linia&amp;ansubdepartments_id=17&amp;dept_id=5\" target=\"_blank\">Neuroenginyeria<\/a> de l\u2019Institut de Bioenginyeria de Catalunya, liderat per l\u2019Enric Claverol, participa enguany presentant el projecte: Neuroxips: connectant neurones i ordinadors. Amb aquesta presentaci\u00f3 el grup pret\u00e9n mostrar, d\u2019una manera entenedora, com es poden fer servir microxips per controlar l\u2019activitat de neurones vives i com els neuroxips s\u00f3n una nova eina per entendre el funcionament del cervell i per al desenvolupament de nous f\u00e0rmacs contra les patologies del sistema nervi\u00f3s.<\/p>\n<p>El grup de<a href=\"..\/index.php?option=com_recerca&amp;Itemid=1005&amp;task=linia&amp;ansubdepartments_id=17&amp;dept_id=5\"> neuroenginyeria<\/a> de l\u2019IBEC ha desenvolupat tecnologia basada en microxips pl\u00e0stics i electr\u00f2nica d\u2019amplificaci\u00f3 i estimulaci\u00f3 de baix soroll per monitoritzar i controlar l\u2019activitat de neurones vives in vitro. Aquestes eines suposen una revoluci\u00f3 en el desenvolupament de nous f\u00e0rmacs contra patologies del sistema nervi\u00f3s aix\u00ed com en la recerca b\u00e0sica sobre el funcionament del cervell. Complementant els neuroxips, el grup utilitza ordinadors, en configuracions mono i multi-processador, per simular l\u2019activitat de mil\u00b7lions de neurones i validar aix\u00ed computacionalment les hip\u00f2tesis generades a partir de dades experimentals obtingudes amb neuroxips. En particular s\u2019estudien les estructures cerebrals que confereixen als humans les capacitats de raciocini i mem\u00f2ria, el c\u00f2rtex i l\u2019hipocamp.<br \/>A m\u00e9s a m\u00e9s, el Grup de Rob\u00f2tica i Visi\u00f3 del Centre de Recerca en Enginyeria Biom\u00e8dica (UPC), grup associat a l\u2019IBEC, participar\u00e0 a la fira presentant el projecte: Robot d\u2019assist\u00e8ncia en cirurgia.\u00a0 Aquest projecte vol mostrar com l\u2019\u00fas de bra\u00e7os robotitzats com a suport en cirurgia pot millorar la qualitat de les intervencions augmentant infinitament la destresa del cirurgi\u00e0.<br \/>M\u00e9s informaci\u00f3:<\/p>\n<p><a href=\"http:\/\/www.pcb.ub.cat\/recercaendirecte\/index.htm\" target=\"_blank\">http:\/\/www.pcb.ub.cat\/recercaendirecte\/index.htm<\/a><\/p>\n","protected":false},"excerpt":{"rendered":"<p><a href=\"http:\/\/www.pcb.ub.cat\/recercaendirecte\/index.htm\" target=\"_blank\">La fira Recerca en Directe<\/a> \u00e9s una fira de recerca contempor\u00e0nia que pret\u00e9n mostrar als diferents centres docents, instituts i p\u00fablic en general la recerca que es du a terme a la ciutat de Barcelona, per tal de fer arribar a la poblaci\u00f3 els trets caracter\u00edstics del m\u00e8tode cient\u00edfic a trav\u00e9s dels mateixos investigadors. La Fira de Recerca en Directe estar\u00e0 oberta els dies 10 i 11 d&#8217;abril de 10 a 14h. i de 16 a 20h a la Carpa del Espacio MoviStar situada al Campus Diagonal, c\/ Pascual i Vila s\/n \u2013 Barcelona.  <\/p>\n","protected":false},"author":4,"featured_media":0,"comment_status":"closed","ping_status":"closed","sticky":false,"template":"","format":"standard","meta":{"footnotes":""},"categories":[98],"tags":[],"post_formats":[],"class_list":["post-4979","post","type-post","status-publish","format-standard","hentry","category-noticies-institucionals"],"yoast_head":"<!-- This site is optimized with the Yoast SEO plugin v27.4 - https:\/\/yoast.com\/product\/yoast-seo-wordpress\/ -->\n<title>Participaci\u00f3 de l\u2019IBEC a la 6\u00aa fira Recerca en Directe 08 - Institute for Bioengineering of Catalonia<\/title>\n<meta name=\"robots\" content=\"index, follow, max-snippet:-1, max-image-preview:large, max-video-preview:-1\" \/>\n<link rel=\"canonical\" href=\"https:\/\/ibecbarcelona.eu\/ca\/participacio-de-libec-a-la-6o-fira-recerca-en-directe-08\/\" \/>\n<meta property=\"og:locale\" content=\"ca_ES\" \/>\n<meta property=\"og:type\" content=\"article\" \/>\n<meta property=\"og:title\" content=\"Participaci\u00f3 de l\u2019IBEC a la 6\u00aa fira Recerca en Directe 08 - Institute for Bioengineering of Catalonia\" \/>\n<meta property=\"og:description\" content=\"La fira Recerca en Directe \u00e9s una fira de recerca contempor\u00e0nia que pret\u00e9n mostrar als diferents centres docents, instituts i p\u00fablic en general la recerca que es du a terme a la ciutat de Barcelona, per tal de fer arribar a la poblaci\u00f3 els trets caracter\u00edstics del m\u00e8tode cient\u00edfic a trav\u00e9s dels mateixos investigadors. La Fira de Recerca en Directe estar\u00e0 oberta els dies 10 i 11 d&#039;abril de 10 a 14h. i de 16 a 20h a la Carpa del Espacio MoviStar situada al Campus Diagonal, c\/ Pascual i Vila s\/n \u2013 Barcelona.\" \/>\n<meta property=\"og:url\" content=\"https:\/\/ibecbarcelona.eu\/ca\/participacio-de-libec-a-la-6o-fira-recerca-en-directe-08\/\" \/>\n<meta property=\"og:site_name\" content=\"Institute for Bioengineering of Catalonia\" \/>\n<meta property=\"article:published_time\" content=\"2008-04-07T01:00:00+00:00\" \/>\n<meta property=\"article:modified_time\" content=\"2015-01-07T15:27:41+00:00\" \/>\n<meta name=\"author\" content=\"\u00c0ngels L\u00f3pez\" \/>\n<meta name=\"twitter:card\" content=\"summary_large_image\" \/>\n<meta name=\"twitter:label1\" content=\"Escrit per\" \/>\n\t<meta name=\"twitter:data1\" content=\"\u00c0ngels L\u00f3pez\" \/>\n\t<meta name=\"twitter:label2\" content=\"Temps estimat de lectura\" \/>\n\t<meta name=\"twitter:data2\" content=\"1 minut\" \/>\n<script type=\"application\/ld+json\" class=\"yoast-schema-graph\">{\"@context\":\"https:\\\/\\\/schema.org\",\"@graph\":[{\"@type\":\"Article\",\"@id\":\"https:\\\/\\\/ibecbarcelona.eu\\\/ca\\\/participacio-de-libec-a-la-6o-fira-recerca-en-directe-08\\\/#article\",\"isPartOf\":{\"@id\":\"https:\\\/\\\/ibecbarcelona.eu\\\/ca\\\/participacio-de-libec-a-la-6o-fira-recerca-en-directe-08\\\/\"},\"author\":{\"name\":\"\u00c0ngels L\u00f3pez\",\"@id\":\"https:\\\/\\\/ibecbarcelona.eu\\\/#\\\/schema\\\/person\\\/c212c6b589546130be67986b9290e2b8\"},\"headline\":\"Participaci\u00f3 de l\u2019IBEC a la 6\u00aa fira Recerca en Directe 08\",\"datePublished\":\"2008-04-07T01:00:00+00:00\",\"dateModified\":\"2015-01-07T15:27:41+00:00\",\"mainEntityOfPage\":{\"@id\":\"https:\\\/\\\/ibecbarcelona.eu\\\/ca\\\/participacio-de-libec-a-la-6o-fira-recerca-en-directe-08\\\/\"},\"wordCount\":298,\"publisher\":{\"@id\":\"https:\\\/\\\/ibecbarcelona.eu\\\/#organization\"},\"articleSection\":[\"Not\u00edcies institucionals\"],\"inLanguage\":\"ca\"},{\"@type\":\"WebPage\",\"@id\":\"https:\\\/\\\/ibecbarcelona.eu\\\/ca\\\/participacio-de-libec-a-la-6o-fira-recerca-en-directe-08\\\/\",\"url\":\"https:\\\/\\\/ibecbarcelona.eu\\\/ca\\\/participacio-de-libec-a-la-6o-fira-recerca-en-directe-08\\\/\",\"name\":\"Participaci\u00f3 de l\u2019IBEC a la 6\u00aa fira Recerca en Directe 08 - Institute for Bioengineering of Catalonia\",\"isPartOf\":{\"@id\":\"https:\\\/\\\/ibecbarcelona.eu\\\/#website\"},\"datePublished\":\"2008-04-07T01:00:00+00:00\",\"dateModified\":\"2015-01-07T15:27:41+00:00\",\"breadcrumb\":{\"@id\":\"https:\\\/\\\/ibecbarcelona.eu\\\/ca\\\/participacio-de-libec-a-la-6o-fira-recerca-en-directe-08\\\/#breadcrumb\"},\"inLanguage\":\"ca\",\"potentialAction\":[{\"@type\":\"ReadAction\",\"target\":[\"https:\\\/\\\/ibecbarcelona.eu\\\/ca\\\/participacio-de-libec-a-la-6o-fira-recerca-en-directe-08\\\/\"]}]},{\"@type\":\"BreadcrumbList\",\"@id\":\"https:\\\/\\\/ibecbarcelona.eu\\\/ca\\\/participacio-de-libec-a-la-6o-fira-recerca-en-directe-08\\\/#breadcrumb\",\"itemListElement\":[{\"@type\":\"ListItem\",\"position\":1,\"name\":\"Home\",\"item\":\"https:\\\/\\\/ibecbarcelona.eu\\\/ca\\\/\"},{\"@type\":\"ListItem\",\"position\":2,\"name\":\"Participaci\u00f3 de l\u2019IBEC a la 6\u00aa fira Recerca en Directe 08\"}]},{\"@type\":\"WebSite\",\"@id\":\"https:\\\/\\\/ibecbarcelona.eu\\\/#website\",\"url\":\"https:\\\/\\\/ibecbarcelona.eu\\\/\",\"name\":\"Institute for Bioengineering of Catalonia\",\"description\":\"Bioengineering Solutions for Health\",\"publisher\":{\"@id\":\"https:\\\/\\\/ibecbarcelona.eu\\\/#organization\"},\"potentialAction\":[{\"@type\":\"SearchAction\",\"target\":{\"@type\":\"EntryPoint\",\"urlTemplate\":\"https:\\\/\\\/ibecbarcelona.eu\\\/?s={search_term_string}\"},\"query-input\":{\"@type\":\"PropertyValueSpecification\",\"valueRequired\":true,\"valueName\":\"search_term_string\"}}],\"inLanguage\":\"ca\"},{\"@type\":\"Organization\",\"@id\":\"https:\\\/\\\/ibecbarcelona.eu\\\/#organization\",\"name\":\"Institute for Bioengineering of Catalonia\",\"url\":\"https:\\\/\\\/ibecbarcelona.eu\\\/\",\"logo\":{\"@type\":\"ImageObject\",\"inLanguage\":\"ca\",\"@id\":\"https:\\\/\\\/ibecbarcelona.eu\\\/#\\\/schema\\\/logo\\\/image\\\/\",\"url\":\"https:\\\/\\\/ibecbarcelona.eu\\\/wp-content\\\/uploads\\\/2026\\\/01\\\/cropped-IBEC_20ANYS_GRIS.png\",\"contentUrl\":\"https:\\\/\\\/ibecbarcelona.eu\\\/wp-content\\\/uploads\\\/2026\\\/01\\\/cropped-IBEC_20ANYS_GRIS.png\",\"width\":696,\"height\":257,\"caption\":\"Institute for Bioengineering of Catalonia\"},\"image\":{\"@id\":\"https:\\\/\\\/ibecbarcelona.eu\\\/#\\\/schema\\\/logo\\\/image\\\/\"}},{\"@type\":\"Person\",\"@id\":\"https:\\\/\\\/ibecbarcelona.eu\\\/#\\\/schema\\\/person\\\/c212c6b589546130be67986b9290e2b8\",\"name\":\"\u00c0ngels L\u00f3pez\",\"image\":{\"@type\":\"ImageObject\",\"inLanguage\":\"ca\",\"@id\":\"https:\\\/\\\/secure.gravatar.com\\\/avatar\\\/09ad6ba116bea0b15c5511860f83b302579fd7404c1180e9dae55c3f11d988c6?s=96&d=mm&r=g\",\"url\":\"https:\\\/\\\/secure.gravatar.com\\\/avatar\\\/09ad6ba116bea0b15c5511860f83b302579fd7404c1180e9dae55c3f11d988c6?s=96&d=mm&r=g\",\"contentUrl\":\"https:\\\/\\\/secure.gravatar.com\\\/avatar\\\/09ad6ba116bea0b15c5511860f83b302579fd7404c1180e9dae55c3f11d988c6?s=96&d=mm&r=g\",\"caption\":\"\u00c0ngels L\u00f3pez\"},\"url\":\"https:\\\/\\\/ibecbarcelona.eu\\\/ca\\\/author\\\/alopez\\\/\"}]}<\/script>\n<!-- \/ Yoast SEO plugin. -->","yoast_head_json":{"title":"Participaci\u00f3 de l\u2019IBEC a la 6\u00aa fira Recerca en Directe 08 - Institute for Bioengineering of Catalonia","robots":{"index":"index","follow":"follow","max-snippet":"max-snippet:-1","max-image-preview":"max-image-preview:large","max-video-preview":"max-video-preview:-1"},"canonical":"https:\/\/ibecbarcelona.eu\/ca\/participacio-de-libec-a-la-6o-fira-recerca-en-directe-08\/","og_locale":"ca_ES","og_type":"article","og_title":"Participaci\u00f3 de l\u2019IBEC a la 6\u00aa fira Recerca en Directe 08 - Institute for Bioengineering of Catalonia","og_description":"La fira Recerca en Directe \u00e9s una fira de recerca contempor\u00e0nia que pret\u00e9n mostrar als diferents centres docents, instituts i p\u00fablic en general la recerca que es du a terme a la ciutat de Barcelona, per tal de fer arribar a la poblaci\u00f3 els trets caracter\u00edstics del m\u00e8tode cient\u00edfic a trav\u00e9s dels mateixos investigadors. La Fira de Recerca en Directe estar\u00e0 oberta els dies 10 i 11 d'abril de 10 a 14h. i de 16 a 20h a la Carpa del Espacio MoviStar situada al Campus Diagonal, c\/ Pascual i Vila s\/n \u2013 Barcelona.","og_url":"https:\/\/ibecbarcelona.eu\/ca\/participacio-de-libec-a-la-6o-fira-recerca-en-directe-08\/","og_site_name":"Institute for Bioengineering of Catalonia","article_published_time":"2008-04-07T01:00:00+00:00","article_modified_time":"2015-01-07T15:27:41+00:00","author":"\u00c0ngels L\u00f3pez","twitter_card":"summary_large_image","twitter_misc":{"Escrit per":"\u00c0ngels L\u00f3pez","Temps estimat de lectura":"1 minut"},"schema":{"@context":"https:\/\/schema.org","@graph":[{"@type":"Article","@id":"https:\/\/ibecbarcelona.eu\/ca\/participacio-de-libec-a-la-6o-fira-recerca-en-directe-08\/#article","isPartOf":{"@id":"https:\/\/ibecbarcelona.eu\/ca\/participacio-de-libec-a-la-6o-fira-recerca-en-directe-08\/"},"author":{"name":"\u00c0ngels L\u00f3pez","@id":"https:\/\/ibecbarcelona.eu\/#\/schema\/person\/c212c6b589546130be67986b9290e2b8"},"headline":"Participaci\u00f3 de l\u2019IBEC a la 6\u00aa fira Recerca en Directe 08","datePublished":"2008-04-07T01:00:00+00:00","dateModified":"2015-01-07T15:27:41+00:00","mainEntityOfPage":{"@id":"https:\/\/ibecbarcelona.eu\/ca\/participacio-de-libec-a-la-6o-fira-recerca-en-directe-08\/"},"wordCount":298,"publisher":{"@id":"https:\/\/ibecbarcelona.eu\/#organization"},"articleSection":["Not\u00edcies institucionals"],"inLanguage":"ca"},{"@type":"WebPage","@id":"https:\/\/ibecbarcelona.eu\/ca\/participacio-de-libec-a-la-6o-fira-recerca-en-directe-08\/","url":"https:\/\/ibecbarcelona.eu\/ca\/participacio-de-libec-a-la-6o-fira-recerca-en-directe-08\/","name":"Participaci\u00f3 de l\u2019IBEC a la 6\u00aa fira Recerca en Directe 08 - Institute for Bioengineering of Catalonia","isPartOf":{"@id":"https:\/\/ibecbarcelona.eu\/#website"},"datePublished":"2008-04-07T01:00:00+00:00","dateModified":"2015-01-07T15:27:41+00:00","breadcrumb":{"@id":"https:\/\/ibecbarcelona.eu\/ca\/participacio-de-libec-a-la-6o-fira-recerca-en-directe-08\/#breadcrumb"},"inLanguage":"ca","potentialAction":[{"@type":"ReadAction","target":["https:\/\/ibecbarcelona.eu\/ca\/participacio-de-libec-a-la-6o-fira-recerca-en-directe-08\/"]}]},{"@type":"BreadcrumbList","@id":"https:\/\/ibecbarcelona.eu\/ca\/participacio-de-libec-a-la-6o-fira-recerca-en-directe-08\/#breadcrumb","itemListElement":[{"@type":"ListItem","position":1,"name":"Home","item":"https:\/\/ibecbarcelona.eu\/ca\/"},{"@type":"ListItem","position":2,"name":"Participaci\u00f3 de l\u2019IBEC a la 6\u00aa fira Recerca en Directe 08"}]},{"@type":"WebSite","@id":"https:\/\/ibecbarcelona.eu\/#website","url":"https:\/\/ibecbarcelona.eu\/","name":"Institute for Bioengineering of Catalonia","description":"Bioengineering Solutions for Health","publisher":{"@id":"https:\/\/ibecbarcelona.eu\/#organization"},"potentialAction":[{"@type":"SearchAction","target":{"@type":"EntryPoint","urlTemplate":"https:\/\/ibecbarcelona.eu\/?s={search_term_string}"},"query-input":{"@type":"PropertyValueSpecification","valueRequired":true,"valueName":"search_term_string"}}],"inLanguage":"ca"},{"@type":"Organization","@id":"https:\/\/ibecbarcelona.eu\/#organization","name":"Institute for Bioengineering of Catalonia","url":"https:\/\/ibecbarcelona.eu\/","logo":{"@type":"ImageObject","inLanguage":"ca","@id":"https:\/\/ibecbarcelona.eu\/#\/schema\/logo\/image\/","url":"https:\/\/ibecbarcelona.eu\/wp-content\/uploads\/2026\/01\/cropped-IBEC_20ANYS_GRIS.png","contentUrl":"https:\/\/ibecbarcelona.eu\/wp-content\/uploads\/2026\/01\/cropped-IBEC_20ANYS_GRIS.png","width":696,"height":257,"caption":"Institute for Bioengineering of Catalonia"},"image":{"@id":"https:\/\/ibecbarcelona.eu\/#\/schema\/logo\/image\/"}},{"@type":"Person","@id":"https:\/\/ibecbarcelona.eu\/#\/schema\/person\/c212c6b589546130be67986b9290e2b8","name":"\u00c0ngels L\u00f3pez","image":{"@type":"ImageObject","inLanguage":"ca","@id":"https:\/\/secure.gravatar.com\/avatar\/09ad6ba116bea0b15c5511860f83b302579fd7404c1180e9dae55c3f11d988c6?s=96&d=mm&r=g","url":"https:\/\/secure.gravatar.com\/avatar\/09ad6ba116bea0b15c5511860f83b302579fd7404c1180e9dae55c3f11d988c6?s=96&d=mm&r=g","contentUrl":"https:\/\/secure.gravatar.com\/avatar\/09ad6ba116bea0b15c5511860f83b302579fd7404c1180e9dae55c3f11d988c6?s=96&d=mm&r=g","caption":"\u00c0ngels L\u00f3pez"},"url":"https:\/\/ibecbarcelona.eu\/ca\/author\/alopez\/"}]}},"AFP_featured_media_urls":{"full":false,"thumbnail":false,"medium":false,"medium_large":false,"large":false},"AFP_attachments":[],"AFP_videos":[],"AFP_video_blocks":"","AFP_category_names":["Not\u00edcies institucionals"],"_links":{"self":[{"href":"https:\/\/ibecbarcelona.eu\/ca\/wp-json\/wp\/v2\/posts\/4979","targetHints":{"allow":["GET"]}}],"collection":[{"href":"https:\/\/ibecbarcelona.eu\/ca\/wp-json\/wp\/v2\/posts"}],"about":[{"href":"https:\/\/ibecbarcelona.eu\/ca\/wp-json\/wp\/v2\/types\/post"}],"author":[{"embeddable":true,"href":"https:\/\/ibecbarcelona.eu\/ca\/wp-json\/wp\/v2\/users\/4"}],"replies":[{"embeddable":true,"href":"https:\/\/ibecbarcelona.eu\/ca\/wp-json\/wp\/v2\/comments?post=4979"}],"version-history":[{"count":0,"href":"https:\/\/ibecbarcelona.eu\/ca\/wp-json\/wp\/v2\/posts\/4979\/revisions"}],"wp:attachment":[{"href":"https:\/\/ibecbarcelona.eu\/ca\/wp-json\/wp\/v2\/media?parent=4979"}],"wp:term":[{"taxonomy":"category","embeddable":true,"href":"https:\/\/ibecbarcelona.eu\/ca\/wp-json\/wp\/v2\/categories?post=4979"},{"taxonomy":"post_tag","embeddable":true,"href":"https:\/\/ibecbarcelona.eu\/ca\/wp-json\/wp\/v2\/tags?post=4979"},{"taxonomy":"post_format","embeddable":true,"href":"https:\/\/ibecbarcelona.eu\/ca\/wp-json\/wp\/v2\/post_formats?post=4979"}],"curies":[{"name":"wp","href":"https:\/\/api.w.org\/{rel}","templated":true}]}}