
{"id":5070,"date":"2009-03-23T02:00:00","date_gmt":"2009-03-23T02:00:00","guid":{"rendered":"http:\/\/ibecbarcelona.eu\/new\/prestigiosa-investigadora-dels-eua-en-seminari-ibec\/"},"modified":"2015-01-07T15:27:38","modified_gmt":"2015-01-07T15:27:38","slug":"prestigiosa-investigadora-dels-eua-en-seminari-ibec","status":"publish","type":"post","link":"https:\/\/ibecbarcelona.eu\/ca\/prestigiosa-investigadora-dels-eua-en-seminari-ibec\/","title":{"rendered":"Prestigiosa investigadora dels eua en seminari IBEC"},"content":{"rendered":"<p> La feina de la doctora Bissell, amb una carrera professional que abasta tres d\u00e8cades, es centra en el paper significatiu que juga la matriu extracel\u2022lular i l\u2019entorn del nucli de la c\u00e8l\u2022lula, en l\u2019expressi\u00f3 gen\u00e8tica en teixits normals i tamb\u00e9 en malignes. Els seus estudis, continguts en m\u00e9s de 300 publicacions, han estat considerats com una important contribuci\u00f3 a la recerca del c\u00e0ncer de pit. <\/p>\n<p>El seminari es realitzar\u00e0 a les 16:30h, a la sala F\u00e8lix Serratosa, Edifici Modular, Parc Cient\u00edfic de Barcelona.<\/p>\n","protected":false},"excerpt":{"rendered":"<p>La doctora Mina Bissell, del Life Division Lawrence Berkeley National Laboratory de Calif\u00f2rnia, ser\u00e0 la ponent convidada del seminari especial IBEC pautat per al dimecres 25 de mar\u00e7, amb el tema \u201cL\u2019Arquitectura de Teixits \u00e9s el missatge: El paper de la matriu extracel\u2022lular i l\u2019arquitectura d\u2019\u00f2rgans\u201d.<\/p>\n","protected":false},"author":4,"featured_media":0,"comment_status":"closed","ping_status":"closed","sticky":false,"template":"","format":"standard","meta":{"footnotes":""},"categories":[98],"tags":[],"post_formats":[],"class_list":["post-5070","post","type-post","status-publish","format-standard","hentry","category-noticies-institucionals"],"yoast_head":"<!-- This site is optimized with the Yoast SEO plugin v27.5 - https:\/\/yoast.com\/product\/yoast-seo-wordpress\/ -->\n<title>Prestigiosa investigadora dels eua en seminari IBEC - Institute for Bioengineering of Catalonia<\/title>\n<meta name=\"robots\" content=\"index, follow, max-snippet:-1, max-image-preview:large, max-video-preview:-1\" \/>\n<link rel=\"canonical\" href=\"https:\/\/ibecbarcelona.eu\/ca\/prestigiosa-investigadora-dels-eua-en-seminari-ibec\/\" \/>\n<meta property=\"og:locale\" content=\"ca_ES\" \/>\n<meta property=\"og:type\" content=\"article\" \/>\n<meta property=\"og:title\" content=\"Prestigiosa investigadora dels eua en seminari IBEC - Institute for Bioengineering of Catalonia\" \/>\n<meta property=\"og:description\" content=\"La doctora Mina Bissell, del Life Division Lawrence Berkeley National Laboratory de Calif\u00f2rnia, ser\u00e0 la ponent convidada del seminari especial IBEC pautat per al dimecres 25 de mar\u00e7, amb el tema \u201cL\u2019Arquitectura de Teixits \u00e9s el missatge: El paper de la matriu extracel\u2022lular i l\u2019arquitectura d\u2019\u00f2rgans\u201d.\" \/>\n<meta property=\"og:url\" content=\"https:\/\/ibecbarcelona.eu\/ca\/prestigiosa-investigadora-dels-eua-en-seminari-ibec\/\" \/>\n<meta property=\"og:site_name\" content=\"Institute for Bioengineering of Catalonia\" \/>\n<meta property=\"article:published_time\" content=\"2009-03-23T02:00:00+00:00\" \/>\n<meta property=\"article:modified_time\" content=\"2015-01-07T15:27:38+00:00\" \/>\n<meta name=\"author\" content=\"\u00c0ngels L\u00f3pez\" \/>\n<meta name=\"twitter:card\" content=\"summary_large_image\" \/>\n<meta name=\"twitter:label1\" content=\"Escrit per\" \/>\n\t<meta name=\"twitter:data1\" content=\"\u00c0ngels L\u00f3pez\" \/>\n<script type=\"application\/ld+json\" class=\"yoast-schema-graph\">{\"@context\":\"https:\\\/\\\/schema.org\",\"@graph\":[{\"@type\":\"Article\",\"@id\":\"https:\\\/\\\/ibecbarcelona.eu\\\/ca\\\/prestigiosa-investigadora-dels-eua-en-seminari-ibec\\\/#article\",\"isPartOf\":{\"@id\":\"https:\\\/\\\/ibecbarcelona.eu\\\/ca\\\/prestigiosa-investigadora-dels-eua-en-seminari-ibec\\\/\"},\"author\":{\"name\":\"\u00c0ngels L\u00f3pez\",\"@id\":\"https:\\\/\\\/ibecbarcelona.eu\\\/#\\\/schema\\\/person\\\/c212c6b589546130be67986b9290e2b8\"},\"headline\":\"Prestigiosa investigadora dels eua en seminari IBEC\",\"datePublished\":\"2009-03-23T02:00:00+00:00\",\"dateModified\":\"2015-01-07T15:27:38+00:00\",\"mainEntityOfPage\":{\"@id\":\"https:\\\/\\\/ibecbarcelona.eu\\\/ca\\\/prestigiosa-investigadora-dels-eua-en-seminari-ibec\\\/\"},\"wordCount\":100,\"publisher\":{\"@id\":\"https:\\\/\\\/ibecbarcelona.eu\\\/#organization\"},\"articleSection\":[\"Not\u00edcies institucionals\"],\"inLanguage\":\"ca\"},{\"@type\":\"WebPage\",\"@id\":\"https:\\\/\\\/ibecbarcelona.eu\\\/ca\\\/prestigiosa-investigadora-dels-eua-en-seminari-ibec\\\/\",\"url\":\"https:\\\/\\\/ibecbarcelona.eu\\\/ca\\\/prestigiosa-investigadora-dels-eua-en-seminari-ibec\\\/\",\"name\":\"Prestigiosa investigadora dels eua en seminari IBEC - Institute for Bioengineering of Catalonia\",\"isPartOf\":{\"@id\":\"https:\\\/\\\/ibecbarcelona.eu\\\/#website\"},\"datePublished\":\"2009-03-23T02:00:00+00:00\",\"dateModified\":\"2015-01-07T15:27:38+00:00\",\"breadcrumb\":{\"@id\":\"https:\\\/\\\/ibecbarcelona.eu\\\/ca\\\/prestigiosa-investigadora-dels-eua-en-seminari-ibec\\\/#breadcrumb\"},\"inLanguage\":\"ca\",\"potentialAction\":[{\"@type\":\"ReadAction\",\"target\":[\"https:\\\/\\\/ibecbarcelona.eu\\\/ca\\\/prestigiosa-investigadora-dels-eua-en-seminari-ibec\\\/\"]}]},{\"@type\":\"BreadcrumbList\",\"@id\":\"https:\\\/\\\/ibecbarcelona.eu\\\/ca\\\/prestigiosa-investigadora-dels-eua-en-seminari-ibec\\\/#breadcrumb\",\"itemListElement\":[{\"@type\":\"ListItem\",\"position\":1,\"name\":\"Home\",\"item\":\"https:\\\/\\\/ibecbarcelona.eu\\\/ca\\\/\"},{\"@type\":\"ListItem\",\"position\":2,\"name\":\"Prestigiosa investigadora dels eua en seminari IBEC\"}]},{\"@type\":\"WebSite\",\"@id\":\"https:\\\/\\\/ibecbarcelona.eu\\\/#website\",\"url\":\"https:\\\/\\\/ibecbarcelona.eu\\\/\",\"name\":\"Institute for Bioengineering of Catalonia\",\"description\":\"Bioengineering Solutions for Health\",\"publisher\":{\"@id\":\"https:\\\/\\\/ibecbarcelona.eu\\\/#organization\"},\"potentialAction\":[{\"@type\":\"SearchAction\",\"target\":{\"@type\":\"EntryPoint\",\"urlTemplate\":\"https:\\\/\\\/ibecbarcelona.eu\\\/?s={search_term_string}\"},\"query-input\":{\"@type\":\"PropertyValueSpecification\",\"valueRequired\":true,\"valueName\":\"search_term_string\"}}],\"inLanguage\":\"ca\"},{\"@type\":\"Organization\",\"@id\":\"https:\\\/\\\/ibecbarcelona.eu\\\/#organization\",\"name\":\"Institute for Bioengineering of Catalonia\",\"url\":\"https:\\\/\\\/ibecbarcelona.eu\\\/\",\"logo\":{\"@type\":\"ImageObject\",\"inLanguage\":\"ca\",\"@id\":\"https:\\\/\\\/ibecbarcelona.eu\\\/#\\\/schema\\\/logo\\\/image\\\/\",\"url\":\"https:\\\/\\\/ibecbarcelona.eu\\\/wp-content\\\/uploads\\\/2026\\\/01\\\/cropped-IBEC_20ANYS_GRIS.png\",\"contentUrl\":\"https:\\\/\\\/ibecbarcelona.eu\\\/wp-content\\\/uploads\\\/2026\\\/01\\\/cropped-IBEC_20ANYS_GRIS.png\",\"width\":696,\"height\":257,\"caption\":\"Institute for Bioengineering of Catalonia\"},\"image\":{\"@id\":\"https:\\\/\\\/ibecbarcelona.eu\\\/#\\\/schema\\\/logo\\\/image\\\/\"}},{\"@type\":\"Person\",\"@id\":\"https:\\\/\\\/ibecbarcelona.eu\\\/#\\\/schema\\\/person\\\/c212c6b589546130be67986b9290e2b8\",\"name\":\"\u00c0ngels L\u00f3pez\",\"image\":{\"@type\":\"ImageObject\",\"inLanguage\":\"ca\",\"@id\":\"https:\\\/\\\/secure.gravatar.com\\\/avatar\\\/09ad6ba116bea0b15c5511860f83b302579fd7404c1180e9dae55c3f11d988c6?s=96&d=mm&r=g\",\"url\":\"https:\\\/\\\/secure.gravatar.com\\\/avatar\\\/09ad6ba116bea0b15c5511860f83b302579fd7404c1180e9dae55c3f11d988c6?s=96&d=mm&r=g\",\"contentUrl\":\"https:\\\/\\\/secure.gravatar.com\\\/avatar\\\/09ad6ba116bea0b15c5511860f83b302579fd7404c1180e9dae55c3f11d988c6?s=96&d=mm&r=g\",\"caption\":\"\u00c0ngels L\u00f3pez\"},\"url\":\"https:\\\/\\\/ibecbarcelona.eu\\\/ca\\\/author\\\/alopez\\\/\"}]}<\/script>\n<!-- \/ Yoast SEO plugin. -->","yoast_head_json":{"title":"Prestigiosa investigadora dels eua en seminari IBEC - Institute for Bioengineering of Catalonia","robots":{"index":"index","follow":"follow","max-snippet":"max-snippet:-1","max-image-preview":"max-image-preview:large","max-video-preview":"max-video-preview:-1"},"canonical":"https:\/\/ibecbarcelona.eu\/ca\/prestigiosa-investigadora-dels-eua-en-seminari-ibec\/","og_locale":"ca_ES","og_type":"article","og_title":"Prestigiosa investigadora dels eua en seminari IBEC - Institute for Bioengineering of Catalonia","og_description":"La doctora Mina Bissell, del Life Division Lawrence Berkeley National Laboratory de Calif\u00f2rnia, ser\u00e0 la ponent convidada del seminari especial IBEC pautat per al dimecres 25 de mar\u00e7, amb el tema \u201cL\u2019Arquitectura de Teixits \u00e9s el missatge: El paper de la matriu extracel\u2022lular i l\u2019arquitectura d\u2019\u00f2rgans\u201d.","og_url":"https:\/\/ibecbarcelona.eu\/ca\/prestigiosa-investigadora-dels-eua-en-seminari-ibec\/","og_site_name":"Institute for Bioengineering of Catalonia","article_published_time":"2009-03-23T02:00:00+00:00","article_modified_time":"2015-01-07T15:27:38+00:00","author":"\u00c0ngels L\u00f3pez","twitter_card":"summary_large_image","twitter_misc":{"Escrit per":"\u00c0ngels L\u00f3pez"},"schema":{"@context":"https:\/\/schema.org","@graph":[{"@type":"Article","@id":"https:\/\/ibecbarcelona.eu\/ca\/prestigiosa-investigadora-dels-eua-en-seminari-ibec\/#article","isPartOf":{"@id":"https:\/\/ibecbarcelona.eu\/ca\/prestigiosa-investigadora-dels-eua-en-seminari-ibec\/"},"author":{"name":"\u00c0ngels L\u00f3pez","@id":"https:\/\/ibecbarcelona.eu\/#\/schema\/person\/c212c6b589546130be67986b9290e2b8"},"headline":"Prestigiosa investigadora dels eua en seminari IBEC","datePublished":"2009-03-23T02:00:00+00:00","dateModified":"2015-01-07T15:27:38+00:00","mainEntityOfPage":{"@id":"https:\/\/ibecbarcelona.eu\/ca\/prestigiosa-investigadora-dels-eua-en-seminari-ibec\/"},"wordCount":100,"publisher":{"@id":"https:\/\/ibecbarcelona.eu\/#organization"},"articleSection":["Not\u00edcies institucionals"],"inLanguage":"ca"},{"@type":"WebPage","@id":"https:\/\/ibecbarcelona.eu\/ca\/prestigiosa-investigadora-dels-eua-en-seminari-ibec\/","url":"https:\/\/ibecbarcelona.eu\/ca\/prestigiosa-investigadora-dels-eua-en-seminari-ibec\/","name":"Prestigiosa investigadora dels eua en seminari IBEC - Institute for Bioengineering of Catalonia","isPartOf":{"@id":"https:\/\/ibecbarcelona.eu\/#website"},"datePublished":"2009-03-23T02:00:00+00:00","dateModified":"2015-01-07T15:27:38+00:00","breadcrumb":{"@id":"https:\/\/ibecbarcelona.eu\/ca\/prestigiosa-investigadora-dels-eua-en-seminari-ibec\/#breadcrumb"},"inLanguage":"ca","potentialAction":[{"@type":"ReadAction","target":["https:\/\/ibecbarcelona.eu\/ca\/prestigiosa-investigadora-dels-eua-en-seminari-ibec\/"]}]},{"@type":"BreadcrumbList","@id":"https:\/\/ibecbarcelona.eu\/ca\/prestigiosa-investigadora-dels-eua-en-seminari-ibec\/#breadcrumb","itemListElement":[{"@type":"ListItem","position":1,"name":"Home","item":"https:\/\/ibecbarcelona.eu\/ca\/"},{"@type":"ListItem","position":2,"name":"Prestigiosa investigadora dels eua en seminari IBEC"}]},{"@type":"WebSite","@id":"https:\/\/ibecbarcelona.eu\/#website","url":"https:\/\/ibecbarcelona.eu\/","name":"Institute for Bioengineering of Catalonia","description":"Bioengineering Solutions for Health","publisher":{"@id":"https:\/\/ibecbarcelona.eu\/#organization"},"potentialAction":[{"@type":"SearchAction","target":{"@type":"EntryPoint","urlTemplate":"https:\/\/ibecbarcelona.eu\/?s={search_term_string}"},"query-input":{"@type":"PropertyValueSpecification","valueRequired":true,"valueName":"search_term_string"}}],"inLanguage":"ca"},{"@type":"Organization","@id":"https:\/\/ibecbarcelona.eu\/#organization","name":"Institute for Bioengineering of Catalonia","url":"https:\/\/ibecbarcelona.eu\/","logo":{"@type":"ImageObject","inLanguage":"ca","@id":"https:\/\/ibecbarcelona.eu\/#\/schema\/logo\/image\/","url":"https:\/\/ibecbarcelona.eu\/wp-content\/uploads\/2026\/01\/cropped-IBEC_20ANYS_GRIS.png","contentUrl":"https:\/\/ibecbarcelona.eu\/wp-content\/uploads\/2026\/01\/cropped-IBEC_20ANYS_GRIS.png","width":696,"height":257,"caption":"Institute for Bioengineering of Catalonia"},"image":{"@id":"https:\/\/ibecbarcelona.eu\/#\/schema\/logo\/image\/"}},{"@type":"Person","@id":"https:\/\/ibecbarcelona.eu\/#\/schema\/person\/c212c6b589546130be67986b9290e2b8","name":"\u00c0ngels L\u00f3pez","image":{"@type":"ImageObject","inLanguage":"ca","@id":"https:\/\/secure.gravatar.com\/avatar\/09ad6ba116bea0b15c5511860f83b302579fd7404c1180e9dae55c3f11d988c6?s=96&d=mm&r=g","url":"https:\/\/secure.gravatar.com\/avatar\/09ad6ba116bea0b15c5511860f83b302579fd7404c1180e9dae55c3f11d988c6?s=96&d=mm&r=g","contentUrl":"https:\/\/secure.gravatar.com\/avatar\/09ad6ba116bea0b15c5511860f83b302579fd7404c1180e9dae55c3f11d988c6?s=96&d=mm&r=g","caption":"\u00c0ngels L\u00f3pez"},"url":"https:\/\/ibecbarcelona.eu\/ca\/author\/alopez\/"}]}},"AFP_featured_media_urls":{"full":false,"thumbnail":false,"medium":false,"medium_large":false,"large":false},"AFP_attachments":[],"AFP_videos":[],"AFP_video_blocks":"","AFP_category_names":["Not\u00edcies institucionals"],"_links":{"self":[{"href":"https:\/\/ibecbarcelona.eu\/ca\/wp-json\/wp\/v2\/posts\/5070","targetHints":{"allow":["GET"]}}],"collection":[{"href":"https:\/\/ibecbarcelona.eu\/ca\/wp-json\/wp\/v2\/posts"}],"about":[{"href":"https:\/\/ibecbarcelona.eu\/ca\/wp-json\/wp\/v2\/types\/post"}],"author":[{"embeddable":true,"href":"https:\/\/ibecbarcelona.eu\/ca\/wp-json\/wp\/v2\/users\/4"}],"replies":[{"embeddable":true,"href":"https:\/\/ibecbarcelona.eu\/ca\/wp-json\/wp\/v2\/comments?post=5070"}],"version-history":[{"count":0,"href":"https:\/\/ibecbarcelona.eu\/ca\/wp-json\/wp\/v2\/posts\/5070\/revisions"}],"wp:attachment":[{"href":"https:\/\/ibecbarcelona.eu\/ca\/wp-json\/wp\/v2\/media?parent=5070"}],"wp:term":[{"taxonomy":"category","embeddable":true,"href":"https:\/\/ibecbarcelona.eu\/ca\/wp-json\/wp\/v2\/categories?post=5070"},{"taxonomy":"post_tag","embeddable":true,"href":"https:\/\/ibecbarcelona.eu\/ca\/wp-json\/wp\/v2\/tags?post=5070"},{"taxonomy":"post_format","embeddable":true,"href":"https:\/\/ibecbarcelona.eu\/ca\/wp-json\/wp\/v2\/post_formats?post=5070"}],"curies":[{"name":"wp","href":"https:\/\/api.w.org\/{rel}","templated":true}]}}