
{"id":5152,"date":"2009-09-03T02:00:00","date_gmt":"2009-09-03T02:00:00","guid":{"rendered":"http:\/\/ibecbarcelona.eu\/new\/10e-congres-trends-in-nanotechnology-09-tnt-09\/"},"modified":"2015-04-14T16:00:32","modified_gmt":"2015-04-14T16:00:32","slug":"10e-congres-trends-in-nanotechnology-09-tnt-09","status":"publish","type":"post","link":"https:\/\/ibecbarcelona.eu\/ca\/10e-congres-trends-in-nanotechnology-09-tnt-09\/","title":{"rendered":"10\u00e8 Congr\u00e9s Trends in Nanotechnology &#8217;09 \u2013 TNT 09"},"content":{"rendered":"\n<p>L\u2019IBEC co-organitza la sessi\u00f3 espec\u00edfica sobre Nanobiotecnologia en  col\u00b7laboraci\u00f3 amb la Universitat de Barcelona, que ser\u00e0 moderada pel  Prof. Josep Samitier, director associat de l\u2019IBEC i l\u00edder del grup  Nanobioenginyeria d\u2019aquest institut. En la sessi\u00f3 tamb\u00e9 hi intervindr\u00e0,  com a ponent, la Dra Laura Fumagalli, del grup Caracterizaci\u00f3  bioel\u00e8ctrica a la nanoescala, de l\u2019IBEC.<\/p>\n<p>Aix\u00ed mateix, l\u2019Institut  presentar\u00e0 les seves activitats en el Macro-Stand Catalunya, en el que  tamb\u00e9\u00a0 hi seran presents altres centres i companyies, tots ells  caracterizats per la seva contribuci\u00f3 a la creixent import\u00e0ncia de  Catalunya en l\u2019escenari d\u2019I+D en nanotecnologia a nivell espanyol i  europeu. Segons els organitzadors, aquesta \u00e9s la ra\u00f3 per haver escollit  Barcelona per celebrar aquesta significativa desena edici\u00f3.<\/p>\n<p>\u00a0<\/p>\n<p> <\/p>\n<p>\u00a0<\/p>\n","protected":false},"excerpt":{"rendered":"<h3><img decoding=\"async\" class=\"left size-full wp-image-5148 lazyload\" data-src=\"https:\/\/ibecbarcelona.eu\/wp-content\/uploads\/2009\/09\/tnt09-booth.jpg\" border=\"0\" width=\"200\" height=\"150\" data-srcset=\"https:\/\/ibecbarcelona.eu\/wp-content\/uploads\/2009\/09\/tnt09-booth.jpg 200w, https:\/\/ibecbarcelona.eu\/wp-content\/uploads\/2009\/09\/tnt09-booth-150x112.jpg 150w\" data-sizes=\"(max-width: 200px) 100vw, 200px\" src=\"data:image\/svg+xml;base64,PHN2ZyB3aWR0aD0iMSIgaGVpZ2h0PSIxIiB4bWxucz0iaHR0cDovL3d3dy53My5vcmcvMjAwMC9zdmciPjwvc3ZnPg==\" style=\"--smush-placeholder-width: 200px; --smush-placeholder-aspect-ratio: 200\/150;\" \/>Del 7 a l\u201911 de setembre, Barcelona acollir\u00e0 el congr\u00e9s <a href=\"http:\/\/www.tntconf.org\/2009\" target=\"_blank\">Trends in Nanotechnology (TNT) 2009<\/a>. Aquesta trobada cient\u00edfica d\u2019alt nivell, organitzada en una s\u00e8rie de sessions espec\u00edfiques, ofereix una \u00e0mplia perspectiva de la investigaci\u00f3 puntera en totes les \u00e0rees de nanoci\u00e8ncia i nanotecnologia, aix\u00ed com informaci\u00f3 per a la comunitat nano sobre pol\u00edtiques, normatives i iniciatives de networking.<\/h3>\n","protected":false},"author":4,"featured_media":5148,"comment_status":"closed","ping_status":"closed","sticky":false,"template":"","format":"standard","meta":{"footnotes":""},"categories":[98],"tags":[],"post_formats":[],"class_list":["post-5152","post","type-post","status-publish","format-standard","has-post-thumbnail","hentry","category-noticies-institucionals"],"yoast_head":"<!-- This site is optimized with the Yoast SEO plugin v27.5 - https:\/\/yoast.com\/product\/yoast-seo-wordpress\/ -->\n<title>10\u00e8 Congr\u00e9s Trends in Nanotechnology &#039;09 \u2013 TNT 09 - Institute for Bioengineering of Catalonia<\/title>\n<meta name=\"robots\" content=\"index, follow, max-snippet:-1, max-image-preview:large, max-video-preview:-1\" \/>\n<link rel=\"canonical\" href=\"https:\/\/ibecbarcelona.eu\/ca\/10e-congres-trends-in-nanotechnology-09-tnt-09\/\" \/>\n<meta property=\"og:locale\" content=\"ca_ES\" \/>\n<meta property=\"og:type\" content=\"article\" \/>\n<meta property=\"og:title\" content=\"10\u00e8 Congr\u00e9s Trends in Nanotechnology &#039;09 \u2013 TNT 09 - Institute for Bioengineering of Catalonia\" \/>\n<meta property=\"og:description\" content=\"Del 7 a l\u201911 de setembre, Barcelona acollir\u00e0 el congr\u00e9s Trends in Nanotechnology (TNT) 2009. Aquesta trobada cient\u00edfica d\u2019alt nivell, organitzada en una s\u00e8rie de sessions espec\u00edfiques, ofereix una \u00e0mplia perspectiva de la investigaci\u00f3 puntera en totes les \u00e0rees de nanoci\u00e8ncia i nanotecnologia, aix\u00ed com informaci\u00f3 per a la comunitat nano sobre pol\u00edtiques, normatives i iniciatives de networking.\" \/>\n<meta property=\"og:url\" content=\"https:\/\/ibecbarcelona.eu\/ca\/10e-congres-trends-in-nanotechnology-09-tnt-09\/\" \/>\n<meta property=\"og:site_name\" content=\"Institute for Bioengineering of Catalonia\" \/>\n<meta property=\"article:published_time\" content=\"2009-09-03T02:00:00+00:00\" \/>\n<meta property=\"article:modified_time\" content=\"2015-04-14T16:00:32+00:00\" \/>\n<meta property=\"og:image\" content=\"https:\/\/ibecbarcelona.eu\/wp-content\/uploads\/2009\/09\/tnt09-booth.jpg\" \/>\n\t<meta property=\"og:image:width\" content=\"200\" \/>\n\t<meta property=\"og:image:height\" content=\"150\" \/>\n\t<meta property=\"og:image:type\" content=\"image\/jpeg\" \/>\n<meta name=\"author\" content=\"\u00c0ngels L\u00f3pez\" \/>\n<meta name=\"twitter:card\" content=\"summary_large_image\" \/>\n<meta name=\"twitter:label1\" content=\"Escrit per\" \/>\n\t<meta name=\"twitter:data1\" content=\"\u00c0ngels L\u00f3pez\" \/>\n\t<meta name=\"twitter:label2\" content=\"Temps estimat de lectura\" \/>\n\t<meta name=\"twitter:data2\" content=\"1 minut\" \/>\n<script type=\"application\/ld+json\" class=\"yoast-schema-graph\">{\"@context\":\"https:\\\/\\\/schema.org\",\"@graph\":[{\"@type\":\"Article\",\"@id\":\"https:\\\/\\\/ibecbarcelona.eu\\\/ca\\\/10e-congres-trends-in-nanotechnology-09-tnt-09\\\/#article\",\"isPartOf\":{\"@id\":\"https:\\\/\\\/ibecbarcelona.eu\\\/ca\\\/10e-congres-trends-in-nanotechnology-09-tnt-09\\\/\"},\"author\":{\"name\":\"\u00c0ngels L\u00f3pez\",\"@id\":\"https:\\\/\\\/ibecbarcelona.eu\\\/#\\\/schema\\\/person\\\/c212c6b589546130be67986b9290e2b8\"},\"headline\":\"10\u00e8 Congr\u00e9s Trends in Nanotechnology &#8217;09 \u2013 TNT 09\",\"datePublished\":\"2009-09-03T02:00:00+00:00\",\"dateModified\":\"2015-04-14T16:00:32+00:00\",\"mainEntityOfPage\":{\"@id\":\"https:\\\/\\\/ibecbarcelona.eu\\\/ca\\\/10e-congres-trends-in-nanotechnology-09-tnt-09\\\/\"},\"wordCount\":136,\"publisher\":{\"@id\":\"https:\\\/\\\/ibecbarcelona.eu\\\/#organization\"},\"image\":{\"@id\":\"https:\\\/\\\/ibecbarcelona.eu\\\/ca\\\/10e-congres-trends-in-nanotechnology-09-tnt-09\\\/#primaryimage\"},\"thumbnailUrl\":\"https:\\\/\\\/ibecbarcelona.eu\\\/wp-content\\\/uploads\\\/2009\\\/09\\\/tnt09-booth.jpg\",\"articleSection\":[\"Not\u00edcies institucionals\"],\"inLanguage\":\"ca\"},{\"@type\":\"WebPage\",\"@id\":\"https:\\\/\\\/ibecbarcelona.eu\\\/ca\\\/10e-congres-trends-in-nanotechnology-09-tnt-09\\\/\",\"url\":\"https:\\\/\\\/ibecbarcelona.eu\\\/ca\\\/10e-congres-trends-in-nanotechnology-09-tnt-09\\\/\",\"name\":\"10\u00e8 Congr\u00e9s Trends in Nanotechnology '09 \u2013 TNT 09 - Institute for Bioengineering of Catalonia\",\"isPartOf\":{\"@id\":\"https:\\\/\\\/ibecbarcelona.eu\\\/#website\"},\"primaryImageOfPage\":{\"@id\":\"https:\\\/\\\/ibecbarcelona.eu\\\/ca\\\/10e-congres-trends-in-nanotechnology-09-tnt-09\\\/#primaryimage\"},\"image\":{\"@id\":\"https:\\\/\\\/ibecbarcelona.eu\\\/ca\\\/10e-congres-trends-in-nanotechnology-09-tnt-09\\\/#primaryimage\"},\"thumbnailUrl\":\"https:\\\/\\\/ibecbarcelona.eu\\\/wp-content\\\/uploads\\\/2009\\\/09\\\/tnt09-booth.jpg\",\"datePublished\":\"2009-09-03T02:00:00+00:00\",\"dateModified\":\"2015-04-14T16:00:32+00:00\",\"breadcrumb\":{\"@id\":\"https:\\\/\\\/ibecbarcelona.eu\\\/ca\\\/10e-congres-trends-in-nanotechnology-09-tnt-09\\\/#breadcrumb\"},\"inLanguage\":\"ca\",\"potentialAction\":[{\"@type\":\"ReadAction\",\"target\":[\"https:\\\/\\\/ibecbarcelona.eu\\\/ca\\\/10e-congres-trends-in-nanotechnology-09-tnt-09\\\/\"]}]},{\"@type\":\"ImageObject\",\"inLanguage\":\"ca\",\"@id\":\"https:\\\/\\\/ibecbarcelona.eu\\\/ca\\\/10e-congres-trends-in-nanotechnology-09-tnt-09\\\/#primaryimage\",\"url\":\"https:\\\/\\\/ibecbarcelona.eu\\\/wp-content\\\/uploads\\\/2009\\\/09\\\/tnt09-booth.jpg\",\"contentUrl\":\"https:\\\/\\\/ibecbarcelona.eu\\\/wp-content\\\/uploads\\\/2009\\\/09\\\/tnt09-booth.jpg\",\"width\":200,\"height\":150},{\"@type\":\"BreadcrumbList\",\"@id\":\"https:\\\/\\\/ibecbarcelona.eu\\\/ca\\\/10e-congres-trends-in-nanotechnology-09-tnt-09\\\/#breadcrumb\",\"itemListElement\":[{\"@type\":\"ListItem\",\"position\":1,\"name\":\"Home\",\"item\":\"https:\\\/\\\/ibecbarcelona.eu\\\/ca\\\/\"},{\"@type\":\"ListItem\",\"position\":2,\"name\":\"10\u00e8 Congr\u00e9s Trends in Nanotechnology &#8217;09 \u2013 TNT 09\"}]},{\"@type\":\"WebSite\",\"@id\":\"https:\\\/\\\/ibecbarcelona.eu\\\/#website\",\"url\":\"https:\\\/\\\/ibecbarcelona.eu\\\/\",\"name\":\"Institute for Bioengineering of Catalonia\",\"description\":\"Bioengineering Solutions for Health\",\"publisher\":{\"@id\":\"https:\\\/\\\/ibecbarcelona.eu\\\/#organization\"},\"potentialAction\":[{\"@type\":\"SearchAction\",\"target\":{\"@type\":\"EntryPoint\",\"urlTemplate\":\"https:\\\/\\\/ibecbarcelona.eu\\\/?s={search_term_string}\"},\"query-input\":{\"@type\":\"PropertyValueSpecification\",\"valueRequired\":true,\"valueName\":\"search_term_string\"}}],\"inLanguage\":\"ca\"},{\"@type\":\"Organization\",\"@id\":\"https:\\\/\\\/ibecbarcelona.eu\\\/#organization\",\"name\":\"Institute for Bioengineering of Catalonia\",\"url\":\"https:\\\/\\\/ibecbarcelona.eu\\\/\",\"logo\":{\"@type\":\"ImageObject\",\"inLanguage\":\"ca\",\"@id\":\"https:\\\/\\\/ibecbarcelona.eu\\\/#\\\/schema\\\/logo\\\/image\\\/\",\"url\":\"https:\\\/\\\/ibecbarcelona.eu\\\/wp-content\\\/uploads\\\/2026\\\/01\\\/cropped-IBEC_20ANYS_GRIS.png\",\"contentUrl\":\"https:\\\/\\\/ibecbarcelona.eu\\\/wp-content\\\/uploads\\\/2026\\\/01\\\/cropped-IBEC_20ANYS_GRIS.png\",\"width\":696,\"height\":257,\"caption\":\"Institute for Bioengineering of Catalonia\"},\"image\":{\"@id\":\"https:\\\/\\\/ibecbarcelona.eu\\\/#\\\/schema\\\/logo\\\/image\\\/\"}},{\"@type\":\"Person\",\"@id\":\"https:\\\/\\\/ibecbarcelona.eu\\\/#\\\/schema\\\/person\\\/c212c6b589546130be67986b9290e2b8\",\"name\":\"\u00c0ngels L\u00f3pez\",\"image\":{\"@type\":\"ImageObject\",\"inLanguage\":\"ca\",\"@id\":\"https:\\\/\\\/secure.gravatar.com\\\/avatar\\\/09ad6ba116bea0b15c5511860f83b302579fd7404c1180e9dae55c3f11d988c6?s=96&d=mm&r=g\",\"url\":\"https:\\\/\\\/secure.gravatar.com\\\/avatar\\\/09ad6ba116bea0b15c5511860f83b302579fd7404c1180e9dae55c3f11d988c6?s=96&d=mm&r=g\",\"contentUrl\":\"https:\\\/\\\/secure.gravatar.com\\\/avatar\\\/09ad6ba116bea0b15c5511860f83b302579fd7404c1180e9dae55c3f11d988c6?s=96&d=mm&r=g\",\"caption\":\"\u00c0ngels L\u00f3pez\"},\"url\":\"https:\\\/\\\/ibecbarcelona.eu\\\/ca\\\/author\\\/alopez\\\/\"}]}<\/script>\n<!-- \/ Yoast SEO plugin. -->","yoast_head_json":{"title":"10\u00e8 Congr\u00e9s Trends in Nanotechnology '09 \u2013 TNT 09 - Institute for Bioengineering of Catalonia","robots":{"index":"index","follow":"follow","max-snippet":"max-snippet:-1","max-image-preview":"max-image-preview:large","max-video-preview":"max-video-preview:-1"},"canonical":"https:\/\/ibecbarcelona.eu\/ca\/10e-congres-trends-in-nanotechnology-09-tnt-09\/","og_locale":"ca_ES","og_type":"article","og_title":"10\u00e8 Congr\u00e9s Trends in Nanotechnology '09 \u2013 TNT 09 - Institute for Bioengineering of Catalonia","og_description":"Del 7 a l\u201911 de setembre, Barcelona acollir\u00e0 el congr\u00e9s Trends in Nanotechnology (TNT) 2009. Aquesta trobada cient\u00edfica d\u2019alt nivell, organitzada en una s\u00e8rie de sessions espec\u00edfiques, ofereix una \u00e0mplia perspectiva de la investigaci\u00f3 puntera en totes les \u00e0rees de nanoci\u00e8ncia i nanotecnologia, aix\u00ed com informaci\u00f3 per a la comunitat nano sobre pol\u00edtiques, normatives i iniciatives de networking.","og_url":"https:\/\/ibecbarcelona.eu\/ca\/10e-congres-trends-in-nanotechnology-09-tnt-09\/","og_site_name":"Institute for Bioengineering of Catalonia","article_published_time":"2009-09-03T02:00:00+00:00","article_modified_time":"2015-04-14T16:00:32+00:00","og_image":[{"width":200,"height":150,"url":"https:\/\/ibecbarcelona.eu\/wp-content\/uploads\/2009\/09\/tnt09-booth.jpg","type":"image\/jpeg"}],"author":"\u00c0ngels L\u00f3pez","twitter_card":"summary_large_image","twitter_misc":{"Escrit per":"\u00c0ngels L\u00f3pez","Temps estimat de lectura":"1 minut"},"schema":{"@context":"https:\/\/schema.org","@graph":[{"@type":"Article","@id":"https:\/\/ibecbarcelona.eu\/ca\/10e-congres-trends-in-nanotechnology-09-tnt-09\/#article","isPartOf":{"@id":"https:\/\/ibecbarcelona.eu\/ca\/10e-congres-trends-in-nanotechnology-09-tnt-09\/"},"author":{"name":"\u00c0ngels L\u00f3pez","@id":"https:\/\/ibecbarcelona.eu\/#\/schema\/person\/c212c6b589546130be67986b9290e2b8"},"headline":"10\u00e8 Congr\u00e9s Trends in Nanotechnology &#8217;09 \u2013 TNT 09","datePublished":"2009-09-03T02:00:00+00:00","dateModified":"2015-04-14T16:00:32+00:00","mainEntityOfPage":{"@id":"https:\/\/ibecbarcelona.eu\/ca\/10e-congres-trends-in-nanotechnology-09-tnt-09\/"},"wordCount":136,"publisher":{"@id":"https:\/\/ibecbarcelona.eu\/#organization"},"image":{"@id":"https:\/\/ibecbarcelona.eu\/ca\/10e-congres-trends-in-nanotechnology-09-tnt-09\/#primaryimage"},"thumbnailUrl":"https:\/\/ibecbarcelona.eu\/wp-content\/uploads\/2009\/09\/tnt09-booth.jpg","articleSection":["Not\u00edcies institucionals"],"inLanguage":"ca"},{"@type":"WebPage","@id":"https:\/\/ibecbarcelona.eu\/ca\/10e-congres-trends-in-nanotechnology-09-tnt-09\/","url":"https:\/\/ibecbarcelona.eu\/ca\/10e-congres-trends-in-nanotechnology-09-tnt-09\/","name":"10\u00e8 Congr\u00e9s Trends in Nanotechnology '09 \u2013 TNT 09 - Institute for Bioengineering of Catalonia","isPartOf":{"@id":"https:\/\/ibecbarcelona.eu\/#website"},"primaryImageOfPage":{"@id":"https:\/\/ibecbarcelona.eu\/ca\/10e-congres-trends-in-nanotechnology-09-tnt-09\/#primaryimage"},"image":{"@id":"https:\/\/ibecbarcelona.eu\/ca\/10e-congres-trends-in-nanotechnology-09-tnt-09\/#primaryimage"},"thumbnailUrl":"https:\/\/ibecbarcelona.eu\/wp-content\/uploads\/2009\/09\/tnt09-booth.jpg","datePublished":"2009-09-03T02:00:00+00:00","dateModified":"2015-04-14T16:00:32+00:00","breadcrumb":{"@id":"https:\/\/ibecbarcelona.eu\/ca\/10e-congres-trends-in-nanotechnology-09-tnt-09\/#breadcrumb"},"inLanguage":"ca","potentialAction":[{"@type":"ReadAction","target":["https:\/\/ibecbarcelona.eu\/ca\/10e-congres-trends-in-nanotechnology-09-tnt-09\/"]}]},{"@type":"ImageObject","inLanguage":"ca","@id":"https:\/\/ibecbarcelona.eu\/ca\/10e-congres-trends-in-nanotechnology-09-tnt-09\/#primaryimage","url":"https:\/\/ibecbarcelona.eu\/wp-content\/uploads\/2009\/09\/tnt09-booth.jpg","contentUrl":"https:\/\/ibecbarcelona.eu\/wp-content\/uploads\/2009\/09\/tnt09-booth.jpg","width":200,"height":150},{"@type":"BreadcrumbList","@id":"https:\/\/ibecbarcelona.eu\/ca\/10e-congres-trends-in-nanotechnology-09-tnt-09\/#breadcrumb","itemListElement":[{"@type":"ListItem","position":1,"name":"Home","item":"https:\/\/ibecbarcelona.eu\/ca\/"},{"@type":"ListItem","position":2,"name":"10\u00e8 Congr\u00e9s Trends in Nanotechnology &#8217;09 \u2013 TNT 09"}]},{"@type":"WebSite","@id":"https:\/\/ibecbarcelona.eu\/#website","url":"https:\/\/ibecbarcelona.eu\/","name":"Institute for Bioengineering of Catalonia","description":"Bioengineering Solutions for Health","publisher":{"@id":"https:\/\/ibecbarcelona.eu\/#organization"},"potentialAction":[{"@type":"SearchAction","target":{"@type":"EntryPoint","urlTemplate":"https:\/\/ibecbarcelona.eu\/?s={search_term_string}"},"query-input":{"@type":"PropertyValueSpecification","valueRequired":true,"valueName":"search_term_string"}}],"inLanguage":"ca"},{"@type":"Organization","@id":"https:\/\/ibecbarcelona.eu\/#organization","name":"Institute for Bioengineering of Catalonia","url":"https:\/\/ibecbarcelona.eu\/","logo":{"@type":"ImageObject","inLanguage":"ca","@id":"https:\/\/ibecbarcelona.eu\/#\/schema\/logo\/image\/","url":"https:\/\/ibecbarcelona.eu\/wp-content\/uploads\/2026\/01\/cropped-IBEC_20ANYS_GRIS.png","contentUrl":"https:\/\/ibecbarcelona.eu\/wp-content\/uploads\/2026\/01\/cropped-IBEC_20ANYS_GRIS.png","width":696,"height":257,"caption":"Institute for Bioengineering of Catalonia"},"image":{"@id":"https:\/\/ibecbarcelona.eu\/#\/schema\/logo\/image\/"}},{"@type":"Person","@id":"https:\/\/ibecbarcelona.eu\/#\/schema\/person\/c212c6b589546130be67986b9290e2b8","name":"\u00c0ngels L\u00f3pez","image":{"@type":"ImageObject","inLanguage":"ca","@id":"https:\/\/secure.gravatar.com\/avatar\/09ad6ba116bea0b15c5511860f83b302579fd7404c1180e9dae55c3f11d988c6?s=96&d=mm&r=g","url":"https:\/\/secure.gravatar.com\/avatar\/09ad6ba116bea0b15c5511860f83b302579fd7404c1180e9dae55c3f11d988c6?s=96&d=mm&r=g","contentUrl":"https:\/\/secure.gravatar.com\/avatar\/09ad6ba116bea0b15c5511860f83b302579fd7404c1180e9dae55c3f11d988c6?s=96&d=mm&r=g","caption":"\u00c0ngels L\u00f3pez"},"url":"https:\/\/ibecbarcelona.eu\/ca\/author\/alopez\/"}]}},"AFP_featured_media_urls":{"full":["https:\/\/ibecbarcelona.eu\/wp-content\/uploads\/2009\/09\/tnt09-booth.jpg",200,150,false],"thumbnail":["https:\/\/ibecbarcelona.eu\/wp-content\/uploads\/2009\/09\/tnt09-booth-150x150.jpg",150,150,true],"medium":["https:\/\/ibecbarcelona.eu\/wp-content\/uploads\/2009\/09\/tnt09-booth.jpg",200,150,false],"medium_large":["https:\/\/ibecbarcelona.eu\/wp-content\/uploads\/2009\/09\/tnt09-booth.jpg",200,150,false],"large":["https:\/\/ibecbarcelona.eu\/wp-content\/uploads\/2009\/09\/tnt09-booth.jpg",200,150,false]},"AFP_attachments":{"full":["https:\/\/ibecbarcelona.eu\/wp-content\/uploads\/2009\/09\/tnt09-booth.jpg",200,150,false],"thumbnail":["https:\/\/ibecbarcelona.eu\/wp-content\/uploads\/2009\/09\/tnt09-booth-150x150.jpg",150,150,true],"medium":["https:\/\/ibecbarcelona.eu\/wp-content\/uploads\/2009\/09\/tnt09-booth.jpg",200,150,false],"medium_large":["https:\/\/ibecbarcelona.eu\/wp-content\/uploads\/2009\/09\/tnt09-booth.jpg",200,150,false],"large":["https:\/\/ibecbarcelona.eu\/wp-content\/uploads\/2009\/09\/tnt09-booth.jpg",200,150,false]},"AFP_videos":[],"AFP_video_blocks":"","AFP_category_names":["Not\u00edcies institucionals"],"_links":{"self":[{"href":"https:\/\/ibecbarcelona.eu\/ca\/wp-json\/wp\/v2\/posts\/5152","targetHints":{"allow":["GET"]}}],"collection":[{"href":"https:\/\/ibecbarcelona.eu\/ca\/wp-json\/wp\/v2\/posts"}],"about":[{"href":"https:\/\/ibecbarcelona.eu\/ca\/wp-json\/wp\/v2\/types\/post"}],"author":[{"embeddable":true,"href":"https:\/\/ibecbarcelona.eu\/ca\/wp-json\/wp\/v2\/users\/4"}],"replies":[{"embeddable":true,"href":"https:\/\/ibecbarcelona.eu\/ca\/wp-json\/wp\/v2\/comments?post=5152"}],"version-history":[{"count":0,"href":"https:\/\/ibecbarcelona.eu\/ca\/wp-json\/wp\/v2\/posts\/5152\/revisions"}],"wp:featuredmedia":[{"embeddable":true,"href":"https:\/\/ibecbarcelona.eu\/ca\/wp-json\/wp\/v2\/media\/5148"}],"wp:attachment":[{"href":"https:\/\/ibecbarcelona.eu\/ca\/wp-json\/wp\/v2\/media?parent=5152"}],"wp:term":[{"taxonomy":"category","embeddable":true,"href":"https:\/\/ibecbarcelona.eu\/ca\/wp-json\/wp\/v2\/categories?post=5152"},{"taxonomy":"post_tag","embeddable":true,"href":"https:\/\/ibecbarcelona.eu\/ca\/wp-json\/wp\/v2\/tags?post=5152"},{"taxonomy":"post_format","embeddable":true,"href":"https:\/\/ibecbarcelona.eu\/ca\/wp-json\/wp\/v2\/post_formats?post=5152"}],"curies":[{"name":"wp","href":"https:\/\/api.w.org\/{rel}","templated":true}]}}