
{"id":5155,"date":"2009-09-07T02:00:00","date_gmt":"2009-09-07T02:00:00","guid":{"rendered":"http:\/\/ibecbarcelona.eu\/new\/libec-participa-a-symbiosis-14e-congres-europeu-de-biotecnologia\/"},"modified":"2015-01-07T15:27:36","modified_gmt":"2015-01-07T15:27:36","slug":"libec-participa-a-symbiosis-14e-congres-europeu-de-biotecnologia","status":"publish","type":"post","link":"https:\/\/ibecbarcelona.eu\/ca\/libec-participa-a-symbiosis-14e-congres-europeu-de-biotecnologia\/","title":{"rendered":"L\u2019IBEC participa a Symbiosis &#8211; 14\u00e8 Congr\u00e9s  Europeu de Biotecnologia"},"content":{"rendered":"\n<p>Symbiosis \u00e9s una ocasi\u00f3 \u00fanica perqu\u00e8 es trobin investigadors internacionals, joves cient\u00edfics, executius, emprenedors i representants de l\u2019administraci\u00f3 interessats en qualsevol de les \u00e0rees de la Biotecnologia. Aix\u00ed mateix, el congr\u00e9s ofereix una excel\u00b7lent plataforma per presentar i discutir els desenvolupaments m\u00e9s recents d\u2019aquest \u00e0mbit.<\/p>\n<p>Actualment, l\u2019IBEC dirigeix la secci\u00f3 de Nanobiotecnologia de la EFB, en representaci\u00f3 de la Nanobiotechnology Alliance. L\u2019Institut ha contribu\u00eft al programa de Symbiosis amb l\u2019organitzaci\u00f3 de la sessi\u00f3 Nanomedicina, que estar\u00e0 moderada per la Dra. Mar\u00eda Garc\u00eda-Parajo, Group Leader de l\u2019equip de Bionanofot\u00f2nica de l\u2019IBEC, i on hi participar\u00e0 com a ponent el Dr. Xavier Fern\u00e1ndez-Busquets, del grup de Nanobioenginyeria d\u2019aquest mateix institut.<\/p>\n","protected":false},"excerpt":{"rendered":"<p>L\u2019IBEC participar\u00e0 a <a href=\"http:\/\/www.ecb14.eu\" target=\"_blank\">Symbiosis<\/a>, la catorzena edici\u00f3 del Congr\u00e9s Europeu de Biotecnologia, un dels esdeveniments europeus m\u00e9s rellevants i importants d\u2019aquesta disciplina. El congr\u00e9s l\u2019organitza, cada dos anys a Barcelona, l\u2019European Federation of Biotechnology (EFB). El director de l\u2019IBEC, Prof. Josep A. Planell, realitzar\u00e0 una intervenci\u00f3 el dimarts 15 de setembre per explicar la missi\u00f3 i el programa cient\u00edfic de l\u2019Institut.<\/p>\n<p>\u00a0<\/p>\n","protected":false},"author":4,"featured_media":0,"comment_status":"closed","ping_status":"closed","sticky":false,"template":"","format":"standard","meta":{"footnotes":""},"categories":[98],"tags":[],"post_formats":[],"class_list":["post-5155","post","type-post","status-publish","format-standard","hentry","category-noticies-institucionals"],"yoast_head":"<!-- This site is optimized with the Yoast SEO plugin v27.5 - https:\/\/yoast.com\/product\/yoast-seo-wordpress\/ -->\n<title>L\u2019IBEC participa a Symbiosis - 14\u00e8 Congr\u00e9s Europeu de Biotecnologia - Institute for Bioengineering of Catalonia<\/title>\n<meta name=\"robots\" content=\"index, follow, max-snippet:-1, max-image-preview:large, max-video-preview:-1\" \/>\n<link rel=\"canonical\" href=\"https:\/\/ibecbarcelona.eu\/ca\/libec-participa-a-symbiosis-14e-congres-europeu-de-biotecnologia\/\" \/>\n<meta property=\"og:locale\" content=\"ca_ES\" \/>\n<meta property=\"og:type\" content=\"article\" \/>\n<meta property=\"og:title\" content=\"L\u2019IBEC participa a Symbiosis - 14\u00e8 Congr\u00e9s Europeu de Biotecnologia - Institute for Bioengineering of Catalonia\" \/>\n<meta property=\"og:description\" content=\"L\u2019IBEC participar\u00e0 a Symbiosis, la catorzena edici\u00f3 del Congr\u00e9s Europeu de Biotecnologia, un dels esdeveniments europeus m\u00e9s rellevants i importants d\u2019aquesta disciplina. El congr\u00e9s l\u2019organitza, cada dos anys a Barcelona, l\u2019European Federation of Biotechnology (EFB). El director de l\u2019IBEC, Prof. Josep A. Planell, realitzar\u00e0 una intervenci\u00f3 el dimarts 15 de setembre per explicar la missi\u00f3 i el programa cient\u00edfic de l\u2019Institut. \u00a0\" \/>\n<meta property=\"og:url\" content=\"https:\/\/ibecbarcelona.eu\/ca\/libec-participa-a-symbiosis-14e-congres-europeu-de-biotecnologia\/\" \/>\n<meta property=\"og:site_name\" content=\"Institute for Bioengineering of Catalonia\" \/>\n<meta property=\"article:published_time\" content=\"2009-09-07T02:00:00+00:00\" \/>\n<meta property=\"article:modified_time\" content=\"2015-01-07T15:27:36+00:00\" \/>\n<meta name=\"author\" content=\"\u00c0ngels L\u00f3pez\" \/>\n<meta name=\"twitter:card\" content=\"summary_large_image\" \/>\n<meta name=\"twitter:label1\" content=\"Escrit per\" \/>\n\t<meta name=\"twitter:data1\" content=\"\u00c0ngels L\u00f3pez\" \/>\n\t<meta name=\"twitter:label2\" content=\"Temps estimat de lectura\" \/>\n\t<meta name=\"twitter:data2\" content=\"1 minut\" \/>\n<script type=\"application\/ld+json\" class=\"yoast-schema-graph\">{\"@context\":\"https:\\\/\\\/schema.org\",\"@graph\":[{\"@type\":\"Article\",\"@id\":\"https:\\\/\\\/ibecbarcelona.eu\\\/ca\\\/libec-participa-a-symbiosis-14e-congres-europeu-de-biotecnologia\\\/#article\",\"isPartOf\":{\"@id\":\"https:\\\/\\\/ibecbarcelona.eu\\\/ca\\\/libec-participa-a-symbiosis-14e-congres-europeu-de-biotecnologia\\\/\"},\"author\":{\"name\":\"\u00c0ngels L\u00f3pez\",\"@id\":\"https:\\\/\\\/ibecbarcelona.eu\\\/#\\\/schema\\\/person\\\/c212c6b589546130be67986b9290e2b8\"},\"headline\":\"L\u2019IBEC participa a Symbiosis &#8211; 14\u00e8 Congr\u00e9s Europeu de Biotecnologia\",\"datePublished\":\"2009-09-07T02:00:00+00:00\",\"dateModified\":\"2015-01-07T15:27:36+00:00\",\"mainEntityOfPage\":{\"@id\":\"https:\\\/\\\/ibecbarcelona.eu\\\/ca\\\/libec-participa-a-symbiosis-14e-congres-europeu-de-biotecnologia\\\/\"},\"wordCount\":136,\"publisher\":{\"@id\":\"https:\\\/\\\/ibecbarcelona.eu\\\/#organization\"},\"articleSection\":[\"Not\u00edcies institucionals\"],\"inLanguage\":\"ca\"},{\"@type\":\"WebPage\",\"@id\":\"https:\\\/\\\/ibecbarcelona.eu\\\/ca\\\/libec-participa-a-symbiosis-14e-congres-europeu-de-biotecnologia\\\/\",\"url\":\"https:\\\/\\\/ibecbarcelona.eu\\\/ca\\\/libec-participa-a-symbiosis-14e-congres-europeu-de-biotecnologia\\\/\",\"name\":\"L\u2019IBEC participa a Symbiosis - 14\u00e8 Congr\u00e9s Europeu de Biotecnologia - Institute for Bioengineering of Catalonia\",\"isPartOf\":{\"@id\":\"https:\\\/\\\/ibecbarcelona.eu\\\/#website\"},\"datePublished\":\"2009-09-07T02:00:00+00:00\",\"dateModified\":\"2015-01-07T15:27:36+00:00\",\"breadcrumb\":{\"@id\":\"https:\\\/\\\/ibecbarcelona.eu\\\/ca\\\/libec-participa-a-symbiosis-14e-congres-europeu-de-biotecnologia\\\/#breadcrumb\"},\"inLanguage\":\"ca\",\"potentialAction\":[{\"@type\":\"ReadAction\",\"target\":[\"https:\\\/\\\/ibecbarcelona.eu\\\/ca\\\/libec-participa-a-symbiosis-14e-congres-europeu-de-biotecnologia\\\/\"]}]},{\"@type\":\"BreadcrumbList\",\"@id\":\"https:\\\/\\\/ibecbarcelona.eu\\\/ca\\\/libec-participa-a-symbiosis-14e-congres-europeu-de-biotecnologia\\\/#breadcrumb\",\"itemListElement\":[{\"@type\":\"ListItem\",\"position\":1,\"name\":\"Home\",\"item\":\"https:\\\/\\\/ibecbarcelona.eu\\\/ca\\\/\"},{\"@type\":\"ListItem\",\"position\":2,\"name\":\"L\u2019IBEC participa a Symbiosis &#8211; 14\u00e8 Congr\u00e9s Europeu de Biotecnologia\"}]},{\"@type\":\"WebSite\",\"@id\":\"https:\\\/\\\/ibecbarcelona.eu\\\/#website\",\"url\":\"https:\\\/\\\/ibecbarcelona.eu\\\/\",\"name\":\"Institute for Bioengineering of Catalonia\",\"description\":\"Bioengineering Solutions for Health\",\"publisher\":{\"@id\":\"https:\\\/\\\/ibecbarcelona.eu\\\/#organization\"},\"potentialAction\":[{\"@type\":\"SearchAction\",\"target\":{\"@type\":\"EntryPoint\",\"urlTemplate\":\"https:\\\/\\\/ibecbarcelona.eu\\\/?s={search_term_string}\"},\"query-input\":{\"@type\":\"PropertyValueSpecification\",\"valueRequired\":true,\"valueName\":\"search_term_string\"}}],\"inLanguage\":\"ca\"},{\"@type\":\"Organization\",\"@id\":\"https:\\\/\\\/ibecbarcelona.eu\\\/#organization\",\"name\":\"Institute for Bioengineering of Catalonia\",\"url\":\"https:\\\/\\\/ibecbarcelona.eu\\\/\",\"logo\":{\"@type\":\"ImageObject\",\"inLanguage\":\"ca\",\"@id\":\"https:\\\/\\\/ibecbarcelona.eu\\\/#\\\/schema\\\/logo\\\/image\\\/\",\"url\":\"https:\\\/\\\/ibecbarcelona.eu\\\/wp-content\\\/uploads\\\/2026\\\/01\\\/cropped-IBEC_20ANYS_GRIS.png\",\"contentUrl\":\"https:\\\/\\\/ibecbarcelona.eu\\\/wp-content\\\/uploads\\\/2026\\\/01\\\/cropped-IBEC_20ANYS_GRIS.png\",\"width\":696,\"height\":257,\"caption\":\"Institute for Bioengineering of Catalonia\"},\"image\":{\"@id\":\"https:\\\/\\\/ibecbarcelona.eu\\\/#\\\/schema\\\/logo\\\/image\\\/\"}},{\"@type\":\"Person\",\"@id\":\"https:\\\/\\\/ibecbarcelona.eu\\\/#\\\/schema\\\/person\\\/c212c6b589546130be67986b9290e2b8\",\"name\":\"\u00c0ngels L\u00f3pez\",\"image\":{\"@type\":\"ImageObject\",\"inLanguage\":\"ca\",\"@id\":\"https:\\\/\\\/secure.gravatar.com\\\/avatar\\\/09ad6ba116bea0b15c5511860f83b302579fd7404c1180e9dae55c3f11d988c6?s=96&d=mm&r=g\",\"url\":\"https:\\\/\\\/secure.gravatar.com\\\/avatar\\\/09ad6ba116bea0b15c5511860f83b302579fd7404c1180e9dae55c3f11d988c6?s=96&d=mm&r=g\",\"contentUrl\":\"https:\\\/\\\/secure.gravatar.com\\\/avatar\\\/09ad6ba116bea0b15c5511860f83b302579fd7404c1180e9dae55c3f11d988c6?s=96&d=mm&r=g\",\"caption\":\"\u00c0ngels L\u00f3pez\"},\"url\":\"https:\\\/\\\/ibecbarcelona.eu\\\/ca\\\/author\\\/alopez\\\/\"}]}<\/script>\n<!-- \/ Yoast SEO plugin. -->","yoast_head_json":{"title":"L\u2019IBEC participa a Symbiosis - 14\u00e8 Congr\u00e9s Europeu de Biotecnologia - Institute for Bioengineering of Catalonia","robots":{"index":"index","follow":"follow","max-snippet":"max-snippet:-1","max-image-preview":"max-image-preview:large","max-video-preview":"max-video-preview:-1"},"canonical":"https:\/\/ibecbarcelona.eu\/ca\/libec-participa-a-symbiosis-14e-congres-europeu-de-biotecnologia\/","og_locale":"ca_ES","og_type":"article","og_title":"L\u2019IBEC participa a Symbiosis - 14\u00e8 Congr\u00e9s Europeu de Biotecnologia - Institute for Bioengineering of Catalonia","og_description":"L\u2019IBEC participar\u00e0 a Symbiosis, la catorzena edici\u00f3 del Congr\u00e9s Europeu de Biotecnologia, un dels esdeveniments europeus m\u00e9s rellevants i importants d\u2019aquesta disciplina. El congr\u00e9s l\u2019organitza, cada dos anys a Barcelona, l\u2019European Federation of Biotechnology (EFB). El director de l\u2019IBEC, Prof. Josep A. Planell, realitzar\u00e0 una intervenci\u00f3 el dimarts 15 de setembre per explicar la missi\u00f3 i el programa cient\u00edfic de l\u2019Institut. \u00a0","og_url":"https:\/\/ibecbarcelona.eu\/ca\/libec-participa-a-symbiosis-14e-congres-europeu-de-biotecnologia\/","og_site_name":"Institute for Bioengineering of Catalonia","article_published_time":"2009-09-07T02:00:00+00:00","article_modified_time":"2015-01-07T15:27:36+00:00","author":"\u00c0ngels L\u00f3pez","twitter_card":"summary_large_image","twitter_misc":{"Escrit per":"\u00c0ngels L\u00f3pez","Temps estimat de lectura":"1 minut"},"schema":{"@context":"https:\/\/schema.org","@graph":[{"@type":"Article","@id":"https:\/\/ibecbarcelona.eu\/ca\/libec-participa-a-symbiosis-14e-congres-europeu-de-biotecnologia\/#article","isPartOf":{"@id":"https:\/\/ibecbarcelona.eu\/ca\/libec-participa-a-symbiosis-14e-congres-europeu-de-biotecnologia\/"},"author":{"name":"\u00c0ngels L\u00f3pez","@id":"https:\/\/ibecbarcelona.eu\/#\/schema\/person\/c212c6b589546130be67986b9290e2b8"},"headline":"L\u2019IBEC participa a Symbiosis &#8211; 14\u00e8 Congr\u00e9s Europeu de Biotecnologia","datePublished":"2009-09-07T02:00:00+00:00","dateModified":"2015-01-07T15:27:36+00:00","mainEntityOfPage":{"@id":"https:\/\/ibecbarcelona.eu\/ca\/libec-participa-a-symbiosis-14e-congres-europeu-de-biotecnologia\/"},"wordCount":136,"publisher":{"@id":"https:\/\/ibecbarcelona.eu\/#organization"},"articleSection":["Not\u00edcies institucionals"],"inLanguage":"ca"},{"@type":"WebPage","@id":"https:\/\/ibecbarcelona.eu\/ca\/libec-participa-a-symbiosis-14e-congres-europeu-de-biotecnologia\/","url":"https:\/\/ibecbarcelona.eu\/ca\/libec-participa-a-symbiosis-14e-congres-europeu-de-biotecnologia\/","name":"L\u2019IBEC participa a Symbiosis - 14\u00e8 Congr\u00e9s Europeu de Biotecnologia - Institute for Bioengineering of Catalonia","isPartOf":{"@id":"https:\/\/ibecbarcelona.eu\/#website"},"datePublished":"2009-09-07T02:00:00+00:00","dateModified":"2015-01-07T15:27:36+00:00","breadcrumb":{"@id":"https:\/\/ibecbarcelona.eu\/ca\/libec-participa-a-symbiosis-14e-congres-europeu-de-biotecnologia\/#breadcrumb"},"inLanguage":"ca","potentialAction":[{"@type":"ReadAction","target":["https:\/\/ibecbarcelona.eu\/ca\/libec-participa-a-symbiosis-14e-congres-europeu-de-biotecnologia\/"]}]},{"@type":"BreadcrumbList","@id":"https:\/\/ibecbarcelona.eu\/ca\/libec-participa-a-symbiosis-14e-congres-europeu-de-biotecnologia\/#breadcrumb","itemListElement":[{"@type":"ListItem","position":1,"name":"Home","item":"https:\/\/ibecbarcelona.eu\/ca\/"},{"@type":"ListItem","position":2,"name":"L\u2019IBEC participa a Symbiosis &#8211; 14\u00e8 Congr\u00e9s Europeu de Biotecnologia"}]},{"@type":"WebSite","@id":"https:\/\/ibecbarcelona.eu\/#website","url":"https:\/\/ibecbarcelona.eu\/","name":"Institute for Bioengineering of Catalonia","description":"Bioengineering Solutions for Health","publisher":{"@id":"https:\/\/ibecbarcelona.eu\/#organization"},"potentialAction":[{"@type":"SearchAction","target":{"@type":"EntryPoint","urlTemplate":"https:\/\/ibecbarcelona.eu\/?s={search_term_string}"},"query-input":{"@type":"PropertyValueSpecification","valueRequired":true,"valueName":"search_term_string"}}],"inLanguage":"ca"},{"@type":"Organization","@id":"https:\/\/ibecbarcelona.eu\/#organization","name":"Institute for Bioengineering of Catalonia","url":"https:\/\/ibecbarcelona.eu\/","logo":{"@type":"ImageObject","inLanguage":"ca","@id":"https:\/\/ibecbarcelona.eu\/#\/schema\/logo\/image\/","url":"https:\/\/ibecbarcelona.eu\/wp-content\/uploads\/2026\/01\/cropped-IBEC_20ANYS_GRIS.png","contentUrl":"https:\/\/ibecbarcelona.eu\/wp-content\/uploads\/2026\/01\/cropped-IBEC_20ANYS_GRIS.png","width":696,"height":257,"caption":"Institute for Bioengineering of Catalonia"},"image":{"@id":"https:\/\/ibecbarcelona.eu\/#\/schema\/logo\/image\/"}},{"@type":"Person","@id":"https:\/\/ibecbarcelona.eu\/#\/schema\/person\/c212c6b589546130be67986b9290e2b8","name":"\u00c0ngels L\u00f3pez","image":{"@type":"ImageObject","inLanguage":"ca","@id":"https:\/\/secure.gravatar.com\/avatar\/09ad6ba116bea0b15c5511860f83b302579fd7404c1180e9dae55c3f11d988c6?s=96&d=mm&r=g","url":"https:\/\/secure.gravatar.com\/avatar\/09ad6ba116bea0b15c5511860f83b302579fd7404c1180e9dae55c3f11d988c6?s=96&d=mm&r=g","contentUrl":"https:\/\/secure.gravatar.com\/avatar\/09ad6ba116bea0b15c5511860f83b302579fd7404c1180e9dae55c3f11d988c6?s=96&d=mm&r=g","caption":"\u00c0ngels L\u00f3pez"},"url":"https:\/\/ibecbarcelona.eu\/ca\/author\/alopez\/"}]}},"AFP_featured_media_urls":{"full":false,"thumbnail":false,"medium":false,"medium_large":false,"large":false},"AFP_attachments":[],"AFP_videos":[],"AFP_video_blocks":"","AFP_category_names":["Not\u00edcies institucionals"],"_links":{"self":[{"href":"https:\/\/ibecbarcelona.eu\/ca\/wp-json\/wp\/v2\/posts\/5155","targetHints":{"allow":["GET"]}}],"collection":[{"href":"https:\/\/ibecbarcelona.eu\/ca\/wp-json\/wp\/v2\/posts"}],"about":[{"href":"https:\/\/ibecbarcelona.eu\/ca\/wp-json\/wp\/v2\/types\/post"}],"author":[{"embeddable":true,"href":"https:\/\/ibecbarcelona.eu\/ca\/wp-json\/wp\/v2\/users\/4"}],"replies":[{"embeddable":true,"href":"https:\/\/ibecbarcelona.eu\/ca\/wp-json\/wp\/v2\/comments?post=5155"}],"version-history":[{"count":0,"href":"https:\/\/ibecbarcelona.eu\/ca\/wp-json\/wp\/v2\/posts\/5155\/revisions"}],"wp:attachment":[{"href":"https:\/\/ibecbarcelona.eu\/ca\/wp-json\/wp\/v2\/media?parent=5155"}],"wp:term":[{"taxonomy":"category","embeddable":true,"href":"https:\/\/ibecbarcelona.eu\/ca\/wp-json\/wp\/v2\/categories?post=5155"},{"taxonomy":"post_tag","embeddable":true,"href":"https:\/\/ibecbarcelona.eu\/ca\/wp-json\/wp\/v2\/tags?post=5155"},{"taxonomy":"post_format","embeddable":true,"href":"https:\/\/ibecbarcelona.eu\/ca\/wp-json\/wp\/v2\/post_formats?post=5155"}],"curies":[{"name":"wp","href":"https:\/\/api.w.org\/{rel}","templated":true}]}}