
{"id":5187,"date":"2009-10-15T17:43:52","date_gmt":"2009-10-15T17:43:52","guid":{"rendered":"http:\/\/ibecbarcelona.eu\/new\/nova-teoria-evolutiva-sobre-lorigen-dels-animals\/"},"modified":"2015-02-05T17:10:08","modified_gmt":"2015-02-05T17:10:08","slug":"nova-teoria-evolutiva-sobre-lorigen-dels-animals","status":"publish","type":"post","link":"https:\/\/ibecbarcelona.eu\/ca\/nova-teoria-evolutiva-sobre-lorigen-dels-animals\/","title":{"rendered":"Nova teoria evolutiva sobre l\u2019origen dels animals"},"content":{"rendered":"<p>Xavier Fern\u00e0ndez-Busquets, de l\u2019Institut de Bioenginyeria de Catalunya\u00a0i de l&#8217;Institut de Nanoci\u00e8ncia i Nanotecnologia de la UB (IN2UB), i Dario Anselmetti, de la Universitat de Bielefeld, juntament amb altres investigadors del Friedrich Miescher Institute de Basilea i el Laboratori de Biologia Marina de Woods Hole, a Massachusetts, publicaran al n\u00famero de novembre de \u201cMolecular Biology and Evolution\u201c (ja disponible \u201con line\u201d), els seus resultats biof\u00edsics de mol\u00e8cula \u00fanica sobre l\u2019efecte del calci en la interacci\u00f3 de les mol\u00e8cules d\u2019adhesi\u00f3 en esponges marines.<\/p>\n<p>Aquests organismes tenen una organitzaci\u00f3 simple i els hi manquen teixits especialitzats o c\u00e8l\u00b7lules neuronals. No obstant, han sobreviscut 600 milions d\u2019anys gaireb\u00e9 sense canvis i es consideren un gra\u00f3 entre l\u2019era Precambriana, dominada per organismes unicel\u00b7lulars, i la Postcambriana, en la que es va produir la gran diversificaci\u00f3 dels animals multicel\u00b7lulars (metazoos).<\/p>\n<p>Els investigadors presenten una nova teoria segons la qual el sobtat i massiu increment de la concentraci\u00f3 de calci a l\u2019aigua del mar de l\u2019era Cambriana \u2013que es creu va ser resultat de l\u2019activitat volc\u00e0nica de les zones entre plaques tect\u00f2niques suboce\u00e0niques\u2013 va constituir un factor essencial per a l\u2019agregaci\u00f3 i l\u2019estabilitzaci\u00f3 de les estructures multicel\u00b7lulars de les esponges primitives. Aix\u00f2 ha perm\u00e8s formular una nova teoria en la que el contingut oce\u00e0nic de calci podria ser clau per entendre l\u2019explosi\u00f3 de la vida a l\u2019era Cambriana.<\/p>\n<p>Aquest article constitueix la primera investigaci\u00f3 en la que els estudis d\u2019espectrosc\u00f2pia de for\u00e7a de mol\u00e8cula \u00fanica han proporcionat respostes significatives a una q\u00fcesti\u00f3 amb profundes connotacions en biologia evolutiva como \u00e9s l\u2019origen dels animals multicel\u00b7lulars i pot representar una fita i un exemple de com la multidisciplinarietat i la col\u00b7laboraci\u00f3 s\u00f3n essencials per a l\u2019excel\u00b7l\u00e8ncia en la ci\u00e8ncia contempor\u00e0nia.<\/p>\n<p>&#8212;<\/p>\n<p><strong><em>Article:<\/em><\/strong> <a href=\"http:\/\/mbe.oxfordjournals.org\/cgi\/content\/full\/26\/11\/2551?maxtoshow=&amp;HITS=10&amp;hits=10&amp;RESULTFORMAT=&amp;fulltext=Cambrian&amp;searchid=1&amp;FIRSTINDEX=0&amp;resourcetype=HWCIT\">\u201cSelf-Recognition and Ca2+-Dependent Carbohydrate\u2013Carbohydrate Cell Adhesion Provide Clues to the Cambrian Explosion\u201d.<\/a>\u00a0 <em>Molecular Biology and Evolution<\/em>.\u00a0Autors: Xavier Fern\u00e1ndez-Busquets, Andr\u00e9 K\u00f6rnig, Iwona Bucior, Max M. Burger, and Dario Anselmetti.<\/p>\n","protected":false},"excerpt":{"rendered":"<h3>L\u2019explosi\u00f3 Cambriana \u00e9s \u00e0mpliament considerada un dels episodis m\u00e9s rellevants de la hist\u00f2ria de la vida sobre la Terra, amb l\u2019aparici\u00f3 per primera vegada en el registre f\u00f2ssil de gran part de les divisions dels animals.<\/h3>\n<p>No obstant, les causes d\u2019aquest origen han estat objecte de debat durant d\u00e8cades i la pregunta de qu\u00e8 va desencadenar l\u2019organitzaci\u00f3 dels microorganismes unicel\u00b7lulars de l\u2019era Precambriana (fa 500 milions d\u2019anys) en organismes multicel\u00b7lulars ha estat sense resposta fins ara. <\/p>\n","protected":false},"author":4,"featured_media":0,"comment_status":"closed","ping_status":"closed","sticky":false,"template":"","format":"standard","meta":{"footnotes":""},"categories":[96],"tags":[],"post_formats":[],"class_list":["post-5187","post","type-post","status-publish","format-standard","hentry","category-noticies-de-recerca"],"yoast_head":"<!-- This site is optimized with the Yoast SEO plugin v27.5 - https:\/\/yoast.com\/product\/yoast-seo-wordpress\/ -->\n<title>Nova teoria evolutiva sobre l\u2019origen dels animals - Institute for Bioengineering of Catalonia<\/title>\n<meta name=\"robots\" content=\"index, follow, max-snippet:-1, max-image-preview:large, max-video-preview:-1\" \/>\n<link rel=\"canonical\" href=\"https:\/\/ibecbarcelona.eu\/ca\/nova-teoria-evolutiva-sobre-lorigen-dels-animals\/\" \/>\n<meta property=\"og:locale\" content=\"ca_ES\" \/>\n<meta property=\"og:type\" content=\"article\" \/>\n<meta property=\"og:title\" content=\"Nova teoria evolutiva sobre l\u2019origen dels animals - Institute for Bioengineering of Catalonia\" \/>\n<meta property=\"og:description\" content=\"L\u2019explosi\u00f3 Cambriana \u00e9s \u00e0mpliament considerada un dels episodis m\u00e9s rellevants de la hist\u00f2ria de la vida sobre la Terra, amb l\u2019aparici\u00f3 per primera vegada en el registre f\u00f2ssil de gran part de les divisions dels animals. No obstant, les causes d\u2019aquest origen han estat objecte de debat durant d\u00e8cades i la pregunta de qu\u00e8 va desencadenar l\u2019organitzaci\u00f3 dels microorganismes unicel\u00b7lulars de l\u2019era Precambriana (fa 500 milions d\u2019anys) en organismes multicel\u00b7lulars ha estat sense resposta fins ara.\" \/>\n<meta property=\"og:url\" content=\"https:\/\/ibecbarcelona.eu\/ca\/nova-teoria-evolutiva-sobre-lorigen-dels-animals\/\" \/>\n<meta property=\"og:site_name\" content=\"Institute for Bioengineering of Catalonia\" \/>\n<meta property=\"article:published_time\" content=\"2009-10-15T17:43:52+00:00\" \/>\n<meta property=\"article:modified_time\" content=\"2015-02-05T17:10:08+00:00\" \/>\n<meta name=\"author\" content=\"\u00c0ngels L\u00f3pez\" \/>\n<meta name=\"twitter:card\" content=\"summary_large_image\" \/>\n<meta name=\"twitter:label1\" content=\"Escrit per\" \/>\n\t<meta name=\"twitter:data1\" content=\"\u00c0ngels L\u00f3pez\" \/>\n\t<meta name=\"twitter:label2\" content=\"Temps estimat de lectura\" \/>\n\t<meta name=\"twitter:data2\" content=\"2 minuts\" \/>\n<script type=\"application\/ld+json\" class=\"yoast-schema-graph\">{\"@context\":\"https:\\\/\\\/schema.org\",\"@graph\":[{\"@type\":\"Article\",\"@id\":\"https:\\\/\\\/ibecbarcelona.eu\\\/ca\\\/nova-teoria-evolutiva-sobre-lorigen-dels-animals\\\/#article\",\"isPartOf\":{\"@id\":\"https:\\\/\\\/ibecbarcelona.eu\\\/ca\\\/nova-teoria-evolutiva-sobre-lorigen-dels-animals\\\/\"},\"author\":{\"name\":\"\u00c0ngels L\u00f3pez\",\"@id\":\"https:\\\/\\\/ibecbarcelona.eu\\\/#\\\/schema\\\/person\\\/c212c6b589546130be67986b9290e2b8\"},\"headline\":\"Nova teoria evolutiva sobre l\u2019origen dels animals\",\"datePublished\":\"2009-10-15T17:43:52+00:00\",\"dateModified\":\"2015-02-05T17:10:08+00:00\",\"mainEntityOfPage\":{\"@id\":\"https:\\\/\\\/ibecbarcelona.eu\\\/ca\\\/nova-teoria-evolutiva-sobre-lorigen-dels-animals\\\/\"},\"wordCount\":368,\"publisher\":{\"@id\":\"https:\\\/\\\/ibecbarcelona.eu\\\/#organization\"},\"articleSection\":[\"Not\u00edcies de recerca\"],\"inLanguage\":\"ca\"},{\"@type\":\"WebPage\",\"@id\":\"https:\\\/\\\/ibecbarcelona.eu\\\/ca\\\/nova-teoria-evolutiva-sobre-lorigen-dels-animals\\\/\",\"url\":\"https:\\\/\\\/ibecbarcelona.eu\\\/ca\\\/nova-teoria-evolutiva-sobre-lorigen-dels-animals\\\/\",\"name\":\"Nova teoria evolutiva sobre l\u2019origen dels animals - Institute for Bioengineering of Catalonia\",\"isPartOf\":{\"@id\":\"https:\\\/\\\/ibecbarcelona.eu\\\/#website\"},\"datePublished\":\"2009-10-15T17:43:52+00:00\",\"dateModified\":\"2015-02-05T17:10:08+00:00\",\"breadcrumb\":{\"@id\":\"https:\\\/\\\/ibecbarcelona.eu\\\/ca\\\/nova-teoria-evolutiva-sobre-lorigen-dels-animals\\\/#breadcrumb\"},\"inLanguage\":\"ca\",\"potentialAction\":[{\"@type\":\"ReadAction\",\"target\":[\"https:\\\/\\\/ibecbarcelona.eu\\\/ca\\\/nova-teoria-evolutiva-sobre-lorigen-dels-animals\\\/\"]}]},{\"@type\":\"BreadcrumbList\",\"@id\":\"https:\\\/\\\/ibecbarcelona.eu\\\/ca\\\/nova-teoria-evolutiva-sobre-lorigen-dels-animals\\\/#breadcrumb\",\"itemListElement\":[{\"@type\":\"ListItem\",\"position\":1,\"name\":\"Home\",\"item\":\"https:\\\/\\\/ibecbarcelona.eu\\\/ca\\\/\"},{\"@type\":\"ListItem\",\"position\":2,\"name\":\"Nova teoria evolutiva sobre l\u2019origen dels animals\"}]},{\"@type\":\"WebSite\",\"@id\":\"https:\\\/\\\/ibecbarcelona.eu\\\/#website\",\"url\":\"https:\\\/\\\/ibecbarcelona.eu\\\/\",\"name\":\"Institute for Bioengineering of Catalonia\",\"description\":\"Bioengineering Solutions for Health\",\"publisher\":{\"@id\":\"https:\\\/\\\/ibecbarcelona.eu\\\/#organization\"},\"potentialAction\":[{\"@type\":\"SearchAction\",\"target\":{\"@type\":\"EntryPoint\",\"urlTemplate\":\"https:\\\/\\\/ibecbarcelona.eu\\\/?s={search_term_string}\"},\"query-input\":{\"@type\":\"PropertyValueSpecification\",\"valueRequired\":true,\"valueName\":\"search_term_string\"}}],\"inLanguage\":\"ca\"},{\"@type\":\"Organization\",\"@id\":\"https:\\\/\\\/ibecbarcelona.eu\\\/#organization\",\"name\":\"Institute for Bioengineering of Catalonia\",\"url\":\"https:\\\/\\\/ibecbarcelona.eu\\\/\",\"logo\":{\"@type\":\"ImageObject\",\"inLanguage\":\"ca\",\"@id\":\"https:\\\/\\\/ibecbarcelona.eu\\\/#\\\/schema\\\/logo\\\/image\\\/\",\"url\":\"https:\\\/\\\/ibecbarcelona.eu\\\/wp-content\\\/uploads\\\/2026\\\/01\\\/cropped-IBEC_20ANYS_GRIS.png\",\"contentUrl\":\"https:\\\/\\\/ibecbarcelona.eu\\\/wp-content\\\/uploads\\\/2026\\\/01\\\/cropped-IBEC_20ANYS_GRIS.png\",\"width\":696,\"height\":257,\"caption\":\"Institute for Bioengineering of Catalonia\"},\"image\":{\"@id\":\"https:\\\/\\\/ibecbarcelona.eu\\\/#\\\/schema\\\/logo\\\/image\\\/\"}},{\"@type\":\"Person\",\"@id\":\"https:\\\/\\\/ibecbarcelona.eu\\\/#\\\/schema\\\/person\\\/c212c6b589546130be67986b9290e2b8\",\"name\":\"\u00c0ngels L\u00f3pez\",\"image\":{\"@type\":\"ImageObject\",\"inLanguage\":\"ca\",\"@id\":\"https:\\\/\\\/secure.gravatar.com\\\/avatar\\\/09ad6ba116bea0b15c5511860f83b302579fd7404c1180e9dae55c3f11d988c6?s=96&d=mm&r=g\",\"url\":\"https:\\\/\\\/secure.gravatar.com\\\/avatar\\\/09ad6ba116bea0b15c5511860f83b302579fd7404c1180e9dae55c3f11d988c6?s=96&d=mm&r=g\",\"contentUrl\":\"https:\\\/\\\/secure.gravatar.com\\\/avatar\\\/09ad6ba116bea0b15c5511860f83b302579fd7404c1180e9dae55c3f11d988c6?s=96&d=mm&r=g\",\"caption\":\"\u00c0ngels L\u00f3pez\"},\"url\":\"https:\\\/\\\/ibecbarcelona.eu\\\/ca\\\/author\\\/alopez\\\/\"}]}<\/script>\n<!-- \/ Yoast SEO plugin. -->","yoast_head_json":{"title":"Nova teoria evolutiva sobre l\u2019origen dels animals - Institute for Bioengineering of Catalonia","robots":{"index":"index","follow":"follow","max-snippet":"max-snippet:-1","max-image-preview":"max-image-preview:large","max-video-preview":"max-video-preview:-1"},"canonical":"https:\/\/ibecbarcelona.eu\/ca\/nova-teoria-evolutiva-sobre-lorigen-dels-animals\/","og_locale":"ca_ES","og_type":"article","og_title":"Nova teoria evolutiva sobre l\u2019origen dels animals - Institute for Bioengineering of Catalonia","og_description":"L\u2019explosi\u00f3 Cambriana \u00e9s \u00e0mpliament considerada un dels episodis m\u00e9s rellevants de la hist\u00f2ria de la vida sobre la Terra, amb l\u2019aparici\u00f3 per primera vegada en el registre f\u00f2ssil de gran part de les divisions dels animals. No obstant, les causes d\u2019aquest origen han estat objecte de debat durant d\u00e8cades i la pregunta de qu\u00e8 va desencadenar l\u2019organitzaci\u00f3 dels microorganismes unicel\u00b7lulars de l\u2019era Precambriana (fa 500 milions d\u2019anys) en organismes multicel\u00b7lulars ha estat sense resposta fins ara.","og_url":"https:\/\/ibecbarcelona.eu\/ca\/nova-teoria-evolutiva-sobre-lorigen-dels-animals\/","og_site_name":"Institute for Bioengineering of Catalonia","article_published_time":"2009-10-15T17:43:52+00:00","article_modified_time":"2015-02-05T17:10:08+00:00","author":"\u00c0ngels L\u00f3pez","twitter_card":"summary_large_image","twitter_misc":{"Escrit per":"\u00c0ngels L\u00f3pez","Temps estimat de lectura":"2 minuts"},"schema":{"@context":"https:\/\/schema.org","@graph":[{"@type":"Article","@id":"https:\/\/ibecbarcelona.eu\/ca\/nova-teoria-evolutiva-sobre-lorigen-dels-animals\/#article","isPartOf":{"@id":"https:\/\/ibecbarcelona.eu\/ca\/nova-teoria-evolutiva-sobre-lorigen-dels-animals\/"},"author":{"name":"\u00c0ngels L\u00f3pez","@id":"https:\/\/ibecbarcelona.eu\/#\/schema\/person\/c212c6b589546130be67986b9290e2b8"},"headline":"Nova teoria evolutiva sobre l\u2019origen dels animals","datePublished":"2009-10-15T17:43:52+00:00","dateModified":"2015-02-05T17:10:08+00:00","mainEntityOfPage":{"@id":"https:\/\/ibecbarcelona.eu\/ca\/nova-teoria-evolutiva-sobre-lorigen-dels-animals\/"},"wordCount":368,"publisher":{"@id":"https:\/\/ibecbarcelona.eu\/#organization"},"articleSection":["Not\u00edcies de recerca"],"inLanguage":"ca"},{"@type":"WebPage","@id":"https:\/\/ibecbarcelona.eu\/ca\/nova-teoria-evolutiva-sobre-lorigen-dels-animals\/","url":"https:\/\/ibecbarcelona.eu\/ca\/nova-teoria-evolutiva-sobre-lorigen-dels-animals\/","name":"Nova teoria evolutiva sobre l\u2019origen dels animals - Institute for Bioengineering of Catalonia","isPartOf":{"@id":"https:\/\/ibecbarcelona.eu\/#website"},"datePublished":"2009-10-15T17:43:52+00:00","dateModified":"2015-02-05T17:10:08+00:00","breadcrumb":{"@id":"https:\/\/ibecbarcelona.eu\/ca\/nova-teoria-evolutiva-sobre-lorigen-dels-animals\/#breadcrumb"},"inLanguage":"ca","potentialAction":[{"@type":"ReadAction","target":["https:\/\/ibecbarcelona.eu\/ca\/nova-teoria-evolutiva-sobre-lorigen-dels-animals\/"]}]},{"@type":"BreadcrumbList","@id":"https:\/\/ibecbarcelona.eu\/ca\/nova-teoria-evolutiva-sobre-lorigen-dels-animals\/#breadcrumb","itemListElement":[{"@type":"ListItem","position":1,"name":"Home","item":"https:\/\/ibecbarcelona.eu\/ca\/"},{"@type":"ListItem","position":2,"name":"Nova teoria evolutiva sobre l\u2019origen dels animals"}]},{"@type":"WebSite","@id":"https:\/\/ibecbarcelona.eu\/#website","url":"https:\/\/ibecbarcelona.eu\/","name":"Institute for Bioengineering of Catalonia","description":"Bioengineering Solutions for Health","publisher":{"@id":"https:\/\/ibecbarcelona.eu\/#organization"},"potentialAction":[{"@type":"SearchAction","target":{"@type":"EntryPoint","urlTemplate":"https:\/\/ibecbarcelona.eu\/?s={search_term_string}"},"query-input":{"@type":"PropertyValueSpecification","valueRequired":true,"valueName":"search_term_string"}}],"inLanguage":"ca"},{"@type":"Organization","@id":"https:\/\/ibecbarcelona.eu\/#organization","name":"Institute for Bioengineering of Catalonia","url":"https:\/\/ibecbarcelona.eu\/","logo":{"@type":"ImageObject","inLanguage":"ca","@id":"https:\/\/ibecbarcelona.eu\/#\/schema\/logo\/image\/","url":"https:\/\/ibecbarcelona.eu\/wp-content\/uploads\/2026\/01\/cropped-IBEC_20ANYS_GRIS.png","contentUrl":"https:\/\/ibecbarcelona.eu\/wp-content\/uploads\/2026\/01\/cropped-IBEC_20ANYS_GRIS.png","width":696,"height":257,"caption":"Institute for Bioengineering of Catalonia"},"image":{"@id":"https:\/\/ibecbarcelona.eu\/#\/schema\/logo\/image\/"}},{"@type":"Person","@id":"https:\/\/ibecbarcelona.eu\/#\/schema\/person\/c212c6b589546130be67986b9290e2b8","name":"\u00c0ngels L\u00f3pez","image":{"@type":"ImageObject","inLanguage":"ca","@id":"https:\/\/secure.gravatar.com\/avatar\/09ad6ba116bea0b15c5511860f83b302579fd7404c1180e9dae55c3f11d988c6?s=96&d=mm&r=g","url":"https:\/\/secure.gravatar.com\/avatar\/09ad6ba116bea0b15c5511860f83b302579fd7404c1180e9dae55c3f11d988c6?s=96&d=mm&r=g","contentUrl":"https:\/\/secure.gravatar.com\/avatar\/09ad6ba116bea0b15c5511860f83b302579fd7404c1180e9dae55c3f11d988c6?s=96&d=mm&r=g","caption":"\u00c0ngels L\u00f3pez"},"url":"https:\/\/ibecbarcelona.eu\/ca\/author\/alopez\/"}]}},"AFP_featured_media_urls":{"full":false,"thumbnail":false,"medium":false,"medium_large":false,"large":false},"AFP_attachments":[],"AFP_videos":[],"AFP_video_blocks":"","AFP_category_names":["Not\u00edcies de recerca"],"_links":{"self":[{"href":"https:\/\/ibecbarcelona.eu\/ca\/wp-json\/wp\/v2\/posts\/5187","targetHints":{"allow":["GET"]}}],"collection":[{"href":"https:\/\/ibecbarcelona.eu\/ca\/wp-json\/wp\/v2\/posts"}],"about":[{"href":"https:\/\/ibecbarcelona.eu\/ca\/wp-json\/wp\/v2\/types\/post"}],"author":[{"embeddable":true,"href":"https:\/\/ibecbarcelona.eu\/ca\/wp-json\/wp\/v2\/users\/4"}],"replies":[{"embeddable":true,"href":"https:\/\/ibecbarcelona.eu\/ca\/wp-json\/wp\/v2\/comments?post=5187"}],"version-history":[{"count":0,"href":"https:\/\/ibecbarcelona.eu\/ca\/wp-json\/wp\/v2\/posts\/5187\/revisions"}],"wp:attachment":[{"href":"https:\/\/ibecbarcelona.eu\/ca\/wp-json\/wp\/v2\/media?parent=5187"}],"wp:term":[{"taxonomy":"category","embeddable":true,"href":"https:\/\/ibecbarcelona.eu\/ca\/wp-json\/wp\/v2\/categories?post=5187"},{"taxonomy":"post_tag","embeddable":true,"href":"https:\/\/ibecbarcelona.eu\/ca\/wp-json\/wp\/v2\/tags?post=5187"},{"taxonomy":"post_format","embeddable":true,"href":"https:\/\/ibecbarcelona.eu\/ca\/wp-json\/wp\/v2\/post_formats?post=5187"}],"curies":[{"name":"wp","href":"https:\/\/api.w.org\/{rel}","templated":true}]}}