
{"id":5357,"date":"2010-10-01T14:25:51","date_gmt":"2010-10-01T14:25:51","guid":{"rendered":"http:\/\/ibecbarcelona.eu\/new\/libec-aporta-la-seva-expertesa-a-una-exposicio-nacional\/"},"modified":"2015-04-14T15:32:19","modified_gmt":"2015-04-14T15:32:19","slug":"libec-aporta-la-seva-expertesa-a-una-exposicio-nacional","status":"publish","type":"post","link":"https:\/\/ibecbarcelona.eu\/ca\/libec-aporta-la-seva-expertesa-a-una-exposicio-nacional\/","title":{"rendered":"L\u2019IBEC aporta la seva expertesa a una exposici\u00f3 nacional"},"content":{"rendered":"\n<p>L\u2019exposici\u00f3, que es pot veure al CosmoCaixa de Barcelona, per\u00f2 aviat recorrer\u00e0 diverses ciutats d\u2019Espanya, es va presentar ahir a la premsa i als membres de la Fundaci\u00f3 \u201cLa Caixa\u201d, qui l\u2019ha ideat i dut a terme.<\/p>\n<p>Sota la mirada vigilant d\u2019una paret d\u2019\u201dulls\u201d d\u2019intel\u00b7lig\u00e8ncia artificial que reconeixen cares i et segueixen per la sala, en Josep va acompanyar als convidats en una visita guiada de les instal\u00b7lacions interactives, que pretenen presentar la nano- i biotecnologia, la ci\u00e8ncia cognitiva i les tecnologies de la informaci\u00f3 i la comunicaci\u00f3 (TIC) al gran p\u00fablic. Tamb\u00e9 hi van participar alguns grups escolars, fent m\u00fasica amb el \u201cReactable\u201d, controlant robots i jugant a estira-i-arronsa amb les seves ones cerebrals, mentre la Directora General de la Fundaci\u00f3 \u201cLa Caixa\u201d inaugurava oficialment l\u2019exposici\u00f3.<\/p>\n<p>La iniciativa ha estat tan exitosa que la fundaci\u00f3 ha decidit continuar la seva col\u00b7laboraci\u00f3 amb en Josep i dedicar el proper any a crear una exposici\u00f3 m\u00e9s gran i permanent sobre nanotecnologies, que s\u2019allotjar\u00e0 dins del CosmoCaixa.<\/p>\n<p>Per veure alguns v\u00eddeos de l\u2019exposici\u00f3, visiteu <a href=\"http:\/\/premsa.lacaixa.es\/obrasocial\/expocaixa-tecnorevolucion-cat__816-c-13098__.html\">http:\/\/premsa.lacaixa.es\/obrasocial\/expocaixa-tecnorevolucion-cat__816-c-13098__.html<\/a><\/p>\n","protected":false},"excerpt":{"rendered":"<h3><a href=\"http:\/\/premsa.lacaixa.es\/obrasocial\/expocaixa-tecnorevolucion-cat__816-c-13098__.html\"><img decoding=\"async\" class=\"size-full wp-image-5353 lazyload\" data-src=\"https:\/\/ibecbarcelona.eu\/wp-content\/uploads\/2010\/10\/montage.jpg\" border=\"0\" hspace=\"0\" vspace=\"0\" width=\"591\" height=\"229\" data-srcset=\"https:\/\/ibecbarcelona.eu\/wp-content\/uploads\/2010\/10\/montage.jpg 591w, https:\/\/ibecbarcelona.eu\/wp-content\/uploads\/2010\/10\/montage-300x116.jpg 300w, https:\/\/ibecbarcelona.eu\/wp-content\/uploads\/2010\/10\/montage-250x96.jpg 250w, https:\/\/ibecbarcelona.eu\/wp-content\/uploads\/2010\/10\/montage-150x58.jpg 150w\" data-sizes=\"(max-width: 591px) 100vw, 591px\" src=\"data:image\/svg+xml;base64,PHN2ZyB3aWR0aD0iMSIgaGVpZ2h0PSIxIiB4bWxucz0iaHR0cDovL3d3dy53My5vcmcvMjAwMC9zdmciPjwvc3ZnPg==\" style=\"--smush-placeholder-width: 591px; --smush-placeholder-aspect-ratio: 591\/229;\" \/><\/a>Si mai has volgut moure un objecte usant el poder de la teva ment, predir com es propaga un virus i es produeix una pand\u00e8mia, veure com un minirobot viatja pel cos per a administrar un medicament, nom\u00e9s cal que visitis la nova exposici\u00f3 Tecnorevoluci\u00f3, que ha comptat amb el director associat de l\u2019IBEC Josep Samitier com a assessor cient\u00edfic.<\/h3>\n","protected":false},"author":4,"featured_media":5353,"comment_status":"closed","ping_status":"closed","sticky":false,"template":"","format":"standard","meta":{"footnotes":""},"categories":[98],"tags":[],"post_formats":[],"class_list":["post-5357","post","type-post","status-publish","format-standard","has-post-thumbnail","hentry","category-noticies-institucionals"],"yoast_head":"<!-- This site is optimized with the Yoast SEO plugin v27.5 - https:\/\/yoast.com\/product\/yoast-seo-wordpress\/ -->\n<title>L\u2019IBEC aporta la seva expertesa a una exposici\u00f3 nacional - Institute for Bioengineering of Catalonia<\/title>\n<meta name=\"robots\" content=\"index, follow, max-snippet:-1, max-image-preview:large, max-video-preview:-1\" \/>\n<link rel=\"canonical\" href=\"https:\/\/ibecbarcelona.eu\/ca\/libec-aporta-la-seva-expertesa-a-una-exposicio-nacional\/\" \/>\n<meta property=\"og:locale\" content=\"ca_ES\" \/>\n<meta property=\"og:type\" content=\"article\" \/>\n<meta property=\"og:title\" content=\"L\u2019IBEC aporta la seva expertesa a una exposici\u00f3 nacional - Institute for Bioengineering of Catalonia\" \/>\n<meta property=\"og:description\" content=\"Si mai has volgut moure un objecte usant el poder de la teva ment, predir com es propaga un virus i es produeix una pand\u00e8mia, veure com un minirobot viatja pel cos per a administrar un medicament, nom\u00e9s cal que visitis la nova exposici\u00f3 Tecnorevoluci\u00f3, que ha comptat amb el director associat de l\u2019IBEC Josep Samitier com a assessor cient\u00edfic.\" \/>\n<meta property=\"og:url\" content=\"https:\/\/ibecbarcelona.eu\/ca\/libec-aporta-la-seva-expertesa-a-una-exposicio-nacional\/\" \/>\n<meta property=\"og:site_name\" content=\"Institute for Bioengineering of Catalonia\" \/>\n<meta property=\"article:published_time\" content=\"2010-10-01T14:25:51+00:00\" \/>\n<meta property=\"article:modified_time\" content=\"2015-04-14T15:32:19+00:00\" \/>\n<meta property=\"og:image\" content=\"https:\/\/ibecbarcelona.eu\/wp-content\/uploads\/2010\/10\/montage.jpg\" \/>\n\t<meta property=\"og:image:width\" content=\"591\" \/>\n\t<meta property=\"og:image:height\" content=\"229\" \/>\n\t<meta property=\"og:image:type\" content=\"image\/jpeg\" \/>\n<meta name=\"author\" content=\"\u00c0ngels L\u00f3pez\" \/>\n<meta name=\"twitter:card\" content=\"summary_large_image\" \/>\n<meta name=\"twitter:label1\" content=\"Escrit per\" \/>\n\t<meta name=\"twitter:data1\" content=\"\u00c0ngels L\u00f3pez\" \/>\n\t<meta name=\"twitter:label2\" content=\"Temps estimat de lectura\" \/>\n\t<meta name=\"twitter:data2\" content=\"1 minut\" \/>\n<script type=\"application\/ld+json\" class=\"yoast-schema-graph\">{\"@context\":\"https:\\\/\\\/schema.org\",\"@graph\":[{\"@type\":\"Article\",\"@id\":\"https:\\\/\\\/ibecbarcelona.eu\\\/ca\\\/libec-aporta-la-seva-expertesa-a-una-exposicio-nacional\\\/#article\",\"isPartOf\":{\"@id\":\"https:\\\/\\\/ibecbarcelona.eu\\\/ca\\\/libec-aporta-la-seva-expertesa-a-una-exposicio-nacional\\\/\"},\"author\":{\"name\":\"\u00c0ngels L\u00f3pez\",\"@id\":\"https:\\\/\\\/ibecbarcelona.eu\\\/#\\\/schema\\\/person\\\/c212c6b589546130be67986b9290e2b8\"},\"headline\":\"L\u2019IBEC aporta la seva expertesa a una exposici\u00f3 nacional\",\"datePublished\":\"2010-10-01T14:25:51+00:00\",\"dateModified\":\"2015-04-14T15:32:19+00:00\",\"mainEntityOfPage\":{\"@id\":\"https:\\\/\\\/ibecbarcelona.eu\\\/ca\\\/libec-aporta-la-seva-expertesa-a-una-exposicio-nacional\\\/\"},\"wordCount\":208,\"publisher\":{\"@id\":\"https:\\\/\\\/ibecbarcelona.eu\\\/#organization\"},\"image\":{\"@id\":\"https:\\\/\\\/ibecbarcelona.eu\\\/ca\\\/libec-aporta-la-seva-expertesa-a-una-exposicio-nacional\\\/#primaryimage\"},\"thumbnailUrl\":\"https:\\\/\\\/ibecbarcelona.eu\\\/wp-content\\\/uploads\\\/2010\\\/10\\\/montage.jpg\",\"articleSection\":[\"Not\u00edcies institucionals\"],\"inLanguage\":\"ca\"},{\"@type\":\"WebPage\",\"@id\":\"https:\\\/\\\/ibecbarcelona.eu\\\/ca\\\/libec-aporta-la-seva-expertesa-a-una-exposicio-nacional\\\/\",\"url\":\"https:\\\/\\\/ibecbarcelona.eu\\\/ca\\\/libec-aporta-la-seva-expertesa-a-una-exposicio-nacional\\\/\",\"name\":\"L\u2019IBEC aporta la seva expertesa a una exposici\u00f3 nacional - Institute for Bioengineering of Catalonia\",\"isPartOf\":{\"@id\":\"https:\\\/\\\/ibecbarcelona.eu\\\/#website\"},\"primaryImageOfPage\":{\"@id\":\"https:\\\/\\\/ibecbarcelona.eu\\\/ca\\\/libec-aporta-la-seva-expertesa-a-una-exposicio-nacional\\\/#primaryimage\"},\"image\":{\"@id\":\"https:\\\/\\\/ibecbarcelona.eu\\\/ca\\\/libec-aporta-la-seva-expertesa-a-una-exposicio-nacional\\\/#primaryimage\"},\"thumbnailUrl\":\"https:\\\/\\\/ibecbarcelona.eu\\\/wp-content\\\/uploads\\\/2010\\\/10\\\/montage.jpg\",\"datePublished\":\"2010-10-01T14:25:51+00:00\",\"dateModified\":\"2015-04-14T15:32:19+00:00\",\"breadcrumb\":{\"@id\":\"https:\\\/\\\/ibecbarcelona.eu\\\/ca\\\/libec-aporta-la-seva-expertesa-a-una-exposicio-nacional\\\/#breadcrumb\"},\"inLanguage\":\"ca\",\"potentialAction\":[{\"@type\":\"ReadAction\",\"target\":[\"https:\\\/\\\/ibecbarcelona.eu\\\/ca\\\/libec-aporta-la-seva-expertesa-a-una-exposicio-nacional\\\/\"]}]},{\"@type\":\"ImageObject\",\"inLanguage\":\"ca\",\"@id\":\"https:\\\/\\\/ibecbarcelona.eu\\\/ca\\\/libec-aporta-la-seva-expertesa-a-una-exposicio-nacional\\\/#primaryimage\",\"url\":\"https:\\\/\\\/ibecbarcelona.eu\\\/wp-content\\\/uploads\\\/2010\\\/10\\\/montage.jpg\",\"contentUrl\":\"https:\\\/\\\/ibecbarcelona.eu\\\/wp-content\\\/uploads\\\/2010\\\/10\\\/montage.jpg\",\"width\":591,\"height\":229},{\"@type\":\"BreadcrumbList\",\"@id\":\"https:\\\/\\\/ibecbarcelona.eu\\\/ca\\\/libec-aporta-la-seva-expertesa-a-una-exposicio-nacional\\\/#breadcrumb\",\"itemListElement\":[{\"@type\":\"ListItem\",\"position\":1,\"name\":\"Home\",\"item\":\"https:\\\/\\\/ibecbarcelona.eu\\\/ca\\\/\"},{\"@type\":\"ListItem\",\"position\":2,\"name\":\"L\u2019IBEC aporta la seva expertesa a una exposici\u00f3 nacional\"}]},{\"@type\":\"WebSite\",\"@id\":\"https:\\\/\\\/ibecbarcelona.eu\\\/#website\",\"url\":\"https:\\\/\\\/ibecbarcelona.eu\\\/\",\"name\":\"Institute for Bioengineering of Catalonia\",\"description\":\"Bioengineering Solutions for Health\",\"publisher\":{\"@id\":\"https:\\\/\\\/ibecbarcelona.eu\\\/#organization\"},\"potentialAction\":[{\"@type\":\"SearchAction\",\"target\":{\"@type\":\"EntryPoint\",\"urlTemplate\":\"https:\\\/\\\/ibecbarcelona.eu\\\/?s={search_term_string}\"},\"query-input\":{\"@type\":\"PropertyValueSpecification\",\"valueRequired\":true,\"valueName\":\"search_term_string\"}}],\"inLanguage\":\"ca\"},{\"@type\":\"Organization\",\"@id\":\"https:\\\/\\\/ibecbarcelona.eu\\\/#organization\",\"name\":\"Institute for Bioengineering of Catalonia\",\"url\":\"https:\\\/\\\/ibecbarcelona.eu\\\/\",\"logo\":{\"@type\":\"ImageObject\",\"inLanguage\":\"ca\",\"@id\":\"https:\\\/\\\/ibecbarcelona.eu\\\/#\\\/schema\\\/logo\\\/image\\\/\",\"url\":\"https:\\\/\\\/ibecbarcelona.eu\\\/wp-content\\\/uploads\\\/2026\\\/01\\\/cropped-IBEC_20ANYS_GRIS.png\",\"contentUrl\":\"https:\\\/\\\/ibecbarcelona.eu\\\/wp-content\\\/uploads\\\/2026\\\/01\\\/cropped-IBEC_20ANYS_GRIS.png\",\"width\":696,\"height\":257,\"caption\":\"Institute for Bioengineering of Catalonia\"},\"image\":{\"@id\":\"https:\\\/\\\/ibecbarcelona.eu\\\/#\\\/schema\\\/logo\\\/image\\\/\"}},{\"@type\":\"Person\",\"@id\":\"https:\\\/\\\/ibecbarcelona.eu\\\/#\\\/schema\\\/person\\\/c212c6b589546130be67986b9290e2b8\",\"name\":\"\u00c0ngels L\u00f3pez\",\"image\":{\"@type\":\"ImageObject\",\"inLanguage\":\"ca\",\"@id\":\"https:\\\/\\\/secure.gravatar.com\\\/avatar\\\/09ad6ba116bea0b15c5511860f83b302579fd7404c1180e9dae55c3f11d988c6?s=96&d=mm&r=g\",\"url\":\"https:\\\/\\\/secure.gravatar.com\\\/avatar\\\/09ad6ba116bea0b15c5511860f83b302579fd7404c1180e9dae55c3f11d988c6?s=96&d=mm&r=g\",\"contentUrl\":\"https:\\\/\\\/secure.gravatar.com\\\/avatar\\\/09ad6ba116bea0b15c5511860f83b302579fd7404c1180e9dae55c3f11d988c6?s=96&d=mm&r=g\",\"caption\":\"\u00c0ngels L\u00f3pez\"},\"url\":\"https:\\\/\\\/ibecbarcelona.eu\\\/ca\\\/author\\\/alopez\\\/\"}]}<\/script>\n<!-- \/ Yoast SEO plugin. -->","yoast_head_json":{"title":"L\u2019IBEC aporta la seva expertesa a una exposici\u00f3 nacional - Institute for Bioengineering of Catalonia","robots":{"index":"index","follow":"follow","max-snippet":"max-snippet:-1","max-image-preview":"max-image-preview:large","max-video-preview":"max-video-preview:-1"},"canonical":"https:\/\/ibecbarcelona.eu\/ca\/libec-aporta-la-seva-expertesa-a-una-exposicio-nacional\/","og_locale":"ca_ES","og_type":"article","og_title":"L\u2019IBEC aporta la seva expertesa a una exposici\u00f3 nacional - Institute for Bioengineering of Catalonia","og_description":"Si mai has volgut moure un objecte usant el poder de la teva ment, predir com es propaga un virus i es produeix una pand\u00e8mia, veure com un minirobot viatja pel cos per a administrar un medicament, nom\u00e9s cal que visitis la nova exposici\u00f3 Tecnorevoluci\u00f3, que ha comptat amb el director associat de l\u2019IBEC Josep Samitier com a assessor cient\u00edfic.","og_url":"https:\/\/ibecbarcelona.eu\/ca\/libec-aporta-la-seva-expertesa-a-una-exposicio-nacional\/","og_site_name":"Institute for Bioengineering of Catalonia","article_published_time":"2010-10-01T14:25:51+00:00","article_modified_time":"2015-04-14T15:32:19+00:00","og_image":[{"width":591,"height":229,"url":"https:\/\/ibecbarcelona.eu\/wp-content\/uploads\/2010\/10\/montage.jpg","type":"image\/jpeg"}],"author":"\u00c0ngels L\u00f3pez","twitter_card":"summary_large_image","twitter_misc":{"Escrit per":"\u00c0ngels L\u00f3pez","Temps estimat de lectura":"1 minut"},"schema":{"@context":"https:\/\/schema.org","@graph":[{"@type":"Article","@id":"https:\/\/ibecbarcelona.eu\/ca\/libec-aporta-la-seva-expertesa-a-una-exposicio-nacional\/#article","isPartOf":{"@id":"https:\/\/ibecbarcelona.eu\/ca\/libec-aporta-la-seva-expertesa-a-una-exposicio-nacional\/"},"author":{"name":"\u00c0ngels L\u00f3pez","@id":"https:\/\/ibecbarcelona.eu\/#\/schema\/person\/c212c6b589546130be67986b9290e2b8"},"headline":"L\u2019IBEC aporta la seva expertesa a una exposici\u00f3 nacional","datePublished":"2010-10-01T14:25:51+00:00","dateModified":"2015-04-14T15:32:19+00:00","mainEntityOfPage":{"@id":"https:\/\/ibecbarcelona.eu\/ca\/libec-aporta-la-seva-expertesa-a-una-exposicio-nacional\/"},"wordCount":208,"publisher":{"@id":"https:\/\/ibecbarcelona.eu\/#organization"},"image":{"@id":"https:\/\/ibecbarcelona.eu\/ca\/libec-aporta-la-seva-expertesa-a-una-exposicio-nacional\/#primaryimage"},"thumbnailUrl":"https:\/\/ibecbarcelona.eu\/wp-content\/uploads\/2010\/10\/montage.jpg","articleSection":["Not\u00edcies institucionals"],"inLanguage":"ca"},{"@type":"WebPage","@id":"https:\/\/ibecbarcelona.eu\/ca\/libec-aporta-la-seva-expertesa-a-una-exposicio-nacional\/","url":"https:\/\/ibecbarcelona.eu\/ca\/libec-aporta-la-seva-expertesa-a-una-exposicio-nacional\/","name":"L\u2019IBEC aporta la seva expertesa a una exposici\u00f3 nacional - Institute for Bioengineering of Catalonia","isPartOf":{"@id":"https:\/\/ibecbarcelona.eu\/#website"},"primaryImageOfPage":{"@id":"https:\/\/ibecbarcelona.eu\/ca\/libec-aporta-la-seva-expertesa-a-una-exposicio-nacional\/#primaryimage"},"image":{"@id":"https:\/\/ibecbarcelona.eu\/ca\/libec-aporta-la-seva-expertesa-a-una-exposicio-nacional\/#primaryimage"},"thumbnailUrl":"https:\/\/ibecbarcelona.eu\/wp-content\/uploads\/2010\/10\/montage.jpg","datePublished":"2010-10-01T14:25:51+00:00","dateModified":"2015-04-14T15:32:19+00:00","breadcrumb":{"@id":"https:\/\/ibecbarcelona.eu\/ca\/libec-aporta-la-seva-expertesa-a-una-exposicio-nacional\/#breadcrumb"},"inLanguage":"ca","potentialAction":[{"@type":"ReadAction","target":["https:\/\/ibecbarcelona.eu\/ca\/libec-aporta-la-seva-expertesa-a-una-exposicio-nacional\/"]}]},{"@type":"ImageObject","inLanguage":"ca","@id":"https:\/\/ibecbarcelona.eu\/ca\/libec-aporta-la-seva-expertesa-a-una-exposicio-nacional\/#primaryimage","url":"https:\/\/ibecbarcelona.eu\/wp-content\/uploads\/2010\/10\/montage.jpg","contentUrl":"https:\/\/ibecbarcelona.eu\/wp-content\/uploads\/2010\/10\/montage.jpg","width":591,"height":229},{"@type":"BreadcrumbList","@id":"https:\/\/ibecbarcelona.eu\/ca\/libec-aporta-la-seva-expertesa-a-una-exposicio-nacional\/#breadcrumb","itemListElement":[{"@type":"ListItem","position":1,"name":"Home","item":"https:\/\/ibecbarcelona.eu\/ca\/"},{"@type":"ListItem","position":2,"name":"L\u2019IBEC aporta la seva expertesa a una exposici\u00f3 nacional"}]},{"@type":"WebSite","@id":"https:\/\/ibecbarcelona.eu\/#website","url":"https:\/\/ibecbarcelona.eu\/","name":"Institute for Bioengineering of Catalonia","description":"Bioengineering Solutions for Health","publisher":{"@id":"https:\/\/ibecbarcelona.eu\/#organization"},"potentialAction":[{"@type":"SearchAction","target":{"@type":"EntryPoint","urlTemplate":"https:\/\/ibecbarcelona.eu\/?s={search_term_string}"},"query-input":{"@type":"PropertyValueSpecification","valueRequired":true,"valueName":"search_term_string"}}],"inLanguage":"ca"},{"@type":"Organization","@id":"https:\/\/ibecbarcelona.eu\/#organization","name":"Institute for Bioengineering of Catalonia","url":"https:\/\/ibecbarcelona.eu\/","logo":{"@type":"ImageObject","inLanguage":"ca","@id":"https:\/\/ibecbarcelona.eu\/#\/schema\/logo\/image\/","url":"https:\/\/ibecbarcelona.eu\/wp-content\/uploads\/2026\/01\/cropped-IBEC_20ANYS_GRIS.png","contentUrl":"https:\/\/ibecbarcelona.eu\/wp-content\/uploads\/2026\/01\/cropped-IBEC_20ANYS_GRIS.png","width":696,"height":257,"caption":"Institute for Bioengineering of Catalonia"},"image":{"@id":"https:\/\/ibecbarcelona.eu\/#\/schema\/logo\/image\/"}},{"@type":"Person","@id":"https:\/\/ibecbarcelona.eu\/#\/schema\/person\/c212c6b589546130be67986b9290e2b8","name":"\u00c0ngels L\u00f3pez","image":{"@type":"ImageObject","inLanguage":"ca","@id":"https:\/\/secure.gravatar.com\/avatar\/09ad6ba116bea0b15c5511860f83b302579fd7404c1180e9dae55c3f11d988c6?s=96&d=mm&r=g","url":"https:\/\/secure.gravatar.com\/avatar\/09ad6ba116bea0b15c5511860f83b302579fd7404c1180e9dae55c3f11d988c6?s=96&d=mm&r=g","contentUrl":"https:\/\/secure.gravatar.com\/avatar\/09ad6ba116bea0b15c5511860f83b302579fd7404c1180e9dae55c3f11d988c6?s=96&d=mm&r=g","caption":"\u00c0ngels L\u00f3pez"},"url":"https:\/\/ibecbarcelona.eu\/ca\/author\/alopez\/"}]}},"AFP_featured_media_urls":{"full":["https:\/\/ibecbarcelona.eu\/wp-content\/uploads\/2010\/10\/montage.jpg",591,229,false],"thumbnail":["https:\/\/ibecbarcelona.eu\/wp-content\/uploads\/2010\/10\/montage-150x150.jpg",150,150,true],"medium":["https:\/\/ibecbarcelona.eu\/wp-content\/uploads\/2010\/10\/montage-300x116.jpg",300,116,true],"medium_large":["https:\/\/ibecbarcelona.eu\/wp-content\/uploads\/2010\/10\/montage.jpg",591,229,false],"large":["https:\/\/ibecbarcelona.eu\/wp-content\/uploads\/2010\/10\/montage.jpg",591,229,false]},"AFP_attachments":{"full":["https:\/\/ibecbarcelona.eu\/wp-content\/uploads\/2010\/10\/montage.jpg",591,229,false],"thumbnail":["https:\/\/ibecbarcelona.eu\/wp-content\/uploads\/2010\/10\/montage-150x150.jpg",150,150,true],"medium":["https:\/\/ibecbarcelona.eu\/wp-content\/uploads\/2010\/10\/montage-300x116.jpg",300,116,true],"medium_large":["https:\/\/ibecbarcelona.eu\/wp-content\/uploads\/2010\/10\/montage.jpg",591,229,false],"large":["https:\/\/ibecbarcelona.eu\/wp-content\/uploads\/2010\/10\/montage.jpg",591,229,false]},"AFP_videos":[],"AFP_video_blocks":"","AFP_category_names":["Not\u00edcies institucionals"],"_links":{"self":[{"href":"https:\/\/ibecbarcelona.eu\/ca\/wp-json\/wp\/v2\/posts\/5357","targetHints":{"allow":["GET"]}}],"collection":[{"href":"https:\/\/ibecbarcelona.eu\/ca\/wp-json\/wp\/v2\/posts"}],"about":[{"href":"https:\/\/ibecbarcelona.eu\/ca\/wp-json\/wp\/v2\/types\/post"}],"author":[{"embeddable":true,"href":"https:\/\/ibecbarcelona.eu\/ca\/wp-json\/wp\/v2\/users\/4"}],"replies":[{"embeddable":true,"href":"https:\/\/ibecbarcelona.eu\/ca\/wp-json\/wp\/v2\/comments?post=5357"}],"version-history":[{"count":0,"href":"https:\/\/ibecbarcelona.eu\/ca\/wp-json\/wp\/v2\/posts\/5357\/revisions"}],"wp:featuredmedia":[{"embeddable":true,"href":"https:\/\/ibecbarcelona.eu\/ca\/wp-json\/wp\/v2\/media\/5353"}],"wp:attachment":[{"href":"https:\/\/ibecbarcelona.eu\/ca\/wp-json\/wp\/v2\/media?parent=5357"}],"wp:term":[{"taxonomy":"category","embeddable":true,"href":"https:\/\/ibecbarcelona.eu\/ca\/wp-json\/wp\/v2\/categories?post=5357"},{"taxonomy":"post_tag","embeddable":true,"href":"https:\/\/ibecbarcelona.eu\/ca\/wp-json\/wp\/v2\/tags?post=5357"},{"taxonomy":"post_format","embeddable":true,"href":"https:\/\/ibecbarcelona.eu\/ca\/wp-json\/wp\/v2\/post_formats?post=5357"}],"curies":[{"name":"wp","href":"https:\/\/api.w.org\/{rel}","templated":true}]}}