
{"id":5411,"date":"2010-12-10T09:27:59","date_gmt":"2010-12-10T09:27:59","guid":{"rendered":"http:\/\/ibecbarcelona.eu\/new\/commemorant-les-dones-a-la-ciencia\/"},"modified":"2015-01-07T15:27:22","modified_gmt":"2015-01-07T15:27:22","slug":"commemorant-les-dones-a-la-ciencia","status":"publish","type":"post","link":"https:\/\/ibecbarcelona.eu\/ca\/commemorant-les-dones-a-la-ciencia\/","title":{"rendered":"Commemorant les dones a la ci\u00e8ncia"},"content":{"rendered":"<p> L\u2019exposici\u00f3 itinerant, que es pot veure a les torres del Parc Cient\u00edfic de Barcelona (PCB) fins el 22 de desembre, es va inaugurar al Centre C\u00edvic Les Corts el febrer d\u2019enguany i t\u00e9 com a objectiu donar a con\u00e8ixer al gran p\u00fablic de l\u2019\u00e8xit assolit per dones de tots els camps de la ci\u00e8ncia. Altres dones incloses s\u00f3n l\u2019astr\u00f2noma Carme Jordi, la f\u00edsica Lourdes Vega, l\u2019ocean\u00f2grafa Marta Estrada i l\u2019arque\u00f2loga Assumpci\u00f3 Vila. L\u2019exposici\u00f3 tamb\u00e9 va ser el tema del programa de R\u00e0dio 4 \u201cL\u2019Observatori\u201d del 10 de desembre.<\/p>\n<p>La confer\u00e8ncia inaugural \u201cVida Professional i Vida Personal\u201d va ser organitzada per Al\u00edcia i va incloure una xerrada de la doctoranda de l\u2019IBEC Esther A\u00f1\u00f3n. L\u2019exposici\u00f3 l\u2019organitza l\u2019Associaci\u00f3 Catalana de Comunicaci\u00f3 Cient\u00edfica (ACCC) i la UPC, amb el suport de la Generalitat.<\/p>\n<p>La taula rodona tindr\u00e0 lloc el 14 de desembre a les 18 h. a l\u2019Auditori Antoni Caparr\u00f3s del PCB, i tots hi sou benvinguts. <\/p>\n<p>\u00a0<\/p>\n<p>\u00a0<\/p>\n","protected":false},"excerpt":{"rendered":"<p><img decoding=\"async\" class=\"esq size-full wp-image-5407 lazyload\" data-src=\"https:\/\/ibecbarcelona.eu\/wp-content\/uploads\/2010\/12\/dones-ciencia.jpg\" border=\"0\" alt=\"Women science\" width=\"362\" height=\"219\" data-srcset=\"https:\/\/ibecbarcelona.eu\/wp-content\/uploads\/2010\/12\/dones-ciencia.jpg 362w, https:\/\/ibecbarcelona.eu\/wp-content\/uploads\/2010\/12\/dones-ciencia-300x181.jpg 300w, https:\/\/ibecbarcelona.eu\/wp-content\/uploads\/2010\/12\/dones-ciencia-247x150.jpg 247w, https:\/\/ibecbarcelona.eu\/wp-content\/uploads\/2010\/12\/dones-ciencia-150x90.jpg 150w\" data-sizes=\"(max-width: 362px) 100vw, 362px\" src=\"data:image\/svg+xml;base64,PHN2ZyB3aWR0aD0iMSIgaGVpZ2h0PSIxIiB4bWxucz0iaHR0cDovL3d3dy53My5vcmcvMjAwMC9zdmciPjwvc3ZnPg==\" style=\"--smush-placeholder-width: 362px; --smush-placeholder-aspect-ratio: 362\/219;\" \/>Al\u00edcia Casals, cap del grup de Rob\u00f2tica de l\u2019IBEC i una de les investigadores incloses a l\u2019exposici\u00f3 \u201c16 cient\u00edfiques catalanes\u201d, prendr\u00e0 part amb altres participants en una taula rodona titulada \u201cDones, Societat i Ci\u00e8ncia: Trencant el sostre de vidre\u201d, el 14 de desembre.<\/p>\n","protected":false},"author":4,"featured_media":5407,"comment_status":"closed","ping_status":"closed","sticky":false,"template":"","format":"standard","meta":{"footnotes":""},"categories":[98],"tags":[],"post_formats":[],"class_list":["post-5411","post","type-post","status-publish","format-standard","has-post-thumbnail","hentry","category-noticies-institucionals"],"yoast_head":"<!-- This site is optimized with the Yoast SEO plugin v27.4 - https:\/\/yoast.com\/product\/yoast-seo-wordpress\/ -->\n<title>Commemorant les dones a la ci\u00e8ncia - Institute for Bioengineering of Catalonia<\/title>\n<meta name=\"robots\" content=\"index, follow, max-snippet:-1, max-image-preview:large, max-video-preview:-1\" \/>\n<link rel=\"canonical\" href=\"https:\/\/ibecbarcelona.eu\/ca\/commemorant-les-dones-a-la-ciencia\/\" \/>\n<meta property=\"og:locale\" content=\"ca_ES\" \/>\n<meta property=\"og:type\" content=\"article\" \/>\n<meta property=\"og:title\" content=\"Commemorant les dones a la ci\u00e8ncia - Institute for Bioengineering of Catalonia\" \/>\n<meta property=\"og:description\" content=\"Al\u00edcia Casals, cap del grup de Rob\u00f2tica de l\u2019IBEC i una de les investigadores incloses a l\u2019exposici\u00f3 \u201c16 cient\u00edfiques catalanes\u201d, prendr\u00e0 part amb altres participants en una taula rodona titulada \u201cDones, Societat i Ci\u00e8ncia: Trencant el sostre de vidre\u201d, el 14 de desembre.\" \/>\n<meta property=\"og:url\" content=\"https:\/\/ibecbarcelona.eu\/ca\/commemorant-les-dones-a-la-ciencia\/\" \/>\n<meta property=\"og:site_name\" content=\"Institute for Bioengineering of Catalonia\" \/>\n<meta property=\"article:published_time\" content=\"2010-12-10T09:27:59+00:00\" \/>\n<meta property=\"article:modified_time\" content=\"2015-01-07T15:27:22+00:00\" \/>\n<meta property=\"og:image\" content=\"https:\/\/ibecbarcelona.eu\/wp-content\/uploads\/2010\/12\/dones-ciencia.jpg\" \/>\n\t<meta property=\"og:image:width\" content=\"362\" \/>\n\t<meta property=\"og:image:height\" content=\"219\" \/>\n\t<meta property=\"og:image:type\" content=\"image\/jpeg\" \/>\n<meta name=\"author\" content=\"\u00c0ngels L\u00f3pez\" \/>\n<meta name=\"twitter:card\" content=\"summary_large_image\" \/>\n<meta name=\"twitter:label1\" content=\"Escrit per\" \/>\n\t<meta name=\"twitter:data1\" content=\"\u00c0ngels L\u00f3pez\" \/>\n\t<meta name=\"twitter:label2\" content=\"Temps estimat de lectura\" \/>\n\t<meta name=\"twitter:data2\" content=\"1 minut\" \/>\n<script type=\"application\/ld+json\" class=\"yoast-schema-graph\">{\"@context\":\"https:\\\/\\\/schema.org\",\"@graph\":[{\"@type\":\"Article\",\"@id\":\"https:\\\/\\\/ibecbarcelona.eu\\\/ca\\\/commemorant-les-dones-a-la-ciencia\\\/#article\",\"isPartOf\":{\"@id\":\"https:\\\/\\\/ibecbarcelona.eu\\\/ca\\\/commemorant-les-dones-a-la-ciencia\\\/\"},\"author\":{\"name\":\"\u00c0ngels L\u00f3pez\",\"@id\":\"https:\\\/\\\/ibecbarcelona.eu\\\/#\\\/schema\\\/person\\\/c212c6b589546130be67986b9290e2b8\"},\"headline\":\"Commemorant les dones a la ci\u00e8ncia\",\"datePublished\":\"2010-12-10T09:27:59+00:00\",\"dateModified\":\"2015-01-07T15:27:22+00:00\",\"mainEntityOfPage\":{\"@id\":\"https:\\\/\\\/ibecbarcelona.eu\\\/ca\\\/commemorant-les-dones-a-la-ciencia\\\/\"},\"wordCount\":185,\"publisher\":{\"@id\":\"https:\\\/\\\/ibecbarcelona.eu\\\/#organization\"},\"image\":{\"@id\":\"https:\\\/\\\/ibecbarcelona.eu\\\/ca\\\/commemorant-les-dones-a-la-ciencia\\\/#primaryimage\"},\"thumbnailUrl\":\"https:\\\/\\\/ibecbarcelona.eu\\\/wp-content\\\/uploads\\\/2010\\\/12\\\/dones-ciencia.jpg\",\"articleSection\":[\"Not\u00edcies institucionals\"],\"inLanguage\":\"ca\"},{\"@type\":\"WebPage\",\"@id\":\"https:\\\/\\\/ibecbarcelona.eu\\\/ca\\\/commemorant-les-dones-a-la-ciencia\\\/\",\"url\":\"https:\\\/\\\/ibecbarcelona.eu\\\/ca\\\/commemorant-les-dones-a-la-ciencia\\\/\",\"name\":\"Commemorant les dones a la ci\u00e8ncia - Institute for Bioengineering of Catalonia\",\"isPartOf\":{\"@id\":\"https:\\\/\\\/ibecbarcelona.eu\\\/#website\"},\"primaryImageOfPage\":{\"@id\":\"https:\\\/\\\/ibecbarcelona.eu\\\/ca\\\/commemorant-les-dones-a-la-ciencia\\\/#primaryimage\"},\"image\":{\"@id\":\"https:\\\/\\\/ibecbarcelona.eu\\\/ca\\\/commemorant-les-dones-a-la-ciencia\\\/#primaryimage\"},\"thumbnailUrl\":\"https:\\\/\\\/ibecbarcelona.eu\\\/wp-content\\\/uploads\\\/2010\\\/12\\\/dones-ciencia.jpg\",\"datePublished\":\"2010-12-10T09:27:59+00:00\",\"dateModified\":\"2015-01-07T15:27:22+00:00\",\"breadcrumb\":{\"@id\":\"https:\\\/\\\/ibecbarcelona.eu\\\/ca\\\/commemorant-les-dones-a-la-ciencia\\\/#breadcrumb\"},\"inLanguage\":\"ca\",\"potentialAction\":[{\"@type\":\"ReadAction\",\"target\":[\"https:\\\/\\\/ibecbarcelona.eu\\\/ca\\\/commemorant-les-dones-a-la-ciencia\\\/\"]}]},{\"@type\":\"ImageObject\",\"inLanguage\":\"ca\",\"@id\":\"https:\\\/\\\/ibecbarcelona.eu\\\/ca\\\/commemorant-les-dones-a-la-ciencia\\\/#primaryimage\",\"url\":\"https:\\\/\\\/ibecbarcelona.eu\\\/wp-content\\\/uploads\\\/2010\\\/12\\\/dones-ciencia.jpg\",\"contentUrl\":\"https:\\\/\\\/ibecbarcelona.eu\\\/wp-content\\\/uploads\\\/2010\\\/12\\\/dones-ciencia.jpg\",\"width\":362,\"height\":219,\"caption\":\"Women science\"},{\"@type\":\"BreadcrumbList\",\"@id\":\"https:\\\/\\\/ibecbarcelona.eu\\\/ca\\\/commemorant-les-dones-a-la-ciencia\\\/#breadcrumb\",\"itemListElement\":[{\"@type\":\"ListItem\",\"position\":1,\"name\":\"Home\",\"item\":\"https:\\\/\\\/ibecbarcelona.eu\\\/ca\\\/\"},{\"@type\":\"ListItem\",\"position\":2,\"name\":\"Commemorant les dones a la ci\u00e8ncia\"}]},{\"@type\":\"WebSite\",\"@id\":\"https:\\\/\\\/ibecbarcelona.eu\\\/#website\",\"url\":\"https:\\\/\\\/ibecbarcelona.eu\\\/\",\"name\":\"Institute for Bioengineering of Catalonia\",\"description\":\"Bioengineering Solutions for Health\",\"publisher\":{\"@id\":\"https:\\\/\\\/ibecbarcelona.eu\\\/#organization\"},\"potentialAction\":[{\"@type\":\"SearchAction\",\"target\":{\"@type\":\"EntryPoint\",\"urlTemplate\":\"https:\\\/\\\/ibecbarcelona.eu\\\/?s={search_term_string}\"},\"query-input\":{\"@type\":\"PropertyValueSpecification\",\"valueRequired\":true,\"valueName\":\"search_term_string\"}}],\"inLanguage\":\"ca\"},{\"@type\":\"Organization\",\"@id\":\"https:\\\/\\\/ibecbarcelona.eu\\\/#organization\",\"name\":\"Institute for Bioengineering of Catalonia\",\"url\":\"https:\\\/\\\/ibecbarcelona.eu\\\/\",\"logo\":{\"@type\":\"ImageObject\",\"inLanguage\":\"ca\",\"@id\":\"https:\\\/\\\/ibecbarcelona.eu\\\/#\\\/schema\\\/logo\\\/image\\\/\",\"url\":\"https:\\\/\\\/ibecbarcelona.eu\\\/wp-content\\\/uploads\\\/2026\\\/01\\\/cropped-IBEC_20ANYS_GRIS.png\",\"contentUrl\":\"https:\\\/\\\/ibecbarcelona.eu\\\/wp-content\\\/uploads\\\/2026\\\/01\\\/cropped-IBEC_20ANYS_GRIS.png\",\"width\":696,\"height\":257,\"caption\":\"Institute for Bioengineering of Catalonia\"},\"image\":{\"@id\":\"https:\\\/\\\/ibecbarcelona.eu\\\/#\\\/schema\\\/logo\\\/image\\\/\"}},{\"@type\":\"Person\",\"@id\":\"https:\\\/\\\/ibecbarcelona.eu\\\/#\\\/schema\\\/person\\\/c212c6b589546130be67986b9290e2b8\",\"name\":\"\u00c0ngels L\u00f3pez\",\"image\":{\"@type\":\"ImageObject\",\"inLanguage\":\"ca\",\"@id\":\"https:\\\/\\\/secure.gravatar.com\\\/avatar\\\/09ad6ba116bea0b15c5511860f83b302579fd7404c1180e9dae55c3f11d988c6?s=96&d=mm&r=g\",\"url\":\"https:\\\/\\\/secure.gravatar.com\\\/avatar\\\/09ad6ba116bea0b15c5511860f83b302579fd7404c1180e9dae55c3f11d988c6?s=96&d=mm&r=g\",\"contentUrl\":\"https:\\\/\\\/secure.gravatar.com\\\/avatar\\\/09ad6ba116bea0b15c5511860f83b302579fd7404c1180e9dae55c3f11d988c6?s=96&d=mm&r=g\",\"caption\":\"\u00c0ngels L\u00f3pez\"},\"url\":\"https:\\\/\\\/ibecbarcelona.eu\\\/ca\\\/author\\\/alopez\\\/\"}]}<\/script>\n<!-- \/ Yoast SEO plugin. -->","yoast_head_json":{"title":"Commemorant les dones a la ci\u00e8ncia - Institute for Bioengineering of Catalonia","robots":{"index":"index","follow":"follow","max-snippet":"max-snippet:-1","max-image-preview":"max-image-preview:large","max-video-preview":"max-video-preview:-1"},"canonical":"https:\/\/ibecbarcelona.eu\/ca\/commemorant-les-dones-a-la-ciencia\/","og_locale":"ca_ES","og_type":"article","og_title":"Commemorant les dones a la ci\u00e8ncia - Institute for Bioengineering of Catalonia","og_description":"Al\u00edcia Casals, cap del grup de Rob\u00f2tica de l\u2019IBEC i una de les investigadores incloses a l\u2019exposici\u00f3 \u201c16 cient\u00edfiques catalanes\u201d, prendr\u00e0 part amb altres participants en una taula rodona titulada \u201cDones, Societat i Ci\u00e8ncia: Trencant el sostre de vidre\u201d, el 14 de desembre.","og_url":"https:\/\/ibecbarcelona.eu\/ca\/commemorant-les-dones-a-la-ciencia\/","og_site_name":"Institute for Bioengineering of Catalonia","article_published_time":"2010-12-10T09:27:59+00:00","article_modified_time":"2015-01-07T15:27:22+00:00","og_image":[{"width":362,"height":219,"url":"https:\/\/ibecbarcelona.eu\/wp-content\/uploads\/2010\/12\/dones-ciencia.jpg","type":"image\/jpeg"}],"author":"\u00c0ngels L\u00f3pez","twitter_card":"summary_large_image","twitter_misc":{"Escrit per":"\u00c0ngels L\u00f3pez","Temps estimat de lectura":"1 minut"},"schema":{"@context":"https:\/\/schema.org","@graph":[{"@type":"Article","@id":"https:\/\/ibecbarcelona.eu\/ca\/commemorant-les-dones-a-la-ciencia\/#article","isPartOf":{"@id":"https:\/\/ibecbarcelona.eu\/ca\/commemorant-les-dones-a-la-ciencia\/"},"author":{"name":"\u00c0ngels L\u00f3pez","@id":"https:\/\/ibecbarcelona.eu\/#\/schema\/person\/c212c6b589546130be67986b9290e2b8"},"headline":"Commemorant les dones a la ci\u00e8ncia","datePublished":"2010-12-10T09:27:59+00:00","dateModified":"2015-01-07T15:27:22+00:00","mainEntityOfPage":{"@id":"https:\/\/ibecbarcelona.eu\/ca\/commemorant-les-dones-a-la-ciencia\/"},"wordCount":185,"publisher":{"@id":"https:\/\/ibecbarcelona.eu\/#organization"},"image":{"@id":"https:\/\/ibecbarcelona.eu\/ca\/commemorant-les-dones-a-la-ciencia\/#primaryimage"},"thumbnailUrl":"https:\/\/ibecbarcelona.eu\/wp-content\/uploads\/2010\/12\/dones-ciencia.jpg","articleSection":["Not\u00edcies institucionals"],"inLanguage":"ca"},{"@type":"WebPage","@id":"https:\/\/ibecbarcelona.eu\/ca\/commemorant-les-dones-a-la-ciencia\/","url":"https:\/\/ibecbarcelona.eu\/ca\/commemorant-les-dones-a-la-ciencia\/","name":"Commemorant les dones a la ci\u00e8ncia - Institute for Bioengineering of Catalonia","isPartOf":{"@id":"https:\/\/ibecbarcelona.eu\/#website"},"primaryImageOfPage":{"@id":"https:\/\/ibecbarcelona.eu\/ca\/commemorant-les-dones-a-la-ciencia\/#primaryimage"},"image":{"@id":"https:\/\/ibecbarcelona.eu\/ca\/commemorant-les-dones-a-la-ciencia\/#primaryimage"},"thumbnailUrl":"https:\/\/ibecbarcelona.eu\/wp-content\/uploads\/2010\/12\/dones-ciencia.jpg","datePublished":"2010-12-10T09:27:59+00:00","dateModified":"2015-01-07T15:27:22+00:00","breadcrumb":{"@id":"https:\/\/ibecbarcelona.eu\/ca\/commemorant-les-dones-a-la-ciencia\/#breadcrumb"},"inLanguage":"ca","potentialAction":[{"@type":"ReadAction","target":["https:\/\/ibecbarcelona.eu\/ca\/commemorant-les-dones-a-la-ciencia\/"]}]},{"@type":"ImageObject","inLanguage":"ca","@id":"https:\/\/ibecbarcelona.eu\/ca\/commemorant-les-dones-a-la-ciencia\/#primaryimage","url":"https:\/\/ibecbarcelona.eu\/wp-content\/uploads\/2010\/12\/dones-ciencia.jpg","contentUrl":"https:\/\/ibecbarcelona.eu\/wp-content\/uploads\/2010\/12\/dones-ciencia.jpg","width":362,"height":219,"caption":"Women science"},{"@type":"BreadcrumbList","@id":"https:\/\/ibecbarcelona.eu\/ca\/commemorant-les-dones-a-la-ciencia\/#breadcrumb","itemListElement":[{"@type":"ListItem","position":1,"name":"Home","item":"https:\/\/ibecbarcelona.eu\/ca\/"},{"@type":"ListItem","position":2,"name":"Commemorant les dones a la ci\u00e8ncia"}]},{"@type":"WebSite","@id":"https:\/\/ibecbarcelona.eu\/#website","url":"https:\/\/ibecbarcelona.eu\/","name":"Institute for Bioengineering of Catalonia","description":"Bioengineering Solutions for Health","publisher":{"@id":"https:\/\/ibecbarcelona.eu\/#organization"},"potentialAction":[{"@type":"SearchAction","target":{"@type":"EntryPoint","urlTemplate":"https:\/\/ibecbarcelona.eu\/?s={search_term_string}"},"query-input":{"@type":"PropertyValueSpecification","valueRequired":true,"valueName":"search_term_string"}}],"inLanguage":"ca"},{"@type":"Organization","@id":"https:\/\/ibecbarcelona.eu\/#organization","name":"Institute for Bioengineering of Catalonia","url":"https:\/\/ibecbarcelona.eu\/","logo":{"@type":"ImageObject","inLanguage":"ca","@id":"https:\/\/ibecbarcelona.eu\/#\/schema\/logo\/image\/","url":"https:\/\/ibecbarcelona.eu\/wp-content\/uploads\/2026\/01\/cropped-IBEC_20ANYS_GRIS.png","contentUrl":"https:\/\/ibecbarcelona.eu\/wp-content\/uploads\/2026\/01\/cropped-IBEC_20ANYS_GRIS.png","width":696,"height":257,"caption":"Institute for Bioengineering of Catalonia"},"image":{"@id":"https:\/\/ibecbarcelona.eu\/#\/schema\/logo\/image\/"}},{"@type":"Person","@id":"https:\/\/ibecbarcelona.eu\/#\/schema\/person\/c212c6b589546130be67986b9290e2b8","name":"\u00c0ngels L\u00f3pez","image":{"@type":"ImageObject","inLanguage":"ca","@id":"https:\/\/secure.gravatar.com\/avatar\/09ad6ba116bea0b15c5511860f83b302579fd7404c1180e9dae55c3f11d988c6?s=96&d=mm&r=g","url":"https:\/\/secure.gravatar.com\/avatar\/09ad6ba116bea0b15c5511860f83b302579fd7404c1180e9dae55c3f11d988c6?s=96&d=mm&r=g","contentUrl":"https:\/\/secure.gravatar.com\/avatar\/09ad6ba116bea0b15c5511860f83b302579fd7404c1180e9dae55c3f11d988c6?s=96&d=mm&r=g","caption":"\u00c0ngels L\u00f3pez"},"url":"https:\/\/ibecbarcelona.eu\/ca\/author\/alopez\/"}]}},"AFP_featured_media_urls":{"full":["https:\/\/ibecbarcelona.eu\/wp-content\/uploads\/2010\/12\/dones-ciencia.jpg",362,219,false],"thumbnail":["https:\/\/ibecbarcelona.eu\/wp-content\/uploads\/2010\/12\/dones-ciencia-150x150.jpg",150,150,true],"medium":["https:\/\/ibecbarcelona.eu\/wp-content\/uploads\/2010\/12\/dones-ciencia-300x181.jpg",300,181,true],"medium_large":["https:\/\/ibecbarcelona.eu\/wp-content\/uploads\/2010\/12\/dones-ciencia.jpg",362,219,false],"large":["https:\/\/ibecbarcelona.eu\/wp-content\/uploads\/2010\/12\/dones-ciencia.jpg",362,219,false]},"AFP_attachments":{"full":["https:\/\/ibecbarcelona.eu\/wp-content\/uploads\/2010\/12\/dones-ciencia.jpg",362,219,false],"thumbnail":["https:\/\/ibecbarcelona.eu\/wp-content\/uploads\/2010\/12\/dones-ciencia-150x150.jpg",150,150,true],"medium":["https:\/\/ibecbarcelona.eu\/wp-content\/uploads\/2010\/12\/dones-ciencia-300x181.jpg",300,181,true],"medium_large":["https:\/\/ibecbarcelona.eu\/wp-content\/uploads\/2010\/12\/dones-ciencia.jpg",362,219,false],"large":["https:\/\/ibecbarcelona.eu\/wp-content\/uploads\/2010\/12\/dones-ciencia.jpg",362,219,false]},"AFP_videos":[],"AFP_video_blocks":"","AFP_category_names":["Not\u00edcies institucionals"],"_links":{"self":[{"href":"https:\/\/ibecbarcelona.eu\/ca\/wp-json\/wp\/v2\/posts\/5411","targetHints":{"allow":["GET"]}}],"collection":[{"href":"https:\/\/ibecbarcelona.eu\/ca\/wp-json\/wp\/v2\/posts"}],"about":[{"href":"https:\/\/ibecbarcelona.eu\/ca\/wp-json\/wp\/v2\/types\/post"}],"author":[{"embeddable":true,"href":"https:\/\/ibecbarcelona.eu\/ca\/wp-json\/wp\/v2\/users\/4"}],"replies":[{"embeddable":true,"href":"https:\/\/ibecbarcelona.eu\/ca\/wp-json\/wp\/v2\/comments?post=5411"}],"version-history":[{"count":0,"href":"https:\/\/ibecbarcelona.eu\/ca\/wp-json\/wp\/v2\/posts\/5411\/revisions"}],"wp:featuredmedia":[{"embeddable":true,"href":"https:\/\/ibecbarcelona.eu\/ca\/wp-json\/wp\/v2\/media\/5407"}],"wp:attachment":[{"href":"https:\/\/ibecbarcelona.eu\/ca\/wp-json\/wp\/v2\/media?parent=5411"}],"wp:term":[{"taxonomy":"category","embeddable":true,"href":"https:\/\/ibecbarcelona.eu\/ca\/wp-json\/wp\/v2\/categories?post=5411"},{"taxonomy":"post_tag","embeddable":true,"href":"https:\/\/ibecbarcelona.eu\/ca\/wp-json\/wp\/v2\/tags?post=5411"},{"taxonomy":"post_format","embeddable":true,"href":"https:\/\/ibecbarcelona.eu\/ca\/wp-json\/wp\/v2\/post_formats?post=5411"}],"curies":[{"name":"wp","href":"https:\/\/api.w.org\/{rel}","templated":true}]}}