
{"id":5422,"date":"2010-12-17T11:32:38","date_gmt":"2010-12-17T11:32:38","guid":{"rendered":"http:\/\/ibecbarcelona.eu\/new\/el-director-de-libec-ingressa-a-la-reial-academia-de-ciencias-i-arts-de-barcelona\/"},"modified":"2015-01-07T15:27:22","modified_gmt":"2015-01-07T15:27:22","slug":"el-director-de-libec-ingressa-a-la-reial-academia-de-ciencias-i-arts-de-barcelona","status":"publish","type":"post","link":"https:\/\/ibecbarcelona.eu\/ca\/el-director-de-libec-ingressa-a-la-reial-academia-de-ciencias-i-arts-de-barcelona\/","title":{"rendered":"El director de l\u2019IBEC ingressa a la Reial Acad\u00e8mia de Ci\u00e8ncias i Arts de Barcelona"},"content":{"rendered":"\n<p>El president de la RACAB, Rafael Foguet i Ambr\u00f3s, va presidir la cerim\u00f2nia, que va comen\u00e7ar amb Josep fent una introducci\u00f3 a la seva \u00e0rea de recerca i la seva feina en el desenvolupament de bastides biodegradables per a la regeneraci\u00f3 \u00f2ssia. A continuaci\u00f3, el seu padr\u00ed per a l\u2019elecci\u00f3, Xavier Obradors i Berenguer, es va dirigir al p\u00fablic format per membres, col\u00b7legues i amics amb una biografia d\u2019en Josep, concloent-la amb \u201caquesta instituci\u00f3 es beneficiar\u00e0 \u00e0mpliament dels coneixements i la emprenedoria que professa el doctor Josep Anton Planell, aix\u00ed com de la bonhomia i el sentit pr\u00e0ctic que el caracteritzen, i el tracte afable que t\u00e9 amb tots els que l\u2019envolten\u201d. L\u2019acte va finalitzar amb l\u2019acceptaci\u00f3 formal d\u2019en Josep a l\u2019acad\u00e8mia pel president, qui li va entregar una medalla i un diploma.<\/p>\n<p>La membresia de la RACAB, que es va fundar el 1764 amb el nom de \u2018Confer\u00e8ncia Fisio-matem\u00e0tica Experimental\u2019, \u00e9s limitada i estrictament per nominaci\u00f3. Els seus membres actuen com promotors i punts de refer\u00e8ncia en l\u2019\u00e0mbit cultural i la societat catalana.<\/p>\n<p>\u00a0<\/p>\n","protected":false},"excerpt":{"rendered":"<p>Ahir a la nit, al bell marc de la seu de l\u2019Acad\u00e8mia a la Rambla dels Estudis, el director de l\u2019IBEC Josep Planel va ser anomenat Acad\u00e8mic de la Reial Acad\u00e8mia de Ci\u00e8ncies i Arts de Barcelona (RACAB).<\/p>\n<p> <img decoding=\"async\" class=\"smartresize esq size-full wp-image-5418 lazyload\" data-src=\"https:\/\/ibecbarcelona.eu\/wp-content\/uploads\/2010\/12\/racab.jpg\" border=\"0\" hspace=\"0\" vspace=\"0\" width=\"500\" height=\"291\" data-srcset=\"https:\/\/ibecbarcelona.eu\/wp-content\/uploads\/2010\/12\/racab.jpg 500w, https:\/\/ibecbarcelona.eu\/wp-content\/uploads\/2010\/12\/racab-300x174.jpg 300w, https:\/\/ibecbarcelona.eu\/wp-content\/uploads\/2010\/12\/racab-250x145.jpg 250w, https:\/\/ibecbarcelona.eu\/wp-content\/uploads\/2010\/12\/racab-150x87.jpg 150w\" data-sizes=\"(max-width: 500px) 100vw, 500px\" src=\"data:image\/svg+xml;base64,PHN2ZyB3aWR0aD0iMSIgaGVpZ2h0PSIxIiB4bWxucz0iaHR0cDovL3d3dy53My5vcmcvMjAwMC9zdmciPjwvc3ZnPg==\" style=\"--smush-placeholder-width: 500px; --smush-placeholder-aspect-ratio: 500\/291;\" \/>  <\/p>\n","protected":false},"author":4,"featured_media":5418,"comment_status":"closed","ping_status":"closed","sticky":false,"template":"","format":"standard","meta":{"footnotes":""},"categories":[98],"tags":[],"post_formats":[],"class_list":["post-5422","post","type-post","status-publish","format-standard","has-post-thumbnail","hentry","category-noticies-institucionals"],"yoast_head":"<!-- This site is optimized with the Yoast SEO plugin v27.4 - https:\/\/yoast.com\/product\/yoast-seo-wordpress\/ -->\n<title>El director de l\u2019IBEC ingressa a la Reial Acad\u00e8mia de Ci\u00e8ncias i Arts de Barcelona - Institute for Bioengineering of Catalonia<\/title>\n<meta name=\"robots\" content=\"index, follow, max-snippet:-1, max-image-preview:large, max-video-preview:-1\" \/>\n<link rel=\"canonical\" href=\"https:\/\/ibecbarcelona.eu\/ca\/el-director-de-libec-ingressa-a-la-reial-academia-de-ciencias-i-arts-de-barcelona\/\" \/>\n<meta property=\"og:locale\" content=\"ca_ES\" \/>\n<meta property=\"og:type\" content=\"article\" \/>\n<meta property=\"og:title\" content=\"El director de l\u2019IBEC ingressa a la Reial Acad\u00e8mia de Ci\u00e8ncias i Arts de Barcelona - Institute for Bioengineering of Catalonia\" \/>\n<meta property=\"og:description\" content=\"Ahir a la nit, al bell marc de la seu de l\u2019Acad\u00e8mia a la Rambla dels Estudis, el director de l\u2019IBEC Josep Planel va ser anomenat Acad\u00e8mic de la Reial Acad\u00e8mia de Ci\u00e8ncies i Arts de Barcelona (RACAB).\" \/>\n<meta property=\"og:url\" content=\"https:\/\/ibecbarcelona.eu\/ca\/el-director-de-libec-ingressa-a-la-reial-academia-de-ciencias-i-arts-de-barcelona\/\" \/>\n<meta property=\"og:site_name\" content=\"Institute for Bioengineering of Catalonia\" \/>\n<meta property=\"article:published_time\" content=\"2010-12-17T11:32:38+00:00\" \/>\n<meta property=\"article:modified_time\" content=\"2015-01-07T15:27:22+00:00\" \/>\n<meta property=\"og:image\" content=\"https:\/\/ibecbarcelona.eu\/wp-content\/uploads\/2010\/12\/racab.jpg\" \/>\n\t<meta property=\"og:image:width\" content=\"500\" \/>\n\t<meta property=\"og:image:height\" content=\"291\" \/>\n\t<meta property=\"og:image:type\" content=\"image\/jpeg\" \/>\n<meta name=\"author\" content=\"\u00c0ngels L\u00f3pez\" \/>\n<meta name=\"twitter:card\" content=\"summary_large_image\" \/>\n<meta name=\"twitter:label1\" content=\"Escrit per\" \/>\n\t<meta name=\"twitter:data1\" content=\"\u00c0ngels L\u00f3pez\" \/>\n\t<meta name=\"twitter:label2\" content=\"Temps estimat de lectura\" \/>\n\t<meta name=\"twitter:data2\" content=\"1 minut\" \/>\n<script type=\"application\/ld+json\" class=\"yoast-schema-graph\">{\"@context\":\"https:\\\/\\\/schema.org\",\"@graph\":[{\"@type\":\"Article\",\"@id\":\"https:\\\/\\\/ibecbarcelona.eu\\\/ca\\\/el-director-de-libec-ingressa-a-la-reial-academia-de-ciencias-i-arts-de-barcelona\\\/#article\",\"isPartOf\":{\"@id\":\"https:\\\/\\\/ibecbarcelona.eu\\\/ca\\\/el-director-de-libec-ingressa-a-la-reial-academia-de-ciencias-i-arts-de-barcelona\\\/\"},\"author\":{\"name\":\"\u00c0ngels L\u00f3pez\",\"@id\":\"https:\\\/\\\/ibecbarcelona.eu\\\/#\\\/schema\\\/person\\\/c212c6b589546130be67986b9290e2b8\"},\"headline\":\"El director de l\u2019IBEC ingressa a la Reial Acad\u00e8mia de Ci\u00e8ncias i Arts de Barcelona\",\"datePublished\":\"2010-12-17T11:32:38+00:00\",\"dateModified\":\"2015-01-07T15:27:22+00:00\",\"mainEntityOfPage\":{\"@id\":\"https:\\\/\\\/ibecbarcelona.eu\\\/ca\\\/el-director-de-libec-ingressa-a-la-reial-academia-de-ciencias-i-arts-de-barcelona\\\/\"},\"wordCount\":209,\"publisher\":{\"@id\":\"https:\\\/\\\/ibecbarcelona.eu\\\/#organization\"},\"image\":{\"@id\":\"https:\\\/\\\/ibecbarcelona.eu\\\/ca\\\/el-director-de-libec-ingressa-a-la-reial-academia-de-ciencias-i-arts-de-barcelona\\\/#primaryimage\"},\"thumbnailUrl\":\"https:\\\/\\\/ibecbarcelona.eu\\\/wp-content\\\/uploads\\\/2010\\\/12\\\/racab.jpg\",\"articleSection\":[\"Not\u00edcies institucionals\"],\"inLanguage\":\"ca\"},{\"@type\":\"WebPage\",\"@id\":\"https:\\\/\\\/ibecbarcelona.eu\\\/ca\\\/el-director-de-libec-ingressa-a-la-reial-academia-de-ciencias-i-arts-de-barcelona\\\/\",\"url\":\"https:\\\/\\\/ibecbarcelona.eu\\\/ca\\\/el-director-de-libec-ingressa-a-la-reial-academia-de-ciencias-i-arts-de-barcelona\\\/\",\"name\":\"El director de l\u2019IBEC ingressa a la Reial Acad\u00e8mia de Ci\u00e8ncias i Arts de Barcelona - Institute for Bioengineering of Catalonia\",\"isPartOf\":{\"@id\":\"https:\\\/\\\/ibecbarcelona.eu\\\/#website\"},\"primaryImageOfPage\":{\"@id\":\"https:\\\/\\\/ibecbarcelona.eu\\\/ca\\\/el-director-de-libec-ingressa-a-la-reial-academia-de-ciencias-i-arts-de-barcelona\\\/#primaryimage\"},\"image\":{\"@id\":\"https:\\\/\\\/ibecbarcelona.eu\\\/ca\\\/el-director-de-libec-ingressa-a-la-reial-academia-de-ciencias-i-arts-de-barcelona\\\/#primaryimage\"},\"thumbnailUrl\":\"https:\\\/\\\/ibecbarcelona.eu\\\/wp-content\\\/uploads\\\/2010\\\/12\\\/racab.jpg\",\"datePublished\":\"2010-12-17T11:32:38+00:00\",\"dateModified\":\"2015-01-07T15:27:22+00:00\",\"breadcrumb\":{\"@id\":\"https:\\\/\\\/ibecbarcelona.eu\\\/ca\\\/el-director-de-libec-ingressa-a-la-reial-academia-de-ciencias-i-arts-de-barcelona\\\/#breadcrumb\"},\"inLanguage\":\"ca\",\"potentialAction\":[{\"@type\":\"ReadAction\",\"target\":[\"https:\\\/\\\/ibecbarcelona.eu\\\/ca\\\/el-director-de-libec-ingressa-a-la-reial-academia-de-ciencias-i-arts-de-barcelona\\\/\"]}]},{\"@type\":\"ImageObject\",\"inLanguage\":\"ca\",\"@id\":\"https:\\\/\\\/ibecbarcelona.eu\\\/ca\\\/el-director-de-libec-ingressa-a-la-reial-academia-de-ciencias-i-arts-de-barcelona\\\/#primaryimage\",\"url\":\"https:\\\/\\\/ibecbarcelona.eu\\\/wp-content\\\/uploads\\\/2010\\\/12\\\/racab.jpg\",\"contentUrl\":\"https:\\\/\\\/ibecbarcelona.eu\\\/wp-content\\\/uploads\\\/2010\\\/12\\\/racab.jpg\",\"width\":500,\"height\":291},{\"@type\":\"BreadcrumbList\",\"@id\":\"https:\\\/\\\/ibecbarcelona.eu\\\/ca\\\/el-director-de-libec-ingressa-a-la-reial-academia-de-ciencias-i-arts-de-barcelona\\\/#breadcrumb\",\"itemListElement\":[{\"@type\":\"ListItem\",\"position\":1,\"name\":\"Home\",\"item\":\"https:\\\/\\\/ibecbarcelona.eu\\\/ca\\\/\"},{\"@type\":\"ListItem\",\"position\":2,\"name\":\"El director de l\u2019IBEC ingressa a la Reial Acad\u00e8mia de Ci\u00e8ncias i Arts de Barcelona\"}]},{\"@type\":\"WebSite\",\"@id\":\"https:\\\/\\\/ibecbarcelona.eu\\\/#website\",\"url\":\"https:\\\/\\\/ibecbarcelona.eu\\\/\",\"name\":\"Institute for Bioengineering of Catalonia\",\"description\":\"Bioengineering Solutions for Health\",\"publisher\":{\"@id\":\"https:\\\/\\\/ibecbarcelona.eu\\\/#organization\"},\"potentialAction\":[{\"@type\":\"SearchAction\",\"target\":{\"@type\":\"EntryPoint\",\"urlTemplate\":\"https:\\\/\\\/ibecbarcelona.eu\\\/?s={search_term_string}\"},\"query-input\":{\"@type\":\"PropertyValueSpecification\",\"valueRequired\":true,\"valueName\":\"search_term_string\"}}],\"inLanguage\":\"ca\"},{\"@type\":\"Organization\",\"@id\":\"https:\\\/\\\/ibecbarcelona.eu\\\/#organization\",\"name\":\"Institute for Bioengineering of Catalonia\",\"url\":\"https:\\\/\\\/ibecbarcelona.eu\\\/\",\"logo\":{\"@type\":\"ImageObject\",\"inLanguage\":\"ca\",\"@id\":\"https:\\\/\\\/ibecbarcelona.eu\\\/#\\\/schema\\\/logo\\\/image\\\/\",\"url\":\"https:\\\/\\\/ibecbarcelona.eu\\\/wp-content\\\/uploads\\\/2026\\\/01\\\/cropped-IBEC_20ANYS_GRIS.png\",\"contentUrl\":\"https:\\\/\\\/ibecbarcelona.eu\\\/wp-content\\\/uploads\\\/2026\\\/01\\\/cropped-IBEC_20ANYS_GRIS.png\",\"width\":696,\"height\":257,\"caption\":\"Institute for Bioengineering of Catalonia\"},\"image\":{\"@id\":\"https:\\\/\\\/ibecbarcelona.eu\\\/#\\\/schema\\\/logo\\\/image\\\/\"}},{\"@type\":\"Person\",\"@id\":\"https:\\\/\\\/ibecbarcelona.eu\\\/#\\\/schema\\\/person\\\/c212c6b589546130be67986b9290e2b8\",\"name\":\"\u00c0ngels L\u00f3pez\",\"image\":{\"@type\":\"ImageObject\",\"inLanguage\":\"ca\",\"@id\":\"https:\\\/\\\/secure.gravatar.com\\\/avatar\\\/09ad6ba116bea0b15c5511860f83b302579fd7404c1180e9dae55c3f11d988c6?s=96&d=mm&r=g\",\"url\":\"https:\\\/\\\/secure.gravatar.com\\\/avatar\\\/09ad6ba116bea0b15c5511860f83b302579fd7404c1180e9dae55c3f11d988c6?s=96&d=mm&r=g\",\"contentUrl\":\"https:\\\/\\\/secure.gravatar.com\\\/avatar\\\/09ad6ba116bea0b15c5511860f83b302579fd7404c1180e9dae55c3f11d988c6?s=96&d=mm&r=g\",\"caption\":\"\u00c0ngels L\u00f3pez\"},\"url\":\"https:\\\/\\\/ibecbarcelona.eu\\\/ca\\\/author\\\/alopez\\\/\"}]}<\/script>\n<!-- \/ Yoast SEO plugin. -->","yoast_head_json":{"title":"El director de l\u2019IBEC ingressa a la Reial Acad\u00e8mia de Ci\u00e8ncias i Arts de Barcelona - Institute for Bioengineering of Catalonia","robots":{"index":"index","follow":"follow","max-snippet":"max-snippet:-1","max-image-preview":"max-image-preview:large","max-video-preview":"max-video-preview:-1"},"canonical":"https:\/\/ibecbarcelona.eu\/ca\/el-director-de-libec-ingressa-a-la-reial-academia-de-ciencias-i-arts-de-barcelona\/","og_locale":"ca_ES","og_type":"article","og_title":"El director de l\u2019IBEC ingressa a la Reial Acad\u00e8mia de Ci\u00e8ncias i Arts de Barcelona - Institute for Bioengineering of Catalonia","og_description":"Ahir a la nit, al bell marc de la seu de l\u2019Acad\u00e8mia a la Rambla dels Estudis, el director de l\u2019IBEC Josep Planel va ser anomenat Acad\u00e8mic de la Reial Acad\u00e8mia de Ci\u00e8ncies i Arts de Barcelona (RACAB).","og_url":"https:\/\/ibecbarcelona.eu\/ca\/el-director-de-libec-ingressa-a-la-reial-academia-de-ciencias-i-arts-de-barcelona\/","og_site_name":"Institute for Bioengineering of Catalonia","article_published_time":"2010-12-17T11:32:38+00:00","article_modified_time":"2015-01-07T15:27:22+00:00","og_image":[{"width":500,"height":291,"url":"https:\/\/ibecbarcelona.eu\/wp-content\/uploads\/2010\/12\/racab.jpg","type":"image\/jpeg"}],"author":"\u00c0ngels L\u00f3pez","twitter_card":"summary_large_image","twitter_misc":{"Escrit per":"\u00c0ngels L\u00f3pez","Temps estimat de lectura":"1 minut"},"schema":{"@context":"https:\/\/schema.org","@graph":[{"@type":"Article","@id":"https:\/\/ibecbarcelona.eu\/ca\/el-director-de-libec-ingressa-a-la-reial-academia-de-ciencias-i-arts-de-barcelona\/#article","isPartOf":{"@id":"https:\/\/ibecbarcelona.eu\/ca\/el-director-de-libec-ingressa-a-la-reial-academia-de-ciencias-i-arts-de-barcelona\/"},"author":{"name":"\u00c0ngels L\u00f3pez","@id":"https:\/\/ibecbarcelona.eu\/#\/schema\/person\/c212c6b589546130be67986b9290e2b8"},"headline":"El director de l\u2019IBEC ingressa a la Reial Acad\u00e8mia de Ci\u00e8ncias i Arts de Barcelona","datePublished":"2010-12-17T11:32:38+00:00","dateModified":"2015-01-07T15:27:22+00:00","mainEntityOfPage":{"@id":"https:\/\/ibecbarcelona.eu\/ca\/el-director-de-libec-ingressa-a-la-reial-academia-de-ciencias-i-arts-de-barcelona\/"},"wordCount":209,"publisher":{"@id":"https:\/\/ibecbarcelona.eu\/#organization"},"image":{"@id":"https:\/\/ibecbarcelona.eu\/ca\/el-director-de-libec-ingressa-a-la-reial-academia-de-ciencias-i-arts-de-barcelona\/#primaryimage"},"thumbnailUrl":"https:\/\/ibecbarcelona.eu\/wp-content\/uploads\/2010\/12\/racab.jpg","articleSection":["Not\u00edcies institucionals"],"inLanguage":"ca"},{"@type":"WebPage","@id":"https:\/\/ibecbarcelona.eu\/ca\/el-director-de-libec-ingressa-a-la-reial-academia-de-ciencias-i-arts-de-barcelona\/","url":"https:\/\/ibecbarcelona.eu\/ca\/el-director-de-libec-ingressa-a-la-reial-academia-de-ciencias-i-arts-de-barcelona\/","name":"El director de l\u2019IBEC ingressa a la Reial Acad\u00e8mia de Ci\u00e8ncias i Arts de Barcelona - Institute for Bioengineering of Catalonia","isPartOf":{"@id":"https:\/\/ibecbarcelona.eu\/#website"},"primaryImageOfPage":{"@id":"https:\/\/ibecbarcelona.eu\/ca\/el-director-de-libec-ingressa-a-la-reial-academia-de-ciencias-i-arts-de-barcelona\/#primaryimage"},"image":{"@id":"https:\/\/ibecbarcelona.eu\/ca\/el-director-de-libec-ingressa-a-la-reial-academia-de-ciencias-i-arts-de-barcelona\/#primaryimage"},"thumbnailUrl":"https:\/\/ibecbarcelona.eu\/wp-content\/uploads\/2010\/12\/racab.jpg","datePublished":"2010-12-17T11:32:38+00:00","dateModified":"2015-01-07T15:27:22+00:00","breadcrumb":{"@id":"https:\/\/ibecbarcelona.eu\/ca\/el-director-de-libec-ingressa-a-la-reial-academia-de-ciencias-i-arts-de-barcelona\/#breadcrumb"},"inLanguage":"ca","potentialAction":[{"@type":"ReadAction","target":["https:\/\/ibecbarcelona.eu\/ca\/el-director-de-libec-ingressa-a-la-reial-academia-de-ciencias-i-arts-de-barcelona\/"]}]},{"@type":"ImageObject","inLanguage":"ca","@id":"https:\/\/ibecbarcelona.eu\/ca\/el-director-de-libec-ingressa-a-la-reial-academia-de-ciencias-i-arts-de-barcelona\/#primaryimage","url":"https:\/\/ibecbarcelona.eu\/wp-content\/uploads\/2010\/12\/racab.jpg","contentUrl":"https:\/\/ibecbarcelona.eu\/wp-content\/uploads\/2010\/12\/racab.jpg","width":500,"height":291},{"@type":"BreadcrumbList","@id":"https:\/\/ibecbarcelona.eu\/ca\/el-director-de-libec-ingressa-a-la-reial-academia-de-ciencias-i-arts-de-barcelona\/#breadcrumb","itemListElement":[{"@type":"ListItem","position":1,"name":"Home","item":"https:\/\/ibecbarcelona.eu\/ca\/"},{"@type":"ListItem","position":2,"name":"El director de l\u2019IBEC ingressa a la Reial Acad\u00e8mia de Ci\u00e8ncias i Arts de Barcelona"}]},{"@type":"WebSite","@id":"https:\/\/ibecbarcelona.eu\/#website","url":"https:\/\/ibecbarcelona.eu\/","name":"Institute for Bioengineering of Catalonia","description":"Bioengineering Solutions for Health","publisher":{"@id":"https:\/\/ibecbarcelona.eu\/#organization"},"potentialAction":[{"@type":"SearchAction","target":{"@type":"EntryPoint","urlTemplate":"https:\/\/ibecbarcelona.eu\/?s={search_term_string}"},"query-input":{"@type":"PropertyValueSpecification","valueRequired":true,"valueName":"search_term_string"}}],"inLanguage":"ca"},{"@type":"Organization","@id":"https:\/\/ibecbarcelona.eu\/#organization","name":"Institute for Bioengineering of Catalonia","url":"https:\/\/ibecbarcelona.eu\/","logo":{"@type":"ImageObject","inLanguage":"ca","@id":"https:\/\/ibecbarcelona.eu\/#\/schema\/logo\/image\/","url":"https:\/\/ibecbarcelona.eu\/wp-content\/uploads\/2026\/01\/cropped-IBEC_20ANYS_GRIS.png","contentUrl":"https:\/\/ibecbarcelona.eu\/wp-content\/uploads\/2026\/01\/cropped-IBEC_20ANYS_GRIS.png","width":696,"height":257,"caption":"Institute for Bioengineering of Catalonia"},"image":{"@id":"https:\/\/ibecbarcelona.eu\/#\/schema\/logo\/image\/"}},{"@type":"Person","@id":"https:\/\/ibecbarcelona.eu\/#\/schema\/person\/c212c6b589546130be67986b9290e2b8","name":"\u00c0ngels L\u00f3pez","image":{"@type":"ImageObject","inLanguage":"ca","@id":"https:\/\/secure.gravatar.com\/avatar\/09ad6ba116bea0b15c5511860f83b302579fd7404c1180e9dae55c3f11d988c6?s=96&d=mm&r=g","url":"https:\/\/secure.gravatar.com\/avatar\/09ad6ba116bea0b15c5511860f83b302579fd7404c1180e9dae55c3f11d988c6?s=96&d=mm&r=g","contentUrl":"https:\/\/secure.gravatar.com\/avatar\/09ad6ba116bea0b15c5511860f83b302579fd7404c1180e9dae55c3f11d988c6?s=96&d=mm&r=g","caption":"\u00c0ngels L\u00f3pez"},"url":"https:\/\/ibecbarcelona.eu\/ca\/author\/alopez\/"}]}},"AFP_featured_media_urls":{"full":["https:\/\/ibecbarcelona.eu\/wp-content\/uploads\/2010\/12\/racab.jpg",500,291,false],"thumbnail":["https:\/\/ibecbarcelona.eu\/wp-content\/uploads\/2010\/12\/racab-150x150.jpg",150,150,true],"medium":["https:\/\/ibecbarcelona.eu\/wp-content\/uploads\/2010\/12\/racab-300x174.jpg",300,174,true],"medium_large":["https:\/\/ibecbarcelona.eu\/wp-content\/uploads\/2010\/12\/racab.jpg",500,291,false],"large":["https:\/\/ibecbarcelona.eu\/wp-content\/uploads\/2010\/12\/racab.jpg",500,291,false]},"AFP_attachments":{"full":["https:\/\/ibecbarcelona.eu\/wp-content\/uploads\/2010\/12\/racab.jpg",500,291,false],"thumbnail":["https:\/\/ibecbarcelona.eu\/wp-content\/uploads\/2010\/12\/racab-150x150.jpg",150,150,true],"medium":["https:\/\/ibecbarcelona.eu\/wp-content\/uploads\/2010\/12\/racab-300x174.jpg",300,174,true],"medium_large":["https:\/\/ibecbarcelona.eu\/wp-content\/uploads\/2010\/12\/racab.jpg",500,291,false],"large":["https:\/\/ibecbarcelona.eu\/wp-content\/uploads\/2010\/12\/racab.jpg",500,291,false]},"AFP_videos":[],"AFP_video_blocks":"","AFP_category_names":["Not\u00edcies institucionals"],"_links":{"self":[{"href":"https:\/\/ibecbarcelona.eu\/ca\/wp-json\/wp\/v2\/posts\/5422","targetHints":{"allow":["GET"]}}],"collection":[{"href":"https:\/\/ibecbarcelona.eu\/ca\/wp-json\/wp\/v2\/posts"}],"about":[{"href":"https:\/\/ibecbarcelona.eu\/ca\/wp-json\/wp\/v2\/types\/post"}],"author":[{"embeddable":true,"href":"https:\/\/ibecbarcelona.eu\/ca\/wp-json\/wp\/v2\/users\/4"}],"replies":[{"embeddable":true,"href":"https:\/\/ibecbarcelona.eu\/ca\/wp-json\/wp\/v2\/comments?post=5422"}],"version-history":[{"count":0,"href":"https:\/\/ibecbarcelona.eu\/ca\/wp-json\/wp\/v2\/posts\/5422\/revisions"}],"wp:featuredmedia":[{"embeddable":true,"href":"https:\/\/ibecbarcelona.eu\/ca\/wp-json\/wp\/v2\/media\/5418"}],"wp:attachment":[{"href":"https:\/\/ibecbarcelona.eu\/ca\/wp-json\/wp\/v2\/media?parent=5422"}],"wp:term":[{"taxonomy":"category","embeddable":true,"href":"https:\/\/ibecbarcelona.eu\/ca\/wp-json\/wp\/v2\/categories?post=5422"},{"taxonomy":"post_tag","embeddable":true,"href":"https:\/\/ibecbarcelona.eu\/ca\/wp-json\/wp\/v2\/tags?post=5422"},{"taxonomy":"post_format","embeddable":true,"href":"https:\/\/ibecbarcelona.eu\/ca\/wp-json\/wp\/v2\/post_formats?post=5422"}],"curies":[{"name":"wp","href":"https:\/\/api.w.org\/{rel}","templated":true}]}}