
{"id":5439,"date":"2011-02-04T20:03:36","date_gmt":"2011-02-04T20:03:36","guid":{"rendered":"http:\/\/ibecbarcelona.eu\/new\/nanomedicina-a-espanya-mirant-enrere-per-mirar-endavant\/"},"modified":"2015-01-07T15:27:20","modified_gmt":"2015-01-07T15:27:20","slug":"nanomedicina-a-espanya-mirant-enrere-per-mirar-endavant","status":"publish","type":"post","link":"https:\/\/ibecbarcelona.eu\/ca\/nanomedicina-a-espanya-mirant-enrere-per-mirar-endavant\/","title":{"rendered":"Nanomedicina a Espanya: mirant enrere per mirar endavant"},"content":{"rendered":"<p> \u201cL\u2019evoluci\u00f3 continuada de la nanomedicina requereix una sin\u00e8rgia efectiva i un esfor\u00e7 col\u00b7laboratiu entre tots els sectors: sanitat, ind\u00fastria, biotecnologia, farmac\u00e8utiques, tecnologies m\u00e8diques i recerca b\u00e0sica,\u201d diu Josep. \u201cEn aquest pa\u00eds, l\u2019\u00e0rea ja \u00e9s prou gran per ser competitiva internacionalment, i durant els propers anys, el desafiament ser\u00e0 aplicar els resultats al pacient d\u2019una manera r\u00e0pida i efectiva.\u201d<\/p>\n<p>El document es va presentar en el seminari d\u2019un dia de durada \u2018Nanomedicina a Espanya: present i futur\u2019 en el Centre per al Desenvolupament Tecnol\u00f2gic Industrial (CDTI) a Madrid, que tamb\u00e9 va incloure presentacions d\u2019investigadors destacats en nanomedicina per a fomentar un debat obert sobre els punts forts d\u2019Espanya en aquest sector emergent i les tecnologies claus en les que concentrar-se en els propers anys. \u201cHi haur\u00e0 experts en medicina regenerativa o administraci\u00f3 controlada de medicaments assenyalant els contendents m\u00e9s prometedors per a \u00e9sser desenvolupats immediatament,\u201d diu Arantxa Sanz qui, com a Responsable de Projectes Corporatius de l\u2019IBEC, s\u2019encarrega de la coordinaci\u00f3 executiva de NanoMed Spain.<\/p>\n<p>\u201cDes de 2006 hem vist un r\u00e0pid desenvolupament de la nanomedicina a nivell internacional,\u201d diu el director associat de l\u2019IBEC Josep Samitier, que \u00e9s tamb\u00e9 coordinador de NanoMed Spain. \u201cHa estat una prioritat de les ag\u00e8ncies de recerca estrat\u00e8gica de tots els pa\u00efsos de la OCDE pels seus objectius d\u2019escur\u00e7ar el temps necessari per convertir nous aven\u00e7os en aplicacions \u00fatils per als pacients \u2013 prevenci\u00f3, avaluaci\u00f3 de riscos, diagnosi preco\u00e7, prognosi, ter\u00e0pia i seguimetn de patologies.\u201d<\/p>\n<p>L\u2019informe, coordinat per l\u2019IBEC com a l\u00edder de la Plataforma Espanyola de Nanomedicina (NanoMed Spain), descriu la creaci\u00f3 de grans iniciatives investigadores com el CIBER-BBN, col\u00b7laboracions entre entitats p\u00fabliques i privades, consorcis internacionals com BOND o Lymphotarg i activitats empresarials acollides per la Plataforma. Com a obra de refer\u00e8ncia per a aquest camp emergent, el seu objectiu \u00e9s oferir una visi\u00f3 general dels anys formatius de la nanomedicina per a dissenyadors de pol\u00edtiques, socis industrials i persones d\u2019inter\u00e8s, a m\u00e9s d\u2019aquells qui vulguin entrar dins d\u2019aquest camp.<\/p>\n<p>Un \u201cqui \u00e9s qui\u201d de les principals figures en nanomedicina d\u2019Espanya, i un informe de les fites m\u00e9s notables en aquest nou camp, \u201cNanomedicina a Espanya 06-10\u201d es va presentar dins del marc de la jornada \u2018Nanomedicina en Espa\u00f1a: presente y futuro\u2019. L\u2019acte es va celebrar al Centro para del Desarrollo Tecnol\u00f3gico Industrial (CDTI) a Madrid, i va ser presidit per D\u00f1a M\u00aa Luisa Casta\u00f1o, Subdirectora Gral. d\u2019Estrat\u00e8gies de Cooperaci\u00f3 P\u00fablico-Privada (MICINN). <\/p>\n<p>\u2018Nanomedicina en Espanya 06-10\u2019 es pot trobar\u00a0<a href=\"https:\/\/ibecbarcelona.eu\/wp-content\/uploads\/2011\/02\/nanomedicina en espa%F1a 06_10.pdf\">aqu\u00ed<\/a>.<\/p>\n","protected":false},"excerpt":{"rendered":"<p><a href=\"http:\/\/issuu.com\/ibec_barcelona\/docs\/nanomedicina_en_espana?mode=embed&amp;layout=http%3A%2F%2Fskin.issuu.com%2Fv%2Fdark%2Flayout.xml&amp;showFlipBtn=true\" target=\"_blank\"><img decoding=\"async\" class=\"left size-full wp-image-5432 lazyload\" data-src=\"https:\/\/ibecbarcelona.eu\/wp-content\/uploads\/2011\/02\/nanomed-cover.jpg\" border=\"0\" alt=\"nanomed cover\" width=\"121\" height=\"170\" data-srcset=\"https:\/\/ibecbarcelona.eu\/wp-content\/uploads\/2011\/02\/nanomed-cover.jpg 121w, https:\/\/ibecbarcelona.eu\/wp-content\/uploads\/2011\/02\/nanomed-cover-106x150.jpg 106w\" data-sizes=\"(max-width: 121px) 100vw, 121px\" src=\"data:image\/svg+xml;base64,PHN2ZyB3aWR0aD0iMSIgaGVpZ2h0PSIxIiB4bWxucz0iaHR0cDovL3d3dy53My5vcmcvMjAwMC9zdmciPjwvc3ZnPg==\" style=\"--smush-placeholder-width: 121px; --smush-placeholder-aspect-ratio: 121\/170;\" \/><\/a>El debat proporcionar\u00e0 informaci\u00f3 fonamental per a un llibre blanc que ajudi a identificar les prioritats espanyoles en I+D per al futur 8\u00e8 Programa Marc en aquest camp.<\/p>\n","protected":false},"author":4,"featured_media":5432,"comment_status":"closed","ping_status":"closed","sticky":false,"template":"","format":"standard","meta":{"footnotes":""},"categories":[98],"tags":[],"post_formats":[],"class_list":["post-5439","post","type-post","status-publish","format-standard","has-post-thumbnail","hentry","category-noticies-institucionals"],"yoast_head":"<!-- This site is optimized with the Yoast SEO plugin v27.5 - https:\/\/yoast.com\/product\/yoast-seo-wordpress\/ -->\n<title>Nanomedicina a Espanya: mirant enrere per mirar endavant - Institute for Bioengineering of Catalonia<\/title>\n<meta name=\"robots\" content=\"index, follow, max-snippet:-1, max-image-preview:large, max-video-preview:-1\" \/>\n<link rel=\"canonical\" href=\"https:\/\/ibecbarcelona.eu\/ca\/nanomedicina-a-espanya-mirant-enrere-per-mirar-endavant\/\" \/>\n<meta property=\"og:locale\" content=\"ca_ES\" \/>\n<meta property=\"og:type\" content=\"article\" \/>\n<meta property=\"og:title\" content=\"Nanomedicina a Espanya: mirant enrere per mirar endavant - Institute for Bioengineering of Catalonia\" \/>\n<meta property=\"og:description\" content=\"El debat proporcionar\u00e0 informaci\u00f3 fonamental per a un llibre blanc que ajudi a identificar les prioritats espanyoles en I+D per al futur 8\u00e8 Programa Marc en aquest camp.\" \/>\n<meta property=\"og:url\" content=\"https:\/\/ibecbarcelona.eu\/ca\/nanomedicina-a-espanya-mirant-enrere-per-mirar-endavant\/\" \/>\n<meta property=\"og:site_name\" content=\"Institute for Bioengineering of Catalonia\" \/>\n<meta property=\"article:published_time\" content=\"2011-02-04T20:03:36+00:00\" \/>\n<meta property=\"article:modified_time\" content=\"2015-01-07T15:27:20+00:00\" \/>\n<meta property=\"og:image\" content=\"https:\/\/ibecbarcelona.eu\/wp-content\/uploads\/2011\/02\/nanomed-cover.jpg\" \/>\n\t<meta property=\"og:image:width\" content=\"121\" \/>\n\t<meta property=\"og:image:height\" content=\"170\" \/>\n\t<meta property=\"og:image:type\" content=\"image\/jpeg\" \/>\n<meta name=\"author\" content=\"\u00c0ngels L\u00f3pez\" \/>\n<meta name=\"twitter:card\" content=\"summary_large_image\" \/>\n<meta name=\"twitter:label1\" content=\"Escrit per\" \/>\n\t<meta name=\"twitter:data1\" content=\"\u00c0ngels L\u00f3pez\" \/>\n\t<meta name=\"twitter:label2\" content=\"Temps estimat de lectura\" \/>\n\t<meta name=\"twitter:data2\" content=\"2 minuts\" \/>\n<script type=\"application\/ld+json\" class=\"yoast-schema-graph\">{\"@context\":\"https:\\\/\\\/schema.org\",\"@graph\":[{\"@type\":\"Article\",\"@id\":\"https:\\\/\\\/ibecbarcelona.eu\\\/ca\\\/nanomedicina-a-espanya-mirant-enrere-per-mirar-endavant\\\/#article\",\"isPartOf\":{\"@id\":\"https:\\\/\\\/ibecbarcelona.eu\\\/ca\\\/nanomedicina-a-espanya-mirant-enrere-per-mirar-endavant\\\/\"},\"author\":{\"name\":\"\u00c0ngels L\u00f3pez\",\"@id\":\"https:\\\/\\\/ibecbarcelona.eu\\\/#\\\/schema\\\/person\\\/c212c6b589546130be67986b9290e2b8\"},\"headline\":\"Nanomedicina a Espanya: mirant enrere per mirar endavant\",\"datePublished\":\"2011-02-04T20:03:36+00:00\",\"dateModified\":\"2015-01-07T15:27:20+00:00\",\"mainEntityOfPage\":{\"@id\":\"https:\\\/\\\/ibecbarcelona.eu\\\/ca\\\/nanomedicina-a-espanya-mirant-enrere-per-mirar-endavant\\\/\"},\"wordCount\":462,\"publisher\":{\"@id\":\"https:\\\/\\\/ibecbarcelona.eu\\\/#organization\"},\"image\":{\"@id\":\"https:\\\/\\\/ibecbarcelona.eu\\\/ca\\\/nanomedicina-a-espanya-mirant-enrere-per-mirar-endavant\\\/#primaryimage\"},\"thumbnailUrl\":\"https:\\\/\\\/ibecbarcelona.eu\\\/wp-content\\\/uploads\\\/2011\\\/02\\\/nanomed-cover.jpg\",\"articleSection\":[\"Not\u00edcies institucionals\"],\"inLanguage\":\"ca\"},{\"@type\":\"WebPage\",\"@id\":\"https:\\\/\\\/ibecbarcelona.eu\\\/ca\\\/nanomedicina-a-espanya-mirant-enrere-per-mirar-endavant\\\/\",\"url\":\"https:\\\/\\\/ibecbarcelona.eu\\\/ca\\\/nanomedicina-a-espanya-mirant-enrere-per-mirar-endavant\\\/\",\"name\":\"Nanomedicina a Espanya: mirant enrere per mirar endavant - Institute for Bioengineering of Catalonia\",\"isPartOf\":{\"@id\":\"https:\\\/\\\/ibecbarcelona.eu\\\/#website\"},\"primaryImageOfPage\":{\"@id\":\"https:\\\/\\\/ibecbarcelona.eu\\\/ca\\\/nanomedicina-a-espanya-mirant-enrere-per-mirar-endavant\\\/#primaryimage\"},\"image\":{\"@id\":\"https:\\\/\\\/ibecbarcelona.eu\\\/ca\\\/nanomedicina-a-espanya-mirant-enrere-per-mirar-endavant\\\/#primaryimage\"},\"thumbnailUrl\":\"https:\\\/\\\/ibecbarcelona.eu\\\/wp-content\\\/uploads\\\/2011\\\/02\\\/nanomed-cover.jpg\",\"datePublished\":\"2011-02-04T20:03:36+00:00\",\"dateModified\":\"2015-01-07T15:27:20+00:00\",\"breadcrumb\":{\"@id\":\"https:\\\/\\\/ibecbarcelona.eu\\\/ca\\\/nanomedicina-a-espanya-mirant-enrere-per-mirar-endavant\\\/#breadcrumb\"},\"inLanguage\":\"ca\",\"potentialAction\":[{\"@type\":\"ReadAction\",\"target\":[\"https:\\\/\\\/ibecbarcelona.eu\\\/ca\\\/nanomedicina-a-espanya-mirant-enrere-per-mirar-endavant\\\/\"]}]},{\"@type\":\"ImageObject\",\"inLanguage\":\"ca\",\"@id\":\"https:\\\/\\\/ibecbarcelona.eu\\\/ca\\\/nanomedicina-a-espanya-mirant-enrere-per-mirar-endavant\\\/#primaryimage\",\"url\":\"https:\\\/\\\/ibecbarcelona.eu\\\/wp-content\\\/uploads\\\/2011\\\/02\\\/nanomed-cover.jpg\",\"contentUrl\":\"https:\\\/\\\/ibecbarcelona.eu\\\/wp-content\\\/uploads\\\/2011\\\/02\\\/nanomed-cover.jpg\",\"width\":121,\"height\":170,\"caption\":\"nanomed cover\"},{\"@type\":\"BreadcrumbList\",\"@id\":\"https:\\\/\\\/ibecbarcelona.eu\\\/ca\\\/nanomedicina-a-espanya-mirant-enrere-per-mirar-endavant\\\/#breadcrumb\",\"itemListElement\":[{\"@type\":\"ListItem\",\"position\":1,\"name\":\"Home\",\"item\":\"https:\\\/\\\/ibecbarcelona.eu\\\/ca\\\/\"},{\"@type\":\"ListItem\",\"position\":2,\"name\":\"Nanomedicina a Espanya: mirant enrere per mirar endavant\"}]},{\"@type\":\"WebSite\",\"@id\":\"https:\\\/\\\/ibecbarcelona.eu\\\/#website\",\"url\":\"https:\\\/\\\/ibecbarcelona.eu\\\/\",\"name\":\"Institute for Bioengineering of Catalonia\",\"description\":\"Bioengineering Solutions for Health\",\"publisher\":{\"@id\":\"https:\\\/\\\/ibecbarcelona.eu\\\/#organization\"},\"potentialAction\":[{\"@type\":\"SearchAction\",\"target\":{\"@type\":\"EntryPoint\",\"urlTemplate\":\"https:\\\/\\\/ibecbarcelona.eu\\\/?s={search_term_string}\"},\"query-input\":{\"@type\":\"PropertyValueSpecification\",\"valueRequired\":true,\"valueName\":\"search_term_string\"}}],\"inLanguage\":\"ca\"},{\"@type\":\"Organization\",\"@id\":\"https:\\\/\\\/ibecbarcelona.eu\\\/#organization\",\"name\":\"Institute for Bioengineering of Catalonia\",\"url\":\"https:\\\/\\\/ibecbarcelona.eu\\\/\",\"logo\":{\"@type\":\"ImageObject\",\"inLanguage\":\"ca\",\"@id\":\"https:\\\/\\\/ibecbarcelona.eu\\\/#\\\/schema\\\/logo\\\/image\\\/\",\"url\":\"https:\\\/\\\/ibecbarcelona.eu\\\/wp-content\\\/uploads\\\/2026\\\/01\\\/cropped-IBEC_20ANYS_GRIS.png\",\"contentUrl\":\"https:\\\/\\\/ibecbarcelona.eu\\\/wp-content\\\/uploads\\\/2026\\\/01\\\/cropped-IBEC_20ANYS_GRIS.png\",\"width\":696,\"height\":257,\"caption\":\"Institute for Bioengineering of Catalonia\"},\"image\":{\"@id\":\"https:\\\/\\\/ibecbarcelona.eu\\\/#\\\/schema\\\/logo\\\/image\\\/\"}},{\"@type\":\"Person\",\"@id\":\"https:\\\/\\\/ibecbarcelona.eu\\\/#\\\/schema\\\/person\\\/c212c6b589546130be67986b9290e2b8\",\"name\":\"\u00c0ngels L\u00f3pez\",\"image\":{\"@type\":\"ImageObject\",\"inLanguage\":\"ca\",\"@id\":\"https:\\\/\\\/secure.gravatar.com\\\/avatar\\\/09ad6ba116bea0b15c5511860f83b302579fd7404c1180e9dae55c3f11d988c6?s=96&d=mm&r=g\",\"url\":\"https:\\\/\\\/secure.gravatar.com\\\/avatar\\\/09ad6ba116bea0b15c5511860f83b302579fd7404c1180e9dae55c3f11d988c6?s=96&d=mm&r=g\",\"contentUrl\":\"https:\\\/\\\/secure.gravatar.com\\\/avatar\\\/09ad6ba116bea0b15c5511860f83b302579fd7404c1180e9dae55c3f11d988c6?s=96&d=mm&r=g\",\"caption\":\"\u00c0ngels L\u00f3pez\"},\"url\":\"https:\\\/\\\/ibecbarcelona.eu\\\/ca\\\/author\\\/alopez\\\/\"}]}<\/script>\n<!-- \/ Yoast SEO plugin. -->","yoast_head_json":{"title":"Nanomedicina a Espanya: mirant enrere per mirar endavant - Institute for Bioengineering of Catalonia","robots":{"index":"index","follow":"follow","max-snippet":"max-snippet:-1","max-image-preview":"max-image-preview:large","max-video-preview":"max-video-preview:-1"},"canonical":"https:\/\/ibecbarcelona.eu\/ca\/nanomedicina-a-espanya-mirant-enrere-per-mirar-endavant\/","og_locale":"ca_ES","og_type":"article","og_title":"Nanomedicina a Espanya: mirant enrere per mirar endavant - Institute for Bioengineering of Catalonia","og_description":"El debat proporcionar\u00e0 informaci\u00f3 fonamental per a un llibre blanc que ajudi a identificar les prioritats espanyoles en I+D per al futur 8\u00e8 Programa Marc en aquest camp.","og_url":"https:\/\/ibecbarcelona.eu\/ca\/nanomedicina-a-espanya-mirant-enrere-per-mirar-endavant\/","og_site_name":"Institute for Bioengineering of Catalonia","article_published_time":"2011-02-04T20:03:36+00:00","article_modified_time":"2015-01-07T15:27:20+00:00","og_image":[{"width":121,"height":170,"url":"https:\/\/ibecbarcelona.eu\/wp-content\/uploads\/2011\/02\/nanomed-cover.jpg","type":"image\/jpeg"}],"author":"\u00c0ngels L\u00f3pez","twitter_card":"summary_large_image","twitter_misc":{"Escrit per":"\u00c0ngels L\u00f3pez","Temps estimat de lectura":"2 minuts"},"schema":{"@context":"https:\/\/schema.org","@graph":[{"@type":"Article","@id":"https:\/\/ibecbarcelona.eu\/ca\/nanomedicina-a-espanya-mirant-enrere-per-mirar-endavant\/#article","isPartOf":{"@id":"https:\/\/ibecbarcelona.eu\/ca\/nanomedicina-a-espanya-mirant-enrere-per-mirar-endavant\/"},"author":{"name":"\u00c0ngels L\u00f3pez","@id":"https:\/\/ibecbarcelona.eu\/#\/schema\/person\/c212c6b589546130be67986b9290e2b8"},"headline":"Nanomedicina a Espanya: mirant enrere per mirar endavant","datePublished":"2011-02-04T20:03:36+00:00","dateModified":"2015-01-07T15:27:20+00:00","mainEntityOfPage":{"@id":"https:\/\/ibecbarcelona.eu\/ca\/nanomedicina-a-espanya-mirant-enrere-per-mirar-endavant\/"},"wordCount":462,"publisher":{"@id":"https:\/\/ibecbarcelona.eu\/#organization"},"image":{"@id":"https:\/\/ibecbarcelona.eu\/ca\/nanomedicina-a-espanya-mirant-enrere-per-mirar-endavant\/#primaryimage"},"thumbnailUrl":"https:\/\/ibecbarcelona.eu\/wp-content\/uploads\/2011\/02\/nanomed-cover.jpg","articleSection":["Not\u00edcies institucionals"],"inLanguage":"ca"},{"@type":"WebPage","@id":"https:\/\/ibecbarcelona.eu\/ca\/nanomedicina-a-espanya-mirant-enrere-per-mirar-endavant\/","url":"https:\/\/ibecbarcelona.eu\/ca\/nanomedicina-a-espanya-mirant-enrere-per-mirar-endavant\/","name":"Nanomedicina a Espanya: mirant enrere per mirar endavant - Institute for Bioengineering of Catalonia","isPartOf":{"@id":"https:\/\/ibecbarcelona.eu\/#website"},"primaryImageOfPage":{"@id":"https:\/\/ibecbarcelona.eu\/ca\/nanomedicina-a-espanya-mirant-enrere-per-mirar-endavant\/#primaryimage"},"image":{"@id":"https:\/\/ibecbarcelona.eu\/ca\/nanomedicina-a-espanya-mirant-enrere-per-mirar-endavant\/#primaryimage"},"thumbnailUrl":"https:\/\/ibecbarcelona.eu\/wp-content\/uploads\/2011\/02\/nanomed-cover.jpg","datePublished":"2011-02-04T20:03:36+00:00","dateModified":"2015-01-07T15:27:20+00:00","breadcrumb":{"@id":"https:\/\/ibecbarcelona.eu\/ca\/nanomedicina-a-espanya-mirant-enrere-per-mirar-endavant\/#breadcrumb"},"inLanguage":"ca","potentialAction":[{"@type":"ReadAction","target":["https:\/\/ibecbarcelona.eu\/ca\/nanomedicina-a-espanya-mirant-enrere-per-mirar-endavant\/"]}]},{"@type":"ImageObject","inLanguage":"ca","@id":"https:\/\/ibecbarcelona.eu\/ca\/nanomedicina-a-espanya-mirant-enrere-per-mirar-endavant\/#primaryimage","url":"https:\/\/ibecbarcelona.eu\/wp-content\/uploads\/2011\/02\/nanomed-cover.jpg","contentUrl":"https:\/\/ibecbarcelona.eu\/wp-content\/uploads\/2011\/02\/nanomed-cover.jpg","width":121,"height":170,"caption":"nanomed cover"},{"@type":"BreadcrumbList","@id":"https:\/\/ibecbarcelona.eu\/ca\/nanomedicina-a-espanya-mirant-enrere-per-mirar-endavant\/#breadcrumb","itemListElement":[{"@type":"ListItem","position":1,"name":"Home","item":"https:\/\/ibecbarcelona.eu\/ca\/"},{"@type":"ListItem","position":2,"name":"Nanomedicina a Espanya: mirant enrere per mirar endavant"}]},{"@type":"WebSite","@id":"https:\/\/ibecbarcelona.eu\/#website","url":"https:\/\/ibecbarcelona.eu\/","name":"Institute for Bioengineering of Catalonia","description":"Bioengineering Solutions for Health","publisher":{"@id":"https:\/\/ibecbarcelona.eu\/#organization"},"potentialAction":[{"@type":"SearchAction","target":{"@type":"EntryPoint","urlTemplate":"https:\/\/ibecbarcelona.eu\/?s={search_term_string}"},"query-input":{"@type":"PropertyValueSpecification","valueRequired":true,"valueName":"search_term_string"}}],"inLanguage":"ca"},{"@type":"Organization","@id":"https:\/\/ibecbarcelona.eu\/#organization","name":"Institute for Bioengineering of Catalonia","url":"https:\/\/ibecbarcelona.eu\/","logo":{"@type":"ImageObject","inLanguage":"ca","@id":"https:\/\/ibecbarcelona.eu\/#\/schema\/logo\/image\/","url":"https:\/\/ibecbarcelona.eu\/wp-content\/uploads\/2026\/01\/cropped-IBEC_20ANYS_GRIS.png","contentUrl":"https:\/\/ibecbarcelona.eu\/wp-content\/uploads\/2026\/01\/cropped-IBEC_20ANYS_GRIS.png","width":696,"height":257,"caption":"Institute for Bioengineering of Catalonia"},"image":{"@id":"https:\/\/ibecbarcelona.eu\/#\/schema\/logo\/image\/"}},{"@type":"Person","@id":"https:\/\/ibecbarcelona.eu\/#\/schema\/person\/c212c6b589546130be67986b9290e2b8","name":"\u00c0ngels L\u00f3pez","image":{"@type":"ImageObject","inLanguage":"ca","@id":"https:\/\/secure.gravatar.com\/avatar\/09ad6ba116bea0b15c5511860f83b302579fd7404c1180e9dae55c3f11d988c6?s=96&d=mm&r=g","url":"https:\/\/secure.gravatar.com\/avatar\/09ad6ba116bea0b15c5511860f83b302579fd7404c1180e9dae55c3f11d988c6?s=96&d=mm&r=g","contentUrl":"https:\/\/secure.gravatar.com\/avatar\/09ad6ba116bea0b15c5511860f83b302579fd7404c1180e9dae55c3f11d988c6?s=96&d=mm&r=g","caption":"\u00c0ngels L\u00f3pez"},"url":"https:\/\/ibecbarcelona.eu\/ca\/author\/alopez\/"}]}},"AFP_featured_media_urls":{"full":["https:\/\/ibecbarcelona.eu\/wp-content\/uploads\/2011\/02\/nanomed-cover.jpg",121,170,false],"thumbnail":["https:\/\/ibecbarcelona.eu\/wp-content\/uploads\/2011\/02\/nanomed-cover-121x150.jpg",121,150,true],"medium":["https:\/\/ibecbarcelona.eu\/wp-content\/uploads\/2011\/02\/nanomed-cover.jpg",121,170,false],"medium_large":["https:\/\/ibecbarcelona.eu\/wp-content\/uploads\/2011\/02\/nanomed-cover.jpg",121,170,false],"large":["https:\/\/ibecbarcelona.eu\/wp-content\/uploads\/2011\/02\/nanomed-cover.jpg",121,170,false]},"AFP_attachments":{"full":["https:\/\/ibecbarcelona.eu\/wp-content\/uploads\/2011\/02\/nanomed-cover.jpg",121,170,false],"thumbnail":["https:\/\/ibecbarcelona.eu\/wp-content\/uploads\/2011\/02\/nanomed-cover-121x150.jpg",121,150,true],"medium":["https:\/\/ibecbarcelona.eu\/wp-content\/uploads\/2011\/02\/nanomed-cover.jpg",121,170,false],"medium_large":["https:\/\/ibecbarcelona.eu\/wp-content\/uploads\/2011\/02\/nanomed-cover.jpg",121,170,false],"large":["https:\/\/ibecbarcelona.eu\/wp-content\/uploads\/2011\/02\/nanomed-cover.jpg",121,170,false]},"AFP_videos":[],"AFP_video_blocks":"","AFP_category_names":["Not\u00edcies institucionals"],"_links":{"self":[{"href":"https:\/\/ibecbarcelona.eu\/ca\/wp-json\/wp\/v2\/posts\/5439","targetHints":{"allow":["GET"]}}],"collection":[{"href":"https:\/\/ibecbarcelona.eu\/ca\/wp-json\/wp\/v2\/posts"}],"about":[{"href":"https:\/\/ibecbarcelona.eu\/ca\/wp-json\/wp\/v2\/types\/post"}],"author":[{"embeddable":true,"href":"https:\/\/ibecbarcelona.eu\/ca\/wp-json\/wp\/v2\/users\/4"}],"replies":[{"embeddable":true,"href":"https:\/\/ibecbarcelona.eu\/ca\/wp-json\/wp\/v2\/comments?post=5439"}],"version-history":[{"count":0,"href":"https:\/\/ibecbarcelona.eu\/ca\/wp-json\/wp\/v2\/posts\/5439\/revisions"}],"wp:featuredmedia":[{"embeddable":true,"href":"https:\/\/ibecbarcelona.eu\/ca\/wp-json\/wp\/v2\/media\/5432"}],"wp:attachment":[{"href":"https:\/\/ibecbarcelona.eu\/ca\/wp-json\/wp\/v2\/media?parent=5439"}],"wp:term":[{"taxonomy":"category","embeddable":true,"href":"https:\/\/ibecbarcelona.eu\/ca\/wp-json\/wp\/v2\/categories?post=5439"},{"taxonomy":"post_tag","embeddable":true,"href":"https:\/\/ibecbarcelona.eu\/ca\/wp-json\/wp\/v2\/tags?post=5439"},{"taxonomy":"post_format","embeddable":true,"href":"https:\/\/ibecbarcelona.eu\/ca\/wp-json\/wp\/v2\/post_formats?post=5439"}],"curies":[{"name":"wp","href":"https:\/\/api.w.org\/{rel}","templated":true}]}}