
{"id":5446,"date":"2011-01-12T23:00:00","date_gmt":"2011-01-12T23:00:00","guid":{"rendered":"http:\/\/ibecbarcelona.eu\/new\/un-investigador-de-libec-rep-el-premi-pablo-motos\/"},"modified":"2015-01-07T15:27:21","modified_gmt":"2015-01-07T15:27:21","slug":"un-investigador-de-libec-rep-el-premi-pablo-motos","status":"publish","type":"post","link":"https:\/\/ibecbarcelona.eu\/ca\/un-investigador-de-libec-rep-el-premi-pablo-motos\/","title":{"rendered":"Un investigador de l\u2019IBEC rep el premi Pablo Motos"},"content":{"rendered":"<p> Pablo Motos, el fam\u00f3s creador i presentador del programa \u2018El Hormiguero\u2019, d\u00f3na els drets d\u2019autor del seu llibre \u2018Frases c\u00e9lebres de ni\u00f1os\u2019 a la fundaci\u00f3 per a que atorgui aquest guard\u00f3 anual, que ara compleix el seu segon any, i que t\u00e9 l\u2019objectiu de donar suport a projectes de recerca en fibrosi qu\u00edstica o iniciatives socials que benefici\u00efn\u00a0 als afectats per aquesta malaltia.<\/p>\n<p>El projecte d\u2019Eduard \u2018Ribonucleotide reductases: una nova diana terap\u00e8utica contra organismes pat\u00f2gens en malalts de FQ\u2019 va ser un dels quatre guanyadors escollits per la fundaci\u00f3 entre moltes propostes presentades des de tot el pa\u00eds. Un quart del total del premi finan\u00e7ar\u00e0 la seva feina en el projecte durant almenys dos anys.<\/p>\n<p>\u201cEstic molt content de que els meus esfor\u00e7os hagin estat reconeguts per una associaci\u00f3 tan prestigiosa,\u201d diu Eduard. \u201cAmb aquest projecte estudiar\u00e9 els mecanismes moleculars de la patog\u00e8nesi bacteriana en les infeccions dels pacients de fibrosi qu\u00edstica, amb l\u2019objectiu d\u2019identificar nous objectius antibacterians.\u201d<\/p>\n<p>Per a m\u00e9s informaci\u00f3, visiteu\u00a0<a href=\"http:\/\/www.fibrosisquistica.org\/index.php?pagina=noticias&amp;esnoticia=248\">http:\/\/www.fibrosisquistica.org\/index.php?pagina=noticias&amp;esnoticia=248<\/a><\/p>\n","protected":false},"excerpt":{"rendered":"<p>Aquesta setmana, Eduard Torrents, investigador s\u00e8nior del grup Biotecnologia Microbiana i Interacci\u00f3 Hoste-pat\u00f2gen de l\u2019IBEC, ha estat guardonat amb el premi Pablo Motos 2010 de la Federaci\u00f3 Espanyola de Fibrosi Qu\u00edstica.  <\/p>\n","protected":false},"author":4,"featured_media":0,"comment_status":"closed","ping_status":"closed","sticky":false,"template":"","format":"standard","meta":{"footnotes":""},"categories":[98],"tags":[],"post_formats":[],"class_list":["post-5446","post","type-post","status-publish","format-standard","hentry","category-noticies-institucionals"],"yoast_head":"<!-- This site is optimized with the Yoast SEO plugin v27.4 - https:\/\/yoast.com\/product\/yoast-seo-wordpress\/ -->\n<title>Un investigador de l\u2019IBEC rep el premi Pablo Motos - Institute for Bioengineering of Catalonia<\/title>\n<meta name=\"robots\" content=\"index, follow, max-snippet:-1, max-image-preview:large, max-video-preview:-1\" \/>\n<link rel=\"canonical\" href=\"https:\/\/ibecbarcelona.eu\/ca\/un-investigador-de-libec-rep-el-premi-pablo-motos\/\" \/>\n<meta property=\"og:locale\" content=\"ca_ES\" \/>\n<meta property=\"og:type\" content=\"article\" \/>\n<meta property=\"og:title\" content=\"Un investigador de l\u2019IBEC rep el premi Pablo Motos - Institute for Bioengineering of Catalonia\" \/>\n<meta property=\"og:description\" content=\"Aquesta setmana, Eduard Torrents, investigador s\u00e8nior del grup Biotecnologia Microbiana i Interacci\u00f3 Hoste-pat\u00f2gen de l\u2019IBEC, ha estat guardonat amb el premi Pablo Motos 2010 de la Federaci\u00f3 Espanyola de Fibrosi Qu\u00edstica.\" \/>\n<meta property=\"og:url\" content=\"https:\/\/ibecbarcelona.eu\/ca\/un-investigador-de-libec-rep-el-premi-pablo-motos\/\" \/>\n<meta property=\"og:site_name\" content=\"Institute for Bioengineering of Catalonia\" \/>\n<meta property=\"article:published_time\" content=\"2011-01-12T23:00:00+00:00\" \/>\n<meta property=\"article:modified_time\" content=\"2015-01-07T15:27:21+00:00\" \/>\n<meta name=\"author\" content=\"\u00c0ngels L\u00f3pez\" \/>\n<meta name=\"twitter:card\" content=\"summary_large_image\" \/>\n<meta name=\"twitter:label1\" content=\"Escrit per\" \/>\n\t<meta name=\"twitter:data1\" content=\"\u00c0ngels L\u00f3pez\" \/>\n\t<meta name=\"twitter:label2\" content=\"Temps estimat de lectura\" \/>\n\t<meta name=\"twitter:data2\" content=\"1 minut\" \/>\n<script type=\"application\/ld+json\" class=\"yoast-schema-graph\">{\"@context\":\"https:\\\/\\\/schema.org\",\"@graph\":[{\"@type\":\"Article\",\"@id\":\"https:\\\/\\\/ibecbarcelona.eu\\\/ca\\\/un-investigador-de-libec-rep-el-premi-pablo-motos\\\/#article\",\"isPartOf\":{\"@id\":\"https:\\\/\\\/ibecbarcelona.eu\\\/ca\\\/un-investigador-de-libec-rep-el-premi-pablo-motos\\\/\"},\"author\":{\"name\":\"\u00c0ngels L\u00f3pez\",\"@id\":\"https:\\\/\\\/ibecbarcelona.eu\\\/#\\\/schema\\\/person\\\/c212c6b589546130be67986b9290e2b8\"},\"headline\":\"Un investigador de l\u2019IBEC rep el premi Pablo Motos\",\"datePublished\":\"2011-01-12T23:00:00+00:00\",\"dateModified\":\"2015-01-07T15:27:21+00:00\",\"mainEntityOfPage\":{\"@id\":\"https:\\\/\\\/ibecbarcelona.eu\\\/ca\\\/un-investigador-de-libec-rep-el-premi-pablo-motos\\\/\"},\"wordCount\":202,\"publisher\":{\"@id\":\"https:\\\/\\\/ibecbarcelona.eu\\\/#organization\"},\"articleSection\":[\"Not\u00edcies institucionals\"],\"inLanguage\":\"ca\"},{\"@type\":\"WebPage\",\"@id\":\"https:\\\/\\\/ibecbarcelona.eu\\\/ca\\\/un-investigador-de-libec-rep-el-premi-pablo-motos\\\/\",\"url\":\"https:\\\/\\\/ibecbarcelona.eu\\\/ca\\\/un-investigador-de-libec-rep-el-premi-pablo-motos\\\/\",\"name\":\"Un investigador de l\u2019IBEC rep el premi Pablo Motos - Institute for Bioengineering of Catalonia\",\"isPartOf\":{\"@id\":\"https:\\\/\\\/ibecbarcelona.eu\\\/#website\"},\"datePublished\":\"2011-01-12T23:00:00+00:00\",\"dateModified\":\"2015-01-07T15:27:21+00:00\",\"breadcrumb\":{\"@id\":\"https:\\\/\\\/ibecbarcelona.eu\\\/ca\\\/un-investigador-de-libec-rep-el-premi-pablo-motos\\\/#breadcrumb\"},\"inLanguage\":\"ca\",\"potentialAction\":[{\"@type\":\"ReadAction\",\"target\":[\"https:\\\/\\\/ibecbarcelona.eu\\\/ca\\\/un-investigador-de-libec-rep-el-premi-pablo-motos\\\/\"]}]},{\"@type\":\"BreadcrumbList\",\"@id\":\"https:\\\/\\\/ibecbarcelona.eu\\\/ca\\\/un-investigador-de-libec-rep-el-premi-pablo-motos\\\/#breadcrumb\",\"itemListElement\":[{\"@type\":\"ListItem\",\"position\":1,\"name\":\"Home\",\"item\":\"https:\\\/\\\/ibecbarcelona.eu\\\/ca\\\/\"},{\"@type\":\"ListItem\",\"position\":2,\"name\":\"Un investigador de l\u2019IBEC rep el premi Pablo Motos\"}]},{\"@type\":\"WebSite\",\"@id\":\"https:\\\/\\\/ibecbarcelona.eu\\\/#website\",\"url\":\"https:\\\/\\\/ibecbarcelona.eu\\\/\",\"name\":\"Institute for Bioengineering of Catalonia\",\"description\":\"Bioengineering Solutions for Health\",\"publisher\":{\"@id\":\"https:\\\/\\\/ibecbarcelona.eu\\\/#organization\"},\"potentialAction\":[{\"@type\":\"SearchAction\",\"target\":{\"@type\":\"EntryPoint\",\"urlTemplate\":\"https:\\\/\\\/ibecbarcelona.eu\\\/?s={search_term_string}\"},\"query-input\":{\"@type\":\"PropertyValueSpecification\",\"valueRequired\":true,\"valueName\":\"search_term_string\"}}],\"inLanguage\":\"ca\"},{\"@type\":\"Organization\",\"@id\":\"https:\\\/\\\/ibecbarcelona.eu\\\/#organization\",\"name\":\"Institute for Bioengineering of Catalonia\",\"url\":\"https:\\\/\\\/ibecbarcelona.eu\\\/\",\"logo\":{\"@type\":\"ImageObject\",\"inLanguage\":\"ca\",\"@id\":\"https:\\\/\\\/ibecbarcelona.eu\\\/#\\\/schema\\\/logo\\\/image\\\/\",\"url\":\"https:\\\/\\\/ibecbarcelona.eu\\\/wp-content\\\/uploads\\\/2026\\\/01\\\/cropped-IBEC_20ANYS_GRIS.png\",\"contentUrl\":\"https:\\\/\\\/ibecbarcelona.eu\\\/wp-content\\\/uploads\\\/2026\\\/01\\\/cropped-IBEC_20ANYS_GRIS.png\",\"width\":696,\"height\":257,\"caption\":\"Institute for Bioengineering of Catalonia\"},\"image\":{\"@id\":\"https:\\\/\\\/ibecbarcelona.eu\\\/#\\\/schema\\\/logo\\\/image\\\/\"}},{\"@type\":\"Person\",\"@id\":\"https:\\\/\\\/ibecbarcelona.eu\\\/#\\\/schema\\\/person\\\/c212c6b589546130be67986b9290e2b8\",\"name\":\"\u00c0ngels L\u00f3pez\",\"image\":{\"@type\":\"ImageObject\",\"inLanguage\":\"ca\",\"@id\":\"https:\\\/\\\/secure.gravatar.com\\\/avatar\\\/09ad6ba116bea0b15c5511860f83b302579fd7404c1180e9dae55c3f11d988c6?s=96&d=mm&r=g\",\"url\":\"https:\\\/\\\/secure.gravatar.com\\\/avatar\\\/09ad6ba116bea0b15c5511860f83b302579fd7404c1180e9dae55c3f11d988c6?s=96&d=mm&r=g\",\"contentUrl\":\"https:\\\/\\\/secure.gravatar.com\\\/avatar\\\/09ad6ba116bea0b15c5511860f83b302579fd7404c1180e9dae55c3f11d988c6?s=96&d=mm&r=g\",\"caption\":\"\u00c0ngels L\u00f3pez\"},\"url\":\"https:\\\/\\\/ibecbarcelona.eu\\\/ca\\\/author\\\/alopez\\\/\"}]}<\/script>\n<!-- \/ Yoast SEO plugin. -->","yoast_head_json":{"title":"Un investigador de l\u2019IBEC rep el premi Pablo Motos - Institute for Bioengineering of Catalonia","robots":{"index":"index","follow":"follow","max-snippet":"max-snippet:-1","max-image-preview":"max-image-preview:large","max-video-preview":"max-video-preview:-1"},"canonical":"https:\/\/ibecbarcelona.eu\/ca\/un-investigador-de-libec-rep-el-premi-pablo-motos\/","og_locale":"ca_ES","og_type":"article","og_title":"Un investigador de l\u2019IBEC rep el premi Pablo Motos - Institute for Bioengineering of Catalonia","og_description":"Aquesta setmana, Eduard Torrents, investigador s\u00e8nior del grup Biotecnologia Microbiana i Interacci\u00f3 Hoste-pat\u00f2gen de l\u2019IBEC, ha estat guardonat amb el premi Pablo Motos 2010 de la Federaci\u00f3 Espanyola de Fibrosi Qu\u00edstica.","og_url":"https:\/\/ibecbarcelona.eu\/ca\/un-investigador-de-libec-rep-el-premi-pablo-motos\/","og_site_name":"Institute for Bioengineering of Catalonia","article_published_time":"2011-01-12T23:00:00+00:00","article_modified_time":"2015-01-07T15:27:21+00:00","author":"\u00c0ngels L\u00f3pez","twitter_card":"summary_large_image","twitter_misc":{"Escrit per":"\u00c0ngels L\u00f3pez","Temps estimat de lectura":"1 minut"},"schema":{"@context":"https:\/\/schema.org","@graph":[{"@type":"Article","@id":"https:\/\/ibecbarcelona.eu\/ca\/un-investigador-de-libec-rep-el-premi-pablo-motos\/#article","isPartOf":{"@id":"https:\/\/ibecbarcelona.eu\/ca\/un-investigador-de-libec-rep-el-premi-pablo-motos\/"},"author":{"name":"\u00c0ngels L\u00f3pez","@id":"https:\/\/ibecbarcelona.eu\/#\/schema\/person\/c212c6b589546130be67986b9290e2b8"},"headline":"Un investigador de l\u2019IBEC rep el premi Pablo Motos","datePublished":"2011-01-12T23:00:00+00:00","dateModified":"2015-01-07T15:27:21+00:00","mainEntityOfPage":{"@id":"https:\/\/ibecbarcelona.eu\/ca\/un-investigador-de-libec-rep-el-premi-pablo-motos\/"},"wordCount":202,"publisher":{"@id":"https:\/\/ibecbarcelona.eu\/#organization"},"articleSection":["Not\u00edcies institucionals"],"inLanguage":"ca"},{"@type":"WebPage","@id":"https:\/\/ibecbarcelona.eu\/ca\/un-investigador-de-libec-rep-el-premi-pablo-motos\/","url":"https:\/\/ibecbarcelona.eu\/ca\/un-investigador-de-libec-rep-el-premi-pablo-motos\/","name":"Un investigador de l\u2019IBEC rep el premi Pablo Motos - Institute for Bioengineering of Catalonia","isPartOf":{"@id":"https:\/\/ibecbarcelona.eu\/#website"},"datePublished":"2011-01-12T23:00:00+00:00","dateModified":"2015-01-07T15:27:21+00:00","breadcrumb":{"@id":"https:\/\/ibecbarcelona.eu\/ca\/un-investigador-de-libec-rep-el-premi-pablo-motos\/#breadcrumb"},"inLanguage":"ca","potentialAction":[{"@type":"ReadAction","target":["https:\/\/ibecbarcelona.eu\/ca\/un-investigador-de-libec-rep-el-premi-pablo-motos\/"]}]},{"@type":"BreadcrumbList","@id":"https:\/\/ibecbarcelona.eu\/ca\/un-investigador-de-libec-rep-el-premi-pablo-motos\/#breadcrumb","itemListElement":[{"@type":"ListItem","position":1,"name":"Home","item":"https:\/\/ibecbarcelona.eu\/ca\/"},{"@type":"ListItem","position":2,"name":"Un investigador de l\u2019IBEC rep el premi Pablo Motos"}]},{"@type":"WebSite","@id":"https:\/\/ibecbarcelona.eu\/#website","url":"https:\/\/ibecbarcelona.eu\/","name":"Institute for Bioengineering of Catalonia","description":"Bioengineering Solutions for Health","publisher":{"@id":"https:\/\/ibecbarcelona.eu\/#organization"},"potentialAction":[{"@type":"SearchAction","target":{"@type":"EntryPoint","urlTemplate":"https:\/\/ibecbarcelona.eu\/?s={search_term_string}"},"query-input":{"@type":"PropertyValueSpecification","valueRequired":true,"valueName":"search_term_string"}}],"inLanguage":"ca"},{"@type":"Organization","@id":"https:\/\/ibecbarcelona.eu\/#organization","name":"Institute for Bioengineering of Catalonia","url":"https:\/\/ibecbarcelona.eu\/","logo":{"@type":"ImageObject","inLanguage":"ca","@id":"https:\/\/ibecbarcelona.eu\/#\/schema\/logo\/image\/","url":"https:\/\/ibecbarcelona.eu\/wp-content\/uploads\/2026\/01\/cropped-IBEC_20ANYS_GRIS.png","contentUrl":"https:\/\/ibecbarcelona.eu\/wp-content\/uploads\/2026\/01\/cropped-IBEC_20ANYS_GRIS.png","width":696,"height":257,"caption":"Institute for Bioengineering of Catalonia"},"image":{"@id":"https:\/\/ibecbarcelona.eu\/#\/schema\/logo\/image\/"}},{"@type":"Person","@id":"https:\/\/ibecbarcelona.eu\/#\/schema\/person\/c212c6b589546130be67986b9290e2b8","name":"\u00c0ngels L\u00f3pez","image":{"@type":"ImageObject","inLanguage":"ca","@id":"https:\/\/secure.gravatar.com\/avatar\/09ad6ba116bea0b15c5511860f83b302579fd7404c1180e9dae55c3f11d988c6?s=96&d=mm&r=g","url":"https:\/\/secure.gravatar.com\/avatar\/09ad6ba116bea0b15c5511860f83b302579fd7404c1180e9dae55c3f11d988c6?s=96&d=mm&r=g","contentUrl":"https:\/\/secure.gravatar.com\/avatar\/09ad6ba116bea0b15c5511860f83b302579fd7404c1180e9dae55c3f11d988c6?s=96&d=mm&r=g","caption":"\u00c0ngels L\u00f3pez"},"url":"https:\/\/ibecbarcelona.eu\/ca\/author\/alopez\/"}]}},"AFP_featured_media_urls":{"full":false,"thumbnail":false,"medium":false,"medium_large":false,"large":false},"AFP_attachments":[],"AFP_videos":[],"AFP_video_blocks":"","AFP_category_names":["Not\u00edcies institucionals"],"_links":{"self":[{"href":"https:\/\/ibecbarcelona.eu\/ca\/wp-json\/wp\/v2\/posts\/5446","targetHints":{"allow":["GET"]}}],"collection":[{"href":"https:\/\/ibecbarcelona.eu\/ca\/wp-json\/wp\/v2\/posts"}],"about":[{"href":"https:\/\/ibecbarcelona.eu\/ca\/wp-json\/wp\/v2\/types\/post"}],"author":[{"embeddable":true,"href":"https:\/\/ibecbarcelona.eu\/ca\/wp-json\/wp\/v2\/users\/4"}],"replies":[{"embeddable":true,"href":"https:\/\/ibecbarcelona.eu\/ca\/wp-json\/wp\/v2\/comments?post=5446"}],"version-history":[{"count":0,"href":"https:\/\/ibecbarcelona.eu\/ca\/wp-json\/wp\/v2\/posts\/5446\/revisions"}],"wp:attachment":[{"href":"https:\/\/ibecbarcelona.eu\/ca\/wp-json\/wp\/v2\/media?parent=5446"}],"wp:term":[{"taxonomy":"category","embeddable":true,"href":"https:\/\/ibecbarcelona.eu\/ca\/wp-json\/wp\/v2\/categories?post=5446"},{"taxonomy":"post_tag","embeddable":true,"href":"https:\/\/ibecbarcelona.eu\/ca\/wp-json\/wp\/v2\/tags?post=5446"},{"taxonomy":"post_format","embeddable":true,"href":"https:\/\/ibecbarcelona.eu\/ca\/wp-json\/wp\/v2\/post_formats?post=5446"}],"curies":[{"name":"wp","href":"https:\/\/api.w.org\/{rel}","templated":true}]}}