
{"id":5451,"date":"2011-01-11T20:31:21","date_gmt":"2011-01-11T20:31:21","guid":{"rendered":"http:\/\/ibecbarcelona.eu\/new\/el-primer-numero-dinsideibec-ja-esta-disponible\/"},"modified":"2015-01-07T15:27:21","modified_gmt":"2015-01-07T15:27:21","slug":"el-primer-numero-dinsideibec-ja-esta-disponible","status":"publish","type":"post","link":"https:\/\/ibecbarcelona.eu\/ca\/el-primer-numero-dinsideibec-ja-esta-disponible\/","title":{"rendered":"El primer n\u00famero d\u2019INSIDEIBEC ja est\u00e0 disponible"},"content":{"rendered":"<p> El primer n\u00famero cont\u00e9 not\u00edcies de recerca dels grups Neurobiotecnologia Molecular i Cel\u00b7lular i Bionanofot\u00f2nica de Mol\u00e8cules Individuals, not\u00edcies del projecte europeu del grup de Biomec\u00e0nica i Mecanobiologia, el llan\u00e7ament d\u2019una nova iniciativa en nanomedicina que gestionar\u00e0 l\u2019IBEC, BioNanoMed Catalunya, i articles sobre les xifres de les publicacions cient\u00edfiques de l\u2019IBEC, el taller d\u2019habilitats complement\u00e0ries i l\u2019equip de futbol.<\/p>\n<p>Per llegir el primer n\u00famero d\u2019INSIDEIBEC, feu clic\u00a0<a href=\"http:\/\/issuu.com\/ibec_barcelona\/docs\/insideibec_winter_2010?mode=embed&amp;layout=http%3A%2F%2Fskin.issuu.com%2Fv%2Fdark%2Flayout.xml&amp;showFlipBtn=true\">aqu\u00ed<\/a>. <\/p>\n<p>\u00a0<\/p>\n","protected":false},"excerpt":{"rendered":"<p>El nou any porta el llan\u00e7ament de la newsletter de l\u2019IBEC, INSIDEIBEC. Aquest butllet\u00ed trimestral ser\u00e0 una recopilaci\u00f3 de not\u00edcies cient\u00edfiques, institucioinals i de projectes, i articles sobre el personal de l\u2019IBEC i els seus assoliments. Tamb\u00e9 servir\u00e0 per informar d\u2019activitats cient\u00edfiques previstes, com seminaris i tallers, cursos de formaci\u00f3 i esdeveniments socials de la comunitat de l\u2019IBEC.<\/p>\n","protected":false},"author":4,"featured_media":0,"comment_status":"closed","ping_status":"closed","sticky":false,"template":"","format":"standard","meta":{"footnotes":""},"categories":[98],"tags":[],"post_formats":[],"class_list":["post-5451","post","type-post","status-publish","format-standard","hentry","category-noticies-institucionals"],"yoast_head":"<!-- This site is optimized with the Yoast SEO plugin v27.5 - https:\/\/yoast.com\/product\/yoast-seo-wordpress\/ -->\n<title>El primer n\u00famero d\u2019INSIDEIBEC ja est\u00e0 disponible - Institute for Bioengineering of Catalonia<\/title>\n<meta name=\"robots\" content=\"index, follow, max-snippet:-1, max-image-preview:large, max-video-preview:-1\" \/>\n<link rel=\"canonical\" href=\"https:\/\/ibecbarcelona.eu\/ca\/el-primer-numero-dinsideibec-ja-esta-disponible\/\" \/>\n<meta property=\"og:locale\" content=\"ca_ES\" \/>\n<meta property=\"og:type\" content=\"article\" \/>\n<meta property=\"og:title\" content=\"El primer n\u00famero d\u2019INSIDEIBEC ja est\u00e0 disponible - Institute for Bioengineering of Catalonia\" \/>\n<meta property=\"og:description\" content=\"El nou any porta el llan\u00e7ament de la newsletter de l\u2019IBEC, INSIDEIBEC. Aquest butllet\u00ed trimestral ser\u00e0 una recopilaci\u00f3 de not\u00edcies cient\u00edfiques, institucioinals i de projectes, i articles sobre el personal de l\u2019IBEC i els seus assoliments. Tamb\u00e9 servir\u00e0 per informar d\u2019activitats cient\u00edfiques previstes, com seminaris i tallers, cursos de formaci\u00f3 i esdeveniments socials de la comunitat de l\u2019IBEC.\" \/>\n<meta property=\"og:url\" content=\"https:\/\/ibecbarcelona.eu\/ca\/el-primer-numero-dinsideibec-ja-esta-disponible\/\" \/>\n<meta property=\"og:site_name\" content=\"Institute for Bioengineering of Catalonia\" \/>\n<meta property=\"article:published_time\" content=\"2011-01-11T20:31:21+00:00\" \/>\n<meta property=\"article:modified_time\" content=\"2015-01-07T15:27:21+00:00\" \/>\n<meta name=\"author\" content=\"\u00c0ngels L\u00f3pez\" \/>\n<meta name=\"twitter:card\" content=\"summary_large_image\" \/>\n<meta name=\"twitter:label1\" content=\"Escrit per\" \/>\n\t<meta name=\"twitter:data1\" content=\"\u00c0ngels L\u00f3pez\" \/>\n<script type=\"application\/ld+json\" class=\"yoast-schema-graph\">{\"@context\":\"https:\\\/\\\/schema.org\",\"@graph\":[{\"@type\":\"Article\",\"@id\":\"https:\\\/\\\/ibecbarcelona.eu\\\/ca\\\/el-primer-numero-dinsideibec-ja-esta-disponible\\\/#article\",\"isPartOf\":{\"@id\":\"https:\\\/\\\/ibecbarcelona.eu\\\/ca\\\/el-primer-numero-dinsideibec-ja-esta-disponible\\\/\"},\"author\":{\"name\":\"\u00c0ngels L\u00f3pez\",\"@id\":\"https:\\\/\\\/ibecbarcelona.eu\\\/#\\\/schema\\\/person\\\/c212c6b589546130be67986b9290e2b8\"},\"headline\":\"El primer n\u00famero d\u2019INSIDEIBEC ja est\u00e0 disponible\",\"datePublished\":\"2011-01-11T20:31:21+00:00\",\"dateModified\":\"2015-01-07T15:27:21+00:00\",\"mainEntityOfPage\":{\"@id\":\"https:\\\/\\\/ibecbarcelona.eu\\\/ca\\\/el-primer-numero-dinsideibec-ja-esta-disponible\\\/\"},\"wordCount\":94,\"publisher\":{\"@id\":\"https:\\\/\\\/ibecbarcelona.eu\\\/#organization\"},\"articleSection\":[\"Not\u00edcies institucionals\"],\"inLanguage\":\"ca\"},{\"@type\":\"WebPage\",\"@id\":\"https:\\\/\\\/ibecbarcelona.eu\\\/ca\\\/el-primer-numero-dinsideibec-ja-esta-disponible\\\/\",\"url\":\"https:\\\/\\\/ibecbarcelona.eu\\\/ca\\\/el-primer-numero-dinsideibec-ja-esta-disponible\\\/\",\"name\":\"El primer n\u00famero d\u2019INSIDEIBEC ja est\u00e0 disponible - Institute for Bioengineering of Catalonia\",\"isPartOf\":{\"@id\":\"https:\\\/\\\/ibecbarcelona.eu\\\/#website\"},\"datePublished\":\"2011-01-11T20:31:21+00:00\",\"dateModified\":\"2015-01-07T15:27:21+00:00\",\"breadcrumb\":{\"@id\":\"https:\\\/\\\/ibecbarcelona.eu\\\/ca\\\/el-primer-numero-dinsideibec-ja-esta-disponible\\\/#breadcrumb\"},\"inLanguage\":\"ca\",\"potentialAction\":[{\"@type\":\"ReadAction\",\"target\":[\"https:\\\/\\\/ibecbarcelona.eu\\\/ca\\\/el-primer-numero-dinsideibec-ja-esta-disponible\\\/\"]}]},{\"@type\":\"BreadcrumbList\",\"@id\":\"https:\\\/\\\/ibecbarcelona.eu\\\/ca\\\/el-primer-numero-dinsideibec-ja-esta-disponible\\\/#breadcrumb\",\"itemListElement\":[{\"@type\":\"ListItem\",\"position\":1,\"name\":\"Home\",\"item\":\"https:\\\/\\\/ibecbarcelona.eu\\\/ca\\\/\"},{\"@type\":\"ListItem\",\"position\":2,\"name\":\"El primer n\u00famero d\u2019INSIDEIBEC ja est\u00e0 disponible\"}]},{\"@type\":\"WebSite\",\"@id\":\"https:\\\/\\\/ibecbarcelona.eu\\\/#website\",\"url\":\"https:\\\/\\\/ibecbarcelona.eu\\\/\",\"name\":\"Institute for Bioengineering of Catalonia\",\"description\":\"Bioengineering Solutions for Health\",\"publisher\":{\"@id\":\"https:\\\/\\\/ibecbarcelona.eu\\\/#organization\"},\"potentialAction\":[{\"@type\":\"SearchAction\",\"target\":{\"@type\":\"EntryPoint\",\"urlTemplate\":\"https:\\\/\\\/ibecbarcelona.eu\\\/?s={search_term_string}\"},\"query-input\":{\"@type\":\"PropertyValueSpecification\",\"valueRequired\":true,\"valueName\":\"search_term_string\"}}],\"inLanguage\":\"ca\"},{\"@type\":\"Organization\",\"@id\":\"https:\\\/\\\/ibecbarcelona.eu\\\/#organization\",\"name\":\"Institute for Bioengineering of Catalonia\",\"url\":\"https:\\\/\\\/ibecbarcelona.eu\\\/\",\"logo\":{\"@type\":\"ImageObject\",\"inLanguage\":\"ca\",\"@id\":\"https:\\\/\\\/ibecbarcelona.eu\\\/#\\\/schema\\\/logo\\\/image\\\/\",\"url\":\"https:\\\/\\\/ibecbarcelona.eu\\\/wp-content\\\/uploads\\\/2026\\\/01\\\/cropped-IBEC_20ANYS_GRIS.png\",\"contentUrl\":\"https:\\\/\\\/ibecbarcelona.eu\\\/wp-content\\\/uploads\\\/2026\\\/01\\\/cropped-IBEC_20ANYS_GRIS.png\",\"width\":696,\"height\":257,\"caption\":\"Institute for Bioengineering of Catalonia\"},\"image\":{\"@id\":\"https:\\\/\\\/ibecbarcelona.eu\\\/#\\\/schema\\\/logo\\\/image\\\/\"}},{\"@type\":\"Person\",\"@id\":\"https:\\\/\\\/ibecbarcelona.eu\\\/#\\\/schema\\\/person\\\/c212c6b589546130be67986b9290e2b8\",\"name\":\"\u00c0ngels L\u00f3pez\",\"image\":{\"@type\":\"ImageObject\",\"inLanguage\":\"ca\",\"@id\":\"https:\\\/\\\/secure.gravatar.com\\\/avatar\\\/09ad6ba116bea0b15c5511860f83b302579fd7404c1180e9dae55c3f11d988c6?s=96&d=mm&r=g\",\"url\":\"https:\\\/\\\/secure.gravatar.com\\\/avatar\\\/09ad6ba116bea0b15c5511860f83b302579fd7404c1180e9dae55c3f11d988c6?s=96&d=mm&r=g\",\"contentUrl\":\"https:\\\/\\\/secure.gravatar.com\\\/avatar\\\/09ad6ba116bea0b15c5511860f83b302579fd7404c1180e9dae55c3f11d988c6?s=96&d=mm&r=g\",\"caption\":\"\u00c0ngels L\u00f3pez\"},\"url\":\"https:\\\/\\\/ibecbarcelona.eu\\\/ca\\\/author\\\/alopez\\\/\"}]}<\/script>\n<!-- \/ Yoast SEO plugin. -->","yoast_head_json":{"title":"El primer n\u00famero d\u2019INSIDEIBEC ja est\u00e0 disponible - Institute for Bioengineering of Catalonia","robots":{"index":"index","follow":"follow","max-snippet":"max-snippet:-1","max-image-preview":"max-image-preview:large","max-video-preview":"max-video-preview:-1"},"canonical":"https:\/\/ibecbarcelona.eu\/ca\/el-primer-numero-dinsideibec-ja-esta-disponible\/","og_locale":"ca_ES","og_type":"article","og_title":"El primer n\u00famero d\u2019INSIDEIBEC ja est\u00e0 disponible - Institute for Bioengineering of Catalonia","og_description":"El nou any porta el llan\u00e7ament de la newsletter de l\u2019IBEC, INSIDEIBEC. Aquest butllet\u00ed trimestral ser\u00e0 una recopilaci\u00f3 de not\u00edcies cient\u00edfiques, institucioinals i de projectes, i articles sobre el personal de l\u2019IBEC i els seus assoliments. Tamb\u00e9 servir\u00e0 per informar d\u2019activitats cient\u00edfiques previstes, com seminaris i tallers, cursos de formaci\u00f3 i esdeveniments socials de la comunitat de l\u2019IBEC.","og_url":"https:\/\/ibecbarcelona.eu\/ca\/el-primer-numero-dinsideibec-ja-esta-disponible\/","og_site_name":"Institute for Bioengineering of Catalonia","article_published_time":"2011-01-11T20:31:21+00:00","article_modified_time":"2015-01-07T15:27:21+00:00","author":"\u00c0ngels L\u00f3pez","twitter_card":"summary_large_image","twitter_misc":{"Escrit per":"\u00c0ngels L\u00f3pez"},"schema":{"@context":"https:\/\/schema.org","@graph":[{"@type":"Article","@id":"https:\/\/ibecbarcelona.eu\/ca\/el-primer-numero-dinsideibec-ja-esta-disponible\/#article","isPartOf":{"@id":"https:\/\/ibecbarcelona.eu\/ca\/el-primer-numero-dinsideibec-ja-esta-disponible\/"},"author":{"name":"\u00c0ngels L\u00f3pez","@id":"https:\/\/ibecbarcelona.eu\/#\/schema\/person\/c212c6b589546130be67986b9290e2b8"},"headline":"El primer n\u00famero d\u2019INSIDEIBEC ja est\u00e0 disponible","datePublished":"2011-01-11T20:31:21+00:00","dateModified":"2015-01-07T15:27:21+00:00","mainEntityOfPage":{"@id":"https:\/\/ibecbarcelona.eu\/ca\/el-primer-numero-dinsideibec-ja-esta-disponible\/"},"wordCount":94,"publisher":{"@id":"https:\/\/ibecbarcelona.eu\/#organization"},"articleSection":["Not\u00edcies institucionals"],"inLanguage":"ca"},{"@type":"WebPage","@id":"https:\/\/ibecbarcelona.eu\/ca\/el-primer-numero-dinsideibec-ja-esta-disponible\/","url":"https:\/\/ibecbarcelona.eu\/ca\/el-primer-numero-dinsideibec-ja-esta-disponible\/","name":"El primer n\u00famero d\u2019INSIDEIBEC ja est\u00e0 disponible - Institute for Bioengineering of Catalonia","isPartOf":{"@id":"https:\/\/ibecbarcelona.eu\/#website"},"datePublished":"2011-01-11T20:31:21+00:00","dateModified":"2015-01-07T15:27:21+00:00","breadcrumb":{"@id":"https:\/\/ibecbarcelona.eu\/ca\/el-primer-numero-dinsideibec-ja-esta-disponible\/#breadcrumb"},"inLanguage":"ca","potentialAction":[{"@type":"ReadAction","target":["https:\/\/ibecbarcelona.eu\/ca\/el-primer-numero-dinsideibec-ja-esta-disponible\/"]}]},{"@type":"BreadcrumbList","@id":"https:\/\/ibecbarcelona.eu\/ca\/el-primer-numero-dinsideibec-ja-esta-disponible\/#breadcrumb","itemListElement":[{"@type":"ListItem","position":1,"name":"Home","item":"https:\/\/ibecbarcelona.eu\/ca\/"},{"@type":"ListItem","position":2,"name":"El primer n\u00famero d\u2019INSIDEIBEC ja est\u00e0 disponible"}]},{"@type":"WebSite","@id":"https:\/\/ibecbarcelona.eu\/#website","url":"https:\/\/ibecbarcelona.eu\/","name":"Institute for Bioengineering of Catalonia","description":"Bioengineering Solutions for Health","publisher":{"@id":"https:\/\/ibecbarcelona.eu\/#organization"},"potentialAction":[{"@type":"SearchAction","target":{"@type":"EntryPoint","urlTemplate":"https:\/\/ibecbarcelona.eu\/?s={search_term_string}"},"query-input":{"@type":"PropertyValueSpecification","valueRequired":true,"valueName":"search_term_string"}}],"inLanguage":"ca"},{"@type":"Organization","@id":"https:\/\/ibecbarcelona.eu\/#organization","name":"Institute for Bioengineering of Catalonia","url":"https:\/\/ibecbarcelona.eu\/","logo":{"@type":"ImageObject","inLanguage":"ca","@id":"https:\/\/ibecbarcelona.eu\/#\/schema\/logo\/image\/","url":"https:\/\/ibecbarcelona.eu\/wp-content\/uploads\/2026\/01\/cropped-IBEC_20ANYS_GRIS.png","contentUrl":"https:\/\/ibecbarcelona.eu\/wp-content\/uploads\/2026\/01\/cropped-IBEC_20ANYS_GRIS.png","width":696,"height":257,"caption":"Institute for Bioengineering of Catalonia"},"image":{"@id":"https:\/\/ibecbarcelona.eu\/#\/schema\/logo\/image\/"}},{"@type":"Person","@id":"https:\/\/ibecbarcelona.eu\/#\/schema\/person\/c212c6b589546130be67986b9290e2b8","name":"\u00c0ngels L\u00f3pez","image":{"@type":"ImageObject","inLanguage":"ca","@id":"https:\/\/secure.gravatar.com\/avatar\/09ad6ba116bea0b15c5511860f83b302579fd7404c1180e9dae55c3f11d988c6?s=96&d=mm&r=g","url":"https:\/\/secure.gravatar.com\/avatar\/09ad6ba116bea0b15c5511860f83b302579fd7404c1180e9dae55c3f11d988c6?s=96&d=mm&r=g","contentUrl":"https:\/\/secure.gravatar.com\/avatar\/09ad6ba116bea0b15c5511860f83b302579fd7404c1180e9dae55c3f11d988c6?s=96&d=mm&r=g","caption":"\u00c0ngels L\u00f3pez"},"url":"https:\/\/ibecbarcelona.eu\/ca\/author\/alopez\/"}]}},"AFP_featured_media_urls":{"full":false,"thumbnail":false,"medium":false,"medium_large":false,"large":false},"AFP_attachments":{"full":["https:\/\/ibecbarcelona.eu\/wp-content\/uploads\/2011\/01\/insideibec winter 2010.jpg",300,424,false],"thumbnail":["https:\/\/ibecbarcelona.eu\/wp-content\/uploads\/2011\/01\/insideibec winter 2010-150x150.jpg",150,150,true],"medium":["https:\/\/ibecbarcelona.eu\/wp-content\/uploads\/2011\/01\/insideibec winter 2010-212x300.jpg",212,300,true],"medium_large":["https:\/\/ibecbarcelona.eu\/wp-content\/uploads\/2011\/01\/insideibec winter 2010.jpg",300,424,false],"large":["https:\/\/ibecbarcelona.eu\/wp-content\/uploads\/2011\/01\/insideibec winter 2010.jpg",300,424,false]},"AFP_videos":[],"AFP_video_blocks":"","AFP_category_names":["Not\u00edcies institucionals"],"_links":{"self":[{"href":"https:\/\/ibecbarcelona.eu\/ca\/wp-json\/wp\/v2\/posts\/5451","targetHints":{"allow":["GET"]}}],"collection":[{"href":"https:\/\/ibecbarcelona.eu\/ca\/wp-json\/wp\/v2\/posts"}],"about":[{"href":"https:\/\/ibecbarcelona.eu\/ca\/wp-json\/wp\/v2\/types\/post"}],"author":[{"embeddable":true,"href":"https:\/\/ibecbarcelona.eu\/ca\/wp-json\/wp\/v2\/users\/4"}],"replies":[{"embeddable":true,"href":"https:\/\/ibecbarcelona.eu\/ca\/wp-json\/wp\/v2\/comments?post=5451"}],"version-history":[{"count":0,"href":"https:\/\/ibecbarcelona.eu\/ca\/wp-json\/wp\/v2\/posts\/5451\/revisions"}],"wp:attachment":[{"href":"https:\/\/ibecbarcelona.eu\/ca\/wp-json\/wp\/v2\/media?parent=5451"}],"wp:term":[{"taxonomy":"category","embeddable":true,"href":"https:\/\/ibecbarcelona.eu\/ca\/wp-json\/wp\/v2\/categories?post=5451"},{"taxonomy":"post_tag","embeddable":true,"href":"https:\/\/ibecbarcelona.eu\/ca\/wp-json\/wp\/v2\/tags?post=5451"},{"taxonomy":"post_format","embeddable":true,"href":"https:\/\/ibecbarcelona.eu\/ca\/wp-json\/wp\/v2\/post_formats?post=5451"}],"curies":[{"name":"wp","href":"https:\/\/api.w.org\/{rel}","templated":true}]}}