
{"id":5545,"date":"2011-01-16T23:00:00","date_gmt":"2011-01-16T23:00:00","guid":{"rendered":"http:\/\/ibecbarcelona.eu\/new\/interview-with-damien-lacroix-about-myspine\/"},"modified":"2014-12-03T16:54:44","modified_gmt":"2014-12-03T16:54:44","slug":"interview-with-damien-lacroix-about-myspine","status":"publish","type":"post","link":"https:\/\/ibecbarcelona.eu\/ca\/interview-with-damien-lacroix-about-myspine\/","title":{"rendered":"R\u00e0dio 4: Interview with Damien Lacroix about MySpine"},"content":{"rendered":"<p> In the interview, Damien describes how the \u2018virtual spine\u2019 developed by the consortium will use various factors to create a tailor-made diagnostic scenario based on the patient, even taking into account the individual\u2019s pain threshold, to guide clinicians in making the right decisions on how to treat various back pathologies and predict the potential longer-term effects on surrounding discs. <\/p>\n<p>Journalist Anna Ba\u00f1eres also asks Damien about the practicalities of working on a big international project \u2013 MySpine also involves groups from the Netherlands, Austria, France, Spain and Hungary \u2013 and asks him to predict a timescale for the first working prototype of the MySpine platform.<\/p>\n<p>You can listen to the podcast\u00a0<a href=\"http:\/\/www.rtve.es\/podcast\/radio-4\/lobservatori\/\">here<\/a> (&#8217;13 de enero, Dolom lumbar (I)&#8217;).<\/p>\n","protected":false},"excerpt":{"rendered":"<p><img decoding=\"async\" class=\"left size-full wp-image-4907\" src=\"https:\/\/ibecbarcelona.eu\/wp-content\/uploads\/2007\/09\/mitjans icon.jpg\" border=\"0\" width=\"100\" height=\"101\" \/>An interview with Biomechanics and mechanobiology group leader Damien Lacroix about the new EU-project he coordinates, MySpine, has been broadcast on <strong>R\u00e0dio 4\u2019<\/strong>s L&#8217;Observatori programme.  <\/p>\n","protected":false},"author":4,"featured_media":4907,"comment_status":"closed","ping_status":"closed","sticky":false,"template":"","format":"standard","meta":{"footnotes":""},"categories":[23],"tags":[],"post_formats":[],"class_list":["post-5545","post","type-post","status-publish","format-standard","has-post-thumbnail","hentry","category-ibec-in-the-media"],"yoast_head":"<!-- This site is optimized with the Yoast SEO plugin v27.4 - https:\/\/yoast.com\/product\/yoast-seo-wordpress\/ -->\n<title>R\u00e0dio 4: Interview with Damien Lacroix about MySpine  - Institute for Bioengineering of Catalonia<\/title>\n<meta name=\"robots\" content=\"index, follow, max-snippet:-1, max-image-preview:large, max-video-preview:-1\" \/>\n<link rel=\"canonical\" href=\"https:\/\/ibecbarcelona.eu\/es\/interview-with-damien-lacroix-about-myspine\/\" \/>\n<meta property=\"og:locale\" content=\"ca_ES\" \/>\n<meta property=\"og:type\" content=\"article\" \/>\n<meta property=\"og:title\" content=\"R\u00e0dio 4: Interview with Damien Lacroix about MySpine  - Institute for Bioengineering of Catalonia\" \/>\n<meta property=\"og:description\" content=\"An interview with Biomechanics and mechanobiology group leader Damien Lacroix about the new EU-project he coordinates, MySpine, has been broadcast on R\u00e0dio 4\u2019s L&#039;Observatori programme.\" \/>\n<meta property=\"og:url\" content=\"https:\/\/ibecbarcelona.eu\/es\/interview-with-damien-lacroix-about-myspine\/\" \/>\n<meta property=\"og:site_name\" content=\"Institute for Bioengineering of Catalonia\" \/>\n<meta property=\"article:published_time\" content=\"2011-01-16T23:00:00+00:00\" \/>\n<meta property=\"article:modified_time\" content=\"2014-12-03T16:54:44+00:00\" \/>\n<meta property=\"og:image\" content=\"https:\/\/ibecbarcelona.eu\/wp-content\/uploads\/2007\/09\/mitjans%20icon.jpg\" \/>\n\t<meta property=\"og:image:width\" content=\"100\" \/>\n\t<meta property=\"og:image:height\" content=\"101\" \/>\n\t<meta property=\"og:image:type\" content=\"image\/jpeg\" \/>\n<meta name=\"author\" content=\"\u00c0ngels L\u00f3pez\" \/>\n<meta name=\"twitter:card\" content=\"summary_large_image\" \/>\n<meta name=\"twitter:label1\" content=\"Escrit per\" \/>\n\t<meta name=\"twitter:data1\" content=\"\u00c0ngels L\u00f3pez\" \/>\n\t<meta name=\"twitter:label2\" content=\"Temps estimat de lectura\" \/>\n\t<meta name=\"twitter:data2\" content=\"1 minut\" \/>\n<script type=\"application\/ld+json\" class=\"yoast-schema-graph\">{\"@context\":\"https:\\\/\\\/schema.org\",\"@graph\":[{\"@type\":\"Article\",\"@id\":\"https:\\\/\\\/ibecbarcelona.eu\\\/es\\\/interview-with-damien-lacroix-about-myspine\\\/#article\",\"isPartOf\":{\"@id\":\"https:\\\/\\\/ibecbarcelona.eu\\\/es\\\/interview-with-damien-lacroix-about-myspine\\\/\"},\"author\":{\"name\":\"\u00c0ngels L\u00f3pez\",\"@id\":\"https:\\\/\\\/ibecbarcelona.eu\\\/#\\\/schema\\\/person\\\/c212c6b589546130be67986b9290e2b8\"},\"headline\":\"R\u00e0dio 4: Interview with Damien Lacroix about MySpine\",\"datePublished\":\"2011-01-16T23:00:00+00:00\",\"dateModified\":\"2014-12-03T16:54:44+00:00\",\"mainEntityOfPage\":{\"@id\":\"https:\\\/\\\/ibecbarcelona.eu\\\/es\\\/interview-with-damien-lacroix-about-myspine\\\/\"},\"wordCount\":127,\"publisher\":{\"@id\":\"https:\\\/\\\/ibecbarcelona.eu\\\/#organization\"},\"image\":{\"@id\":\"https:\\\/\\\/ibecbarcelona.eu\\\/es\\\/interview-with-damien-lacroix-about-myspine\\\/#primaryimage\"},\"thumbnailUrl\":\"https:\\\/\\\/ibecbarcelona.eu\\\/wp-content\\\/uploads\\\/2007\\\/09\\\/mitjans icon.jpg\",\"articleSection\":[\"IBEC in the Media\"],\"inLanguage\":\"ca\"},{\"@type\":\"WebPage\",\"@id\":\"https:\\\/\\\/ibecbarcelona.eu\\\/es\\\/interview-with-damien-lacroix-about-myspine\\\/\",\"url\":\"https:\\\/\\\/ibecbarcelona.eu\\\/es\\\/interview-with-damien-lacroix-about-myspine\\\/\",\"name\":\"R\u00e0dio 4: Interview with Damien Lacroix about MySpine - Institute for Bioengineering of Catalonia\",\"isPartOf\":{\"@id\":\"https:\\\/\\\/ibecbarcelona.eu\\\/#website\"},\"primaryImageOfPage\":{\"@id\":\"https:\\\/\\\/ibecbarcelona.eu\\\/es\\\/interview-with-damien-lacroix-about-myspine\\\/#primaryimage\"},\"image\":{\"@id\":\"https:\\\/\\\/ibecbarcelona.eu\\\/es\\\/interview-with-damien-lacroix-about-myspine\\\/#primaryimage\"},\"thumbnailUrl\":\"https:\\\/\\\/ibecbarcelona.eu\\\/wp-content\\\/uploads\\\/2007\\\/09\\\/mitjans icon.jpg\",\"datePublished\":\"2011-01-16T23:00:00+00:00\",\"dateModified\":\"2014-12-03T16:54:44+00:00\",\"breadcrumb\":{\"@id\":\"https:\\\/\\\/ibecbarcelona.eu\\\/es\\\/interview-with-damien-lacroix-about-myspine\\\/#breadcrumb\"},\"inLanguage\":\"ca\",\"potentialAction\":[{\"@type\":\"ReadAction\",\"target\":[\"https:\\\/\\\/ibecbarcelona.eu\\\/es\\\/interview-with-damien-lacroix-about-myspine\\\/\"]}]},{\"@type\":\"ImageObject\",\"inLanguage\":\"ca\",\"@id\":\"https:\\\/\\\/ibecbarcelona.eu\\\/es\\\/interview-with-damien-lacroix-about-myspine\\\/#primaryimage\",\"url\":\"https:\\\/\\\/ibecbarcelona.eu\\\/wp-content\\\/uploads\\\/2007\\\/09\\\/mitjans icon.jpg\",\"contentUrl\":\"https:\\\/\\\/ibecbarcelona.eu\\\/wp-content\\\/uploads\\\/2007\\\/09\\\/mitjans icon.jpg\",\"width\":100,\"height\":101},{\"@type\":\"BreadcrumbList\",\"@id\":\"https:\\\/\\\/ibecbarcelona.eu\\\/es\\\/interview-with-damien-lacroix-about-myspine\\\/#breadcrumb\",\"itemListElement\":[{\"@type\":\"ListItem\",\"position\":1,\"name\":\"Home\",\"item\":\"https:\\\/\\\/ibecbarcelona.eu\\\/ca\\\/\"},{\"@type\":\"ListItem\",\"position\":2,\"name\":\"R\u00e0dio 4: Interview with Damien Lacroix about MySpine\"}]},{\"@type\":\"WebSite\",\"@id\":\"https:\\\/\\\/ibecbarcelona.eu\\\/#website\",\"url\":\"https:\\\/\\\/ibecbarcelona.eu\\\/\",\"name\":\"Institute for Bioengineering of Catalonia\",\"description\":\"Bioengineering Solutions for Health\",\"publisher\":{\"@id\":\"https:\\\/\\\/ibecbarcelona.eu\\\/#organization\"},\"potentialAction\":[{\"@type\":\"SearchAction\",\"target\":{\"@type\":\"EntryPoint\",\"urlTemplate\":\"https:\\\/\\\/ibecbarcelona.eu\\\/?s={search_term_string}\"},\"query-input\":{\"@type\":\"PropertyValueSpecification\",\"valueRequired\":true,\"valueName\":\"search_term_string\"}}],\"inLanguage\":\"ca\"},{\"@type\":\"Organization\",\"@id\":\"https:\\\/\\\/ibecbarcelona.eu\\\/#organization\",\"name\":\"Institute for Bioengineering of Catalonia\",\"url\":\"https:\\\/\\\/ibecbarcelona.eu\\\/\",\"logo\":{\"@type\":\"ImageObject\",\"inLanguage\":\"ca\",\"@id\":\"https:\\\/\\\/ibecbarcelona.eu\\\/#\\\/schema\\\/logo\\\/image\\\/\",\"url\":\"https:\\\/\\\/ibecbarcelona.eu\\\/wp-content\\\/uploads\\\/2026\\\/01\\\/cropped-IBEC_20ANYS_GRIS.png\",\"contentUrl\":\"https:\\\/\\\/ibecbarcelona.eu\\\/wp-content\\\/uploads\\\/2026\\\/01\\\/cropped-IBEC_20ANYS_GRIS.png\",\"width\":696,\"height\":257,\"caption\":\"Institute for Bioengineering of Catalonia\"},\"image\":{\"@id\":\"https:\\\/\\\/ibecbarcelona.eu\\\/#\\\/schema\\\/logo\\\/image\\\/\"}},{\"@type\":\"Person\",\"@id\":\"https:\\\/\\\/ibecbarcelona.eu\\\/#\\\/schema\\\/person\\\/c212c6b589546130be67986b9290e2b8\",\"name\":\"\u00c0ngels L\u00f3pez\",\"image\":{\"@type\":\"ImageObject\",\"inLanguage\":\"ca\",\"@id\":\"https:\\\/\\\/secure.gravatar.com\\\/avatar\\\/09ad6ba116bea0b15c5511860f83b302579fd7404c1180e9dae55c3f11d988c6?s=96&d=mm&r=g\",\"url\":\"https:\\\/\\\/secure.gravatar.com\\\/avatar\\\/09ad6ba116bea0b15c5511860f83b302579fd7404c1180e9dae55c3f11d988c6?s=96&d=mm&r=g\",\"contentUrl\":\"https:\\\/\\\/secure.gravatar.com\\\/avatar\\\/09ad6ba116bea0b15c5511860f83b302579fd7404c1180e9dae55c3f11d988c6?s=96&d=mm&r=g\",\"caption\":\"\u00c0ngels L\u00f3pez\"},\"url\":\"https:\\\/\\\/ibecbarcelona.eu\\\/ca\\\/author\\\/alopez\\\/\"}]}<\/script>\n<!-- \/ Yoast SEO plugin. -->","yoast_head_json":{"title":"R\u00e0dio 4: Interview with Damien Lacroix about MySpine  - Institute for Bioengineering of Catalonia","robots":{"index":"index","follow":"follow","max-snippet":"max-snippet:-1","max-image-preview":"max-image-preview:large","max-video-preview":"max-video-preview:-1"},"canonical":"https:\/\/ibecbarcelona.eu\/es\/interview-with-damien-lacroix-about-myspine\/","og_locale":"ca_ES","og_type":"article","og_title":"R\u00e0dio 4: Interview with Damien Lacroix about MySpine  - Institute for Bioengineering of Catalonia","og_description":"An interview with Biomechanics and mechanobiology group leader Damien Lacroix about the new EU-project he coordinates, MySpine, has been broadcast on R\u00e0dio 4\u2019s L'Observatori programme.","og_url":"https:\/\/ibecbarcelona.eu\/es\/interview-with-damien-lacroix-about-myspine\/","og_site_name":"Institute for Bioengineering of Catalonia","article_published_time":"2011-01-16T23:00:00+00:00","article_modified_time":"2014-12-03T16:54:44+00:00","og_image":[{"width":100,"height":101,"url":"https:\/\/ibecbarcelona.eu\/wp-content\/uploads\/2007\/09\/mitjans icon.jpg","type":"image\/jpeg"}],"author":"\u00c0ngels L\u00f3pez","twitter_card":"summary_large_image","twitter_misc":{"Escrit per":"\u00c0ngels L\u00f3pez","Temps estimat de lectura":"1 minut"},"schema":{"@context":"https:\/\/schema.org","@graph":[{"@type":"Article","@id":"https:\/\/ibecbarcelona.eu\/es\/interview-with-damien-lacroix-about-myspine\/#article","isPartOf":{"@id":"https:\/\/ibecbarcelona.eu\/es\/interview-with-damien-lacroix-about-myspine\/"},"author":{"name":"\u00c0ngels L\u00f3pez","@id":"https:\/\/ibecbarcelona.eu\/#\/schema\/person\/c212c6b589546130be67986b9290e2b8"},"headline":"R\u00e0dio 4: Interview with Damien Lacroix about MySpine","datePublished":"2011-01-16T23:00:00+00:00","dateModified":"2014-12-03T16:54:44+00:00","mainEntityOfPage":{"@id":"https:\/\/ibecbarcelona.eu\/es\/interview-with-damien-lacroix-about-myspine\/"},"wordCount":127,"publisher":{"@id":"https:\/\/ibecbarcelona.eu\/#organization"},"image":{"@id":"https:\/\/ibecbarcelona.eu\/es\/interview-with-damien-lacroix-about-myspine\/#primaryimage"},"thumbnailUrl":"https:\/\/ibecbarcelona.eu\/wp-content\/uploads\/2007\/09\/mitjans icon.jpg","articleSection":["IBEC in the Media"],"inLanguage":"ca"},{"@type":"WebPage","@id":"https:\/\/ibecbarcelona.eu\/es\/interview-with-damien-lacroix-about-myspine\/","url":"https:\/\/ibecbarcelona.eu\/es\/interview-with-damien-lacroix-about-myspine\/","name":"R\u00e0dio 4: Interview with Damien Lacroix about MySpine - Institute for Bioengineering of Catalonia","isPartOf":{"@id":"https:\/\/ibecbarcelona.eu\/#website"},"primaryImageOfPage":{"@id":"https:\/\/ibecbarcelona.eu\/es\/interview-with-damien-lacroix-about-myspine\/#primaryimage"},"image":{"@id":"https:\/\/ibecbarcelona.eu\/es\/interview-with-damien-lacroix-about-myspine\/#primaryimage"},"thumbnailUrl":"https:\/\/ibecbarcelona.eu\/wp-content\/uploads\/2007\/09\/mitjans icon.jpg","datePublished":"2011-01-16T23:00:00+00:00","dateModified":"2014-12-03T16:54:44+00:00","breadcrumb":{"@id":"https:\/\/ibecbarcelona.eu\/es\/interview-with-damien-lacroix-about-myspine\/#breadcrumb"},"inLanguage":"ca","potentialAction":[{"@type":"ReadAction","target":["https:\/\/ibecbarcelona.eu\/es\/interview-with-damien-lacroix-about-myspine\/"]}]},{"@type":"ImageObject","inLanguage":"ca","@id":"https:\/\/ibecbarcelona.eu\/es\/interview-with-damien-lacroix-about-myspine\/#primaryimage","url":"https:\/\/ibecbarcelona.eu\/wp-content\/uploads\/2007\/09\/mitjans icon.jpg","contentUrl":"https:\/\/ibecbarcelona.eu\/wp-content\/uploads\/2007\/09\/mitjans icon.jpg","width":100,"height":101},{"@type":"BreadcrumbList","@id":"https:\/\/ibecbarcelona.eu\/es\/interview-with-damien-lacroix-about-myspine\/#breadcrumb","itemListElement":[{"@type":"ListItem","position":1,"name":"Home","item":"https:\/\/ibecbarcelona.eu\/ca\/"},{"@type":"ListItem","position":2,"name":"R\u00e0dio 4: Interview with Damien Lacroix about MySpine"}]},{"@type":"WebSite","@id":"https:\/\/ibecbarcelona.eu\/#website","url":"https:\/\/ibecbarcelona.eu\/","name":"Institute for Bioengineering of Catalonia","description":"Bioengineering Solutions for Health","publisher":{"@id":"https:\/\/ibecbarcelona.eu\/#organization"},"potentialAction":[{"@type":"SearchAction","target":{"@type":"EntryPoint","urlTemplate":"https:\/\/ibecbarcelona.eu\/?s={search_term_string}"},"query-input":{"@type":"PropertyValueSpecification","valueRequired":true,"valueName":"search_term_string"}}],"inLanguage":"ca"},{"@type":"Organization","@id":"https:\/\/ibecbarcelona.eu\/#organization","name":"Institute for Bioengineering of Catalonia","url":"https:\/\/ibecbarcelona.eu\/","logo":{"@type":"ImageObject","inLanguage":"ca","@id":"https:\/\/ibecbarcelona.eu\/#\/schema\/logo\/image\/","url":"https:\/\/ibecbarcelona.eu\/wp-content\/uploads\/2026\/01\/cropped-IBEC_20ANYS_GRIS.png","contentUrl":"https:\/\/ibecbarcelona.eu\/wp-content\/uploads\/2026\/01\/cropped-IBEC_20ANYS_GRIS.png","width":696,"height":257,"caption":"Institute for Bioengineering of Catalonia"},"image":{"@id":"https:\/\/ibecbarcelona.eu\/#\/schema\/logo\/image\/"}},{"@type":"Person","@id":"https:\/\/ibecbarcelona.eu\/#\/schema\/person\/c212c6b589546130be67986b9290e2b8","name":"\u00c0ngels L\u00f3pez","image":{"@type":"ImageObject","inLanguage":"ca","@id":"https:\/\/secure.gravatar.com\/avatar\/09ad6ba116bea0b15c5511860f83b302579fd7404c1180e9dae55c3f11d988c6?s=96&d=mm&r=g","url":"https:\/\/secure.gravatar.com\/avatar\/09ad6ba116bea0b15c5511860f83b302579fd7404c1180e9dae55c3f11d988c6?s=96&d=mm&r=g","contentUrl":"https:\/\/secure.gravatar.com\/avatar\/09ad6ba116bea0b15c5511860f83b302579fd7404c1180e9dae55c3f11d988c6?s=96&d=mm&r=g","caption":"\u00c0ngels L\u00f3pez"},"url":"https:\/\/ibecbarcelona.eu\/ca\/author\/alopez\/"}]}},"AFP_featured_media_urls":{"full":["https:\/\/ibecbarcelona.eu\/wp-content\/uploads\/2007\/09\/mitjans icon.jpg",100,101,false],"thumbnail":["https:\/\/ibecbarcelona.eu\/wp-content\/uploads\/2007\/09\/mitjans icon.jpg",100,101,false],"medium":["https:\/\/ibecbarcelona.eu\/wp-content\/uploads\/2007\/09\/mitjans icon.jpg",100,101,false],"medium_large":["https:\/\/ibecbarcelona.eu\/wp-content\/uploads\/2007\/09\/mitjans icon.jpg",100,101,false],"large":["https:\/\/ibecbarcelona.eu\/wp-content\/uploads\/2007\/09\/mitjans icon.jpg",100,101,false]},"AFP_attachments":[],"AFP_videos":[],"AFP_video_blocks":"","AFP_category_names":["IBEC in the Media"],"_links":{"self":[{"href":"https:\/\/ibecbarcelona.eu\/ca\/wp-json\/wp\/v2\/posts\/5545","targetHints":{"allow":["GET"]}}],"collection":[{"href":"https:\/\/ibecbarcelona.eu\/ca\/wp-json\/wp\/v2\/posts"}],"about":[{"href":"https:\/\/ibecbarcelona.eu\/ca\/wp-json\/wp\/v2\/types\/post"}],"author":[{"embeddable":true,"href":"https:\/\/ibecbarcelona.eu\/ca\/wp-json\/wp\/v2\/users\/4"}],"replies":[{"embeddable":true,"href":"https:\/\/ibecbarcelona.eu\/ca\/wp-json\/wp\/v2\/comments?post=5545"}],"version-history":[{"count":0,"href":"https:\/\/ibecbarcelona.eu\/ca\/wp-json\/wp\/v2\/posts\/5545\/revisions"}],"wp:featuredmedia":[{"embeddable":true,"href":"https:\/\/ibecbarcelona.eu\/ca\/wp-json\/wp\/v2\/media\/4907"}],"wp:attachment":[{"href":"https:\/\/ibecbarcelona.eu\/ca\/wp-json\/wp\/v2\/media?parent=5545"}],"wp:term":[{"taxonomy":"category","embeddable":true,"href":"https:\/\/ibecbarcelona.eu\/ca\/wp-json\/wp\/v2\/categories?post=5545"},{"taxonomy":"post_tag","embeddable":true,"href":"https:\/\/ibecbarcelona.eu\/ca\/wp-json\/wp\/v2\/tags?post=5545"},{"taxonomy":"post_format","embeddable":true,"href":"https:\/\/ibecbarcelona.eu\/ca\/wp-json\/wp\/v2\/post_formats?post=5545"}],"curies":[{"name":"wp","href":"https:\/\/api.w.org\/{rel}","templated":true}]}}