
{"id":55885,"date":"2017-10-05T16:37:15","date_gmt":"2017-10-05T14:37:15","guid":{"rendered":"http:\/\/ibecbarcelona.eu\/?p=55885"},"modified":"2017-10-30T11:55:07","modified_gmt":"2017-10-30T10:55:07","slug":"libec-presenta-les-possibilitats-de-la-seva-bioimpressora-3d-en-el-segon-encontre-in3dustry","status":"publish","type":"post","link":"https:\/\/ibecbarcelona.eu\/ca\/libec-presenta-les-possibilitats-de-la-seva-bioimpressora-3d-en-el-segon-encontre-in3dustry\/","title":{"rendered":"L&#8217;IBEC presenta les possibilitats de la seva bioimpressora 3D en el segon encontre IN(3D)USTRY"},"content":{"rendered":"<p>Tamb\u00e9 va parlar sobre la feina realitzada per diversos grups de l&#8217;IBEC, juntament amb l&#8217;Hospital General Universitari Gregorio Mara\u00f1\u00f3n i l&#8217;Hospital Cl\u00ednic, que es va publicar en <em> Materials Today <\/em> a principis d&#8217;aquest any, i que va examinar el progr\u00e9s en les t\u00e8cniques de de- i re- cel\u00b7lularizaci\u00f3 juntament amb l&#8217;\u00fas d&#8217;aquesta tecnologia emergent per crear nous constructos tissulars.<\/p>\n<p>Posteriorment, el Josep va participar en una taula rodona amb altres grans actors en la impressi\u00f3 3D a Catalunya i altres llocs, inclosos l&#8217;Hospital Sant Joan de D\u00e9u, Tractus i el Parlament Europeu. La taula rodona va ser moderada pel Manel Balcells, Ex Ministre d&#8217;Universitats, Recerca i Societat de la Informaci\u00f3 i Comissionat de Salut de LEITAT.<\/p>\n<p>&#8220;Aquesta reuni\u00f3 \u00e9s molt important per a nosaltres, ja que la bioimpressi\u00f3 3D \u00e9s un \u00e0rea estrat\u00e8gica d&#8217;activitat pel a l&#8217;IBEC&#8221;, diu el Xavier Rubies. &#8220;Ja estem treballant en noves solucions m\u00e8diques basades en bioimpressi\u00f3 3D per a os, cart\u00edlag, pell, diagn\u00f2stic, cardiologia i m\u00fascul, a m\u00e9s de liderar diverses iniciatives nacionals i internacionals&#8221;.<\/p>\n<p><a href=\"http:\/\/www.in3dustry.com\/en\/home\" target=\"_blank\" rel=\"noopener\"> IN (3D) USTRY <\/a>, que va ser fundada per Fira Barcelona i HP, \u00e9s una plataforma per a companyies capdavanteres i altres organitzacions on mostrar les innovacions i oportunitats que la nova tecnologia pot oferir a innombrables projectes i processos. Atreu a professionals que treballen en \u00e0rees tan diverses com l&#8217;autom\u00f2bil i l&#8217;aeron\u00e0utica, l&#8217;arquitectura i l&#8217;h\u00e0bitat, la venda al detall i els b\u00e9ns de consum i, per descomptat, l&#8217;atenci\u00f3 m\u00e8dica.<\/p>\n<p>Es troba entre les vuit fires m\u00e9s importants, incloses Expoquimia, Eurosurfas i el World Chemical Summit, que se celebren en el marc de la <a href = \"http:\/\/www.barcelonaindustry.es\/en\/\" target = \"_ blank\" rel = \"noopener\" > Barcelona Industry Week <\/a> aquesta setmana a la Fira.<\/p>\n<p><img class=\"alignleft size-full wp-image-38101 lazyload\" data-src=\"https:\/\/ibecbarcelona.eu\/wp-content\/uploads\/2017\/10\/IN3DUSTRY-2017_4-Oct.jpg\" alt = \"\" width = \"800\" altura = \"231\" src=\"data:image\/svg+xml;base64,PHN2ZyB3aWR0aD0iMSIgaGVpZ2h0PSIxIiB4bWxucz0iaHR0cDovL3d3dy53My5vcmcvMjAwMC9zdmciPjwvc3ZnPg==\" style=\"--smush-placeholder-width: 800px; --smush-placeholder-aspect-ratio: 800\/231;\" \/><\/p>\n","protected":false},"excerpt":{"rendered":"<h3> <img data-src=\"https:\/\/ibecbarcelona.eu\/wp-content\/uploads\/2017\/10\/IN3DUSTRY-2017_4-Oct_2.jpg\" alt = \"\" width = \"300\" height = \"450\" class=\"left-size-full wp-image-38100 lazyload\" src=\"data:image\/svg+xml;base64,PHN2ZyB3aWR0aD0iMSIgaGVpZ2h0PSIxIiB4bWxucz0iaHR0cDovL3d3dy53My5vcmcvMjAwMC9zdmciPjwvc3ZnPg==\" style=\"--smush-placeholder-width: 300px; --smush-placeholder-aspect-ratio: 300\/450;\" \/> Aquesta setmana l&#8217;IBEC va participar a la segona edici\u00f3 de &#8220;IN(3D)USTRY: From Needs to Solutions&#8221;, una reuni\u00f3 internacional dedicada a la impressi\u00f3 3D. <\/h3>\n<p>L&#8217;institut t\u00e9 un stand a l&#8217;exposici\u00f3, on el Director de Transfer\u00e8ncia de Tecnologia, Xavier R\u00fabies, el Gerent de Transfer\u00e8ncia de Tecnologia, Xavier Pu\u00f1et, i el Coordinador de la Plataforma de Nanotecnologia, Mateu Pla, reben als visitants interessats a con\u00e8ixer m\u00e9s sobre les possibilitats de la bioimpressora 3D de l&#8217;IBEC.<\/p>\n<p>Ahir a l&#8217;hora de l&#8217;esmorzar, el director de l&#8217;IBEC, Josep Samitier, va parlar sobre els desafiaments i possibilitats de la bioimpressi\u00f3 3D, on va exposar alguns dels projectes rellevants de l&#8217;IBEC, com la recerca per a regeneraci\u00f3 card\u00edaca del grup de la N\u00faria Montserrat i els biorreactors desenvolupats per l&#8217;Elena Mart\u00ednez.<\/p>\n","protected":false},"author":4,"featured_media":38100,"comment_status":"closed","ping_status":"closed","sticky":false,"template":"","format":"standard","meta":{"footnotes":""},"categories":[98],"tags":[],"post_formats":[],"class_list":["post-55885","post","type-post","status-publish","format-standard","has-post-thumbnail","hentry","category-noticies-institucionals"],"yoast_head":"<!-- This site is optimized with the Yoast SEO plugin v27.5 - https:\/\/yoast.com\/product\/yoast-seo-wordpress\/ -->\n<title>L&#039;IBEC presenta les possibilitats de la seva bioimpressora 3D en el segon encontre IN(3D)USTRY - Institute for Bioengineering of Catalonia<\/title>\n<meta name=\"robots\" content=\"index, follow, max-snippet:-1, max-image-preview:large, max-video-preview:-1\" \/>\n<link rel=\"canonical\" href=\"https:\/\/ibecbarcelona.eu\/ca\/libec-presenta-les-possibilitats-de-la-seva-bioimpressora-3d-en-el-segon-encontre-in3dustry\/\" \/>\n<meta property=\"og:locale\" content=\"ca_ES\" \/>\n<meta property=\"og:type\" content=\"article\" \/>\n<meta property=\"og:title\" content=\"L&#039;IBEC presenta les possibilitats de la seva bioimpressora 3D en el segon encontre IN(3D)USTRY - Institute for Bioengineering of Catalonia\" \/>\n<meta property=\"og:description\" content=\"Aquesta setmana l&#039;IBEC va participar a la segona edici\u00f3 de &quot;IN(3D)USTRY: From Needs to Solutions&quot;, una reuni\u00f3 internacional dedicada a la impressi\u00f3 3D.   L&#039;institut t\u00e9 un stand a l&#039;exposici\u00f3, on el Director de Transfer\u00e8ncia de Tecnologia, Xavier R\u00fabies, el Gerent de Transfer\u00e8ncia de Tecnologia, Xavier Pu\u00f1et, i el Coordinador de la Plataforma de Nanotecnologia, Mateu Pla, reben als visitants interessats a con\u00e8ixer m\u00e9s sobre les possibilitats de la bioimpressora 3D de l&#039;IBEC.  Ahir a l&#039;hora de l&#039;esmorzar, el director de l&#039;IBEC, Josep Samitier, va parlar sobre els desafiaments i possibilitats de la bioimpressi\u00f3 3D, on va exposar alguns dels projectes rellevants de l&#039;IBEC, com la recerca per a regeneraci\u00f3 card\u00edaca del grup de la N\u00faria Montserrat i els biorreactors desenvolupats per l&#039;Elena Mart\u00ednez.\" \/>\n<meta property=\"og:url\" content=\"https:\/\/ibecbarcelona.eu\/ca\/libec-presenta-les-possibilitats-de-la-seva-bioimpressora-3d-en-el-segon-encontre-in3dustry\/\" \/>\n<meta property=\"og:site_name\" content=\"Institute for Bioengineering of Catalonia\" \/>\n<meta property=\"article:published_time\" content=\"2017-10-05T14:37:15+00:00\" \/>\n<meta property=\"article:modified_time\" content=\"2017-10-30T10:55:07+00:00\" \/>\n<meta property=\"og:image\" content=\"https:\/\/ibecbarcelona.eu\/wp-content\/uploads\/2017\/10\/IN3DUSTRY-2017_4-Oct_2.jpg\" \/>\n\t<meta property=\"og:image:width\" content=\"300\" \/>\n\t<meta property=\"og:image:height\" content=\"450\" \/>\n\t<meta property=\"og:image:type\" content=\"image\/jpeg\" \/>\n<meta name=\"author\" content=\"\u00c0ngels L\u00f3pez\" \/>\n<meta name=\"twitter:card\" content=\"summary_large_image\" \/>\n<meta name=\"twitter:label1\" content=\"Escrit per\" \/>\n\t<meta name=\"twitter:data1\" content=\"\u00c0ngels L\u00f3pez\" \/>\n\t<meta name=\"twitter:label2\" content=\"Temps estimat de lectura\" \/>\n\t<meta name=\"twitter:data2\" content=\"1 minut\" \/>\n<script type=\"application\/ld+json\" class=\"yoast-schema-graph\">{\"@context\":\"https:\\\/\\\/schema.org\",\"@graph\":[{\"@type\":\"Article\",\"@id\":\"https:\\\/\\\/ibecbarcelona.eu\\\/ca\\\/libec-presenta-les-possibilitats-de-la-seva-bioimpressora-3d-en-el-segon-encontre-in3dustry\\\/#article\",\"isPartOf\":{\"@id\":\"https:\\\/\\\/ibecbarcelona.eu\\\/ca\\\/libec-presenta-les-possibilitats-de-la-seva-bioimpressora-3d-en-el-segon-encontre-in3dustry\\\/\"},\"author\":{\"name\":\"\u00c0ngels L\u00f3pez\",\"@id\":\"https:\\\/\\\/ibecbarcelona.eu\\\/#\\\/schema\\\/person\\\/c212c6b589546130be67986b9290e2b8\"},\"headline\":\"L&#8217;IBEC presenta les possibilitats de la seva bioimpressora 3D en el segon encontre IN(3D)USTRY\",\"datePublished\":\"2017-10-05T14:37:15+00:00\",\"dateModified\":\"2017-10-30T10:55:07+00:00\",\"mainEntityOfPage\":{\"@id\":\"https:\\\/\\\/ibecbarcelona.eu\\\/ca\\\/libec-presenta-les-possibilitats-de-la-seva-bioimpressora-3d-en-el-segon-encontre-in3dustry\\\/\"},\"wordCount\":305,\"publisher\":{\"@id\":\"https:\\\/\\\/ibecbarcelona.eu\\\/#organization\"},\"image\":{\"@id\":\"https:\\\/\\\/ibecbarcelona.eu\\\/ca\\\/libec-presenta-les-possibilitats-de-la-seva-bioimpressora-3d-en-el-segon-encontre-in3dustry\\\/#primaryimage\"},\"thumbnailUrl\":\"https:\\\/\\\/ibecbarcelona.eu\\\/wp-content\\\/uploads\\\/2017\\\/10\\\/IN3DUSTRY-2017_4-Oct_2.jpg\",\"articleSection\":[\"Not\u00edcies institucionals\"],\"inLanguage\":\"ca\"},{\"@type\":\"WebPage\",\"@id\":\"https:\\\/\\\/ibecbarcelona.eu\\\/ca\\\/libec-presenta-les-possibilitats-de-la-seva-bioimpressora-3d-en-el-segon-encontre-in3dustry\\\/\",\"url\":\"https:\\\/\\\/ibecbarcelona.eu\\\/ca\\\/libec-presenta-les-possibilitats-de-la-seva-bioimpressora-3d-en-el-segon-encontre-in3dustry\\\/\",\"name\":\"L'IBEC presenta les possibilitats de la seva bioimpressora 3D en el segon encontre IN(3D)USTRY - Institute for Bioengineering of Catalonia\",\"isPartOf\":{\"@id\":\"https:\\\/\\\/ibecbarcelona.eu\\\/#website\"},\"primaryImageOfPage\":{\"@id\":\"https:\\\/\\\/ibecbarcelona.eu\\\/ca\\\/libec-presenta-les-possibilitats-de-la-seva-bioimpressora-3d-en-el-segon-encontre-in3dustry\\\/#primaryimage\"},\"image\":{\"@id\":\"https:\\\/\\\/ibecbarcelona.eu\\\/ca\\\/libec-presenta-les-possibilitats-de-la-seva-bioimpressora-3d-en-el-segon-encontre-in3dustry\\\/#primaryimage\"},\"thumbnailUrl\":\"https:\\\/\\\/ibecbarcelona.eu\\\/wp-content\\\/uploads\\\/2017\\\/10\\\/IN3DUSTRY-2017_4-Oct_2.jpg\",\"datePublished\":\"2017-10-05T14:37:15+00:00\",\"dateModified\":\"2017-10-30T10:55:07+00:00\",\"breadcrumb\":{\"@id\":\"https:\\\/\\\/ibecbarcelona.eu\\\/ca\\\/libec-presenta-les-possibilitats-de-la-seva-bioimpressora-3d-en-el-segon-encontre-in3dustry\\\/#breadcrumb\"},\"inLanguage\":\"ca\",\"potentialAction\":[{\"@type\":\"ReadAction\",\"target\":[\"https:\\\/\\\/ibecbarcelona.eu\\\/ca\\\/libec-presenta-les-possibilitats-de-la-seva-bioimpressora-3d-en-el-segon-encontre-in3dustry\\\/\"]}]},{\"@type\":\"ImageObject\",\"inLanguage\":\"ca\",\"@id\":\"https:\\\/\\\/ibecbarcelona.eu\\\/ca\\\/libec-presenta-les-possibilitats-de-la-seva-bioimpressora-3d-en-el-segon-encontre-in3dustry\\\/#primaryimage\",\"url\":\"https:\\\/\\\/ibecbarcelona.eu\\\/wp-content\\\/uploads\\\/2017\\\/10\\\/IN3DUSTRY-2017_4-Oct_2.jpg\",\"contentUrl\":\"https:\\\/\\\/ibecbarcelona.eu\\\/wp-content\\\/uploads\\\/2017\\\/10\\\/IN3DUSTRY-2017_4-Oct_2.jpg\",\"width\":300,\"height\":450},{\"@type\":\"BreadcrumbList\",\"@id\":\"https:\\\/\\\/ibecbarcelona.eu\\\/ca\\\/libec-presenta-les-possibilitats-de-la-seva-bioimpressora-3d-en-el-segon-encontre-in3dustry\\\/#breadcrumb\",\"itemListElement\":[{\"@type\":\"ListItem\",\"position\":1,\"name\":\"Home\",\"item\":\"https:\\\/\\\/ibecbarcelona.eu\\\/ca\\\/\"},{\"@type\":\"ListItem\",\"position\":2,\"name\":\"L&#8217;IBEC presenta les possibilitats de la seva bioimpressora 3D en el segon encontre IN(3D)USTRY\"}]},{\"@type\":\"WebSite\",\"@id\":\"https:\\\/\\\/ibecbarcelona.eu\\\/#website\",\"url\":\"https:\\\/\\\/ibecbarcelona.eu\\\/\",\"name\":\"Institute for Bioengineering of Catalonia\",\"description\":\"Bioengineering Solutions for Health\",\"publisher\":{\"@id\":\"https:\\\/\\\/ibecbarcelona.eu\\\/#organization\"},\"potentialAction\":[{\"@type\":\"SearchAction\",\"target\":{\"@type\":\"EntryPoint\",\"urlTemplate\":\"https:\\\/\\\/ibecbarcelona.eu\\\/?s={search_term_string}\"},\"query-input\":{\"@type\":\"PropertyValueSpecification\",\"valueRequired\":true,\"valueName\":\"search_term_string\"}}],\"inLanguage\":\"ca\"},{\"@type\":\"Organization\",\"@id\":\"https:\\\/\\\/ibecbarcelona.eu\\\/#organization\",\"name\":\"Institute for Bioengineering of Catalonia\",\"url\":\"https:\\\/\\\/ibecbarcelona.eu\\\/\",\"logo\":{\"@type\":\"ImageObject\",\"inLanguage\":\"ca\",\"@id\":\"https:\\\/\\\/ibecbarcelona.eu\\\/#\\\/schema\\\/logo\\\/image\\\/\",\"url\":\"https:\\\/\\\/ibecbarcelona.eu\\\/wp-content\\\/uploads\\\/2026\\\/01\\\/cropped-IBEC_20ANYS_GRIS.png\",\"contentUrl\":\"https:\\\/\\\/ibecbarcelona.eu\\\/wp-content\\\/uploads\\\/2026\\\/01\\\/cropped-IBEC_20ANYS_GRIS.png\",\"width\":696,\"height\":257,\"caption\":\"Institute for Bioengineering of Catalonia\"},\"image\":{\"@id\":\"https:\\\/\\\/ibecbarcelona.eu\\\/#\\\/schema\\\/logo\\\/image\\\/\"}},{\"@type\":\"Person\",\"@id\":\"https:\\\/\\\/ibecbarcelona.eu\\\/#\\\/schema\\\/person\\\/c212c6b589546130be67986b9290e2b8\",\"name\":\"\u00c0ngels L\u00f3pez\",\"image\":{\"@type\":\"ImageObject\",\"inLanguage\":\"ca\",\"@id\":\"https:\\\/\\\/secure.gravatar.com\\\/avatar\\\/09ad6ba116bea0b15c5511860f83b302579fd7404c1180e9dae55c3f11d988c6?s=96&d=mm&r=g\",\"url\":\"https:\\\/\\\/secure.gravatar.com\\\/avatar\\\/09ad6ba116bea0b15c5511860f83b302579fd7404c1180e9dae55c3f11d988c6?s=96&d=mm&r=g\",\"contentUrl\":\"https:\\\/\\\/secure.gravatar.com\\\/avatar\\\/09ad6ba116bea0b15c5511860f83b302579fd7404c1180e9dae55c3f11d988c6?s=96&d=mm&r=g\",\"caption\":\"\u00c0ngels L\u00f3pez\"},\"url\":\"https:\\\/\\\/ibecbarcelona.eu\\\/ca\\\/author\\\/alopez\\\/\"}]}<\/script>\n<!-- \/ Yoast SEO plugin. -->","yoast_head_json":{"title":"L'IBEC presenta les possibilitats de la seva bioimpressora 3D en el segon encontre IN(3D)USTRY - Institute for Bioengineering of Catalonia","robots":{"index":"index","follow":"follow","max-snippet":"max-snippet:-1","max-image-preview":"max-image-preview:large","max-video-preview":"max-video-preview:-1"},"canonical":"https:\/\/ibecbarcelona.eu\/ca\/libec-presenta-les-possibilitats-de-la-seva-bioimpressora-3d-en-el-segon-encontre-in3dustry\/","og_locale":"ca_ES","og_type":"article","og_title":"L'IBEC presenta les possibilitats de la seva bioimpressora 3D en el segon encontre IN(3D)USTRY - Institute for Bioengineering of Catalonia","og_description":"Aquesta setmana l'IBEC va participar a la segona edici\u00f3 de \"IN(3D)USTRY: From Needs to Solutions\", una reuni\u00f3 internacional dedicada a la impressi\u00f3 3D.   L'institut t\u00e9 un stand a l'exposici\u00f3, on el Director de Transfer\u00e8ncia de Tecnologia, Xavier R\u00fabies, el Gerent de Transfer\u00e8ncia de Tecnologia, Xavier Pu\u00f1et, i el Coordinador de la Plataforma de Nanotecnologia, Mateu Pla, reben als visitants interessats a con\u00e8ixer m\u00e9s sobre les possibilitats de la bioimpressora 3D de l'IBEC.  Ahir a l'hora de l'esmorzar, el director de l'IBEC, Josep Samitier, va parlar sobre els desafiaments i possibilitats de la bioimpressi\u00f3 3D, on va exposar alguns dels projectes rellevants de l'IBEC, com la recerca per a regeneraci\u00f3 card\u00edaca del grup de la N\u00faria Montserrat i els biorreactors desenvolupats per l'Elena Mart\u00ednez.","og_url":"https:\/\/ibecbarcelona.eu\/ca\/libec-presenta-les-possibilitats-de-la-seva-bioimpressora-3d-en-el-segon-encontre-in3dustry\/","og_site_name":"Institute for Bioengineering of Catalonia","article_published_time":"2017-10-05T14:37:15+00:00","article_modified_time":"2017-10-30T10:55:07+00:00","og_image":[{"width":300,"height":450,"url":"https:\/\/ibecbarcelona.eu\/wp-content\/uploads\/2017\/10\/IN3DUSTRY-2017_4-Oct_2.jpg","type":"image\/jpeg"}],"author":"\u00c0ngels L\u00f3pez","twitter_card":"summary_large_image","twitter_misc":{"Escrit per":"\u00c0ngels L\u00f3pez","Temps estimat de lectura":"1 minut"},"schema":{"@context":"https:\/\/schema.org","@graph":[{"@type":"Article","@id":"https:\/\/ibecbarcelona.eu\/ca\/libec-presenta-les-possibilitats-de-la-seva-bioimpressora-3d-en-el-segon-encontre-in3dustry\/#article","isPartOf":{"@id":"https:\/\/ibecbarcelona.eu\/ca\/libec-presenta-les-possibilitats-de-la-seva-bioimpressora-3d-en-el-segon-encontre-in3dustry\/"},"author":{"name":"\u00c0ngels L\u00f3pez","@id":"https:\/\/ibecbarcelona.eu\/#\/schema\/person\/c212c6b589546130be67986b9290e2b8"},"headline":"L&#8217;IBEC presenta les possibilitats de la seva bioimpressora 3D en el segon encontre IN(3D)USTRY","datePublished":"2017-10-05T14:37:15+00:00","dateModified":"2017-10-30T10:55:07+00:00","mainEntityOfPage":{"@id":"https:\/\/ibecbarcelona.eu\/ca\/libec-presenta-les-possibilitats-de-la-seva-bioimpressora-3d-en-el-segon-encontre-in3dustry\/"},"wordCount":305,"publisher":{"@id":"https:\/\/ibecbarcelona.eu\/#organization"},"image":{"@id":"https:\/\/ibecbarcelona.eu\/ca\/libec-presenta-les-possibilitats-de-la-seva-bioimpressora-3d-en-el-segon-encontre-in3dustry\/#primaryimage"},"thumbnailUrl":"https:\/\/ibecbarcelona.eu\/wp-content\/uploads\/2017\/10\/IN3DUSTRY-2017_4-Oct_2.jpg","articleSection":["Not\u00edcies institucionals"],"inLanguage":"ca"},{"@type":"WebPage","@id":"https:\/\/ibecbarcelona.eu\/ca\/libec-presenta-les-possibilitats-de-la-seva-bioimpressora-3d-en-el-segon-encontre-in3dustry\/","url":"https:\/\/ibecbarcelona.eu\/ca\/libec-presenta-les-possibilitats-de-la-seva-bioimpressora-3d-en-el-segon-encontre-in3dustry\/","name":"L'IBEC presenta les possibilitats de la seva bioimpressora 3D en el segon encontre IN(3D)USTRY - Institute for Bioengineering of Catalonia","isPartOf":{"@id":"https:\/\/ibecbarcelona.eu\/#website"},"primaryImageOfPage":{"@id":"https:\/\/ibecbarcelona.eu\/ca\/libec-presenta-les-possibilitats-de-la-seva-bioimpressora-3d-en-el-segon-encontre-in3dustry\/#primaryimage"},"image":{"@id":"https:\/\/ibecbarcelona.eu\/ca\/libec-presenta-les-possibilitats-de-la-seva-bioimpressora-3d-en-el-segon-encontre-in3dustry\/#primaryimage"},"thumbnailUrl":"https:\/\/ibecbarcelona.eu\/wp-content\/uploads\/2017\/10\/IN3DUSTRY-2017_4-Oct_2.jpg","datePublished":"2017-10-05T14:37:15+00:00","dateModified":"2017-10-30T10:55:07+00:00","breadcrumb":{"@id":"https:\/\/ibecbarcelona.eu\/ca\/libec-presenta-les-possibilitats-de-la-seva-bioimpressora-3d-en-el-segon-encontre-in3dustry\/#breadcrumb"},"inLanguage":"ca","potentialAction":[{"@type":"ReadAction","target":["https:\/\/ibecbarcelona.eu\/ca\/libec-presenta-les-possibilitats-de-la-seva-bioimpressora-3d-en-el-segon-encontre-in3dustry\/"]}]},{"@type":"ImageObject","inLanguage":"ca","@id":"https:\/\/ibecbarcelona.eu\/ca\/libec-presenta-les-possibilitats-de-la-seva-bioimpressora-3d-en-el-segon-encontre-in3dustry\/#primaryimage","url":"https:\/\/ibecbarcelona.eu\/wp-content\/uploads\/2017\/10\/IN3DUSTRY-2017_4-Oct_2.jpg","contentUrl":"https:\/\/ibecbarcelona.eu\/wp-content\/uploads\/2017\/10\/IN3DUSTRY-2017_4-Oct_2.jpg","width":300,"height":450},{"@type":"BreadcrumbList","@id":"https:\/\/ibecbarcelona.eu\/ca\/libec-presenta-les-possibilitats-de-la-seva-bioimpressora-3d-en-el-segon-encontre-in3dustry\/#breadcrumb","itemListElement":[{"@type":"ListItem","position":1,"name":"Home","item":"https:\/\/ibecbarcelona.eu\/ca\/"},{"@type":"ListItem","position":2,"name":"L&#8217;IBEC presenta les possibilitats de la seva bioimpressora 3D en el segon encontre IN(3D)USTRY"}]},{"@type":"WebSite","@id":"https:\/\/ibecbarcelona.eu\/#website","url":"https:\/\/ibecbarcelona.eu\/","name":"Institute for Bioengineering of Catalonia","description":"Bioengineering Solutions for Health","publisher":{"@id":"https:\/\/ibecbarcelona.eu\/#organization"},"potentialAction":[{"@type":"SearchAction","target":{"@type":"EntryPoint","urlTemplate":"https:\/\/ibecbarcelona.eu\/?s={search_term_string}"},"query-input":{"@type":"PropertyValueSpecification","valueRequired":true,"valueName":"search_term_string"}}],"inLanguage":"ca"},{"@type":"Organization","@id":"https:\/\/ibecbarcelona.eu\/#organization","name":"Institute for Bioengineering of Catalonia","url":"https:\/\/ibecbarcelona.eu\/","logo":{"@type":"ImageObject","inLanguage":"ca","@id":"https:\/\/ibecbarcelona.eu\/#\/schema\/logo\/image\/","url":"https:\/\/ibecbarcelona.eu\/wp-content\/uploads\/2026\/01\/cropped-IBEC_20ANYS_GRIS.png","contentUrl":"https:\/\/ibecbarcelona.eu\/wp-content\/uploads\/2026\/01\/cropped-IBEC_20ANYS_GRIS.png","width":696,"height":257,"caption":"Institute for Bioengineering of Catalonia"},"image":{"@id":"https:\/\/ibecbarcelona.eu\/#\/schema\/logo\/image\/"}},{"@type":"Person","@id":"https:\/\/ibecbarcelona.eu\/#\/schema\/person\/c212c6b589546130be67986b9290e2b8","name":"\u00c0ngels L\u00f3pez","image":{"@type":"ImageObject","inLanguage":"ca","@id":"https:\/\/secure.gravatar.com\/avatar\/09ad6ba116bea0b15c5511860f83b302579fd7404c1180e9dae55c3f11d988c6?s=96&d=mm&r=g","url":"https:\/\/secure.gravatar.com\/avatar\/09ad6ba116bea0b15c5511860f83b302579fd7404c1180e9dae55c3f11d988c6?s=96&d=mm&r=g","contentUrl":"https:\/\/secure.gravatar.com\/avatar\/09ad6ba116bea0b15c5511860f83b302579fd7404c1180e9dae55c3f11d988c6?s=96&d=mm&r=g","caption":"\u00c0ngels L\u00f3pez"},"url":"https:\/\/ibecbarcelona.eu\/ca\/author\/alopez\/"}]}},"AFP_featured_media_urls":{"full":["https:\/\/ibecbarcelona.eu\/wp-content\/uploads\/2017\/10\/IN3DUSTRY-2017_4-Oct_2.jpg",300,450,false],"thumbnail":["https:\/\/ibecbarcelona.eu\/wp-content\/uploads\/2017\/10\/IN3DUSTRY-2017_4-Oct_2-150x150.jpg",150,150,true],"medium":["https:\/\/ibecbarcelona.eu\/wp-content\/uploads\/2017\/10\/IN3DUSTRY-2017_4-Oct_2-200x300.jpg",200,300,true],"medium_large":["https:\/\/ibecbarcelona.eu\/wp-content\/uploads\/2017\/10\/IN3DUSTRY-2017_4-Oct_2.jpg",300,450,false],"large":["https:\/\/ibecbarcelona.eu\/wp-content\/uploads\/2017\/10\/IN3DUSTRY-2017_4-Oct_2.jpg",300,450,false]},"AFP_attachments":[],"AFP_videos":[],"AFP_video_blocks":"","AFP_category_names":["Not\u00edcies institucionals"],"_links":{"self":[{"href":"https:\/\/ibecbarcelona.eu\/ca\/wp-json\/wp\/v2\/posts\/55885","targetHints":{"allow":["GET"]}}],"collection":[{"href":"https:\/\/ibecbarcelona.eu\/ca\/wp-json\/wp\/v2\/posts"}],"about":[{"href":"https:\/\/ibecbarcelona.eu\/ca\/wp-json\/wp\/v2\/types\/post"}],"author":[{"embeddable":true,"href":"https:\/\/ibecbarcelona.eu\/ca\/wp-json\/wp\/v2\/users\/4"}],"replies":[{"embeddable":true,"href":"https:\/\/ibecbarcelona.eu\/ca\/wp-json\/wp\/v2\/comments?post=55885"}],"version-history":[{"count":3,"href":"https:\/\/ibecbarcelona.eu\/ca\/wp-json\/wp\/v2\/posts\/55885\/revisions"}],"predecessor-version":[{"id":55888,"href":"https:\/\/ibecbarcelona.eu\/ca\/wp-json\/wp\/v2\/posts\/55885\/revisions\/55888"}],"wp:featuredmedia":[{"embeddable":true,"href":"https:\/\/ibecbarcelona.eu\/ca\/wp-json\/wp\/v2\/media\/38100"}],"wp:attachment":[{"href":"https:\/\/ibecbarcelona.eu\/ca\/wp-json\/wp\/v2\/media?parent=55885"}],"wp:term":[{"taxonomy":"category","embeddable":true,"href":"https:\/\/ibecbarcelona.eu\/ca\/wp-json\/wp\/v2\/categories?post=55885"},{"taxonomy":"post_tag","embeddable":true,"href":"https:\/\/ibecbarcelona.eu\/ca\/wp-json\/wp\/v2\/tags?post=55885"},{"taxonomy":"post_format","embeddable":true,"href":"https:\/\/ibecbarcelona.eu\/ca\/wp-json\/wp\/v2\/post_formats?post=55885"}],"curies":[{"name":"wp","href":"https:\/\/api.w.org\/{rel}","templated":true}]}}