
{"id":5611,"date":"2011-03-28T07:47:45","date_gmt":"2011-03-28T07:47:45","guid":{"rendered":"http:\/\/ibecbarcelona.eu\/new\/dos-articles-per-al-grup-de-nanosondes\/"},"modified":"2015-01-08T16:59:37","modified_gmt":"2015-01-08T16:59:37","slug":"dos-articles-per-al-grup-de-nanosondes","status":"publish","type":"post","link":"https:\/\/ibecbarcelona.eu\/ca\/dos-articles-per-al-grup-de-nanosondes\/","title":{"rendered":"Dos articles per al grup de Nanosondes"},"content":{"rendered":"<p> En un estudi  publicat recentment en ACS Nano, membres del grup de Nanosondes i  Nanocommutadors de l\u2019IBEC descriuen com varen fer servir un microscopi  electroqu\u00edmic d\u2019efecte t\u00fanel per mesurar la \u2018constant de deca\u00efment amb  la dist\u00e0ncia\u2019 que caracteritza la taxa de TE en prote\u00efnes redox  (prote\u00efnes en les que es d\u00f3na la TE). L\u2019an\u00e0lisi de les mesures de la  constant de deca\u00efment revela difer\u00e8ncies entre l\u2019estat redu\u00eft i l\u2019estat  oxiditzat d\u2019una prote\u00efna, el que pot ser rellevant per al control de  taxes de TE en enzims i cadenes biol\u00f2giques de transport d\u2019electrons.<\/p>\n<p>\u201cL\u2019estudi  de la TE \u00e9s indispensable per la comprensi\u00f3 de com funcionen els  enzims, i tamb\u00e9 \u00e9s necessari per poder avan\u00e7ar en les aplicacions  tecnol\u00f2giques en biodetecci\u00f3 i electr\u00f2nica molecular,\u201d explica en Pau  Gorostiza, responsable del grup de Nanosondes i Nanocommutadors de  l\u2019IBEC juntament amb en Fausto Sanz. \u201cEls m\u00e8todes per mesurar la TE a  nivell de mol\u00e8cules individuals ens ajudaran a resoldre variacions  temporals en l\u2019activitat enzim\u00e0tica que poden relacionar-se amb canvis  conformacionals per permetre la m\u00e0xima miniaturitzaci\u00f3 dels  nanodispositius.\u201d<\/p>\n<p>Pau i l\u2019estudiant de doctorat Juan Manuel  Art\u00e9s, primer autor de l\u2019estudi, tamb\u00e9 han participat recentment en un  projecte encap\u00e7alat per Concepci\u00f3 Rovira i Jaume Veciana de l\u2019Institut  de Ci\u00e8ncia de Materials de Barcelona (ICMAB-CSIC). Han caracteritzat un  commutador molecular robust en una soluci\u00f3 que opera amb voltatges molt  baixos, pot formar patrones en aplicar-hi corrent el\u00e8ctric i t\u00e9 una  estabilitat a llarg termini, una reversibilitat i una reproductibilitat  extremadament elevades. \u201cAquest commutador \u00e9s una plataforma molt  prometedora per fer servir en dispositius de mem\u00f2ria,\u201d diu en Pau. \u201cPer  exemple, en un CD cobert d\u2019aquesta mol\u00e8cula, els bits es poden  \u2018escriure\u2019 electroqu\u00edmicament (amb l\u2019aplicaci\u00f3 de voltatges baixos amb  un cable prop de la superf\u00edcie en determinades condicions) i \u2018llegir\u2019  \u00f2pticament (mesurant l\u2019absorci\u00f3 o la fluoresc\u00e8ncia) o magn\u00e8ticament.\u201d  Els seus resultats van ser publicats ahir a Nature Chemistry.<\/p>\n","protected":false},"excerpt":{"rendered":"<p>Investigadors de l\u2019IBEC han trobat una forma de mesurar la taxa de  transfer\u00e8ncia d\u2019electrons \u2013un important proc\u00e9s que \u00e9s essencial en molts  processos qu\u00edmics i biol\u00f2gics com la respiraci\u00f3 cel\u00b7lular i la  fotos\u00edntesi \u2013 a nivell de mol\u00e8cules individuals.<\/p>\n","protected":false},"author":4,"featured_media":0,"comment_status":"closed","ping_status":"closed","sticky":false,"template":"","format":"standard","meta":{"footnotes":""},"categories":[98],"tags":[],"post_formats":[],"class_list":["post-5611","post","type-post","status-publish","format-standard","hentry","category-noticies-institucionals"],"yoast_head":"<!-- This site is optimized with the Yoast SEO plugin v27.5 - https:\/\/yoast.com\/product\/yoast-seo-wordpress\/ -->\n<title>Dos articles per al grup de Nanosondes - Institute for Bioengineering of Catalonia<\/title>\n<meta name=\"robots\" content=\"index, follow, max-snippet:-1, max-image-preview:large, max-video-preview:-1\" \/>\n<link rel=\"canonical\" href=\"https:\/\/ibecbarcelona.eu\/ca\/dos-articles-per-al-grup-de-nanosondes\/\" \/>\n<meta property=\"og:locale\" content=\"ca_ES\" \/>\n<meta property=\"og:type\" content=\"article\" \/>\n<meta property=\"og:title\" content=\"Dos articles per al grup de Nanosondes - Institute for Bioengineering of Catalonia\" \/>\n<meta property=\"og:description\" content=\"Investigadors de l\u2019IBEC han trobat una forma de mesurar la taxa de transfer\u00e8ncia d\u2019electrons \u2013un important proc\u00e9s que \u00e9s essencial en molts processos qu\u00edmics i biol\u00f2gics com la respiraci\u00f3 cel\u00b7lular i la fotos\u00edntesi \u2013 a nivell de mol\u00e8cules individuals.\" \/>\n<meta property=\"og:url\" content=\"https:\/\/ibecbarcelona.eu\/ca\/dos-articles-per-al-grup-de-nanosondes\/\" \/>\n<meta property=\"og:site_name\" content=\"Institute for Bioengineering of Catalonia\" \/>\n<meta property=\"article:published_time\" content=\"2011-03-28T07:47:45+00:00\" \/>\n<meta property=\"article:modified_time\" content=\"2015-01-08T16:59:37+00:00\" \/>\n<meta name=\"author\" content=\"\u00c0ngels L\u00f3pez\" \/>\n<meta name=\"twitter:card\" content=\"summary_large_image\" \/>\n<meta name=\"twitter:label1\" content=\"Escrit per\" \/>\n\t<meta name=\"twitter:data1\" content=\"\u00c0ngels L\u00f3pez\" \/>\n\t<meta name=\"twitter:label2\" content=\"Temps estimat de lectura\" \/>\n\t<meta name=\"twitter:data2\" content=\"2 minuts\" \/>\n<script type=\"application\/ld+json\" class=\"yoast-schema-graph\">{\"@context\":\"https:\\\/\\\/schema.org\",\"@graph\":[{\"@type\":\"Article\",\"@id\":\"https:\\\/\\\/ibecbarcelona.eu\\\/ca\\\/dos-articles-per-al-grup-de-nanosondes\\\/#article\",\"isPartOf\":{\"@id\":\"https:\\\/\\\/ibecbarcelona.eu\\\/ca\\\/dos-articles-per-al-grup-de-nanosondes\\\/\"},\"author\":{\"name\":\"\u00c0ngels L\u00f3pez\",\"@id\":\"https:\\\/\\\/ibecbarcelona.eu\\\/#\\\/schema\\\/person\\\/c212c6b589546130be67986b9290e2b8\"},\"headline\":\"Dos articles per al grup de Nanosondes\",\"datePublished\":\"2011-03-28T07:47:45+00:00\",\"dateModified\":\"2015-01-08T16:59:37+00:00\",\"mainEntityOfPage\":{\"@id\":\"https:\\\/\\\/ibecbarcelona.eu\\\/ca\\\/dos-articles-per-al-grup-de-nanosondes\\\/\"},\"wordCount\":363,\"publisher\":{\"@id\":\"https:\\\/\\\/ibecbarcelona.eu\\\/#organization\"},\"articleSection\":[\"Not\u00edcies institucionals\"],\"inLanguage\":\"ca\"},{\"@type\":\"WebPage\",\"@id\":\"https:\\\/\\\/ibecbarcelona.eu\\\/ca\\\/dos-articles-per-al-grup-de-nanosondes\\\/\",\"url\":\"https:\\\/\\\/ibecbarcelona.eu\\\/ca\\\/dos-articles-per-al-grup-de-nanosondes\\\/\",\"name\":\"Dos articles per al grup de Nanosondes - Institute for Bioengineering of Catalonia\",\"isPartOf\":{\"@id\":\"https:\\\/\\\/ibecbarcelona.eu\\\/#website\"},\"datePublished\":\"2011-03-28T07:47:45+00:00\",\"dateModified\":\"2015-01-08T16:59:37+00:00\",\"breadcrumb\":{\"@id\":\"https:\\\/\\\/ibecbarcelona.eu\\\/ca\\\/dos-articles-per-al-grup-de-nanosondes\\\/#breadcrumb\"},\"inLanguage\":\"ca\",\"potentialAction\":[{\"@type\":\"ReadAction\",\"target\":[\"https:\\\/\\\/ibecbarcelona.eu\\\/ca\\\/dos-articles-per-al-grup-de-nanosondes\\\/\"]}]},{\"@type\":\"BreadcrumbList\",\"@id\":\"https:\\\/\\\/ibecbarcelona.eu\\\/ca\\\/dos-articles-per-al-grup-de-nanosondes\\\/#breadcrumb\",\"itemListElement\":[{\"@type\":\"ListItem\",\"position\":1,\"name\":\"Home\",\"item\":\"https:\\\/\\\/ibecbarcelona.eu\\\/ca\\\/\"},{\"@type\":\"ListItem\",\"position\":2,\"name\":\"Dos articles per al grup de Nanosondes\"}]},{\"@type\":\"WebSite\",\"@id\":\"https:\\\/\\\/ibecbarcelona.eu\\\/#website\",\"url\":\"https:\\\/\\\/ibecbarcelona.eu\\\/\",\"name\":\"Institute for Bioengineering of Catalonia\",\"description\":\"Bioengineering Solutions for Health\",\"publisher\":{\"@id\":\"https:\\\/\\\/ibecbarcelona.eu\\\/#organization\"},\"potentialAction\":[{\"@type\":\"SearchAction\",\"target\":{\"@type\":\"EntryPoint\",\"urlTemplate\":\"https:\\\/\\\/ibecbarcelona.eu\\\/?s={search_term_string}\"},\"query-input\":{\"@type\":\"PropertyValueSpecification\",\"valueRequired\":true,\"valueName\":\"search_term_string\"}}],\"inLanguage\":\"ca\"},{\"@type\":\"Organization\",\"@id\":\"https:\\\/\\\/ibecbarcelona.eu\\\/#organization\",\"name\":\"Institute for Bioengineering of Catalonia\",\"url\":\"https:\\\/\\\/ibecbarcelona.eu\\\/\",\"logo\":{\"@type\":\"ImageObject\",\"inLanguage\":\"ca\",\"@id\":\"https:\\\/\\\/ibecbarcelona.eu\\\/#\\\/schema\\\/logo\\\/image\\\/\",\"url\":\"https:\\\/\\\/ibecbarcelona.eu\\\/wp-content\\\/uploads\\\/2026\\\/01\\\/cropped-IBEC_20ANYS_GRIS.png\",\"contentUrl\":\"https:\\\/\\\/ibecbarcelona.eu\\\/wp-content\\\/uploads\\\/2026\\\/01\\\/cropped-IBEC_20ANYS_GRIS.png\",\"width\":696,\"height\":257,\"caption\":\"Institute for Bioengineering of Catalonia\"},\"image\":{\"@id\":\"https:\\\/\\\/ibecbarcelona.eu\\\/#\\\/schema\\\/logo\\\/image\\\/\"}},{\"@type\":\"Person\",\"@id\":\"https:\\\/\\\/ibecbarcelona.eu\\\/#\\\/schema\\\/person\\\/c212c6b589546130be67986b9290e2b8\",\"name\":\"\u00c0ngels L\u00f3pez\",\"image\":{\"@type\":\"ImageObject\",\"inLanguage\":\"ca\",\"@id\":\"https:\\\/\\\/secure.gravatar.com\\\/avatar\\\/09ad6ba116bea0b15c5511860f83b302579fd7404c1180e9dae55c3f11d988c6?s=96&d=mm&r=g\",\"url\":\"https:\\\/\\\/secure.gravatar.com\\\/avatar\\\/09ad6ba116bea0b15c5511860f83b302579fd7404c1180e9dae55c3f11d988c6?s=96&d=mm&r=g\",\"contentUrl\":\"https:\\\/\\\/secure.gravatar.com\\\/avatar\\\/09ad6ba116bea0b15c5511860f83b302579fd7404c1180e9dae55c3f11d988c6?s=96&d=mm&r=g\",\"caption\":\"\u00c0ngels L\u00f3pez\"},\"url\":\"https:\\\/\\\/ibecbarcelona.eu\\\/ca\\\/author\\\/alopez\\\/\"}]}<\/script>\n<!-- \/ Yoast SEO plugin. -->","yoast_head_json":{"title":"Dos articles per al grup de Nanosondes - Institute for Bioengineering of Catalonia","robots":{"index":"index","follow":"follow","max-snippet":"max-snippet:-1","max-image-preview":"max-image-preview:large","max-video-preview":"max-video-preview:-1"},"canonical":"https:\/\/ibecbarcelona.eu\/ca\/dos-articles-per-al-grup-de-nanosondes\/","og_locale":"ca_ES","og_type":"article","og_title":"Dos articles per al grup de Nanosondes - Institute for Bioengineering of Catalonia","og_description":"Investigadors de l\u2019IBEC han trobat una forma de mesurar la taxa de transfer\u00e8ncia d\u2019electrons \u2013un important proc\u00e9s que \u00e9s essencial en molts processos qu\u00edmics i biol\u00f2gics com la respiraci\u00f3 cel\u00b7lular i la fotos\u00edntesi \u2013 a nivell de mol\u00e8cules individuals.","og_url":"https:\/\/ibecbarcelona.eu\/ca\/dos-articles-per-al-grup-de-nanosondes\/","og_site_name":"Institute for Bioengineering of Catalonia","article_published_time":"2011-03-28T07:47:45+00:00","article_modified_time":"2015-01-08T16:59:37+00:00","author":"\u00c0ngels L\u00f3pez","twitter_card":"summary_large_image","twitter_misc":{"Escrit per":"\u00c0ngels L\u00f3pez","Temps estimat de lectura":"2 minuts"},"schema":{"@context":"https:\/\/schema.org","@graph":[{"@type":"Article","@id":"https:\/\/ibecbarcelona.eu\/ca\/dos-articles-per-al-grup-de-nanosondes\/#article","isPartOf":{"@id":"https:\/\/ibecbarcelona.eu\/ca\/dos-articles-per-al-grup-de-nanosondes\/"},"author":{"name":"\u00c0ngels L\u00f3pez","@id":"https:\/\/ibecbarcelona.eu\/#\/schema\/person\/c212c6b589546130be67986b9290e2b8"},"headline":"Dos articles per al grup de Nanosondes","datePublished":"2011-03-28T07:47:45+00:00","dateModified":"2015-01-08T16:59:37+00:00","mainEntityOfPage":{"@id":"https:\/\/ibecbarcelona.eu\/ca\/dos-articles-per-al-grup-de-nanosondes\/"},"wordCount":363,"publisher":{"@id":"https:\/\/ibecbarcelona.eu\/#organization"},"articleSection":["Not\u00edcies institucionals"],"inLanguage":"ca"},{"@type":"WebPage","@id":"https:\/\/ibecbarcelona.eu\/ca\/dos-articles-per-al-grup-de-nanosondes\/","url":"https:\/\/ibecbarcelona.eu\/ca\/dos-articles-per-al-grup-de-nanosondes\/","name":"Dos articles per al grup de Nanosondes - Institute for Bioengineering of Catalonia","isPartOf":{"@id":"https:\/\/ibecbarcelona.eu\/#website"},"datePublished":"2011-03-28T07:47:45+00:00","dateModified":"2015-01-08T16:59:37+00:00","breadcrumb":{"@id":"https:\/\/ibecbarcelona.eu\/ca\/dos-articles-per-al-grup-de-nanosondes\/#breadcrumb"},"inLanguage":"ca","potentialAction":[{"@type":"ReadAction","target":["https:\/\/ibecbarcelona.eu\/ca\/dos-articles-per-al-grup-de-nanosondes\/"]}]},{"@type":"BreadcrumbList","@id":"https:\/\/ibecbarcelona.eu\/ca\/dos-articles-per-al-grup-de-nanosondes\/#breadcrumb","itemListElement":[{"@type":"ListItem","position":1,"name":"Home","item":"https:\/\/ibecbarcelona.eu\/ca\/"},{"@type":"ListItem","position":2,"name":"Dos articles per al grup de Nanosondes"}]},{"@type":"WebSite","@id":"https:\/\/ibecbarcelona.eu\/#website","url":"https:\/\/ibecbarcelona.eu\/","name":"Institute for Bioengineering of Catalonia","description":"Bioengineering Solutions for Health","publisher":{"@id":"https:\/\/ibecbarcelona.eu\/#organization"},"potentialAction":[{"@type":"SearchAction","target":{"@type":"EntryPoint","urlTemplate":"https:\/\/ibecbarcelona.eu\/?s={search_term_string}"},"query-input":{"@type":"PropertyValueSpecification","valueRequired":true,"valueName":"search_term_string"}}],"inLanguage":"ca"},{"@type":"Organization","@id":"https:\/\/ibecbarcelona.eu\/#organization","name":"Institute for Bioengineering of Catalonia","url":"https:\/\/ibecbarcelona.eu\/","logo":{"@type":"ImageObject","inLanguage":"ca","@id":"https:\/\/ibecbarcelona.eu\/#\/schema\/logo\/image\/","url":"https:\/\/ibecbarcelona.eu\/wp-content\/uploads\/2026\/01\/cropped-IBEC_20ANYS_GRIS.png","contentUrl":"https:\/\/ibecbarcelona.eu\/wp-content\/uploads\/2026\/01\/cropped-IBEC_20ANYS_GRIS.png","width":696,"height":257,"caption":"Institute for Bioengineering of Catalonia"},"image":{"@id":"https:\/\/ibecbarcelona.eu\/#\/schema\/logo\/image\/"}},{"@type":"Person","@id":"https:\/\/ibecbarcelona.eu\/#\/schema\/person\/c212c6b589546130be67986b9290e2b8","name":"\u00c0ngels L\u00f3pez","image":{"@type":"ImageObject","inLanguage":"ca","@id":"https:\/\/secure.gravatar.com\/avatar\/09ad6ba116bea0b15c5511860f83b302579fd7404c1180e9dae55c3f11d988c6?s=96&d=mm&r=g","url":"https:\/\/secure.gravatar.com\/avatar\/09ad6ba116bea0b15c5511860f83b302579fd7404c1180e9dae55c3f11d988c6?s=96&d=mm&r=g","contentUrl":"https:\/\/secure.gravatar.com\/avatar\/09ad6ba116bea0b15c5511860f83b302579fd7404c1180e9dae55c3f11d988c6?s=96&d=mm&r=g","caption":"\u00c0ngels L\u00f3pez"},"url":"https:\/\/ibecbarcelona.eu\/ca\/author\/alopez\/"}]}},"AFP_featured_media_urls":{"full":false,"thumbnail":false,"medium":false,"medium_large":false,"large":false},"AFP_attachments":[],"AFP_videos":[],"AFP_video_blocks":"","AFP_category_names":["Not\u00edcies institucionals"],"_links":{"self":[{"href":"https:\/\/ibecbarcelona.eu\/ca\/wp-json\/wp\/v2\/posts\/5611","targetHints":{"allow":["GET"]}}],"collection":[{"href":"https:\/\/ibecbarcelona.eu\/ca\/wp-json\/wp\/v2\/posts"}],"about":[{"href":"https:\/\/ibecbarcelona.eu\/ca\/wp-json\/wp\/v2\/types\/post"}],"author":[{"embeddable":true,"href":"https:\/\/ibecbarcelona.eu\/ca\/wp-json\/wp\/v2\/users\/4"}],"replies":[{"embeddable":true,"href":"https:\/\/ibecbarcelona.eu\/ca\/wp-json\/wp\/v2\/comments?post=5611"}],"version-history":[{"count":0,"href":"https:\/\/ibecbarcelona.eu\/ca\/wp-json\/wp\/v2\/posts\/5611\/revisions"}],"wp:attachment":[{"href":"https:\/\/ibecbarcelona.eu\/ca\/wp-json\/wp\/v2\/media?parent=5611"}],"wp:term":[{"taxonomy":"category","embeddable":true,"href":"https:\/\/ibecbarcelona.eu\/ca\/wp-json\/wp\/v2\/categories?post=5611"},{"taxonomy":"post_tag","embeddable":true,"href":"https:\/\/ibecbarcelona.eu\/ca\/wp-json\/wp\/v2\/tags?post=5611"},{"taxonomy":"post_format","embeddable":true,"href":"https:\/\/ibecbarcelona.eu\/ca\/wp-json\/wp\/v2\/post_formats?post=5611"}],"curies":[{"name":"wp","href":"https:\/\/api.w.org\/{rel}","templated":true}]}}