
{"id":56754,"date":"2017-12-11T09:33:55","date_gmt":"2017-12-11T08:33:55","guid":{"rendered":"http:\/\/ibecbarcelona.eu\/cells-feel-their-environment-to-explore-it\/"},"modified":"2017-12-11T09:41:36","modified_gmt":"2017-12-11T08:41:36","slug":"cells-feel-their-environment-to-explore-it","status":"publish","type":"post","link":"https:\/\/ibecbarcelona.eu\/ca\/cells-feel-their-environment-to-explore-it\/","title":{"rendered":"Les c\u00e8l\u00b7lules temptegen el seu entorn per explorar-ho"},"content":{"rendered":"<p>\u201cD\u2019alguna manera, seria equivalent a recon\u00e8ixer la cara d\u2019alg\u00fa a les fosques resseguint-la amb una m\u00e0, m\u00e9s que veient la persona\u201d.<\/p>\n<p>La interacci\u00f3 entre c\u00e8l\u00b7lules i els seus lligands (o microentorn cel\u00b7lular) \u00e9s essencial per mantenir la funci\u00f3 de qualsevol teixit, i de fet la detecci\u00f3 de canvis en l\u2019entorn cel\u00b7lular \u00e9s fonamental en tot escenari en que hi hagi una remodelaci\u00f3 de teixit, com pot ser el desenvolupament embrionari, la proliferaci\u00f3 tumoral o el proc\u00e9s en el qual es tanca una ferida.<\/p>\n<p>En el treball tamb\u00e9 s\u2019ha vist com, \u201cen funci\u00f3 d\u2019aquesta distribuci\u00f3 de forces de la c\u00e8l\u00b7lula s\u2019incideix en l\u2019activaci\u00f3 de la transcripci\u00f3 gen\u00e8tica, fenomen que determina quins gens s\u2019expressen\u201d, apunta Roger Oria, primer autor de l\u2019estudi i estudiant de doctorat al laboratori del Pere.<\/p>\n<p>Amb aquest coneixement m\u00e9s integrat de com la c\u00e8l\u00b7lula detecta el seu entorn, els investigadors han comprovat que modificant les condicions de l\u2019entorn de la c\u00e8l\u00b7lula (rigidesa i distribuci\u00f3 dels lligands que formen la matriu extracel\u00b7lular) es pot controlar la resposta d\u2019adher\u00e8ncia de la c\u00e8l\u00b7lula i, fins i tot, definir un rang en el qual la c\u00e8l\u00b7lula s\u2019adhereix i fora del qual no ho fa. Aquest resultat, apunta Pere, pot ser especialment rellevant en processos tumorals, donat que est\u00e0 for\u00e7a acceptat que una major rigidesa est\u00e0 relacionada amb una major activaci\u00f3 dels oncogens.<\/p>\n<p>Fins ara se sabia que les c\u00e8l\u00b7lules eren capaces de percebre informaci\u00f3 espacial i f\u00edsica a la nanoescala.\u00a0 De fet, es pensava que eren capaces de \u201cmesurar dist\u00e0ncies\u201d i per aix\u00f2 s\u2019havia hipotetitzat amb l\u2019exist\u00e8ncia d\u2019algun tipus de mol\u00e8cula patr\u00f3 que les ajud\u00e9s en aquest proc\u00e9s. Aquest treball \u201ccontradiu\u201d aquesta hip\u00f2tesi afirma l\u2019investigador IBEC-UB, demostrant que les c\u00e8l\u00b7lules temptegen m\u00e9s que veuen el seu entorn.<\/p>\n<p>Per dur a terme el treball, els investigadors han desenvolupat uns substrats de gels tous en els quals s\u2019incorpora un patr\u00f3 de nanoesferes d\u2019or recobertes d\u2019una prote\u00efna i de les quals en poden controlar la seva separaci\u00f3. La c\u00e8l\u00b7lula reconeix aquestes nanoesferes com a un lligand i per tant es pot mesurar de quina manera les c\u00e8l\u00b7lules modulen la distribuci\u00f3 de forces i el nombre de lligands als quals s\u2019adhereixen en funci\u00f3 de la densitat.<\/p>\n<p>En aquest treball han col\u00b7laborat, entre altres, el Institut d\u2019Investigaci\u00f3 en Enginyeria d\u2019Arag\u00f3, de la Universitat de Zaragoza, l\u2019Institut Max Planck i la Universitat Heidelberg d\u2019Alemanya.<\/p>\n<p>Aquest treball ha estat finan\u00e7at per la Comissi\u00f3 Europea, el Ministeri d\u2019Economia i Competitivitat d\u2019Espa\u00f1a, la Generalitat de Catalunya, el Consell Europeu de Recerca, la Fundaci\u00f3 Banc\u00e0ria \u201cLa Caixa\u201d, la Fundaci\u00f3 la Marat\u00f3 de Tv3 i la Fundaci\u00f3 Alemanya de Ci\u00e8ncies.<\/p>\n<p>&#8212;<\/p>\n<p><strong>Article citation:<\/strong><em><br \/>\n<\/em>Oria R, Wiegand T, Escribano J, Elosegui-Artola A, Uriarte JJ, Moreno-Pulido C, Platzman I, Delcanale P, Albertazzi L, Navajas D, Trepat X, Garc\u00eda-Aznar JM, Cavalcanti-Adam EA, Roca-Cusachs P. (2017). <a href=\"https:\/\/www.nature.com\/articles\/nature24662\" target=\"_blank\" rel=\"noopener\">Force loading explains spatial sensing of ligands by cells<\/a>. <em>Nature<\/em>, epub ahead of print<\/p>\n","protected":false},"excerpt":{"rendered":"<h3><a href=\"https:\/\/ibecbarcelona.eu\/wp-content\/uploads\/2017\/12\/nature_procaweb.jpg\"><img decoding=\"async\" data-src=\"https:\/\/ibecbarcelona.eu\/wp-content\/uploads\/2017\/12\/nature_procaweb.jpg\" alt=\"\" width=\"400\" height=\"411\" class=\"left size-full wp-image-56751 lazyload\" data-srcset=\"https:\/\/ibecbarcelona.eu\/wp-content\/uploads\/2017\/12\/nature_procaweb.jpg 400w, https:\/\/ibecbarcelona.eu\/wp-content\/uploads\/2017\/12\/nature_procaweb-292x300.jpg 292w, https:\/\/ibecbarcelona.eu\/wp-content\/uploads\/2017\/12\/nature_procaweb-127x130.jpg 127w, https:\/\/ibecbarcelona.eu\/wp-content\/uploads\/2017\/12\/nature_procaweb-146x150.jpg 146w, https:\/\/ibecbarcelona.eu\/wp-content\/uploads\/2017\/12\/nature_procaweb-45x45.jpg 45w\" data-sizes=\"(max-width: 400px) 100vw, 400px\" src=\"data:image\/svg+xml;base64,PHN2ZyB3aWR0aD0iMSIgaGVpZ2h0PSIxIiB4bWxucz0iaHR0cDovL3d3dy53My5vcmcvMjAwMC9zdmciPjwvc3ZnPg==\" style=\"--smush-placeholder-width: 400px; --smush-placeholder-aspect-ratio: 400\/411;\" \/><\/a>El proc\u00e9s mitjan\u00e7ant el qual les c\u00e8l\u00b7lules s\u00f3n capaces de percebre el seu entorn est\u00e0 regulat per la detecci\u00f3 de forces. Aquesta \u00e9s la principal conclusi\u00f3 d\u2019un estudi publicat a la revista <em>Nature<\/em> liderat per l\u2019equip de Pere Roca-Cusachs, investigador principal a l\u2019IBEC i professor a la UB, i que ha estat impulsat per la Fundaci\u00f3 Banc\u00e0ria \u201cla Caixa\u201d. <\/h3>\n<p>\u201cEn la recerca hem determinat com les c\u00e8l\u00b7lules detecten la posici\u00f3 de les mol\u00e8cules (o lligands) del seu entorn, amb precisi\u00f3 nanom\u00e8trica\u201d, explica Pere. \u201cEn adherir-se als seus lligands, les c\u00e8l\u00b7lules hi apliquen una for\u00e7a que poden detectar. Com que aquesta for\u00e7a dep\u00e8n de la distribuci\u00f3 espacial dels lligands, aix\u00f2 permet a les c\u00e8l\u00b7lules temptejar el seu entorn. <\/p>\n","protected":false},"author":4,"featured_media":56751,"comment_status":"closed","ping_status":"closed","sticky":false,"template":"","format":"standard","meta":{"footnotes":""},"categories":[96],"tags":[],"post_formats":[],"class_list":["post-56754","post","type-post","status-publish","format-standard","has-post-thumbnail","hentry","category-noticies-de-recerca"],"yoast_head":"<!-- This site is optimized with the Yoast SEO plugin v27.4 - https:\/\/yoast.com\/product\/yoast-seo-wordpress\/ -->\n<title>Les c\u00e8l\u00b7lules temptegen el seu entorn per explorar-ho - Institute for Bioengineering of Catalonia<\/title>\n<meta name=\"robots\" content=\"index, follow, max-snippet:-1, max-image-preview:large, max-video-preview:-1\" \/>\n<link rel=\"canonical\" href=\"https:\/\/ibecbarcelona.eu\/ca\/cells-feel-their-environment-to-explore-it\/\" \/>\n<meta property=\"og:locale\" content=\"ca_ES\" \/>\n<meta property=\"og:type\" content=\"article\" \/>\n<meta property=\"og:title\" content=\"Les c\u00e8l\u00b7lules temptegen el seu entorn per explorar-ho - Institute for Bioengineering of Catalonia\" \/>\n<meta property=\"og:description\" content=\"El proc\u00e9s mitjan\u00e7ant el qual les c\u00e8l\u00b7lules s\u00f3n capaces de percebre el seu entorn est\u00e0 regulat per la detecci\u00f3 de forces. Aquesta \u00e9s la principal conclusi\u00f3 d\u2019un estudi publicat a la revista Nature liderat per l\u2019equip de Pere Roca-Cusachs, investigador principal a l\u2019IBEC i professor a la UB, i que ha estat impulsat per la Fundaci\u00f3 Banc\u00e0ria \u201cla Caixa\u201d.   \u201cEn la recerca hem determinat com les c\u00e8l\u00b7lules detecten la posici\u00f3 de les mol\u00e8cules (o lligands) del seu entorn, amb precisi\u00f3 nanom\u00e8trica\u201d, explica Pere. \u201cEn adherir-se als seus lligands, les c\u00e8l\u00b7lules hi apliquen una for\u00e7a que poden detectar. Com que aquesta for\u00e7a dep\u00e8n de la distribuci\u00f3 espacial dels lligands, aix\u00f2 permet a les c\u00e8l\u00b7lules temptejar el seu entorn.\" \/>\n<meta property=\"og:url\" content=\"https:\/\/ibecbarcelona.eu\/ca\/cells-feel-their-environment-to-explore-it\/\" \/>\n<meta property=\"og:site_name\" content=\"Institute for Bioengineering of Catalonia\" \/>\n<meta property=\"article:published_time\" content=\"2017-12-11T08:33:55+00:00\" \/>\n<meta property=\"article:modified_time\" content=\"2017-12-11T08:41:36+00:00\" \/>\n<meta property=\"og:image\" content=\"https:\/\/ibecbarcelona.eu\/wp-content\/uploads\/2017\/12\/nature_procaweb.jpg\" \/>\n\t<meta property=\"og:image:width\" content=\"400\" \/>\n\t<meta property=\"og:image:height\" content=\"411\" \/>\n\t<meta property=\"og:image:type\" content=\"image\/jpeg\" \/>\n<meta name=\"author\" content=\"\u00c0ngels L\u00f3pez\" \/>\n<meta name=\"twitter:card\" content=\"summary_large_image\" \/>\n<meta name=\"twitter:label1\" content=\"Escrit per\" \/>\n\t<meta name=\"twitter:data1\" content=\"\u00c0ngels L\u00f3pez\" \/>\n\t<meta name=\"twitter:label2\" content=\"Temps estimat de lectura\" \/>\n\t<meta name=\"twitter:data2\" content=\"3 minuts\" \/>\n<script type=\"application\/ld+json\" class=\"yoast-schema-graph\">{\"@context\":\"https:\\\/\\\/schema.org\",\"@graph\":[{\"@type\":\"Article\",\"@id\":\"https:\\\/\\\/ibecbarcelona.eu\\\/ca\\\/cells-feel-their-environment-to-explore-it\\\/#article\",\"isPartOf\":{\"@id\":\"https:\\\/\\\/ibecbarcelona.eu\\\/ca\\\/cells-feel-their-environment-to-explore-it\\\/\"},\"author\":{\"name\":\"\u00c0ngels L\u00f3pez\",\"@id\":\"https:\\\/\\\/ibecbarcelona.eu\\\/#\\\/schema\\\/person\\\/c212c6b589546130be67986b9290e2b8\"},\"headline\":\"Les c\u00e8l\u00b7lules temptegen el seu entorn per explorar-ho\",\"datePublished\":\"2017-12-11T08:33:55+00:00\",\"dateModified\":\"2017-12-11T08:41:36+00:00\",\"mainEntityOfPage\":{\"@id\":\"https:\\\/\\\/ibecbarcelona.eu\\\/ca\\\/cells-feel-their-environment-to-explore-it\\\/\"},\"wordCount\":553,\"publisher\":{\"@id\":\"https:\\\/\\\/ibecbarcelona.eu\\\/#organization\"},\"image\":{\"@id\":\"https:\\\/\\\/ibecbarcelona.eu\\\/ca\\\/cells-feel-their-environment-to-explore-it\\\/#primaryimage\"},\"thumbnailUrl\":\"https:\\\/\\\/ibecbarcelona.eu\\\/wp-content\\\/uploads\\\/2017\\\/12\\\/nature_procaweb.jpg\",\"articleSection\":[\"Not\u00edcies de recerca\"],\"inLanguage\":\"ca\"},{\"@type\":\"WebPage\",\"@id\":\"https:\\\/\\\/ibecbarcelona.eu\\\/ca\\\/cells-feel-their-environment-to-explore-it\\\/\",\"url\":\"https:\\\/\\\/ibecbarcelona.eu\\\/ca\\\/cells-feel-their-environment-to-explore-it\\\/\",\"name\":\"Les c\u00e8l\u00b7lules temptegen el seu entorn per explorar-ho - Institute for Bioengineering of Catalonia\",\"isPartOf\":{\"@id\":\"https:\\\/\\\/ibecbarcelona.eu\\\/#website\"},\"primaryImageOfPage\":{\"@id\":\"https:\\\/\\\/ibecbarcelona.eu\\\/ca\\\/cells-feel-their-environment-to-explore-it\\\/#primaryimage\"},\"image\":{\"@id\":\"https:\\\/\\\/ibecbarcelona.eu\\\/ca\\\/cells-feel-their-environment-to-explore-it\\\/#primaryimage\"},\"thumbnailUrl\":\"https:\\\/\\\/ibecbarcelona.eu\\\/wp-content\\\/uploads\\\/2017\\\/12\\\/nature_procaweb.jpg\",\"datePublished\":\"2017-12-11T08:33:55+00:00\",\"dateModified\":\"2017-12-11T08:41:36+00:00\",\"breadcrumb\":{\"@id\":\"https:\\\/\\\/ibecbarcelona.eu\\\/ca\\\/cells-feel-their-environment-to-explore-it\\\/#breadcrumb\"},\"inLanguage\":\"ca\",\"potentialAction\":[{\"@type\":\"ReadAction\",\"target\":[\"https:\\\/\\\/ibecbarcelona.eu\\\/ca\\\/cells-feel-their-environment-to-explore-it\\\/\"]}]},{\"@type\":\"ImageObject\",\"inLanguage\":\"ca\",\"@id\":\"https:\\\/\\\/ibecbarcelona.eu\\\/ca\\\/cells-feel-their-environment-to-explore-it\\\/#primaryimage\",\"url\":\"https:\\\/\\\/ibecbarcelona.eu\\\/wp-content\\\/uploads\\\/2017\\\/12\\\/nature_procaweb.jpg\",\"contentUrl\":\"https:\\\/\\\/ibecbarcelona.eu\\\/wp-content\\\/uploads\\\/2017\\\/12\\\/nature_procaweb.jpg\",\"width\":400,\"height\":411},{\"@type\":\"BreadcrumbList\",\"@id\":\"https:\\\/\\\/ibecbarcelona.eu\\\/ca\\\/cells-feel-their-environment-to-explore-it\\\/#breadcrumb\",\"itemListElement\":[{\"@type\":\"ListItem\",\"position\":1,\"name\":\"Home\",\"item\":\"https:\\\/\\\/ibecbarcelona.eu\\\/ca\\\/\"},{\"@type\":\"ListItem\",\"position\":2,\"name\":\"Les c\u00e8l\u00b7lules temptegen el seu entorn per explorar-ho\"}]},{\"@type\":\"WebSite\",\"@id\":\"https:\\\/\\\/ibecbarcelona.eu\\\/#website\",\"url\":\"https:\\\/\\\/ibecbarcelona.eu\\\/\",\"name\":\"Institute for Bioengineering of Catalonia\",\"description\":\"Bioengineering Solutions for Health\",\"publisher\":{\"@id\":\"https:\\\/\\\/ibecbarcelona.eu\\\/#organization\"},\"potentialAction\":[{\"@type\":\"SearchAction\",\"target\":{\"@type\":\"EntryPoint\",\"urlTemplate\":\"https:\\\/\\\/ibecbarcelona.eu\\\/?s={search_term_string}\"},\"query-input\":{\"@type\":\"PropertyValueSpecification\",\"valueRequired\":true,\"valueName\":\"search_term_string\"}}],\"inLanguage\":\"ca\"},{\"@type\":\"Organization\",\"@id\":\"https:\\\/\\\/ibecbarcelona.eu\\\/#organization\",\"name\":\"Institute for Bioengineering of Catalonia\",\"url\":\"https:\\\/\\\/ibecbarcelona.eu\\\/\",\"logo\":{\"@type\":\"ImageObject\",\"inLanguage\":\"ca\",\"@id\":\"https:\\\/\\\/ibecbarcelona.eu\\\/#\\\/schema\\\/logo\\\/image\\\/\",\"url\":\"https:\\\/\\\/ibecbarcelona.eu\\\/wp-content\\\/uploads\\\/2026\\\/01\\\/cropped-IBEC_20ANYS_GRIS.png\",\"contentUrl\":\"https:\\\/\\\/ibecbarcelona.eu\\\/wp-content\\\/uploads\\\/2026\\\/01\\\/cropped-IBEC_20ANYS_GRIS.png\",\"width\":696,\"height\":257,\"caption\":\"Institute for Bioengineering of Catalonia\"},\"image\":{\"@id\":\"https:\\\/\\\/ibecbarcelona.eu\\\/#\\\/schema\\\/logo\\\/image\\\/\"}},{\"@type\":\"Person\",\"@id\":\"https:\\\/\\\/ibecbarcelona.eu\\\/#\\\/schema\\\/person\\\/c212c6b589546130be67986b9290e2b8\",\"name\":\"\u00c0ngels L\u00f3pez\",\"image\":{\"@type\":\"ImageObject\",\"inLanguage\":\"ca\",\"@id\":\"https:\\\/\\\/secure.gravatar.com\\\/avatar\\\/09ad6ba116bea0b15c5511860f83b302579fd7404c1180e9dae55c3f11d988c6?s=96&d=mm&r=g\",\"url\":\"https:\\\/\\\/secure.gravatar.com\\\/avatar\\\/09ad6ba116bea0b15c5511860f83b302579fd7404c1180e9dae55c3f11d988c6?s=96&d=mm&r=g\",\"contentUrl\":\"https:\\\/\\\/secure.gravatar.com\\\/avatar\\\/09ad6ba116bea0b15c5511860f83b302579fd7404c1180e9dae55c3f11d988c6?s=96&d=mm&r=g\",\"caption\":\"\u00c0ngels L\u00f3pez\"},\"url\":\"https:\\\/\\\/ibecbarcelona.eu\\\/ca\\\/author\\\/alopez\\\/\"}]}<\/script>\n<!-- \/ Yoast SEO plugin. -->","yoast_head_json":{"title":"Les c\u00e8l\u00b7lules temptegen el seu entorn per explorar-ho - Institute for Bioengineering of Catalonia","robots":{"index":"index","follow":"follow","max-snippet":"max-snippet:-1","max-image-preview":"max-image-preview:large","max-video-preview":"max-video-preview:-1"},"canonical":"https:\/\/ibecbarcelona.eu\/ca\/cells-feel-their-environment-to-explore-it\/","og_locale":"ca_ES","og_type":"article","og_title":"Les c\u00e8l\u00b7lules temptegen el seu entorn per explorar-ho - Institute for Bioengineering of Catalonia","og_description":"El proc\u00e9s mitjan\u00e7ant el qual les c\u00e8l\u00b7lules s\u00f3n capaces de percebre el seu entorn est\u00e0 regulat per la detecci\u00f3 de forces. Aquesta \u00e9s la principal conclusi\u00f3 d\u2019un estudi publicat a la revista Nature liderat per l\u2019equip de Pere Roca-Cusachs, investigador principal a l\u2019IBEC i professor a la UB, i que ha estat impulsat per la Fundaci\u00f3 Banc\u00e0ria \u201cla Caixa\u201d.   \u201cEn la recerca hem determinat com les c\u00e8l\u00b7lules detecten la posici\u00f3 de les mol\u00e8cules (o lligands) del seu entorn, amb precisi\u00f3 nanom\u00e8trica\u201d, explica Pere. \u201cEn adherir-se als seus lligands, les c\u00e8l\u00b7lules hi apliquen una for\u00e7a que poden detectar. Com que aquesta for\u00e7a dep\u00e8n de la distribuci\u00f3 espacial dels lligands, aix\u00f2 permet a les c\u00e8l\u00b7lules temptejar el seu entorn.","og_url":"https:\/\/ibecbarcelona.eu\/ca\/cells-feel-their-environment-to-explore-it\/","og_site_name":"Institute for Bioengineering of Catalonia","article_published_time":"2017-12-11T08:33:55+00:00","article_modified_time":"2017-12-11T08:41:36+00:00","og_image":[{"width":400,"height":411,"url":"https:\/\/ibecbarcelona.eu\/wp-content\/uploads\/2017\/12\/nature_procaweb.jpg","type":"image\/jpeg"}],"author":"\u00c0ngels L\u00f3pez","twitter_card":"summary_large_image","twitter_misc":{"Escrit per":"\u00c0ngels L\u00f3pez","Temps estimat de lectura":"3 minuts"},"schema":{"@context":"https:\/\/schema.org","@graph":[{"@type":"Article","@id":"https:\/\/ibecbarcelona.eu\/ca\/cells-feel-their-environment-to-explore-it\/#article","isPartOf":{"@id":"https:\/\/ibecbarcelona.eu\/ca\/cells-feel-their-environment-to-explore-it\/"},"author":{"name":"\u00c0ngels L\u00f3pez","@id":"https:\/\/ibecbarcelona.eu\/#\/schema\/person\/c212c6b589546130be67986b9290e2b8"},"headline":"Les c\u00e8l\u00b7lules temptegen el seu entorn per explorar-ho","datePublished":"2017-12-11T08:33:55+00:00","dateModified":"2017-12-11T08:41:36+00:00","mainEntityOfPage":{"@id":"https:\/\/ibecbarcelona.eu\/ca\/cells-feel-their-environment-to-explore-it\/"},"wordCount":553,"publisher":{"@id":"https:\/\/ibecbarcelona.eu\/#organization"},"image":{"@id":"https:\/\/ibecbarcelona.eu\/ca\/cells-feel-their-environment-to-explore-it\/#primaryimage"},"thumbnailUrl":"https:\/\/ibecbarcelona.eu\/wp-content\/uploads\/2017\/12\/nature_procaweb.jpg","articleSection":["Not\u00edcies de recerca"],"inLanguage":"ca"},{"@type":"WebPage","@id":"https:\/\/ibecbarcelona.eu\/ca\/cells-feel-their-environment-to-explore-it\/","url":"https:\/\/ibecbarcelona.eu\/ca\/cells-feel-their-environment-to-explore-it\/","name":"Les c\u00e8l\u00b7lules temptegen el seu entorn per explorar-ho - Institute for Bioengineering of Catalonia","isPartOf":{"@id":"https:\/\/ibecbarcelona.eu\/#website"},"primaryImageOfPage":{"@id":"https:\/\/ibecbarcelona.eu\/ca\/cells-feel-their-environment-to-explore-it\/#primaryimage"},"image":{"@id":"https:\/\/ibecbarcelona.eu\/ca\/cells-feel-their-environment-to-explore-it\/#primaryimage"},"thumbnailUrl":"https:\/\/ibecbarcelona.eu\/wp-content\/uploads\/2017\/12\/nature_procaweb.jpg","datePublished":"2017-12-11T08:33:55+00:00","dateModified":"2017-12-11T08:41:36+00:00","breadcrumb":{"@id":"https:\/\/ibecbarcelona.eu\/ca\/cells-feel-their-environment-to-explore-it\/#breadcrumb"},"inLanguage":"ca","potentialAction":[{"@type":"ReadAction","target":["https:\/\/ibecbarcelona.eu\/ca\/cells-feel-their-environment-to-explore-it\/"]}]},{"@type":"ImageObject","inLanguage":"ca","@id":"https:\/\/ibecbarcelona.eu\/ca\/cells-feel-their-environment-to-explore-it\/#primaryimage","url":"https:\/\/ibecbarcelona.eu\/wp-content\/uploads\/2017\/12\/nature_procaweb.jpg","contentUrl":"https:\/\/ibecbarcelona.eu\/wp-content\/uploads\/2017\/12\/nature_procaweb.jpg","width":400,"height":411},{"@type":"BreadcrumbList","@id":"https:\/\/ibecbarcelona.eu\/ca\/cells-feel-their-environment-to-explore-it\/#breadcrumb","itemListElement":[{"@type":"ListItem","position":1,"name":"Home","item":"https:\/\/ibecbarcelona.eu\/ca\/"},{"@type":"ListItem","position":2,"name":"Les c\u00e8l\u00b7lules temptegen el seu entorn per explorar-ho"}]},{"@type":"WebSite","@id":"https:\/\/ibecbarcelona.eu\/#website","url":"https:\/\/ibecbarcelona.eu\/","name":"Institute for Bioengineering of Catalonia","description":"Bioengineering Solutions for Health","publisher":{"@id":"https:\/\/ibecbarcelona.eu\/#organization"},"potentialAction":[{"@type":"SearchAction","target":{"@type":"EntryPoint","urlTemplate":"https:\/\/ibecbarcelona.eu\/?s={search_term_string}"},"query-input":{"@type":"PropertyValueSpecification","valueRequired":true,"valueName":"search_term_string"}}],"inLanguage":"ca"},{"@type":"Organization","@id":"https:\/\/ibecbarcelona.eu\/#organization","name":"Institute for Bioengineering of Catalonia","url":"https:\/\/ibecbarcelona.eu\/","logo":{"@type":"ImageObject","inLanguage":"ca","@id":"https:\/\/ibecbarcelona.eu\/#\/schema\/logo\/image\/","url":"https:\/\/ibecbarcelona.eu\/wp-content\/uploads\/2026\/01\/cropped-IBEC_20ANYS_GRIS.png","contentUrl":"https:\/\/ibecbarcelona.eu\/wp-content\/uploads\/2026\/01\/cropped-IBEC_20ANYS_GRIS.png","width":696,"height":257,"caption":"Institute for Bioengineering of Catalonia"},"image":{"@id":"https:\/\/ibecbarcelona.eu\/#\/schema\/logo\/image\/"}},{"@type":"Person","@id":"https:\/\/ibecbarcelona.eu\/#\/schema\/person\/c212c6b589546130be67986b9290e2b8","name":"\u00c0ngels L\u00f3pez","image":{"@type":"ImageObject","inLanguage":"ca","@id":"https:\/\/secure.gravatar.com\/avatar\/09ad6ba116bea0b15c5511860f83b302579fd7404c1180e9dae55c3f11d988c6?s=96&d=mm&r=g","url":"https:\/\/secure.gravatar.com\/avatar\/09ad6ba116bea0b15c5511860f83b302579fd7404c1180e9dae55c3f11d988c6?s=96&d=mm&r=g","contentUrl":"https:\/\/secure.gravatar.com\/avatar\/09ad6ba116bea0b15c5511860f83b302579fd7404c1180e9dae55c3f11d988c6?s=96&d=mm&r=g","caption":"\u00c0ngels L\u00f3pez"},"url":"https:\/\/ibecbarcelona.eu\/ca\/author\/alopez\/"}]}},"AFP_featured_media_urls":{"full":["https:\/\/ibecbarcelona.eu\/wp-content\/uploads\/2017\/12\/nature_procaweb.jpg",400,411,false],"thumbnail":["https:\/\/ibecbarcelona.eu\/wp-content\/uploads\/2017\/12\/nature_procaweb-150x150.jpg",150,150,true],"medium":["https:\/\/ibecbarcelona.eu\/wp-content\/uploads\/2017\/12\/nature_procaweb-292x300.jpg",292,300,true],"medium_large":["https:\/\/ibecbarcelona.eu\/wp-content\/uploads\/2017\/12\/nature_procaweb.jpg",400,411,false],"large":["https:\/\/ibecbarcelona.eu\/wp-content\/uploads\/2017\/12\/nature_procaweb.jpg",400,411,false]},"AFP_attachments":[],"AFP_videos":[],"AFP_video_blocks":"","AFP_category_names":["Not\u00edcies de recerca"],"_links":{"self":[{"href":"https:\/\/ibecbarcelona.eu\/ca\/wp-json\/wp\/v2\/posts\/56754","targetHints":{"allow":["GET"]}}],"collection":[{"href":"https:\/\/ibecbarcelona.eu\/ca\/wp-json\/wp\/v2\/posts"}],"about":[{"href":"https:\/\/ibecbarcelona.eu\/ca\/wp-json\/wp\/v2\/types\/post"}],"author":[{"embeddable":true,"href":"https:\/\/ibecbarcelona.eu\/ca\/wp-json\/wp\/v2\/users\/4"}],"replies":[{"embeddable":true,"href":"https:\/\/ibecbarcelona.eu\/ca\/wp-json\/wp\/v2\/comments?post=56754"}],"version-history":[{"count":5,"href":"https:\/\/ibecbarcelona.eu\/ca\/wp-json\/wp\/v2\/posts\/56754\/revisions"}],"predecessor-version":[{"id":56760,"href":"https:\/\/ibecbarcelona.eu\/ca\/wp-json\/wp\/v2\/posts\/56754\/revisions\/56760"}],"wp:featuredmedia":[{"embeddable":true,"href":"https:\/\/ibecbarcelona.eu\/ca\/wp-json\/wp\/v2\/media\/56751"}],"wp:attachment":[{"href":"https:\/\/ibecbarcelona.eu\/ca\/wp-json\/wp\/v2\/media?parent=56754"}],"wp:term":[{"taxonomy":"category","embeddable":true,"href":"https:\/\/ibecbarcelona.eu\/ca\/wp-json\/wp\/v2\/categories?post=56754"},{"taxonomy":"post_tag","embeddable":true,"href":"https:\/\/ibecbarcelona.eu\/ca\/wp-json\/wp\/v2\/tags?post=56754"},{"taxonomy":"post_format","embeddable":true,"href":"https:\/\/ibecbarcelona.eu\/ca\/wp-json\/wp\/v2\/post_formats?post=56754"}],"curies":[{"name":"wp","href":"https:\/\/api.w.org\/{rel}","templated":true}]}}