
{"id":6092,"date":"2011-10-13T07:28:16","date_gmt":"2011-10-13T07:28:16","guid":{"rendered":"http:\/\/ibecbarcelona.eu\/new\/dun-altre-mon\/"},"modified":"2015-01-07T15:27:13","modified_gmt":"2015-01-07T15:27:13","slug":"dun-altre-mon","status":"publish","type":"post","link":"https:\/\/ibecbarcelona.eu\/ca\/dun-altre-mon\/","title":{"rendered":"D\u2019un altre m\u00f3n"},"content":{"rendered":"<p> El Dr. Scott Parazynski, actualment Cap de Tecnologia i Director M\u00e8dic del The Methodist Hospital Research Institute (TMHRI), visitar\u00e0 la ciutat per participar en el 4rt Simposi IBEC de Bioenginyeria i Nanomedicina, els dies 18 i 19 d\u2019octubre. L\u2019esdeveniment d\u2019enguany, que des de la seva primera edici\u00f3 el 2007 ha reunit a experts de renom internacional per a participar en debats interdisciplinars i per a establir nous contactes, est\u00e0 acompanyat pel workshop Nanomedicine and Healthy Ageing que es celebra el segon dia.<\/p>\n<p>Durant la seva pertinen\u00e7a al Cos d\u2019Astronautes de la NASA, el Dr. Parazynski va ser el metge d\u2019a bord del transbordador espacial i va estar al c\u00e0rrec dels experiments sobre \u2018envelliment a l\u2019espai\u2019 fets al Senador John Glenn durant el vol STS-95 al 1998. Metge i expert sobre l\u2019efecte del proc\u00e9s de l\u2019envelliment en condicions d\u2019estr\u00e8s i l\u2019adaptaci\u00f3 humana als medis dif\u00edcils, el Dr. Parazynski est\u00e0 desenvolupant un programa que compr\u00e8n a diverses plataformes de nanotecnologia al TMHRI per a centrar-se espec\u00edficament en l\u2019envelliment saludable i ajudar als cient\u00edfics i els professionals m\u00e8dics a desenvolupar tecnologies que algun dia reformin l\u2019assist\u00e8ncia m\u00e8dica a tot el m\u00f3n.<\/p>\n<p>Amb assoliments com 47 hores de passejades espacials, pujar al cim de l\u2019Everest i una immersi\u00f3 cient\u00edfica al llac a m\u00e9s altitud del m\u00f3n, dins del volc\u00e0 Licancabur als Andes, al Dr. Parazynski no se\u2019l pot descriure com alg\u00fa que toca de peus a terra. Compartir\u00e0 les seves experi\u00e8ncies \u2018extraplanet\u00e0ries\u2019 junt amb altres experts d\u2019una s\u00e8rie de camps \u2013 biotecnologia cel\u00b7lular, nanobiotecnologia, biomec\u00e0nica, biomaterials, enginyeria de teixits, neurobiologia, medicina molecular i rob\u00f2tica \u2013 al 4rt Simposi IBEC i al workshop. <\/p>\n<p>\u00a0<\/p>\n<p>Per a m\u00e9s informaci\u00f3, aneu a <a href=\"%7Eevents\/symposium2011\/\">https:\/\/ibecbarcelona.eu\/~events\/symposium2011\/<\/a><\/p>\n<p>La p\u00e0gina web d\u2019Scott Parazynski: <a href=\"http:\/\/www.parazynski.com\/\">http:\/\/www.parazynski.com\/<\/a><\/p>\n","protected":false},"excerpt":{"rendered":"<p><img decoding=\"async\" class=\"left size-full wp-image-6088 lazyload\" data-src=\"https:\/\/ibecbarcelona.eu\/wp-content\/uploads\/2011\/10\/conf.jpg\" border=\"0\" width=\"400\" height=\"267\" data-srcset=\"https:\/\/ibecbarcelona.eu\/wp-content\/uploads\/2011\/10\/conf.jpg 400w, https:\/\/ibecbarcelona.eu\/wp-content\/uploads\/2011\/10\/conf-300x200.jpg 300w, https:\/\/ibecbarcelona.eu\/wp-content\/uploads\/2011\/10\/conf-224x150.jpg 224w, https:\/\/ibecbarcelona.eu\/wp-content\/uploads\/2011\/10\/conf-150x100.jpg 150w\" data-sizes=\"(max-width: 400px) 100vw, 400px\" src=\"data:image\/svg+xml;base64,PHN2ZyB3aWR0aD0iMSIgaGVpZ2h0PSIxIiB4bWxucz0iaHR0cDovL3d3dy53My5vcmcvMjAwMC9zdmciPjwvc3ZnPg==\" style=\"--smush-placeholder-width: 400px; --smush-placeholder-aspect-ratio: 400\/267;\" \/>Aquest mes, l\u2019Institut de Bioenginyeria de Catalunya (IBEC) tindr\u00e1 com a convidat un ex-astronauta que tamb\u00e9 va ser el primer membre de la seva professi\u00f3 en fer el cim de l\u2019Everest.<\/p>\n","protected":false},"author":4,"featured_media":6088,"comment_status":"closed","ping_status":"closed","sticky":false,"template":"","format":"standard","meta":{"footnotes":""},"categories":[98],"tags":[],"post_formats":[],"class_list":["post-6092","post","type-post","status-publish","format-standard","has-post-thumbnail","hentry","category-noticies-institucionals"],"yoast_head":"<!-- This site is optimized with the Yoast SEO plugin v27.5 - https:\/\/yoast.com\/product\/yoast-seo-wordpress\/ -->\n<title>D\u2019un altre m\u00f3n - Institute for Bioengineering of Catalonia<\/title>\n<meta name=\"robots\" content=\"index, follow, max-snippet:-1, max-image-preview:large, max-video-preview:-1\" \/>\n<link rel=\"canonical\" href=\"https:\/\/ibecbarcelona.eu\/ca\/dun-altre-mon\/\" \/>\n<meta property=\"og:locale\" content=\"ca_ES\" \/>\n<meta property=\"og:type\" content=\"article\" \/>\n<meta property=\"og:title\" content=\"D\u2019un altre m\u00f3n - Institute for Bioengineering of Catalonia\" \/>\n<meta property=\"og:description\" content=\"Aquest mes, l\u2019Institut de Bioenginyeria de Catalunya (IBEC) tindr\u00e1 com a convidat un ex-astronauta que tamb\u00e9 va ser el primer membre de la seva professi\u00f3 en fer el cim de l\u2019Everest.\" \/>\n<meta property=\"og:url\" content=\"https:\/\/ibecbarcelona.eu\/ca\/dun-altre-mon\/\" \/>\n<meta property=\"og:site_name\" content=\"Institute for Bioengineering of Catalonia\" \/>\n<meta property=\"article:published_time\" content=\"2011-10-13T07:28:16+00:00\" \/>\n<meta property=\"article:modified_time\" content=\"2015-01-07T15:27:13+00:00\" \/>\n<meta property=\"og:image\" content=\"https:\/\/ibecbarcelona.eu\/wp-content\/uploads\/2011\/10\/conf.jpg\" \/>\n\t<meta property=\"og:image:width\" content=\"400\" \/>\n\t<meta property=\"og:image:height\" content=\"267\" \/>\n\t<meta property=\"og:image:type\" content=\"image\/jpeg\" \/>\n<meta name=\"author\" content=\"\u00c0ngels L\u00f3pez\" \/>\n<meta name=\"twitter:card\" content=\"summary_large_image\" \/>\n<meta name=\"twitter:label1\" content=\"Escrit per\" \/>\n\t<meta name=\"twitter:data1\" content=\"\u00c0ngels L\u00f3pez\" \/>\n\t<meta name=\"twitter:label2\" content=\"Temps estimat de lectura\" \/>\n\t<meta name=\"twitter:data2\" content=\"2 minuts\" \/>\n<script type=\"application\/ld+json\" class=\"yoast-schema-graph\">{\"@context\":\"https:\\\/\\\/schema.org\",\"@graph\":[{\"@type\":\"Article\",\"@id\":\"https:\\\/\\\/ibecbarcelona.eu\\\/ca\\\/dun-altre-mon\\\/#article\",\"isPartOf\":{\"@id\":\"https:\\\/\\\/ibecbarcelona.eu\\\/ca\\\/dun-altre-mon\\\/\"},\"author\":{\"name\":\"\u00c0ngels L\u00f3pez\",\"@id\":\"https:\\\/\\\/ibecbarcelona.eu\\\/#\\\/schema\\\/person\\\/c212c6b589546130be67986b9290e2b8\"},\"headline\":\"D\u2019un altre m\u00f3n\",\"datePublished\":\"2011-10-13T07:28:16+00:00\",\"dateModified\":\"2015-01-07T15:27:13+00:00\",\"mainEntityOfPage\":{\"@id\":\"https:\\\/\\\/ibecbarcelona.eu\\\/ca\\\/dun-altre-mon\\\/\"},\"wordCount\":326,\"publisher\":{\"@id\":\"https:\\\/\\\/ibecbarcelona.eu\\\/#organization\"},\"image\":{\"@id\":\"https:\\\/\\\/ibecbarcelona.eu\\\/ca\\\/dun-altre-mon\\\/#primaryimage\"},\"thumbnailUrl\":\"https:\\\/\\\/ibecbarcelona.eu\\\/wp-content\\\/uploads\\\/2011\\\/10\\\/conf.jpg\",\"articleSection\":[\"Not\u00edcies institucionals\"],\"inLanguage\":\"ca\"},{\"@type\":\"WebPage\",\"@id\":\"https:\\\/\\\/ibecbarcelona.eu\\\/ca\\\/dun-altre-mon\\\/\",\"url\":\"https:\\\/\\\/ibecbarcelona.eu\\\/ca\\\/dun-altre-mon\\\/\",\"name\":\"D\u2019un altre m\u00f3n - Institute for Bioengineering of Catalonia\",\"isPartOf\":{\"@id\":\"https:\\\/\\\/ibecbarcelona.eu\\\/#website\"},\"primaryImageOfPage\":{\"@id\":\"https:\\\/\\\/ibecbarcelona.eu\\\/ca\\\/dun-altre-mon\\\/#primaryimage\"},\"image\":{\"@id\":\"https:\\\/\\\/ibecbarcelona.eu\\\/ca\\\/dun-altre-mon\\\/#primaryimage\"},\"thumbnailUrl\":\"https:\\\/\\\/ibecbarcelona.eu\\\/wp-content\\\/uploads\\\/2011\\\/10\\\/conf.jpg\",\"datePublished\":\"2011-10-13T07:28:16+00:00\",\"dateModified\":\"2015-01-07T15:27:13+00:00\",\"breadcrumb\":{\"@id\":\"https:\\\/\\\/ibecbarcelona.eu\\\/ca\\\/dun-altre-mon\\\/#breadcrumb\"},\"inLanguage\":\"ca\",\"potentialAction\":[{\"@type\":\"ReadAction\",\"target\":[\"https:\\\/\\\/ibecbarcelona.eu\\\/ca\\\/dun-altre-mon\\\/\"]}]},{\"@type\":\"ImageObject\",\"inLanguage\":\"ca\",\"@id\":\"https:\\\/\\\/ibecbarcelona.eu\\\/ca\\\/dun-altre-mon\\\/#primaryimage\",\"url\":\"https:\\\/\\\/ibecbarcelona.eu\\\/wp-content\\\/uploads\\\/2011\\\/10\\\/conf.jpg\",\"contentUrl\":\"https:\\\/\\\/ibecbarcelona.eu\\\/wp-content\\\/uploads\\\/2011\\\/10\\\/conf.jpg\",\"width\":400,\"height\":267},{\"@type\":\"BreadcrumbList\",\"@id\":\"https:\\\/\\\/ibecbarcelona.eu\\\/ca\\\/dun-altre-mon\\\/#breadcrumb\",\"itemListElement\":[{\"@type\":\"ListItem\",\"position\":1,\"name\":\"Home\",\"item\":\"https:\\\/\\\/ibecbarcelona.eu\\\/ca\\\/\"},{\"@type\":\"ListItem\",\"position\":2,\"name\":\"D\u2019un altre m\u00f3n\"}]},{\"@type\":\"WebSite\",\"@id\":\"https:\\\/\\\/ibecbarcelona.eu\\\/#website\",\"url\":\"https:\\\/\\\/ibecbarcelona.eu\\\/\",\"name\":\"Institute for Bioengineering of Catalonia\",\"description\":\"Bioengineering Solutions for Health\",\"publisher\":{\"@id\":\"https:\\\/\\\/ibecbarcelona.eu\\\/#organization\"},\"potentialAction\":[{\"@type\":\"SearchAction\",\"target\":{\"@type\":\"EntryPoint\",\"urlTemplate\":\"https:\\\/\\\/ibecbarcelona.eu\\\/?s={search_term_string}\"},\"query-input\":{\"@type\":\"PropertyValueSpecification\",\"valueRequired\":true,\"valueName\":\"search_term_string\"}}],\"inLanguage\":\"ca\"},{\"@type\":\"Organization\",\"@id\":\"https:\\\/\\\/ibecbarcelona.eu\\\/#organization\",\"name\":\"Institute for Bioengineering of Catalonia\",\"url\":\"https:\\\/\\\/ibecbarcelona.eu\\\/\",\"logo\":{\"@type\":\"ImageObject\",\"inLanguage\":\"ca\",\"@id\":\"https:\\\/\\\/ibecbarcelona.eu\\\/#\\\/schema\\\/logo\\\/image\\\/\",\"url\":\"https:\\\/\\\/ibecbarcelona.eu\\\/wp-content\\\/uploads\\\/2026\\\/01\\\/cropped-IBEC_20ANYS_GRIS.png\",\"contentUrl\":\"https:\\\/\\\/ibecbarcelona.eu\\\/wp-content\\\/uploads\\\/2026\\\/01\\\/cropped-IBEC_20ANYS_GRIS.png\",\"width\":696,\"height\":257,\"caption\":\"Institute for Bioengineering of Catalonia\"},\"image\":{\"@id\":\"https:\\\/\\\/ibecbarcelona.eu\\\/#\\\/schema\\\/logo\\\/image\\\/\"}},{\"@type\":\"Person\",\"@id\":\"https:\\\/\\\/ibecbarcelona.eu\\\/#\\\/schema\\\/person\\\/c212c6b589546130be67986b9290e2b8\",\"name\":\"\u00c0ngels L\u00f3pez\",\"image\":{\"@type\":\"ImageObject\",\"inLanguage\":\"ca\",\"@id\":\"https:\\\/\\\/secure.gravatar.com\\\/avatar\\\/09ad6ba116bea0b15c5511860f83b302579fd7404c1180e9dae55c3f11d988c6?s=96&d=mm&r=g\",\"url\":\"https:\\\/\\\/secure.gravatar.com\\\/avatar\\\/09ad6ba116bea0b15c5511860f83b302579fd7404c1180e9dae55c3f11d988c6?s=96&d=mm&r=g\",\"contentUrl\":\"https:\\\/\\\/secure.gravatar.com\\\/avatar\\\/09ad6ba116bea0b15c5511860f83b302579fd7404c1180e9dae55c3f11d988c6?s=96&d=mm&r=g\",\"caption\":\"\u00c0ngels L\u00f3pez\"},\"url\":\"https:\\\/\\\/ibecbarcelona.eu\\\/ca\\\/author\\\/alopez\\\/\"}]}<\/script>\n<!-- \/ Yoast SEO plugin. -->","yoast_head_json":{"title":"D\u2019un altre m\u00f3n - Institute for Bioengineering of Catalonia","robots":{"index":"index","follow":"follow","max-snippet":"max-snippet:-1","max-image-preview":"max-image-preview:large","max-video-preview":"max-video-preview:-1"},"canonical":"https:\/\/ibecbarcelona.eu\/ca\/dun-altre-mon\/","og_locale":"ca_ES","og_type":"article","og_title":"D\u2019un altre m\u00f3n - Institute for Bioengineering of Catalonia","og_description":"Aquest mes, l\u2019Institut de Bioenginyeria de Catalunya (IBEC) tindr\u00e1 com a convidat un ex-astronauta que tamb\u00e9 va ser el primer membre de la seva professi\u00f3 en fer el cim de l\u2019Everest.","og_url":"https:\/\/ibecbarcelona.eu\/ca\/dun-altre-mon\/","og_site_name":"Institute for Bioengineering of Catalonia","article_published_time":"2011-10-13T07:28:16+00:00","article_modified_time":"2015-01-07T15:27:13+00:00","og_image":[{"width":400,"height":267,"url":"https:\/\/ibecbarcelona.eu\/wp-content\/uploads\/2011\/10\/conf.jpg","type":"image\/jpeg"}],"author":"\u00c0ngels L\u00f3pez","twitter_card":"summary_large_image","twitter_misc":{"Escrit per":"\u00c0ngels L\u00f3pez","Temps estimat de lectura":"2 minuts"},"schema":{"@context":"https:\/\/schema.org","@graph":[{"@type":"Article","@id":"https:\/\/ibecbarcelona.eu\/ca\/dun-altre-mon\/#article","isPartOf":{"@id":"https:\/\/ibecbarcelona.eu\/ca\/dun-altre-mon\/"},"author":{"name":"\u00c0ngels L\u00f3pez","@id":"https:\/\/ibecbarcelona.eu\/#\/schema\/person\/c212c6b589546130be67986b9290e2b8"},"headline":"D\u2019un altre m\u00f3n","datePublished":"2011-10-13T07:28:16+00:00","dateModified":"2015-01-07T15:27:13+00:00","mainEntityOfPage":{"@id":"https:\/\/ibecbarcelona.eu\/ca\/dun-altre-mon\/"},"wordCount":326,"publisher":{"@id":"https:\/\/ibecbarcelona.eu\/#organization"},"image":{"@id":"https:\/\/ibecbarcelona.eu\/ca\/dun-altre-mon\/#primaryimage"},"thumbnailUrl":"https:\/\/ibecbarcelona.eu\/wp-content\/uploads\/2011\/10\/conf.jpg","articleSection":["Not\u00edcies institucionals"],"inLanguage":"ca"},{"@type":"WebPage","@id":"https:\/\/ibecbarcelona.eu\/ca\/dun-altre-mon\/","url":"https:\/\/ibecbarcelona.eu\/ca\/dun-altre-mon\/","name":"D\u2019un altre m\u00f3n - Institute for Bioengineering of Catalonia","isPartOf":{"@id":"https:\/\/ibecbarcelona.eu\/#website"},"primaryImageOfPage":{"@id":"https:\/\/ibecbarcelona.eu\/ca\/dun-altre-mon\/#primaryimage"},"image":{"@id":"https:\/\/ibecbarcelona.eu\/ca\/dun-altre-mon\/#primaryimage"},"thumbnailUrl":"https:\/\/ibecbarcelona.eu\/wp-content\/uploads\/2011\/10\/conf.jpg","datePublished":"2011-10-13T07:28:16+00:00","dateModified":"2015-01-07T15:27:13+00:00","breadcrumb":{"@id":"https:\/\/ibecbarcelona.eu\/ca\/dun-altre-mon\/#breadcrumb"},"inLanguage":"ca","potentialAction":[{"@type":"ReadAction","target":["https:\/\/ibecbarcelona.eu\/ca\/dun-altre-mon\/"]}]},{"@type":"ImageObject","inLanguage":"ca","@id":"https:\/\/ibecbarcelona.eu\/ca\/dun-altre-mon\/#primaryimage","url":"https:\/\/ibecbarcelona.eu\/wp-content\/uploads\/2011\/10\/conf.jpg","contentUrl":"https:\/\/ibecbarcelona.eu\/wp-content\/uploads\/2011\/10\/conf.jpg","width":400,"height":267},{"@type":"BreadcrumbList","@id":"https:\/\/ibecbarcelona.eu\/ca\/dun-altre-mon\/#breadcrumb","itemListElement":[{"@type":"ListItem","position":1,"name":"Home","item":"https:\/\/ibecbarcelona.eu\/ca\/"},{"@type":"ListItem","position":2,"name":"D\u2019un altre m\u00f3n"}]},{"@type":"WebSite","@id":"https:\/\/ibecbarcelona.eu\/#website","url":"https:\/\/ibecbarcelona.eu\/","name":"Institute for Bioengineering of Catalonia","description":"Bioengineering Solutions for Health","publisher":{"@id":"https:\/\/ibecbarcelona.eu\/#organization"},"potentialAction":[{"@type":"SearchAction","target":{"@type":"EntryPoint","urlTemplate":"https:\/\/ibecbarcelona.eu\/?s={search_term_string}"},"query-input":{"@type":"PropertyValueSpecification","valueRequired":true,"valueName":"search_term_string"}}],"inLanguage":"ca"},{"@type":"Organization","@id":"https:\/\/ibecbarcelona.eu\/#organization","name":"Institute for Bioengineering of Catalonia","url":"https:\/\/ibecbarcelona.eu\/","logo":{"@type":"ImageObject","inLanguage":"ca","@id":"https:\/\/ibecbarcelona.eu\/#\/schema\/logo\/image\/","url":"https:\/\/ibecbarcelona.eu\/wp-content\/uploads\/2026\/01\/cropped-IBEC_20ANYS_GRIS.png","contentUrl":"https:\/\/ibecbarcelona.eu\/wp-content\/uploads\/2026\/01\/cropped-IBEC_20ANYS_GRIS.png","width":696,"height":257,"caption":"Institute for Bioengineering of Catalonia"},"image":{"@id":"https:\/\/ibecbarcelona.eu\/#\/schema\/logo\/image\/"}},{"@type":"Person","@id":"https:\/\/ibecbarcelona.eu\/#\/schema\/person\/c212c6b589546130be67986b9290e2b8","name":"\u00c0ngels L\u00f3pez","image":{"@type":"ImageObject","inLanguage":"ca","@id":"https:\/\/secure.gravatar.com\/avatar\/09ad6ba116bea0b15c5511860f83b302579fd7404c1180e9dae55c3f11d988c6?s=96&d=mm&r=g","url":"https:\/\/secure.gravatar.com\/avatar\/09ad6ba116bea0b15c5511860f83b302579fd7404c1180e9dae55c3f11d988c6?s=96&d=mm&r=g","contentUrl":"https:\/\/secure.gravatar.com\/avatar\/09ad6ba116bea0b15c5511860f83b302579fd7404c1180e9dae55c3f11d988c6?s=96&d=mm&r=g","caption":"\u00c0ngels L\u00f3pez"},"url":"https:\/\/ibecbarcelona.eu\/ca\/author\/alopez\/"}]}},"AFP_featured_media_urls":{"full":["https:\/\/ibecbarcelona.eu\/wp-content\/uploads\/2011\/10\/conf.jpg",400,267,false],"thumbnail":["https:\/\/ibecbarcelona.eu\/wp-content\/uploads\/2011\/10\/conf-150x150.jpg",150,150,true],"medium":["https:\/\/ibecbarcelona.eu\/wp-content\/uploads\/2011\/10\/conf-300x200.jpg",300,200,true],"medium_large":["https:\/\/ibecbarcelona.eu\/wp-content\/uploads\/2011\/10\/conf.jpg",400,267,false],"large":["https:\/\/ibecbarcelona.eu\/wp-content\/uploads\/2011\/10\/conf.jpg",400,267,false]},"AFP_attachments":{"full":["https:\/\/ibecbarcelona.eu\/wp-content\/uploads\/2011\/10\/conf.jpg",400,267,false],"thumbnail":["https:\/\/ibecbarcelona.eu\/wp-content\/uploads\/2011\/10\/conf-150x150.jpg",150,150,true],"medium":["https:\/\/ibecbarcelona.eu\/wp-content\/uploads\/2011\/10\/conf-300x200.jpg",300,200,true],"medium_large":["https:\/\/ibecbarcelona.eu\/wp-content\/uploads\/2011\/10\/conf.jpg",400,267,false],"large":["https:\/\/ibecbarcelona.eu\/wp-content\/uploads\/2011\/10\/conf.jpg",400,267,false]},"AFP_videos":[],"AFP_video_blocks":"","AFP_category_names":["Not\u00edcies institucionals"],"_links":{"self":[{"href":"https:\/\/ibecbarcelona.eu\/ca\/wp-json\/wp\/v2\/posts\/6092","targetHints":{"allow":["GET"]}}],"collection":[{"href":"https:\/\/ibecbarcelona.eu\/ca\/wp-json\/wp\/v2\/posts"}],"about":[{"href":"https:\/\/ibecbarcelona.eu\/ca\/wp-json\/wp\/v2\/types\/post"}],"author":[{"embeddable":true,"href":"https:\/\/ibecbarcelona.eu\/ca\/wp-json\/wp\/v2\/users\/4"}],"replies":[{"embeddable":true,"href":"https:\/\/ibecbarcelona.eu\/ca\/wp-json\/wp\/v2\/comments?post=6092"}],"version-history":[{"count":0,"href":"https:\/\/ibecbarcelona.eu\/ca\/wp-json\/wp\/v2\/posts\/6092\/revisions"}],"wp:featuredmedia":[{"embeddable":true,"href":"https:\/\/ibecbarcelona.eu\/ca\/wp-json\/wp\/v2\/media\/6088"}],"wp:attachment":[{"href":"https:\/\/ibecbarcelona.eu\/ca\/wp-json\/wp\/v2\/media?parent=6092"}],"wp:term":[{"taxonomy":"category","embeddable":true,"href":"https:\/\/ibecbarcelona.eu\/ca\/wp-json\/wp\/v2\/categories?post=6092"},{"taxonomy":"post_tag","embeddable":true,"href":"https:\/\/ibecbarcelona.eu\/ca\/wp-json\/wp\/v2\/tags?post=6092"},{"taxonomy":"post_format","embeddable":true,"href":"https:\/\/ibecbarcelona.eu\/ca\/wp-json\/wp\/v2\/post_formats?post=6092"}],"curies":[{"name":"wp","href":"https:\/\/api.w.org\/{rel}","templated":true}]}}