
{"id":65721,"date":"2019-02-21T16:10:24","date_gmt":"2019-02-21T15:10:24","guid":{"rendered":"http:\/\/ibecbarcelona.eu\/?p=65721"},"modified":"2019-02-25T13:07:33","modified_gmt":"2019-02-25T12:07:33","slug":"escola-destiu-2019-sobre-la-mecanobiologia-del-cancer","status":"publish","type":"post","link":"https:\/\/ibecbarcelona.eu\/ca\/escola-destiu-2019-sobre-la-mecanobiologia-del-cancer\/","title":{"rendered":"Escola d\u2019estiu 2019 sobre la Mecanobiologia del C\u00e0ncer"},"content":{"rendered":"<p>A la tarda, hi haur\u00e0 tallers pr\u00e0ctics de 2-3 hores, impartits pels investigadors principals del consorci MECHANO\u00b7CONTROL. El curs tamb\u00e9 inclour\u00e0 activitats de temps lliure.<\/p>\n<p>L&#8217;assist\u00e8ncia a l&#8217;escola d&#8217;estiu est\u00e0 oberta a tots els estudiants, postdocs i professionals interessats, encara que es donar\u00e0 prioritat als investigadors j\u00fanior (fins a l&#8217;etapa postdoctoral).<\/p>\n<p>Pr\u00f2ximament s&#8217;obrir\u00e0 la p\u00e0gina web de l&#8217;escola d&#8217;estiu de Mecanobiologia del C\u00e0ncer 2019, on podreu trobar informaci\u00f3 m\u00e9s detallada sobre totes les activitats que es duran a terme, el proc\u00e9s a seguir per a registrar-se i els terminis tant per al registre com per a l&#8217;enviament dels abstracts per a les xerrades.<\/p>\n<p>Els 6 ponents confirmats a l\u2019escola d\u2019estiu s\u00f3n:<\/p>\n<ul>\n<li><strong>Marija Plodinec<\/strong> (University Hospital Basel)<\/li>\n<li><strong>Andrew Ewald<\/strong> (Johns Hopkins University School of Medicine)<\/li>\n<li><strong>Peter Friedl<\/strong> (Radboud University Nijmegen)<\/li>\n<li><strong>Guillaume Salbreux<\/strong> (Francis Crick Institute)<\/li>\n<li><strong>Christina Scheel<\/strong> (Institute of Stem Cell Research, Helmholtz Center Munich)<\/li>\n<li><strong>Buzz Baum<\/strong> (Medical Research Council Laboratory for Molecular Cell Biology at UCL)<\/li>\n<\/ul>\n<p>A m\u00e9s, tots els membres del consorci MECHANO\u00b7CONTROL assistiran a l&#8217;escola d&#8217;estiu i impartiran alguns dels tallers: Ar\u00e1nzazu del Campo (Leibniz-Institut f\u00fcr Neue Materialien, INM), Sergi Garcia-Manyes (King&#8217;s College London, KCL), Pere Roca-Cusachs and Xavier Trepat (Institut de Bioenginyeria de Catalunya, IBEC), Patrick Derksen i Johan de Rooij (University Medical Center Utrecht, UMCU), Marino Arroyo (Universitat Polit\u00e8cnica de Catalunya, UPC) i les empreses NovioCell i Mind the Byte.Llista preliminar dels tallers que s\u2019impartiran:<\/p>\n<ul>\n<li>Mec\u00e0nica d\u2019hidrogel<\/li>\n<li>Disseny de gels sintonitzables<\/li>\n<li>Modelat biomec\u00e0nic<\/li>\n<li>Biologia del c\u00e0ncer de mama<\/li>\n<li>Mec\u00e0nica d\u2019una sola mol\u00e8cula<\/li>\n<li>Descobriment de medicaments<\/li>\n<\/ul>\n<p><strong><u>Sobre MECHANO\u00b7CONTROL<\/u><\/strong><\/p>\n<p>El projecte MECHANO\u00b7CONTROL es centra en el control mec\u00e0nic de la funci\u00f3 biol\u00f2gica. Les forces mec\u00e0niques que es transmeten a trav\u00e9s dels enlla\u00e7os moleculars espec\u00edfics, impulsen la funci\u00f3 biol\u00f2gica, i la seva comprensi\u00f3 i control tenen un potencial inexplorat en oncologia, medicina regenerativa i disseny de biomaterials.<\/p>\n<p>MECHANO\u00b7CONTROL es proposa abordar aquest repte mitjan\u00e7ant la construcci\u00f3 d&#8217;una comunitat d&#8217;investigaci\u00f3 interdisciplin\u00e0ria amb l&#8217;objectiu de comprendre i controlar la mec\u00e0nica cel\u00b7lular des de l&#8217;escala molecular fins a l&#8217;escala d&#8217;organisme. En totes les etapes i escales del projecte, s&#8217;integraran dades experimentals amb models computacionals d&#8217;escala m\u00faltiple per a establir les regles que impulsen la resposta biol\u00f2gica a la mec\u00e0nica i l&#8217;adhesi\u00f3. Amb aquesta visi\u00f3, pret\u00e9n explorar nous enfocaments terap\u00e8utics m\u00e9s enll\u00e0 del paradigma actual en el tractament dl c\u00e0ncer de mama. Si els socis del projecte poden comprendre la biomec\u00e0nica del c\u00e0ncer des del nivell molecular fins a l&#8217;escala de tot un \u00f2rgan, podran controlar les forces mec\u00e0niques per a restaurar el comportament de les c\u00e8l\u00b7lules sanes i inhibir la progressi\u00f3 del tumor.<\/p>\n<p>M\u00e9s enll\u00e0 del c\u00e0ncer de mama, els principis generals als quals es dirigeix aquesta tecnologia tindran una alta aplicabilitat en oncologia, medicina regenerativa, biomaterials i molts altres processos biol\u00f2gics i malalties.<\/p>\n<p>MECHANO\u00b7CONTROL \u00e9s un projecte finan\u00e7at per la Comissi\u00f3 Europea, dins del programa proactiu de Tecnologies Futures i Emergents (FET).<\/p>\n","protected":false},"excerpt":{"rendered":"<h3><img decoding=\"async\" class=\"alignnleft size-full wp-image-65728 lazyload\" data-src=\"http:\/\/www.ibecbarcelona.eu\/wp-content\/uploads\/2019\/02\/logo_mechanocontrol.jpg\" alt=\"\" width=\"400\" height=\"\" data-srcset=\"https:\/\/ibecbarcelona.eu\/wp-content\/uploads\/2019\/02\/logo_mechanocontrol.jpg 1975w, https:\/\/ibecbarcelona.eu\/wp-content\/uploads\/2019\/02\/logo_mechanocontrol-300x116.jpg 300w, https:\/\/ibecbarcelona.eu\/wp-content\/uploads\/2019\/02\/logo_mechanocontrol-768x298.jpg 768w, https:\/\/ibecbarcelona.eu\/wp-content\/uploads\/2019\/02\/logo_mechanocontrol-1024x397.jpg 1024w, https:\/\/ibecbarcelona.eu\/wp-content\/uploads\/2019\/02\/logo_mechanocontrol-230x89.jpg 230w, https:\/\/ibecbarcelona.eu\/wp-content\/uploads\/2019\/02\/logo_mechanocontrol-150x58.jpg 150w\" data-sizes=\"(max-width: 1975px) 100vw, 1975px\" src=\"data:image\/svg+xml;base64,PHN2ZyB3aWR0aD0iMSIgaGVpZ2h0PSIxIiB4bWxucz0iaHR0cDovL3d3dy53My5vcmcvMjAwMC9zdmciPjwvc3ZnPg==\" \/>  El consorci MECHANO\u00b7CONTROL, liderat per diverses institucions d&#8217;investigaci\u00f3 d&#8217;Europa, llan\u00e7a una escola d&#8217;estiu que tindr\u00e0 lloc del 17 al 20 de setembre de 2019 a l&#8217;Eco-Resort a La Cerdanya. L&#8217;objectiu de l&#8217;escola d&#8217;estiu \u00e9s proporcionar formaci\u00f3 en mecanobiologia, i espec\u00edficament, la seva aplicaci\u00f3 en el c\u00e0ncer de mama. <\/h3>\n<p> Aquesta escola, inclour\u00e0 confer\u00e8ncies, aix\u00ed com tallers pr\u00e0ctics en diferents t\u00e8cniques i disciplines, que van des del modelatge a la biomec\u00e0nica, fins a la biologia del c\u00e0ncer. Hi haur\u00e0 sessions cient\u00edfiques al mat\u00ed, en les que es barrejaran confer\u00e8ncies dels 6 ponents principals amb 18 xerrades curtes seleccionades a partir dels abstract dels investigadors j\u00fanior que assistiran a l&#8217;escola.<\/p>\n","protected":false},"author":4,"featured_media":65726,"comment_status":"closed","ping_status":"closed","sticky":false,"template":"","format":"standard","meta":{"footnotes":""},"categories":[98],"tags":[449,257,447,448],"post_formats":[],"class_list":["post-65721","post","type-post","status-publish","format-standard","has-post-thumbnail","hentry","category-noticies-institucionals","tag-h2020","tag-mechanobiology","tag-mechanocontrol","tag-summer-school"],"yoast_head":"<!-- This site is optimized with the Yoast SEO plugin v27.5 - https:\/\/yoast.com\/product\/yoast-seo-wordpress\/ -->\n<title>Escola d\u2019estiu 2019 sobre la Mecanobiologia del C\u00e0ncer - Institute for Bioengineering of Catalonia<\/title>\n<meta name=\"robots\" content=\"index, follow, max-snippet:-1, max-image-preview:large, max-video-preview:-1\" \/>\n<link rel=\"canonical\" href=\"https:\/\/ibecbarcelona.eu\/ca\/escola-destiu-2019-sobre-la-mecanobiologia-del-cancer\/\" \/>\n<meta property=\"og:locale\" content=\"ca_ES\" \/>\n<meta property=\"og:type\" content=\"article\" \/>\n<meta property=\"og:title\" content=\"Escola d\u2019estiu 2019 sobre la Mecanobiologia del C\u00e0ncer - Institute for Bioengineering of Catalonia\" \/>\n<meta property=\"og:description\" content=\"El consorci MECHANO\u00b7CONTROL, liderat per diverses institucions d&#039;investigaci\u00f3 d&#039;Europa, llan\u00e7a una escola d&#039;estiu que tindr\u00e0 lloc del 17 al 20 de setembre de 2019 a l&#039;Eco-Resort a La Cerdanya. L&#039;objectiu de l&#039;escola d&#039;estiu \u00e9s proporcionar formaci\u00f3 en mecanobiologia, i espec\u00edficament, la seva aplicaci\u00f3 en el c\u00e0ncer de mama. Aquesta escola, inclour\u00e0 confer\u00e8ncies, aix\u00ed com tallers pr\u00e0ctics en diferents t\u00e8cniques i disciplines, que van des del modelatge a la biomec\u00e0nica, fins a la biologia del c\u00e0ncer. Hi haur\u00e0 sessions cient\u00edfiques al mat\u00ed, en les que es barrejaran confer\u00e8ncies dels 6 ponents principals amb 18 xerrades curtes seleccionades a partir dels abstract dels investigadors j\u00fanior que assistiran a l&#039;escola.\" \/>\n<meta property=\"og:url\" content=\"https:\/\/ibecbarcelona.eu\/ca\/escola-destiu-2019-sobre-la-mecanobiologia-del-cancer\/\" \/>\n<meta property=\"og:site_name\" content=\"Institute for Bioengineering of Catalonia\" \/>\n<meta property=\"article:published_time\" content=\"2019-02-21T15:10:24+00:00\" \/>\n<meta property=\"article:modified_time\" content=\"2019-02-25T12:07:33+00:00\" \/>\n<meta property=\"og:image\" content=\"https:\/\/ibecbarcelona.eu\/wp-content\/uploads\/2019\/02\/logo_mechanocontrol.jpg\" \/>\n\t<meta property=\"og:image:width\" content=\"1975\" \/>\n\t<meta property=\"og:image:height\" content=\"766\" \/>\n\t<meta property=\"og:image:type\" content=\"image\/jpeg\" \/>\n<meta name=\"author\" content=\"\u00c0ngels L\u00f3pez\" \/>\n<meta name=\"twitter:card\" content=\"summary_large_image\" \/>\n<meta name=\"twitter:label1\" content=\"Escrit per\" \/>\n\t<meta name=\"twitter:data1\" content=\"\u00c0ngels L\u00f3pez\" \/>\n\t<meta name=\"twitter:label2\" content=\"Temps estimat de lectura\" \/>\n\t<meta name=\"twitter:data2\" content=\"3 minuts\" \/>\n<script type=\"application\/ld+json\" class=\"yoast-schema-graph\">{\"@context\":\"https:\\\/\\\/schema.org\",\"@graph\":[{\"@type\":\"Article\",\"@id\":\"https:\\\/\\\/ibecbarcelona.eu\\\/ca\\\/escola-destiu-2019-sobre-la-mecanobiologia-del-cancer\\\/#article\",\"isPartOf\":{\"@id\":\"https:\\\/\\\/ibecbarcelona.eu\\\/ca\\\/escola-destiu-2019-sobre-la-mecanobiologia-del-cancer\\\/\"},\"author\":{\"name\":\"\u00c0ngels L\u00f3pez\",\"@id\":\"https:\\\/\\\/ibecbarcelona.eu\\\/#\\\/schema\\\/person\\\/c212c6b589546130be67986b9290e2b8\"},\"headline\":\"Escola d\u2019estiu 2019 sobre la Mecanobiologia del C\u00e0ncer\",\"datePublished\":\"2019-02-21T15:10:24+00:00\",\"dateModified\":\"2019-02-25T12:07:33+00:00\",\"mainEntityOfPage\":{\"@id\":\"https:\\\/\\\/ibecbarcelona.eu\\\/ca\\\/escola-destiu-2019-sobre-la-mecanobiologia-del-cancer\\\/\"},\"wordCount\":535,\"publisher\":{\"@id\":\"https:\\\/\\\/ibecbarcelona.eu\\\/#organization\"},\"image\":{\"@id\":\"https:\\\/\\\/ibecbarcelona.eu\\\/ca\\\/escola-destiu-2019-sobre-la-mecanobiologia-del-cancer\\\/#primaryimage\"},\"thumbnailUrl\":\"https:\\\/\\\/ibecbarcelona.eu\\\/wp-content\\\/uploads\\\/2019\\\/02\\\/logo_mechanocontrol.jpg\",\"keywords\":[\"H2020\",\"Mechanobiology\",\"Mechanocontrol\",\"Summer School\"],\"articleSection\":[\"Not\u00edcies institucionals\"],\"inLanguage\":\"ca\"},{\"@type\":\"WebPage\",\"@id\":\"https:\\\/\\\/ibecbarcelona.eu\\\/ca\\\/escola-destiu-2019-sobre-la-mecanobiologia-del-cancer\\\/\",\"url\":\"https:\\\/\\\/ibecbarcelona.eu\\\/ca\\\/escola-destiu-2019-sobre-la-mecanobiologia-del-cancer\\\/\",\"name\":\"Escola d\u2019estiu 2019 sobre la Mecanobiologia del C\u00e0ncer - Institute for Bioengineering of Catalonia\",\"isPartOf\":{\"@id\":\"https:\\\/\\\/ibecbarcelona.eu\\\/#website\"},\"primaryImageOfPage\":{\"@id\":\"https:\\\/\\\/ibecbarcelona.eu\\\/ca\\\/escola-destiu-2019-sobre-la-mecanobiologia-del-cancer\\\/#primaryimage\"},\"image\":{\"@id\":\"https:\\\/\\\/ibecbarcelona.eu\\\/ca\\\/escola-destiu-2019-sobre-la-mecanobiologia-del-cancer\\\/#primaryimage\"},\"thumbnailUrl\":\"https:\\\/\\\/ibecbarcelona.eu\\\/wp-content\\\/uploads\\\/2019\\\/02\\\/logo_mechanocontrol.jpg\",\"datePublished\":\"2019-02-21T15:10:24+00:00\",\"dateModified\":\"2019-02-25T12:07:33+00:00\",\"breadcrumb\":{\"@id\":\"https:\\\/\\\/ibecbarcelona.eu\\\/ca\\\/escola-destiu-2019-sobre-la-mecanobiologia-del-cancer\\\/#breadcrumb\"},\"inLanguage\":\"ca\",\"potentialAction\":[{\"@type\":\"ReadAction\",\"target\":[\"https:\\\/\\\/ibecbarcelona.eu\\\/ca\\\/escola-destiu-2019-sobre-la-mecanobiologia-del-cancer\\\/\"]}]},{\"@type\":\"ImageObject\",\"inLanguage\":\"ca\",\"@id\":\"https:\\\/\\\/ibecbarcelona.eu\\\/ca\\\/escola-destiu-2019-sobre-la-mecanobiologia-del-cancer\\\/#primaryimage\",\"url\":\"https:\\\/\\\/ibecbarcelona.eu\\\/wp-content\\\/uploads\\\/2019\\\/02\\\/logo_mechanocontrol.jpg\",\"contentUrl\":\"https:\\\/\\\/ibecbarcelona.eu\\\/wp-content\\\/uploads\\\/2019\\\/02\\\/logo_mechanocontrol.jpg\",\"width\":1975,\"height\":766},{\"@type\":\"BreadcrumbList\",\"@id\":\"https:\\\/\\\/ibecbarcelona.eu\\\/ca\\\/escola-destiu-2019-sobre-la-mecanobiologia-del-cancer\\\/#breadcrumb\",\"itemListElement\":[{\"@type\":\"ListItem\",\"position\":1,\"name\":\"Home\",\"item\":\"https:\\\/\\\/ibecbarcelona.eu\\\/ca\\\/\"},{\"@type\":\"ListItem\",\"position\":2,\"name\":\"Escola d\u2019estiu 2019 sobre la Mecanobiologia del C\u00e0ncer\"}]},{\"@type\":\"WebSite\",\"@id\":\"https:\\\/\\\/ibecbarcelona.eu\\\/#website\",\"url\":\"https:\\\/\\\/ibecbarcelona.eu\\\/\",\"name\":\"Institute for Bioengineering of Catalonia\",\"description\":\"Bioengineering Solutions for Health\",\"publisher\":{\"@id\":\"https:\\\/\\\/ibecbarcelona.eu\\\/#organization\"},\"potentialAction\":[{\"@type\":\"SearchAction\",\"target\":{\"@type\":\"EntryPoint\",\"urlTemplate\":\"https:\\\/\\\/ibecbarcelona.eu\\\/?s={search_term_string}\"},\"query-input\":{\"@type\":\"PropertyValueSpecification\",\"valueRequired\":true,\"valueName\":\"search_term_string\"}}],\"inLanguage\":\"ca\"},{\"@type\":\"Organization\",\"@id\":\"https:\\\/\\\/ibecbarcelona.eu\\\/#organization\",\"name\":\"Institute for Bioengineering of Catalonia\",\"url\":\"https:\\\/\\\/ibecbarcelona.eu\\\/\",\"logo\":{\"@type\":\"ImageObject\",\"inLanguage\":\"ca\",\"@id\":\"https:\\\/\\\/ibecbarcelona.eu\\\/#\\\/schema\\\/logo\\\/image\\\/\",\"url\":\"https:\\\/\\\/ibecbarcelona.eu\\\/wp-content\\\/uploads\\\/2026\\\/01\\\/cropped-IBEC_20ANYS_GRIS.png\",\"contentUrl\":\"https:\\\/\\\/ibecbarcelona.eu\\\/wp-content\\\/uploads\\\/2026\\\/01\\\/cropped-IBEC_20ANYS_GRIS.png\",\"width\":696,\"height\":257,\"caption\":\"Institute for Bioengineering of Catalonia\"},\"image\":{\"@id\":\"https:\\\/\\\/ibecbarcelona.eu\\\/#\\\/schema\\\/logo\\\/image\\\/\"}},{\"@type\":\"Person\",\"@id\":\"https:\\\/\\\/ibecbarcelona.eu\\\/#\\\/schema\\\/person\\\/c212c6b589546130be67986b9290e2b8\",\"name\":\"\u00c0ngels L\u00f3pez\",\"image\":{\"@type\":\"ImageObject\",\"inLanguage\":\"ca\",\"@id\":\"https:\\\/\\\/secure.gravatar.com\\\/avatar\\\/09ad6ba116bea0b15c5511860f83b302579fd7404c1180e9dae55c3f11d988c6?s=96&d=mm&r=g\",\"url\":\"https:\\\/\\\/secure.gravatar.com\\\/avatar\\\/09ad6ba116bea0b15c5511860f83b302579fd7404c1180e9dae55c3f11d988c6?s=96&d=mm&r=g\",\"contentUrl\":\"https:\\\/\\\/secure.gravatar.com\\\/avatar\\\/09ad6ba116bea0b15c5511860f83b302579fd7404c1180e9dae55c3f11d988c6?s=96&d=mm&r=g\",\"caption\":\"\u00c0ngels L\u00f3pez\"},\"url\":\"https:\\\/\\\/ibecbarcelona.eu\\\/ca\\\/author\\\/alopez\\\/\"}]}<\/script>\n<!-- \/ Yoast SEO plugin. -->","yoast_head_json":{"title":"Escola d\u2019estiu 2019 sobre la Mecanobiologia del C\u00e0ncer - Institute for Bioengineering of Catalonia","robots":{"index":"index","follow":"follow","max-snippet":"max-snippet:-1","max-image-preview":"max-image-preview:large","max-video-preview":"max-video-preview:-1"},"canonical":"https:\/\/ibecbarcelona.eu\/ca\/escola-destiu-2019-sobre-la-mecanobiologia-del-cancer\/","og_locale":"ca_ES","og_type":"article","og_title":"Escola d\u2019estiu 2019 sobre la Mecanobiologia del C\u00e0ncer - Institute for Bioengineering of Catalonia","og_description":"El consorci MECHANO\u00b7CONTROL, liderat per diverses institucions d'investigaci\u00f3 d'Europa, llan\u00e7a una escola d'estiu que tindr\u00e0 lloc del 17 al 20 de setembre de 2019 a l'Eco-Resort a La Cerdanya. L'objectiu de l'escola d'estiu \u00e9s proporcionar formaci\u00f3 en mecanobiologia, i espec\u00edficament, la seva aplicaci\u00f3 en el c\u00e0ncer de mama. Aquesta escola, inclour\u00e0 confer\u00e8ncies, aix\u00ed com tallers pr\u00e0ctics en diferents t\u00e8cniques i disciplines, que van des del modelatge a la biomec\u00e0nica, fins a la biologia del c\u00e0ncer. Hi haur\u00e0 sessions cient\u00edfiques al mat\u00ed, en les que es barrejaran confer\u00e8ncies dels 6 ponents principals amb 18 xerrades curtes seleccionades a partir dels abstract dels investigadors j\u00fanior que assistiran a l'escola.","og_url":"https:\/\/ibecbarcelona.eu\/ca\/escola-destiu-2019-sobre-la-mecanobiologia-del-cancer\/","og_site_name":"Institute for Bioengineering of Catalonia","article_published_time":"2019-02-21T15:10:24+00:00","article_modified_time":"2019-02-25T12:07:33+00:00","og_image":[{"width":1975,"height":766,"url":"https:\/\/ibecbarcelona.eu\/wp-content\/uploads\/2019\/02\/logo_mechanocontrol.jpg","type":"image\/jpeg"}],"author":"\u00c0ngels L\u00f3pez","twitter_card":"summary_large_image","twitter_misc":{"Escrit per":"\u00c0ngels L\u00f3pez","Temps estimat de lectura":"3 minuts"},"schema":{"@context":"https:\/\/schema.org","@graph":[{"@type":"Article","@id":"https:\/\/ibecbarcelona.eu\/ca\/escola-destiu-2019-sobre-la-mecanobiologia-del-cancer\/#article","isPartOf":{"@id":"https:\/\/ibecbarcelona.eu\/ca\/escola-destiu-2019-sobre-la-mecanobiologia-del-cancer\/"},"author":{"name":"\u00c0ngels L\u00f3pez","@id":"https:\/\/ibecbarcelona.eu\/#\/schema\/person\/c212c6b589546130be67986b9290e2b8"},"headline":"Escola d\u2019estiu 2019 sobre la Mecanobiologia del C\u00e0ncer","datePublished":"2019-02-21T15:10:24+00:00","dateModified":"2019-02-25T12:07:33+00:00","mainEntityOfPage":{"@id":"https:\/\/ibecbarcelona.eu\/ca\/escola-destiu-2019-sobre-la-mecanobiologia-del-cancer\/"},"wordCount":535,"publisher":{"@id":"https:\/\/ibecbarcelona.eu\/#organization"},"image":{"@id":"https:\/\/ibecbarcelona.eu\/ca\/escola-destiu-2019-sobre-la-mecanobiologia-del-cancer\/#primaryimage"},"thumbnailUrl":"https:\/\/ibecbarcelona.eu\/wp-content\/uploads\/2019\/02\/logo_mechanocontrol.jpg","keywords":["H2020","Mechanobiology","Mechanocontrol","Summer School"],"articleSection":["Not\u00edcies institucionals"],"inLanguage":"ca"},{"@type":"WebPage","@id":"https:\/\/ibecbarcelona.eu\/ca\/escola-destiu-2019-sobre-la-mecanobiologia-del-cancer\/","url":"https:\/\/ibecbarcelona.eu\/ca\/escola-destiu-2019-sobre-la-mecanobiologia-del-cancer\/","name":"Escola d\u2019estiu 2019 sobre la Mecanobiologia del C\u00e0ncer - Institute for Bioengineering of Catalonia","isPartOf":{"@id":"https:\/\/ibecbarcelona.eu\/#website"},"primaryImageOfPage":{"@id":"https:\/\/ibecbarcelona.eu\/ca\/escola-destiu-2019-sobre-la-mecanobiologia-del-cancer\/#primaryimage"},"image":{"@id":"https:\/\/ibecbarcelona.eu\/ca\/escola-destiu-2019-sobre-la-mecanobiologia-del-cancer\/#primaryimage"},"thumbnailUrl":"https:\/\/ibecbarcelona.eu\/wp-content\/uploads\/2019\/02\/logo_mechanocontrol.jpg","datePublished":"2019-02-21T15:10:24+00:00","dateModified":"2019-02-25T12:07:33+00:00","breadcrumb":{"@id":"https:\/\/ibecbarcelona.eu\/ca\/escola-destiu-2019-sobre-la-mecanobiologia-del-cancer\/#breadcrumb"},"inLanguage":"ca","potentialAction":[{"@type":"ReadAction","target":["https:\/\/ibecbarcelona.eu\/ca\/escola-destiu-2019-sobre-la-mecanobiologia-del-cancer\/"]}]},{"@type":"ImageObject","inLanguage":"ca","@id":"https:\/\/ibecbarcelona.eu\/ca\/escola-destiu-2019-sobre-la-mecanobiologia-del-cancer\/#primaryimage","url":"https:\/\/ibecbarcelona.eu\/wp-content\/uploads\/2019\/02\/logo_mechanocontrol.jpg","contentUrl":"https:\/\/ibecbarcelona.eu\/wp-content\/uploads\/2019\/02\/logo_mechanocontrol.jpg","width":1975,"height":766},{"@type":"BreadcrumbList","@id":"https:\/\/ibecbarcelona.eu\/ca\/escola-destiu-2019-sobre-la-mecanobiologia-del-cancer\/#breadcrumb","itemListElement":[{"@type":"ListItem","position":1,"name":"Home","item":"https:\/\/ibecbarcelona.eu\/ca\/"},{"@type":"ListItem","position":2,"name":"Escola d\u2019estiu 2019 sobre la Mecanobiologia del C\u00e0ncer"}]},{"@type":"WebSite","@id":"https:\/\/ibecbarcelona.eu\/#website","url":"https:\/\/ibecbarcelona.eu\/","name":"Institute for Bioengineering of Catalonia","description":"Bioengineering Solutions for Health","publisher":{"@id":"https:\/\/ibecbarcelona.eu\/#organization"},"potentialAction":[{"@type":"SearchAction","target":{"@type":"EntryPoint","urlTemplate":"https:\/\/ibecbarcelona.eu\/?s={search_term_string}"},"query-input":{"@type":"PropertyValueSpecification","valueRequired":true,"valueName":"search_term_string"}}],"inLanguage":"ca"},{"@type":"Organization","@id":"https:\/\/ibecbarcelona.eu\/#organization","name":"Institute for Bioengineering of Catalonia","url":"https:\/\/ibecbarcelona.eu\/","logo":{"@type":"ImageObject","inLanguage":"ca","@id":"https:\/\/ibecbarcelona.eu\/#\/schema\/logo\/image\/","url":"https:\/\/ibecbarcelona.eu\/wp-content\/uploads\/2026\/01\/cropped-IBEC_20ANYS_GRIS.png","contentUrl":"https:\/\/ibecbarcelona.eu\/wp-content\/uploads\/2026\/01\/cropped-IBEC_20ANYS_GRIS.png","width":696,"height":257,"caption":"Institute for Bioengineering of Catalonia"},"image":{"@id":"https:\/\/ibecbarcelona.eu\/#\/schema\/logo\/image\/"}},{"@type":"Person","@id":"https:\/\/ibecbarcelona.eu\/#\/schema\/person\/c212c6b589546130be67986b9290e2b8","name":"\u00c0ngels L\u00f3pez","image":{"@type":"ImageObject","inLanguage":"ca","@id":"https:\/\/secure.gravatar.com\/avatar\/09ad6ba116bea0b15c5511860f83b302579fd7404c1180e9dae55c3f11d988c6?s=96&d=mm&r=g","url":"https:\/\/secure.gravatar.com\/avatar\/09ad6ba116bea0b15c5511860f83b302579fd7404c1180e9dae55c3f11d988c6?s=96&d=mm&r=g","contentUrl":"https:\/\/secure.gravatar.com\/avatar\/09ad6ba116bea0b15c5511860f83b302579fd7404c1180e9dae55c3f11d988c6?s=96&d=mm&r=g","caption":"\u00c0ngels L\u00f3pez"},"url":"https:\/\/ibecbarcelona.eu\/ca\/author\/alopez\/"}]}},"AFP_featured_media_urls":{"full":["https:\/\/ibecbarcelona.eu\/wp-content\/uploads\/2019\/02\/logo_mechanocontrol.jpg",1975,766,false],"thumbnail":["https:\/\/ibecbarcelona.eu\/wp-content\/uploads\/2019\/02\/logo_mechanocontrol-150x150.jpg",150,150,true],"medium":["https:\/\/ibecbarcelona.eu\/wp-content\/uploads\/2019\/02\/logo_mechanocontrol-300x116.jpg",300,116,true],"medium_large":["https:\/\/ibecbarcelona.eu\/wp-content\/uploads\/2019\/02\/logo_mechanocontrol-768x298.jpg",768,298,true],"large":["https:\/\/ibecbarcelona.eu\/wp-content\/uploads\/2019\/02\/logo_mechanocontrol-1024x397.jpg",1024,397,true]},"AFP_attachments":{"full":["https:\/\/ibecbarcelona.eu\/wp-content\/uploads\/2019\/02\/logo_mechanocontrol.jpg",1975,766,false],"thumbnail":["https:\/\/ibecbarcelona.eu\/wp-content\/uploads\/2019\/02\/logo_mechanocontrol-150x150.jpg",150,150,true],"medium":["https:\/\/ibecbarcelona.eu\/wp-content\/uploads\/2019\/02\/logo_mechanocontrol-300x116.jpg",300,116,true],"medium_large":["https:\/\/ibecbarcelona.eu\/wp-content\/uploads\/2019\/02\/logo_mechanocontrol-768x298.jpg",768,298,true],"large":["https:\/\/ibecbarcelona.eu\/wp-content\/uploads\/2019\/02\/logo_mechanocontrol-1024x397.jpg",1024,397,true]},"AFP_videos":[],"AFP_video_blocks":"","AFP_category_names":["Not\u00edcies institucionals"],"_links":{"self":[{"href":"https:\/\/ibecbarcelona.eu\/ca\/wp-json\/wp\/v2\/posts\/65721","targetHints":{"allow":["GET"]}}],"collection":[{"href":"https:\/\/ibecbarcelona.eu\/ca\/wp-json\/wp\/v2\/posts"}],"about":[{"href":"https:\/\/ibecbarcelona.eu\/ca\/wp-json\/wp\/v2\/types\/post"}],"author":[{"embeddable":true,"href":"https:\/\/ibecbarcelona.eu\/ca\/wp-json\/wp\/v2\/users\/4"}],"replies":[{"embeddable":true,"href":"https:\/\/ibecbarcelona.eu\/ca\/wp-json\/wp\/v2\/comments?post=65721"}],"version-history":[{"count":6,"href":"https:\/\/ibecbarcelona.eu\/ca\/wp-json\/wp\/v2\/posts\/65721\/revisions"}],"predecessor-version":[{"id":65765,"href":"https:\/\/ibecbarcelona.eu\/ca\/wp-json\/wp\/v2\/posts\/65721\/revisions\/65765"}],"wp:featuredmedia":[{"embeddable":true,"href":"https:\/\/ibecbarcelona.eu\/ca\/wp-json\/wp\/v2\/media\/65726"}],"wp:attachment":[{"href":"https:\/\/ibecbarcelona.eu\/ca\/wp-json\/wp\/v2\/media?parent=65721"}],"wp:term":[{"taxonomy":"category","embeddable":true,"href":"https:\/\/ibecbarcelona.eu\/ca\/wp-json\/wp\/v2\/categories?post=65721"},{"taxonomy":"post_tag","embeddable":true,"href":"https:\/\/ibecbarcelona.eu\/ca\/wp-json\/wp\/v2\/tags?post=65721"},{"taxonomy":"post_format","embeddable":true,"href":"https:\/\/ibecbarcelona.eu\/ca\/wp-json\/wp\/v2\/post_formats?post=65721"}],"curies":[{"name":"wp","href":"https:\/\/api.w.org\/{rel}","templated":true}]}}