
{"id":66626,"date":"2019-05-22T11:05:39","date_gmt":"2019-05-22T09:05:39","guid":{"rendered":"http:\/\/ibecbarcelona.eu\/?p=66626"},"modified":"2020-06-09T14:19:39","modified_gmt":"2020-06-09T12:19:39","slug":"el-president-del-consell-europeu-dinvestigacio-visita-libec","status":"publish","type":"post","link":"https:\/\/ibecbarcelona.eu\/ca\/el-president-del-consell-europeu-dinvestigacio-visita-libec\/","title":{"rendered":"El president del Consell Europeu d\u2019Investigaci\u00f3 visita l\u2019IBEC"},"content":{"rendered":"<p><img decoding=\"async\" class=\"alignleft size-full wp-image-66605 lazyload\" data-src=\"https:\/\/ibecbarcelona.eu\/wp-content\/uploads\/2019\/05\/Imagen-1.png\" alt=\"\" width=\"400\" height=\"\" data-srcset=\"https:\/\/ibecbarcelona.eu\/wp-content\/uploads\/2019\/05\/Imagen-1.png 886w, https:\/\/ibecbarcelona.eu\/wp-content\/uploads\/2019\/05\/Imagen-1-300x159.png 300w, https:\/\/ibecbarcelona.eu\/wp-content\/uploads\/2019\/05\/Imagen-1-768x408.png 768w, https:\/\/ibecbarcelona.eu\/wp-content\/uploads\/2019\/05\/Imagen-1-230x122.png 230w, https:\/\/ibecbarcelona.eu\/wp-content\/uploads\/2019\/05\/Imagen-1-150x80.png 150w\" data-sizes=\"(max-width: 886px) 100vw, 886px\" src=\"data:image\/svg+xml;base64,PHN2ZyB3aWR0aD0iMSIgaGVpZ2h0PSIxIiB4bWxucz0iaHR0cDovL3d3dy53My5vcmcvMjAwMC9zdmciPjwvc3ZnPg==\" style=\"--smush-placeholder-width: 886px; --smush-placeholder-aspect-ratio: 886\/471;\" \/>A la tarda, Paul Verschure, l\u00edder del grup en IBEC i professor ICREA, va presentar al seu programa de treball a l\u2019esdeveniment <em>Excel\u00b7l\u00e8ncia Cient\u00edfica a Catalunya: +300 Beques ERC.<\/em><\/p>\n<p>Les subvencions d\u2019ERC, altament competitives, s\u00f3n els premis d\u2019investigaci\u00f3 m\u00e9s prestigiosos d\u2019Europa.<\/p>\n<p>&nbsp;<\/p>\n<p>&nbsp;<\/p>\n<p>Aquests s\u00f3n els investigadors amb fons ERC que treballen actualment a l\u2019IBEC::<br \/>\nXavier Trepat: <a href=\"https:\/\/ibecbarcelona.eu\/integrative\" target=\"_blank\" rel=\"noopener noreferrer\">Integrative cell and tissue dynamics<\/a><br \/>\nElena Martinez: <a href=\"https:\/\/ibecbarcelona.eu\/biomsyscelleng\" target=\"_blank\" rel=\"noopener noreferrer\">Biomimetic systems for cell engineering<\/a><br \/>\nPaul Verschure: <a href=\"https:\/\/ibecbarcelona.eu\/specs\" target=\"_blank\" rel=\"noopener noreferrer\">Synthetic, Perceptive, Emotive and Cognitive Systems (SPECS)<\/a><br \/>\nSamuel S\u00e1nchez: <a href=\"https:\/\/ibecbarcelona.eu\/nanodevices\" target=\"_blank\" rel=\"noopener noreferrer\">Smart nano-bio-devices<\/a><br \/>\nJavier Ram\u00f3n Azc\u00f3n: <a href=\"https:\/\/ibecbarcelona.eu\/biosensors\" target=\"_blank\" rel=\"noopener noreferrer\">Biosensors for bioengineering<\/a><br \/>\nPau Gorostiza: <a href=\"https:\/\/ibecbarcelona.eu\/nanoprobes\" target=\"_blank\" rel=\"noopener noreferrer\">Nanoprobes and nanoswitches<\/a><br \/>\nNuria Montserrat: <a href=\"https:\/\/ibecbarcelona.eu\/iPSCs\" target=\"_blank\" rel=\"noopener noreferrer\">Pluripotency for organ regeneration<\/a><br \/>\nLorenzo Albertazzi: <a href=\"https:\/\/ibecbarcelona.eu\/nanoscopy\" target=\"_blank\" rel=\"noopener noreferrer\">Nanoscopy for nanomedicine<\/a><\/p>\n","protected":false},"excerpt":{"rendered":"<p><H3>El president del Consell Europeu d&#8217;Investigaci\u00f3 (ERC), Jean-Pierre Bourguignon, va visitar el passat 15 de maig l&#8217;Institut de Bioenginyeria de Catalunya (IBEC). <\/H3> <\/p>\n<p>L&#8217;esdeveniment va ser inaugurat pel director de l&#8217;IBEC, Josep Samitier, qui va presentar una visi\u00f3 general de la investigaci\u00f3 d&#8217;avantguarda portada que s realitza a l&#8217;Institut als camps de la bioenginyeria i la nanomedicina. <\/p>\n<p>Posteriorment, els investigadors amb concessi\u00f3 de fons ERC que treballem a l\u2019IBEC van explicar com aquestes subvencions han les seves carreres professionals, i establir un di\u00e0leg amb el president de l\u2019ERC sobre el passat, el present i el futur del Consell Europeu d&#8217;investigaci\u00f3.<\/p>\n","protected":false},"author":4,"featured_media":66606,"comment_status":"closed","ping_status":"closed","sticky":false,"template":"","format":"standard","meta":{"footnotes":""},"categories":[98],"tags":[820,2060,1052,1123,197,1145],"post_formats":[],"class_list":["post-66626","post","type-post","status-publish","format-standard","has-post-thumbnail","hentry","category-noticies-institucionals","tag-elena-martinez-ca","tag-erc","tag-lorenzo-albertazzi-ca","tag-nuria-montserrat-ca-2","tag-pau-gorostiza","tag-paul-verschure-ca"],"yoast_head":"<!-- This site is optimized with the Yoast SEO plugin v27.5 - https:\/\/yoast.com\/product\/yoast-seo-wordpress\/ -->\n<title>El president del Consell Europeu d\u2019Investigaci\u00f3 visita l\u2019IBEC - Institute for Bioengineering of Catalonia<\/title>\n<meta name=\"robots\" content=\"index, follow, max-snippet:-1, max-image-preview:large, max-video-preview:-1\" \/>\n<link rel=\"canonical\" href=\"https:\/\/ibecbarcelona.eu\/ca\/el-president-del-consell-europeu-dinvestigacio-visita-libec\/\" \/>\n<meta property=\"og:locale\" content=\"ca_ES\" \/>\n<meta property=\"og:type\" content=\"article\" \/>\n<meta property=\"og:title\" content=\"El president del Consell Europeu d\u2019Investigaci\u00f3 visita l\u2019IBEC - Institute for Bioengineering of Catalonia\" \/>\n<meta property=\"og:description\" content=\"El president del Consell Europeu d&#039;Investigaci\u00f3 (ERC), Jean-Pierre Bourguignon, va visitar el passat 15 de maig l&#039;Institut de Bioenginyeria de Catalunya (IBEC).  L&#039;esdeveniment va ser inaugurat pel director de l&#039;IBEC, Josep Samitier, qui va presentar una visi\u00f3 general de la investigaci\u00f3 d&#039;avantguarda portada que s realitza a l&#039;Institut als camps de la bioenginyeria i la nanomedicina. Posteriorment, els investigadors amb concessi\u00f3 de fons ERC que treballem a l\u2019IBEC van explicar com aquestes subvencions han les seves carreres professionals, i establir un di\u00e0leg amb el president de l\u2019ERC sobre el passat, el present i el futur del Consell Europeu d&#039;investigaci\u00f3.\" \/>\n<meta property=\"og:url\" content=\"https:\/\/ibecbarcelona.eu\/ca\/el-president-del-consell-europeu-dinvestigacio-visita-libec\/\" \/>\n<meta property=\"og:site_name\" content=\"Institute for Bioengineering of Catalonia\" \/>\n<meta property=\"article:published_time\" content=\"2019-05-22T09:05:39+00:00\" \/>\n<meta property=\"article:modified_time\" content=\"2020-06-09T12:19:39+00:00\" \/>\n<meta property=\"og:image\" content=\"https:\/\/ibecbarcelona.eu\/wp-content\/uploads\/2019\/05\/Imagen-1.png\" \/>\n\t<meta property=\"og:image:width\" content=\"886\" \/>\n\t<meta property=\"og:image:height\" content=\"471\" \/>\n\t<meta property=\"og:image:type\" content=\"image\/png\" \/>\n<meta name=\"author\" content=\"\u00c0ngels L\u00f3pez\" \/>\n<meta name=\"twitter:card\" content=\"summary_large_image\" \/>\n<meta name=\"twitter:label1\" content=\"Escrit per\" \/>\n\t<meta name=\"twitter:data1\" content=\"\u00c0ngels L\u00f3pez\" \/>\n\t<meta name=\"twitter:label2\" content=\"Temps estimat de lectura\" \/>\n\t<meta name=\"twitter:data2\" content=\"1 minut\" \/>\n<script type=\"application\/ld+json\" class=\"yoast-schema-graph\">{\"@context\":\"https:\\\/\\\/schema.org\",\"@graph\":[{\"@type\":\"Article\",\"@id\":\"https:\\\/\\\/ibecbarcelona.eu\\\/ca\\\/el-president-del-consell-europeu-dinvestigacio-visita-libec\\\/#article\",\"isPartOf\":{\"@id\":\"https:\\\/\\\/ibecbarcelona.eu\\\/ca\\\/el-president-del-consell-europeu-dinvestigacio-visita-libec\\\/\"},\"author\":{\"name\":\"\u00c0ngels L\u00f3pez\",\"@id\":\"https:\\\/\\\/ibecbarcelona.eu\\\/#\\\/schema\\\/person\\\/c212c6b589546130be67986b9290e2b8\"},\"headline\":\"El president del Consell Europeu d\u2019Investigaci\u00f3 visita l\u2019IBEC\",\"datePublished\":\"2019-05-22T09:05:39+00:00\",\"dateModified\":\"2020-06-09T12:19:39+00:00\",\"mainEntityOfPage\":{\"@id\":\"https:\\\/\\\/ibecbarcelona.eu\\\/ca\\\/el-president-del-consell-europeu-dinvestigacio-visita-libec\\\/\"},\"wordCount\":128,\"publisher\":{\"@id\":\"https:\\\/\\\/ibecbarcelona.eu\\\/#organization\"},\"image\":{\"@id\":\"https:\\\/\\\/ibecbarcelona.eu\\\/ca\\\/el-president-del-consell-europeu-dinvestigacio-visita-libec\\\/#primaryimage\"},\"thumbnailUrl\":\"https:\\\/\\\/ibecbarcelona.eu\\\/wp-content\\\/uploads\\\/2019\\\/05\\\/Imagen-1.png\",\"keywords\":[\"Elena Martinez\",\"ERC\",\"lorenzo albertazzi\",\"Nuria Montserrat\",\"Pau Gorostiza\",\"Paul Verschure\"],\"articleSection\":[\"Not\u00edcies institucionals\"],\"inLanguage\":\"ca\"},{\"@type\":\"WebPage\",\"@id\":\"https:\\\/\\\/ibecbarcelona.eu\\\/ca\\\/el-president-del-consell-europeu-dinvestigacio-visita-libec\\\/\",\"url\":\"https:\\\/\\\/ibecbarcelona.eu\\\/ca\\\/el-president-del-consell-europeu-dinvestigacio-visita-libec\\\/\",\"name\":\"El president del Consell Europeu d\u2019Investigaci\u00f3 visita l\u2019IBEC - Institute for Bioengineering of Catalonia\",\"isPartOf\":{\"@id\":\"https:\\\/\\\/ibecbarcelona.eu\\\/#website\"},\"primaryImageOfPage\":{\"@id\":\"https:\\\/\\\/ibecbarcelona.eu\\\/ca\\\/el-president-del-consell-europeu-dinvestigacio-visita-libec\\\/#primaryimage\"},\"image\":{\"@id\":\"https:\\\/\\\/ibecbarcelona.eu\\\/ca\\\/el-president-del-consell-europeu-dinvestigacio-visita-libec\\\/#primaryimage\"},\"thumbnailUrl\":\"https:\\\/\\\/ibecbarcelona.eu\\\/wp-content\\\/uploads\\\/2019\\\/05\\\/Imagen-1.png\",\"datePublished\":\"2019-05-22T09:05:39+00:00\",\"dateModified\":\"2020-06-09T12:19:39+00:00\",\"breadcrumb\":{\"@id\":\"https:\\\/\\\/ibecbarcelona.eu\\\/ca\\\/el-president-del-consell-europeu-dinvestigacio-visita-libec\\\/#breadcrumb\"},\"inLanguage\":\"ca\",\"potentialAction\":[{\"@type\":\"ReadAction\",\"target\":[\"https:\\\/\\\/ibecbarcelona.eu\\\/ca\\\/el-president-del-consell-europeu-dinvestigacio-visita-libec\\\/\"]}]},{\"@type\":\"ImageObject\",\"inLanguage\":\"ca\",\"@id\":\"https:\\\/\\\/ibecbarcelona.eu\\\/ca\\\/el-president-del-consell-europeu-dinvestigacio-visita-libec\\\/#primaryimage\",\"url\":\"https:\\\/\\\/ibecbarcelona.eu\\\/wp-content\\\/uploads\\\/2019\\\/05\\\/Imagen-1.png\",\"contentUrl\":\"https:\\\/\\\/ibecbarcelona.eu\\\/wp-content\\\/uploads\\\/2019\\\/05\\\/Imagen-1.png\",\"width\":886,\"height\":471},{\"@type\":\"BreadcrumbList\",\"@id\":\"https:\\\/\\\/ibecbarcelona.eu\\\/ca\\\/el-president-del-consell-europeu-dinvestigacio-visita-libec\\\/#breadcrumb\",\"itemListElement\":[{\"@type\":\"ListItem\",\"position\":1,\"name\":\"Home\",\"item\":\"https:\\\/\\\/ibecbarcelona.eu\\\/ca\\\/\"},{\"@type\":\"ListItem\",\"position\":2,\"name\":\"El president del Consell Europeu d\u2019Investigaci\u00f3 visita l\u2019IBEC\"}]},{\"@type\":\"WebSite\",\"@id\":\"https:\\\/\\\/ibecbarcelona.eu\\\/#website\",\"url\":\"https:\\\/\\\/ibecbarcelona.eu\\\/\",\"name\":\"Institute for Bioengineering of Catalonia\",\"description\":\"Bioengineering Solutions for Health\",\"publisher\":{\"@id\":\"https:\\\/\\\/ibecbarcelona.eu\\\/#organization\"},\"potentialAction\":[{\"@type\":\"SearchAction\",\"target\":{\"@type\":\"EntryPoint\",\"urlTemplate\":\"https:\\\/\\\/ibecbarcelona.eu\\\/?s={search_term_string}\"},\"query-input\":{\"@type\":\"PropertyValueSpecification\",\"valueRequired\":true,\"valueName\":\"search_term_string\"}}],\"inLanguage\":\"ca\"},{\"@type\":\"Organization\",\"@id\":\"https:\\\/\\\/ibecbarcelona.eu\\\/#organization\",\"name\":\"Institute for Bioengineering of Catalonia\",\"url\":\"https:\\\/\\\/ibecbarcelona.eu\\\/\",\"logo\":{\"@type\":\"ImageObject\",\"inLanguage\":\"ca\",\"@id\":\"https:\\\/\\\/ibecbarcelona.eu\\\/#\\\/schema\\\/logo\\\/image\\\/\",\"url\":\"https:\\\/\\\/ibecbarcelona.eu\\\/wp-content\\\/uploads\\\/2026\\\/01\\\/cropped-IBEC_20ANYS_GRIS.png\",\"contentUrl\":\"https:\\\/\\\/ibecbarcelona.eu\\\/wp-content\\\/uploads\\\/2026\\\/01\\\/cropped-IBEC_20ANYS_GRIS.png\",\"width\":696,\"height\":257,\"caption\":\"Institute for Bioengineering of Catalonia\"},\"image\":{\"@id\":\"https:\\\/\\\/ibecbarcelona.eu\\\/#\\\/schema\\\/logo\\\/image\\\/\"}},{\"@type\":\"Person\",\"@id\":\"https:\\\/\\\/ibecbarcelona.eu\\\/#\\\/schema\\\/person\\\/c212c6b589546130be67986b9290e2b8\",\"name\":\"\u00c0ngels L\u00f3pez\",\"image\":{\"@type\":\"ImageObject\",\"inLanguage\":\"ca\",\"@id\":\"https:\\\/\\\/secure.gravatar.com\\\/avatar\\\/09ad6ba116bea0b15c5511860f83b302579fd7404c1180e9dae55c3f11d988c6?s=96&d=mm&r=g\",\"url\":\"https:\\\/\\\/secure.gravatar.com\\\/avatar\\\/09ad6ba116bea0b15c5511860f83b302579fd7404c1180e9dae55c3f11d988c6?s=96&d=mm&r=g\",\"contentUrl\":\"https:\\\/\\\/secure.gravatar.com\\\/avatar\\\/09ad6ba116bea0b15c5511860f83b302579fd7404c1180e9dae55c3f11d988c6?s=96&d=mm&r=g\",\"caption\":\"\u00c0ngels L\u00f3pez\"},\"url\":\"https:\\\/\\\/ibecbarcelona.eu\\\/ca\\\/author\\\/alopez\\\/\"}]}<\/script>\n<!-- \/ Yoast SEO plugin. -->","yoast_head_json":{"title":"El president del Consell Europeu d\u2019Investigaci\u00f3 visita l\u2019IBEC - Institute for Bioengineering of Catalonia","robots":{"index":"index","follow":"follow","max-snippet":"max-snippet:-1","max-image-preview":"max-image-preview:large","max-video-preview":"max-video-preview:-1"},"canonical":"https:\/\/ibecbarcelona.eu\/ca\/el-president-del-consell-europeu-dinvestigacio-visita-libec\/","og_locale":"ca_ES","og_type":"article","og_title":"El president del Consell Europeu d\u2019Investigaci\u00f3 visita l\u2019IBEC - Institute for Bioengineering of Catalonia","og_description":"El president del Consell Europeu d'Investigaci\u00f3 (ERC), Jean-Pierre Bourguignon, va visitar el passat 15 de maig l'Institut de Bioenginyeria de Catalunya (IBEC).  L'esdeveniment va ser inaugurat pel director de l'IBEC, Josep Samitier, qui va presentar una visi\u00f3 general de la investigaci\u00f3 d'avantguarda portada que s realitza a l'Institut als camps de la bioenginyeria i la nanomedicina. Posteriorment, els investigadors amb concessi\u00f3 de fons ERC que treballem a l\u2019IBEC van explicar com aquestes subvencions han les seves carreres professionals, i establir un di\u00e0leg amb el president de l\u2019ERC sobre el passat, el present i el futur del Consell Europeu d'investigaci\u00f3.","og_url":"https:\/\/ibecbarcelona.eu\/ca\/el-president-del-consell-europeu-dinvestigacio-visita-libec\/","og_site_name":"Institute for Bioengineering of Catalonia","article_published_time":"2019-05-22T09:05:39+00:00","article_modified_time":"2020-06-09T12:19:39+00:00","og_image":[{"width":886,"height":471,"url":"https:\/\/ibecbarcelona.eu\/wp-content\/uploads\/2019\/05\/Imagen-1.png","type":"image\/png"}],"author":"\u00c0ngels L\u00f3pez","twitter_card":"summary_large_image","twitter_misc":{"Escrit per":"\u00c0ngels L\u00f3pez","Temps estimat de lectura":"1 minut"},"schema":{"@context":"https:\/\/schema.org","@graph":[{"@type":"Article","@id":"https:\/\/ibecbarcelona.eu\/ca\/el-president-del-consell-europeu-dinvestigacio-visita-libec\/#article","isPartOf":{"@id":"https:\/\/ibecbarcelona.eu\/ca\/el-president-del-consell-europeu-dinvestigacio-visita-libec\/"},"author":{"name":"\u00c0ngels L\u00f3pez","@id":"https:\/\/ibecbarcelona.eu\/#\/schema\/person\/c212c6b589546130be67986b9290e2b8"},"headline":"El president del Consell Europeu d\u2019Investigaci\u00f3 visita l\u2019IBEC","datePublished":"2019-05-22T09:05:39+00:00","dateModified":"2020-06-09T12:19:39+00:00","mainEntityOfPage":{"@id":"https:\/\/ibecbarcelona.eu\/ca\/el-president-del-consell-europeu-dinvestigacio-visita-libec\/"},"wordCount":128,"publisher":{"@id":"https:\/\/ibecbarcelona.eu\/#organization"},"image":{"@id":"https:\/\/ibecbarcelona.eu\/ca\/el-president-del-consell-europeu-dinvestigacio-visita-libec\/#primaryimage"},"thumbnailUrl":"https:\/\/ibecbarcelona.eu\/wp-content\/uploads\/2019\/05\/Imagen-1.png","keywords":["Elena Martinez","ERC","lorenzo albertazzi","Nuria Montserrat","Pau Gorostiza","Paul Verschure"],"articleSection":["Not\u00edcies institucionals"],"inLanguage":"ca"},{"@type":"WebPage","@id":"https:\/\/ibecbarcelona.eu\/ca\/el-president-del-consell-europeu-dinvestigacio-visita-libec\/","url":"https:\/\/ibecbarcelona.eu\/ca\/el-president-del-consell-europeu-dinvestigacio-visita-libec\/","name":"El president del Consell Europeu d\u2019Investigaci\u00f3 visita l\u2019IBEC - Institute for Bioengineering of Catalonia","isPartOf":{"@id":"https:\/\/ibecbarcelona.eu\/#website"},"primaryImageOfPage":{"@id":"https:\/\/ibecbarcelona.eu\/ca\/el-president-del-consell-europeu-dinvestigacio-visita-libec\/#primaryimage"},"image":{"@id":"https:\/\/ibecbarcelona.eu\/ca\/el-president-del-consell-europeu-dinvestigacio-visita-libec\/#primaryimage"},"thumbnailUrl":"https:\/\/ibecbarcelona.eu\/wp-content\/uploads\/2019\/05\/Imagen-1.png","datePublished":"2019-05-22T09:05:39+00:00","dateModified":"2020-06-09T12:19:39+00:00","breadcrumb":{"@id":"https:\/\/ibecbarcelona.eu\/ca\/el-president-del-consell-europeu-dinvestigacio-visita-libec\/#breadcrumb"},"inLanguage":"ca","potentialAction":[{"@type":"ReadAction","target":["https:\/\/ibecbarcelona.eu\/ca\/el-president-del-consell-europeu-dinvestigacio-visita-libec\/"]}]},{"@type":"ImageObject","inLanguage":"ca","@id":"https:\/\/ibecbarcelona.eu\/ca\/el-president-del-consell-europeu-dinvestigacio-visita-libec\/#primaryimage","url":"https:\/\/ibecbarcelona.eu\/wp-content\/uploads\/2019\/05\/Imagen-1.png","contentUrl":"https:\/\/ibecbarcelona.eu\/wp-content\/uploads\/2019\/05\/Imagen-1.png","width":886,"height":471},{"@type":"BreadcrumbList","@id":"https:\/\/ibecbarcelona.eu\/ca\/el-president-del-consell-europeu-dinvestigacio-visita-libec\/#breadcrumb","itemListElement":[{"@type":"ListItem","position":1,"name":"Home","item":"https:\/\/ibecbarcelona.eu\/ca\/"},{"@type":"ListItem","position":2,"name":"El president del Consell Europeu d\u2019Investigaci\u00f3 visita l\u2019IBEC"}]},{"@type":"WebSite","@id":"https:\/\/ibecbarcelona.eu\/#website","url":"https:\/\/ibecbarcelona.eu\/","name":"Institute for Bioengineering of Catalonia","description":"Bioengineering Solutions for Health","publisher":{"@id":"https:\/\/ibecbarcelona.eu\/#organization"},"potentialAction":[{"@type":"SearchAction","target":{"@type":"EntryPoint","urlTemplate":"https:\/\/ibecbarcelona.eu\/?s={search_term_string}"},"query-input":{"@type":"PropertyValueSpecification","valueRequired":true,"valueName":"search_term_string"}}],"inLanguage":"ca"},{"@type":"Organization","@id":"https:\/\/ibecbarcelona.eu\/#organization","name":"Institute for Bioengineering of Catalonia","url":"https:\/\/ibecbarcelona.eu\/","logo":{"@type":"ImageObject","inLanguage":"ca","@id":"https:\/\/ibecbarcelona.eu\/#\/schema\/logo\/image\/","url":"https:\/\/ibecbarcelona.eu\/wp-content\/uploads\/2026\/01\/cropped-IBEC_20ANYS_GRIS.png","contentUrl":"https:\/\/ibecbarcelona.eu\/wp-content\/uploads\/2026\/01\/cropped-IBEC_20ANYS_GRIS.png","width":696,"height":257,"caption":"Institute for Bioengineering of Catalonia"},"image":{"@id":"https:\/\/ibecbarcelona.eu\/#\/schema\/logo\/image\/"}},{"@type":"Person","@id":"https:\/\/ibecbarcelona.eu\/#\/schema\/person\/c212c6b589546130be67986b9290e2b8","name":"\u00c0ngels L\u00f3pez","image":{"@type":"ImageObject","inLanguage":"ca","@id":"https:\/\/secure.gravatar.com\/avatar\/09ad6ba116bea0b15c5511860f83b302579fd7404c1180e9dae55c3f11d988c6?s=96&d=mm&r=g","url":"https:\/\/secure.gravatar.com\/avatar\/09ad6ba116bea0b15c5511860f83b302579fd7404c1180e9dae55c3f11d988c6?s=96&d=mm&r=g","contentUrl":"https:\/\/secure.gravatar.com\/avatar\/09ad6ba116bea0b15c5511860f83b302579fd7404c1180e9dae55c3f11d988c6?s=96&d=mm&r=g","caption":"\u00c0ngels L\u00f3pez"},"url":"https:\/\/ibecbarcelona.eu\/ca\/author\/alopez\/"}]}},"AFP_featured_media_urls":{"full":["https:\/\/ibecbarcelona.eu\/wp-content\/uploads\/2019\/05\/Imagen-1.png",886,471,false],"thumbnail":["https:\/\/ibecbarcelona.eu\/wp-content\/uploads\/2019\/05\/Imagen-1-150x150.png",150,150,true],"medium":["https:\/\/ibecbarcelona.eu\/wp-content\/uploads\/2019\/05\/Imagen-1-300x159.png",300,159,true],"medium_large":["https:\/\/ibecbarcelona.eu\/wp-content\/uploads\/2019\/05\/Imagen-1-768x408.png",768,408,true],"large":["https:\/\/ibecbarcelona.eu\/wp-content\/uploads\/2019\/05\/Imagen-1.png",886,471,false]},"AFP_attachments":{"full":["https:\/\/ibecbarcelona.eu\/wp-content\/uploads\/2019\/05\/Imagen-1.png",886,471,false],"thumbnail":["https:\/\/ibecbarcelona.eu\/wp-content\/uploads\/2019\/05\/Imagen-1-150x150.png",150,150,true],"medium":["https:\/\/ibecbarcelona.eu\/wp-content\/uploads\/2019\/05\/Imagen-1-300x159.png",300,159,true],"medium_large":["https:\/\/ibecbarcelona.eu\/wp-content\/uploads\/2019\/05\/Imagen-1-768x408.png",768,408,true],"large":["https:\/\/ibecbarcelona.eu\/wp-content\/uploads\/2019\/05\/Imagen-1.png",886,471,false]},"AFP_videos":[],"AFP_video_blocks":"","AFP_category_names":["Not\u00edcies institucionals"],"_links":{"self":[{"href":"https:\/\/ibecbarcelona.eu\/ca\/wp-json\/wp\/v2\/posts\/66626","targetHints":{"allow":["GET"]}}],"collection":[{"href":"https:\/\/ibecbarcelona.eu\/ca\/wp-json\/wp\/v2\/posts"}],"about":[{"href":"https:\/\/ibecbarcelona.eu\/ca\/wp-json\/wp\/v2\/types\/post"}],"author":[{"embeddable":true,"href":"https:\/\/ibecbarcelona.eu\/ca\/wp-json\/wp\/v2\/users\/4"}],"replies":[{"embeddable":true,"href":"https:\/\/ibecbarcelona.eu\/ca\/wp-json\/wp\/v2\/comments?post=66626"}],"version-history":[{"count":2,"href":"https:\/\/ibecbarcelona.eu\/ca\/wp-json\/wp\/v2\/posts\/66626\/revisions"}],"predecessor-version":[{"id":66628,"href":"https:\/\/ibecbarcelona.eu\/ca\/wp-json\/wp\/v2\/posts\/66626\/revisions\/66628"}],"wp:featuredmedia":[{"embeddable":true,"href":"https:\/\/ibecbarcelona.eu\/ca\/wp-json\/wp\/v2\/media\/66606"}],"wp:attachment":[{"href":"https:\/\/ibecbarcelona.eu\/ca\/wp-json\/wp\/v2\/media?parent=66626"}],"wp:term":[{"taxonomy":"category","embeddable":true,"href":"https:\/\/ibecbarcelona.eu\/ca\/wp-json\/wp\/v2\/categories?post=66626"},{"taxonomy":"post_tag","embeddable":true,"href":"https:\/\/ibecbarcelona.eu\/ca\/wp-json\/wp\/v2\/tags?post=66626"},{"taxonomy":"post_format","embeddable":true,"href":"https:\/\/ibecbarcelona.eu\/ca\/wp-json\/wp\/v2\/post_formats?post=66626"}],"curies":[{"name":"wp","href":"https:\/\/api.w.org\/{rel}","templated":true}]}}