
{"id":66919,"date":"2019-06-14T23:32:42","date_gmt":"2019-06-14T21:32:42","guid":{"rendered":"http:\/\/ibecbarcelona.eu\/jose-antonio-del-rio-presenta-los-resultados-de-su-investigacion-en-el-20o-simposio-de-la-marato-de-tv\/"},"modified":"2019-06-17T09:13:24","modified_gmt":"2019-06-17T07:13:24","slug":"jose-antonio-del-rio-presenta-los-resultados-de-su-investigacion-en-el-20o-simposio-de-la-marato-de-tv","status":"publish","type":"post","link":"https:\/\/ibecbarcelona.eu\/ca\/jose-antonio-del-rio-en-el-20-simposio-de-la-maratoTV3","title":{"rendered":"Jos\u00e9 Antonio del R\u00edo presenta els resultats de la seva recerca en el 20\u00e8 Simposi de la Marat\u00f3 de TV"},"content":{"rendered":"<p><img decoding=\"async\" class=\"alignleft size-full wp-image-66903 lazyload\" data-src=\"https:\/\/ibecbarcelona.eu\/wp-content\/uploads\/2019\/06\/delrio_ibec.jpg\" alt=\"\" width=\"500\" height=\"398\" data-srcset=\"https:\/\/ibecbarcelona.eu\/wp-content\/uploads\/2019\/06\/delrio_ibec.jpg 500w, https:\/\/ibecbarcelona.eu\/wp-content\/uploads\/2019\/06\/delrio_ibec-300x239.jpg 300w, https:\/\/ibecbarcelona.eu\/wp-content\/uploads\/2019\/06\/delrio_ibec-163x130.jpg 163w, https:\/\/ibecbarcelona.eu\/wp-content\/uploads\/2019\/06\/delrio_ibec-150x119.jpg 150w\" data-sizes=\"(max-width: 500px) 100vw, 500px\" src=\"data:image\/svg+xml;base64,PHN2ZyB3aWR0aD0iMSIgaGVpZ2h0PSIxIiB4bWxucz0iaHR0cDovL3d3dy53My5vcmcvMjAwMC9zdmciPjwvc3ZnPg==\" style=\"--smush-placeholder-width: 500px; --smush-placeholder-aspect-ratio: 500\/398;\" \/>Durant la jornada, els investigadors van presentar les conclusions de la seva recerca en 4 taules cient\u00edfiques moderades per Javier\u00a0Pagonabarraga, neur\u00f2leg i investigador de l&#8217;Institut de Recerca de l&#8217;Hospital de la Santa\u00a0Creu\u00a0i\u00a0Sant\u00a0Pau, i Jordi Duran, investigador i assessor cient\u00edfic de la\u00a0Fundaci\u00f3\u00a0La\u00a0Marat\u00f3\u00a0de TV3.<\/p>\n<p>El projecte\u00a0 de Jos\u00e9 Antonio del R\u00edo va ser un dels nou destacats per \u201cla seva innovaci\u00f3 i capacitat d&#8217;aplicaci\u00f3 directa en els pacients\u201d, en ell s&#8217;identificava una prote\u00efna clau en la progressi\u00f3 de la malaltia de Parkinson, la qual cosa obre noves possibilitats terap\u00e8utiques i permet dissenyar f\u00e0rmacs espec\u00edfics per a bloquejar la progressi\u00f3 d&#8217;aquesta malaltia. Tamb\u00e9 s&#8217;ha comprovat que aquesta prote\u00efna est\u00e0 present en altres patologies neurodegeneratives com l&#8217;Alzheimer.<\/p>\n<p>En la primera part de la clausura, els moderadors N\u00faria Sol\u00e9 i Roger de Gr\u00e0cia, presentadors de la Marat\u00f3 2013, van repassar el conjunt de projectes presentats durant el mat\u00ed, destacant el gran nombre de malalties neurodegeneratives estudiades,des de les que tenen m\u00e9s incid\u00e8ncia, com l\u2019Alzheimer o el Parkinson, fins a d\u2019altres m\u00e9s desconegudes com la malaltia de Huntington, les atr\u00f2fies musculars o les distr\u00f2fies de la retina. \u00a0Tamb\u00e9 van destacar la interconnexi\u00f3 entre la recerca b\u00e0sica i la cl\u00ednica, reflectida en els nombrosos estudis que han detectat nous biomarcadors, que serviran per a fer diagn\u00f2stics de manera m\u00e9s preco\u00e7 i precisa, \u00a0pas previ als tractaments..<\/p>\n<p>Albert Barber\u00e0, \u00a0director general de Recerca i Innovaci\u00f3 en Salut del Departament de Salut de la Generalitat de Catalunya, va definir\u00a0 La Marat\u00f3 com un \u201cactor fonamental en el sistema de recerca i innovaci\u00f3 de Catalunya\u201d.<\/p>\n<p><img decoding=\"async\" class=\"size-full wp-image-66900 alignright lazyload\" data-src=\"https:\/\/ibecbarcelona.eu\/wp-content\/uploads\/2019\/06\/marato_tv3_ibec.jpg\" alt=\"\" width=\"500\" height=\"325\" data-srcset=\"https:\/\/ibecbarcelona.eu\/wp-content\/uploads\/2019\/06\/marato_tv3_ibec.jpg 500w, https:\/\/ibecbarcelona.eu\/wp-content\/uploads\/2019\/06\/marato_tv3_ibec-300x195.jpg 300w, https:\/\/ibecbarcelona.eu\/wp-content\/uploads\/2019\/06\/marato_tv3_ibec-200x130.jpg 200w, https:\/\/ibecbarcelona.eu\/wp-content\/uploads\/2019\/06\/marato_tv3_ibec-150x98.jpg 150w\" data-sizes=\"(max-width: 500px) 100vw, 500px\" src=\"data:image\/svg+xml;base64,PHN2ZyB3aWR0aD0iMSIgaGVpZ2h0PSIxIiB4bWxucz0iaHR0cDovL3d3dy53My5vcmcvMjAwMC9zdmciPjwvc3ZnPg==\" style=\"--smush-placeholder-width: 500px; --smush-placeholder-aspect-ratio: 500\/325;\" \/>La clausura institucional del simposi va ser a c\u00e0rrec de Jaume de Puig, vicepresident de l&#8217;Institut d\u2019Estudis Catalans, i de N\u00faria Llorach, vicepresidenta de la Corporaci\u00f3 Catalana de Mitjans Audiovisual i del Patronat de la Fundaci\u00f3.<\/p>\n<p>Per difondre m\u00e9s \u00e0mpliament els aven\u00e7os presentats en el simposi, TV3 emetr\u00e0 en els pr\u00f2xims dies el programa especial\u00a0<strong>&#8220;La Marat\u00f3 dels investigadors&#8221;<\/strong>, que retroba alguns dels testimonis de La Marat\u00f3 del 2013 i repassa els aven\u00e7os aconseguits amb la recerca impulsada per aquella edici\u00f3.<\/p>\n<p>Seguint aquest enlla\u00e7 pots consultar els resultats dels 44 projectes que s&#8217;han presentat en aquest esdeveniment: <a href=\"http:\/\/www.tv3.cat\/marato\/20simposium\" target=\"_blank\" rel=\"noopener noreferrer\">http:\/\/www.tv3.cat\/marato\/20simposium<\/a><\/p>\n","protected":false},"excerpt":{"rendered":"<h3>Jos\u00e9 Antonio del R\u00edo,  investigador principal del grup Neurobiotecnologia Neuronal i Cel\u00b7lular de l&#8217;Institut de Bioenginyeria de Catalunya, ha presentat en el 20\u00e8 Simposi de la Marat\u00f3 de TV3, els resultats derivats de la seva recerca en malalties neurodegeneratives impulsada amb els fons de la Marat\u00f3 2013.<\/h3>\n<\/p>\n<p>En l&#8217;esdeveniment, que ha tingut lloc aquesta setmana en l&#8217;Institut d&#8217;Estudis Catalans, s&#8217;han fet p\u00fablics els resultats dels 79 equips de recerca que han dut a terme els 44 projectes finan\u00e7ats per aquesta edici\u00f3 del programa, on s&#8217;han exposat un conjunt d&#8217;avan\u00e7os dirigits a dissenyar noves eines de prevenci\u00f3 i diagn\u00f2stic, aix\u00ed com nous enfocaments terap\u00e8utics per a millorar l&#8217;esperan\u00e7a i la qualitat de vida dels pacients amb una malaltia neurodegenerativa.<\/p>\n<p>. <\/p>\n","protected":false},"author":4,"featured_media":66904,"comment_status":"closed","ping_status":"closed","sticky":false,"template":"","format":"standard","meta":{"footnotes":""},"categories":[98],"tags":[537,427,539,158,1132,538,541,542],"post_formats":[],"class_list":["post-66919","post","type-post","status-publish","format-standard","has-post-thumbnail","hentry","category-noticies-institucionals","tag-20o-simposio-ca","tag-ibec-ca-2","tag-ibec-es-ca","tag-ibec-ca","tag-jose-antonio-del-rio-ca","tag-malalties-neurodegeneratives","tag-marato-tv3-es-ca","tag-parkinson-es-ca"],"yoast_head":"<!-- This site is optimized with the Yoast SEO plugin v27.4 - https:\/\/yoast.com\/product\/yoast-seo-wordpress\/ -->\n<title>Jos\u00e9 Antonio del R\u00edo presenta els resultats de la seva recerca en el 20\u00e8 Simposi de la Marat\u00f3 de TV - Institute for Bioengineering of Catalonia<\/title>\n<meta name=\"robots\" content=\"index, follow, max-snippet:-1, max-image-preview:large, max-video-preview:-1\" \/>\n<link rel=\"canonical\" href=\"https:\/\/ibecbarcelona.eu\/ca\/jose-antonio-del-rio-en-el-20-simposio-de-la-maratoTV3\/\" \/>\n<meta property=\"og:locale\" content=\"ca_ES\" \/>\n<meta property=\"og:type\" content=\"article\" \/>\n<meta property=\"og:title\" content=\"Jos\u00e9 Antonio del R\u00edo presenta els resultats de la seva recerca en el 20\u00e8 Simposi de la Marat\u00f3 de TV - Institute for Bioengineering of Catalonia\" \/>\n<meta property=\"og:description\" content=\"Jos\u00e9 Antonio del R\u00edo, investigador principal del grup Neurobiotecnologia Neuronal i Cel\u00b7lular de l&#039;Institut de Bioenginyeria de Catalunya, ha presentat en el 20\u00e8 Simposi de la Marat\u00f3 de TV3, els resultats derivats de la seva recerca en malalties neurodegeneratives impulsada amb els fons de la Marat\u00f3 2013.  En l&#039;esdeveniment, que ha tingut lloc aquesta setmana en l&#039;Institut d&#039;Estudis Catalans, s&#039;han fet p\u00fablics els resultats dels 79 equips de recerca que han dut a terme els 44 projectes finan\u00e7ats per aquesta edici\u00f3 del programa, on s&#039;han exposat un conjunt d&#039;avan\u00e7os dirigits a dissenyar noves eines de prevenci\u00f3 i diagn\u00f2stic, aix\u00ed com nous enfocaments terap\u00e8utics per a millorar l&#039;esperan\u00e7a i la qualitat de vida dels pacients amb una malaltia neurodegenerativa..\" \/>\n<meta property=\"og:url\" content=\"https:\/\/ibecbarcelona.eu\/ca\/jose-antonio-del-rio-en-el-20-simposio-de-la-maratoTV3\/\" \/>\n<meta property=\"og:site_name\" content=\"Institute for Bioengineering of Catalonia\" \/>\n<meta property=\"article:published_time\" content=\"2019-06-14T21:32:42+00:00\" \/>\n<meta property=\"article:modified_time\" content=\"2019-06-17T07:13:24+00:00\" \/>\n<meta property=\"og:image\" content=\"https:\/\/ibecbarcelona.eu\/wp-content\/uploads\/2019\/06\/delrio_ibec.jpg\" \/>\n\t<meta property=\"og:image:width\" content=\"500\" \/>\n\t<meta property=\"og:image:height\" content=\"398\" \/>\n\t<meta property=\"og:image:type\" content=\"image\/jpeg\" \/>\n<meta name=\"author\" content=\"\u00c0ngels L\u00f3pez\" \/>\n<meta name=\"twitter:card\" content=\"summary_large_image\" \/>\n<meta name=\"twitter:label1\" content=\"Escrit per\" \/>\n\t<meta name=\"twitter:data1\" content=\"\u00c0ngels L\u00f3pez\" \/>\n\t<meta name=\"twitter:label2\" content=\"Temps estimat de lectura\" \/>\n\t<meta name=\"twitter:data2\" content=\"2 minuts\" \/>\n<script type=\"application\/ld+json\" class=\"yoast-schema-graph\">{\"@context\":\"https:\\\/\\\/schema.org\",\"@graph\":[{\"@type\":\"Article\",\"@id\":\"https:\\\/\\\/ibecbarcelona.eu\\\/ca\\\/jose-antonio-del-rio-en-el-20-simposio-de-la-maratoTV3\\\/#article\",\"isPartOf\":{\"@id\":\"https:\\\/\\\/ibecbarcelona.eu\\\/ca\\\/jose-antonio-del-rio-en-el-20-simposio-de-la-maratoTV3\\\/\"},\"author\":{\"name\":\"\u00c0ngels L\u00f3pez\",\"@id\":\"https:\\\/\\\/ibecbarcelona.eu\\\/#\\\/schema\\\/person\\\/c212c6b589546130be67986b9290e2b8\"},\"headline\":\"Jos\u00e9 Antonio del R\u00edo presenta els resultats de la seva recerca en el 20\u00e8 Simposi de la Marat\u00f3 de TV\",\"datePublished\":\"2019-06-14T21:32:42+00:00\",\"dateModified\":\"2019-06-17T07:13:24+00:00\",\"mainEntityOfPage\":{\"@id\":\"https:\\\/\\\/ibecbarcelona.eu\\\/ca\\\/jose-antonio-del-rio-en-el-20-simposio-de-la-maratoTV3\\\/\"},\"wordCount\":413,\"publisher\":{\"@id\":\"https:\\\/\\\/ibecbarcelona.eu\\\/#organization\"},\"image\":{\"@id\":\"https:\\\/\\\/ibecbarcelona.eu\\\/ca\\\/jose-antonio-del-rio-en-el-20-simposio-de-la-maratoTV3\\\/#primaryimage\"},\"thumbnailUrl\":\"https:\\\/\\\/ibecbarcelona.eu\\\/wp-content\\\/uploads\\\/2019\\\/06\\\/delrio_ibec.jpg\",\"keywords\":[\"20\u00ba simposio\",\"IBEC\",\"IBEC\",\"IBEC\",\"Jos\u00e9 Antonio del R\u00edo\",\"Malalties neurodegeneratives\",\"Marat\u00f3 TV3\",\"Parkinson\"],\"articleSection\":[\"Not\u00edcies institucionals\"],\"inLanguage\":\"ca\"},{\"@type\":\"WebPage\",\"@id\":\"https:\\\/\\\/ibecbarcelona.eu\\\/ca\\\/jose-antonio-del-rio-en-el-20-simposio-de-la-maratoTV3\\\/\",\"url\":\"https:\\\/\\\/ibecbarcelona.eu\\\/ca\\\/jose-antonio-del-rio-en-el-20-simposio-de-la-maratoTV3\\\/\",\"name\":\"Jos\u00e9 Antonio del R\u00edo presenta els resultats de la seva recerca en el 20\u00e8 Simposi de la Marat\u00f3 de TV - Institute for Bioengineering of Catalonia\",\"isPartOf\":{\"@id\":\"https:\\\/\\\/ibecbarcelona.eu\\\/#website\"},\"primaryImageOfPage\":{\"@id\":\"https:\\\/\\\/ibecbarcelona.eu\\\/ca\\\/jose-antonio-del-rio-en-el-20-simposio-de-la-maratoTV3\\\/#primaryimage\"},\"image\":{\"@id\":\"https:\\\/\\\/ibecbarcelona.eu\\\/ca\\\/jose-antonio-del-rio-en-el-20-simposio-de-la-maratoTV3\\\/#primaryimage\"},\"thumbnailUrl\":\"https:\\\/\\\/ibecbarcelona.eu\\\/wp-content\\\/uploads\\\/2019\\\/06\\\/delrio_ibec.jpg\",\"datePublished\":\"2019-06-14T21:32:42+00:00\",\"dateModified\":\"2019-06-17T07:13:24+00:00\",\"breadcrumb\":{\"@id\":\"https:\\\/\\\/ibecbarcelona.eu\\\/ca\\\/jose-antonio-del-rio-en-el-20-simposio-de-la-maratoTV3\\\/#breadcrumb\"},\"inLanguage\":\"ca\",\"potentialAction\":[{\"@type\":\"ReadAction\",\"target\":[\"https:\\\/\\\/ibecbarcelona.eu\\\/ca\\\/jose-antonio-del-rio-en-el-20-simposio-de-la-maratoTV3\\\/\"]}]},{\"@type\":\"ImageObject\",\"inLanguage\":\"ca\",\"@id\":\"https:\\\/\\\/ibecbarcelona.eu\\\/ca\\\/jose-antonio-del-rio-en-el-20-simposio-de-la-maratoTV3\\\/#primaryimage\",\"url\":\"https:\\\/\\\/ibecbarcelona.eu\\\/wp-content\\\/uploads\\\/2019\\\/06\\\/delrio_ibec.jpg\",\"contentUrl\":\"https:\\\/\\\/ibecbarcelona.eu\\\/wp-content\\\/uploads\\\/2019\\\/06\\\/delrio_ibec.jpg\",\"width\":500,\"height\":398},{\"@type\":\"BreadcrumbList\",\"@id\":\"https:\\\/\\\/ibecbarcelona.eu\\\/ca\\\/jose-antonio-del-rio-en-el-20-simposio-de-la-maratoTV3\\\/#breadcrumb\",\"itemListElement\":[{\"@type\":\"ListItem\",\"position\":1,\"name\":\"Home\",\"item\":\"https:\\\/\\\/ibecbarcelona.eu\\\/ca\\\/\"},{\"@type\":\"ListItem\",\"position\":2,\"name\":\"Jos\u00e9 Antonio del R\u00edo presenta els resultats de la seva recerca en el 20\u00e8 Simposi de la Marat\u00f3 de TV\"}]},{\"@type\":\"WebSite\",\"@id\":\"https:\\\/\\\/ibecbarcelona.eu\\\/#website\",\"url\":\"https:\\\/\\\/ibecbarcelona.eu\\\/\",\"name\":\"Institute for Bioengineering of Catalonia\",\"description\":\"Bioengineering Solutions for Health\",\"publisher\":{\"@id\":\"https:\\\/\\\/ibecbarcelona.eu\\\/#organization\"},\"potentialAction\":[{\"@type\":\"SearchAction\",\"target\":{\"@type\":\"EntryPoint\",\"urlTemplate\":\"https:\\\/\\\/ibecbarcelona.eu\\\/?s={search_term_string}\"},\"query-input\":{\"@type\":\"PropertyValueSpecification\",\"valueRequired\":true,\"valueName\":\"search_term_string\"}}],\"inLanguage\":\"ca\"},{\"@type\":\"Organization\",\"@id\":\"https:\\\/\\\/ibecbarcelona.eu\\\/#organization\",\"name\":\"Institute for Bioengineering of Catalonia\",\"url\":\"https:\\\/\\\/ibecbarcelona.eu\\\/\",\"logo\":{\"@type\":\"ImageObject\",\"inLanguage\":\"ca\",\"@id\":\"https:\\\/\\\/ibecbarcelona.eu\\\/#\\\/schema\\\/logo\\\/image\\\/\",\"url\":\"https:\\\/\\\/ibecbarcelona.eu\\\/wp-content\\\/uploads\\\/2026\\\/01\\\/cropped-IBEC_20ANYS_GRIS.png\",\"contentUrl\":\"https:\\\/\\\/ibecbarcelona.eu\\\/wp-content\\\/uploads\\\/2026\\\/01\\\/cropped-IBEC_20ANYS_GRIS.png\",\"width\":696,\"height\":257,\"caption\":\"Institute for Bioengineering of Catalonia\"},\"image\":{\"@id\":\"https:\\\/\\\/ibecbarcelona.eu\\\/#\\\/schema\\\/logo\\\/image\\\/\"}},{\"@type\":\"Person\",\"@id\":\"https:\\\/\\\/ibecbarcelona.eu\\\/#\\\/schema\\\/person\\\/c212c6b589546130be67986b9290e2b8\",\"name\":\"\u00c0ngels L\u00f3pez\",\"image\":{\"@type\":\"ImageObject\",\"inLanguage\":\"ca\",\"@id\":\"https:\\\/\\\/secure.gravatar.com\\\/avatar\\\/09ad6ba116bea0b15c5511860f83b302579fd7404c1180e9dae55c3f11d988c6?s=96&d=mm&r=g\",\"url\":\"https:\\\/\\\/secure.gravatar.com\\\/avatar\\\/09ad6ba116bea0b15c5511860f83b302579fd7404c1180e9dae55c3f11d988c6?s=96&d=mm&r=g\",\"contentUrl\":\"https:\\\/\\\/secure.gravatar.com\\\/avatar\\\/09ad6ba116bea0b15c5511860f83b302579fd7404c1180e9dae55c3f11d988c6?s=96&d=mm&r=g\",\"caption\":\"\u00c0ngels L\u00f3pez\"},\"url\":\"https:\\\/\\\/ibecbarcelona.eu\\\/ca\\\/author\\\/alopez\\\/\"}]}<\/script>\n<!-- \/ Yoast SEO plugin. -->","yoast_head_json":{"title":"Jos\u00e9 Antonio del R\u00edo presenta els resultats de la seva recerca en el 20\u00e8 Simposi de la Marat\u00f3 de TV - Institute for Bioengineering of Catalonia","robots":{"index":"index","follow":"follow","max-snippet":"max-snippet:-1","max-image-preview":"max-image-preview:large","max-video-preview":"max-video-preview:-1"},"canonical":"https:\/\/ibecbarcelona.eu\/ca\/jose-antonio-del-rio-en-el-20-simposio-de-la-maratoTV3\/","og_locale":"ca_ES","og_type":"article","og_title":"Jos\u00e9 Antonio del R\u00edo presenta els resultats de la seva recerca en el 20\u00e8 Simposi de la Marat\u00f3 de TV - Institute for Bioengineering of Catalonia","og_description":"Jos\u00e9 Antonio del R\u00edo, investigador principal del grup Neurobiotecnologia Neuronal i Cel\u00b7lular de l'Institut de Bioenginyeria de Catalunya, ha presentat en el 20\u00e8 Simposi de la Marat\u00f3 de TV3, els resultats derivats de la seva recerca en malalties neurodegeneratives impulsada amb els fons de la Marat\u00f3 2013.  En l'esdeveniment, que ha tingut lloc aquesta setmana en l'Institut d'Estudis Catalans, s'han fet p\u00fablics els resultats dels 79 equips de recerca que han dut a terme els 44 projectes finan\u00e7ats per aquesta edici\u00f3 del programa, on s'han exposat un conjunt d'avan\u00e7os dirigits a dissenyar noves eines de prevenci\u00f3 i diagn\u00f2stic, aix\u00ed com nous enfocaments terap\u00e8utics per a millorar l'esperan\u00e7a i la qualitat de vida dels pacients amb una malaltia neurodegenerativa..","og_url":"https:\/\/ibecbarcelona.eu\/ca\/jose-antonio-del-rio-en-el-20-simposio-de-la-maratoTV3\/","og_site_name":"Institute for Bioengineering of Catalonia","article_published_time":"2019-06-14T21:32:42+00:00","article_modified_time":"2019-06-17T07:13:24+00:00","og_image":[{"width":500,"height":398,"url":"https:\/\/ibecbarcelona.eu\/wp-content\/uploads\/2019\/06\/delrio_ibec.jpg","type":"image\/jpeg"}],"author":"\u00c0ngels L\u00f3pez","twitter_card":"summary_large_image","twitter_misc":{"Escrit per":"\u00c0ngels L\u00f3pez","Temps estimat de lectura":"2 minuts"},"schema":{"@context":"https:\/\/schema.org","@graph":[{"@type":"Article","@id":"https:\/\/ibecbarcelona.eu\/ca\/jose-antonio-del-rio-en-el-20-simposio-de-la-maratoTV3\/#article","isPartOf":{"@id":"https:\/\/ibecbarcelona.eu\/ca\/jose-antonio-del-rio-en-el-20-simposio-de-la-maratoTV3\/"},"author":{"name":"\u00c0ngels L\u00f3pez","@id":"https:\/\/ibecbarcelona.eu\/#\/schema\/person\/c212c6b589546130be67986b9290e2b8"},"headline":"Jos\u00e9 Antonio del R\u00edo presenta els resultats de la seva recerca en el 20\u00e8 Simposi de la Marat\u00f3 de TV","datePublished":"2019-06-14T21:32:42+00:00","dateModified":"2019-06-17T07:13:24+00:00","mainEntityOfPage":{"@id":"https:\/\/ibecbarcelona.eu\/ca\/jose-antonio-del-rio-en-el-20-simposio-de-la-maratoTV3\/"},"wordCount":413,"publisher":{"@id":"https:\/\/ibecbarcelona.eu\/#organization"},"image":{"@id":"https:\/\/ibecbarcelona.eu\/ca\/jose-antonio-del-rio-en-el-20-simposio-de-la-maratoTV3\/#primaryimage"},"thumbnailUrl":"https:\/\/ibecbarcelona.eu\/wp-content\/uploads\/2019\/06\/delrio_ibec.jpg","keywords":["20\u00ba simposio","IBEC","IBEC","IBEC","Jos\u00e9 Antonio del R\u00edo","Malalties neurodegeneratives","Marat\u00f3 TV3","Parkinson"],"articleSection":["Not\u00edcies institucionals"],"inLanguage":"ca"},{"@type":"WebPage","@id":"https:\/\/ibecbarcelona.eu\/ca\/jose-antonio-del-rio-en-el-20-simposio-de-la-maratoTV3\/","url":"https:\/\/ibecbarcelona.eu\/ca\/jose-antonio-del-rio-en-el-20-simposio-de-la-maratoTV3\/","name":"Jos\u00e9 Antonio del R\u00edo presenta els resultats de la seva recerca en el 20\u00e8 Simposi de la Marat\u00f3 de TV - Institute for Bioengineering of Catalonia","isPartOf":{"@id":"https:\/\/ibecbarcelona.eu\/#website"},"primaryImageOfPage":{"@id":"https:\/\/ibecbarcelona.eu\/ca\/jose-antonio-del-rio-en-el-20-simposio-de-la-maratoTV3\/#primaryimage"},"image":{"@id":"https:\/\/ibecbarcelona.eu\/ca\/jose-antonio-del-rio-en-el-20-simposio-de-la-maratoTV3\/#primaryimage"},"thumbnailUrl":"https:\/\/ibecbarcelona.eu\/wp-content\/uploads\/2019\/06\/delrio_ibec.jpg","datePublished":"2019-06-14T21:32:42+00:00","dateModified":"2019-06-17T07:13:24+00:00","breadcrumb":{"@id":"https:\/\/ibecbarcelona.eu\/ca\/jose-antonio-del-rio-en-el-20-simposio-de-la-maratoTV3\/#breadcrumb"},"inLanguage":"ca","potentialAction":[{"@type":"ReadAction","target":["https:\/\/ibecbarcelona.eu\/ca\/jose-antonio-del-rio-en-el-20-simposio-de-la-maratoTV3\/"]}]},{"@type":"ImageObject","inLanguage":"ca","@id":"https:\/\/ibecbarcelona.eu\/ca\/jose-antonio-del-rio-en-el-20-simposio-de-la-maratoTV3\/#primaryimage","url":"https:\/\/ibecbarcelona.eu\/wp-content\/uploads\/2019\/06\/delrio_ibec.jpg","contentUrl":"https:\/\/ibecbarcelona.eu\/wp-content\/uploads\/2019\/06\/delrio_ibec.jpg","width":500,"height":398},{"@type":"BreadcrumbList","@id":"https:\/\/ibecbarcelona.eu\/ca\/jose-antonio-del-rio-en-el-20-simposio-de-la-maratoTV3\/#breadcrumb","itemListElement":[{"@type":"ListItem","position":1,"name":"Home","item":"https:\/\/ibecbarcelona.eu\/ca\/"},{"@type":"ListItem","position":2,"name":"Jos\u00e9 Antonio del R\u00edo presenta els resultats de la seva recerca en el 20\u00e8 Simposi de la Marat\u00f3 de TV"}]},{"@type":"WebSite","@id":"https:\/\/ibecbarcelona.eu\/#website","url":"https:\/\/ibecbarcelona.eu\/","name":"Institute for Bioengineering of Catalonia","description":"Bioengineering Solutions for Health","publisher":{"@id":"https:\/\/ibecbarcelona.eu\/#organization"},"potentialAction":[{"@type":"SearchAction","target":{"@type":"EntryPoint","urlTemplate":"https:\/\/ibecbarcelona.eu\/?s={search_term_string}"},"query-input":{"@type":"PropertyValueSpecification","valueRequired":true,"valueName":"search_term_string"}}],"inLanguage":"ca"},{"@type":"Organization","@id":"https:\/\/ibecbarcelona.eu\/#organization","name":"Institute for Bioengineering of Catalonia","url":"https:\/\/ibecbarcelona.eu\/","logo":{"@type":"ImageObject","inLanguage":"ca","@id":"https:\/\/ibecbarcelona.eu\/#\/schema\/logo\/image\/","url":"https:\/\/ibecbarcelona.eu\/wp-content\/uploads\/2026\/01\/cropped-IBEC_20ANYS_GRIS.png","contentUrl":"https:\/\/ibecbarcelona.eu\/wp-content\/uploads\/2026\/01\/cropped-IBEC_20ANYS_GRIS.png","width":696,"height":257,"caption":"Institute for Bioengineering of Catalonia"},"image":{"@id":"https:\/\/ibecbarcelona.eu\/#\/schema\/logo\/image\/"}},{"@type":"Person","@id":"https:\/\/ibecbarcelona.eu\/#\/schema\/person\/c212c6b589546130be67986b9290e2b8","name":"\u00c0ngels L\u00f3pez","image":{"@type":"ImageObject","inLanguage":"ca","@id":"https:\/\/secure.gravatar.com\/avatar\/09ad6ba116bea0b15c5511860f83b302579fd7404c1180e9dae55c3f11d988c6?s=96&d=mm&r=g","url":"https:\/\/secure.gravatar.com\/avatar\/09ad6ba116bea0b15c5511860f83b302579fd7404c1180e9dae55c3f11d988c6?s=96&d=mm&r=g","contentUrl":"https:\/\/secure.gravatar.com\/avatar\/09ad6ba116bea0b15c5511860f83b302579fd7404c1180e9dae55c3f11d988c6?s=96&d=mm&r=g","caption":"\u00c0ngels L\u00f3pez"},"url":"https:\/\/ibecbarcelona.eu\/ca\/author\/alopez\/"}]}},"AFP_featured_media_urls":{"full":["https:\/\/ibecbarcelona.eu\/wp-content\/uploads\/2019\/06\/delrio_ibec.jpg",500,398,false],"thumbnail":["https:\/\/ibecbarcelona.eu\/wp-content\/uploads\/2019\/06\/delrio_ibec-150x150.jpg",150,150,true],"medium":["https:\/\/ibecbarcelona.eu\/wp-content\/uploads\/2019\/06\/delrio_ibec-300x239.jpg",300,239,true],"medium_large":["https:\/\/ibecbarcelona.eu\/wp-content\/uploads\/2019\/06\/delrio_ibec.jpg",500,398,false],"large":["https:\/\/ibecbarcelona.eu\/wp-content\/uploads\/2019\/06\/delrio_ibec.jpg",500,398,false]},"AFP_attachments":{"full":["https:\/\/ibecbarcelona.eu\/wp-content\/uploads\/2019\/06\/marato_tv3_ibec.jpg",500,325,false],"thumbnail":["https:\/\/ibecbarcelona.eu\/wp-content\/uploads\/2019\/06\/marato_tv3_ibec-150x150.jpg",150,150,true],"medium":["https:\/\/ibecbarcelona.eu\/wp-content\/uploads\/2019\/06\/marato_tv3_ibec-300x195.jpg",300,195,true],"medium_large":["https:\/\/ibecbarcelona.eu\/wp-content\/uploads\/2019\/06\/marato_tv3_ibec.jpg",500,325,false],"large":["https:\/\/ibecbarcelona.eu\/wp-content\/uploads\/2019\/06\/marato_tv3_ibec.jpg",500,325,false]},"AFP_videos":[],"AFP_video_blocks":"","AFP_category_names":["Not\u00edcies institucionals"],"_links":{"self":[{"href":"https:\/\/ibecbarcelona.eu\/ca\/wp-json\/wp\/v2\/posts\/66919","targetHints":{"allow":["GET"]}}],"collection":[{"href":"https:\/\/ibecbarcelona.eu\/ca\/wp-json\/wp\/v2\/posts"}],"about":[{"href":"https:\/\/ibecbarcelona.eu\/ca\/wp-json\/wp\/v2\/types\/post"}],"author":[{"embeddable":true,"href":"https:\/\/ibecbarcelona.eu\/ca\/wp-json\/wp\/v2\/users\/4"}],"replies":[{"embeddable":true,"href":"https:\/\/ibecbarcelona.eu\/ca\/wp-json\/wp\/v2\/comments?post=66919"}],"version-history":[{"count":7,"href":"https:\/\/ibecbarcelona.eu\/ca\/wp-json\/wp\/v2\/posts\/66919\/revisions"}],"predecessor-version":[{"id":66932,"href":"https:\/\/ibecbarcelona.eu\/ca\/wp-json\/wp\/v2\/posts\/66919\/revisions\/66932"}],"wp:featuredmedia":[{"embeddable":true,"href":"https:\/\/ibecbarcelona.eu\/ca\/wp-json\/wp\/v2\/media\/66904"}],"wp:attachment":[{"href":"https:\/\/ibecbarcelona.eu\/ca\/wp-json\/wp\/v2\/media?parent=66919"}],"wp:term":[{"taxonomy":"category","embeddable":true,"href":"https:\/\/ibecbarcelona.eu\/ca\/wp-json\/wp\/v2\/categories?post=66919"},{"taxonomy":"post_tag","embeddable":true,"href":"https:\/\/ibecbarcelona.eu\/ca\/wp-json\/wp\/v2\/tags?post=66919"},{"taxonomy":"post_format","embeddable":true,"href":"https:\/\/ibecbarcelona.eu\/ca\/wp-json\/wp\/v2\/post_formats?post=66919"}],"curies":[{"name":"wp","href":"https:\/\/api.w.org\/{rel}","templated":true}]}}