
{"id":67228,"date":"2019-07-15T16:03:03","date_gmt":"2019-07-15T14:03:03","guid":{"rendered":"http:\/\/ibecbarcelona.eu\/?p=67228"},"modified":"2019-07-15T16:05:26","modified_gmt":"2019-07-15T14:05:26","slug":"entrevista-a-jose-antonio-del-rio-al-programa-la-marato-dels-investigadors","status":"publish","type":"post","link":"https:\/\/ibecbarcelona.eu\/ca\/entrevista-a-jose-antonio-del-rio-al-programa-la-marato-dels-investigadors\/","title":{"rendered":"Entrevista a Jos\u00e9 Antonio del R\u00edo al programa &#8220;La Marat\u00f3 dels investigadors&#8221;"},"content":{"rendered":"<p><a href=\"https:\/\/www.ccma.cat\/tv3\/alacarta\/programa\/la-marato-dels-investigadors-resultats-2013-capitol-18\/video\/5885548\/\" target=\"_blank\" rel=\"noopener noreferrer\"><img decoding=\"async\" class=\"alignnone wp-image-67223 lazyload\" data-src=\"https:\/\/ibecbarcelona.eu\/wp-content\/uploads\/2019\/07\/DelRio-300x169.jpg\" alt=\"\" width=\"400\" height=\"225\" data-srcset=\"https:\/\/ibecbarcelona.eu\/wp-content\/uploads\/2019\/07\/DelRio-300x169.jpg 300w, https:\/\/ibecbarcelona.eu\/wp-content\/uploads\/2019\/07\/DelRio-768x432.jpg 768w, https:\/\/ibecbarcelona.eu\/wp-content\/uploads\/2019\/07\/DelRio-1024x576.jpg 1024w, https:\/\/ibecbarcelona.eu\/wp-content\/uploads\/2019\/07\/DelRio-230x130.jpg 230w, https:\/\/ibecbarcelona.eu\/wp-content\/uploads\/2019\/07\/DelRio-150x84.jpg 150w, https:\/\/ibecbarcelona.eu\/wp-content\/uploads\/2019\/07\/DelRio.jpg 1920w\" data-sizes=\"(max-width: 400px) 100vw, 400px\" src=\"data:image\/svg+xml;base64,PHN2ZyB3aWR0aD0iMSIgaGVpZ2h0PSIxIiB4bWxucz0iaHR0cDovL3d3dy53My5vcmcvMjAwMC9zdmciPjwvc3ZnPg==\" style=\"--smush-placeholder-width: 400px; --smush-placeholder-aspect-ratio: 400\/225;\" \/><\/a><\/p>\n<p>Durant l&#8217;entrevista, Jos\u00e9 Antonio del R\u00edo explica la recerca que est\u00e0 duent a terme a l&#8217;IBEC gr\u00e0cies a la Marat\u00f3. El seu grup ha identificat la prote\u00efna clau en la progressi\u00f3 de la malaltia del Parkinson i com aquesta passa de c\u00e8l\u00b7lula a c\u00e8l\u00b7lula, fet que obre noves possibilitats terap\u00e8utiques que podrien bloquejar l&#8217;aven\u00e7 de la malaltia.<\/p>\n<p>En la seva recerca, han pogut demostrar en quina part de les prote\u00efnes s&#8217;enganxa aquesta prote\u00efna &#8220;dolenta&#8221; que causa la malaltia. Una vegada aquesta prote\u00efna s&#8217;uneix a les prote\u00efnes que es troben normalment en el nostre cos, aquesta passa a l&#8217;interior de la c\u00e8l\u00b7lula i va passant de c\u00e8l\u00b7lula a c\u00e8l\u00b7lula. Si s&#8217;aconsegueix bloquejar aquesta uni\u00f3 amb un f\u00e0rmac i que a m\u00e9s a m\u00e9s aquest no alteri la xarxa neuronal, es podria bloquejar la progressi\u00f3 de la malaltia. En paraules de Jos\u00e9 Antonio del\u00a0<span class=\"hiddenSpellError\">R\u00edo<\/span>\u00a0&#8220;Sorprenentment, i \u00e9s la part que a mi m\u00e9s m&#8217;emociona, \u00e9s que aquesta prote\u00efna est\u00e0 present en altres patologies neurodegeneratives com l&#8217;Alzheimer. No pensem que podrem desenvolupar una p\u00edndola meravellosa per\u00f2 si pogu\u00e9ssim bloquejar aquest proc\u00e9s, tamb\u00e9 estar\u00edem fent un favor a altres malalties degeneratives&#8221;.<\/p>\n<p>L&#8217;entrevista a Jos\u00e9 Antonio del\u00a0<span class=\"hiddenSpellError\">R\u00edo<\/span>\u00a0comen\u00e7a en el minut 17,49<\/p>\n","protected":false},"excerpt":{"rendered":"<h3>El passat diumenge 14 de juliol, Jos\u00e9 Antonio del R\u00edo va ser entrevistat al programa \u201cLa marat\u00f3 dels investigadors\u201d per tancar el cicle de \u201cla Marat\u00f3 2013\u201d dedicat a les malalties neurodegeneratives, on el seu projecte de recerca va ser seleccionat per rebre  finan\u00e7ament. <\/h3>\n","protected":false},"author":4,"featured_media":67224,"comment_status":"closed","ping_status":"closed","sticky":false,"template":"","format":"standard","meta":{"footnotes":""},"categories":[99],"tags":[1132,561],"post_formats":[],"class_list":["post-67228","post","type-post","status-publish","format-standard","has-post-thumbnail","hentry","category-ibec-als-mitjans","tag-jose-antonio-del-rio-ca","tag-marato"],"yoast_head":"<!-- This site is optimized with the Yoast SEO plugin v27.5 - https:\/\/yoast.com\/product\/yoast-seo-wordpress\/ -->\n<title>Entrevista a Jos\u00e9 Antonio del R\u00edo al programa &quot;La Marat\u00f3 dels investigadors&quot; - Institute for Bioengineering of Catalonia<\/title>\n<meta name=\"robots\" content=\"index, follow, max-snippet:-1, max-image-preview:large, max-video-preview:-1\" \/>\n<link rel=\"canonical\" href=\"https:\/\/ibecbarcelona.eu\/ca\/entrevista-a-jose-antonio-del-rio-al-programa-la-marato-dels-investigadors\/\" \/>\n<meta property=\"og:locale\" content=\"ca_ES\" \/>\n<meta property=\"og:type\" content=\"article\" \/>\n<meta property=\"og:title\" content=\"Entrevista a Jos\u00e9 Antonio del R\u00edo al programa &quot;La Marat\u00f3 dels investigadors&quot; - Institute for Bioengineering of Catalonia\" \/>\n<meta property=\"og:description\" content=\"El passat diumenge 14 de juliol, Jos\u00e9 Antonio del R\u00edo va ser entrevistat al programa \u201cLa marat\u00f3 dels investigadors\u201d per tancar el cicle de \u201cla Marat\u00f3 2013\u201d dedicat a les malalties neurodegeneratives, on el seu projecte de recerca va ser seleccionat per rebre finan\u00e7ament.\" \/>\n<meta property=\"og:url\" content=\"https:\/\/ibecbarcelona.eu\/ca\/entrevista-a-jose-antonio-del-rio-al-programa-la-marato-dels-investigadors\/\" \/>\n<meta property=\"og:site_name\" content=\"Institute for Bioengineering of Catalonia\" \/>\n<meta property=\"article:published_time\" content=\"2019-07-15T14:03:03+00:00\" \/>\n<meta property=\"article:modified_time\" content=\"2019-07-15T14:05:26+00:00\" \/>\n<meta property=\"og:image\" content=\"https:\/\/ibecbarcelona.eu\/wp-content\/uploads\/2019\/07\/DelRio.jpg\" \/>\n\t<meta property=\"og:image:width\" content=\"1920\" \/>\n\t<meta property=\"og:image:height\" content=\"1080\" \/>\n\t<meta property=\"og:image:type\" content=\"image\/jpeg\" \/>\n<meta name=\"author\" content=\"\u00c0ngels L\u00f3pez\" \/>\n<meta name=\"twitter:card\" content=\"summary_large_image\" \/>\n<meta name=\"twitter:label1\" content=\"Escrit per\" \/>\n\t<meta name=\"twitter:data1\" content=\"\u00c0ngels L\u00f3pez\" \/>\n\t<meta name=\"twitter:label2\" content=\"Temps estimat de lectura\" \/>\n\t<meta name=\"twitter:data2\" content=\"1 minut\" \/>\n<script type=\"application\/ld+json\" class=\"yoast-schema-graph\">{\"@context\":\"https:\\\/\\\/schema.org\",\"@graph\":[{\"@type\":\"Article\",\"@id\":\"https:\\\/\\\/ibecbarcelona.eu\\\/ca\\\/entrevista-a-jose-antonio-del-rio-al-programa-la-marato-dels-investigadors\\\/#article\",\"isPartOf\":{\"@id\":\"https:\\\/\\\/ibecbarcelona.eu\\\/ca\\\/entrevista-a-jose-antonio-del-rio-al-programa-la-marato-dels-investigadors\\\/\"},\"author\":{\"name\":\"\u00c0ngels L\u00f3pez\",\"@id\":\"https:\\\/\\\/ibecbarcelona.eu\\\/#\\\/schema\\\/person\\\/c212c6b589546130be67986b9290e2b8\"},\"headline\":\"Entrevista a Jos\u00e9 Antonio del R\u00edo al programa &#8220;La Marat\u00f3 dels investigadors&#8221;\",\"datePublished\":\"2019-07-15T14:03:03+00:00\",\"dateModified\":\"2019-07-15T14:05:26+00:00\",\"mainEntityOfPage\":{\"@id\":\"https:\\\/\\\/ibecbarcelona.eu\\\/ca\\\/entrevista-a-jose-antonio-del-rio-al-programa-la-marato-dels-investigadors\\\/\"},\"wordCount\":241,\"publisher\":{\"@id\":\"https:\\\/\\\/ibecbarcelona.eu\\\/#organization\"},\"image\":{\"@id\":\"https:\\\/\\\/ibecbarcelona.eu\\\/ca\\\/entrevista-a-jose-antonio-del-rio-al-programa-la-marato-dels-investigadors\\\/#primaryimage\"},\"thumbnailUrl\":\"https:\\\/\\\/ibecbarcelona.eu\\\/wp-content\\\/uploads\\\/2019\\\/07\\\/DelRio.jpg\",\"keywords\":[\"Jos\u00e9 Antonio del R\u00edo\",\"Marat\u00f3\"],\"articleSection\":[\"IBEC als mitjans\"],\"inLanguage\":\"ca\"},{\"@type\":\"WebPage\",\"@id\":\"https:\\\/\\\/ibecbarcelona.eu\\\/ca\\\/entrevista-a-jose-antonio-del-rio-al-programa-la-marato-dels-investigadors\\\/\",\"url\":\"https:\\\/\\\/ibecbarcelona.eu\\\/ca\\\/entrevista-a-jose-antonio-del-rio-al-programa-la-marato-dels-investigadors\\\/\",\"name\":\"Entrevista a Jos\u00e9 Antonio del R\u00edo al programa \\\"La Marat\u00f3 dels investigadors\\\" - Institute for Bioengineering of Catalonia\",\"isPartOf\":{\"@id\":\"https:\\\/\\\/ibecbarcelona.eu\\\/#website\"},\"primaryImageOfPage\":{\"@id\":\"https:\\\/\\\/ibecbarcelona.eu\\\/ca\\\/entrevista-a-jose-antonio-del-rio-al-programa-la-marato-dels-investigadors\\\/#primaryimage\"},\"image\":{\"@id\":\"https:\\\/\\\/ibecbarcelona.eu\\\/ca\\\/entrevista-a-jose-antonio-del-rio-al-programa-la-marato-dels-investigadors\\\/#primaryimage\"},\"thumbnailUrl\":\"https:\\\/\\\/ibecbarcelona.eu\\\/wp-content\\\/uploads\\\/2019\\\/07\\\/DelRio.jpg\",\"datePublished\":\"2019-07-15T14:03:03+00:00\",\"dateModified\":\"2019-07-15T14:05:26+00:00\",\"breadcrumb\":{\"@id\":\"https:\\\/\\\/ibecbarcelona.eu\\\/ca\\\/entrevista-a-jose-antonio-del-rio-al-programa-la-marato-dels-investigadors\\\/#breadcrumb\"},\"inLanguage\":\"ca\",\"potentialAction\":[{\"@type\":\"ReadAction\",\"target\":[\"https:\\\/\\\/ibecbarcelona.eu\\\/ca\\\/entrevista-a-jose-antonio-del-rio-al-programa-la-marato-dels-investigadors\\\/\"]}]},{\"@type\":\"ImageObject\",\"inLanguage\":\"ca\",\"@id\":\"https:\\\/\\\/ibecbarcelona.eu\\\/ca\\\/entrevista-a-jose-antonio-del-rio-al-programa-la-marato-dels-investigadors\\\/#primaryimage\",\"url\":\"https:\\\/\\\/ibecbarcelona.eu\\\/wp-content\\\/uploads\\\/2019\\\/07\\\/DelRio.jpg\",\"contentUrl\":\"https:\\\/\\\/ibecbarcelona.eu\\\/wp-content\\\/uploads\\\/2019\\\/07\\\/DelRio.jpg\",\"width\":1920,\"height\":1080},{\"@type\":\"BreadcrumbList\",\"@id\":\"https:\\\/\\\/ibecbarcelona.eu\\\/ca\\\/entrevista-a-jose-antonio-del-rio-al-programa-la-marato-dels-investigadors\\\/#breadcrumb\",\"itemListElement\":[{\"@type\":\"ListItem\",\"position\":1,\"name\":\"Home\",\"item\":\"https:\\\/\\\/ibecbarcelona.eu\\\/ca\\\/\"},{\"@type\":\"ListItem\",\"position\":2,\"name\":\"Entrevista a Jos\u00e9 Antonio del R\u00edo al programa &#8220;La Marat\u00f3 dels investigadors&#8221;\"}]},{\"@type\":\"WebSite\",\"@id\":\"https:\\\/\\\/ibecbarcelona.eu\\\/#website\",\"url\":\"https:\\\/\\\/ibecbarcelona.eu\\\/\",\"name\":\"Institute for Bioengineering of Catalonia\",\"description\":\"Bioengineering Solutions for Health\",\"publisher\":{\"@id\":\"https:\\\/\\\/ibecbarcelona.eu\\\/#organization\"},\"potentialAction\":[{\"@type\":\"SearchAction\",\"target\":{\"@type\":\"EntryPoint\",\"urlTemplate\":\"https:\\\/\\\/ibecbarcelona.eu\\\/?s={search_term_string}\"},\"query-input\":{\"@type\":\"PropertyValueSpecification\",\"valueRequired\":true,\"valueName\":\"search_term_string\"}}],\"inLanguage\":\"ca\"},{\"@type\":\"Organization\",\"@id\":\"https:\\\/\\\/ibecbarcelona.eu\\\/#organization\",\"name\":\"Institute for Bioengineering of Catalonia\",\"url\":\"https:\\\/\\\/ibecbarcelona.eu\\\/\",\"logo\":{\"@type\":\"ImageObject\",\"inLanguage\":\"ca\",\"@id\":\"https:\\\/\\\/ibecbarcelona.eu\\\/#\\\/schema\\\/logo\\\/image\\\/\",\"url\":\"https:\\\/\\\/ibecbarcelona.eu\\\/wp-content\\\/uploads\\\/2026\\\/01\\\/cropped-IBEC_20ANYS_GRIS.png\",\"contentUrl\":\"https:\\\/\\\/ibecbarcelona.eu\\\/wp-content\\\/uploads\\\/2026\\\/01\\\/cropped-IBEC_20ANYS_GRIS.png\",\"width\":696,\"height\":257,\"caption\":\"Institute for Bioengineering of Catalonia\"},\"image\":{\"@id\":\"https:\\\/\\\/ibecbarcelona.eu\\\/#\\\/schema\\\/logo\\\/image\\\/\"}},{\"@type\":\"Person\",\"@id\":\"https:\\\/\\\/ibecbarcelona.eu\\\/#\\\/schema\\\/person\\\/c212c6b589546130be67986b9290e2b8\",\"name\":\"\u00c0ngels L\u00f3pez\",\"image\":{\"@type\":\"ImageObject\",\"inLanguage\":\"ca\",\"@id\":\"https:\\\/\\\/secure.gravatar.com\\\/avatar\\\/09ad6ba116bea0b15c5511860f83b302579fd7404c1180e9dae55c3f11d988c6?s=96&d=mm&r=g\",\"url\":\"https:\\\/\\\/secure.gravatar.com\\\/avatar\\\/09ad6ba116bea0b15c5511860f83b302579fd7404c1180e9dae55c3f11d988c6?s=96&d=mm&r=g\",\"contentUrl\":\"https:\\\/\\\/secure.gravatar.com\\\/avatar\\\/09ad6ba116bea0b15c5511860f83b302579fd7404c1180e9dae55c3f11d988c6?s=96&d=mm&r=g\",\"caption\":\"\u00c0ngels L\u00f3pez\"},\"url\":\"https:\\\/\\\/ibecbarcelona.eu\\\/ca\\\/author\\\/alopez\\\/\"}]}<\/script>\n<!-- \/ Yoast SEO plugin. -->","yoast_head_json":{"title":"Entrevista a Jos\u00e9 Antonio del R\u00edo al programa \"La Marat\u00f3 dels investigadors\" - Institute for Bioengineering of Catalonia","robots":{"index":"index","follow":"follow","max-snippet":"max-snippet:-1","max-image-preview":"max-image-preview:large","max-video-preview":"max-video-preview:-1"},"canonical":"https:\/\/ibecbarcelona.eu\/ca\/entrevista-a-jose-antonio-del-rio-al-programa-la-marato-dels-investigadors\/","og_locale":"ca_ES","og_type":"article","og_title":"Entrevista a Jos\u00e9 Antonio del R\u00edo al programa \"La Marat\u00f3 dels investigadors\" - Institute for Bioengineering of Catalonia","og_description":"El passat diumenge 14 de juliol, Jos\u00e9 Antonio del R\u00edo va ser entrevistat al programa \u201cLa marat\u00f3 dels investigadors\u201d per tancar el cicle de \u201cla Marat\u00f3 2013\u201d dedicat a les malalties neurodegeneratives, on el seu projecte de recerca va ser seleccionat per rebre finan\u00e7ament.","og_url":"https:\/\/ibecbarcelona.eu\/ca\/entrevista-a-jose-antonio-del-rio-al-programa-la-marato-dels-investigadors\/","og_site_name":"Institute for Bioengineering of Catalonia","article_published_time":"2019-07-15T14:03:03+00:00","article_modified_time":"2019-07-15T14:05:26+00:00","og_image":[{"width":1920,"height":1080,"url":"https:\/\/ibecbarcelona.eu\/wp-content\/uploads\/2019\/07\/DelRio.jpg","type":"image\/jpeg"}],"author":"\u00c0ngels L\u00f3pez","twitter_card":"summary_large_image","twitter_misc":{"Escrit per":"\u00c0ngels L\u00f3pez","Temps estimat de lectura":"1 minut"},"schema":{"@context":"https:\/\/schema.org","@graph":[{"@type":"Article","@id":"https:\/\/ibecbarcelona.eu\/ca\/entrevista-a-jose-antonio-del-rio-al-programa-la-marato-dels-investigadors\/#article","isPartOf":{"@id":"https:\/\/ibecbarcelona.eu\/ca\/entrevista-a-jose-antonio-del-rio-al-programa-la-marato-dels-investigadors\/"},"author":{"name":"\u00c0ngels L\u00f3pez","@id":"https:\/\/ibecbarcelona.eu\/#\/schema\/person\/c212c6b589546130be67986b9290e2b8"},"headline":"Entrevista a Jos\u00e9 Antonio del R\u00edo al programa &#8220;La Marat\u00f3 dels investigadors&#8221;","datePublished":"2019-07-15T14:03:03+00:00","dateModified":"2019-07-15T14:05:26+00:00","mainEntityOfPage":{"@id":"https:\/\/ibecbarcelona.eu\/ca\/entrevista-a-jose-antonio-del-rio-al-programa-la-marato-dels-investigadors\/"},"wordCount":241,"publisher":{"@id":"https:\/\/ibecbarcelona.eu\/#organization"},"image":{"@id":"https:\/\/ibecbarcelona.eu\/ca\/entrevista-a-jose-antonio-del-rio-al-programa-la-marato-dels-investigadors\/#primaryimage"},"thumbnailUrl":"https:\/\/ibecbarcelona.eu\/wp-content\/uploads\/2019\/07\/DelRio.jpg","keywords":["Jos\u00e9 Antonio del R\u00edo","Marat\u00f3"],"articleSection":["IBEC als mitjans"],"inLanguage":"ca"},{"@type":"WebPage","@id":"https:\/\/ibecbarcelona.eu\/ca\/entrevista-a-jose-antonio-del-rio-al-programa-la-marato-dels-investigadors\/","url":"https:\/\/ibecbarcelona.eu\/ca\/entrevista-a-jose-antonio-del-rio-al-programa-la-marato-dels-investigadors\/","name":"Entrevista a Jos\u00e9 Antonio del R\u00edo al programa \"La Marat\u00f3 dels investigadors\" - Institute for Bioengineering of Catalonia","isPartOf":{"@id":"https:\/\/ibecbarcelona.eu\/#website"},"primaryImageOfPage":{"@id":"https:\/\/ibecbarcelona.eu\/ca\/entrevista-a-jose-antonio-del-rio-al-programa-la-marato-dels-investigadors\/#primaryimage"},"image":{"@id":"https:\/\/ibecbarcelona.eu\/ca\/entrevista-a-jose-antonio-del-rio-al-programa-la-marato-dels-investigadors\/#primaryimage"},"thumbnailUrl":"https:\/\/ibecbarcelona.eu\/wp-content\/uploads\/2019\/07\/DelRio.jpg","datePublished":"2019-07-15T14:03:03+00:00","dateModified":"2019-07-15T14:05:26+00:00","breadcrumb":{"@id":"https:\/\/ibecbarcelona.eu\/ca\/entrevista-a-jose-antonio-del-rio-al-programa-la-marato-dels-investigadors\/#breadcrumb"},"inLanguage":"ca","potentialAction":[{"@type":"ReadAction","target":["https:\/\/ibecbarcelona.eu\/ca\/entrevista-a-jose-antonio-del-rio-al-programa-la-marato-dels-investigadors\/"]}]},{"@type":"ImageObject","inLanguage":"ca","@id":"https:\/\/ibecbarcelona.eu\/ca\/entrevista-a-jose-antonio-del-rio-al-programa-la-marato-dels-investigadors\/#primaryimage","url":"https:\/\/ibecbarcelona.eu\/wp-content\/uploads\/2019\/07\/DelRio.jpg","contentUrl":"https:\/\/ibecbarcelona.eu\/wp-content\/uploads\/2019\/07\/DelRio.jpg","width":1920,"height":1080},{"@type":"BreadcrumbList","@id":"https:\/\/ibecbarcelona.eu\/ca\/entrevista-a-jose-antonio-del-rio-al-programa-la-marato-dels-investigadors\/#breadcrumb","itemListElement":[{"@type":"ListItem","position":1,"name":"Home","item":"https:\/\/ibecbarcelona.eu\/ca\/"},{"@type":"ListItem","position":2,"name":"Entrevista a Jos\u00e9 Antonio del R\u00edo al programa &#8220;La Marat\u00f3 dels investigadors&#8221;"}]},{"@type":"WebSite","@id":"https:\/\/ibecbarcelona.eu\/#website","url":"https:\/\/ibecbarcelona.eu\/","name":"Institute for Bioengineering of Catalonia","description":"Bioengineering Solutions for Health","publisher":{"@id":"https:\/\/ibecbarcelona.eu\/#organization"},"potentialAction":[{"@type":"SearchAction","target":{"@type":"EntryPoint","urlTemplate":"https:\/\/ibecbarcelona.eu\/?s={search_term_string}"},"query-input":{"@type":"PropertyValueSpecification","valueRequired":true,"valueName":"search_term_string"}}],"inLanguage":"ca"},{"@type":"Organization","@id":"https:\/\/ibecbarcelona.eu\/#organization","name":"Institute for Bioengineering of Catalonia","url":"https:\/\/ibecbarcelona.eu\/","logo":{"@type":"ImageObject","inLanguage":"ca","@id":"https:\/\/ibecbarcelona.eu\/#\/schema\/logo\/image\/","url":"https:\/\/ibecbarcelona.eu\/wp-content\/uploads\/2026\/01\/cropped-IBEC_20ANYS_GRIS.png","contentUrl":"https:\/\/ibecbarcelona.eu\/wp-content\/uploads\/2026\/01\/cropped-IBEC_20ANYS_GRIS.png","width":696,"height":257,"caption":"Institute for Bioengineering of Catalonia"},"image":{"@id":"https:\/\/ibecbarcelona.eu\/#\/schema\/logo\/image\/"}},{"@type":"Person","@id":"https:\/\/ibecbarcelona.eu\/#\/schema\/person\/c212c6b589546130be67986b9290e2b8","name":"\u00c0ngels L\u00f3pez","image":{"@type":"ImageObject","inLanguage":"ca","@id":"https:\/\/secure.gravatar.com\/avatar\/09ad6ba116bea0b15c5511860f83b302579fd7404c1180e9dae55c3f11d988c6?s=96&d=mm&r=g","url":"https:\/\/secure.gravatar.com\/avatar\/09ad6ba116bea0b15c5511860f83b302579fd7404c1180e9dae55c3f11d988c6?s=96&d=mm&r=g","contentUrl":"https:\/\/secure.gravatar.com\/avatar\/09ad6ba116bea0b15c5511860f83b302579fd7404c1180e9dae55c3f11d988c6?s=96&d=mm&r=g","caption":"\u00c0ngels L\u00f3pez"},"url":"https:\/\/ibecbarcelona.eu\/ca\/author\/alopez\/"}]}},"AFP_featured_media_urls":{"full":["https:\/\/ibecbarcelona.eu\/wp-content\/uploads\/2019\/07\/DelRio.jpg",1920,1080,false],"thumbnail":["https:\/\/ibecbarcelona.eu\/wp-content\/uploads\/2019\/07\/DelRio-150x150.jpg",150,150,true],"medium":["https:\/\/ibecbarcelona.eu\/wp-content\/uploads\/2019\/07\/DelRio-300x169.jpg",300,169,true],"medium_large":["https:\/\/ibecbarcelona.eu\/wp-content\/uploads\/2019\/07\/DelRio-768x432.jpg",768,432,true],"large":["https:\/\/ibecbarcelona.eu\/wp-content\/uploads\/2019\/07\/DelRio-1024x576.jpg",1024,576,true]},"AFP_attachments":{"full":["https:\/\/ibecbarcelona.eu\/wp-content\/uploads\/2019\/07\/DelRio.jpg",1920,1080,false],"thumbnail":["https:\/\/ibecbarcelona.eu\/wp-content\/uploads\/2019\/07\/DelRio-150x150.jpg",150,150,true],"medium":["https:\/\/ibecbarcelona.eu\/wp-content\/uploads\/2019\/07\/DelRio-300x169.jpg",300,169,true],"medium_large":["https:\/\/ibecbarcelona.eu\/wp-content\/uploads\/2019\/07\/DelRio-768x432.jpg",768,432,true],"large":["https:\/\/ibecbarcelona.eu\/wp-content\/uploads\/2019\/07\/DelRio-1024x576.jpg",1024,576,true]},"AFP_videos":[],"AFP_video_blocks":"","AFP_category_names":["IBEC als mitjans"],"_links":{"self":[{"href":"https:\/\/ibecbarcelona.eu\/ca\/wp-json\/wp\/v2\/posts\/67228","targetHints":{"allow":["GET"]}}],"collection":[{"href":"https:\/\/ibecbarcelona.eu\/ca\/wp-json\/wp\/v2\/posts"}],"about":[{"href":"https:\/\/ibecbarcelona.eu\/ca\/wp-json\/wp\/v2\/types\/post"}],"author":[{"embeddable":true,"href":"https:\/\/ibecbarcelona.eu\/ca\/wp-json\/wp\/v2\/users\/4"}],"replies":[{"embeddable":true,"href":"https:\/\/ibecbarcelona.eu\/ca\/wp-json\/wp\/v2\/comments?post=67228"}],"version-history":[{"count":2,"href":"https:\/\/ibecbarcelona.eu\/ca\/wp-json\/wp\/v2\/posts\/67228\/revisions"}],"predecessor-version":[{"id":67234,"href":"https:\/\/ibecbarcelona.eu\/ca\/wp-json\/wp\/v2\/posts\/67228\/revisions\/67234"}],"wp:featuredmedia":[{"embeddable":true,"href":"https:\/\/ibecbarcelona.eu\/ca\/wp-json\/wp\/v2\/media\/67224"}],"wp:attachment":[{"href":"https:\/\/ibecbarcelona.eu\/ca\/wp-json\/wp\/v2\/media?parent=67228"}],"wp:term":[{"taxonomy":"category","embeddable":true,"href":"https:\/\/ibecbarcelona.eu\/ca\/wp-json\/wp\/v2\/categories?post=67228"},{"taxonomy":"post_tag","embeddable":true,"href":"https:\/\/ibecbarcelona.eu\/ca\/wp-json\/wp\/v2\/tags?post=67228"},{"taxonomy":"post_format","embeddable":true,"href":"https:\/\/ibecbarcelona.eu\/ca\/wp-json\/wp\/v2\/post_formats?post=67228"}],"curies":[{"name":"wp","href":"https:\/\/api.w.org\/{rel}","templated":true}]}}