
{"id":72330,"date":"2020-02-11T09:08:22","date_gmt":"2020-02-11T08:08:22","guid":{"rendered":"http:\/\/ibecbarcelona.eu\/?p=72330"},"modified":"2020-03-11T09:08:44","modified_gmt":"2020-03-11T08:08:44","slug":"libec-reivindica-a-les-aules-el-paper-de-la-dona-en-ciencia","status":"publish","type":"post","link":"https:\/\/ibecbarcelona.eu\/ca\/libec-reivindica-a-les-aules-el-paper-de-la-dona-en-ciencia\/","title":{"rendered":"L&#8217;IBEC reivindica a les aules el paper de la dona en ci\u00e8ncia"},"content":{"rendered":"<p>A tota Catalunya, cient\u00edfiques de diverses universitats, empreses i centres de recerca han ofert xerrades a un centenar d&#8217;escoles. Les investigadores de l&#8217;IBEC Silvia Pujals, Maria Arista, Marta Badia i Maria Guix, han participat avui en els actes organitzats en el marc de la iniciativa &#8220;100t\u00edfiques&#8221; que busca, no nom\u00e9s reivindicar el paper de la dona en ci\u00e8ncia sin\u00f3 que tamb\u00e9, incentivar vocacions cient\u00edfiques entre les m\u00e9s petites.<\/p>\n<p><a href=\"https:\/\/ibecbarcelona.eu\/ca\/el-ibec-reivindica-en-las-aulas-el-papel-de-la-mujer-en-la-ciencia\/bist_100tifiques_web\/#main\" rel=\"attachment wp-att-72323\"><img decoding=\"async\" class=\"size-full wp-image-72323 aligncenter lazyload\" data-src=\"https:\/\/ibecbarcelona.eu\/wp-content\/uploads\/2020\/03\/BIST_100TIFIQUES_web.jpg\" alt=\"\" width=\"500\" height=\"333\" data-srcset=\"https:\/\/ibecbarcelona.eu\/wp-content\/uploads\/2020\/03\/BIST_100TIFIQUES_web.jpg 500w, https:\/\/ibecbarcelona.eu\/wp-content\/uploads\/2020\/03\/BIST_100TIFIQUES_web-300x200.jpg 300w, https:\/\/ibecbarcelona.eu\/wp-content\/uploads\/2020\/03\/BIST_100TIFIQUES_web-150x100.jpg 150w\" data-sizes=\"(max-width: 500px) 100vw, 500px\" src=\"data:image\/svg+xml;base64,PHN2ZyB3aWR0aD0iMSIgaGVpZ2h0PSIxIiB4bWxucz0iaHR0cDovL3d3dy53My5vcmcvMjAwMC9zdmciPjwvc3ZnPg==\" style=\"--smush-placeholder-width: 500px; --smush-placeholder-aspect-ratio: 500\/333;\" \/><\/a><\/p>\n<p>Segons la UNESCO, actualment,\u00a0en l&#8217;\u00e0mbit global, nom\u00e9s un ter\u00e7 dels que es dediquen a la recerca\u00a0s\u00f3n\u00a0dones. En aquest sentit, a Catalunya nom\u00e9s hi ha un 20% de catedr\u00e0tiques i el percentatge de c\u00e0rrecs de responsabilitat ocupats per dones en els centres de recerca d&#8217;excel\u00b7l\u00e8ncia\u00a0\u00e9s\u00a0del 26%, el que posa en relleu que elles, malgrat estar sempre all\u00ed, en totes les ci\u00e8ncies i a tots els nivells, segueixen amagades.<\/p>\n<p>&nbsp;<\/p>\n<h3><strong>Refor\u00e7ant els vincles amb l\u2019escola Gayarre<\/strong><\/h3>\n<p>Aquest any, coincidint amb el &#8220;Dia Internacional de la Dona i la Nena en la Ci\u00e8ncia&#8221;, els alumnes de l&#8217;Escola\u00a0<span class=\"hiddenSpellError\">Gayarre<\/span>\u00a0de Sants, des de\u00a0<span class=\"hiddenSpellError\">p3<\/span>\u00a0fins a sis\u00e8 de prim\u00e0ria, han\u00a0gaudit\u00a0de la pres\u00e8ncia a l&#8217;aula de les investigadores Irene Marco,\u00a0<span class=\"hiddenSpellError\">Luc\u00eda<\/span>\u00a0Roman, Maria\u00a0<span class=\"hiddenSpellError\">Alejandra<\/span>\u00a0Ortega,\u00a0<span class=\"hiddenSpellError\">Mar\u00eda<\/span>\u00a0<span class=\"hiddenSpellError\">Blancas<\/span>, Elena\u00a0<span class=\"hiddenSpellError\">Lantero<\/span>,\u00a0<span class=\"hiddenSpellError\">Soledad<\/span>\u00a0<span class=\"hiddenSpellError\">Perez<\/span>,\u00a0<span class=\"hiddenGrammarError\">Maria<\/span>\u00a0Jos\u00e9 L\u00f3pez,\u00a0<span class=\"hiddenSpellError\">Yolanda<\/span>\u00a0Castillo, i\u00a0<span class=\"hiddenSpellError\">Rossella<\/span>\u00a0<span class=\"hiddenSpellError\">Castagna<\/span>, totes elles de l&#8217;<span class=\"hiddenSpellError\">IBEC<\/span>.<\/p>\n<p>L&#8217;Escola\u00a0<span class=\"hiddenSpellError\">Gayarre<\/span>\u00a0i l&#8217;<span class=\"hiddenSpellError\">IBEC<\/span>\u00a0col\u00b7laboren a trav\u00e9s del programa Magnet, una iniciativa que impulsen la Fundaci\u00f3 Jaume Bofill, el Departament d&#8217;Ensenyament, la Diputaci\u00f3 de Barcelona, el Consorci d&#8217;Educaci\u00f3 de Barcelona i l&#8217;Institut de Ci\u00e8ncies de l&#8217;Educaci\u00f3 de la UAB.<\/p>\n<p>El Magnet, que est\u00e0 inspirat en les &#8220;magnet\u00a0<span class=\"hiddenSpellError\">schools<\/span>&#8221; dels Estats Units, uneix centres educatius que tenen una composici\u00f3 social desequilibrada amb institucions d&#8217;excel\u00b7l\u00e8ncia amb l&#8217;objectiu de desenvolupar un projecte educatiu innovador que sigui de\u00a0refer\u00e8ncia\u00a0en el seu territori. En el marc d&#8217;aquesta\u00a0iniciativa, l&#8217;<span class=\"hiddenSpellError\">IBEC<\/span>\u00a0organitza diverses activitats dirigides al professorat amb l&#8217;objectiu d&#8217;apropar la ci\u00e8ncia als alumnes amb un enfocament m\u00e9s pr\u00e0ctic i did\u00e0ctic.<\/p>\n<p><a href=\"https:\/\/ibecbarcelona.eu\/ca\/el-ibec-reivindica-en-las-aulas-el-papel-de-la-mujer-en-la-ciencia\/dav\/#main\" rel=\"attachment wp-att-72320\"><img decoding=\"async\" class=\"wp-image-72320 size-full aligncenter lazyload\" data-src=\"https:\/\/ibecbarcelona.eu\/wp-content\/uploads\/2020\/03\/Gayarre.jpg\" alt=\"\" width=\"500\" height=\"375\" data-srcset=\"https:\/\/ibecbarcelona.eu\/wp-content\/uploads\/2020\/03\/Gayarre.jpg 500w, https:\/\/ibecbarcelona.eu\/wp-content\/uploads\/2020\/03\/Gayarre-300x225.jpg 300w, https:\/\/ibecbarcelona.eu\/wp-content\/uploads\/2020\/03\/Gayarre-150x113.jpg 150w\" data-sizes=\"(max-width: 500px) 100vw, 500px\" src=\"data:image\/svg+xml;base64,PHN2ZyB3aWR0aD0iMSIgaGVpZ2h0PSIxIiB4bWxucz0iaHR0cDovL3d3dy53My5vcmcvMjAwMC9zdmciPjwvc3ZnPg==\" style=\"--smush-placeholder-width: 500px; --smush-placeholder-aspect-ratio: 500\/375;\" \/><\/a><\/p>\n","protected":false},"excerpt":{"rendered":"<h3>En el marc del &#8220;Dia Internacional de la Dona i la Nena en la Ci\u00e8ncia&#8221; l&#8217;Institut de Bioenginyeria de Catalunya (IBEC) ha portat a les seves investigadores a les aules per a defendre el paper de la dona en la ci\u00e8ncia i incentivar vocacions cient\u00edfiques entre els m\u00e9s petits i petites.<\/h3>\n<p>Avui 11 de febrer, l&#8217;IBEC s&#8217;ha sumat a la iniciativa &#8220;100t\u00edfiques&#8221; que organitza la Fundaci\u00f3 Catalana per a la Recerca i la Innovaci\u00f3 (FCRi) conjuntament amb la Conselleria d&#8217;Educaci\u00f3 de la Generalitat per a reivindicar el paper de la dona en la ci\u00e8ncia.<\/p>\n","protected":false},"author":4,"featured_media":72321,"comment_status":"closed","ping_status":"closed","sticky":false,"template":"","format":"standard","meta":{"footnotes":""},"categories":[98],"tags":[875,874,1122,873],"post_formats":[],"class_list":["post-72330","post","type-post","status-publish","format-standard","has-post-thumbnail","hentry","category-noticies-institucionals","tag-100tifiques-ca","tag-dones-i-ciencia-ca","tag-irene-marco-rius-ca","tag-magnet-ca"],"yoast_head":"<!-- This site is optimized with the Yoast SEO plugin v27.4 - https:\/\/yoast.com\/product\/yoast-seo-wordpress\/ -->\n<title>L&#039;IBEC reivindica a les aules el paper de la dona en ci\u00e8ncia - Institute for Bioengineering of Catalonia<\/title>\n<meta name=\"robots\" content=\"index, follow, max-snippet:-1, max-image-preview:large, max-video-preview:-1\" \/>\n<link rel=\"canonical\" href=\"https:\/\/ibecbarcelona.eu\/ca\/libec-reivindica-a-les-aules-el-paper-de-la-dona-en-ciencia\/\" \/>\n<meta property=\"og:locale\" content=\"ca_ES\" \/>\n<meta property=\"og:type\" content=\"article\" \/>\n<meta property=\"og:title\" content=\"L&#039;IBEC reivindica a les aules el paper de la dona en ci\u00e8ncia - Institute for Bioengineering of Catalonia\" \/>\n<meta property=\"og:description\" content=\"En el marc del &quot;Dia Internacional de la Dona i la Nena en la Ci\u00e8ncia&quot; l&#039;Institut de Bioenginyeria de Catalunya (IBEC) ha portat a les seves investigadores a les aules per a defendre el paper de la dona en la ci\u00e8ncia i incentivar vocacions cient\u00edfiques entre els m\u00e9s petits i petites. Avui 11 de febrer, l&#039;IBEC s&#039;ha sumat a la iniciativa &quot;100t\u00edfiques&quot; que organitza la Fundaci\u00f3 Catalana per a la Recerca i la Innovaci\u00f3 (FCRi) conjuntament amb la Conselleria d&#039;Educaci\u00f3 de la Generalitat per a reivindicar el paper de la dona en la ci\u00e8ncia.\" \/>\n<meta property=\"og:url\" content=\"https:\/\/ibecbarcelona.eu\/ca\/libec-reivindica-a-les-aules-el-paper-de-la-dona-en-ciencia\/\" \/>\n<meta property=\"og:site_name\" content=\"Institute for Bioengineering of Catalonia\" \/>\n<meta property=\"article:published_time\" content=\"2020-02-11T08:08:22+00:00\" \/>\n<meta property=\"article:modified_time\" content=\"2020-03-11T08:08:44+00:00\" \/>\n<meta property=\"og:image\" content=\"https:\/\/ibecbarcelona.eu\/wp-content\/uploads\/2020\/03\/Gayarre.jpg\" \/>\n\t<meta property=\"og:image:width\" content=\"500\" \/>\n\t<meta property=\"og:image:height\" content=\"375\" \/>\n\t<meta property=\"og:image:type\" content=\"image\/jpeg\" \/>\n<meta name=\"author\" content=\"\u00c0ngels L\u00f3pez\" \/>\n<meta name=\"twitter:card\" content=\"summary_large_image\" \/>\n<meta name=\"twitter:label1\" content=\"Escrit per\" \/>\n\t<meta name=\"twitter:data1\" content=\"\u00c0ngels L\u00f3pez\" \/>\n\t<meta name=\"twitter:label2\" content=\"Temps estimat de lectura\" \/>\n\t<meta name=\"twitter:data2\" content=\"2 minuts\" \/>\n<script type=\"application\/ld+json\" class=\"yoast-schema-graph\">{\"@context\":\"https:\\\/\\\/schema.org\",\"@graph\":[{\"@type\":\"Article\",\"@id\":\"https:\\\/\\\/ibecbarcelona.eu\\\/ca\\\/libec-reivindica-a-les-aules-el-paper-de-la-dona-en-ciencia\\\/#article\",\"isPartOf\":{\"@id\":\"https:\\\/\\\/ibecbarcelona.eu\\\/ca\\\/libec-reivindica-a-les-aules-el-paper-de-la-dona-en-ciencia\\\/\"},\"author\":{\"name\":\"\u00c0ngels L\u00f3pez\",\"@id\":\"https:\\\/\\\/ibecbarcelona.eu\\\/#\\\/schema\\\/person\\\/c212c6b589546130be67986b9290e2b8\"},\"headline\":\"L&#8217;IBEC reivindica a les aules el paper de la dona en ci\u00e8ncia\",\"datePublished\":\"2020-02-11T08:08:22+00:00\",\"dateModified\":\"2020-03-11T08:08:44+00:00\",\"mainEntityOfPage\":{\"@id\":\"https:\\\/\\\/ibecbarcelona.eu\\\/ca\\\/libec-reivindica-a-les-aules-el-paper-de-la-dona-en-ciencia\\\/\"},\"wordCount\":362,\"publisher\":{\"@id\":\"https:\\\/\\\/ibecbarcelona.eu\\\/#organization\"},\"image\":{\"@id\":\"https:\\\/\\\/ibecbarcelona.eu\\\/ca\\\/libec-reivindica-a-les-aules-el-paper-de-la-dona-en-ciencia\\\/#primaryimage\"},\"thumbnailUrl\":\"https:\\\/\\\/ibecbarcelona.eu\\\/wp-content\\\/uploads\\\/2020\\\/03\\\/Gayarre.jpg\",\"keywords\":[\"100t\u00edfiques\",\"Dones i ci\u00e8ncia\",\"Irene Marco Rius\",\"Magnet\"],\"articleSection\":[\"Not\u00edcies institucionals\"],\"inLanguage\":\"ca\"},{\"@type\":\"WebPage\",\"@id\":\"https:\\\/\\\/ibecbarcelona.eu\\\/ca\\\/libec-reivindica-a-les-aules-el-paper-de-la-dona-en-ciencia\\\/\",\"url\":\"https:\\\/\\\/ibecbarcelona.eu\\\/ca\\\/libec-reivindica-a-les-aules-el-paper-de-la-dona-en-ciencia\\\/\",\"name\":\"L'IBEC reivindica a les aules el paper de la dona en ci\u00e8ncia - Institute for Bioengineering of Catalonia\",\"isPartOf\":{\"@id\":\"https:\\\/\\\/ibecbarcelona.eu\\\/#website\"},\"primaryImageOfPage\":{\"@id\":\"https:\\\/\\\/ibecbarcelona.eu\\\/ca\\\/libec-reivindica-a-les-aules-el-paper-de-la-dona-en-ciencia\\\/#primaryimage\"},\"image\":{\"@id\":\"https:\\\/\\\/ibecbarcelona.eu\\\/ca\\\/libec-reivindica-a-les-aules-el-paper-de-la-dona-en-ciencia\\\/#primaryimage\"},\"thumbnailUrl\":\"https:\\\/\\\/ibecbarcelona.eu\\\/wp-content\\\/uploads\\\/2020\\\/03\\\/Gayarre.jpg\",\"datePublished\":\"2020-02-11T08:08:22+00:00\",\"dateModified\":\"2020-03-11T08:08:44+00:00\",\"breadcrumb\":{\"@id\":\"https:\\\/\\\/ibecbarcelona.eu\\\/ca\\\/libec-reivindica-a-les-aules-el-paper-de-la-dona-en-ciencia\\\/#breadcrumb\"},\"inLanguage\":\"ca\",\"potentialAction\":[{\"@type\":\"ReadAction\",\"target\":[\"https:\\\/\\\/ibecbarcelona.eu\\\/ca\\\/libec-reivindica-a-les-aules-el-paper-de-la-dona-en-ciencia\\\/\"]}]},{\"@type\":\"ImageObject\",\"inLanguage\":\"ca\",\"@id\":\"https:\\\/\\\/ibecbarcelona.eu\\\/ca\\\/libec-reivindica-a-les-aules-el-paper-de-la-dona-en-ciencia\\\/#primaryimage\",\"url\":\"https:\\\/\\\/ibecbarcelona.eu\\\/wp-content\\\/uploads\\\/2020\\\/03\\\/Gayarre.jpg\",\"contentUrl\":\"https:\\\/\\\/ibecbarcelona.eu\\\/wp-content\\\/uploads\\\/2020\\\/03\\\/Gayarre.jpg\",\"width\":500,\"height\":375,\"caption\":\"dav\"},{\"@type\":\"BreadcrumbList\",\"@id\":\"https:\\\/\\\/ibecbarcelona.eu\\\/ca\\\/libec-reivindica-a-les-aules-el-paper-de-la-dona-en-ciencia\\\/#breadcrumb\",\"itemListElement\":[{\"@type\":\"ListItem\",\"position\":1,\"name\":\"Home\",\"item\":\"https:\\\/\\\/ibecbarcelona.eu\\\/ca\\\/\"},{\"@type\":\"ListItem\",\"position\":2,\"name\":\"L&#8217;IBEC reivindica a les aules el paper de la dona en ci\u00e8ncia\"}]},{\"@type\":\"WebSite\",\"@id\":\"https:\\\/\\\/ibecbarcelona.eu\\\/#website\",\"url\":\"https:\\\/\\\/ibecbarcelona.eu\\\/\",\"name\":\"Institute for Bioengineering of Catalonia\",\"description\":\"Bioengineering Solutions for Health\",\"publisher\":{\"@id\":\"https:\\\/\\\/ibecbarcelona.eu\\\/#organization\"},\"potentialAction\":[{\"@type\":\"SearchAction\",\"target\":{\"@type\":\"EntryPoint\",\"urlTemplate\":\"https:\\\/\\\/ibecbarcelona.eu\\\/?s={search_term_string}\"},\"query-input\":{\"@type\":\"PropertyValueSpecification\",\"valueRequired\":true,\"valueName\":\"search_term_string\"}}],\"inLanguage\":\"ca\"},{\"@type\":\"Organization\",\"@id\":\"https:\\\/\\\/ibecbarcelona.eu\\\/#organization\",\"name\":\"Institute for Bioengineering of Catalonia\",\"url\":\"https:\\\/\\\/ibecbarcelona.eu\\\/\",\"logo\":{\"@type\":\"ImageObject\",\"inLanguage\":\"ca\",\"@id\":\"https:\\\/\\\/ibecbarcelona.eu\\\/#\\\/schema\\\/logo\\\/image\\\/\",\"url\":\"https:\\\/\\\/ibecbarcelona.eu\\\/wp-content\\\/uploads\\\/2026\\\/01\\\/cropped-IBEC_20ANYS_GRIS.png\",\"contentUrl\":\"https:\\\/\\\/ibecbarcelona.eu\\\/wp-content\\\/uploads\\\/2026\\\/01\\\/cropped-IBEC_20ANYS_GRIS.png\",\"width\":696,\"height\":257,\"caption\":\"Institute for Bioengineering of Catalonia\"},\"image\":{\"@id\":\"https:\\\/\\\/ibecbarcelona.eu\\\/#\\\/schema\\\/logo\\\/image\\\/\"}},{\"@type\":\"Person\",\"@id\":\"https:\\\/\\\/ibecbarcelona.eu\\\/#\\\/schema\\\/person\\\/c212c6b589546130be67986b9290e2b8\",\"name\":\"\u00c0ngels L\u00f3pez\",\"image\":{\"@type\":\"ImageObject\",\"inLanguage\":\"ca\",\"@id\":\"https:\\\/\\\/secure.gravatar.com\\\/avatar\\\/09ad6ba116bea0b15c5511860f83b302579fd7404c1180e9dae55c3f11d988c6?s=96&d=mm&r=g\",\"url\":\"https:\\\/\\\/secure.gravatar.com\\\/avatar\\\/09ad6ba116bea0b15c5511860f83b302579fd7404c1180e9dae55c3f11d988c6?s=96&d=mm&r=g\",\"contentUrl\":\"https:\\\/\\\/secure.gravatar.com\\\/avatar\\\/09ad6ba116bea0b15c5511860f83b302579fd7404c1180e9dae55c3f11d988c6?s=96&d=mm&r=g\",\"caption\":\"\u00c0ngels L\u00f3pez\"},\"url\":\"https:\\\/\\\/ibecbarcelona.eu\\\/ca\\\/author\\\/alopez\\\/\"}]}<\/script>\n<!-- \/ Yoast SEO plugin. -->","yoast_head_json":{"title":"L'IBEC reivindica a les aules el paper de la dona en ci\u00e8ncia - Institute for Bioengineering of Catalonia","robots":{"index":"index","follow":"follow","max-snippet":"max-snippet:-1","max-image-preview":"max-image-preview:large","max-video-preview":"max-video-preview:-1"},"canonical":"https:\/\/ibecbarcelona.eu\/ca\/libec-reivindica-a-les-aules-el-paper-de-la-dona-en-ciencia\/","og_locale":"ca_ES","og_type":"article","og_title":"L'IBEC reivindica a les aules el paper de la dona en ci\u00e8ncia - Institute for Bioengineering of Catalonia","og_description":"En el marc del \"Dia Internacional de la Dona i la Nena en la Ci\u00e8ncia\" l'Institut de Bioenginyeria de Catalunya (IBEC) ha portat a les seves investigadores a les aules per a defendre el paper de la dona en la ci\u00e8ncia i incentivar vocacions cient\u00edfiques entre els m\u00e9s petits i petites. Avui 11 de febrer, l'IBEC s'ha sumat a la iniciativa \"100t\u00edfiques\" que organitza la Fundaci\u00f3 Catalana per a la Recerca i la Innovaci\u00f3 (FCRi) conjuntament amb la Conselleria d'Educaci\u00f3 de la Generalitat per a reivindicar el paper de la dona en la ci\u00e8ncia.","og_url":"https:\/\/ibecbarcelona.eu\/ca\/libec-reivindica-a-les-aules-el-paper-de-la-dona-en-ciencia\/","og_site_name":"Institute for Bioengineering of Catalonia","article_published_time":"2020-02-11T08:08:22+00:00","article_modified_time":"2020-03-11T08:08:44+00:00","og_image":[{"width":500,"height":375,"url":"https:\/\/ibecbarcelona.eu\/wp-content\/uploads\/2020\/03\/Gayarre.jpg","type":"image\/jpeg"}],"author":"\u00c0ngels L\u00f3pez","twitter_card":"summary_large_image","twitter_misc":{"Escrit per":"\u00c0ngels L\u00f3pez","Temps estimat de lectura":"2 minuts"},"schema":{"@context":"https:\/\/schema.org","@graph":[{"@type":"Article","@id":"https:\/\/ibecbarcelona.eu\/ca\/libec-reivindica-a-les-aules-el-paper-de-la-dona-en-ciencia\/#article","isPartOf":{"@id":"https:\/\/ibecbarcelona.eu\/ca\/libec-reivindica-a-les-aules-el-paper-de-la-dona-en-ciencia\/"},"author":{"name":"\u00c0ngels L\u00f3pez","@id":"https:\/\/ibecbarcelona.eu\/#\/schema\/person\/c212c6b589546130be67986b9290e2b8"},"headline":"L&#8217;IBEC reivindica a les aules el paper de la dona en ci\u00e8ncia","datePublished":"2020-02-11T08:08:22+00:00","dateModified":"2020-03-11T08:08:44+00:00","mainEntityOfPage":{"@id":"https:\/\/ibecbarcelona.eu\/ca\/libec-reivindica-a-les-aules-el-paper-de-la-dona-en-ciencia\/"},"wordCount":362,"publisher":{"@id":"https:\/\/ibecbarcelona.eu\/#organization"},"image":{"@id":"https:\/\/ibecbarcelona.eu\/ca\/libec-reivindica-a-les-aules-el-paper-de-la-dona-en-ciencia\/#primaryimage"},"thumbnailUrl":"https:\/\/ibecbarcelona.eu\/wp-content\/uploads\/2020\/03\/Gayarre.jpg","keywords":["100t\u00edfiques","Dones i ci\u00e8ncia","Irene Marco Rius","Magnet"],"articleSection":["Not\u00edcies institucionals"],"inLanguage":"ca"},{"@type":"WebPage","@id":"https:\/\/ibecbarcelona.eu\/ca\/libec-reivindica-a-les-aules-el-paper-de-la-dona-en-ciencia\/","url":"https:\/\/ibecbarcelona.eu\/ca\/libec-reivindica-a-les-aules-el-paper-de-la-dona-en-ciencia\/","name":"L'IBEC reivindica a les aules el paper de la dona en ci\u00e8ncia - Institute for Bioengineering of Catalonia","isPartOf":{"@id":"https:\/\/ibecbarcelona.eu\/#website"},"primaryImageOfPage":{"@id":"https:\/\/ibecbarcelona.eu\/ca\/libec-reivindica-a-les-aules-el-paper-de-la-dona-en-ciencia\/#primaryimage"},"image":{"@id":"https:\/\/ibecbarcelona.eu\/ca\/libec-reivindica-a-les-aules-el-paper-de-la-dona-en-ciencia\/#primaryimage"},"thumbnailUrl":"https:\/\/ibecbarcelona.eu\/wp-content\/uploads\/2020\/03\/Gayarre.jpg","datePublished":"2020-02-11T08:08:22+00:00","dateModified":"2020-03-11T08:08:44+00:00","breadcrumb":{"@id":"https:\/\/ibecbarcelona.eu\/ca\/libec-reivindica-a-les-aules-el-paper-de-la-dona-en-ciencia\/#breadcrumb"},"inLanguage":"ca","potentialAction":[{"@type":"ReadAction","target":["https:\/\/ibecbarcelona.eu\/ca\/libec-reivindica-a-les-aules-el-paper-de-la-dona-en-ciencia\/"]}]},{"@type":"ImageObject","inLanguage":"ca","@id":"https:\/\/ibecbarcelona.eu\/ca\/libec-reivindica-a-les-aules-el-paper-de-la-dona-en-ciencia\/#primaryimage","url":"https:\/\/ibecbarcelona.eu\/wp-content\/uploads\/2020\/03\/Gayarre.jpg","contentUrl":"https:\/\/ibecbarcelona.eu\/wp-content\/uploads\/2020\/03\/Gayarre.jpg","width":500,"height":375,"caption":"dav"},{"@type":"BreadcrumbList","@id":"https:\/\/ibecbarcelona.eu\/ca\/libec-reivindica-a-les-aules-el-paper-de-la-dona-en-ciencia\/#breadcrumb","itemListElement":[{"@type":"ListItem","position":1,"name":"Home","item":"https:\/\/ibecbarcelona.eu\/ca\/"},{"@type":"ListItem","position":2,"name":"L&#8217;IBEC reivindica a les aules el paper de la dona en ci\u00e8ncia"}]},{"@type":"WebSite","@id":"https:\/\/ibecbarcelona.eu\/#website","url":"https:\/\/ibecbarcelona.eu\/","name":"Institute for Bioengineering of Catalonia","description":"Bioengineering Solutions for Health","publisher":{"@id":"https:\/\/ibecbarcelona.eu\/#organization"},"potentialAction":[{"@type":"SearchAction","target":{"@type":"EntryPoint","urlTemplate":"https:\/\/ibecbarcelona.eu\/?s={search_term_string}"},"query-input":{"@type":"PropertyValueSpecification","valueRequired":true,"valueName":"search_term_string"}}],"inLanguage":"ca"},{"@type":"Organization","@id":"https:\/\/ibecbarcelona.eu\/#organization","name":"Institute for Bioengineering of Catalonia","url":"https:\/\/ibecbarcelona.eu\/","logo":{"@type":"ImageObject","inLanguage":"ca","@id":"https:\/\/ibecbarcelona.eu\/#\/schema\/logo\/image\/","url":"https:\/\/ibecbarcelona.eu\/wp-content\/uploads\/2026\/01\/cropped-IBEC_20ANYS_GRIS.png","contentUrl":"https:\/\/ibecbarcelona.eu\/wp-content\/uploads\/2026\/01\/cropped-IBEC_20ANYS_GRIS.png","width":696,"height":257,"caption":"Institute for Bioengineering of Catalonia"},"image":{"@id":"https:\/\/ibecbarcelona.eu\/#\/schema\/logo\/image\/"}},{"@type":"Person","@id":"https:\/\/ibecbarcelona.eu\/#\/schema\/person\/c212c6b589546130be67986b9290e2b8","name":"\u00c0ngels L\u00f3pez","image":{"@type":"ImageObject","inLanguage":"ca","@id":"https:\/\/secure.gravatar.com\/avatar\/09ad6ba116bea0b15c5511860f83b302579fd7404c1180e9dae55c3f11d988c6?s=96&d=mm&r=g","url":"https:\/\/secure.gravatar.com\/avatar\/09ad6ba116bea0b15c5511860f83b302579fd7404c1180e9dae55c3f11d988c6?s=96&d=mm&r=g","contentUrl":"https:\/\/secure.gravatar.com\/avatar\/09ad6ba116bea0b15c5511860f83b302579fd7404c1180e9dae55c3f11d988c6?s=96&d=mm&r=g","caption":"\u00c0ngels L\u00f3pez"},"url":"https:\/\/ibecbarcelona.eu\/ca\/author\/alopez\/"}]}},"AFP_featured_media_urls":{"full":["https:\/\/ibecbarcelona.eu\/wp-content\/uploads\/2020\/03\/Gayarre.jpg",500,375,false],"thumbnail":["https:\/\/ibecbarcelona.eu\/wp-content\/uploads\/2020\/03\/Gayarre-150x150.jpg",150,150,true],"medium":["https:\/\/ibecbarcelona.eu\/wp-content\/uploads\/2020\/03\/Gayarre-300x225.jpg",300,225,true],"medium_large":["https:\/\/ibecbarcelona.eu\/wp-content\/uploads\/2020\/03\/Gayarre.jpg",500,375,false],"large":["https:\/\/ibecbarcelona.eu\/wp-content\/uploads\/2020\/03\/Gayarre.jpg",500,375,false]},"AFP_attachments":{"full":["https:\/\/ibecbarcelona.eu\/wp-content\/uploads\/2020\/03\/Gayarre.jpg",500,375,false],"thumbnail":["https:\/\/ibecbarcelona.eu\/wp-content\/uploads\/2020\/03\/Gayarre-150x150.jpg",150,150,true],"medium":["https:\/\/ibecbarcelona.eu\/wp-content\/uploads\/2020\/03\/Gayarre-300x225.jpg",300,225,true],"medium_large":["https:\/\/ibecbarcelona.eu\/wp-content\/uploads\/2020\/03\/Gayarre.jpg",500,375,false],"large":["https:\/\/ibecbarcelona.eu\/wp-content\/uploads\/2020\/03\/Gayarre.jpg",500,375,false]},"AFP_videos":[],"AFP_video_blocks":"","AFP_category_names":["Not\u00edcies institucionals"],"_links":{"self":[{"href":"https:\/\/ibecbarcelona.eu\/ca\/wp-json\/wp\/v2\/posts\/72330","targetHints":{"allow":["GET"]}}],"collection":[{"href":"https:\/\/ibecbarcelona.eu\/ca\/wp-json\/wp\/v2\/posts"}],"about":[{"href":"https:\/\/ibecbarcelona.eu\/ca\/wp-json\/wp\/v2\/types\/post"}],"author":[{"embeddable":true,"href":"https:\/\/ibecbarcelona.eu\/ca\/wp-json\/wp\/v2\/users\/4"}],"replies":[{"embeddable":true,"href":"https:\/\/ibecbarcelona.eu\/ca\/wp-json\/wp\/v2\/comments?post=72330"}],"version-history":[{"count":4,"href":"https:\/\/ibecbarcelona.eu\/ca\/wp-json\/wp\/v2\/posts\/72330\/revisions"}],"predecessor-version":[{"id":72360,"href":"https:\/\/ibecbarcelona.eu\/ca\/wp-json\/wp\/v2\/posts\/72330\/revisions\/72360"}],"wp:featuredmedia":[{"embeddable":true,"href":"https:\/\/ibecbarcelona.eu\/ca\/wp-json\/wp\/v2\/media\/72321"}],"wp:attachment":[{"href":"https:\/\/ibecbarcelona.eu\/ca\/wp-json\/wp\/v2\/media?parent=72330"}],"wp:term":[{"taxonomy":"category","embeddable":true,"href":"https:\/\/ibecbarcelona.eu\/ca\/wp-json\/wp\/v2\/categories?post=72330"},{"taxonomy":"post_tag","embeddable":true,"href":"https:\/\/ibecbarcelona.eu\/ca\/wp-json\/wp\/v2\/tags?post=72330"},{"taxonomy":"post_format","embeddable":true,"href":"https:\/\/ibecbarcelona.eu\/ca\/wp-json\/wp\/v2\/post_formats?post=72330"}],"curies":[{"name":"wp","href":"https:\/\/api.w.org\/{rel}","templated":true}]}}